{"id":9987,"date":"2025-09-18T11:37:22","date_gmt":"2025-09-18T14:37:22","guid":{"rendered":"https:\/\/oficialnoticias.com\/?p=9987"},"modified":"2025-09-18T11:37:26","modified_gmt":"2025-09-18T14:37:26","slug":"flavio-dino-abre-inquerito-contra-bolsonaro-e-filhos-por-gestao-na-pandemia-de-covid","status":"publish","type":"post","link":"https:\/\/oficialnoticias.com\/?p=9987","title":{"rendered":"Fl\u00e1vio Dino abre inqu\u00e9rito contra Bolsonaro e filhos por gest\u00e3o na pandemia de Covid"},"content":{"rendered":"<p><\/p>\n<div>\n<p>O ministro <b>Fl\u00e1vio Dino<\/b>, do Supremo Tribunal Federal (STF), abriu inqu\u00e9rito contra o ex-presidente <b>Jair Bolsonaro (PL)<\/b> e 23 aliados com base no relat\u00f3rio Comiss\u00e3o Parlamentar de Inqu\u00e9rito da Covid-19, de 2021.<\/p>\n<p>De acordo com o ministro, foram identificados ind\u00edcios de crimes contra a administra\u00e7\u00e3o p\u00fablica em contratos, fraudes em licita\u00e7\u00f5es, superfaturamento e desvio de recursos p\u00fablicos. Ele deu um prazo inicial de 60 dias para a investiga\u00e7\u00e3o, que ser\u00e1 conduzida pela Pol\u00edcia Federal (PF). <\/p>\n<p>\u201cA investiga\u00e7\u00e3o parlamentar apontou ind\u00edcios de crimes contra a Administra\u00e7\u00e3o P\u00fablica, notadamente em contratos, fraudes em licita\u00e7\u00f5es, superfaturamentos, desvio de recursos p\u00fablicos, assinatura de contratos com empresas de \u2018fachada\u2019 para presta\u00e7\u00e3o de servi\u00e7os gen\u00e9ricos ou fict\u00edcios, dentre outros il\u00edcitos mencionados no relat\u00f3rio da CPI\u201d, escreveu Dino, em decis\u00e3o de quarta-feira (17).<\/p>\n<p><bsp-list-loadmore class=\"PageListStandardG\" data-module=\"\" data-show-loadmore=\"true\" data-list-title-size=\"3\" data-list-description-size=\"3\"><\/p>\n<p>    <a class=\"AnchorLink\" title=\"leia-tambem\" name=\"leia-tambem\"\/><\/p>\n<p><\/bsp-list-loadmore><\/p>\n<p>Tamb\u00e9m ser\u00e3o alvos da investiga\u00e7\u00e3o tr\u00eas dos filhos de Bolsonaro:<\/p>\n<ul>\n<li>Senador Fl\u00e1vio Bolsonaro (PL-RJ)<\/li>\n<li>Deputado federal licenciado Eduardo Bolsonaro (PL-SP)<\/li>\n<li>Vereador Carlos Bolsonaro (PL-RJ) <\/li>\n<\/ul>\n<p>As deputadas federais Carla Zambelli (PL-SP) e Bia Kicis (PL-DF) e os ex-ministros Onyx Lorenzoni, Ernesto Ara\u00fajo e Ricardo Barros, tamb\u00e9m est\u00e3o inclu\u00eddos. <\/p>\n<p>O caso chegou ao STF em novembro de 2021, ap\u00f3s a CPI. Inicialmente sob relatoria de Lu\u00eds Roberto Barroso, passou para Rosa Weber quando ele assumiu a presid\u00eancia da Corte. Com a aposentadoria de Weber, a peti\u00e7\u00e3o foi redistribu\u00edda para Fl\u00e1vio Dino.<\/p>\n<\/p><\/div>\n<p><script>\n  window.fbAsyncInit = function() {\n      FB.init({\n              appId : '1447052969554341',\n          xfbml : true,\n          version : 'v2.9'\n      });\n  };\n  (function(d, s, id){\n     var js, fjs = d.getElementsByTagName(s)[0];\n     if (d.getElementById(id)) {return;}\n     js = d.createElement(s); js.id = id;\n     js.src = \"https:\/\/connect.facebook.net\/en_US\/sdk.js\";\n     fjs.parentNode.insertBefore(js, fjs);\n   }(document, 'script', 'facebook-jssdk'));\n<\/script><\/p>\n","protected":false},"excerpt":{"rendered":"<p>O ministro Fl\u00e1vio Dino, do Supremo Tribunal Federal (STF), abriu inqu\u00e9rito contra o ex-presidente Jair Bolsonaro (PL) e 23 aliados com base no relat\u00f3rio Comiss\u00e3o Parlamentar de Inqu\u00e9rito da Covid-19, de 2021. De acordo com o ministro, foram identificados ind\u00edcios de crimes contra a administra\u00e7\u00e3o p\u00fablica em contratos, fraudes em licita\u00e7\u00f5es, superfaturamento e desvio de&#8230;<\/p>\n","protected":false},"author":2,"featured_media":9988,"comment_status":"open","ping_status":"open","sticky":false,"template":"","format":"standard","meta":{"footnotes":""},"categories":[24],"tags":[],"class_list":["post-9987","post","type-post","status-publish","format-standard","has-post-thumbnail","hentry","category-politica"],"yoast_head":"<!-- This site is optimized with the Yoast SEO plugin v27.3 - https:\/\/yoast.com\/product\/yoast-seo-wordpress\/ -->\n<title>Fl\u00e1vio Dino abre inqu\u00e9rito contra Bolsonaro e filhos por gest\u00e3o na pandemia de Covid -<\/title>\n<meta name=\"robots\" content=\"index, follow, max-snippet:-1, max-image-preview:large, max-video-preview:-1\" \/>\n<link rel=\"canonical\" href=\"https:\/\/oficialnoticias.com\/?p=9987\" \/>\n<meta property=\"og:locale\" content=\"pt_BR\" \/>\n<meta property=\"og:type\" content=\"article\" \/>\n<meta property=\"og:title\" content=\"Fl\u00e1vio Dino abre inqu\u00e9rito contra Bolsonaro e filhos por gest\u00e3o na pandemia de Covid -\" \/>\n<meta property=\"og:description\" content=\"O ministro Fl\u00e1vio Dino, do Supremo Tribunal Federal (STF), abriu inqu\u00e9rito contra o ex-presidente Jair Bolsonaro (PL) e 23 aliados com base no relat\u00f3rio Comiss\u00e3o Parlamentar de Inqu\u00e9rito da Covid-19, de 2021. De acordo com o ministro, foram identificados ind\u00edcios de crimes contra a administra\u00e7\u00e3o p\u00fablica em contratos, fraudes em licita\u00e7\u00f5es, superfaturamento e desvio de...\" \/>\n<meta property=\"og:url\" content=\"https:\/\/oficialnoticias.com\/?p=9987\" \/>\n<meta property=\"article:published_time\" content=\"2025-09-18T14:37:22+00:00\" \/>\n<meta property=\"article:modified_time\" content=\"2025-09-18T14:37:26+00:00\" \/>\n<meta property=\"og:image\" content=\"https:\/\/oficialnoticias.com\/wp-content\/uploads\/2025\/09\/urlhttps3A2F2Fk2-prod-radio-itatiaia.s3.us-east-1.amazonaws.com2Fbrightspot2F202Fc82F5511be.webp\" \/>\n\t<meta property=\"og:image:width\" content=\"1200\" \/>\n\t<meta property=\"og:image:height\" content=\"630\" \/>\n\t<meta property=\"og:image:type\" content=\"image\/webp\" \/>\n<meta name=\"author\" content=\"Luana Gon\u00e7alves\" \/>\n<meta name=\"twitter:card\" content=\"summary_large_image\" \/>\n<meta name=\"twitter:label1\" content=\"Escrito por\" \/>\n\t<meta name=\"twitter:data1\" content=\"Luana Gon\u00e7alves\" \/>\n\t<meta name=\"twitter:label2\" content=\"Est. tempo de leitura\" \/>\n\t<meta name=\"twitter:data2\" content=\"1 minuto\" \/>\n<script type=\"application\/ld+json\" class=\"yoast-schema-graph\">{\"@context\":\"https:\\\/\\\/schema.org\",\"@graph\":[{\"@type\":\"Article\",\"@id\":\"https:\\\/\\\/oficialnoticias.com\\\/?p=9987#article\",\"isPartOf\":{\"@id\":\"https:\\\/\\\/oficialnoticias.com\\\/?p=9987\"},\"author\":{\"name\":\"Luana Gon\u00e7alves\",\"@id\":\"https:\\\/\\\/oficialnoticias.com\\\/#\\\/schema\\\/person\\\/2d1dcbb6bfbc28d68171b4dc04723d4a\"},\"headline\":\"Fl\u00e1vio Dino abre inqu\u00e9rito contra Bolsonaro e filhos por gest\u00e3o na pandemia de Covid\",\"datePublished\":\"2025-09-18T14:37:22+00:00\",\"dateModified\":\"2025-09-18T14:37:26+00:00\",\"mainEntityOfPage\":{\"@id\":\"https:\\\/\\\/oficialnoticias.com\\\/?p=9987\"},\"wordCount\":267,\"commentCount\":0,\"publisher\":{\"@id\":\"https:\\\/\\\/oficialnoticias.com\\\/#organization\"},\"image\":{\"@id\":\"https:\\\/\\\/oficialnoticias.com\\\/?p=9987#primaryimage\"},\"thumbnailUrl\":\"https:\\\/\\\/oficialnoticias.com\\\/wp-content\\\/uploads\\\/2025\\\/09\\\/urlhttps3A2F2Fk2-prod-radio-itatiaia.s3.us-east-1.amazonaws.com2Fbrightspot2F202Fc82F5511be.webp\",\"articleSection\":[\"Politica\"],\"inLanguage\":\"pt-BR\",\"potentialAction\":[{\"@type\":\"CommentAction\",\"name\":\"Comment\",\"target\":[\"https:\\\/\\\/oficialnoticias.com\\\/?p=9987#respond\"]}]},{\"@type\":\"WebPage\",\"@id\":\"https:\\\/\\\/oficialnoticias.com\\\/?p=9987\",\"url\":\"https:\\\/\\\/oficialnoticias.com\\\/?p=9987\",\"name\":\"Fl\u00e1vio Dino abre inqu\u00e9rito contra Bolsonaro e filhos por gest\u00e3o na pandemia de Covid -\",\"isPartOf\":{\"@id\":\"https:\\\/\\\/oficialnoticias.com\\\/#website\"},\"primaryImageOfPage\":{\"@id\":\"https:\\\/\\\/oficialnoticias.com\\\/?p=9987#primaryimage\"},\"image\":{\"@id\":\"https:\\\/\\\/oficialnoticias.com\\\/?p=9987#primaryimage\"},\"thumbnailUrl\":\"https:\\\/\\\/oficialnoticias.com\\\/wp-content\\\/uploads\\\/2025\\\/09\\\/urlhttps3A2F2Fk2-prod-radio-itatiaia.s3.us-east-1.amazonaws.com2Fbrightspot2F202Fc82F5511be.webp\",\"datePublished\":\"2025-09-18T14:37:22+00:00\",\"dateModified\":\"2025-09-18T14:37:26+00:00\",\"breadcrumb\":{\"@id\":\"https:\\\/\\\/oficialnoticias.com\\\/?p=9987#breadcrumb\"},\"inLanguage\":\"pt-BR\",\"potentialAction\":[{\"@type\":\"ReadAction\",\"target\":[\"https:\\\/\\\/oficialnoticias.com\\\/?p=9987\"]}]},{\"@type\":\"ImageObject\",\"inLanguage\":\"pt-BR\",\"@id\":\"https:\\\/\\\/oficialnoticias.com\\\/?p=9987#primaryimage\",\"url\":\"https:\\\/\\\/oficialnoticias.com\\\/wp-content\\\/uploads\\\/2025\\\/09\\\/urlhttps3A2F2Fk2-prod-radio-itatiaia.s3.us-east-1.amazonaws.com2Fbrightspot2F202Fc82F5511be.webp\",\"contentUrl\":\"https:\\\/\\\/oficialnoticias.com\\\/wp-content\\\/uploads\\\/2025\\\/09\\\/urlhttps3A2F2Fk2-prod-radio-itatiaia.s3.us-east-1.amazonaws.com2Fbrightspot2F202Fc82F5511be.webp\",\"width\":1200,\"height\":630},{\"@type\":\"BreadcrumbList\",\"@id\":\"https:\\\/\\\/oficialnoticias.com\\\/?p=9987#breadcrumb\",\"itemListElement\":[{\"@type\":\"ListItem\",\"position\":1,\"name\":\"In\u00edcio\",\"item\":\"https:\\\/\\\/oficialnoticias.com\\\/\"},{\"@type\":\"ListItem\",\"position\":2,\"name\":\"Fl\u00e1vio Dino abre inqu\u00e9rito contra Bolsonaro e filhos por gest\u00e3o na pandemia de Covid\"}]},{\"@type\":\"WebSite\",\"@id\":\"https:\\\/\\\/oficialnoticias.com\\\/#website\",\"url\":\"https:\\\/\\\/oficialnoticias.com\\\/\",\"name\":\"oficial Noticias\",\"description\":\"\",\"publisher\":{\"@id\":\"https:\\\/\\\/oficialnoticias.com\\\/#organization\"},\"potentialAction\":[{\"@type\":\"SearchAction\",\"target\":{\"@type\":\"EntryPoint\",\"urlTemplate\":\"https:\\\/\\\/oficialnoticias.com\\\/?s={search_term_string}\"},\"query-input\":{\"@type\":\"PropertyValueSpecification\",\"valueRequired\":true,\"valueName\":\"search_term_string\"}}],\"inLanguage\":\"pt-BR\"},{\"@type\":\"Organization\",\"@id\":\"https:\\\/\\\/oficialnoticias.com\\\/#organization\",\"name\":\"oficial noticias\",\"url\":\"https:\\\/\\\/oficialnoticias.com\\\/\",\"logo\":{\"@type\":\"ImageObject\",\"inLanguage\":\"pt-BR\",\"@id\":\"https:\\\/\\\/oficialnoticias.com\\\/#\\\/schema\\\/logo\\\/image\\\/\",\"url\":\"https:\\\/\\\/oficialnoticias.com\\\/wp-content\\\/uploads\\\/2025\\\/08\\\/cropped-cropped-cropped-Logo-Noticias-e1753639739829.png\",\"contentUrl\":\"https:\\\/\\\/oficialnoticias.com\\\/wp-content\\\/uploads\\\/2025\\\/08\\\/cropped-cropped-cropped-Logo-Noticias-e1753639739829.png\",\"width\":119,\"height\":86,\"caption\":\"oficial noticias\"},\"image\":{\"@id\":\"https:\\\/\\\/oficialnoticias.com\\\/#\\\/schema\\\/logo\\\/image\\\/\"}},{\"@type\":\"Person\",\"@id\":\"https:\\\/\\\/oficialnoticias.com\\\/#\\\/schema\\\/person\\\/2d1dcbb6bfbc28d68171b4dc04723d4a\",\"name\":\"Luana Gon\u00e7alves\",\"image\":{\"@type\":\"ImageObject\",\"inLanguage\":\"pt-BR\",\"@id\":\"https:\\\/\\\/secure.gravatar.com\\\/avatar\\\/7aa6afdef873224c1a0265951f3fdfc0679f65dfbd15f018612595d323c52521?s=96&d=mm&r=g\",\"url\":\"https:\\\/\\\/secure.gravatar.com\\\/avatar\\\/7aa6afdef873224c1a0265951f3fdfc0679f65dfbd15f018612595d323c52521?s=96&d=mm&r=g\",\"contentUrl\":\"https:\\\/\\\/secure.gravatar.com\\\/avatar\\\/7aa6afdef873224c1a0265951f3fdfc0679f65dfbd15f018612595d323c52521?s=96&d=mm&r=g\",\"caption\":\"Luana Gon\u00e7alves\"},\"sameAs\":[\"https:\\\/\\\/oficialnoticias.com\\\/\"],\"url\":\"https:\\\/\\\/oficialnoticias.com\\\/?author=2\"}]}<\/script>\n<!-- \/ Yoast SEO plugin. -->","yoast_head_json":{"title":"Fl\u00e1vio Dino abre inqu\u00e9rito contra Bolsonaro e filhos por gest\u00e3o na pandemia de Covid -","robots":{"index":"index","follow":"follow","max-snippet":"max-snippet:-1","max-image-preview":"max-image-preview:large","max-video-preview":"max-video-preview:-1"},"canonical":"https:\/\/oficialnoticias.com\/?p=9987","og_locale":"pt_BR","og_type":"article","og_title":"Fl\u00e1vio Dino abre inqu\u00e9rito contra Bolsonaro e filhos por gest\u00e3o na pandemia de Covid -","og_description":"O ministro Fl\u00e1vio Dino, do Supremo Tribunal Federal (STF), abriu inqu\u00e9rito contra o ex-presidente Jair Bolsonaro (PL) e 23 aliados com base no relat\u00f3rio Comiss\u00e3o Parlamentar de Inqu\u00e9rito da Covid-19, de 2021. De acordo com o ministro, foram identificados ind\u00edcios de crimes contra a administra\u00e7\u00e3o p\u00fablica em contratos, fraudes em licita\u00e7\u00f5es, superfaturamento e desvio de...","og_url":"https:\/\/oficialnoticias.com\/?p=9987","article_published_time":"2025-09-18T14:37:22+00:00","article_modified_time":"2025-09-18T14:37:26+00:00","og_image":[{"width":1200,"height":630,"url":"https:\/\/oficialnoticias.com\/wp-content\/uploads\/2025\/09\/urlhttps3A2F2Fk2-prod-radio-itatiaia.s3.us-east-1.amazonaws.com2Fbrightspot2F202Fc82F5511be.webp","type":"image\/webp"}],"author":"Luana Gon\u00e7alves","twitter_card":"summary_large_image","twitter_misc":{"Escrito por":"Luana Gon\u00e7alves","Est. tempo de leitura":"1 minuto"},"schema":{"@context":"https:\/\/schema.org","@graph":[{"@type":"Article","@id":"https:\/\/oficialnoticias.com\/?p=9987#article","isPartOf":{"@id":"https:\/\/oficialnoticias.com\/?p=9987"},"author":{"name":"Luana Gon\u00e7alves","@id":"https:\/\/oficialnoticias.com\/#\/schema\/person\/2d1dcbb6bfbc28d68171b4dc04723d4a"},"headline":"Fl\u00e1vio Dino abre inqu\u00e9rito contra Bolsonaro e filhos por gest\u00e3o na pandemia de Covid","datePublished":"2025-09-18T14:37:22+00:00","dateModified":"2025-09-18T14:37:26+00:00","mainEntityOfPage":{"@id":"https:\/\/oficialnoticias.com\/?p=9987"},"wordCount":267,"commentCount":0,"publisher":{"@id":"https:\/\/oficialnoticias.com\/#organization"},"image":{"@id":"https:\/\/oficialnoticias.com\/?p=9987#primaryimage"},"thumbnailUrl":"https:\/\/oficialnoticias.com\/wp-content\/uploads\/2025\/09\/urlhttps3A2F2Fk2-prod-radio-itatiaia.s3.us-east-1.amazonaws.com2Fbrightspot2F202Fc82F5511be.webp","articleSection":["Politica"],"inLanguage":"pt-BR","potentialAction":[{"@type":"CommentAction","name":"Comment","target":["https:\/\/oficialnoticias.com\/?p=9987#respond"]}]},{"@type":"WebPage","@id":"https:\/\/oficialnoticias.com\/?p=9987","url":"https:\/\/oficialnoticias.com\/?p=9987","name":"Fl\u00e1vio Dino abre inqu\u00e9rito contra Bolsonaro e filhos por gest\u00e3o na pandemia de Covid -","isPartOf":{"@id":"https:\/\/oficialnoticias.com\/#website"},"primaryImageOfPage":{"@id":"https:\/\/oficialnoticias.com\/?p=9987#primaryimage"},"image":{"@id":"https:\/\/oficialnoticias.com\/?p=9987#primaryimage"},"thumbnailUrl":"https:\/\/oficialnoticias.com\/wp-content\/uploads\/2025\/09\/urlhttps3A2F2Fk2-prod-radio-itatiaia.s3.us-east-1.amazonaws.com2Fbrightspot2F202Fc82F5511be.webp","datePublished":"2025-09-18T14:37:22+00:00","dateModified":"2025-09-18T14:37:26+00:00","breadcrumb":{"@id":"https:\/\/oficialnoticias.com\/?p=9987#breadcrumb"},"inLanguage":"pt-BR","potentialAction":[{"@type":"ReadAction","target":["https:\/\/oficialnoticias.com\/?p=9987"]}]},{"@type":"ImageObject","inLanguage":"pt-BR","@id":"https:\/\/oficialnoticias.com\/?p=9987#primaryimage","url":"https:\/\/oficialnoticias.com\/wp-content\/uploads\/2025\/09\/urlhttps3A2F2Fk2-prod-radio-itatiaia.s3.us-east-1.amazonaws.com2Fbrightspot2F202Fc82F5511be.webp","contentUrl":"https:\/\/oficialnoticias.com\/wp-content\/uploads\/2025\/09\/urlhttps3A2F2Fk2-prod-radio-itatiaia.s3.us-east-1.amazonaws.com2Fbrightspot2F202Fc82F5511be.webp","width":1200,"height":630},{"@type":"BreadcrumbList","@id":"https:\/\/oficialnoticias.com\/?p=9987#breadcrumb","itemListElement":[{"@type":"ListItem","position":1,"name":"In\u00edcio","item":"https:\/\/oficialnoticias.com\/"},{"@type":"ListItem","position":2,"name":"Fl\u00e1vio Dino abre inqu\u00e9rito contra Bolsonaro e filhos por gest\u00e3o na pandemia de Covid"}]},{"@type":"WebSite","@id":"https:\/\/oficialnoticias.com\/#website","url":"https:\/\/oficialnoticias.com\/","name":"oficial Noticias","description":"","publisher":{"@id":"https:\/\/oficialnoticias.com\/#organization"},"potentialAction":[{"@type":"SearchAction","target":{"@type":"EntryPoint","urlTemplate":"https:\/\/oficialnoticias.com\/?s={search_term_string}"},"query-input":{"@type":"PropertyValueSpecification","valueRequired":true,"valueName":"search_term_string"}}],"inLanguage":"pt-BR"},{"@type":"Organization","@id":"https:\/\/oficialnoticias.com\/#organization","name":"oficial noticias","url":"https:\/\/oficialnoticias.com\/","logo":{"@type":"ImageObject","inLanguage":"pt-BR","@id":"https:\/\/oficialnoticias.com\/#\/schema\/logo\/image\/","url":"https:\/\/oficialnoticias.com\/wp-content\/uploads\/2025\/08\/cropped-cropped-cropped-Logo-Noticias-e1753639739829.png","contentUrl":"https:\/\/oficialnoticias.com\/wp-content\/uploads\/2025\/08\/cropped-cropped-cropped-Logo-Noticias-e1753639739829.png","width":119,"height":86,"caption":"oficial noticias"},"image":{"@id":"https:\/\/oficialnoticias.com\/#\/schema\/logo\/image\/"}},{"@type":"Person","@id":"https:\/\/oficialnoticias.com\/#\/schema\/person\/2d1dcbb6bfbc28d68171b4dc04723d4a","name":"Luana Gon\u00e7alves","image":{"@type":"ImageObject","inLanguage":"pt-BR","@id":"https:\/\/secure.gravatar.com\/avatar\/7aa6afdef873224c1a0265951f3fdfc0679f65dfbd15f018612595d323c52521?s=96&d=mm&r=g","url":"https:\/\/secure.gravatar.com\/avatar\/7aa6afdef873224c1a0265951f3fdfc0679f65dfbd15f018612595d323c52521?s=96&d=mm&r=g","contentUrl":"https:\/\/secure.gravatar.com\/avatar\/7aa6afdef873224c1a0265951f3fdfc0679f65dfbd15f018612595d323c52521?s=96&d=mm&r=g","caption":"Luana Gon\u00e7alves"},"sameAs":["https:\/\/oficialnoticias.com\/"],"url":"https:\/\/oficialnoticias.com\/?author=2"}]}},"_links":{"self":[{"href":"https:\/\/oficialnoticias.com\/index.php?rest_route=\/wp\/v2\/posts\/9987","targetHints":{"allow":["GET"]}}],"collection":[{"href":"https:\/\/oficialnoticias.com\/index.php?rest_route=\/wp\/v2\/posts"}],"about":[{"href":"https:\/\/oficialnoticias.com\/index.php?rest_route=\/wp\/v2\/types\/post"}],"author":[{"embeddable":true,"href":"https:\/\/oficialnoticias.com\/index.php?rest_route=\/wp\/v2\/users\/2"}],"replies":[{"embeddable":true,"href":"https:\/\/oficialnoticias.com\/index.php?rest_route=%2Fwp%2Fv2%2Fcomments&post=9987"}],"version-history":[{"count":1,"href":"https:\/\/oficialnoticias.com\/index.php?rest_route=\/wp\/v2\/posts\/9987\/revisions"}],"predecessor-version":[{"id":9989,"href":"https:\/\/oficialnoticias.com\/index.php?rest_route=\/wp\/v2\/posts\/9987\/revisions\/9989"}],"wp:featuredmedia":[{"embeddable":true,"href":"https:\/\/oficialnoticias.com\/index.php?rest_route=\/wp\/v2\/media\/9988"}],"wp:attachment":[{"href":"https:\/\/oficialnoticias.com\/index.php?rest_route=%2Fwp%2Fv2%2Fmedia&parent=9987"}],"wp:term":[{"taxonomy":"category","embeddable":true,"href":"https:\/\/oficialnoticias.com\/index.php?rest_route=%2Fwp%2Fv2%2Fcategories&post=9987"},{"taxonomy":"post_tag","embeddable":true,"href":"https:\/\/oficialnoticias.com\/index.php?rest_route=%2Fwp%2Fv2%2Ftags&post=9987"}],"curies":[{"name":"wp","href":"https:\/\/api.w.org\/{rel}","templated":true}]}}