{"id":9747,"date":"2025-09-17T13:38:08","date_gmt":"2025-09-17T16:38:08","guid":{"rendered":"https:\/\/oficialnoticias.com\/?p=9747"},"modified":"2025-09-17T13:38:14","modified_gmt":"2025-09-17T16:38:14","slug":"super-quarta-dolar-abre-em-alta-antes-das-decisoes-de-fed-e-copom","status":"publish","type":"post","link":"https:\/\/oficialnoticias.com\/?p=9747","title":{"rendered":"&#8216;Super Quarta&#8217;: D\u00f3lar abre em alta antes das decis\u00f5es de Fed e Copom"},"content":{"rendered":"<p><\/p>\n<div>\n<p>O <bsp-link-enhancement><br \/>\n    <span class=\"LinkEnhancement\"><a class=\"Link\" href=\"https:\/\/www.itatiaia.com.br\/economia\/dolar-cai-e-bolsa-renova-recorde-na-espera-pela-superquarta\" title=\"&lt;b&gt;d\u00f3lar&lt;\/b&gt;\" data-cms-ai=\"0\"><b>d\u00f3lar<\/b><\/a><\/span><\/bsp-link-enhancement> \u00e0 vista abriu em alta de 0,08% nesta \u2018<bsp-link-enhancement><br \/>\n    <span class=\"LinkEnhancement\"><a class=\"Link\" href=\"https:\/\/www.itatiaia.com.br\/economia\/o-que-e-superquarta-e-por-que-ela-importa\" title=\"&lt;b&gt;Super Quarta&lt;\/b&gt;\" data-cms-ai=\"0\"><b>Super Quarta<\/b><\/a><\/span><\/bsp-link-enhancement>&#8216;, a R$ 5,3022, em um dia marcado pela expectativa pelas <bsp-link-enhancement><br \/>\n    <span class=\"LinkEnhancement\"><a class=\"Link\" href=\"https:\/\/www.itatiaia.com.br\/economia\/superquarta-o-mercado-na-expectativa-pelo-corte-de-juros-nos-estados-unidos\" title=\"&lt;b&gt;decis\u00f5es de pol\u00edtica monet\u00e1ria&lt;\/b&gt;\" data-cms-ai=\"0\"><b>decis\u00f5es de pol\u00edtica monet\u00e1ria<\/b><\/a><\/span><\/bsp-link-enhancement> no Brasil e nos Estados Unidos.<\/p>\n<p><bsp-link-enhancement><br \/>\n    <span class=\"LinkEnhancement\"><a class=\"Link\" href=\"https:\/\/www.itatiaia.com.br\/mundo\/trump-afirma-que-fed-deve-promover-grande-corte-de-juros-na-quarta\" title=\"&lt;b&gt;O Federal Reserve (Fed) deve anunciar, na tarde desta quarta-feira (17), o primeiro corte de juros do ano.&lt;\/b&gt;\" data-cms-ai=\"0\"><b>O Federal Reserve (Fed) deve anunciar, na tarde desta quarta-feira (17), o primeiro corte de juros do ano.<\/b><\/a><\/span><\/bsp-link-enhancement> As aten\u00e7\u00f5es dos investidores globais estar\u00e3o voltadas, contudo, para a entrevista coletiva do presidente do <bsp-link-enhancement><br \/>\n    <span class=\"LinkEnhancement\"><a class=\"Link\" href=\"https:\/\/www.itatiaia.com.br\/economia\/trump-volta-a-pressionar-presidente-do-fed-por-corte-maior-nos-juros\" target=\"_blank\" title=\"&lt;b&gt;Fed&lt;\/b&gt;\" rel=\"noopener\" data-cms-ai=\"0\"><b>Fed<\/b><\/a><\/span><\/bsp-link-enhancement>, Jerome Powell, em seguida do an\u00fancio.<\/p>\n<p>A d\u00favida do mercado \u00e9 se Powell dar\u00e1 sinais sobre quantos cortes adicionais podem vir at\u00e9 o fim do ano. O evento tamb\u00e9m marca a estreia de Stephen Miran, indicado do presidente dos EUA, Donald Trump, o que adiciona incerteza ao tom do comunicado, que ser\u00e1 divulgado \u00e0s 15h. A coletiva acontecer\u00e1 a partir das 15h30. Enquanto isso, o d\u00f3lar mostra recupera\u00e7\u00e3o moderada em rela\u00e7\u00e3o a moedas fortes. O mesmo acontece ante as emergentes.<\/p>\n<p>No Brasil, o Copom deve manter inalterada a Selic em 15% ao ano. Para o mercado, a decis\u00e3o desta quarta \u00e9 vista como um \u201cn\u00e3o evento\u201d, mas o tom do comunicado &#8211; a ser anunciado a partir das 18h30 &#8211; poder\u00e1 indicar por quanto tempo a taxa permanecer\u00e1 em n\u00edvel elevado. Segundo pesquisa Proje\u00e7\u00f5es Broadcast, 74% das institui\u00e7\u00f5es consultadas acreditam que a Selic ficar\u00e1 est\u00e1vel at\u00e9 o fim de 2025, em linha com o precificado na curva de juros futuros. O pano de fundo \u00e9 um mercado de trabalho aquecido e d\u00favidas sobre o ritmo da atividade.<\/p>\n<p><bsp-list-loadmore class=\"PageListStandardG\" data-module=\"\" data-show-loadmore=\"true\" data-list-title-size=\"3\" data-list-description-size=\"3\"><\/p>\n<p>    <a class=\"AnchorLink\" title=\"leia-tambem\" name=\"leia-tambem\" data-cms-ai=\"0\"\/><\/p>\n<p><\/bsp-list-loadmore><\/p>\n<p>Na pol\u00edtica, investidores monitoram a aprova\u00e7\u00e3o da PEC que blinda parlamentares de processos judiciais e os debates em torno da anistia.<\/p>\n<p>Na agenda do dia, destaques para o IGP-10 de setembro, que subiu 0,21% &#8211; menor que a mediana das estimativas colhidas pelos Proje\u00e7\u00f5es Broadcast(de +0,33% &#8211; e o IPC-Fipe da segunda quadrissemana, com alta de 0,28%. Al\u00e9m disso, o ministro da Fazenda, Fernando Haddad, participa nesta quarta de semin\u00e1rio em Bras\u00edlia e reiterou na ter\u00e7a, 16, em v\u00eddeo publicado nas redes sociais, que o IPTU n\u00e3o ser\u00e1 afetado pela reforma tribut\u00e1ria.<\/p>\n<p>Na ter\u00e7a-feira, o d\u00f3lar \u00e0 vista fechou em queda de 0,44%, a R$ 5,2981, renovando a m\u00ednima de fechamento alcan\u00e7ada h\u00e1 mais de um ano. O d\u00f3lar futuro para outubro tamb\u00e9m recuou 0,48%, a R$ 5,3140.<\/p>\n<p>*Com Estad\u00e3o Conte\u00fado<\/p>\n<\/p><\/div>\n<p><script>\n  window.fbAsyncInit = function() {\n      FB.init({\n              appId : '1447052969554341',\n          xfbml : true,\n          version : 'v2.9'\n      });\n  };\n  (function(d, s, id){\n     var js, fjs = d.getElementsByTagName(s)[0];\n     if (d.getElementById(id)) {return;}\n     js = d.createElement(s); js.id = id;\n     js.src = \"https:\/\/connect.facebook.net\/en_US\/sdk.js\";\n     fjs.parentNode.insertBefore(js, fjs);\n   }(document, 'script', 'facebook-jssdk'));\n<\/script><\/p>\n","protected":false},"excerpt":{"rendered":"<p>O d\u00f3lar \u00e0 vista abriu em alta de 0,08% nesta \u2018 Super Quarta&#8216;, a R$ 5,3022, em um dia marcado pela expectativa pelas decis\u00f5es de pol\u00edtica monet\u00e1ria no Brasil e nos Estados Unidos. O Federal Reserve (Fed) deve anunciar, na tarde desta quarta-feira (17), o primeiro corte de juros do ano. As aten\u00e7\u00f5es dos investidores&#8230;<\/p>\n","protected":false},"author":2,"featured_media":9748,"comment_status":"open","ping_status":"open","sticky":false,"template":"","format":"standard","meta":{"footnotes":""},"categories":[25],"tags":[],"class_list":["post-9747","post","type-post","status-publish","format-standard","has-post-thumbnail","hentry","category-economia"],"yoast_head":"<!-- This site is optimized with the Yoast SEO plugin v28.1 - https:\/\/yoast.com\/product\/yoast-seo-wordpress\/ -->\n<title>&#039;Super Quarta&#039;: D\u00f3lar abre em alta antes das decis\u00f5es de Fed e Copom -<\/title>\n<meta name=\"robots\" content=\"index, follow, max-snippet:-1, max-image-preview:large, max-video-preview:-1\" \/>\n<link rel=\"canonical\" href=\"https:\/\/oficialnoticias.com\/?p=9747\" \/>\n<meta property=\"og:locale\" content=\"pt_BR\" \/>\n<meta property=\"og:type\" content=\"article\" \/>\n<meta property=\"og:title\" content=\"&#039;Super Quarta&#039;: D\u00f3lar abre em alta antes das decis\u00f5es de Fed e Copom -\" \/>\n<meta property=\"og:description\" content=\"O d\u00f3lar \u00e0 vista abriu em alta de 0,08% nesta \u2018 Super Quarta&#8216;, a R$ 5,3022, em um dia marcado pela expectativa pelas decis\u00f5es de pol\u00edtica monet\u00e1ria no Brasil e nos Estados Unidos. O Federal Reserve (Fed) deve anunciar, na tarde desta quarta-feira (17), o primeiro corte de juros do ano. As aten\u00e7\u00f5es dos investidores...\" \/>\n<meta property=\"og:url\" content=\"https:\/\/oficialnoticias.com\/?p=9747\" \/>\n<meta property=\"article:published_time\" content=\"2025-09-17T16:38:08+00:00\" \/>\n<meta property=\"article:modified_time\" content=\"2025-09-17T16:38:14+00:00\" \/>\n<meta property=\"og:image\" content=\"https:\/\/oficialnoticias.com\/wp-content\/uploads\/2025\/09\/urlhttps3A2F2Fk2-prod-radio-itatiaia.s3.us-east-1.amazonaws.com2Fbrightspot2F212F572F3d89eb.webp\" \/>\n\t<meta property=\"og:image:width\" content=\"1200\" \/>\n\t<meta property=\"og:image:height\" content=\"630\" \/>\n\t<meta property=\"og:image:type\" content=\"image\/webp\" \/>\n<meta name=\"author\" content=\"Luana Gon\u00e7alves\" \/>\n<meta name=\"twitter:card\" content=\"summary_large_image\" \/>\n<meta name=\"twitter:label1\" content=\"Escrito por\" \/>\n\t<meta name=\"twitter:data1\" content=\"Luana Gon\u00e7alves\" \/>\n\t<meta name=\"twitter:label2\" content=\"Est. tempo de leitura\" \/>\n\t<meta name=\"twitter:data2\" content=\"2 minutos\" \/>\n<script type=\"application\/ld+json\" class=\"yoast-schema-graph\">{\"@context\":\"https:\\\/\\\/schema.org\",\"@graph\":[{\"@type\":\"Article\",\"@id\":\"https:\\\/\\\/oficialnoticias.com\\\/?p=9747#article\",\"isPartOf\":{\"@id\":\"https:\\\/\\\/oficialnoticias.com\\\/?p=9747\"},\"author\":{\"name\":\"Luana Gon\u00e7alves\",\"@id\":\"https:\\\/\\\/oficialnoticias.com\\\/#\\\/schema\\\/person\\\/2d1dcbb6bfbc28d68171b4dc04723d4a\"},\"headline\":\"&#8216;Super Quarta&#8217;: D\u00f3lar abre em alta antes das decis\u00f5es de Fed e Copom\",\"datePublished\":\"2025-09-17T16:38:08+00:00\",\"dateModified\":\"2025-09-17T16:38:14+00:00\",\"mainEntityOfPage\":{\"@id\":\"https:\\\/\\\/oficialnoticias.com\\\/?p=9747\"},\"wordCount\":408,\"commentCount\":0,\"publisher\":{\"@id\":\"https:\\\/\\\/oficialnoticias.com\\\/#organization\"},\"image\":{\"@id\":\"https:\\\/\\\/oficialnoticias.com\\\/?p=9747#primaryimage\"},\"thumbnailUrl\":\"https:\\\/\\\/oficialnoticias.com\\\/wp-content\\\/uploads\\\/2025\\\/09\\\/urlhttps3A2F2Fk2-prod-radio-itatiaia.s3.us-east-1.amazonaws.com2Fbrightspot2F212F572F3d89eb.webp\",\"articleSection\":[\"Economia\"],\"inLanguage\":\"pt-BR\",\"potentialAction\":[{\"@type\":\"CommentAction\",\"name\":\"Comment\",\"target\":[\"https:\\\/\\\/oficialnoticias.com\\\/?p=9747#respond\"]}]},{\"@type\":\"WebPage\",\"@id\":\"https:\\\/\\\/oficialnoticias.com\\\/?p=9747\",\"url\":\"https:\\\/\\\/oficialnoticias.com\\\/?p=9747\",\"name\":\"'Super Quarta': D\u00f3lar abre em alta antes das decis\u00f5es de Fed e Copom -\",\"isPartOf\":{\"@id\":\"https:\\\/\\\/oficialnoticias.com\\\/#website\"},\"primaryImageOfPage\":{\"@id\":\"https:\\\/\\\/oficialnoticias.com\\\/?p=9747#primaryimage\"},\"image\":{\"@id\":\"https:\\\/\\\/oficialnoticias.com\\\/?p=9747#primaryimage\"},\"thumbnailUrl\":\"https:\\\/\\\/oficialnoticias.com\\\/wp-content\\\/uploads\\\/2025\\\/09\\\/urlhttps3A2F2Fk2-prod-radio-itatiaia.s3.us-east-1.amazonaws.com2Fbrightspot2F212F572F3d89eb.webp\",\"datePublished\":\"2025-09-17T16:38:08+00:00\",\"dateModified\":\"2025-09-17T16:38:14+00:00\",\"breadcrumb\":{\"@id\":\"https:\\\/\\\/oficialnoticias.com\\\/?p=9747#breadcrumb\"},\"inLanguage\":\"pt-BR\",\"potentialAction\":[{\"@type\":\"ReadAction\",\"target\":[\"https:\\\/\\\/oficialnoticias.com\\\/?p=9747\"]}]},{\"@type\":\"ImageObject\",\"inLanguage\":\"pt-BR\",\"@id\":\"https:\\\/\\\/oficialnoticias.com\\\/?p=9747#primaryimage\",\"url\":\"https:\\\/\\\/oficialnoticias.com\\\/wp-content\\\/uploads\\\/2025\\\/09\\\/urlhttps3A2F2Fk2-prod-radio-itatiaia.s3.us-east-1.amazonaws.com2Fbrightspot2F212F572F3d89eb.webp\",\"contentUrl\":\"https:\\\/\\\/oficialnoticias.com\\\/wp-content\\\/uploads\\\/2025\\\/09\\\/urlhttps3A2F2Fk2-prod-radio-itatiaia.s3.us-east-1.amazonaws.com2Fbrightspot2F212F572F3d89eb.webp\",\"width\":1200,\"height\":630},{\"@type\":\"BreadcrumbList\",\"@id\":\"https:\\\/\\\/oficialnoticias.com\\\/?p=9747#breadcrumb\",\"itemListElement\":[{\"@type\":\"ListItem\",\"position\":1,\"name\":\"In\u00edcio\",\"item\":\"https:\\\/\\\/oficialnoticias.com\\\/\"},{\"@type\":\"ListItem\",\"position\":2,\"name\":\"&#8216;Super Quarta&#8217;: D\u00f3lar abre em alta antes das decis\u00f5es de Fed e Copom\"}]},{\"@type\":\"WebSite\",\"@id\":\"https:\\\/\\\/oficialnoticias.com\\\/#website\",\"url\":\"https:\\\/\\\/oficialnoticias.com\\\/\",\"name\":\"oficial Noticias\",\"description\":\"\",\"publisher\":{\"@id\":\"https:\\\/\\\/oficialnoticias.com\\\/#organization\"},\"potentialAction\":[{\"@type\":\"SearchAction\",\"target\":{\"@type\":\"EntryPoint\",\"urlTemplate\":\"https:\\\/\\\/oficialnoticias.com\\\/?s={search_term_string}\"},\"query-input\":{\"@type\":\"PropertyValueSpecification\",\"valueRequired\":true,\"valueName\":\"search_term_string\"}}],\"inLanguage\":\"pt-BR\"},{\"@type\":\"Organization\",\"@id\":\"https:\\\/\\\/oficialnoticias.com\\\/#organization\",\"name\":\"oficial noticias\",\"url\":\"https:\\\/\\\/oficialnoticias.com\\\/\",\"logo\":{\"@type\":\"ImageObject\",\"inLanguage\":\"pt-BR\",\"@id\":\"https:\\\/\\\/oficialnoticias.com\\\/#\\\/schema\\\/logo\\\/image\\\/\",\"url\":\"https:\\\/\\\/oficialnoticias.com\\\/wp-content\\\/uploads\\\/2025\\\/08\\\/cropped-cropped-cropped-Logo-Noticias-e1753639739829.png\",\"contentUrl\":\"https:\\\/\\\/oficialnoticias.com\\\/wp-content\\\/uploads\\\/2025\\\/08\\\/cropped-cropped-cropped-Logo-Noticias-e1753639739829.png\",\"width\":119,\"height\":86,\"caption\":\"oficial noticias\"},\"image\":{\"@id\":\"https:\\\/\\\/oficialnoticias.com\\\/#\\\/schema\\\/logo\\\/image\\\/\"}},{\"@type\":\"Person\",\"@id\":\"https:\\\/\\\/oficialnoticias.com\\\/#\\\/schema\\\/person\\\/2d1dcbb6bfbc28d68171b4dc04723d4a\",\"name\":\"Luana Gon\u00e7alves\",\"image\":{\"@type\":\"ImageObject\",\"inLanguage\":\"pt-BR\",\"@id\":\"https:\\\/\\\/secure.gravatar.com\\\/avatar\\\/7aa6afdef873224c1a0265951f3fdfc0679f65dfbd15f018612595d323c52521?s=96&d=mm&r=g\",\"url\":\"https:\\\/\\\/secure.gravatar.com\\\/avatar\\\/7aa6afdef873224c1a0265951f3fdfc0679f65dfbd15f018612595d323c52521?s=96&d=mm&r=g\",\"contentUrl\":\"https:\\\/\\\/secure.gravatar.com\\\/avatar\\\/7aa6afdef873224c1a0265951f3fdfc0679f65dfbd15f018612595d323c52521?s=96&d=mm&r=g\",\"caption\":\"Luana Gon\u00e7alves\"},\"sameAs\":[\"https:\\\/\\\/oficialnoticias.com\\\/\"],\"url\":\"https:\\\/\\\/oficialnoticias.com\\\/?author=2\"}]}<\/script>\n<!-- \/ Yoast SEO plugin. -->","yoast_head_json":{"title":"'Super Quarta': D\u00f3lar abre em alta antes das decis\u00f5es de Fed e Copom -","robots":{"index":"index","follow":"follow","max-snippet":"max-snippet:-1","max-image-preview":"max-image-preview:large","max-video-preview":"max-video-preview:-1"},"canonical":"https:\/\/oficialnoticias.com\/?p=9747","og_locale":"pt_BR","og_type":"article","og_title":"'Super Quarta': D\u00f3lar abre em alta antes das decis\u00f5es de Fed e Copom -","og_description":"O d\u00f3lar \u00e0 vista abriu em alta de 0,08% nesta \u2018 Super Quarta&#8216;, a R$ 5,3022, em um dia marcado pela expectativa pelas decis\u00f5es de pol\u00edtica monet\u00e1ria no Brasil e nos Estados Unidos. O Federal Reserve (Fed) deve anunciar, na tarde desta quarta-feira (17), o primeiro corte de juros do ano. As aten\u00e7\u00f5es dos investidores...","og_url":"https:\/\/oficialnoticias.com\/?p=9747","article_published_time":"2025-09-17T16:38:08+00:00","article_modified_time":"2025-09-17T16:38:14+00:00","og_image":[{"width":1200,"height":630,"url":"https:\/\/oficialnoticias.com\/wp-content\/uploads\/2025\/09\/urlhttps3A2F2Fk2-prod-radio-itatiaia.s3.us-east-1.amazonaws.com2Fbrightspot2F212F572F3d89eb.webp","type":"image\/webp"}],"author":"Luana Gon\u00e7alves","twitter_card":"summary_large_image","twitter_misc":{"Escrito por":"Luana Gon\u00e7alves","Est. tempo de leitura":"2 minutos"},"schema":{"@context":"https:\/\/schema.org","@graph":[{"@type":"Article","@id":"https:\/\/oficialnoticias.com\/?p=9747#article","isPartOf":{"@id":"https:\/\/oficialnoticias.com\/?p=9747"},"author":{"name":"Luana Gon\u00e7alves","@id":"https:\/\/oficialnoticias.com\/#\/schema\/person\/2d1dcbb6bfbc28d68171b4dc04723d4a"},"headline":"&#8216;Super Quarta&#8217;: D\u00f3lar abre em alta antes das decis\u00f5es de Fed e Copom","datePublished":"2025-09-17T16:38:08+00:00","dateModified":"2025-09-17T16:38:14+00:00","mainEntityOfPage":{"@id":"https:\/\/oficialnoticias.com\/?p=9747"},"wordCount":408,"commentCount":0,"publisher":{"@id":"https:\/\/oficialnoticias.com\/#organization"},"image":{"@id":"https:\/\/oficialnoticias.com\/?p=9747#primaryimage"},"thumbnailUrl":"https:\/\/oficialnoticias.com\/wp-content\/uploads\/2025\/09\/urlhttps3A2F2Fk2-prod-radio-itatiaia.s3.us-east-1.amazonaws.com2Fbrightspot2F212F572F3d89eb.webp","articleSection":["Economia"],"inLanguage":"pt-BR","potentialAction":[{"@type":"CommentAction","name":"Comment","target":["https:\/\/oficialnoticias.com\/?p=9747#respond"]}]},{"@type":"WebPage","@id":"https:\/\/oficialnoticias.com\/?p=9747","url":"https:\/\/oficialnoticias.com\/?p=9747","name":"'Super Quarta': D\u00f3lar abre em alta antes das decis\u00f5es de Fed e Copom -","isPartOf":{"@id":"https:\/\/oficialnoticias.com\/#website"},"primaryImageOfPage":{"@id":"https:\/\/oficialnoticias.com\/?p=9747#primaryimage"},"image":{"@id":"https:\/\/oficialnoticias.com\/?p=9747#primaryimage"},"thumbnailUrl":"https:\/\/oficialnoticias.com\/wp-content\/uploads\/2025\/09\/urlhttps3A2F2Fk2-prod-radio-itatiaia.s3.us-east-1.amazonaws.com2Fbrightspot2F212F572F3d89eb.webp","datePublished":"2025-09-17T16:38:08+00:00","dateModified":"2025-09-17T16:38:14+00:00","breadcrumb":{"@id":"https:\/\/oficialnoticias.com\/?p=9747#breadcrumb"},"inLanguage":"pt-BR","potentialAction":[{"@type":"ReadAction","target":["https:\/\/oficialnoticias.com\/?p=9747"]}]},{"@type":"ImageObject","inLanguage":"pt-BR","@id":"https:\/\/oficialnoticias.com\/?p=9747#primaryimage","url":"https:\/\/oficialnoticias.com\/wp-content\/uploads\/2025\/09\/urlhttps3A2F2Fk2-prod-radio-itatiaia.s3.us-east-1.amazonaws.com2Fbrightspot2F212F572F3d89eb.webp","contentUrl":"https:\/\/oficialnoticias.com\/wp-content\/uploads\/2025\/09\/urlhttps3A2F2Fk2-prod-radio-itatiaia.s3.us-east-1.amazonaws.com2Fbrightspot2F212F572F3d89eb.webp","width":1200,"height":630},{"@type":"BreadcrumbList","@id":"https:\/\/oficialnoticias.com\/?p=9747#breadcrumb","itemListElement":[{"@type":"ListItem","position":1,"name":"In\u00edcio","item":"https:\/\/oficialnoticias.com\/"},{"@type":"ListItem","position":2,"name":"&#8216;Super Quarta&#8217;: D\u00f3lar abre em alta antes das decis\u00f5es de Fed e Copom"}]},{"@type":"WebSite","@id":"https:\/\/oficialnoticias.com\/#website","url":"https:\/\/oficialnoticias.com\/","name":"oficial Noticias","description":"","publisher":{"@id":"https:\/\/oficialnoticias.com\/#organization"},"potentialAction":[{"@type":"SearchAction","target":{"@type":"EntryPoint","urlTemplate":"https:\/\/oficialnoticias.com\/?s={search_term_string}"},"query-input":{"@type":"PropertyValueSpecification","valueRequired":true,"valueName":"search_term_string"}}],"inLanguage":"pt-BR"},{"@type":"Organization","@id":"https:\/\/oficialnoticias.com\/#organization","name":"oficial noticias","url":"https:\/\/oficialnoticias.com\/","logo":{"@type":"ImageObject","inLanguage":"pt-BR","@id":"https:\/\/oficialnoticias.com\/#\/schema\/logo\/image\/","url":"https:\/\/oficialnoticias.com\/wp-content\/uploads\/2025\/08\/cropped-cropped-cropped-Logo-Noticias-e1753639739829.png","contentUrl":"https:\/\/oficialnoticias.com\/wp-content\/uploads\/2025\/08\/cropped-cropped-cropped-Logo-Noticias-e1753639739829.png","width":119,"height":86,"caption":"oficial noticias"},"image":{"@id":"https:\/\/oficialnoticias.com\/#\/schema\/logo\/image\/"}},{"@type":"Person","@id":"https:\/\/oficialnoticias.com\/#\/schema\/person\/2d1dcbb6bfbc28d68171b4dc04723d4a","name":"Luana Gon\u00e7alves","image":{"@type":"ImageObject","inLanguage":"pt-BR","@id":"https:\/\/secure.gravatar.com\/avatar\/7aa6afdef873224c1a0265951f3fdfc0679f65dfbd15f018612595d323c52521?s=96&d=mm&r=g","url":"https:\/\/secure.gravatar.com\/avatar\/7aa6afdef873224c1a0265951f3fdfc0679f65dfbd15f018612595d323c52521?s=96&d=mm&r=g","contentUrl":"https:\/\/secure.gravatar.com\/avatar\/7aa6afdef873224c1a0265951f3fdfc0679f65dfbd15f018612595d323c52521?s=96&d=mm&r=g","caption":"Luana Gon\u00e7alves"},"sameAs":["https:\/\/oficialnoticias.com\/"],"url":"https:\/\/oficialnoticias.com\/?author=2"}]}},"_links":{"self":[{"href":"https:\/\/oficialnoticias.com\/index.php?rest_route=\/wp\/v2\/posts\/9747","targetHints":{"allow":["GET"]}}],"collection":[{"href":"https:\/\/oficialnoticias.com\/index.php?rest_route=\/wp\/v2\/posts"}],"about":[{"href":"https:\/\/oficialnoticias.com\/index.php?rest_route=\/wp\/v2\/types\/post"}],"author":[{"embeddable":true,"href":"https:\/\/oficialnoticias.com\/index.php?rest_route=\/wp\/v2\/users\/2"}],"replies":[{"embeddable":true,"href":"https:\/\/oficialnoticias.com\/index.php?rest_route=%2Fwp%2Fv2%2Fcomments&post=9747"}],"version-history":[{"count":1,"href":"https:\/\/oficialnoticias.com\/index.php?rest_route=\/wp\/v2\/posts\/9747\/revisions"}],"predecessor-version":[{"id":9749,"href":"https:\/\/oficialnoticias.com\/index.php?rest_route=\/wp\/v2\/posts\/9747\/revisions\/9749"}],"wp:featuredmedia":[{"embeddable":true,"href":"https:\/\/oficialnoticias.com\/index.php?rest_route=\/wp\/v2\/media\/9748"}],"wp:attachment":[{"href":"https:\/\/oficialnoticias.com\/index.php?rest_route=%2Fwp%2Fv2%2Fmedia&parent=9747"}],"wp:term":[{"taxonomy":"category","embeddable":true,"href":"https:\/\/oficialnoticias.com\/index.php?rest_route=%2Fwp%2Fv2%2Fcategories&post=9747"},{"taxonomy":"post_tag","embeddable":true,"href":"https:\/\/oficialnoticias.com\/index.php?rest_route=%2Fwp%2Fv2%2Ftags&post=9747"}],"curies":[{"name":"wp","href":"https:\/\/api.w.org\/{rel}","templated":true}]}}