{"id":8706,"date":"2025-09-12T17:34:00","date_gmt":"2025-09-12T20:34:00","guid":{"rendered":"https:\/\/oficialnoticias.com\/?p=8706"},"modified":"2025-09-12T17:34:05","modified_gmt":"2025-09-12T20:34:05","slug":"mega-exercicio-militar-de-russia-e-bielorrussia-eleva-tensao-com-a-otan","status":"publish","type":"post","link":"https:\/\/oficialnoticias.com\/?p=8706","title":{"rendered":"Mega exerc\u00edcio militar de R\u00fassia e Bielorr\u00fassia eleva tens\u00e3o com a Otan"},"content":{"rendered":"<p>\n<\/p>\n<div>\n<p><bsp-link-enhancement><br \/>\n    <span class=\"LinkEnhancement\"><a class=\"Link\" href=\"https:\/\/www.itatiaia.com.br\/mundo\/2022\/11\/05\/ira-admite-ter-vendido-drones-para-russia\" title=\"&lt;b&gt;R\u00fassia&lt;\/b&gt;\"><b>R\u00fassia<\/b><\/a><\/span><\/bsp-link-enhancement> e <bsp-link-enhancement><br \/>\n    <span class=\"LinkEnhancement\"><a class=\"Link\" href=\"https:\/\/www.itatiaia.com.br\/mundo\/2023\/03\/29\/guerra-da-ucrania-eua-critica-plano-nuclear-de-putin-em-belarus\" title=\"&lt;b&gt;Bielorr\u00fassia&lt;\/b&gt;\"><b>Bielorr\u00fassia<\/b><\/a><\/span><\/bsp-link-enhancement>, aliado crucial de <bsp-link-enhancement><br \/>\n    <span class=\"LinkEnhancement\"><a class=\"Link\" href=\"https:\/\/www.itatiaia.com.br\/agencia-cnn\/2023\/07\/27\/brasil-deve-extraditar-suposto-espiao-russo-para-moscou\" title=\"&lt;b&gt;Moscou&lt;\/b&gt;\"><b>Moscou<\/b><\/a><\/span><\/bsp-link-enhancement>, come\u00e7aram exerc\u00edcios militares conjuntos sob o olhar inquieto da Otan nesta sexta-feira (12). A mega a\u00e7\u00e3o militar acontece depois que a<bsp-link-enhancement><br \/>\n    <span class=\"LinkEnhancement\"><a class=\"Link\" href=\"https:\/\/www.itatiaia.com.br\/mundo\/premie-da-polonia-rebate-trump-e-diz-que-incursao-de-drones-russos-nao-foi-um-erro\" title=\" Pol\u00f4nia acusou o Kremlin\"> Pol\u00f4nia acusou o Kremlin<\/a><\/span><\/bsp-link-enhancement> de aprofundar tens\u00f5es com a <bsp-link-enhancement><br \/>\n    <span class=\"LinkEnhancement\"><a class=\"Link\" href=\"https:\/\/www.itatiaia.com.br\/mundo\/polonia-abate-ao-menos-tres-drones-e-acusa-russia-de-violar-o-espaco-aereo\" title=\"&lt;b&gt;incurs\u00e3o de drones em seu espa\u00e7o a\u00e9reo&lt;\/b&gt;\"><b>incurs\u00e3o de drones em seu espa\u00e7o a\u00e9reo<\/b><\/a><\/span><\/bsp-link-enhancement>.<\/p>\n<p>\u201cAs manobras conjuntas estrat\u00e9gicas das For\u00e7as Armadas russas e bielorrussas come\u00e7aram\u201d, anunciou o Minist\u00e9rio da Defesa de Moscou em um comunicado divulgado nesta sexta-feira.<\/p>\n<p>As manobras acontecem a cada quatro anos e devem prosseguir at\u00e9 ter\u00e7a-feira (16). Os exerc\u00edcios geram preocupa\u00e7\u00e3o no flanco leste da Otan. Nomeado \u201cZapad\u201d, os movimentos atuais coincidem com o <bsp-link-enhancement><br \/>\n    <span class=\"LinkEnhancement\"><a class=\"Link\" href=\"https:\/\/www.itatiaia.com.br\/mundo\/uniao-europeia-condena-ataque-recorde-da-russia-a-kiev-e-detona-putin\" title=\"avan\u00e7o das tropas russas na Ucr\u00e2nia\">avan\u00e7o das tropas russas na Ucr\u00e2nia<\/a><\/span><\/bsp-link-enhancement>, onde os bombardeios contra as grandes cidades do pa\u00eds se intensificaram.<\/p>\n<p>Ao longo da noite, a R\u00fassia anunciou a derrubada de 221 drones ucranianos, em um dos maiores ataques de Kiev desde o in\u00edcio do conflito, em fevereiro de 2022. Em meio a organiza\u00e7\u00e3o das manobras, Pol\u00f4nia, Litu\u00e2nia e Let\u00f4nia, todos membros da Alian\u00e7a Atl\u00e2ntica e vizinhos da Bielorr\u00fassia, permanecem em alerta m\u00e1ximo.<\/p>\n<p>Os exerc\u00edcios est\u00e3o sendo realizados perto de Borisov, ao leste de Minsk, capital do pa\u00eds. O ex\u00e9rcito russo tamb\u00e9m indicou que algumas \u201ca\u00e7\u00f5es pr\u00e1ticas\u201d devem ser efetuadas na R\u00fassia, no Mar de Barents e no Mar B\u00e1ltico.<\/p>\n<p>Uma advert\u00eancia sobre os \u201cdias cr\u00edticos\u201d para seu pa\u00eds foi feita pelo primeiro-ministro polon\u00eas, Donald Tusk, que ordenou o fechamento total da fronteira com Belarus at\u00e9 a conclus\u00e3o das manobras.<\/p>\n<p>Litu\u00e2nia e Let\u00f4nia tamb\u00e9m anunciaram fechamentos parciais do espa\u00e7o a\u00e9reo. O ponto m\u00e1ximo das tens\u00f5es com Moscou foi atingido com a incurs\u00e3o na madrugada da \u00faltima quarta-feira (10) de pelo menos 19 drones no espa\u00e7o a\u00e9reo polon\u00eas.<\/p>\n<p>A situa\u00e7\u00e3o obrigou a mobiliza\u00e7\u00e3o das defesas a\u00e9reas da Otan. Vars\u00f3via considerou que foi uma incurs\u00e3o deliberada, o que \u00e9 negado pelo Kremlin. As manobras desta sexta-feira s\u00e3o \u201cexerc\u00edcios planejados, n\u00e3o s\u00e3o direcionadas contra ningu\u00e9m\u201d, declarou o porta-voz do Kremlin, Dmitri Peskov.<\/p>\n<h2>M\u00edsseis Oreshnik<\/h2>\n<p>As inten\u00e7\u00f5es da R\u00fassia foram questionadas pelo presidente ucraniano, Volodimir Zelensky. Para ele, os exerc\u00edcios n\u00e3o eram \u201cdefensivos\u201d e \u201cn\u00e3o apontavam apenas para a Ucr\u00e2nia\u201d.<\/p>\n<p>Essa \u00e9 a primeira vez que os exerc\u00edcios de Zapad s\u00e3o realizados desde o in\u00edcio do conflito com a Ucr\u00e2nia. Na \u00faltima vez que foram realizados, em 2021, as manobras mobilizaram quase 200.000 soldados russos, alguns meses antes do come\u00e7o da ofensiva.<\/p>\n<p>Neste ano, no entanto, os exerc\u00edcios devem ser consideravelmente menores, j\u00e1 que centenas de milhares de soldados russos est\u00e3o mobilizados na Ucr\u00e2nia. De acordo com Tusk, o objetivo das manobras \u00e9 simular a ocupa\u00e7\u00e3o do corredor de Suwalki, que se estende ao longo da fronteira entre Pol\u00f4nia e Litu\u00e2nia, com o enclave russo de Kaliningrado ao oeste e a Bielorr\u00fassia ao leste.<\/p>\n<p>*Com ag\u00eancias<\/p>\n<p><i>(Sob supervis\u00e3o de Fabr\u00edcio Lima)<\/i><\/p>\n<p><bsp-list-loadmore class=\"PageListStandardG\" data-module=\"\" data-show-loadmore=\"true\" data-list-title-size=\"3\" data-list-description-size=\"3\"><\/p>\n<p>    <a class=\"AnchorLink\" title=\"leia-tambem\" name=\"leia-tambem\"\/><\/p>\n<p><\/bsp-list-loadmore><\/p><\/div>\n<p><script>\n  window.fbAsyncInit = function() {\n      FB.init({\n              appId : '1447052969554341',\n          xfbml : true,\n          version : 'v2.9'\n      });\n  };\n  (function(d, s, id){\n     var js, fjs = d.getElementsByTagName(s)[0];\n     if (d.getElementById(id)) {return;}\n     js = d.createElement(s); js.id = id;\n     js.src = \"https:\/\/connect.facebook.net\/en_US\/sdk.js\";\n     fjs.parentNode.insertBefore(js, fjs);\n   }(document, 'script', 'facebook-jssdk'));\n<\/script><br \/>\n  <\/a><\/p>\n","protected":false},"excerpt":{"rendered":"<p>R\u00fassia e Bielorr\u00fassia, aliado crucial de Moscou, come\u00e7aram exerc\u00edcios militares conjuntos sob o olhar inquieto da Otan nesta sexta-feira (12). A mega a\u00e7\u00e3o militar acontece depois que a Pol\u00f4nia acusou o Kremlin de aprofundar tens\u00f5es com a incurs\u00e3o de drones em seu espa\u00e7o a\u00e9reo. \u201cAs manobras conjuntas estrat\u00e9gicas das For\u00e7as Armadas russas e bielorrussas come\u00e7aram\u201d,&#8230;<\/p>\n","protected":false},"author":2,"featured_media":8707,"comment_status":"open","ping_status":"open","sticky":false,"template":"","format":"standard","meta":{"footnotes":""},"categories":[2],"tags":[],"class_list":["post-8706","post","type-post","status-publish","format-standard","has-post-thumbnail","hentry","category-decor"],"yoast_head":"<!-- This site is optimized with the Yoast SEO plugin v27.3 - https:\/\/yoast.com\/product\/yoast-seo-wordpress\/ -->\n<title>Mega exerc\u00edcio militar de R\u00fassia e Bielorr\u00fassia eleva tens\u00e3o com a Otan -<\/title>\n<meta name=\"robots\" content=\"index, follow, max-snippet:-1, max-image-preview:large, max-video-preview:-1\" \/>\n<link rel=\"canonical\" href=\"https:\/\/oficialnoticias.com\/?p=8706\" \/>\n<meta property=\"og:locale\" content=\"pt_BR\" \/>\n<meta property=\"og:type\" content=\"article\" \/>\n<meta property=\"og:title\" content=\"Mega exerc\u00edcio militar de R\u00fassia e Bielorr\u00fassia eleva tens\u00e3o com a Otan -\" \/>\n<meta property=\"og:description\" content=\"R\u00fassia e Bielorr\u00fassia, aliado crucial de Moscou, come\u00e7aram exerc\u00edcios militares conjuntos sob o olhar inquieto da Otan nesta sexta-feira (12). A mega a\u00e7\u00e3o militar acontece depois que a Pol\u00f4nia acusou o Kremlin de aprofundar tens\u00f5es com a incurs\u00e3o de drones em seu espa\u00e7o a\u00e9reo. \u201cAs manobras conjuntas estrat\u00e9gicas das For\u00e7as Armadas russas e bielorrussas come\u00e7aram\u201d,...\" \/>\n<meta property=\"og:url\" content=\"https:\/\/oficialnoticias.com\/?p=8706\" \/>\n<meta property=\"article:published_time\" content=\"2025-09-12T20:34:00+00:00\" \/>\n<meta property=\"article:modified_time\" content=\"2025-09-12T20:34:05+00:00\" \/>\n<meta property=\"og:image\" content=\"https:\/\/oficialnoticias.com\/wp-content\/uploads\/2025\/09\/urlhttps3A2F2Fk2-prod-radio-itatiaia.s3.us-east-1.amazonaws.com2Fbrightspot2F372F8a2F2c20bb.webp\" \/>\n\t<meta property=\"og:image:width\" content=\"1200\" \/>\n\t<meta property=\"og:image:height\" content=\"630\" \/>\n\t<meta property=\"og:image:type\" content=\"image\/webp\" \/>\n<meta name=\"author\" content=\"Luana Gon\u00e7alves\" \/>\n<meta name=\"twitter:card\" content=\"summary_large_image\" \/>\n<meta name=\"twitter:label1\" content=\"Escrito por\" \/>\n\t<meta name=\"twitter:data1\" content=\"Luana Gon\u00e7alves\" \/>\n\t<meta name=\"twitter:label2\" content=\"Est. tempo de leitura\" \/>\n\t<meta name=\"twitter:data2\" content=\"3 minutos\" \/>\n<script type=\"application\/ld+json\" class=\"yoast-schema-graph\">{\"@context\":\"https:\\\/\\\/schema.org\",\"@graph\":[{\"@type\":\"Article\",\"@id\":\"https:\\\/\\\/oficialnoticias.com\\\/?p=8706#article\",\"isPartOf\":{\"@id\":\"https:\\\/\\\/oficialnoticias.com\\\/?p=8706\"},\"author\":{\"name\":\"Luana Gon\u00e7alves\",\"@id\":\"https:\\\/\\\/oficialnoticias.com\\\/#\\\/schema\\\/person\\\/2d1dcbb6bfbc28d68171b4dc04723d4a\"},\"headline\":\"Mega exerc\u00edcio militar de R\u00fassia e Bielorr\u00fassia eleva tens\u00e3o com a Otan\",\"datePublished\":\"2025-09-12T20:34:00+00:00\",\"dateModified\":\"2025-09-12T20:34:05+00:00\",\"mainEntityOfPage\":{\"@id\":\"https:\\\/\\\/oficialnoticias.com\\\/?p=8706\"},\"wordCount\":543,\"commentCount\":0,\"publisher\":{\"@id\":\"https:\\\/\\\/oficialnoticias.com\\\/#organization\"},\"image\":{\"@id\":\"https:\\\/\\\/oficialnoticias.com\\\/?p=8706#primaryimage\"},\"thumbnailUrl\":\"https:\\\/\\\/oficialnoticias.com\\\/wp-content\\\/uploads\\\/2025\\\/09\\\/urlhttps3A2F2Fk2-prod-radio-itatiaia.s3.us-east-1.amazonaws.com2Fbrightspot2F372F8a2F2c20bb.webp\",\"articleSection\":[\"Mundo\"],\"inLanguage\":\"pt-BR\",\"potentialAction\":[{\"@type\":\"CommentAction\",\"name\":\"Comment\",\"target\":[\"https:\\\/\\\/oficialnoticias.com\\\/?p=8706#respond\"]}]},{\"@type\":\"WebPage\",\"@id\":\"https:\\\/\\\/oficialnoticias.com\\\/?p=8706\",\"url\":\"https:\\\/\\\/oficialnoticias.com\\\/?p=8706\",\"name\":\"Mega exerc\u00edcio militar de R\u00fassia e Bielorr\u00fassia eleva tens\u00e3o com a Otan -\",\"isPartOf\":{\"@id\":\"https:\\\/\\\/oficialnoticias.com\\\/#website\"},\"primaryImageOfPage\":{\"@id\":\"https:\\\/\\\/oficialnoticias.com\\\/?p=8706#primaryimage\"},\"image\":{\"@id\":\"https:\\\/\\\/oficialnoticias.com\\\/?p=8706#primaryimage\"},\"thumbnailUrl\":\"https:\\\/\\\/oficialnoticias.com\\\/wp-content\\\/uploads\\\/2025\\\/09\\\/urlhttps3A2F2Fk2-prod-radio-itatiaia.s3.us-east-1.amazonaws.com2Fbrightspot2F372F8a2F2c20bb.webp\",\"datePublished\":\"2025-09-12T20:34:00+00:00\",\"dateModified\":\"2025-09-12T20:34:05+00:00\",\"breadcrumb\":{\"@id\":\"https:\\\/\\\/oficialnoticias.com\\\/?p=8706#breadcrumb\"},\"inLanguage\":\"pt-BR\",\"potentialAction\":[{\"@type\":\"ReadAction\",\"target\":[\"https:\\\/\\\/oficialnoticias.com\\\/?p=8706\"]}]},{\"@type\":\"ImageObject\",\"inLanguage\":\"pt-BR\",\"@id\":\"https:\\\/\\\/oficialnoticias.com\\\/?p=8706#primaryimage\",\"url\":\"https:\\\/\\\/oficialnoticias.com\\\/wp-content\\\/uploads\\\/2025\\\/09\\\/urlhttps3A2F2Fk2-prod-radio-itatiaia.s3.us-east-1.amazonaws.com2Fbrightspot2F372F8a2F2c20bb.webp\",\"contentUrl\":\"https:\\\/\\\/oficialnoticias.com\\\/wp-content\\\/uploads\\\/2025\\\/09\\\/urlhttps3A2F2Fk2-prod-radio-itatiaia.s3.us-east-1.amazonaws.com2Fbrightspot2F372F8a2F2c20bb.webp\",\"width\":1200,\"height\":630},{\"@type\":\"BreadcrumbList\",\"@id\":\"https:\\\/\\\/oficialnoticias.com\\\/?p=8706#breadcrumb\",\"itemListElement\":[{\"@type\":\"ListItem\",\"position\":1,\"name\":\"In\u00edcio\",\"item\":\"https:\\\/\\\/oficialnoticias.com\\\/\"},{\"@type\":\"ListItem\",\"position\":2,\"name\":\"Mega exerc\u00edcio militar de R\u00fassia e Bielorr\u00fassia eleva tens\u00e3o com a Otan\"}]},{\"@type\":\"WebSite\",\"@id\":\"https:\\\/\\\/oficialnoticias.com\\\/#website\",\"url\":\"https:\\\/\\\/oficialnoticias.com\\\/\",\"name\":\"oficial Noticias\",\"description\":\"\",\"publisher\":{\"@id\":\"https:\\\/\\\/oficialnoticias.com\\\/#organization\"},\"potentialAction\":[{\"@type\":\"SearchAction\",\"target\":{\"@type\":\"EntryPoint\",\"urlTemplate\":\"https:\\\/\\\/oficialnoticias.com\\\/?s={search_term_string}\"},\"query-input\":{\"@type\":\"PropertyValueSpecification\",\"valueRequired\":true,\"valueName\":\"search_term_string\"}}],\"inLanguage\":\"pt-BR\"},{\"@type\":\"Organization\",\"@id\":\"https:\\\/\\\/oficialnoticias.com\\\/#organization\",\"name\":\"oficial noticias\",\"url\":\"https:\\\/\\\/oficialnoticias.com\\\/\",\"logo\":{\"@type\":\"ImageObject\",\"inLanguage\":\"pt-BR\",\"@id\":\"https:\\\/\\\/oficialnoticias.com\\\/#\\\/schema\\\/logo\\\/image\\\/\",\"url\":\"https:\\\/\\\/oficialnoticias.com\\\/wp-content\\\/uploads\\\/2025\\\/08\\\/cropped-cropped-cropped-Logo-Noticias-e1753639739829.png\",\"contentUrl\":\"https:\\\/\\\/oficialnoticias.com\\\/wp-content\\\/uploads\\\/2025\\\/08\\\/cropped-cropped-cropped-Logo-Noticias-e1753639739829.png\",\"width\":119,\"height\":86,\"caption\":\"oficial noticias\"},\"image\":{\"@id\":\"https:\\\/\\\/oficialnoticias.com\\\/#\\\/schema\\\/logo\\\/image\\\/\"}},{\"@type\":\"Person\",\"@id\":\"https:\\\/\\\/oficialnoticias.com\\\/#\\\/schema\\\/person\\\/2d1dcbb6bfbc28d68171b4dc04723d4a\",\"name\":\"Luana Gon\u00e7alves\",\"image\":{\"@type\":\"ImageObject\",\"inLanguage\":\"pt-BR\",\"@id\":\"https:\\\/\\\/secure.gravatar.com\\\/avatar\\\/7aa6afdef873224c1a0265951f3fdfc0679f65dfbd15f018612595d323c52521?s=96&d=mm&r=g\",\"url\":\"https:\\\/\\\/secure.gravatar.com\\\/avatar\\\/7aa6afdef873224c1a0265951f3fdfc0679f65dfbd15f018612595d323c52521?s=96&d=mm&r=g\",\"contentUrl\":\"https:\\\/\\\/secure.gravatar.com\\\/avatar\\\/7aa6afdef873224c1a0265951f3fdfc0679f65dfbd15f018612595d323c52521?s=96&d=mm&r=g\",\"caption\":\"Luana Gon\u00e7alves\"},\"sameAs\":[\"https:\\\/\\\/oficialnoticias.com\\\/\"],\"url\":\"https:\\\/\\\/oficialnoticias.com\\\/?author=2\"}]}<\/script>\n<!-- \/ Yoast SEO plugin. -->","yoast_head_json":{"title":"Mega exerc\u00edcio militar de R\u00fassia e Bielorr\u00fassia eleva tens\u00e3o com a Otan -","robots":{"index":"index","follow":"follow","max-snippet":"max-snippet:-1","max-image-preview":"max-image-preview:large","max-video-preview":"max-video-preview:-1"},"canonical":"https:\/\/oficialnoticias.com\/?p=8706","og_locale":"pt_BR","og_type":"article","og_title":"Mega exerc\u00edcio militar de R\u00fassia e Bielorr\u00fassia eleva tens\u00e3o com a Otan -","og_description":"R\u00fassia e Bielorr\u00fassia, aliado crucial de Moscou, come\u00e7aram exerc\u00edcios militares conjuntos sob o olhar inquieto da Otan nesta sexta-feira (12). A mega a\u00e7\u00e3o militar acontece depois que a Pol\u00f4nia acusou o Kremlin de aprofundar tens\u00f5es com a incurs\u00e3o de drones em seu espa\u00e7o a\u00e9reo. \u201cAs manobras conjuntas estrat\u00e9gicas das For\u00e7as Armadas russas e bielorrussas come\u00e7aram\u201d,...","og_url":"https:\/\/oficialnoticias.com\/?p=8706","article_published_time":"2025-09-12T20:34:00+00:00","article_modified_time":"2025-09-12T20:34:05+00:00","og_image":[{"width":1200,"height":630,"url":"https:\/\/oficialnoticias.com\/wp-content\/uploads\/2025\/09\/urlhttps3A2F2Fk2-prod-radio-itatiaia.s3.us-east-1.amazonaws.com2Fbrightspot2F372F8a2F2c20bb.webp","type":"image\/webp"}],"author":"Luana Gon\u00e7alves","twitter_card":"summary_large_image","twitter_misc":{"Escrito por":"Luana Gon\u00e7alves","Est. tempo de leitura":"3 minutos"},"schema":{"@context":"https:\/\/schema.org","@graph":[{"@type":"Article","@id":"https:\/\/oficialnoticias.com\/?p=8706#article","isPartOf":{"@id":"https:\/\/oficialnoticias.com\/?p=8706"},"author":{"name":"Luana Gon\u00e7alves","@id":"https:\/\/oficialnoticias.com\/#\/schema\/person\/2d1dcbb6bfbc28d68171b4dc04723d4a"},"headline":"Mega exerc\u00edcio militar de R\u00fassia e Bielorr\u00fassia eleva tens\u00e3o com a Otan","datePublished":"2025-09-12T20:34:00+00:00","dateModified":"2025-09-12T20:34:05+00:00","mainEntityOfPage":{"@id":"https:\/\/oficialnoticias.com\/?p=8706"},"wordCount":543,"commentCount":0,"publisher":{"@id":"https:\/\/oficialnoticias.com\/#organization"},"image":{"@id":"https:\/\/oficialnoticias.com\/?p=8706#primaryimage"},"thumbnailUrl":"https:\/\/oficialnoticias.com\/wp-content\/uploads\/2025\/09\/urlhttps3A2F2Fk2-prod-radio-itatiaia.s3.us-east-1.amazonaws.com2Fbrightspot2F372F8a2F2c20bb.webp","articleSection":["Mundo"],"inLanguage":"pt-BR","potentialAction":[{"@type":"CommentAction","name":"Comment","target":["https:\/\/oficialnoticias.com\/?p=8706#respond"]}]},{"@type":"WebPage","@id":"https:\/\/oficialnoticias.com\/?p=8706","url":"https:\/\/oficialnoticias.com\/?p=8706","name":"Mega exerc\u00edcio militar de R\u00fassia e Bielorr\u00fassia eleva tens\u00e3o com a Otan -","isPartOf":{"@id":"https:\/\/oficialnoticias.com\/#website"},"primaryImageOfPage":{"@id":"https:\/\/oficialnoticias.com\/?p=8706#primaryimage"},"image":{"@id":"https:\/\/oficialnoticias.com\/?p=8706#primaryimage"},"thumbnailUrl":"https:\/\/oficialnoticias.com\/wp-content\/uploads\/2025\/09\/urlhttps3A2F2Fk2-prod-radio-itatiaia.s3.us-east-1.amazonaws.com2Fbrightspot2F372F8a2F2c20bb.webp","datePublished":"2025-09-12T20:34:00+00:00","dateModified":"2025-09-12T20:34:05+00:00","breadcrumb":{"@id":"https:\/\/oficialnoticias.com\/?p=8706#breadcrumb"},"inLanguage":"pt-BR","potentialAction":[{"@type":"ReadAction","target":["https:\/\/oficialnoticias.com\/?p=8706"]}]},{"@type":"ImageObject","inLanguage":"pt-BR","@id":"https:\/\/oficialnoticias.com\/?p=8706#primaryimage","url":"https:\/\/oficialnoticias.com\/wp-content\/uploads\/2025\/09\/urlhttps3A2F2Fk2-prod-radio-itatiaia.s3.us-east-1.amazonaws.com2Fbrightspot2F372F8a2F2c20bb.webp","contentUrl":"https:\/\/oficialnoticias.com\/wp-content\/uploads\/2025\/09\/urlhttps3A2F2Fk2-prod-radio-itatiaia.s3.us-east-1.amazonaws.com2Fbrightspot2F372F8a2F2c20bb.webp","width":1200,"height":630},{"@type":"BreadcrumbList","@id":"https:\/\/oficialnoticias.com\/?p=8706#breadcrumb","itemListElement":[{"@type":"ListItem","position":1,"name":"In\u00edcio","item":"https:\/\/oficialnoticias.com\/"},{"@type":"ListItem","position":2,"name":"Mega exerc\u00edcio militar de R\u00fassia e Bielorr\u00fassia eleva tens\u00e3o com a Otan"}]},{"@type":"WebSite","@id":"https:\/\/oficialnoticias.com\/#website","url":"https:\/\/oficialnoticias.com\/","name":"oficial Noticias","description":"","publisher":{"@id":"https:\/\/oficialnoticias.com\/#organization"},"potentialAction":[{"@type":"SearchAction","target":{"@type":"EntryPoint","urlTemplate":"https:\/\/oficialnoticias.com\/?s={search_term_string}"},"query-input":{"@type":"PropertyValueSpecification","valueRequired":true,"valueName":"search_term_string"}}],"inLanguage":"pt-BR"},{"@type":"Organization","@id":"https:\/\/oficialnoticias.com\/#organization","name":"oficial noticias","url":"https:\/\/oficialnoticias.com\/","logo":{"@type":"ImageObject","inLanguage":"pt-BR","@id":"https:\/\/oficialnoticias.com\/#\/schema\/logo\/image\/","url":"https:\/\/oficialnoticias.com\/wp-content\/uploads\/2025\/08\/cropped-cropped-cropped-Logo-Noticias-e1753639739829.png","contentUrl":"https:\/\/oficialnoticias.com\/wp-content\/uploads\/2025\/08\/cropped-cropped-cropped-Logo-Noticias-e1753639739829.png","width":119,"height":86,"caption":"oficial noticias"},"image":{"@id":"https:\/\/oficialnoticias.com\/#\/schema\/logo\/image\/"}},{"@type":"Person","@id":"https:\/\/oficialnoticias.com\/#\/schema\/person\/2d1dcbb6bfbc28d68171b4dc04723d4a","name":"Luana Gon\u00e7alves","image":{"@type":"ImageObject","inLanguage":"pt-BR","@id":"https:\/\/secure.gravatar.com\/avatar\/7aa6afdef873224c1a0265951f3fdfc0679f65dfbd15f018612595d323c52521?s=96&d=mm&r=g","url":"https:\/\/secure.gravatar.com\/avatar\/7aa6afdef873224c1a0265951f3fdfc0679f65dfbd15f018612595d323c52521?s=96&d=mm&r=g","contentUrl":"https:\/\/secure.gravatar.com\/avatar\/7aa6afdef873224c1a0265951f3fdfc0679f65dfbd15f018612595d323c52521?s=96&d=mm&r=g","caption":"Luana Gon\u00e7alves"},"sameAs":["https:\/\/oficialnoticias.com\/"],"url":"https:\/\/oficialnoticias.com\/?author=2"}]}},"_links":{"self":[{"href":"https:\/\/oficialnoticias.com\/index.php?rest_route=\/wp\/v2\/posts\/8706","targetHints":{"allow":["GET"]}}],"collection":[{"href":"https:\/\/oficialnoticias.com\/index.php?rest_route=\/wp\/v2\/posts"}],"about":[{"href":"https:\/\/oficialnoticias.com\/index.php?rest_route=\/wp\/v2\/types\/post"}],"author":[{"embeddable":true,"href":"https:\/\/oficialnoticias.com\/index.php?rest_route=\/wp\/v2\/users\/2"}],"replies":[{"embeddable":true,"href":"https:\/\/oficialnoticias.com\/index.php?rest_route=%2Fwp%2Fv2%2Fcomments&post=8706"}],"version-history":[{"count":1,"href":"https:\/\/oficialnoticias.com\/index.php?rest_route=\/wp\/v2\/posts\/8706\/revisions"}],"predecessor-version":[{"id":8708,"href":"https:\/\/oficialnoticias.com\/index.php?rest_route=\/wp\/v2\/posts\/8706\/revisions\/8708"}],"wp:featuredmedia":[{"embeddable":true,"href":"https:\/\/oficialnoticias.com\/index.php?rest_route=\/wp\/v2\/media\/8707"}],"wp:attachment":[{"href":"https:\/\/oficialnoticias.com\/index.php?rest_route=%2Fwp%2Fv2%2Fmedia&parent=8706"}],"wp:term":[{"taxonomy":"category","embeddable":true,"href":"https:\/\/oficialnoticias.com\/index.php?rest_route=%2Fwp%2Fv2%2Fcategories&post=8706"},{"taxonomy":"post_tag","embeddable":true,"href":"https:\/\/oficialnoticias.com\/index.php?rest_route=%2Fwp%2Fv2%2Ftags&post=8706"}],"curies":[{"name":"wp","href":"https:\/\/api.w.org\/{rel}","templated":true}]}}