{"id":7903,"date":"2025-09-09T10:59:21","date_gmt":"2025-09-09T13:59:21","guid":{"rendered":"https:\/\/oficialnoticias.com\/?p=7903"},"modified":"2025-09-09T10:59:24","modified_gmt":"2025-09-09T13:59:24","slug":"julgamento-moraes-rebate-alegacoes-de-contradicao-na-delacao-de-mauro-cid","status":"publish","type":"post","link":"https:\/\/oficialnoticias.com\/?p=7903","title":{"rendered":"Julgamento: Moraes rebate alega\u00e7\u00f5es de contradi\u00e7\u00e3o na dela\u00e7\u00e3o de Mauro Cid"},"content":{"rendered":"<p><\/p>\n<div>\n<p>O ministro do Supremo Tribunal Federal, Alexandre de Moraes, afirmou nesta ter\u00e7a-feira (09), <bsp-link-enhancement><br \/>\n    <span class=\"LinkEnhancement\"><a class=\"Link\" href=\"https:\/\/www.itatiaia.com.br\/politica\/ao-vivo\/julgamento-de-bolsonaro-assista-ao-vivo-direto-do-stf\" target=\"_blank\" title=\"na retomada do julgamento da suposta trama golpista\" rel=\"noopener\">na retomada do julgamento da suposta trama golpista<\/a><\/span><\/bsp-link-enhancement>, que \u201cbeira a litig\u00e2ncia de m\u00e1 f\u00e9&#8221; afirmar que os primeiros oito depoimentos de <bsp-link-enhancement><br \/>\n    <span class=\"LinkEnhancement\"><a class=\"Link\" href=\"https:\/\/www.itatiaia.com.br\/politica\/julgamento-de-bolsonaro-defesa-diz-que-cid-nao-pode-ser-cobrado-por-escorregadas-em-delacao\" title=\"Mauro Cid\">Mauro Cid<\/a><\/span><\/bsp-link-enhancement> configuram \u201coito dela\u00e7\u00f5es\u201d, conforme sustentam as defesas de alguns r\u00e9us.<\/p>\n<p>Segundo ministro e relator da a\u00e7\u00e3o penal, eventuais omiss\u00f5es e contradi\u00e7\u00f5es de Cid n\u00e3o anulam sua dela\u00e7\u00e3o. \u201cN\u00e3o h\u00e1 nem oito, nem nove, nem quatorze dela\u00e7\u00f5es\u201d, continua Moraes.<\/p>\n<p>\u201cAs defesas insistem, eu diria, que confundem os oito primeiros depoimentos dados sucessivamente em 28 de agosto de 2023, com oito dela\u00e7\u00f5es contradit\u00f3rias. Isso foi reiteradamente dito aqui, como se fosse uma verdade. Isso, com todo o respeito, beira a litig\u00e2ncia de m\u00e1-f\u00e9, isso beira a litig\u00e2ncia de m\u00e1-f\u00e9, dizer que os oito primeiros depoimentos foram oito dela\u00e7\u00f5es contradit\u00f3rias\u201d, segue Moraes.<\/p>\n<p>Na semana passada, durante <bsp-link-enhancement><br \/>\n    <span class=\"LinkEnhancement\"><a class=\"Link\" href=\"https:\/\/www.itatiaia.com.br\/politica\/ao-vivo\/julgamento-de-bolsonaro-assista-ao-vivo-direto-do-stf\" target=\"_blank\" title=\"o segundo dia do julgamento\" rel=\"noopener\">o segundo dia do julgamento<\/a><\/span><\/bsp-link-enhancement>, pela Primeira Turma, <bsp-link-enhancement><br \/>\n    <span class=\"LinkEnhancement\"><a class=\"Link\" href=\"https:\/\/www.itatiaia.com.br\/politica\/defesa-de-bolsonaro-diz-que-nao-ha-provas-contra-ex-presidente-e-questiona-delacao-de-cid\" title=\"o advogado de Jair Bolsonaro (PL), C\u00e9zar Vilardi\">o advogado de Jair Bolsonaro (PL), C\u00e9zar Vilardi<\/a><\/span><\/bsp-link-enhancement>, questionou a dela\u00e7\u00e3o premiada do ex-ajudante de ordens do ex-presidente.<\/p>\n<p><bsp-list-loadmore class=\"PageListStandardG\" data-module=\"\" data-show-loadmore=\"true\" data-list-title-size=\"3\" data-list-description-size=\"3\"><\/p>\n<p>    <a class=\"AnchorLink\" title=\"leia-tambem\" name=\"leia-tambem\"\/><\/p>\n<p><\/bsp-list-loadmore><\/p>\n<p>\u201cUm processo que tem in\u00edcio, em rela\u00e7\u00e3o ao ex-presidente, com base em uma dela\u00e7\u00e3o e em uma minuta encontrada no celular de um colaborador da Justi\u00e7a. Da\u00ed em diante, o que aconteceu com a investiga\u00e7\u00e3o da PF e com a den\u00fancia do MP \u00e9 uma sucess\u00e3o inacredit\u00e1vel de fatos\u201d, afirmou.<\/p>\n<p>Moraes, na sustenta\u00e7\u00e3o desta ter\u00e7a, defendeu o processo de dela\u00e7\u00e3o. \u201cA colabora\u00e7\u00e3o premiada n\u00e3o \u00e9 privativa do Minist\u00e9rio P\u00fablico. As discuss\u00f5es foram longas do plen\u00e1rio e, por ampla, a maioria, de 8 votos a 3, o Supremo Tribunal Federal decidiu que a colabora\u00e7\u00e3o premiada \u00e9 um meio de obten\u00e7\u00e3o de prova. Como meio de obten\u00e7\u00e3o de prova, a pol\u00edcia tamb\u00e9m tem o direito de realizar o acordo com o investigado colaborador\u201d, afirmou.<\/p>\n<h2>O julgamento<\/h2>\n<p>Os r\u00e9us respondem pelos crimes de organiza\u00e7\u00e3o criminosa armada, tentativa de aboli\u00e7\u00e3o violenta do Estado Democr\u00e1tico de Direito, golpe de Estado, dano qualificado pela viol\u00eancia e grave amea\u00e7a e deteriora\u00e7\u00e3o de patrim\u00f4nio tombado. Somadas, as penas podem chegar a mais de 30 anos de pris\u00e3o.<\/p>\n<p>Nos dois primeiros dias de julgamento, foram ouvidas as sustenta\u00e7\u00f5es das defesas dos r\u00e9us, enquanto Paulo Gonet, procurador-geral da Rep\u00fablica, defendeu o pedido para a condena\u00e7\u00e3o dos acusados.<\/p>\n<p><b>A sequ\u00eancia dos votos ser\u00e1:<\/b><\/p>\n<ul>\n<li>Alexandre de Moraes (relator)<\/li>\n<li>Fl\u00e1vio Dino<\/li>\n<li>Luiz Fux<\/li>\n<li>C\u00e1rmen L\u00facia<\/li>\n<li>Cristiano Zanin (presidente da Primeira Turma)<\/li>\n<\/ul>\n<p>Os r\u00e9us ser\u00e3o condenados ou absolvidos caso haja voto de pelo menos tr\u00eas dos cinco membros da Turma. Devido \u00e0 jurisprud\u00eancia do STF, s\u00f3 deve haver recurso para o plen\u00e1rio da Corte caso haja dois votos divergentes.<\/p>\n<p><b>S\u00e3o r\u00e9us:<\/b><\/p>\n<ul>\n<li>Jair Bolsonaro, ex-presidente da Rep\u00fablica;<\/li>\n<li>Alexandre Ramagem, ex-diretor da Abin;<\/li>\n<li>Almir Garnier, ex-comandante da Marinha;<\/li>\n<li>Anderson Torres, ex-ministro da Justi\u00e7a;<\/li>\n<li>Augusto Heleno, ex-ministro do GSI;<\/li>\n<li>Paulo S\u00e9rgio Nogueira, ex-ministro da Defesa;<\/li>\n<li>Walter Braga Netto, ex-ministro de Bolsonaro e candidato a vice na chapa do ex-presidente em 2022<\/li>\n<li>Mauro Cid, ex-ajudante de ordens de Bolsonaro e delator.<\/li>\n<\/ul>\n<p><b>Os crimes investigados:<\/b><\/p>\n<ul>\n<li>Organiza\u00e7\u00e3o criminosa armada,<\/li>\n<li>Tentativa de aboli\u00e7\u00e3o violenta do Estado democr\u00e1tico de Direito,<\/li>\n<li>Tentativa de golpe de Estado,<\/li>\n<li>Dano qualificado pela viol\u00eancia e grave amea\u00e7a e<\/li>\n<li>Deteriora\u00e7\u00e3o de patrim\u00f4nio tombado.<\/li>\n<\/ul>\n<p><b>Agenda das sess\u00f5es:<\/b><\/p>\n<ul>\n<li>Dia 9, ter\u00e7a-feira \u2013 \u00e0s 9h e \u00e0s 14h;<\/li>\n<li>Dia 10, quarta-feira \u2013 \u00e0s 9h;<\/li>\n<li>Dia 11, quinta-feira \u2013 \u00e0s 9h e \u00e0s 14h;<\/li>\n<li>Dia 12, sexta-feira \u2013 \u00e0s 9h e \u00e0s 14h.<\/li>\n<\/ul><\/div>\n<p><script>\n  window.fbAsyncInit = function() {\n      FB.init({\n              appId : '1447052969554341',\n          xfbml : true,\n          version : 'v2.9'\n      });\n  };\n  (function(d, s, id){\n     var js, fjs = d.getElementsByTagName(s)[0];\n     if (d.getElementById(id)) {return;}\n     js = d.createElement(s); js.id = id;\n     js.src = \"https:\/\/connect.facebook.net\/en_US\/sdk.js\";\n     fjs.parentNode.insertBefore(js, fjs);\n   }(document, 'script', 'facebook-jssdk'));\n<\/script><\/p>\n","protected":false},"excerpt":{"rendered":"<p>O ministro do Supremo Tribunal Federal, Alexandre de Moraes, afirmou nesta ter\u00e7a-feira (09), na retomada do julgamento da suposta trama golpista, que \u201cbeira a litig\u00e2ncia de m\u00e1 f\u00e9&#8221; afirmar que os primeiros oito depoimentos de Mauro Cid configuram \u201coito dela\u00e7\u00f5es\u201d, conforme sustentam as defesas de alguns r\u00e9us. Segundo ministro e relator da a\u00e7\u00e3o penal, eventuais&#8230;<\/p>\n","protected":false},"author":2,"featured_media":7904,"comment_status":"open","ping_status":"open","sticky":false,"template":"","format":"standard","meta":{"footnotes":""},"categories":[24],"tags":[],"class_list":["post-7903","post","type-post","status-publish","format-standard","has-post-thumbnail","hentry","category-politica"],"yoast_head":"<!-- This site is optimized with the Yoast SEO plugin v28.1 - https:\/\/yoast.com\/product\/yoast-seo-wordpress\/ -->\n<title>Julgamento: Moraes rebate alega\u00e7\u00f5es de contradi\u00e7\u00e3o na dela\u00e7\u00e3o de Mauro Cid -<\/title>\n<meta name=\"robots\" content=\"index, follow, max-snippet:-1, max-image-preview:large, max-video-preview:-1\" \/>\n<link rel=\"canonical\" href=\"https:\/\/oficialnoticias.com\/?p=7903\" \/>\n<meta property=\"og:locale\" content=\"pt_BR\" \/>\n<meta property=\"og:type\" content=\"article\" \/>\n<meta property=\"og:title\" content=\"Julgamento: Moraes rebate alega\u00e7\u00f5es de contradi\u00e7\u00e3o na dela\u00e7\u00e3o de Mauro Cid -\" \/>\n<meta property=\"og:description\" content=\"O ministro do Supremo Tribunal Federal, Alexandre de Moraes, afirmou nesta ter\u00e7a-feira (09), na retomada do julgamento da suposta trama golpista, que \u201cbeira a litig\u00e2ncia de m\u00e1 f\u00e9&#8221; afirmar que os primeiros oito depoimentos de Mauro Cid configuram \u201coito dela\u00e7\u00f5es\u201d, conforme sustentam as defesas de alguns r\u00e9us. Segundo ministro e relator da a\u00e7\u00e3o penal, eventuais...\" \/>\n<meta property=\"og:url\" content=\"https:\/\/oficialnoticias.com\/?p=7903\" \/>\n<meta property=\"article:published_time\" content=\"2025-09-09T13:59:21+00:00\" \/>\n<meta property=\"article:modified_time\" content=\"2025-09-09T13:59:24+00:00\" \/>\n<meta property=\"og:image\" content=\"https:\/\/oficialnoticias.com\/wp-content\/uploads\/2025\/09\/urlhttps3A2F2Fk2-prod-radio-itatiaia.s3.us-east-1.amazonaws.com2Fbrightspot2Fed2F162F0096f0.webp\" \/>\n\t<meta property=\"og:image:width\" content=\"1200\" \/>\n\t<meta property=\"og:image:height\" content=\"630\" \/>\n\t<meta property=\"og:image:type\" content=\"image\/webp\" \/>\n<meta name=\"author\" content=\"Luana Gon\u00e7alves\" \/>\n<meta name=\"twitter:card\" content=\"summary_large_image\" \/>\n<meta name=\"twitter:label1\" content=\"Escrito por\" \/>\n\t<meta name=\"twitter:data1\" content=\"Luana Gon\u00e7alves\" \/>\n\t<meta name=\"twitter:label2\" content=\"Est. tempo de leitura\" \/>\n\t<meta name=\"twitter:data2\" content=\"3 minutos\" \/>\n<script type=\"application\/ld+json\" class=\"yoast-schema-graph\">{\"@context\":\"https:\\\/\\\/schema.org\",\"@graph\":[{\"@type\":\"Article\",\"@id\":\"https:\\\/\\\/oficialnoticias.com\\\/?p=7903#article\",\"isPartOf\":{\"@id\":\"https:\\\/\\\/oficialnoticias.com\\\/?p=7903\"},\"author\":{\"name\":\"Luana Gon\u00e7alves\",\"@id\":\"https:\\\/\\\/oficialnoticias.com\\\/#\\\/schema\\\/person\\\/2d1dcbb6bfbc28d68171b4dc04723d4a\"},\"headline\":\"Julgamento: Moraes rebate alega\u00e7\u00f5es de contradi\u00e7\u00e3o na dela\u00e7\u00e3o de Mauro Cid\",\"datePublished\":\"2025-09-09T13:59:21+00:00\",\"dateModified\":\"2025-09-09T13:59:24+00:00\",\"mainEntityOfPage\":{\"@id\":\"https:\\\/\\\/oficialnoticias.com\\\/?p=7903\"},\"wordCount\":621,\"commentCount\":0,\"publisher\":{\"@id\":\"https:\\\/\\\/oficialnoticias.com\\\/#organization\"},\"image\":{\"@id\":\"https:\\\/\\\/oficialnoticias.com\\\/?p=7903#primaryimage\"},\"thumbnailUrl\":\"https:\\\/\\\/oficialnoticias.com\\\/wp-content\\\/uploads\\\/2025\\\/09\\\/urlhttps3A2F2Fk2-prod-radio-itatiaia.s3.us-east-1.amazonaws.com2Fbrightspot2Fed2F162F0096f0.webp\",\"articleSection\":[\"Politica\"],\"inLanguage\":\"pt-BR\",\"potentialAction\":[{\"@type\":\"CommentAction\",\"name\":\"Comment\",\"target\":[\"https:\\\/\\\/oficialnoticias.com\\\/?p=7903#respond\"]}]},{\"@type\":\"WebPage\",\"@id\":\"https:\\\/\\\/oficialnoticias.com\\\/?p=7903\",\"url\":\"https:\\\/\\\/oficialnoticias.com\\\/?p=7903\",\"name\":\"Julgamento: Moraes rebate alega\u00e7\u00f5es de contradi\u00e7\u00e3o na dela\u00e7\u00e3o de Mauro Cid -\",\"isPartOf\":{\"@id\":\"https:\\\/\\\/oficialnoticias.com\\\/#website\"},\"primaryImageOfPage\":{\"@id\":\"https:\\\/\\\/oficialnoticias.com\\\/?p=7903#primaryimage\"},\"image\":{\"@id\":\"https:\\\/\\\/oficialnoticias.com\\\/?p=7903#primaryimage\"},\"thumbnailUrl\":\"https:\\\/\\\/oficialnoticias.com\\\/wp-content\\\/uploads\\\/2025\\\/09\\\/urlhttps3A2F2Fk2-prod-radio-itatiaia.s3.us-east-1.amazonaws.com2Fbrightspot2Fed2F162F0096f0.webp\",\"datePublished\":\"2025-09-09T13:59:21+00:00\",\"dateModified\":\"2025-09-09T13:59:24+00:00\",\"breadcrumb\":{\"@id\":\"https:\\\/\\\/oficialnoticias.com\\\/?p=7903#breadcrumb\"},\"inLanguage\":\"pt-BR\",\"potentialAction\":[{\"@type\":\"ReadAction\",\"target\":[\"https:\\\/\\\/oficialnoticias.com\\\/?p=7903\"]}]},{\"@type\":\"ImageObject\",\"inLanguage\":\"pt-BR\",\"@id\":\"https:\\\/\\\/oficialnoticias.com\\\/?p=7903#primaryimage\",\"url\":\"https:\\\/\\\/oficialnoticias.com\\\/wp-content\\\/uploads\\\/2025\\\/09\\\/urlhttps3A2F2Fk2-prod-radio-itatiaia.s3.us-east-1.amazonaws.com2Fbrightspot2Fed2F162F0096f0.webp\",\"contentUrl\":\"https:\\\/\\\/oficialnoticias.com\\\/wp-content\\\/uploads\\\/2025\\\/09\\\/urlhttps3A2F2Fk2-prod-radio-itatiaia.s3.us-east-1.amazonaws.com2Fbrightspot2Fed2F162F0096f0.webp\",\"width\":1200,\"height\":630},{\"@type\":\"BreadcrumbList\",\"@id\":\"https:\\\/\\\/oficialnoticias.com\\\/?p=7903#breadcrumb\",\"itemListElement\":[{\"@type\":\"ListItem\",\"position\":1,\"name\":\"In\u00edcio\",\"item\":\"https:\\\/\\\/oficialnoticias.com\\\/\"},{\"@type\":\"ListItem\",\"position\":2,\"name\":\"Julgamento: Moraes rebate alega\u00e7\u00f5es de contradi\u00e7\u00e3o na dela\u00e7\u00e3o de Mauro Cid\"}]},{\"@type\":\"WebSite\",\"@id\":\"https:\\\/\\\/oficialnoticias.com\\\/#website\",\"url\":\"https:\\\/\\\/oficialnoticias.com\\\/\",\"name\":\"oficial Noticias\",\"description\":\"\",\"publisher\":{\"@id\":\"https:\\\/\\\/oficialnoticias.com\\\/#organization\"},\"potentialAction\":[{\"@type\":\"SearchAction\",\"target\":{\"@type\":\"EntryPoint\",\"urlTemplate\":\"https:\\\/\\\/oficialnoticias.com\\\/?s={search_term_string}\"},\"query-input\":{\"@type\":\"PropertyValueSpecification\",\"valueRequired\":true,\"valueName\":\"search_term_string\"}}],\"inLanguage\":\"pt-BR\"},{\"@type\":\"Organization\",\"@id\":\"https:\\\/\\\/oficialnoticias.com\\\/#organization\",\"name\":\"oficial noticias\",\"url\":\"https:\\\/\\\/oficialnoticias.com\\\/\",\"logo\":{\"@type\":\"ImageObject\",\"inLanguage\":\"pt-BR\",\"@id\":\"https:\\\/\\\/oficialnoticias.com\\\/#\\\/schema\\\/logo\\\/image\\\/\",\"url\":\"https:\\\/\\\/oficialnoticias.com\\\/wp-content\\\/uploads\\\/2025\\\/08\\\/cropped-cropped-cropped-Logo-Noticias-e1753639739829.png\",\"contentUrl\":\"https:\\\/\\\/oficialnoticias.com\\\/wp-content\\\/uploads\\\/2025\\\/08\\\/cropped-cropped-cropped-Logo-Noticias-e1753639739829.png\",\"width\":119,\"height\":86,\"caption\":\"oficial noticias\"},\"image\":{\"@id\":\"https:\\\/\\\/oficialnoticias.com\\\/#\\\/schema\\\/logo\\\/image\\\/\"}},{\"@type\":\"Person\",\"@id\":\"https:\\\/\\\/oficialnoticias.com\\\/#\\\/schema\\\/person\\\/2d1dcbb6bfbc28d68171b4dc04723d4a\",\"name\":\"Luana Gon\u00e7alves\",\"image\":{\"@type\":\"ImageObject\",\"inLanguage\":\"pt-BR\",\"@id\":\"https:\\\/\\\/secure.gravatar.com\\\/avatar\\\/7aa6afdef873224c1a0265951f3fdfc0679f65dfbd15f018612595d323c52521?s=96&d=mm&r=g\",\"url\":\"https:\\\/\\\/secure.gravatar.com\\\/avatar\\\/7aa6afdef873224c1a0265951f3fdfc0679f65dfbd15f018612595d323c52521?s=96&d=mm&r=g\",\"contentUrl\":\"https:\\\/\\\/secure.gravatar.com\\\/avatar\\\/7aa6afdef873224c1a0265951f3fdfc0679f65dfbd15f018612595d323c52521?s=96&d=mm&r=g\",\"caption\":\"Luana Gon\u00e7alves\"},\"sameAs\":[\"https:\\\/\\\/oficialnoticias.com\\\/\"],\"url\":\"https:\\\/\\\/oficialnoticias.com\\\/?author=2\"}]}<\/script>\n<!-- \/ Yoast SEO plugin. -->","yoast_head_json":{"title":"Julgamento: Moraes rebate alega\u00e7\u00f5es de contradi\u00e7\u00e3o na dela\u00e7\u00e3o de Mauro Cid -","robots":{"index":"index","follow":"follow","max-snippet":"max-snippet:-1","max-image-preview":"max-image-preview:large","max-video-preview":"max-video-preview:-1"},"canonical":"https:\/\/oficialnoticias.com\/?p=7903","og_locale":"pt_BR","og_type":"article","og_title":"Julgamento: Moraes rebate alega\u00e7\u00f5es de contradi\u00e7\u00e3o na dela\u00e7\u00e3o de Mauro Cid -","og_description":"O ministro do Supremo Tribunal Federal, Alexandre de Moraes, afirmou nesta ter\u00e7a-feira (09), na retomada do julgamento da suposta trama golpista, que \u201cbeira a litig\u00e2ncia de m\u00e1 f\u00e9&#8221; afirmar que os primeiros oito depoimentos de Mauro Cid configuram \u201coito dela\u00e7\u00f5es\u201d, conforme sustentam as defesas de alguns r\u00e9us. Segundo ministro e relator da a\u00e7\u00e3o penal, eventuais...","og_url":"https:\/\/oficialnoticias.com\/?p=7903","article_published_time":"2025-09-09T13:59:21+00:00","article_modified_time":"2025-09-09T13:59:24+00:00","og_image":[{"width":1200,"height":630,"url":"https:\/\/oficialnoticias.com\/wp-content\/uploads\/2025\/09\/urlhttps3A2F2Fk2-prod-radio-itatiaia.s3.us-east-1.amazonaws.com2Fbrightspot2Fed2F162F0096f0.webp","type":"image\/webp"}],"author":"Luana Gon\u00e7alves","twitter_card":"summary_large_image","twitter_misc":{"Escrito por":"Luana Gon\u00e7alves","Est. tempo de leitura":"3 minutos"},"schema":{"@context":"https:\/\/schema.org","@graph":[{"@type":"Article","@id":"https:\/\/oficialnoticias.com\/?p=7903#article","isPartOf":{"@id":"https:\/\/oficialnoticias.com\/?p=7903"},"author":{"name":"Luana Gon\u00e7alves","@id":"https:\/\/oficialnoticias.com\/#\/schema\/person\/2d1dcbb6bfbc28d68171b4dc04723d4a"},"headline":"Julgamento: Moraes rebate alega\u00e7\u00f5es de contradi\u00e7\u00e3o na dela\u00e7\u00e3o de Mauro Cid","datePublished":"2025-09-09T13:59:21+00:00","dateModified":"2025-09-09T13:59:24+00:00","mainEntityOfPage":{"@id":"https:\/\/oficialnoticias.com\/?p=7903"},"wordCount":621,"commentCount":0,"publisher":{"@id":"https:\/\/oficialnoticias.com\/#organization"},"image":{"@id":"https:\/\/oficialnoticias.com\/?p=7903#primaryimage"},"thumbnailUrl":"https:\/\/oficialnoticias.com\/wp-content\/uploads\/2025\/09\/urlhttps3A2F2Fk2-prod-radio-itatiaia.s3.us-east-1.amazonaws.com2Fbrightspot2Fed2F162F0096f0.webp","articleSection":["Politica"],"inLanguage":"pt-BR","potentialAction":[{"@type":"CommentAction","name":"Comment","target":["https:\/\/oficialnoticias.com\/?p=7903#respond"]}]},{"@type":"WebPage","@id":"https:\/\/oficialnoticias.com\/?p=7903","url":"https:\/\/oficialnoticias.com\/?p=7903","name":"Julgamento: Moraes rebate alega\u00e7\u00f5es de contradi\u00e7\u00e3o na dela\u00e7\u00e3o de Mauro Cid -","isPartOf":{"@id":"https:\/\/oficialnoticias.com\/#website"},"primaryImageOfPage":{"@id":"https:\/\/oficialnoticias.com\/?p=7903#primaryimage"},"image":{"@id":"https:\/\/oficialnoticias.com\/?p=7903#primaryimage"},"thumbnailUrl":"https:\/\/oficialnoticias.com\/wp-content\/uploads\/2025\/09\/urlhttps3A2F2Fk2-prod-radio-itatiaia.s3.us-east-1.amazonaws.com2Fbrightspot2Fed2F162F0096f0.webp","datePublished":"2025-09-09T13:59:21+00:00","dateModified":"2025-09-09T13:59:24+00:00","breadcrumb":{"@id":"https:\/\/oficialnoticias.com\/?p=7903#breadcrumb"},"inLanguage":"pt-BR","potentialAction":[{"@type":"ReadAction","target":["https:\/\/oficialnoticias.com\/?p=7903"]}]},{"@type":"ImageObject","inLanguage":"pt-BR","@id":"https:\/\/oficialnoticias.com\/?p=7903#primaryimage","url":"https:\/\/oficialnoticias.com\/wp-content\/uploads\/2025\/09\/urlhttps3A2F2Fk2-prod-radio-itatiaia.s3.us-east-1.amazonaws.com2Fbrightspot2Fed2F162F0096f0.webp","contentUrl":"https:\/\/oficialnoticias.com\/wp-content\/uploads\/2025\/09\/urlhttps3A2F2Fk2-prod-radio-itatiaia.s3.us-east-1.amazonaws.com2Fbrightspot2Fed2F162F0096f0.webp","width":1200,"height":630},{"@type":"BreadcrumbList","@id":"https:\/\/oficialnoticias.com\/?p=7903#breadcrumb","itemListElement":[{"@type":"ListItem","position":1,"name":"In\u00edcio","item":"https:\/\/oficialnoticias.com\/"},{"@type":"ListItem","position":2,"name":"Julgamento: Moraes rebate alega\u00e7\u00f5es de contradi\u00e7\u00e3o na dela\u00e7\u00e3o de Mauro Cid"}]},{"@type":"WebSite","@id":"https:\/\/oficialnoticias.com\/#website","url":"https:\/\/oficialnoticias.com\/","name":"oficial Noticias","description":"","publisher":{"@id":"https:\/\/oficialnoticias.com\/#organization"},"potentialAction":[{"@type":"SearchAction","target":{"@type":"EntryPoint","urlTemplate":"https:\/\/oficialnoticias.com\/?s={search_term_string}"},"query-input":{"@type":"PropertyValueSpecification","valueRequired":true,"valueName":"search_term_string"}}],"inLanguage":"pt-BR"},{"@type":"Organization","@id":"https:\/\/oficialnoticias.com\/#organization","name":"oficial noticias","url":"https:\/\/oficialnoticias.com\/","logo":{"@type":"ImageObject","inLanguage":"pt-BR","@id":"https:\/\/oficialnoticias.com\/#\/schema\/logo\/image\/","url":"https:\/\/oficialnoticias.com\/wp-content\/uploads\/2025\/08\/cropped-cropped-cropped-Logo-Noticias-e1753639739829.png","contentUrl":"https:\/\/oficialnoticias.com\/wp-content\/uploads\/2025\/08\/cropped-cropped-cropped-Logo-Noticias-e1753639739829.png","width":119,"height":86,"caption":"oficial noticias"},"image":{"@id":"https:\/\/oficialnoticias.com\/#\/schema\/logo\/image\/"}},{"@type":"Person","@id":"https:\/\/oficialnoticias.com\/#\/schema\/person\/2d1dcbb6bfbc28d68171b4dc04723d4a","name":"Luana Gon\u00e7alves","image":{"@type":"ImageObject","inLanguage":"pt-BR","@id":"https:\/\/secure.gravatar.com\/avatar\/7aa6afdef873224c1a0265951f3fdfc0679f65dfbd15f018612595d323c52521?s=96&d=mm&r=g","url":"https:\/\/secure.gravatar.com\/avatar\/7aa6afdef873224c1a0265951f3fdfc0679f65dfbd15f018612595d323c52521?s=96&d=mm&r=g","contentUrl":"https:\/\/secure.gravatar.com\/avatar\/7aa6afdef873224c1a0265951f3fdfc0679f65dfbd15f018612595d323c52521?s=96&d=mm&r=g","caption":"Luana Gon\u00e7alves"},"sameAs":["https:\/\/oficialnoticias.com\/"],"url":"https:\/\/oficialnoticias.com\/?author=2"}]}},"_links":{"self":[{"href":"https:\/\/oficialnoticias.com\/index.php?rest_route=\/wp\/v2\/posts\/7903","targetHints":{"allow":["GET"]}}],"collection":[{"href":"https:\/\/oficialnoticias.com\/index.php?rest_route=\/wp\/v2\/posts"}],"about":[{"href":"https:\/\/oficialnoticias.com\/index.php?rest_route=\/wp\/v2\/types\/post"}],"author":[{"embeddable":true,"href":"https:\/\/oficialnoticias.com\/index.php?rest_route=\/wp\/v2\/users\/2"}],"replies":[{"embeddable":true,"href":"https:\/\/oficialnoticias.com\/index.php?rest_route=%2Fwp%2Fv2%2Fcomments&post=7903"}],"version-history":[{"count":1,"href":"https:\/\/oficialnoticias.com\/index.php?rest_route=\/wp\/v2\/posts\/7903\/revisions"}],"predecessor-version":[{"id":7905,"href":"https:\/\/oficialnoticias.com\/index.php?rest_route=\/wp\/v2\/posts\/7903\/revisions\/7905"}],"wp:featuredmedia":[{"embeddable":true,"href":"https:\/\/oficialnoticias.com\/index.php?rest_route=\/wp\/v2\/media\/7904"}],"wp:attachment":[{"href":"https:\/\/oficialnoticias.com\/index.php?rest_route=%2Fwp%2Fv2%2Fmedia&parent=7903"}],"wp:term":[{"taxonomy":"category","embeddable":true,"href":"https:\/\/oficialnoticias.com\/index.php?rest_route=%2Fwp%2Fv2%2Fcategories&post=7903"},{"taxonomy":"post_tag","embeddable":true,"href":"https:\/\/oficialnoticias.com\/index.php?rest_route=%2Fwp%2Fv2%2Ftags&post=7903"}],"curies":[{"name":"wp","href":"https:\/\/api.w.org\/{rel}","templated":true}]}}