{"id":7629,"date":"2025-09-07T23:56:36","date_gmt":"2025-09-08T02:56:36","guid":{"rendered":"https:\/\/oficialnoticias.com\/?p=7629"},"modified":"2025-09-07T23:56:41","modified_gmt":"2025-09-08T02:56:41","slug":"new-york-times-destaca-divisao-do-brasil-e-forca-de-bolsonaro-em-semana-decisiva-no-stf","status":"publish","type":"post","link":"https:\/\/oficialnoticias.com\/?p=7629","title":{"rendered":"New York Times destaca divis\u00e3o do Brasil e &#8216;for\u00e7a&#8217; de Bolsonaro em semana decisiva no STF"},"content":{"rendered":"<p><\/p>\n<div>\n<p>O jornal norte-americano New York Times repercutiu as manifesta\u00e7\u00f5es brasileiras deste domingo (7) e destacou que o ex-presidente <bsp-link-enhancement><br \/>\n    <span class=\"LinkEnhancement\"><a class=\"Link\" href=\"https:\/\/www.itatiaia.com.br\/politica\/tarcisio-pede-anistia-e-diz-que-bolsonaro-e-o-unico-candidato-da-direita-para-2026\" title=\"&lt;b&gt;Jair Bolsonaro (PL)&lt;\/b&gt;\"><b>Jair Bolsonaro (PL)<\/b><\/a><\/span><\/bsp-link-enhancement> continua como uma \u201cfor\u00e7a pol\u00edtica significativa\u201d.<\/p>\n<p>O jornal afirmou que o Brasil est\u00e1 dividido e que os protestos do 7 de Setembro abriram uma semana tensa na qual o ex-presidente ser\u00e1 julgado sob <bsp-link-enhancement><br \/>\n    <span class=\"LinkEnhancement\"><a class=\"Link\" href=\"https:\/\/www.itatiaia.com.br\/politica\/julgamento-de-bolsonaro-guia-para-acompanhar-as-sessoes-no-stf\" title=\"&lt;b&gt;acusa\u00e7\u00e3o de tentativa de golpe de Estado&lt;\/b&gt;\"><b>acusa\u00e7\u00e3o de tentativa de golpe de Estado<\/b><\/a><\/span><\/bsp-link-enhancement>.<\/p>\n<p>No Instagram, o NYT compartilhou fotos de atos da direita, da esquerda e concluiu: \u201cImagens a\u00e9reas de v\u00e1rios protestos deixaram poucas d\u00favidas de que os apoiadores de Bolsonaro superaram significativamente em n\u00famero os manifestantes contr\u00e1rios a ele\u201d.<\/p>\n<p><bsp-list-loadmore class=\"PageListStandardG\" data-module=\"\" data-show-loadmore=\"true\" data-list-title-size=\"3\" data-list-description-size=\"3\"><\/p>\n<p>    <a class=\"AnchorLink\" title=\"leia-tambem\" name=\"leia-tambem\"\/><\/p>\n<p><\/bsp-list-loadmore><\/p>\n<h2>Manifesta\u00e7\u00f5es pelo Brasil<\/h2>\n<p>O <bsp-link-enhancement><br \/>\n    <span class=\"LinkEnhancement\"><a class=\"Link\" href=\"https:\/\/www.itatiaia.com.br\/politica\/ato-pela-anistia-e-contra-moraes-na-avenida-paulista-reune-zema-tarcisio-e-michelle\" title=\"&lt;b&gt;maior ato pr\u00f3-Bolsonaro&lt;\/b&gt;\"><b>maior ato pr\u00f3-Bolsonaro<\/b><\/a><\/span><\/bsp-link-enhancement> deste domingo foi realizado na Avenida Paulista, em S\u00e3o Paulo. As principais pautas foram a defesa do projeto que prev\u00ea anistia para os envolvidos nos atos de 8 de janeiro de 2023 e o pedido de impeachment do ministro Alexandre de Moraes, do Supremo Tribunal Federal (STF).<\/p>\n<p><b>Leia mais:<\/b><\/p>\n<p>Participaram do protesto lideran\u00e7as pol\u00edticas como Tarc\u00edsio Freitas (Republicanos), governador de S\u00e3o Paulo; Romeu Zema (Novo), governador de Minas Gerais; o pastor Silas Malafaia; e a ex-primeira dama Michelle Bolsonaro.<\/p>\n<p>A reportagem do New York Times tamb\u00e9m cobriu a <bsp-link-enhancement><br \/>\n    <span class=\"LinkEnhancement\"><a class=\"Link\" href=\"https:\/\/www.itatiaia.com.br\/politica\/grito-dos-excluidos-ato-da-esquerda-na-praca-raul-soares-tem-criticas-a-anistia-e-ao-ex-presidente-bolsonaro\" title=\"&lt;b&gt;manifesta\u00e7\u00e3o de esquerda&lt;\/b&gt;\" data-cms-ai=\"0\"><b>manifesta\u00e7\u00e3o de esquerda<\/b><\/a><\/span><\/bsp-link-enhancement> realizada no centro do Rio de Janeiro, que criticou o projeto de anistia e refor\u00e7ou o pedido de pris\u00e3o para o ex-presidente Jair Bolsonaro.<\/p>\n<\/p><\/div>\n<p><script>\n  window.fbAsyncInit = function() {\n      FB.init({\n              appId : '1447052969554341',\n          xfbml : true,\n          version : 'v2.9'\n      });\n  };\n  (function(d, s, id){\n     var js, fjs = d.getElementsByTagName(s)[0];\n     if (d.getElementById(id)) {return;}\n     js = d.createElement(s); js.id = id;\n     js.src = \"https:\/\/connect.facebook.net\/en_US\/sdk.js\";\n     fjs.parentNode.insertBefore(js, fjs);\n   }(document, 'script', 'facebook-jssdk'));\n<\/script><\/p>\n","protected":false},"excerpt":{"rendered":"<p>O jornal norte-americano New York Times repercutiu as manifesta\u00e7\u00f5es brasileiras deste domingo (7) e destacou que o ex-presidente Jair Bolsonaro (PL) continua como uma \u201cfor\u00e7a pol\u00edtica significativa\u201d. O jornal afirmou que o Brasil est\u00e1 dividido e que os protestos do 7 de Setembro abriram uma semana tensa na qual o ex-presidente ser\u00e1 julgado sob acusa\u00e7\u00e3o&#8230;<\/p>\n","protected":false},"author":2,"featured_media":7630,"comment_status":"open","ping_status":"open","sticky":false,"template":"","format":"standard","meta":{"footnotes":""},"categories":[24],"tags":[],"class_list":["post-7629","post","type-post","status-publish","format-standard","has-post-thumbnail","hentry","category-politica"],"yoast_head":"<!-- This site is optimized with the Yoast SEO plugin v28.1 - https:\/\/yoast.com\/product\/yoast-seo-wordpress\/ -->\n<title>New York Times destaca divis\u00e3o do Brasil e &#039;for\u00e7a&#039; de Bolsonaro em semana decisiva no STF -<\/title>\n<meta name=\"robots\" content=\"index, follow, max-snippet:-1, max-image-preview:large, max-video-preview:-1\" \/>\n<link rel=\"canonical\" href=\"https:\/\/oficialnoticias.com\/?p=7629\" \/>\n<meta property=\"og:locale\" content=\"pt_BR\" \/>\n<meta property=\"og:type\" content=\"article\" \/>\n<meta property=\"og:title\" content=\"New York Times destaca divis\u00e3o do Brasil e &#039;for\u00e7a&#039; de Bolsonaro em semana decisiva no STF -\" \/>\n<meta property=\"og:description\" content=\"O jornal norte-americano New York Times repercutiu as manifesta\u00e7\u00f5es brasileiras deste domingo (7) e destacou que o ex-presidente Jair Bolsonaro (PL) continua como uma \u201cfor\u00e7a pol\u00edtica significativa\u201d. O jornal afirmou que o Brasil est\u00e1 dividido e que os protestos do 7 de Setembro abriram uma semana tensa na qual o ex-presidente ser\u00e1 julgado sob acusa\u00e7\u00e3o...\" \/>\n<meta property=\"og:url\" content=\"https:\/\/oficialnoticias.com\/?p=7629\" \/>\n<meta property=\"article:published_time\" content=\"2025-09-08T02:56:36+00:00\" \/>\n<meta property=\"article:modified_time\" content=\"2025-09-08T02:56:41+00:00\" \/>\n<meta property=\"og:image\" content=\"https:\/\/oficialnoticias.com\/wp-content\/uploads\/2025\/09\/urlhttps3A2F2Fk2-prod-radio-itatiaia.s3.us-east-1.amazonaws.com2Fbrightspot2F5a2F0e2Febbe1a.webp\" \/>\n\t<meta property=\"og:image:width\" content=\"1200\" \/>\n\t<meta property=\"og:image:height\" content=\"630\" \/>\n\t<meta property=\"og:image:type\" content=\"image\/webp\" \/>\n<meta name=\"author\" content=\"Luana Gon\u00e7alves\" \/>\n<meta name=\"twitter:card\" content=\"summary_large_image\" \/>\n<meta name=\"twitter:label1\" content=\"Escrito por\" \/>\n\t<meta name=\"twitter:data1\" content=\"Luana Gon\u00e7alves\" \/>\n\t<meta name=\"twitter:label2\" content=\"Est. tempo de leitura\" \/>\n\t<meta name=\"twitter:data2\" content=\"1 minuto\" \/>\n<script type=\"application\/ld+json\" class=\"yoast-schema-graph\">{\"@context\":\"https:\\\/\\\/schema.org\",\"@graph\":[{\"@type\":\"Article\",\"@id\":\"https:\\\/\\\/oficialnoticias.com\\\/?p=7629#article\",\"isPartOf\":{\"@id\":\"https:\\\/\\\/oficialnoticias.com\\\/?p=7629\"},\"author\":{\"name\":\"Luana Gon\u00e7alves\",\"@id\":\"https:\\\/\\\/oficialnoticias.com\\\/#\\\/schema\\\/person\\\/2d1dcbb6bfbc28d68171b4dc04723d4a\"},\"headline\":\"New York Times destaca divis\u00e3o do Brasil e &#8216;for\u00e7a&#8217; de Bolsonaro em semana decisiva no STF\",\"datePublished\":\"2025-09-08T02:56:36+00:00\",\"dateModified\":\"2025-09-08T02:56:41+00:00\",\"mainEntityOfPage\":{\"@id\":\"https:\\\/\\\/oficialnoticias.com\\\/?p=7629\"},\"wordCount\":254,\"commentCount\":0,\"publisher\":{\"@id\":\"https:\\\/\\\/oficialnoticias.com\\\/#organization\"},\"image\":{\"@id\":\"https:\\\/\\\/oficialnoticias.com\\\/?p=7629#primaryimage\"},\"thumbnailUrl\":\"https:\\\/\\\/oficialnoticias.com\\\/wp-content\\\/uploads\\\/2025\\\/09\\\/urlhttps3A2F2Fk2-prod-radio-itatiaia.s3.us-east-1.amazonaws.com2Fbrightspot2F5a2F0e2Febbe1a.webp\",\"articleSection\":[\"Politica\"],\"inLanguage\":\"pt-BR\",\"potentialAction\":[{\"@type\":\"CommentAction\",\"name\":\"Comment\",\"target\":[\"https:\\\/\\\/oficialnoticias.com\\\/?p=7629#respond\"]}]},{\"@type\":\"WebPage\",\"@id\":\"https:\\\/\\\/oficialnoticias.com\\\/?p=7629\",\"url\":\"https:\\\/\\\/oficialnoticias.com\\\/?p=7629\",\"name\":\"New York Times destaca divis\u00e3o do Brasil e 'for\u00e7a' de Bolsonaro em semana decisiva no STF -\",\"isPartOf\":{\"@id\":\"https:\\\/\\\/oficialnoticias.com\\\/#website\"},\"primaryImageOfPage\":{\"@id\":\"https:\\\/\\\/oficialnoticias.com\\\/?p=7629#primaryimage\"},\"image\":{\"@id\":\"https:\\\/\\\/oficialnoticias.com\\\/?p=7629#primaryimage\"},\"thumbnailUrl\":\"https:\\\/\\\/oficialnoticias.com\\\/wp-content\\\/uploads\\\/2025\\\/09\\\/urlhttps3A2F2Fk2-prod-radio-itatiaia.s3.us-east-1.amazonaws.com2Fbrightspot2F5a2F0e2Febbe1a.webp\",\"datePublished\":\"2025-09-08T02:56:36+00:00\",\"dateModified\":\"2025-09-08T02:56:41+00:00\",\"breadcrumb\":{\"@id\":\"https:\\\/\\\/oficialnoticias.com\\\/?p=7629#breadcrumb\"},\"inLanguage\":\"pt-BR\",\"potentialAction\":[{\"@type\":\"ReadAction\",\"target\":[\"https:\\\/\\\/oficialnoticias.com\\\/?p=7629\"]}]},{\"@type\":\"ImageObject\",\"inLanguage\":\"pt-BR\",\"@id\":\"https:\\\/\\\/oficialnoticias.com\\\/?p=7629#primaryimage\",\"url\":\"https:\\\/\\\/oficialnoticias.com\\\/wp-content\\\/uploads\\\/2025\\\/09\\\/urlhttps3A2F2Fk2-prod-radio-itatiaia.s3.us-east-1.amazonaws.com2Fbrightspot2F5a2F0e2Febbe1a.webp\",\"contentUrl\":\"https:\\\/\\\/oficialnoticias.com\\\/wp-content\\\/uploads\\\/2025\\\/09\\\/urlhttps3A2F2Fk2-prod-radio-itatiaia.s3.us-east-1.amazonaws.com2Fbrightspot2F5a2F0e2Febbe1a.webp\",\"width\":1200,\"height\":630},{\"@type\":\"BreadcrumbList\",\"@id\":\"https:\\\/\\\/oficialnoticias.com\\\/?p=7629#breadcrumb\",\"itemListElement\":[{\"@type\":\"ListItem\",\"position\":1,\"name\":\"In\u00edcio\",\"item\":\"https:\\\/\\\/oficialnoticias.com\\\/\"},{\"@type\":\"ListItem\",\"position\":2,\"name\":\"New York Times destaca divis\u00e3o do Brasil e &#8216;for\u00e7a&#8217; de Bolsonaro em semana decisiva no STF\"}]},{\"@type\":\"WebSite\",\"@id\":\"https:\\\/\\\/oficialnoticias.com\\\/#website\",\"url\":\"https:\\\/\\\/oficialnoticias.com\\\/\",\"name\":\"oficial Noticias\",\"description\":\"\",\"publisher\":{\"@id\":\"https:\\\/\\\/oficialnoticias.com\\\/#organization\"},\"potentialAction\":[{\"@type\":\"SearchAction\",\"target\":{\"@type\":\"EntryPoint\",\"urlTemplate\":\"https:\\\/\\\/oficialnoticias.com\\\/?s={search_term_string}\"},\"query-input\":{\"@type\":\"PropertyValueSpecification\",\"valueRequired\":true,\"valueName\":\"search_term_string\"}}],\"inLanguage\":\"pt-BR\"},{\"@type\":\"Organization\",\"@id\":\"https:\\\/\\\/oficialnoticias.com\\\/#organization\",\"name\":\"oficial noticias\",\"url\":\"https:\\\/\\\/oficialnoticias.com\\\/\",\"logo\":{\"@type\":\"ImageObject\",\"inLanguage\":\"pt-BR\",\"@id\":\"https:\\\/\\\/oficialnoticias.com\\\/#\\\/schema\\\/logo\\\/image\\\/\",\"url\":\"https:\\\/\\\/oficialnoticias.com\\\/wp-content\\\/uploads\\\/2025\\\/08\\\/cropped-cropped-cropped-Logo-Noticias-e1753639739829.png\",\"contentUrl\":\"https:\\\/\\\/oficialnoticias.com\\\/wp-content\\\/uploads\\\/2025\\\/08\\\/cropped-cropped-cropped-Logo-Noticias-e1753639739829.png\",\"width\":119,\"height\":86,\"caption\":\"oficial noticias\"},\"image\":{\"@id\":\"https:\\\/\\\/oficialnoticias.com\\\/#\\\/schema\\\/logo\\\/image\\\/\"}},{\"@type\":\"Person\",\"@id\":\"https:\\\/\\\/oficialnoticias.com\\\/#\\\/schema\\\/person\\\/2d1dcbb6bfbc28d68171b4dc04723d4a\",\"name\":\"Luana Gon\u00e7alves\",\"image\":{\"@type\":\"ImageObject\",\"inLanguage\":\"pt-BR\",\"@id\":\"https:\\\/\\\/secure.gravatar.com\\\/avatar\\\/7aa6afdef873224c1a0265951f3fdfc0679f65dfbd15f018612595d323c52521?s=96&d=mm&r=g\",\"url\":\"https:\\\/\\\/secure.gravatar.com\\\/avatar\\\/7aa6afdef873224c1a0265951f3fdfc0679f65dfbd15f018612595d323c52521?s=96&d=mm&r=g\",\"contentUrl\":\"https:\\\/\\\/secure.gravatar.com\\\/avatar\\\/7aa6afdef873224c1a0265951f3fdfc0679f65dfbd15f018612595d323c52521?s=96&d=mm&r=g\",\"caption\":\"Luana Gon\u00e7alves\"},\"sameAs\":[\"https:\\\/\\\/oficialnoticias.com\\\/\"],\"url\":\"https:\\\/\\\/oficialnoticias.com\\\/?author=2\"}]}<\/script>\n<!-- \/ Yoast SEO plugin. -->","yoast_head_json":{"title":"New York Times destaca divis\u00e3o do Brasil e 'for\u00e7a' de Bolsonaro em semana decisiva no STF -","robots":{"index":"index","follow":"follow","max-snippet":"max-snippet:-1","max-image-preview":"max-image-preview:large","max-video-preview":"max-video-preview:-1"},"canonical":"https:\/\/oficialnoticias.com\/?p=7629","og_locale":"pt_BR","og_type":"article","og_title":"New York Times destaca divis\u00e3o do Brasil e 'for\u00e7a' de Bolsonaro em semana decisiva no STF -","og_description":"O jornal norte-americano New York Times repercutiu as manifesta\u00e7\u00f5es brasileiras deste domingo (7) e destacou que o ex-presidente Jair Bolsonaro (PL) continua como uma \u201cfor\u00e7a pol\u00edtica significativa\u201d. O jornal afirmou que o Brasil est\u00e1 dividido e que os protestos do 7 de Setembro abriram uma semana tensa na qual o ex-presidente ser\u00e1 julgado sob acusa\u00e7\u00e3o...","og_url":"https:\/\/oficialnoticias.com\/?p=7629","article_published_time":"2025-09-08T02:56:36+00:00","article_modified_time":"2025-09-08T02:56:41+00:00","og_image":[{"width":1200,"height":630,"url":"https:\/\/oficialnoticias.com\/wp-content\/uploads\/2025\/09\/urlhttps3A2F2Fk2-prod-radio-itatiaia.s3.us-east-1.amazonaws.com2Fbrightspot2F5a2F0e2Febbe1a.webp","type":"image\/webp"}],"author":"Luana Gon\u00e7alves","twitter_card":"summary_large_image","twitter_misc":{"Escrito por":"Luana Gon\u00e7alves","Est. tempo de leitura":"1 minuto"},"schema":{"@context":"https:\/\/schema.org","@graph":[{"@type":"Article","@id":"https:\/\/oficialnoticias.com\/?p=7629#article","isPartOf":{"@id":"https:\/\/oficialnoticias.com\/?p=7629"},"author":{"name":"Luana Gon\u00e7alves","@id":"https:\/\/oficialnoticias.com\/#\/schema\/person\/2d1dcbb6bfbc28d68171b4dc04723d4a"},"headline":"New York Times destaca divis\u00e3o do Brasil e &#8216;for\u00e7a&#8217; de Bolsonaro em semana decisiva no STF","datePublished":"2025-09-08T02:56:36+00:00","dateModified":"2025-09-08T02:56:41+00:00","mainEntityOfPage":{"@id":"https:\/\/oficialnoticias.com\/?p=7629"},"wordCount":254,"commentCount":0,"publisher":{"@id":"https:\/\/oficialnoticias.com\/#organization"},"image":{"@id":"https:\/\/oficialnoticias.com\/?p=7629#primaryimage"},"thumbnailUrl":"https:\/\/oficialnoticias.com\/wp-content\/uploads\/2025\/09\/urlhttps3A2F2Fk2-prod-radio-itatiaia.s3.us-east-1.amazonaws.com2Fbrightspot2F5a2F0e2Febbe1a.webp","articleSection":["Politica"],"inLanguage":"pt-BR","potentialAction":[{"@type":"CommentAction","name":"Comment","target":["https:\/\/oficialnoticias.com\/?p=7629#respond"]}]},{"@type":"WebPage","@id":"https:\/\/oficialnoticias.com\/?p=7629","url":"https:\/\/oficialnoticias.com\/?p=7629","name":"New York Times destaca divis\u00e3o do Brasil e 'for\u00e7a' de Bolsonaro em semana decisiva no STF -","isPartOf":{"@id":"https:\/\/oficialnoticias.com\/#website"},"primaryImageOfPage":{"@id":"https:\/\/oficialnoticias.com\/?p=7629#primaryimage"},"image":{"@id":"https:\/\/oficialnoticias.com\/?p=7629#primaryimage"},"thumbnailUrl":"https:\/\/oficialnoticias.com\/wp-content\/uploads\/2025\/09\/urlhttps3A2F2Fk2-prod-radio-itatiaia.s3.us-east-1.amazonaws.com2Fbrightspot2F5a2F0e2Febbe1a.webp","datePublished":"2025-09-08T02:56:36+00:00","dateModified":"2025-09-08T02:56:41+00:00","breadcrumb":{"@id":"https:\/\/oficialnoticias.com\/?p=7629#breadcrumb"},"inLanguage":"pt-BR","potentialAction":[{"@type":"ReadAction","target":["https:\/\/oficialnoticias.com\/?p=7629"]}]},{"@type":"ImageObject","inLanguage":"pt-BR","@id":"https:\/\/oficialnoticias.com\/?p=7629#primaryimage","url":"https:\/\/oficialnoticias.com\/wp-content\/uploads\/2025\/09\/urlhttps3A2F2Fk2-prod-radio-itatiaia.s3.us-east-1.amazonaws.com2Fbrightspot2F5a2F0e2Febbe1a.webp","contentUrl":"https:\/\/oficialnoticias.com\/wp-content\/uploads\/2025\/09\/urlhttps3A2F2Fk2-prod-radio-itatiaia.s3.us-east-1.amazonaws.com2Fbrightspot2F5a2F0e2Febbe1a.webp","width":1200,"height":630},{"@type":"BreadcrumbList","@id":"https:\/\/oficialnoticias.com\/?p=7629#breadcrumb","itemListElement":[{"@type":"ListItem","position":1,"name":"In\u00edcio","item":"https:\/\/oficialnoticias.com\/"},{"@type":"ListItem","position":2,"name":"New York Times destaca divis\u00e3o do Brasil e &#8216;for\u00e7a&#8217; de Bolsonaro em semana decisiva no STF"}]},{"@type":"WebSite","@id":"https:\/\/oficialnoticias.com\/#website","url":"https:\/\/oficialnoticias.com\/","name":"oficial Noticias","description":"","publisher":{"@id":"https:\/\/oficialnoticias.com\/#organization"},"potentialAction":[{"@type":"SearchAction","target":{"@type":"EntryPoint","urlTemplate":"https:\/\/oficialnoticias.com\/?s={search_term_string}"},"query-input":{"@type":"PropertyValueSpecification","valueRequired":true,"valueName":"search_term_string"}}],"inLanguage":"pt-BR"},{"@type":"Organization","@id":"https:\/\/oficialnoticias.com\/#organization","name":"oficial noticias","url":"https:\/\/oficialnoticias.com\/","logo":{"@type":"ImageObject","inLanguage":"pt-BR","@id":"https:\/\/oficialnoticias.com\/#\/schema\/logo\/image\/","url":"https:\/\/oficialnoticias.com\/wp-content\/uploads\/2025\/08\/cropped-cropped-cropped-Logo-Noticias-e1753639739829.png","contentUrl":"https:\/\/oficialnoticias.com\/wp-content\/uploads\/2025\/08\/cropped-cropped-cropped-Logo-Noticias-e1753639739829.png","width":119,"height":86,"caption":"oficial noticias"},"image":{"@id":"https:\/\/oficialnoticias.com\/#\/schema\/logo\/image\/"}},{"@type":"Person","@id":"https:\/\/oficialnoticias.com\/#\/schema\/person\/2d1dcbb6bfbc28d68171b4dc04723d4a","name":"Luana Gon\u00e7alves","image":{"@type":"ImageObject","inLanguage":"pt-BR","@id":"https:\/\/secure.gravatar.com\/avatar\/7aa6afdef873224c1a0265951f3fdfc0679f65dfbd15f018612595d323c52521?s=96&d=mm&r=g","url":"https:\/\/secure.gravatar.com\/avatar\/7aa6afdef873224c1a0265951f3fdfc0679f65dfbd15f018612595d323c52521?s=96&d=mm&r=g","contentUrl":"https:\/\/secure.gravatar.com\/avatar\/7aa6afdef873224c1a0265951f3fdfc0679f65dfbd15f018612595d323c52521?s=96&d=mm&r=g","caption":"Luana Gon\u00e7alves"},"sameAs":["https:\/\/oficialnoticias.com\/"],"url":"https:\/\/oficialnoticias.com\/?author=2"}]}},"_links":{"self":[{"href":"https:\/\/oficialnoticias.com\/index.php?rest_route=\/wp\/v2\/posts\/7629","targetHints":{"allow":["GET"]}}],"collection":[{"href":"https:\/\/oficialnoticias.com\/index.php?rest_route=\/wp\/v2\/posts"}],"about":[{"href":"https:\/\/oficialnoticias.com\/index.php?rest_route=\/wp\/v2\/types\/post"}],"author":[{"embeddable":true,"href":"https:\/\/oficialnoticias.com\/index.php?rest_route=\/wp\/v2\/users\/2"}],"replies":[{"embeddable":true,"href":"https:\/\/oficialnoticias.com\/index.php?rest_route=%2Fwp%2Fv2%2Fcomments&post=7629"}],"version-history":[{"count":1,"href":"https:\/\/oficialnoticias.com\/index.php?rest_route=\/wp\/v2\/posts\/7629\/revisions"}],"predecessor-version":[{"id":7631,"href":"https:\/\/oficialnoticias.com\/index.php?rest_route=\/wp\/v2\/posts\/7629\/revisions\/7631"}],"wp:featuredmedia":[{"embeddable":true,"href":"https:\/\/oficialnoticias.com\/index.php?rest_route=\/wp\/v2\/media\/7630"}],"wp:attachment":[{"href":"https:\/\/oficialnoticias.com\/index.php?rest_route=%2Fwp%2Fv2%2Fmedia&parent=7629"}],"wp:term":[{"taxonomy":"category","embeddable":true,"href":"https:\/\/oficialnoticias.com\/index.php?rest_route=%2Fwp%2Fv2%2Fcategories&post=7629"},{"taxonomy":"post_tag","embeddable":true,"href":"https:\/\/oficialnoticias.com\/index.php?rest_route=%2Fwp%2Fv2%2Ftags&post=7629"}],"curies":[{"name":"wp","href":"https:\/\/api.w.org\/{rel}","templated":true}]}}