{"id":6725,"date":"2025-09-04T01:09:33","date_gmt":"2025-09-04T04:09:33","guid":{"rendered":"https:\/\/oficialnoticias.com\/?p=6725"},"modified":"2025-09-04T01:09:38","modified_gmt":"2025-09-04T04:09:38","slug":"governo-de-minas-privatiza-gestao-de-duas-unidades-do-sistema-socioeducativo","status":"publish","type":"post","link":"https:\/\/oficialnoticias.com\/?p=6725","title":{"rendered":"Governo de Minas privatiza gest\u00e3o de duas unidades do sistema socioeducativo"},"content":{"rendered":"<p><\/p>\n<div>\n<p>A gest\u00e3o de duas unidades do sistema socioeducativo em Minas Gerais ser\u00e1 operada por um ente privado. A decis\u00e3o foi sacramentada, nesta quarta-feira (3), ap\u00f3s o governo do estado ter realizado leil\u00e3o na sede da B3, a Bolsa de Valores de S\u00e3o Paulo, da Parceria P\u00fablico-Privada que vai implantar um novo modelo de constru\u00e7\u00e3o e opera\u00e7\u00e3o das unidades.<\/p>\n<p>De acordo com o governo de Minas, \u00e9 a primeira PPP voltada para a gest\u00e3o do sistema socioeducativo no Brasil. O cons\u00f3rcio vencedor foi o Solu\u00e7\u00f5es em Gest\u00e3o Socioeducativa (SGS), que ter\u00e1 contrapresta\u00e7\u00e3o mensal de cerca de R$ 5 milh\u00f5es.<\/p>\n<p>O contrato ter\u00e1 dura\u00e7\u00e3o de 30 anos, per\u00edodo em que o cons\u00f3rcio ser\u00e1 respons\u00e1vel \u201cpela constru\u00e7\u00e3o, manuten\u00e7\u00e3o da infraestrutura dos centros, bem como pelo atendimento aos adolescentes em cumprimento de medida socioeducativa\u201d.<\/p>\n<p>Segundo o governo, est\u00e3o previstas a oferta de servi\u00e7os de forma\u00e7\u00e3o profissional, acompanhamento multidisciplinar individualizado e a\u00e7\u00f5es para o \u201cfortalecimento de v\u00ednculos com a fam\u00edlia e a comunidade\u201d. N\u00e3o foram fornecidos detalhes sobre o que seriam essas a\u00e7\u00f5es.<\/p>\n<p>Em nota, o governador de Minas Gerais, Romeu Zema (Novo), comemorou a PPP e disse que Minas Gerais foi \u201cpioneira\u201d. \u201cAcabamos de concretizar um neg\u00f3cio que vai significar o investimento de mais de R$ 100 milh\u00f5es em duas unidades socioeducativas, com infraestrutura adequada, condi\u00e7\u00f5es para os menores se qualificarem, fazerem a reinser\u00e7\u00e3o na sociedade, o que, para Minas, \u00e9 muito importante\u201d, afirmou.<\/p>\n<p>O secret\u00e1rio de Estado de Infraestrutura, Mobilidade e Parcerias do governo do estado, Pedro Bruno, afirmou que o modelo est\u00e1 \u201cna vanguarda das parcerias\u201d. \u201cJ\u00e1 tivemos avan\u00e7os na infraestrutura tradicional e, na minha vis\u00e3o, a infraestrutura social, onde est\u00e1 o sistema socioeducativo, representa um novo campo de atua\u00e7\u00e3o. Esse \u00e9 um marco relevante, \u00e9 o primeiro do Brasil\u201d, pontuou.<\/p>\n<p>O grupo selecionado ficar\u00e1 respons\u00e1vel, ap\u00f3s a assinatura do contrato, por elaborar, em at\u00e9 30 meses, o projeto arquitet\u00f4nico e construir duas unidades socioeducativas em Betim, na Regi\u00e3o Metropolitana de Belo Horizonte, e em Santana do Para\u00edso, no Vale do A\u00e7o, cada uma com capacidade de atender at\u00e9 90 adolescentes infratores.<\/p>\n<p>Apesar da gest\u00e3o ser privada, o governo do estado refor\u00e7a que caber\u00e1 ao Executivo, por meio da Secretaria de Justi\u00e7a e Seguran\u00e7a P\u00fablica (Sejusp), o \u201cmonitoramento da pol\u00edtica, da educa\u00e7\u00e3o e da orienta\u00e7\u00e3o, al\u00e9m de fiscalizar a PPP, assegurando, assim, o cumprimento dos direitos dos adolescentes e a garantia da integridade das unidades\u201d. O Pal\u00e1cio Tiradentes ainda garante que os servi\u00e7os \u201cseguir\u00e3o sendo prestados por servidores estaduais\u201d.<\/p>\n<h2>Oposi\u00e7\u00e3o v\u00ea preju\u00edzo para a sociedade<\/h2>\n<p>A presidente da Comiss\u00e3o de Educa\u00e7\u00e3o da Assembleia Legislativa de Minas Gerais, deputada estadual Beatriz Cerqueira (PT), que comp\u00f5e a oposi\u00e7\u00e3o ao governo Zema na Casa, defende que a medida tem preju\u00edzo para a sociedade.<\/p>\n<p>\u201cO governo vai se desobrigando das suas responsabilidades, delegando, terceirizando essa responsabilidade para grupos privados. \u00c9 evidente que em rela\u00e7\u00e3o a esses grupos que assumem a gest\u00e3o, h\u00e1 um processo de controle de investimentos, ent\u00e3o muitas vezes as medidas necess\u00e1rias n\u00e3o s\u00e3o adotadas porque voc\u00ea tem um controle em rela\u00e7\u00e3o a isso\u201d, destaca.<\/p>\n<p>Ela pontua ainda que a medida pode acarretar em dificuldade na transpar\u00eancia e no controle social da PPP. \u201cH\u00e1 processos que dificultam o controle social, a fiscaliza\u00e7\u00e3o por parte da sociedade. Vamos seguir acompanhando e fiscalizando essa pol\u00edtica que o governo Zema est\u00e1 implementando\u201d, ressalta.<\/p>\n<h2>Especialista diz que projeto pode ser \u201cpiloto\u201d para avaliar medida mais ampla<\/h2>\n<p>O educador Fernando Fran\u00e7a Monteiro de Barros afirma que o projeto \u00e9 um \u201cpiloto\u201d para que a sociedade observe \u00edndices importantes na efic\u00e1cia da implementa\u00e7\u00e3o da medida. Dentre eles, est\u00e3o os projetos de profissionaliza\u00e7\u00e3o e inser\u00e7\u00e3o dos jovens no sistema educacional, assim como os indicadores de reincid\u00eancia dos adolescentes.<\/p>\n<p>\u201cEssa oferta educacional foi o grande ganho. A escolariza\u00e7\u00e3o com acompanhamento pedag\u00f3gico, visto que esses jovens chegam com um grande gap nos processos de aprendizagem. Do ponto de vista da governan\u00e7a, \u00e9 a melhor alternativa, porque o Estado n\u00e3o consegue prestar um sistema socioeducativo com a melhor efic\u00e1cia. Pode ser um projeto piloto para a sociedade validar (a medida)\u201d, avalia.<\/p>\n<p><bsp-list-loadmore class=\"PageListStandardG\" data-module=\"\" data-show-loadmore=\"true\" data-list-title-size=\"3\" data-list-description-size=\"3\"><\/p>\n<p>    <a class=\"AnchorLink\" title=\"leia-tambem\" name=\"leia-tambem\"\/><\/p>\n<p><\/bsp-list-loadmore><\/p><\/div>\n<p><script>\n  window.fbAsyncInit = function() {\n      FB.init({\n              appId : '1447052969554341',\n          xfbml : true,\n          version : 'v2.9'\n      });\n  };\n  (function(d, s, id){\n     var js, fjs = d.getElementsByTagName(s)[0];\n     if (d.getElementById(id)) {return;}\n     js = d.createElement(s); js.id = id;\n     js.src = \"https:\/\/connect.facebook.net\/en_US\/sdk.js\";\n     fjs.parentNode.insertBefore(js, fjs);\n   }(document, 'script', 'facebook-jssdk'));\n<\/script><\/p>\n","protected":false},"excerpt":{"rendered":"<p>A gest\u00e3o de duas unidades do sistema socioeducativo em Minas Gerais ser\u00e1 operada por um ente privado. A decis\u00e3o foi sacramentada, nesta quarta-feira (3), ap\u00f3s o governo do estado ter realizado leil\u00e3o na sede da B3, a Bolsa de Valores de S\u00e3o Paulo, da Parceria P\u00fablico-Privada que vai implantar um novo modelo de constru\u00e7\u00e3o e&#8230;<\/p>\n","protected":false},"author":2,"featured_media":6726,"comment_status":"open","ping_status":"open","sticky":false,"template":"","format":"standard","meta":{"footnotes":""},"categories":[24],"tags":[],"class_list":["post-6725","post","type-post","status-publish","format-standard","has-post-thumbnail","hentry","category-politica"],"yoast_head":"<!-- This site is optimized with the Yoast SEO plugin v27.3 - https:\/\/yoast.com\/product\/yoast-seo-wordpress\/ -->\n<title>Governo de Minas privatiza gest\u00e3o de duas unidades do sistema socioeducativo -<\/title>\n<meta name=\"robots\" content=\"index, follow, max-snippet:-1, max-image-preview:large, max-video-preview:-1\" \/>\n<link rel=\"canonical\" href=\"https:\/\/oficialnoticias.com\/?p=6725\" \/>\n<meta property=\"og:locale\" content=\"pt_BR\" \/>\n<meta property=\"og:type\" content=\"article\" \/>\n<meta property=\"og:title\" content=\"Governo de Minas privatiza gest\u00e3o de duas unidades do sistema socioeducativo -\" \/>\n<meta property=\"og:description\" content=\"A gest\u00e3o de duas unidades do sistema socioeducativo em Minas Gerais ser\u00e1 operada por um ente privado. A decis\u00e3o foi sacramentada, nesta quarta-feira (3), ap\u00f3s o governo do estado ter realizado leil\u00e3o na sede da B3, a Bolsa de Valores de S\u00e3o Paulo, da Parceria P\u00fablico-Privada que vai implantar um novo modelo de constru\u00e7\u00e3o e...\" \/>\n<meta property=\"og:url\" content=\"https:\/\/oficialnoticias.com\/?p=6725\" \/>\n<meta property=\"article:published_time\" content=\"2025-09-04T04:09:33+00:00\" \/>\n<meta property=\"article:modified_time\" content=\"2025-09-04T04:09:38+00:00\" \/>\n<meta property=\"og:image\" content=\"https:\/\/oficialnoticias.com\/wp-content\/uploads\/2025\/09\/urlhttps3A2F2Fk2-prod-radio-itatiaia.s3.us-east-1.amazonaws.com2Fbrightspot2F802F982F7634e0.webp\" \/>\n\t<meta property=\"og:image:width\" content=\"1200\" \/>\n\t<meta property=\"og:image:height\" content=\"630\" \/>\n\t<meta property=\"og:image:type\" content=\"image\/webp\" \/>\n<meta name=\"author\" content=\"Luana Gon\u00e7alves\" \/>\n<meta name=\"twitter:card\" content=\"summary_large_image\" \/>\n<meta name=\"twitter:label1\" content=\"Escrito por\" \/>\n\t<meta name=\"twitter:data1\" content=\"Luana Gon\u00e7alves\" \/>\n\t<meta name=\"twitter:label2\" content=\"Est. tempo de leitura\" \/>\n\t<meta name=\"twitter:data2\" content=\"4 minutos\" \/>\n<script type=\"application\/ld+json\" class=\"yoast-schema-graph\">{\"@context\":\"https:\\\/\\\/schema.org\",\"@graph\":[{\"@type\":\"Article\",\"@id\":\"https:\\\/\\\/oficialnoticias.com\\\/?p=6725#article\",\"isPartOf\":{\"@id\":\"https:\\\/\\\/oficialnoticias.com\\\/?p=6725\"},\"author\":{\"name\":\"Luana Gon\u00e7alves\",\"@id\":\"https:\\\/\\\/oficialnoticias.com\\\/#\\\/schema\\\/person\\\/2d1dcbb6bfbc28d68171b4dc04723d4a\"},\"headline\":\"Governo de Minas privatiza gest\u00e3o de duas unidades do sistema socioeducativo\",\"datePublished\":\"2025-09-04T04:09:33+00:00\",\"dateModified\":\"2025-09-04T04:09:38+00:00\",\"mainEntityOfPage\":{\"@id\":\"https:\\\/\\\/oficialnoticias.com\\\/?p=6725\"},\"wordCount\":749,\"commentCount\":0,\"publisher\":{\"@id\":\"https:\\\/\\\/oficialnoticias.com\\\/#organization\"},\"image\":{\"@id\":\"https:\\\/\\\/oficialnoticias.com\\\/?p=6725#primaryimage\"},\"thumbnailUrl\":\"https:\\\/\\\/oficialnoticias.com\\\/wp-content\\\/uploads\\\/2025\\\/09\\\/urlhttps3A2F2Fk2-prod-radio-itatiaia.s3.us-east-1.amazonaws.com2Fbrightspot2F802F982F7634e0.webp\",\"articleSection\":[\"Politica\"],\"inLanguage\":\"pt-BR\",\"potentialAction\":[{\"@type\":\"CommentAction\",\"name\":\"Comment\",\"target\":[\"https:\\\/\\\/oficialnoticias.com\\\/?p=6725#respond\"]}]},{\"@type\":\"WebPage\",\"@id\":\"https:\\\/\\\/oficialnoticias.com\\\/?p=6725\",\"url\":\"https:\\\/\\\/oficialnoticias.com\\\/?p=6725\",\"name\":\"Governo de Minas privatiza gest\u00e3o de duas unidades do sistema socioeducativo -\",\"isPartOf\":{\"@id\":\"https:\\\/\\\/oficialnoticias.com\\\/#website\"},\"primaryImageOfPage\":{\"@id\":\"https:\\\/\\\/oficialnoticias.com\\\/?p=6725#primaryimage\"},\"image\":{\"@id\":\"https:\\\/\\\/oficialnoticias.com\\\/?p=6725#primaryimage\"},\"thumbnailUrl\":\"https:\\\/\\\/oficialnoticias.com\\\/wp-content\\\/uploads\\\/2025\\\/09\\\/urlhttps3A2F2Fk2-prod-radio-itatiaia.s3.us-east-1.amazonaws.com2Fbrightspot2F802F982F7634e0.webp\",\"datePublished\":\"2025-09-04T04:09:33+00:00\",\"dateModified\":\"2025-09-04T04:09:38+00:00\",\"breadcrumb\":{\"@id\":\"https:\\\/\\\/oficialnoticias.com\\\/?p=6725#breadcrumb\"},\"inLanguage\":\"pt-BR\",\"potentialAction\":[{\"@type\":\"ReadAction\",\"target\":[\"https:\\\/\\\/oficialnoticias.com\\\/?p=6725\"]}]},{\"@type\":\"ImageObject\",\"inLanguage\":\"pt-BR\",\"@id\":\"https:\\\/\\\/oficialnoticias.com\\\/?p=6725#primaryimage\",\"url\":\"https:\\\/\\\/oficialnoticias.com\\\/wp-content\\\/uploads\\\/2025\\\/09\\\/urlhttps3A2F2Fk2-prod-radio-itatiaia.s3.us-east-1.amazonaws.com2Fbrightspot2F802F982F7634e0.webp\",\"contentUrl\":\"https:\\\/\\\/oficialnoticias.com\\\/wp-content\\\/uploads\\\/2025\\\/09\\\/urlhttps3A2F2Fk2-prod-radio-itatiaia.s3.us-east-1.amazonaws.com2Fbrightspot2F802F982F7634e0.webp\",\"width\":1200,\"height\":630},{\"@type\":\"BreadcrumbList\",\"@id\":\"https:\\\/\\\/oficialnoticias.com\\\/?p=6725#breadcrumb\",\"itemListElement\":[{\"@type\":\"ListItem\",\"position\":1,\"name\":\"In\u00edcio\",\"item\":\"https:\\\/\\\/oficialnoticias.com\\\/\"},{\"@type\":\"ListItem\",\"position\":2,\"name\":\"Governo de Minas privatiza gest\u00e3o de duas unidades do sistema socioeducativo\"}]},{\"@type\":\"WebSite\",\"@id\":\"https:\\\/\\\/oficialnoticias.com\\\/#website\",\"url\":\"https:\\\/\\\/oficialnoticias.com\\\/\",\"name\":\"oficial Noticias\",\"description\":\"\",\"publisher\":{\"@id\":\"https:\\\/\\\/oficialnoticias.com\\\/#organization\"},\"potentialAction\":[{\"@type\":\"SearchAction\",\"target\":{\"@type\":\"EntryPoint\",\"urlTemplate\":\"https:\\\/\\\/oficialnoticias.com\\\/?s={search_term_string}\"},\"query-input\":{\"@type\":\"PropertyValueSpecification\",\"valueRequired\":true,\"valueName\":\"search_term_string\"}}],\"inLanguage\":\"pt-BR\"},{\"@type\":\"Organization\",\"@id\":\"https:\\\/\\\/oficialnoticias.com\\\/#organization\",\"name\":\"oficial noticias\",\"url\":\"https:\\\/\\\/oficialnoticias.com\\\/\",\"logo\":{\"@type\":\"ImageObject\",\"inLanguage\":\"pt-BR\",\"@id\":\"https:\\\/\\\/oficialnoticias.com\\\/#\\\/schema\\\/logo\\\/image\\\/\",\"url\":\"https:\\\/\\\/oficialnoticias.com\\\/wp-content\\\/uploads\\\/2025\\\/08\\\/cropped-cropped-cropped-Logo-Noticias-e1753639739829.png\",\"contentUrl\":\"https:\\\/\\\/oficialnoticias.com\\\/wp-content\\\/uploads\\\/2025\\\/08\\\/cropped-cropped-cropped-Logo-Noticias-e1753639739829.png\",\"width\":119,\"height\":86,\"caption\":\"oficial noticias\"},\"image\":{\"@id\":\"https:\\\/\\\/oficialnoticias.com\\\/#\\\/schema\\\/logo\\\/image\\\/\"}},{\"@type\":\"Person\",\"@id\":\"https:\\\/\\\/oficialnoticias.com\\\/#\\\/schema\\\/person\\\/2d1dcbb6bfbc28d68171b4dc04723d4a\",\"name\":\"Luana Gon\u00e7alves\",\"image\":{\"@type\":\"ImageObject\",\"inLanguage\":\"pt-BR\",\"@id\":\"https:\\\/\\\/secure.gravatar.com\\\/avatar\\\/7aa6afdef873224c1a0265951f3fdfc0679f65dfbd15f018612595d323c52521?s=96&d=mm&r=g\",\"url\":\"https:\\\/\\\/secure.gravatar.com\\\/avatar\\\/7aa6afdef873224c1a0265951f3fdfc0679f65dfbd15f018612595d323c52521?s=96&d=mm&r=g\",\"contentUrl\":\"https:\\\/\\\/secure.gravatar.com\\\/avatar\\\/7aa6afdef873224c1a0265951f3fdfc0679f65dfbd15f018612595d323c52521?s=96&d=mm&r=g\",\"caption\":\"Luana Gon\u00e7alves\"},\"sameAs\":[\"https:\\\/\\\/oficialnoticias.com\\\/\"],\"url\":\"https:\\\/\\\/oficialnoticias.com\\\/?author=2\"}]}<\/script>\n<!-- \/ Yoast SEO plugin. -->","yoast_head_json":{"title":"Governo de Minas privatiza gest\u00e3o de duas unidades do sistema socioeducativo -","robots":{"index":"index","follow":"follow","max-snippet":"max-snippet:-1","max-image-preview":"max-image-preview:large","max-video-preview":"max-video-preview:-1"},"canonical":"https:\/\/oficialnoticias.com\/?p=6725","og_locale":"pt_BR","og_type":"article","og_title":"Governo de Minas privatiza gest\u00e3o de duas unidades do sistema socioeducativo -","og_description":"A gest\u00e3o de duas unidades do sistema socioeducativo em Minas Gerais ser\u00e1 operada por um ente privado. A decis\u00e3o foi sacramentada, nesta quarta-feira (3), ap\u00f3s o governo do estado ter realizado leil\u00e3o na sede da B3, a Bolsa de Valores de S\u00e3o Paulo, da Parceria P\u00fablico-Privada que vai implantar um novo modelo de constru\u00e7\u00e3o e...","og_url":"https:\/\/oficialnoticias.com\/?p=6725","article_published_time":"2025-09-04T04:09:33+00:00","article_modified_time":"2025-09-04T04:09:38+00:00","og_image":[{"width":1200,"height":630,"url":"https:\/\/oficialnoticias.com\/wp-content\/uploads\/2025\/09\/urlhttps3A2F2Fk2-prod-radio-itatiaia.s3.us-east-1.amazonaws.com2Fbrightspot2F802F982F7634e0.webp","type":"image\/webp"}],"author":"Luana Gon\u00e7alves","twitter_card":"summary_large_image","twitter_misc":{"Escrito por":"Luana Gon\u00e7alves","Est. tempo de leitura":"4 minutos"},"schema":{"@context":"https:\/\/schema.org","@graph":[{"@type":"Article","@id":"https:\/\/oficialnoticias.com\/?p=6725#article","isPartOf":{"@id":"https:\/\/oficialnoticias.com\/?p=6725"},"author":{"name":"Luana Gon\u00e7alves","@id":"https:\/\/oficialnoticias.com\/#\/schema\/person\/2d1dcbb6bfbc28d68171b4dc04723d4a"},"headline":"Governo de Minas privatiza gest\u00e3o de duas unidades do sistema socioeducativo","datePublished":"2025-09-04T04:09:33+00:00","dateModified":"2025-09-04T04:09:38+00:00","mainEntityOfPage":{"@id":"https:\/\/oficialnoticias.com\/?p=6725"},"wordCount":749,"commentCount":0,"publisher":{"@id":"https:\/\/oficialnoticias.com\/#organization"},"image":{"@id":"https:\/\/oficialnoticias.com\/?p=6725#primaryimage"},"thumbnailUrl":"https:\/\/oficialnoticias.com\/wp-content\/uploads\/2025\/09\/urlhttps3A2F2Fk2-prod-radio-itatiaia.s3.us-east-1.amazonaws.com2Fbrightspot2F802F982F7634e0.webp","articleSection":["Politica"],"inLanguage":"pt-BR","potentialAction":[{"@type":"CommentAction","name":"Comment","target":["https:\/\/oficialnoticias.com\/?p=6725#respond"]}]},{"@type":"WebPage","@id":"https:\/\/oficialnoticias.com\/?p=6725","url":"https:\/\/oficialnoticias.com\/?p=6725","name":"Governo de Minas privatiza gest\u00e3o de duas unidades do sistema socioeducativo -","isPartOf":{"@id":"https:\/\/oficialnoticias.com\/#website"},"primaryImageOfPage":{"@id":"https:\/\/oficialnoticias.com\/?p=6725#primaryimage"},"image":{"@id":"https:\/\/oficialnoticias.com\/?p=6725#primaryimage"},"thumbnailUrl":"https:\/\/oficialnoticias.com\/wp-content\/uploads\/2025\/09\/urlhttps3A2F2Fk2-prod-radio-itatiaia.s3.us-east-1.amazonaws.com2Fbrightspot2F802F982F7634e0.webp","datePublished":"2025-09-04T04:09:33+00:00","dateModified":"2025-09-04T04:09:38+00:00","breadcrumb":{"@id":"https:\/\/oficialnoticias.com\/?p=6725#breadcrumb"},"inLanguage":"pt-BR","potentialAction":[{"@type":"ReadAction","target":["https:\/\/oficialnoticias.com\/?p=6725"]}]},{"@type":"ImageObject","inLanguage":"pt-BR","@id":"https:\/\/oficialnoticias.com\/?p=6725#primaryimage","url":"https:\/\/oficialnoticias.com\/wp-content\/uploads\/2025\/09\/urlhttps3A2F2Fk2-prod-radio-itatiaia.s3.us-east-1.amazonaws.com2Fbrightspot2F802F982F7634e0.webp","contentUrl":"https:\/\/oficialnoticias.com\/wp-content\/uploads\/2025\/09\/urlhttps3A2F2Fk2-prod-radio-itatiaia.s3.us-east-1.amazonaws.com2Fbrightspot2F802F982F7634e0.webp","width":1200,"height":630},{"@type":"BreadcrumbList","@id":"https:\/\/oficialnoticias.com\/?p=6725#breadcrumb","itemListElement":[{"@type":"ListItem","position":1,"name":"In\u00edcio","item":"https:\/\/oficialnoticias.com\/"},{"@type":"ListItem","position":2,"name":"Governo de Minas privatiza gest\u00e3o de duas unidades do sistema socioeducativo"}]},{"@type":"WebSite","@id":"https:\/\/oficialnoticias.com\/#website","url":"https:\/\/oficialnoticias.com\/","name":"oficial Noticias","description":"","publisher":{"@id":"https:\/\/oficialnoticias.com\/#organization"},"potentialAction":[{"@type":"SearchAction","target":{"@type":"EntryPoint","urlTemplate":"https:\/\/oficialnoticias.com\/?s={search_term_string}"},"query-input":{"@type":"PropertyValueSpecification","valueRequired":true,"valueName":"search_term_string"}}],"inLanguage":"pt-BR"},{"@type":"Organization","@id":"https:\/\/oficialnoticias.com\/#organization","name":"oficial noticias","url":"https:\/\/oficialnoticias.com\/","logo":{"@type":"ImageObject","inLanguage":"pt-BR","@id":"https:\/\/oficialnoticias.com\/#\/schema\/logo\/image\/","url":"https:\/\/oficialnoticias.com\/wp-content\/uploads\/2025\/08\/cropped-cropped-cropped-Logo-Noticias-e1753639739829.png","contentUrl":"https:\/\/oficialnoticias.com\/wp-content\/uploads\/2025\/08\/cropped-cropped-cropped-Logo-Noticias-e1753639739829.png","width":119,"height":86,"caption":"oficial noticias"},"image":{"@id":"https:\/\/oficialnoticias.com\/#\/schema\/logo\/image\/"}},{"@type":"Person","@id":"https:\/\/oficialnoticias.com\/#\/schema\/person\/2d1dcbb6bfbc28d68171b4dc04723d4a","name":"Luana Gon\u00e7alves","image":{"@type":"ImageObject","inLanguage":"pt-BR","@id":"https:\/\/secure.gravatar.com\/avatar\/7aa6afdef873224c1a0265951f3fdfc0679f65dfbd15f018612595d323c52521?s=96&d=mm&r=g","url":"https:\/\/secure.gravatar.com\/avatar\/7aa6afdef873224c1a0265951f3fdfc0679f65dfbd15f018612595d323c52521?s=96&d=mm&r=g","contentUrl":"https:\/\/secure.gravatar.com\/avatar\/7aa6afdef873224c1a0265951f3fdfc0679f65dfbd15f018612595d323c52521?s=96&d=mm&r=g","caption":"Luana Gon\u00e7alves"},"sameAs":["https:\/\/oficialnoticias.com\/"],"url":"https:\/\/oficialnoticias.com\/?author=2"}]}},"_links":{"self":[{"href":"https:\/\/oficialnoticias.com\/index.php?rest_route=\/wp\/v2\/posts\/6725","targetHints":{"allow":["GET"]}}],"collection":[{"href":"https:\/\/oficialnoticias.com\/index.php?rest_route=\/wp\/v2\/posts"}],"about":[{"href":"https:\/\/oficialnoticias.com\/index.php?rest_route=\/wp\/v2\/types\/post"}],"author":[{"embeddable":true,"href":"https:\/\/oficialnoticias.com\/index.php?rest_route=\/wp\/v2\/users\/2"}],"replies":[{"embeddable":true,"href":"https:\/\/oficialnoticias.com\/index.php?rest_route=%2Fwp%2Fv2%2Fcomments&post=6725"}],"version-history":[{"count":1,"href":"https:\/\/oficialnoticias.com\/index.php?rest_route=\/wp\/v2\/posts\/6725\/revisions"}],"predecessor-version":[{"id":6727,"href":"https:\/\/oficialnoticias.com\/index.php?rest_route=\/wp\/v2\/posts\/6725\/revisions\/6727"}],"wp:featuredmedia":[{"embeddable":true,"href":"https:\/\/oficialnoticias.com\/index.php?rest_route=\/wp\/v2\/media\/6726"}],"wp:attachment":[{"href":"https:\/\/oficialnoticias.com\/index.php?rest_route=%2Fwp%2Fv2%2Fmedia&parent=6725"}],"wp:term":[{"taxonomy":"category","embeddable":true,"href":"https:\/\/oficialnoticias.com\/index.php?rest_route=%2Fwp%2Fv2%2Fcategories&post=6725"},{"taxonomy":"post_tag","embeddable":true,"href":"https:\/\/oficialnoticias.com\/index.php?rest_route=%2Fwp%2Fv2%2Ftags&post=6725"}],"curies":[{"name":"wp","href":"https:\/\/api.w.org\/{rel}","templated":true}]}}