{"id":6644,"date":"2025-09-03T18:39:40","date_gmt":"2025-09-03T21:39:40","guid":{"rendered":"https:\/\/oficialnoticias.com\/?p=6644"},"modified":"2025-09-03T18:39:44","modified_gmt":"2025-09-03T21:39:44","slug":"assassino-de-gari-andava-com-armas-no-banco-da-frente-do-carro-veja-video","status":"publish","type":"post","link":"https:\/\/oficialnoticias.com\/?p=6644","title":{"rendered":"Assassino de gari andava com armas no banco da frente do carro; veja v\u00eddeo"},"content":{"rendered":"<p><\/p>\n<div>\n<p>Ren\u00ea da Silva Nogueira J\u00fanior, de 47 anos, <bsp-link-enhancement><br \/>\n    <span class=\"LinkEnhancement\"><a class=\"Link\" href=\"https:\/\/www.itatiaia.com.br\/cidades\/assassino-de-gari-e-indiciado-por-tres-crimes-com-pena-de-35-anos-diz-pc\" title=\"indiciado pelo assassinato do gari Laudemir de Souza Fernandes\">indiciado pelo assassinato do gari Laudemir de Souza Fernandes<\/a><\/span><\/bsp-link-enhancement>, de 44, no dia 11 de agosto, no bairro Vista Alegre, Regi\u00e3o Oeste de Belo Horizonte, tinha fasc\u00ednio por armas de fogo e andava com armamentos no banco da frente do seu carro.<\/p>\n<p>A <b>Itatiaia<\/b> teve acesso a <bsp-link-enhancement><br \/>\n    <span class=\"LinkEnhancement\"><a class=\"Link\" href=\"https:\/\/www.itatiaia.com.br\/cidades\/video-mostra-assassino-de-gari-com-armas-disparando-e-com-distintivo-de-delegada\" title=\"v\u00eddeos gravados pelo pr\u00f3prio homem e que fazem parte da investiga\u00e7\u00e3o do assassinato de Laudemir\">v\u00eddeos gravados pelo pr\u00f3prio homem e que fazem parte da investiga\u00e7\u00e3o do assassinato de Laudemir<\/a><\/span><\/bsp-link-enhancement>. Nas imagens, \u00e9 poss\u00edvel ver duas pistolas ao lado de Ren\u00ea em seu ve\u00edculo. O homem ainda faz \u201cpiadas\u201d oferecendo as armas a um terceiro para quem ele envia as grava\u00e7\u00f5es.<\/p>\n<p>\u201cE a\u00ed lideran\u00e7a! Vai sair ou n\u00e3o vai essas \u2018Pernambuquinhas\u2019 a\u00ed? Vamos fazer esse sistema a\u00ed, estou precisando comprar, p\u00f4. Indicar para os meus clientes, para os parceiros, para os mercados. Tem que fechar l\u00e1 com m\u00eddia. Se quiser umas ferramentas emprestadas para fechar eu tenho aqui. A\u00ed tu pega aqui comigo emprestado e a gente resolve l\u00e1\u201d, diz Ren\u00ea no v\u00eddeo.<\/p>\n<p>No momento em que fala das \u201cferramentas\u201d, Ren\u00ea filma as duas armas colocadas no banco do carro. Assista:<\/p>\n<p>Ren\u00ea J\u00fanior tamb\u00e9m aparece em outras grava\u00e7\u00f5es. Em uma delas, Ren\u00ea \u00e9 filmado disparando com uma espingarda durante uma comemora\u00e7\u00e3o de Ano-Novo. Em um terceiro v\u00eddeo, o homem surge exibindo armas e o distintivo da esposa, a delegada Ana Paula Balbino Nogueira, tamb\u00e9m indiciada pela Pol\u00edcia Civil.<\/p>\n<p><bsp-list-loadmore class=\"PageListStandardG\" data-module=\"\" data-show-loadmore=\"true\" data-list-title-size=\"3\" data-list-description-size=\"3\"><\/p>\n<p>    <a class=\"AnchorLink\" title=\"leia-tambem\" name=\"leia-tambem\"\/><\/p>\n<p><\/bsp-list-loadmore><\/p>\n<p>Na coletiva de imprensa sobre o caso, realizada na sexta-feira, 31 de agosto, o delegado Evandro Radaelli destacou o fasc\u00ednio de Ren\u00ea por armas. \u201cTivemos acesso a imagens em que ele exibe armas de fogo, inclusive disparando com um armamento antigo. Ent\u00e3o, ele tinha, sim, um fasc\u00ednio.\u201d<\/p>\n<p>A Pol\u00edcia Civil analisou o perfil de Ren\u00ea e revelou que, em imagens obtidas durante a investiga\u00e7\u00e3o, o empres\u00e1rio aparece refor\u00e7ando esse comportamento. Ele tamb\u00e9m chegou a exibir o distintivo da esposa, a delegada Ana Paula.<\/p>\n<p>O delegado acrescentou que Ren\u00ea demonstrava interesse pelo cargo ocupado pela companheira. \u201cEle chegou a exibir o distintivo dela e possivelmente compartilhava mensagens com outras pessoas do conv\u00edvio dele\u201d, afirmou.<\/p>\n<h2>O crime<\/h2>\n<p><bsp-link-enhancement><br \/>\n    <span class=\"LinkEnhancement\"><a class=\"Link\" href=\"https:\/\/www.itatiaia.com.br\/cidades\/pessoa-de-um-coracao-enorme-diz-gestor-do-gari-assassinado-com-um-tiro-na-barriga-em-bh\" target=\"_blank\" title=\"Laudemir de Souza Fernandes\" rel=\"noopener\">Laudemir de Souza Fernandes<\/a><\/span><\/bsp-link-enhancement> foi morto com um tiro no abd\u00f4men na manh\u00e3 do dia 11 de agosto, no bairro Vista Alegre, regi\u00e3o Oeste de Belo Horizonte. A <bsp-link-enhancement><br \/>\n    <span class=\"LinkEnhancement\"><a class=\"Link\" href=\"https:\/\/www.itatiaia.com.br\/cidades\/matou-um-pai-de-familia-diz-dono-de-empresa-de-gari-assassinado-durante-briga-de-transito-em-bh\" target=\"_blank\" title=\"v\u00edtima\" rel=\"noopener\">v\u00edtima<\/a><\/span><\/bsp-link-enhancement> chegou a ser socorrida por populares, mas n\u00e3o resistiu.<\/p>\n<p>A v\u00edtima trabalhava na coleta de lixo quando Ren\u00ea J\u00fanior, que dirigia um BYD de cor cinza, que seguia no sentido contr\u00e1rio, se irritou, alegando que o ve\u00edculo atrapalhava o tr\u00e2nsito.<\/p>\n<p>Armado, Ren\u00ea apontou a arma para a motorista do caminh\u00e3o e amea\u00e7ou atirar no rosto dela. Ele seguiu, passou pelo caminh\u00e3o, desceu do carro com a arma em punho, deixou o carregador cair, o recolocou e atirou contra o gari.<\/p>\n<p>A bala atingiu a regi\u00e3o das costelas do lado direito, atravessou o corpo e se alojou no antebra\u00e7o esquerdo. Ren\u00ea foi preso horas depois, ao chegar \u00e0 academia.<\/p>\n<h3>Leia mais sobre o caso:<\/h3>\n<ul>\n<li><bsp-link-enhancement><br \/>\n    <span class=\"LinkEnhancement\"><a class=\"Link\" href=\"https:\/\/www.itatiaia.com.br\/cidades\/estava-no-lugar-errado-na-hora-errada-diz-mensagem-de-rene-enviada-a-esposa\" title=\"&lt;b&gt;\u2018Estava no lugar errado, na hora errada\u2019, diz mensagem de Ren\u00ea enviada \u00e0 esposa&lt;\/b&gt;\"><b>\u2018Estava no lugar errado, na hora errada\u2019, diz mensagem de Ren\u00ea enviada \u00e0 esposa<\/b><\/a><\/span><\/bsp-link-enhancement><\/li>\n<li><bsp-link-enhancement><br \/>\n    <span class=\"LinkEnhancement\"><a class=\"Link\" href=\"https:\/\/www.itatiaia.com.br\/cidades\/apos-matar-gari-empresario-mentiu-para-o-chefe-e-disse-que-se-atrasou-por-transito\" title=\"&lt;b&gt;Ap\u00f3s matar gari, empres\u00e1rio mentiu para o chefe e disse que se atrasou por \u2018tr\u00e2nsito\u2019&lt;\/b&gt;\"><b>Ap\u00f3s matar gari, empres\u00e1rio mentiu para o chefe e disse que se atrasou por \u2018tr\u00e2nsito\u2019<\/b><\/a><\/span><\/bsp-link-enhancement><\/li>\n<li><bsp-link-enhancement><br \/>\n    <span class=\"LinkEnhancement\"><a class=\"Link\" href=\"https:\/\/www.itatiaia.com.br\/brasil\/acusado-de-matar-gari-usou-comando-de-voz-do-carro-para-sintonizar-radio-itatiaia\" title=\"&lt;b&gt;Acusado de matar gari usou comando de voz do carro para sintonizar R\u00e1dio Itatiaia&lt;\/b&gt;\"><b>Acusado de matar gari usou comando de voz do carro para sintonizar R\u00e1dio Itatiaia<\/b><\/a><\/span><\/bsp-link-enhancement><\/li>\n<li><bsp-link-enhancement><br \/>\n    <span class=\"LinkEnhancement\"><a class=\"Link\" href=\"https:\/\/www.itatiaia.com.br\/cidades\/pc-indicia-delegada-esposa-de-assassino-de-gari-ela-sabia-que-ele-usava-a-arma\" title=\"&lt;b&gt;PC indicia delegada, esposa de assassino de gari: \u2018ela sabia que ele usava a arma\u2019&lt;\/b&gt;\"><b>PC indicia delegada, esposa de assassino de gari: \u2018ela sabia que ele usava a arma\u2019<\/b><\/a><\/span><\/bsp-link-enhancement><\/li>\n<li><bsp-link-enhancement><br \/>\n    <span class=\"LinkEnhancement\"><a class=\"Link\" href=\"https:\/\/www.itatiaia.com.br\/cidades\/gari-assassinado-advogado-de-rene-junior-pede-reconstituicao-do-crime-em-bh\" title=\"&lt;b&gt;Gari assassinado: advogado de Ren\u00ea J\u00fanior pede reconstitui\u00e7\u00e3o do crime em BH&lt;\/b&gt;\"><b>Gari assassinado: advogado de Ren\u00ea J\u00fanior pede reconstitui\u00e7\u00e3o do crime em BH<\/b><\/a><\/span><\/bsp-link-enhancement><\/li>\n<li><bsp-link-enhancement><br \/>\n    <span class=\"LinkEnhancement\"><a class=\"Link\" href=\"https:\/\/www.itatiaia.com.br\/cidades\/morte-de-gari-assassino-confesso-rene-junior-define-quem-sera-seu-advogado\" title=\"&lt;b&gt;Morte de gari: assassino confesso, Ren\u00ea J\u00fanior define quem ser\u00e1 seu advogado&lt;\/b&gt;\"><b>Morte de gari: assassino confesso, Ren\u00ea J\u00fanior define quem ser\u00e1 seu advogado<\/b><\/a><\/span><\/bsp-link-enhancement><\/li>\n<li><bsp-link-enhancement><br \/>\n    <span class=\"LinkEnhancement\"><a class=\"Link\" href=\"https:\/\/www.itatiaia.com.br\/cidades\/morte-de-gari-juiza-cita-tumulto-processual-e-intima-rene-a-definir-advogado\" title=\"&lt;b&gt;Morte de gari: ju\u00edza cita \u2018tumulto processual\u2019 e intima Ren\u00ea a definir advogado&lt;\/b&gt;\"><b>Morte de gari: ju\u00edza cita \u2018tumulto processual\u2019 e intima Ren\u00ea a definir advogado<\/b><\/a><\/span><\/bsp-link-enhancement><\/li>\n<li><bsp-link-enhancement><br \/>\n    <span class=\"LinkEnhancement\"><a class=\"Link\" href=\"https:\/\/www.itatiaia.com.br\/cidades\/morte-de-gari-em-carta-assassino-chamou-crime-de-mal-entendido-e-acidente\" target=\"_blank\" title=\"&lt;b&gt;Morte de gari: em carta, assassino chamou crime de \u2018mal-entendido\u2019 e \u2018acidente\u2019&lt;\/b&gt;\" rel=\"noopener\"><b>Morte de gari: em carta, assassino chamou crime de \u2018mal-entendido\u2019 e \u2018acidente\u2019<\/b><\/a><\/span><\/bsp-link-enhancement><\/li>\n<li><bsp-link-enhancement><br \/>\n    <span class=\"LinkEnhancement\"><a class=\"Link\" href=\"https:\/\/www.itatiaia.com.br\/cidades\/advogado-de-assassino-de-gari-nao-sabe-se-segue-no-caso-prometo-o-que-posso-cumprir\" target=\"_blank\" title=\"&lt;b&gt;Advogado de assassino de gari n\u00e3o sabe se segue no caso: \u2018Prometo o que posso cumprir\u2019&lt;\/b&gt;\" rel=\"noopener\"><b>Advogado de assassino de gari n\u00e3o sabe se segue no caso: \u2018Prometo o que posso cumprir\u2019<\/b><\/a><\/span><\/bsp-link-enhancement><\/li>\n<li><bsp-link-enhancement><br \/>\n    <span class=\"LinkEnhancement\"><a class=\"Link\" href=\"https:\/\/www.itatiaia.com.br\/cidades\/morte-de-gari-rene-junior-escreve-carta-e-volta-atras-em-decisao-leia\" target=\"_blank\" title=\"&lt;b&gt;Morte de gari: Ren\u00ea J\u00fanior escreve carta e volta atr\u00e1s em decis\u00e3o; leia&lt;\/b&gt;\" rel=\"noopener\"><b>Morte de gari: Ren\u00ea J\u00fanior escreve carta e volta atr\u00e1s em decis\u00e3o; leia<\/b><\/a><\/span><\/bsp-link-enhancement><\/li>\n<li><bsp-link-enhancement><br \/>\n    <span class=\"LinkEnhancement\"><a class=\"Link\" href=\"https:\/\/www.itatiaia.com.br\/cidades\/rene-junior-preso-por-matar-gari-em-bh-muda-de-advogado-pela-3-vez\" title=\"&lt;b&gt;Ren\u00ea J\u00fanior, preso por matar gari em BH, muda de advogado pela terceira vez&lt;\/b&gt;\"><b>Ren\u00ea J\u00fanior, preso por matar gari em BH, muda de advogado pela terceira vez<\/b><\/a><\/span><\/bsp-link-enhancement><\/li>\n<li><bsp-link-enhancement><br \/>\n    <span class=\"LinkEnhancement\"><a class=\"Link\" href=\"https:\/\/www.itatiaia.com.br\/cidades\/gari-assassinado-em-bh-novo-advogado-de-rene-diz-que-ficha-caiu-para-empresario\" target=\"_blank\" title=\"&lt;b&gt;Gari assassinado em BH: novo advogado de Ren\u00ea diz que \u2018ficha caiu\u2019 para empres\u00e1rio ap\u00f3s dias na pris\u00e3o&lt;\/b&gt;\" rel=\"noopener\"><b>Gari assassinado em BH: novo advogado de Ren\u00ea diz que \u2018ficha caiu\u2019 para empres\u00e1rio ap\u00f3s dias na pris\u00e3o<\/b><\/a><\/span><\/bsp-link-enhancement><\/li>\n<li><bsp-link-enhancement><br \/>\n    <span class=\"LinkEnhancement\"><a class=\"Link\" href=\"https:\/\/www.itatiaia.com.br\/cidades\/homenagem-a-garis-na-virada-cultural-de-bh-vira-tributo-postumo-a-laudemir-cada-vida-importa\" title=\"&lt;b&gt;Homenagem a garis na Virada Cultural de BH vira tributo p\u00f3stumo a Laudemir: \u2018Cada vida importa\u2019&lt;\/b&gt;\"><b>Homenagem a garis na Virada Cultural de BH vira tributo p\u00f3stumo a Laudemir: \u2018Cada vida importa\u2019<\/b><\/a><\/span><\/bsp-link-enhancement><\/li>\n<li><bsp-link-enhancement><br \/>\n    <span class=\"LinkEnhancement\"><a class=\"Link\" href=\"https:\/\/www.itatiaia.com.br\/cidades\/laudemir-fernandes-veja-tudo-o-que-se-sabe-do-caso-do-gari-assassinado-em-bh\" title=\"&lt;b&gt;Laudemir Fernandes: veja tudo o que se sabe do caso do gari assassinado em BH&lt;\/b&gt;\"><b>Laudemir Fernandes: veja tudo o que se sabe do caso do gari assassinado em BH<\/b><\/a><\/span><\/bsp-link-enhancement><\/li>\n<li><bsp-link-enhancement><br \/>\n    <span class=\"LinkEnhancement\"><a class=\"Link\" href=\"https:\/\/www.itatiaia.com.br\/cidades\/gari-morto-em-bh-entenda-quem-assume-a-defesa-apos-advogado-desistir-do-caso\" target=\"_blank\" title=\"&lt;b&gt;Gari morto em BH: entenda quem assume a defesa ap\u00f3s advogados desistirem do caso&lt;\/b&gt;\" rel=\"noopener\"><b>Gari morto em BH: entenda quem assume a defesa ap\u00f3s advogados desistirem do caso<\/b><\/a><\/span><\/bsp-link-enhancement><\/li>\n<li><bsp-link-enhancement><br \/>\n    <span class=\"LinkEnhancement\"><a class=\"Link\" href=\"https:\/\/www.itatiaia.com.br\/cidades\/gari-morto-em-bh-justica-nega-bloqueio-de-bens-de-assassino-e-delegada\" target=\"_blank\" title=\"&lt;b&gt;Gari morto em BH: Justi\u00e7a nega bloqueio de bens de assassino e delegada&lt;\/b&gt;\" rel=\"noopener\"><b>Gari morto em BH: Justi\u00e7a nega bloqueio de bens de assassino e delegada<\/b><\/a><\/span><\/bsp-link-enhancement><\/li>\n<li><bsp-link-enhancement><br \/>\n    <span class=\"LinkEnhancement\"><a class=\"Link\" href=\"https:\/\/www.itatiaia.com.br\/cidades\/morto-em-bh-depois-de-harvard-faculdade-importante-nega-historico-academico-de-suspeito\" target=\"_blank\" title=\"&lt;b&gt;Gari morto em BH: depois de Harvard, faculdade importante nega hist\u00f3rico de suspeito&lt;\/b&gt;\" rel=\"noopener\"><b>Gari morto em BH: depois de Harvard, faculdade importante nega hist\u00f3rico de suspeito<\/b><\/a><\/span><\/bsp-link-enhancement><\/li>\n<li><bsp-link-enhancement><br \/>\n    <span class=\"LinkEnhancement\"><a class=\"Link\" href=\"https:\/\/www.itatiaia.com.br\/cidades\/gari-morto-em-bh-criminologa-explica-o-que-e-condutopatia-e-aponta-sinais-do-suspeito\" target=\"_blank\" title=\"&lt;b&gt;Gari morto em BH: crimin\u00f3loga explica o que \u00e9 \u2018condutopatia\u2019 e aponta sinais do suspeito&lt;\/b&gt;\" rel=\"noopener\"><b>Gari morto em BH: crimin\u00f3loga explica o que \u00e9 \u2018condutopatia\u2019 e aponta sinais do suspeito<\/b><\/a><\/span><\/bsp-link-enhancement><\/li>\n<li><bsp-link-enhancement><br \/>\n    <span class=\"LinkEnhancement\"><a class=\"Link\" href=\"https:\/\/www.itatiaia.com.br\/cidades\/morte-de-gari-em-bh-ficha-criminal-de-rene-junior-no-rj-e-divulgada-veja\" target=\"_blank\" title=\"&lt;b&gt;Morte de gari em BH: ficha criminal de Ren\u00ea J\u00fanior no RJ \u00e9 divulgada; veja&lt;\/b&gt;\" rel=\"noopener\"><b>Morte de gari em BH: ficha criminal de Ren\u00ea J\u00fanior no RJ \u00e9 divulgada; veja<\/b><\/a><\/span><\/bsp-link-enhancement><\/li>\n<li><bsp-link-enhancement><br \/>\n    <span class=\"LinkEnhancement\"><a class=\"Link\" href=\"https:\/\/www.itatiaia.com.br\/cidades\/morte-de-gari-advogado-diz-que-ha-provas-contundentes-para-indiciar-rene-junior\" target=\"_blank\" title=\"&lt;b&gt;Morte de gari: advogado diz que h\u00e1 provas contundentes para indiciar Ren\u00ea J\u00fanior&lt;\/b&gt;\" rel=\"noopener\"><b>Morte de gari: advogado diz que h\u00e1 provas contundentes para indiciar Ren\u00ea J\u00fanior<\/b><\/a><\/span><\/bsp-link-enhancement><\/li>\n<li><bsp-link-enhancement><br \/>\n    <span class=\"LinkEnhancement\"><a class=\"Link\" href=\"https:\/\/www.itatiaia.com.br\/cidades\/advogado-da-familia-de-gari-morto-pede-bloqueio-de-bens-de-suspeito-e-de-delegada\" target=\"_blank\" title=\"&lt;b&gt;Advogado da fam\u00edlia de gari morto pede bloqueio de bens de suspeito e de delegada&lt;\/b&gt;\" rel=\"noopener\"><b>Advogado da fam\u00edlia de gari morto pede bloqueio de bens de suspeito e de delegada<\/b><\/a><\/span><\/bsp-link-enhancement><\/li>\n<li><bsp-link-enhancement><br \/>\n    <span class=\"LinkEnhancement\"><a class=\"Link\" href=\"https:\/\/www.itatiaia.com.br\/cidades\/gari-morto-em-bh-arma-usada-no-crime-e-de-delegada-da-pc-dizem-fontes\" target=\"_blank\" title=\"&lt;b&gt;Gari morto em BH: arma usada no crime \u00e9 de delegada da PC, dizem fontes&lt;\/b&gt;\" rel=\"noopener\"><b>Gari morto em BH: arma usada no crime \u00e9 de delegada da PC, dizem fontes<\/b><\/a><\/span><\/bsp-link-enhancement><\/li>\n<li><bsp-link-enhancement><br \/>\n    <span class=\"LinkEnhancement\"><a class=\"Link\" href=\"https:\/\/www.itatiaia.com.br\/cidades\/gari-morto-em-bh-justica-quebra-sigilo-e-pc-tera-acesso-a-rotas-de-carro-e-ligacoes-de-celular\" target=\"_blank\" title=\"&lt;b&gt;Gari morto em BH: Justi\u00e7a quebra sigilo e PC ter\u00e1 acesso a rotas de carro e liga\u00e7\u00f5es de celular&lt;\/b&gt;\" rel=\"noopener\"><b>Gari morto em BH: Justi\u00e7a quebra sigilo e PC ter\u00e1 acesso a rotas de carro e liga\u00e7\u00f5es de celular<\/b><\/a><\/span><\/bsp-link-enhancement><\/li>\n<li><bsp-link-enhancement><br \/>\n    <span class=\"LinkEnhancement\"><a class=\"Link\" href=\"https:\/\/www.itatiaia.com.br\/cidades\/empresario-suspeito-de-matar-gari-divide-cela-com-filho-que-matou-professora-soraya\" title=\"&lt;b&gt;Empres\u00e1rio suspeito de matar gari divide cela com filho que matou professora Soraya&lt;\/b&gt;\"><b>Empres\u00e1rio suspeito de matar gari divide cela com filho que matou professora Soraya<\/b><\/a><\/span><\/bsp-link-enhancement><\/li>\n<li><bsp-link-enhancement><br \/>\n    <span class=\"LinkEnhancement\"><a class=\"Link\" href=\"https:\/\/www.itatiaia.com.br\/cidades\/gari-assassinado-suspeito-e-transferido-para-presidio-da-grande-bh-apos-audiencia\" title=\"&lt;b&gt;Gari assassinado: suspeito \u00e9 transferido para pres\u00eddio da Grande BH ap\u00f3s audi\u00eancia&lt;\/b&gt;\"><b>Gari assassinado: suspeito \u00e9 transferido para pres\u00eddio da Grande BH ap\u00f3s audi\u00eancia<\/b><\/a><\/span><\/bsp-link-enhancement><\/li>\n<li><bsp-link-enhancement><br \/>\n    <span class=\"LinkEnhancement\"><a class=\"Link\" href=\"https:\/\/www.itatiaia.com.br\/cidades\/suspeito-de-matar-gari-chegou-ao-trabalho-30-minutos-depois-do-crime-dizem-fontes\" target=\"_blank\" title=\"&lt;b&gt;Suspeito de matar gari chegou ao trabalho 30 minutos depois do crime, dizem fontes&lt;\/b&gt;\" rel=\"noopener\"><b>Suspeito de matar gari chegou ao trabalho 30 minutos depois do crime, dizem fontes<\/b><\/a><\/span><\/bsp-link-enhancement><\/li>\n<li><bsp-link-enhancement><br \/>\n    <span class=\"LinkEnhancement\"><a class=\"Link\" href=\"https:\/\/www.itatiaia.com.br\/cidades\/sejusp-desmente-suspeito-de-matar-gari-que-afirmou-conhecer-secretario-em-tom-de-ameaca\" target=\"_blank\" title=\"&lt;b&gt;Sejusp desmente suspeito de matar gari, que afirmou conhecer secret\u00e1rio em tom de amea\u00e7a&lt;\/b&gt;\" rel=\"noopener\"><b>Sejusp desmente suspeito de matar gari, que afirmou conhecer secret\u00e1rio em tom de amea\u00e7a<\/b><\/a><\/span><\/bsp-link-enhancement><\/li>\n<li><bsp-link-enhancement><br \/>\n    <span class=\"LinkEnhancement\"><a class=\"Link\" href=\"https:\/\/www.itatiaia.com.br\/cidades\/suspeito-de-matar-gari-diz-em-audiencia-que-dormiu-no-chao-foi-constrangido-e-faz-ameaca\" target=\"_blank\" title=\"&lt;b&gt;Suspeito de matar gari diz em audi\u00eancia que dormiu no ch\u00e3o, foi constrangido e faz amea\u00e7a&lt;\/b&gt;\" rel=\"noopener\"><b>Suspeito de matar gari diz em audi\u00eancia que dormiu no ch\u00e3o, foi constrangido e faz amea\u00e7a<\/b><\/a><\/span><\/bsp-link-enhancement><\/li>\n<li><bsp-link-enhancement><br \/>\n    <span class=\"LinkEnhancement\"><a class=\"Link\" href=\"https:\/\/www.itatiaia.com.br\/cidades\/preso-por-matar-gari-empresario-alegou-pobreza-para-ter-justica-gratuita-em-processo-de-2024\" target=\"_blank\" title=\"&lt;b&gt;Preso por matar gari, empres\u00e1rio alegou pobreza para ter Justi\u00e7a gratuita em processo de 2024&lt;\/b&gt;\" rel=\"noopener\"><b>Preso por matar gari, empres\u00e1rio alegou pobreza para ter Justi\u00e7a gratuita em processo de 2024<\/b><\/a><\/span><\/bsp-link-enhancement><\/li>\n<li><bsp-link-enhancement><br \/>\n    <span class=\"LinkEnhancement\"><a class=\"Link\" href=\"https:\/\/www.itatiaia.com.br\/cidades\/ex-mulher-de-suspeito-de-matar-gari-em-bh-ja-o-denunciou-por-agressao-a-vassouradas-no-rj\" target=\"_blank\" title=\"&lt;b&gt;Ex-mulher de suspeito de matar gari em BH j\u00e1 o denunciou por agress\u00e3o a vassouradas no RJ&lt;\/b&gt;\" rel=\"noopener\"><b>Ex-mulher de suspeito de matar gari em BH j\u00e1 o denunciou por agress\u00e3o a vassouradas no RJ<\/b><\/a><\/span><\/bsp-link-enhancement><\/li>\n<li><bsp-link-enhancement><br \/>\n    <span class=\"LinkEnhancement\"><a class=\"Link\" href=\"https:\/\/www.itatiaia.com.br\/cidades\/gari-morto-em-bh-periculosidade-de-suspeito-foi-crucial-para-mante-lo-preso-juiz-lista-motivos\" title=\"&lt;b&gt;Gari morto em BH: \u2018periculosidade\u2019 de suspeito foi crucial para mant\u00ea-lo preso; juiz lista motivos&lt;\/b&gt;\"><b>Gari morto em BH: \u2018periculosidade\u2019 de suspeito foi crucial para mant\u00ea-lo preso; juiz lista motivos<\/b><\/a><\/span><\/bsp-link-enhancement><\/li>\n<li><bsp-link-enhancement><br \/>\n    <span class=\"LinkEnhancement\"><a class=\"Link\" href=\"https:\/\/www.itatiaia.com.br\/cidades\/gari-morto-em-bh-suspeito-e-demitido-apos-duas-semanas-de-contratacao\" target=\"_blank\" title=\"&lt;b&gt;Gari morto em BH: suspeito \u00e9 demitido ap\u00f3s duas semanas de contrata\u00e7\u00e3o&lt;\/b&gt;\" rel=\"noopener\"><b>Gari morto em BH: suspeito \u00e9 demitido ap\u00f3s duas semanas de contrata\u00e7\u00e3o<\/b><\/a><\/span><\/bsp-link-enhancement><\/li>\n<li><bsp-link-enhancement><br \/>\n    <span class=\"LinkEnhancement\"><a class=\"Link\" href=\"https:\/\/www.itatiaia.com.br\/cidades\/homem-suspeito-de-matar-gari-com-um-tiro-na-barriga-em-bh-e-marido-de-delegada-da-policia-civil\" target=\"_blank\" title=\"&lt;b&gt;Homem suspeito de matar gari com um tiro na barriga em BH \u00e9 marido de delegada da Pol\u00edcia Civil&lt;\/b&gt;\" rel=\"noopener\"><b>Homem suspeito de matar gari com um tiro na barriga em BH \u00e9 marido de delegada da Pol\u00edcia Civil<\/b><\/a><\/span><\/bsp-link-enhancement><\/li>\n<li><bsp-link-enhancement><br \/>\n    <span class=\"LinkEnhancement\"><a class=\"Link\" href=\"https:\/\/www.itatiaia.com.br\/cidades\/homem-suspeito-de-matar-gari-com-um-tiro-na-barriga-e-preso-em-academia-em-belo-horizonte\" target=\"_blank\" title=\"&lt;b&gt;Homem suspeito de matar gari com um tiro na barriga \u00e9 preso em academia, em Belo Horizonte&lt;\/b&gt;\" rel=\"noopener\"><b>Homem suspeito de matar gari com um tiro na barriga \u00e9 preso em academia, em Belo Horizonte<\/b><\/a><\/span><\/bsp-link-enhancement><\/li>\n<li><bsp-link-enhancement><br \/>\n    <span class=\"LinkEnhancement\"><a class=\"Link\" href=\"https:\/\/www.itatiaia.com.br\/cidades\/pessoa-de-um-coracao-enorme-diz-gestor-do-gari-assassinado-com-um-tiro-na-barriga-em-bh\" target=\"_blank\" title=\"&lt;b&gt;\u2018Pessoa de um cora\u00e7\u00e3o enorme\u2019, diz gestor do gari assassinado com um tiro na barriga em BH&lt;\/b&gt;\" rel=\"noopener\"><b>\u2018Pessoa de um cora\u00e7\u00e3o enorme\u2019, diz gestor do gari assassinado com um tiro na barriga em BH<\/b><\/a><\/span><\/bsp-link-enhancement><\/li>\n<li><bsp-link-enhancement><br \/>\n    <span class=\"LinkEnhancement\"><a class=\"Link\" href=\"https:\/\/www.itatiaia.com.br\/cidades\/matou-um-pai-de-familia-diz-dono-de-empresa-de-gari-assassinado-durante-briga-de-transito-em-bh\" target=\"_blank\" title=\"&lt;b&gt;\u2018Matou um pai de fam\u00edlia\u2019, diz dono de empresa de gari assassinado durante briga de tr\u00e2nsito em BH&lt;\/b&gt;\" rel=\"noopener\"><b>\u2018Matou um pai de fam\u00edlia\u2019, diz dono de empresa de gari assassinado durante briga de tr\u00e2nsito em BH<\/b><\/a><\/span><\/bsp-link-enhancement><\/li>\n<\/ul><\/div>\n<p><script>\n  window.fbAsyncInit = function() {\n      FB.init({\n              appId : '1447052969554341',\n          xfbml : true,\n          version : 'v2.9'\n      });\n  };\n  (function(d, s, id){\n     var js, fjs = d.getElementsByTagName(s)[0];\n     if (d.getElementById(id)) {return;}\n     js = d.createElement(s); js.id = id;\n     js.src = \"https:\/\/connect.facebook.net\/en_US\/sdk.js\";\n     fjs.parentNode.insertBefore(js, fjs);\n   }(document, 'script', 'facebook-jssdk'));\n<\/script><br \/>\n  <\/a><\/p>\n","protected":false},"excerpt":{"rendered":"<p>Ren\u00ea da Silva Nogueira J\u00fanior, de 47 anos, indiciado pelo assassinato do gari Laudemir de Souza Fernandes, de 44, no dia 11 de agosto, no bairro Vista Alegre, Regi\u00e3o Oeste de Belo Horizonte, tinha fasc\u00ednio por armas de fogo e andava com armamentos no banco da frente do seu carro. A Itatiaia teve acesso a&#8230;<\/p>\n","protected":false},"author":2,"featured_media":6645,"comment_status":"open","ping_status":"open","sticky":false,"template":"","format":"standard","meta":{"footnotes":""},"categories":[3],"tags":[],"class_list":["post-6644","post","type-post","status-publish","format-standard","has-post-thumbnail","hentry","category-fashion"],"yoast_head":"<!-- This site is optimized with the Yoast SEO plugin v28.1 - https:\/\/yoast.com\/product\/yoast-seo-wordpress\/ -->\n<title>Assassino de gari andava com armas no banco da frente do carro; veja v\u00eddeo -<\/title>\n<meta name=\"robots\" content=\"index, follow, max-snippet:-1, max-image-preview:large, max-video-preview:-1\" \/>\n<link rel=\"canonical\" href=\"https:\/\/oficialnoticias.com\/?p=6644\" \/>\n<meta property=\"og:locale\" content=\"pt_BR\" \/>\n<meta property=\"og:type\" content=\"article\" \/>\n<meta property=\"og:title\" content=\"Assassino de gari andava com armas no banco da frente do carro; veja v\u00eddeo -\" \/>\n<meta property=\"og:description\" content=\"Ren\u00ea da Silva Nogueira J\u00fanior, de 47 anos, indiciado pelo assassinato do gari Laudemir de Souza Fernandes, de 44, no dia 11 de agosto, no bairro Vista Alegre, Regi\u00e3o Oeste de Belo Horizonte, tinha fasc\u00ednio por armas de fogo e andava com armamentos no banco da frente do seu carro. A Itatiaia teve acesso a...\" \/>\n<meta property=\"og:url\" content=\"https:\/\/oficialnoticias.com\/?p=6644\" \/>\n<meta property=\"article:published_time\" content=\"2025-09-03T21:39:40+00:00\" \/>\n<meta property=\"article:modified_time\" content=\"2025-09-03T21:39:44+00:00\" \/>\n<meta property=\"og:image\" content=\"https:\/\/oficialnoticias.com\/wp-content\/uploads\/2025\/09\/urlhttps3A2F2Fk2-prod-radio-itatiaia.s3.us-east-1.amazonaws.com2Fbrightspot2Fdc2Fee2F045136.webp\" \/>\n\t<meta property=\"og:image:width\" content=\"1200\" \/>\n\t<meta property=\"og:image:height\" content=\"630\" \/>\n\t<meta property=\"og:image:type\" content=\"image\/webp\" \/>\n<meta name=\"author\" content=\"Luana Gon\u00e7alves\" \/>\n<meta name=\"twitter:card\" content=\"summary_large_image\" \/>\n<meta name=\"twitter:label1\" content=\"Escrito por\" \/>\n\t<meta name=\"twitter:data1\" content=\"Luana Gon\u00e7alves\" \/>\n\t<meta name=\"twitter:label2\" content=\"Est. tempo de leitura\" \/>\n\t<meta name=\"twitter:data2\" content=\"5 minutos\" \/>\n<script type=\"application\/ld+json\" class=\"yoast-schema-graph\">{\"@context\":\"https:\\\/\\\/schema.org\",\"@graph\":[{\"@type\":\"Article\",\"@id\":\"https:\\\/\\\/oficialnoticias.com\\\/?p=6644#article\",\"isPartOf\":{\"@id\":\"https:\\\/\\\/oficialnoticias.com\\\/?p=6644\"},\"author\":{\"name\":\"Luana Gon\u00e7alves\",\"@id\":\"https:\\\/\\\/oficialnoticias.com\\\/#\\\/schema\\\/person\\\/2d1dcbb6bfbc28d68171b4dc04723d4a\"},\"headline\":\"Assassino de gari andava com armas no banco da frente do carro; veja v\u00eddeo\",\"datePublished\":\"2025-09-03T21:39:40+00:00\",\"dateModified\":\"2025-09-03T21:39:44+00:00\",\"mainEntityOfPage\":{\"@id\":\"https:\\\/\\\/oficialnoticias.com\\\/?p=6644\"},\"wordCount\":1100,\"commentCount\":0,\"publisher\":{\"@id\":\"https:\\\/\\\/oficialnoticias.com\\\/#organization\"},\"image\":{\"@id\":\"https:\\\/\\\/oficialnoticias.com\\\/?p=6644#primaryimage\"},\"thumbnailUrl\":\"https:\\\/\\\/oficialnoticias.com\\\/wp-content\\\/uploads\\\/2025\\\/09\\\/urlhttps3A2F2Fk2-prod-radio-itatiaia.s3.us-east-1.amazonaws.com2Fbrightspot2Fdc2Fee2F045136.webp\",\"articleSection\":[\"Brasil\"],\"inLanguage\":\"pt-BR\",\"potentialAction\":[{\"@type\":\"CommentAction\",\"name\":\"Comment\",\"target\":[\"https:\\\/\\\/oficialnoticias.com\\\/?p=6644#respond\"]}]},{\"@type\":\"WebPage\",\"@id\":\"https:\\\/\\\/oficialnoticias.com\\\/?p=6644\",\"url\":\"https:\\\/\\\/oficialnoticias.com\\\/?p=6644\",\"name\":\"Assassino de gari andava com armas no banco da frente do carro; veja v\u00eddeo -\",\"isPartOf\":{\"@id\":\"https:\\\/\\\/oficialnoticias.com\\\/#website\"},\"primaryImageOfPage\":{\"@id\":\"https:\\\/\\\/oficialnoticias.com\\\/?p=6644#primaryimage\"},\"image\":{\"@id\":\"https:\\\/\\\/oficialnoticias.com\\\/?p=6644#primaryimage\"},\"thumbnailUrl\":\"https:\\\/\\\/oficialnoticias.com\\\/wp-content\\\/uploads\\\/2025\\\/09\\\/urlhttps3A2F2Fk2-prod-radio-itatiaia.s3.us-east-1.amazonaws.com2Fbrightspot2Fdc2Fee2F045136.webp\",\"datePublished\":\"2025-09-03T21:39:40+00:00\",\"dateModified\":\"2025-09-03T21:39:44+00:00\",\"breadcrumb\":{\"@id\":\"https:\\\/\\\/oficialnoticias.com\\\/?p=6644#breadcrumb\"},\"inLanguage\":\"pt-BR\",\"potentialAction\":[{\"@type\":\"ReadAction\",\"target\":[\"https:\\\/\\\/oficialnoticias.com\\\/?p=6644\"]}]},{\"@type\":\"ImageObject\",\"inLanguage\":\"pt-BR\",\"@id\":\"https:\\\/\\\/oficialnoticias.com\\\/?p=6644#primaryimage\",\"url\":\"https:\\\/\\\/oficialnoticias.com\\\/wp-content\\\/uploads\\\/2025\\\/09\\\/urlhttps3A2F2Fk2-prod-radio-itatiaia.s3.us-east-1.amazonaws.com2Fbrightspot2Fdc2Fee2F045136.webp\",\"contentUrl\":\"https:\\\/\\\/oficialnoticias.com\\\/wp-content\\\/uploads\\\/2025\\\/09\\\/urlhttps3A2F2Fk2-prod-radio-itatiaia.s3.us-east-1.amazonaws.com2Fbrightspot2Fdc2Fee2F045136.webp\",\"width\":1200,\"height\":630},{\"@type\":\"BreadcrumbList\",\"@id\":\"https:\\\/\\\/oficialnoticias.com\\\/?p=6644#breadcrumb\",\"itemListElement\":[{\"@type\":\"ListItem\",\"position\":1,\"name\":\"In\u00edcio\",\"item\":\"https:\\\/\\\/oficialnoticias.com\\\/\"},{\"@type\":\"ListItem\",\"position\":2,\"name\":\"Assassino de gari andava com armas no banco da frente do carro; veja v\u00eddeo\"}]},{\"@type\":\"WebSite\",\"@id\":\"https:\\\/\\\/oficialnoticias.com\\\/#website\",\"url\":\"https:\\\/\\\/oficialnoticias.com\\\/\",\"name\":\"oficial Noticias\",\"description\":\"\",\"publisher\":{\"@id\":\"https:\\\/\\\/oficialnoticias.com\\\/#organization\"},\"potentialAction\":[{\"@type\":\"SearchAction\",\"target\":{\"@type\":\"EntryPoint\",\"urlTemplate\":\"https:\\\/\\\/oficialnoticias.com\\\/?s={search_term_string}\"},\"query-input\":{\"@type\":\"PropertyValueSpecification\",\"valueRequired\":true,\"valueName\":\"search_term_string\"}}],\"inLanguage\":\"pt-BR\"},{\"@type\":\"Organization\",\"@id\":\"https:\\\/\\\/oficialnoticias.com\\\/#organization\",\"name\":\"oficial noticias\",\"url\":\"https:\\\/\\\/oficialnoticias.com\\\/\",\"logo\":{\"@type\":\"ImageObject\",\"inLanguage\":\"pt-BR\",\"@id\":\"https:\\\/\\\/oficialnoticias.com\\\/#\\\/schema\\\/logo\\\/image\\\/\",\"url\":\"https:\\\/\\\/oficialnoticias.com\\\/wp-content\\\/uploads\\\/2025\\\/08\\\/cropped-cropped-cropped-Logo-Noticias-e1753639739829.png\",\"contentUrl\":\"https:\\\/\\\/oficialnoticias.com\\\/wp-content\\\/uploads\\\/2025\\\/08\\\/cropped-cropped-cropped-Logo-Noticias-e1753639739829.png\",\"width\":119,\"height\":86,\"caption\":\"oficial noticias\"},\"image\":{\"@id\":\"https:\\\/\\\/oficialnoticias.com\\\/#\\\/schema\\\/logo\\\/image\\\/\"}},{\"@type\":\"Person\",\"@id\":\"https:\\\/\\\/oficialnoticias.com\\\/#\\\/schema\\\/person\\\/2d1dcbb6bfbc28d68171b4dc04723d4a\",\"name\":\"Luana Gon\u00e7alves\",\"image\":{\"@type\":\"ImageObject\",\"inLanguage\":\"pt-BR\",\"@id\":\"https:\\\/\\\/secure.gravatar.com\\\/avatar\\\/7aa6afdef873224c1a0265951f3fdfc0679f65dfbd15f018612595d323c52521?s=96&d=mm&r=g\",\"url\":\"https:\\\/\\\/secure.gravatar.com\\\/avatar\\\/7aa6afdef873224c1a0265951f3fdfc0679f65dfbd15f018612595d323c52521?s=96&d=mm&r=g\",\"contentUrl\":\"https:\\\/\\\/secure.gravatar.com\\\/avatar\\\/7aa6afdef873224c1a0265951f3fdfc0679f65dfbd15f018612595d323c52521?s=96&d=mm&r=g\",\"caption\":\"Luana Gon\u00e7alves\"},\"sameAs\":[\"https:\\\/\\\/oficialnoticias.com\\\/\"],\"url\":\"https:\\\/\\\/oficialnoticias.com\\\/?author=2\"}]}<\/script>\n<!-- \/ Yoast SEO plugin. -->","yoast_head_json":{"title":"Assassino de gari andava com armas no banco da frente do carro; veja v\u00eddeo -","robots":{"index":"index","follow":"follow","max-snippet":"max-snippet:-1","max-image-preview":"max-image-preview:large","max-video-preview":"max-video-preview:-1"},"canonical":"https:\/\/oficialnoticias.com\/?p=6644","og_locale":"pt_BR","og_type":"article","og_title":"Assassino de gari andava com armas no banco da frente do carro; veja v\u00eddeo -","og_description":"Ren\u00ea da Silva Nogueira J\u00fanior, de 47 anos, indiciado pelo assassinato do gari Laudemir de Souza Fernandes, de 44, no dia 11 de agosto, no bairro Vista Alegre, Regi\u00e3o Oeste de Belo Horizonte, tinha fasc\u00ednio por armas de fogo e andava com armamentos no banco da frente do seu carro. A Itatiaia teve acesso a...","og_url":"https:\/\/oficialnoticias.com\/?p=6644","article_published_time":"2025-09-03T21:39:40+00:00","article_modified_time":"2025-09-03T21:39:44+00:00","og_image":[{"width":1200,"height":630,"url":"https:\/\/oficialnoticias.com\/wp-content\/uploads\/2025\/09\/urlhttps3A2F2Fk2-prod-radio-itatiaia.s3.us-east-1.amazonaws.com2Fbrightspot2Fdc2Fee2F045136.webp","type":"image\/webp"}],"author":"Luana Gon\u00e7alves","twitter_card":"summary_large_image","twitter_misc":{"Escrito por":"Luana Gon\u00e7alves","Est. tempo de leitura":"5 minutos"},"schema":{"@context":"https:\/\/schema.org","@graph":[{"@type":"Article","@id":"https:\/\/oficialnoticias.com\/?p=6644#article","isPartOf":{"@id":"https:\/\/oficialnoticias.com\/?p=6644"},"author":{"name":"Luana Gon\u00e7alves","@id":"https:\/\/oficialnoticias.com\/#\/schema\/person\/2d1dcbb6bfbc28d68171b4dc04723d4a"},"headline":"Assassino de gari andava com armas no banco da frente do carro; veja v\u00eddeo","datePublished":"2025-09-03T21:39:40+00:00","dateModified":"2025-09-03T21:39:44+00:00","mainEntityOfPage":{"@id":"https:\/\/oficialnoticias.com\/?p=6644"},"wordCount":1100,"commentCount":0,"publisher":{"@id":"https:\/\/oficialnoticias.com\/#organization"},"image":{"@id":"https:\/\/oficialnoticias.com\/?p=6644#primaryimage"},"thumbnailUrl":"https:\/\/oficialnoticias.com\/wp-content\/uploads\/2025\/09\/urlhttps3A2F2Fk2-prod-radio-itatiaia.s3.us-east-1.amazonaws.com2Fbrightspot2Fdc2Fee2F045136.webp","articleSection":["Brasil"],"inLanguage":"pt-BR","potentialAction":[{"@type":"CommentAction","name":"Comment","target":["https:\/\/oficialnoticias.com\/?p=6644#respond"]}]},{"@type":"WebPage","@id":"https:\/\/oficialnoticias.com\/?p=6644","url":"https:\/\/oficialnoticias.com\/?p=6644","name":"Assassino de gari andava com armas no banco da frente do carro; veja v\u00eddeo -","isPartOf":{"@id":"https:\/\/oficialnoticias.com\/#website"},"primaryImageOfPage":{"@id":"https:\/\/oficialnoticias.com\/?p=6644#primaryimage"},"image":{"@id":"https:\/\/oficialnoticias.com\/?p=6644#primaryimage"},"thumbnailUrl":"https:\/\/oficialnoticias.com\/wp-content\/uploads\/2025\/09\/urlhttps3A2F2Fk2-prod-radio-itatiaia.s3.us-east-1.amazonaws.com2Fbrightspot2Fdc2Fee2F045136.webp","datePublished":"2025-09-03T21:39:40+00:00","dateModified":"2025-09-03T21:39:44+00:00","breadcrumb":{"@id":"https:\/\/oficialnoticias.com\/?p=6644#breadcrumb"},"inLanguage":"pt-BR","potentialAction":[{"@type":"ReadAction","target":["https:\/\/oficialnoticias.com\/?p=6644"]}]},{"@type":"ImageObject","inLanguage":"pt-BR","@id":"https:\/\/oficialnoticias.com\/?p=6644#primaryimage","url":"https:\/\/oficialnoticias.com\/wp-content\/uploads\/2025\/09\/urlhttps3A2F2Fk2-prod-radio-itatiaia.s3.us-east-1.amazonaws.com2Fbrightspot2Fdc2Fee2F045136.webp","contentUrl":"https:\/\/oficialnoticias.com\/wp-content\/uploads\/2025\/09\/urlhttps3A2F2Fk2-prod-radio-itatiaia.s3.us-east-1.amazonaws.com2Fbrightspot2Fdc2Fee2F045136.webp","width":1200,"height":630},{"@type":"BreadcrumbList","@id":"https:\/\/oficialnoticias.com\/?p=6644#breadcrumb","itemListElement":[{"@type":"ListItem","position":1,"name":"In\u00edcio","item":"https:\/\/oficialnoticias.com\/"},{"@type":"ListItem","position":2,"name":"Assassino de gari andava com armas no banco da frente do carro; veja v\u00eddeo"}]},{"@type":"WebSite","@id":"https:\/\/oficialnoticias.com\/#website","url":"https:\/\/oficialnoticias.com\/","name":"oficial Noticias","description":"","publisher":{"@id":"https:\/\/oficialnoticias.com\/#organization"},"potentialAction":[{"@type":"SearchAction","target":{"@type":"EntryPoint","urlTemplate":"https:\/\/oficialnoticias.com\/?s={search_term_string}"},"query-input":{"@type":"PropertyValueSpecification","valueRequired":true,"valueName":"search_term_string"}}],"inLanguage":"pt-BR"},{"@type":"Organization","@id":"https:\/\/oficialnoticias.com\/#organization","name":"oficial noticias","url":"https:\/\/oficialnoticias.com\/","logo":{"@type":"ImageObject","inLanguage":"pt-BR","@id":"https:\/\/oficialnoticias.com\/#\/schema\/logo\/image\/","url":"https:\/\/oficialnoticias.com\/wp-content\/uploads\/2025\/08\/cropped-cropped-cropped-Logo-Noticias-e1753639739829.png","contentUrl":"https:\/\/oficialnoticias.com\/wp-content\/uploads\/2025\/08\/cropped-cropped-cropped-Logo-Noticias-e1753639739829.png","width":119,"height":86,"caption":"oficial noticias"},"image":{"@id":"https:\/\/oficialnoticias.com\/#\/schema\/logo\/image\/"}},{"@type":"Person","@id":"https:\/\/oficialnoticias.com\/#\/schema\/person\/2d1dcbb6bfbc28d68171b4dc04723d4a","name":"Luana Gon\u00e7alves","image":{"@type":"ImageObject","inLanguage":"pt-BR","@id":"https:\/\/secure.gravatar.com\/avatar\/7aa6afdef873224c1a0265951f3fdfc0679f65dfbd15f018612595d323c52521?s=96&d=mm&r=g","url":"https:\/\/secure.gravatar.com\/avatar\/7aa6afdef873224c1a0265951f3fdfc0679f65dfbd15f018612595d323c52521?s=96&d=mm&r=g","contentUrl":"https:\/\/secure.gravatar.com\/avatar\/7aa6afdef873224c1a0265951f3fdfc0679f65dfbd15f018612595d323c52521?s=96&d=mm&r=g","caption":"Luana Gon\u00e7alves"},"sameAs":["https:\/\/oficialnoticias.com\/"],"url":"https:\/\/oficialnoticias.com\/?author=2"}]}},"_links":{"self":[{"href":"https:\/\/oficialnoticias.com\/index.php?rest_route=\/wp\/v2\/posts\/6644","targetHints":{"allow":["GET"]}}],"collection":[{"href":"https:\/\/oficialnoticias.com\/index.php?rest_route=\/wp\/v2\/posts"}],"about":[{"href":"https:\/\/oficialnoticias.com\/index.php?rest_route=\/wp\/v2\/types\/post"}],"author":[{"embeddable":true,"href":"https:\/\/oficialnoticias.com\/index.php?rest_route=\/wp\/v2\/users\/2"}],"replies":[{"embeddable":true,"href":"https:\/\/oficialnoticias.com\/index.php?rest_route=%2Fwp%2Fv2%2Fcomments&post=6644"}],"version-history":[{"count":1,"href":"https:\/\/oficialnoticias.com\/index.php?rest_route=\/wp\/v2\/posts\/6644\/revisions"}],"predecessor-version":[{"id":6646,"href":"https:\/\/oficialnoticias.com\/index.php?rest_route=\/wp\/v2\/posts\/6644\/revisions\/6646"}],"wp:featuredmedia":[{"embeddable":true,"href":"https:\/\/oficialnoticias.com\/index.php?rest_route=\/wp\/v2\/media\/6645"}],"wp:attachment":[{"href":"https:\/\/oficialnoticias.com\/index.php?rest_route=%2Fwp%2Fv2%2Fmedia&parent=6644"}],"wp:term":[{"taxonomy":"category","embeddable":true,"href":"https:\/\/oficialnoticias.com\/index.php?rest_route=%2Fwp%2Fv2%2Fcategories&post=6644"},{"taxonomy":"post_tag","embeddable":true,"href":"https:\/\/oficialnoticias.com\/index.php?rest_route=%2Fwp%2Fv2%2Ftags&post=6644"}],"curies":[{"name":"wp","href":"https:\/\/api.w.org\/{rel}","templated":true}]}}