{"id":6638,"date":"2025-09-03T18:01:32","date_gmt":"2025-09-03T21:01:32","guid":{"rendered":"https:\/\/oficialnoticias.com\/?p=6638"},"modified":"2025-09-03T18:01:36","modified_gmt":"2025-09-03T21:01:36","slug":"tadeuzinho-quer-pec-que-retira-obrigatoriedade-do-referendo-apenas-para-copasa","status":"publish","type":"post","link":"https:\/\/oficialnoticias.com\/?p=6638","title":{"rendered":"Tadeuzinho quer PEC que retira obrigatoriedade do referendo apenas para Copasa"},"content":{"rendered":"<p><\/p>\n<div>\n<p>O <bsp-link-enhancement><br \/>\n    <span class=\"LinkEnhancement\"><a class=\"Link\" href=\"https:\/\/www.itatiaia.com.br\/politica\/apos-ir-a-brasilia-tadeuzinho-ve-possibilidade-de-governo-estender-prazo-do-propag\" title=\"presidente da Assembleia Legislativa de Minas Gerais (ALMG), deputado estadual Tadeu Leite (MDB)\">presidente da Assembleia Legislativa de Minas Gerais (ALMG), deputado estadual Tadeu Leite (MDB)<\/a><\/span><\/bsp-link-enhancement>, vai sugerir ao deputado relator da Proposta de Emenda \u00e0 Constitui\u00e7\u00e3o (PEC) na Comiss\u00e3o de Constitui\u00e7\u00e3o e Justi\u00e7a, Thiago Cota (PDT), que trata do fim da obrigatoriedade do referendo popular para a desestatiza\u00e7\u00e3o de empresas p\u00fablica, que, inicialmente, o texto trate apenas da Copasa e n\u00e3o mais da Cemig, como previsto pelo governo de Romeu Zema (Novo) inicialmente.<\/p>\n<p>O deputado afirmou que, sobre a Cemig, ainda n\u00e3o h\u00e1 um consenso geral entre os parlamentares, mas, sobre a Copasa, por sua vez, h\u00e1 uma insatisfa\u00e7\u00e3o em rela\u00e7\u00e3o ao modelo atual da Companhia. \u201cPrecisamos avan\u00e7ar com a discuss\u00e3o da Copasa porque n\u00f3s temos que entender que vamos autorizar o estado a federalizar ou privatizar a Copasa desde que os recursos possam ser utilizados para o abatimento da d\u00edvida ou para o pagamento das obriga\u00e7\u00f5es do Propag\u201d, disse em coletiva de imprensa nesta quarta-feira (3).<\/p>\n<p>Al\u00e9m da PEC, o presidente do Legislativo anunciou que, sem um retorno do governo federal sobre a flexibiliza\u00e7\u00e3o dos prazos de ades\u00e3o ao Programa de Pagamento das D\u00edvidas de Minas com os Estados (Propag), a Casa vai manter as atividades previstas com projetos voltando a tramitar a partir da pr\u00f3xima semana.<\/p>\n<p><bsp-link-enhancement><br \/>\n    <span class=\"LinkEnhancement\"><a class=\"Link\" href=\"https:\/\/www.itatiaia.com.br\/politica\/em-critica-a-lula-e-zema-tadeuzinho-cobra-fim-de-palanque-e-resolucao-da-divida-de-minas\" title=\"Tadeuzinho esteve em Bras\u00edlia em conversa com a ministra da Secretaria de Rela\u00e7\u00f5es Institucionais do Brasil, Gleisi Hoffmann (PT)\">Tadeuzinho esteve em Bras\u00edlia em conversa com a ministra da Secretaria de Rela\u00e7\u00f5es Institucionais do Brasil, Gleisi Hoffmann (PT)<\/a><\/span><\/bsp-link-enhancement>, para tentar estender o prazo, mas, at\u00e9 o momento, n\u00e3o houve resposta do governo federal.<\/p>\n<p>Pelos prazos atuais, a data m\u00e1xima para que os Estados fa\u00e7am a oferta das empresas e im\u00f3veis \u00e9 at\u00e9 o dia 30 de outubro. O estado tem at\u00e9 o dia 31 de dezembro para aderir ao programa.<\/p>\n<p>O parlamentar ressaltou que, em rela\u00e7\u00e3o \u00e0 Cemig, existe \u201cuma discuss\u00e3o leg\u00edtima\u201d de obstru\u00e7\u00e3o da oposi\u00e7\u00e3o em rela\u00e7\u00e3o ao tema, e que \u00e9 preciso avan\u00e7ar com as conversas internamente antes de colocar o tema em pauta.<\/p>\n<p>\u201cEssa \u00e9 uma discuss\u00e3o que n\u00f3s temos que avan\u00e7ar um pouco mais internamente aqui na Casa. Al\u00e9m disso, existe tamb\u00e9m uma discuss\u00e3o entre o governo do estado e do governo federal. O governo do estado vem e sugere fazer a corporation. O presidente Lula numa entrevista p\u00fablica semana passada disse que n\u00e3o tem interesse na Cemig com ela feita corpora\u00e7\u00e3o, ou seja, se ela for privatizada \u00e9 que eles n\u00e3o t\u00eam interesse. Ent\u00e3o essa \u00e9 uma discuss\u00e3o ainda que est\u00e1 em uma uma disputa, uma discuss\u00e3o entre o governo federal e o governo do estado, que acho que tem que se acertar\u201d, destacou.<\/p>\n<p><bsp-list-loadmore class=\"PageListStandardG\" data-module=\"\" data-show-loadmore=\"true\" data-list-title-size=\"3\" data-list-description-size=\"3\"><\/p>\n<p>    <a class=\"AnchorLink\" title=\"leia-tambem\" name=\"leia-tambem\"\/><\/p>\n<p><\/bsp-list-loadmore><\/p><\/div>\n<p><script>\n  window.fbAsyncInit = function() {\n      FB.init({\n              appId : '1447052969554341',\n          xfbml : true,\n          version : 'v2.9'\n      });\n  };\n  (function(d, s, id){\n     var js, fjs = d.getElementsByTagName(s)[0];\n     if (d.getElementById(id)) {return;}\n     js = d.createElement(s); js.id = id;\n     js.src = \"https:\/\/connect.facebook.net\/en_US\/sdk.js\";\n     fjs.parentNode.insertBefore(js, fjs);\n   }(document, 'script', 'facebook-jssdk'));\n<\/script><\/p>\n","protected":false},"excerpt":{"rendered":"<p>O presidente da Assembleia Legislativa de Minas Gerais (ALMG), deputado estadual Tadeu Leite (MDB), vai sugerir ao deputado relator da Proposta de Emenda \u00e0 Constitui\u00e7\u00e3o (PEC) na Comiss\u00e3o de Constitui\u00e7\u00e3o e Justi\u00e7a, Thiago Cota (PDT), que trata do fim da obrigatoriedade do referendo popular para a desestatiza\u00e7\u00e3o de empresas p\u00fablica, que, inicialmente, o texto trate&#8230;<\/p>\n","protected":false},"author":2,"featured_media":6639,"comment_status":"open","ping_status":"open","sticky":false,"template":"","format":"standard","meta":{"footnotes":""},"categories":[24],"tags":[],"class_list":["post-6638","post","type-post","status-publish","format-standard","has-post-thumbnail","hentry","category-politica"],"yoast_head":"<!-- This site is optimized with the Yoast SEO plugin v28.1 - https:\/\/yoast.com\/product\/yoast-seo-wordpress\/ -->\n<title>Tadeuzinho quer PEC que retira obrigatoriedade do referendo apenas para Copasa -<\/title>\n<meta name=\"robots\" content=\"index, follow, max-snippet:-1, max-image-preview:large, max-video-preview:-1\" \/>\n<link rel=\"canonical\" href=\"https:\/\/oficialnoticias.com\/?p=6638\" \/>\n<meta property=\"og:locale\" content=\"pt_BR\" \/>\n<meta property=\"og:type\" content=\"article\" \/>\n<meta property=\"og:title\" content=\"Tadeuzinho quer PEC que retira obrigatoriedade do referendo apenas para Copasa -\" \/>\n<meta property=\"og:description\" content=\"O presidente da Assembleia Legislativa de Minas Gerais (ALMG), deputado estadual Tadeu Leite (MDB), vai sugerir ao deputado relator da Proposta de Emenda \u00e0 Constitui\u00e7\u00e3o (PEC) na Comiss\u00e3o de Constitui\u00e7\u00e3o e Justi\u00e7a, Thiago Cota (PDT), que trata do fim da obrigatoriedade do referendo popular para a desestatiza\u00e7\u00e3o de empresas p\u00fablica, que, inicialmente, o texto trate...\" \/>\n<meta property=\"og:url\" content=\"https:\/\/oficialnoticias.com\/?p=6638\" \/>\n<meta property=\"article:published_time\" content=\"2025-09-03T21:01:32+00:00\" \/>\n<meta property=\"article:modified_time\" content=\"2025-09-03T21:01:36+00:00\" \/>\n<meta property=\"og:image\" content=\"https:\/\/oficialnoticias.com\/wp-content\/uploads\/2025\/09\/urlhttps3A2F2Fk2-prod-radio-itatiaia.s3.us-east-1.amazonaws.com2Fbrightspot2F142Fd32F96708f.webp\" \/>\n\t<meta property=\"og:image:width\" content=\"1200\" \/>\n\t<meta property=\"og:image:height\" content=\"630\" \/>\n\t<meta property=\"og:image:type\" content=\"image\/webp\" \/>\n<meta name=\"author\" content=\"Luana Gon\u00e7alves\" \/>\n<meta name=\"twitter:card\" content=\"summary_large_image\" \/>\n<meta name=\"twitter:label1\" content=\"Escrito por\" \/>\n\t<meta name=\"twitter:data1\" content=\"Luana Gon\u00e7alves\" \/>\n\t<meta name=\"twitter:label2\" content=\"Est. tempo de leitura\" \/>\n\t<meta name=\"twitter:data2\" content=\"2 minutos\" \/>\n<script type=\"application\/ld+json\" class=\"yoast-schema-graph\">{\"@context\":\"https:\\\/\\\/schema.org\",\"@graph\":[{\"@type\":\"Article\",\"@id\":\"https:\\\/\\\/oficialnoticias.com\\\/?p=6638#article\",\"isPartOf\":{\"@id\":\"https:\\\/\\\/oficialnoticias.com\\\/?p=6638\"},\"author\":{\"name\":\"Luana Gon\u00e7alves\",\"@id\":\"https:\\\/\\\/oficialnoticias.com\\\/#\\\/schema\\\/person\\\/2d1dcbb6bfbc28d68171b4dc04723d4a\"},\"headline\":\"Tadeuzinho quer PEC que retira obrigatoriedade do referendo apenas para Copasa\",\"datePublished\":\"2025-09-03T21:01:32+00:00\",\"dateModified\":\"2025-09-03T21:01:36+00:00\",\"mainEntityOfPage\":{\"@id\":\"https:\\\/\\\/oficialnoticias.com\\\/?p=6638\"},\"wordCount\":465,\"commentCount\":0,\"publisher\":{\"@id\":\"https:\\\/\\\/oficialnoticias.com\\\/#organization\"},\"image\":{\"@id\":\"https:\\\/\\\/oficialnoticias.com\\\/?p=6638#primaryimage\"},\"thumbnailUrl\":\"https:\\\/\\\/oficialnoticias.com\\\/wp-content\\\/uploads\\\/2025\\\/09\\\/urlhttps3A2F2Fk2-prod-radio-itatiaia.s3.us-east-1.amazonaws.com2Fbrightspot2F142Fd32F96708f.webp\",\"articleSection\":[\"Politica\"],\"inLanguage\":\"pt-BR\",\"potentialAction\":[{\"@type\":\"CommentAction\",\"name\":\"Comment\",\"target\":[\"https:\\\/\\\/oficialnoticias.com\\\/?p=6638#respond\"]}]},{\"@type\":\"WebPage\",\"@id\":\"https:\\\/\\\/oficialnoticias.com\\\/?p=6638\",\"url\":\"https:\\\/\\\/oficialnoticias.com\\\/?p=6638\",\"name\":\"Tadeuzinho quer PEC que retira obrigatoriedade do referendo apenas para Copasa -\",\"isPartOf\":{\"@id\":\"https:\\\/\\\/oficialnoticias.com\\\/#website\"},\"primaryImageOfPage\":{\"@id\":\"https:\\\/\\\/oficialnoticias.com\\\/?p=6638#primaryimage\"},\"image\":{\"@id\":\"https:\\\/\\\/oficialnoticias.com\\\/?p=6638#primaryimage\"},\"thumbnailUrl\":\"https:\\\/\\\/oficialnoticias.com\\\/wp-content\\\/uploads\\\/2025\\\/09\\\/urlhttps3A2F2Fk2-prod-radio-itatiaia.s3.us-east-1.amazonaws.com2Fbrightspot2F142Fd32F96708f.webp\",\"datePublished\":\"2025-09-03T21:01:32+00:00\",\"dateModified\":\"2025-09-03T21:01:36+00:00\",\"breadcrumb\":{\"@id\":\"https:\\\/\\\/oficialnoticias.com\\\/?p=6638#breadcrumb\"},\"inLanguage\":\"pt-BR\",\"potentialAction\":[{\"@type\":\"ReadAction\",\"target\":[\"https:\\\/\\\/oficialnoticias.com\\\/?p=6638\"]}]},{\"@type\":\"ImageObject\",\"inLanguage\":\"pt-BR\",\"@id\":\"https:\\\/\\\/oficialnoticias.com\\\/?p=6638#primaryimage\",\"url\":\"https:\\\/\\\/oficialnoticias.com\\\/wp-content\\\/uploads\\\/2025\\\/09\\\/urlhttps3A2F2Fk2-prod-radio-itatiaia.s3.us-east-1.amazonaws.com2Fbrightspot2F142Fd32F96708f.webp\",\"contentUrl\":\"https:\\\/\\\/oficialnoticias.com\\\/wp-content\\\/uploads\\\/2025\\\/09\\\/urlhttps3A2F2Fk2-prod-radio-itatiaia.s3.us-east-1.amazonaws.com2Fbrightspot2F142Fd32F96708f.webp\",\"width\":1200,\"height\":630},{\"@type\":\"BreadcrumbList\",\"@id\":\"https:\\\/\\\/oficialnoticias.com\\\/?p=6638#breadcrumb\",\"itemListElement\":[{\"@type\":\"ListItem\",\"position\":1,\"name\":\"In\u00edcio\",\"item\":\"https:\\\/\\\/oficialnoticias.com\\\/\"},{\"@type\":\"ListItem\",\"position\":2,\"name\":\"Tadeuzinho quer PEC que retira obrigatoriedade do referendo apenas para Copasa\"}]},{\"@type\":\"WebSite\",\"@id\":\"https:\\\/\\\/oficialnoticias.com\\\/#website\",\"url\":\"https:\\\/\\\/oficialnoticias.com\\\/\",\"name\":\"oficial Noticias\",\"description\":\"\",\"publisher\":{\"@id\":\"https:\\\/\\\/oficialnoticias.com\\\/#organization\"},\"potentialAction\":[{\"@type\":\"SearchAction\",\"target\":{\"@type\":\"EntryPoint\",\"urlTemplate\":\"https:\\\/\\\/oficialnoticias.com\\\/?s={search_term_string}\"},\"query-input\":{\"@type\":\"PropertyValueSpecification\",\"valueRequired\":true,\"valueName\":\"search_term_string\"}}],\"inLanguage\":\"pt-BR\"},{\"@type\":\"Organization\",\"@id\":\"https:\\\/\\\/oficialnoticias.com\\\/#organization\",\"name\":\"oficial noticias\",\"url\":\"https:\\\/\\\/oficialnoticias.com\\\/\",\"logo\":{\"@type\":\"ImageObject\",\"inLanguage\":\"pt-BR\",\"@id\":\"https:\\\/\\\/oficialnoticias.com\\\/#\\\/schema\\\/logo\\\/image\\\/\",\"url\":\"https:\\\/\\\/oficialnoticias.com\\\/wp-content\\\/uploads\\\/2025\\\/08\\\/cropped-cropped-cropped-Logo-Noticias-e1753639739829.png\",\"contentUrl\":\"https:\\\/\\\/oficialnoticias.com\\\/wp-content\\\/uploads\\\/2025\\\/08\\\/cropped-cropped-cropped-Logo-Noticias-e1753639739829.png\",\"width\":119,\"height\":86,\"caption\":\"oficial noticias\"},\"image\":{\"@id\":\"https:\\\/\\\/oficialnoticias.com\\\/#\\\/schema\\\/logo\\\/image\\\/\"}},{\"@type\":\"Person\",\"@id\":\"https:\\\/\\\/oficialnoticias.com\\\/#\\\/schema\\\/person\\\/2d1dcbb6bfbc28d68171b4dc04723d4a\",\"name\":\"Luana Gon\u00e7alves\",\"image\":{\"@type\":\"ImageObject\",\"inLanguage\":\"pt-BR\",\"@id\":\"https:\\\/\\\/secure.gravatar.com\\\/avatar\\\/7aa6afdef873224c1a0265951f3fdfc0679f65dfbd15f018612595d323c52521?s=96&d=mm&r=g\",\"url\":\"https:\\\/\\\/secure.gravatar.com\\\/avatar\\\/7aa6afdef873224c1a0265951f3fdfc0679f65dfbd15f018612595d323c52521?s=96&d=mm&r=g\",\"contentUrl\":\"https:\\\/\\\/secure.gravatar.com\\\/avatar\\\/7aa6afdef873224c1a0265951f3fdfc0679f65dfbd15f018612595d323c52521?s=96&d=mm&r=g\",\"caption\":\"Luana Gon\u00e7alves\"},\"sameAs\":[\"https:\\\/\\\/oficialnoticias.com\\\/\"],\"url\":\"https:\\\/\\\/oficialnoticias.com\\\/?author=2\"}]}<\/script>\n<!-- \/ Yoast SEO plugin. -->","yoast_head_json":{"title":"Tadeuzinho quer PEC que retira obrigatoriedade do referendo apenas para Copasa -","robots":{"index":"index","follow":"follow","max-snippet":"max-snippet:-1","max-image-preview":"max-image-preview:large","max-video-preview":"max-video-preview:-1"},"canonical":"https:\/\/oficialnoticias.com\/?p=6638","og_locale":"pt_BR","og_type":"article","og_title":"Tadeuzinho quer PEC que retira obrigatoriedade do referendo apenas para Copasa -","og_description":"O presidente da Assembleia Legislativa de Minas Gerais (ALMG), deputado estadual Tadeu Leite (MDB), vai sugerir ao deputado relator da Proposta de Emenda \u00e0 Constitui\u00e7\u00e3o (PEC) na Comiss\u00e3o de Constitui\u00e7\u00e3o e Justi\u00e7a, Thiago Cota (PDT), que trata do fim da obrigatoriedade do referendo popular para a desestatiza\u00e7\u00e3o de empresas p\u00fablica, que, inicialmente, o texto trate...","og_url":"https:\/\/oficialnoticias.com\/?p=6638","article_published_time":"2025-09-03T21:01:32+00:00","article_modified_time":"2025-09-03T21:01:36+00:00","og_image":[{"width":1200,"height":630,"url":"https:\/\/oficialnoticias.com\/wp-content\/uploads\/2025\/09\/urlhttps3A2F2Fk2-prod-radio-itatiaia.s3.us-east-1.amazonaws.com2Fbrightspot2F142Fd32F96708f.webp","type":"image\/webp"}],"author":"Luana Gon\u00e7alves","twitter_card":"summary_large_image","twitter_misc":{"Escrito por":"Luana Gon\u00e7alves","Est. tempo de leitura":"2 minutos"},"schema":{"@context":"https:\/\/schema.org","@graph":[{"@type":"Article","@id":"https:\/\/oficialnoticias.com\/?p=6638#article","isPartOf":{"@id":"https:\/\/oficialnoticias.com\/?p=6638"},"author":{"name":"Luana Gon\u00e7alves","@id":"https:\/\/oficialnoticias.com\/#\/schema\/person\/2d1dcbb6bfbc28d68171b4dc04723d4a"},"headline":"Tadeuzinho quer PEC que retira obrigatoriedade do referendo apenas para Copasa","datePublished":"2025-09-03T21:01:32+00:00","dateModified":"2025-09-03T21:01:36+00:00","mainEntityOfPage":{"@id":"https:\/\/oficialnoticias.com\/?p=6638"},"wordCount":465,"commentCount":0,"publisher":{"@id":"https:\/\/oficialnoticias.com\/#organization"},"image":{"@id":"https:\/\/oficialnoticias.com\/?p=6638#primaryimage"},"thumbnailUrl":"https:\/\/oficialnoticias.com\/wp-content\/uploads\/2025\/09\/urlhttps3A2F2Fk2-prod-radio-itatiaia.s3.us-east-1.amazonaws.com2Fbrightspot2F142Fd32F96708f.webp","articleSection":["Politica"],"inLanguage":"pt-BR","potentialAction":[{"@type":"CommentAction","name":"Comment","target":["https:\/\/oficialnoticias.com\/?p=6638#respond"]}]},{"@type":"WebPage","@id":"https:\/\/oficialnoticias.com\/?p=6638","url":"https:\/\/oficialnoticias.com\/?p=6638","name":"Tadeuzinho quer PEC que retira obrigatoriedade do referendo apenas para Copasa -","isPartOf":{"@id":"https:\/\/oficialnoticias.com\/#website"},"primaryImageOfPage":{"@id":"https:\/\/oficialnoticias.com\/?p=6638#primaryimage"},"image":{"@id":"https:\/\/oficialnoticias.com\/?p=6638#primaryimage"},"thumbnailUrl":"https:\/\/oficialnoticias.com\/wp-content\/uploads\/2025\/09\/urlhttps3A2F2Fk2-prod-radio-itatiaia.s3.us-east-1.amazonaws.com2Fbrightspot2F142Fd32F96708f.webp","datePublished":"2025-09-03T21:01:32+00:00","dateModified":"2025-09-03T21:01:36+00:00","breadcrumb":{"@id":"https:\/\/oficialnoticias.com\/?p=6638#breadcrumb"},"inLanguage":"pt-BR","potentialAction":[{"@type":"ReadAction","target":["https:\/\/oficialnoticias.com\/?p=6638"]}]},{"@type":"ImageObject","inLanguage":"pt-BR","@id":"https:\/\/oficialnoticias.com\/?p=6638#primaryimage","url":"https:\/\/oficialnoticias.com\/wp-content\/uploads\/2025\/09\/urlhttps3A2F2Fk2-prod-radio-itatiaia.s3.us-east-1.amazonaws.com2Fbrightspot2F142Fd32F96708f.webp","contentUrl":"https:\/\/oficialnoticias.com\/wp-content\/uploads\/2025\/09\/urlhttps3A2F2Fk2-prod-radio-itatiaia.s3.us-east-1.amazonaws.com2Fbrightspot2F142Fd32F96708f.webp","width":1200,"height":630},{"@type":"BreadcrumbList","@id":"https:\/\/oficialnoticias.com\/?p=6638#breadcrumb","itemListElement":[{"@type":"ListItem","position":1,"name":"In\u00edcio","item":"https:\/\/oficialnoticias.com\/"},{"@type":"ListItem","position":2,"name":"Tadeuzinho quer PEC que retira obrigatoriedade do referendo apenas para Copasa"}]},{"@type":"WebSite","@id":"https:\/\/oficialnoticias.com\/#website","url":"https:\/\/oficialnoticias.com\/","name":"oficial Noticias","description":"","publisher":{"@id":"https:\/\/oficialnoticias.com\/#organization"},"potentialAction":[{"@type":"SearchAction","target":{"@type":"EntryPoint","urlTemplate":"https:\/\/oficialnoticias.com\/?s={search_term_string}"},"query-input":{"@type":"PropertyValueSpecification","valueRequired":true,"valueName":"search_term_string"}}],"inLanguage":"pt-BR"},{"@type":"Organization","@id":"https:\/\/oficialnoticias.com\/#organization","name":"oficial noticias","url":"https:\/\/oficialnoticias.com\/","logo":{"@type":"ImageObject","inLanguage":"pt-BR","@id":"https:\/\/oficialnoticias.com\/#\/schema\/logo\/image\/","url":"https:\/\/oficialnoticias.com\/wp-content\/uploads\/2025\/08\/cropped-cropped-cropped-Logo-Noticias-e1753639739829.png","contentUrl":"https:\/\/oficialnoticias.com\/wp-content\/uploads\/2025\/08\/cropped-cropped-cropped-Logo-Noticias-e1753639739829.png","width":119,"height":86,"caption":"oficial noticias"},"image":{"@id":"https:\/\/oficialnoticias.com\/#\/schema\/logo\/image\/"}},{"@type":"Person","@id":"https:\/\/oficialnoticias.com\/#\/schema\/person\/2d1dcbb6bfbc28d68171b4dc04723d4a","name":"Luana Gon\u00e7alves","image":{"@type":"ImageObject","inLanguage":"pt-BR","@id":"https:\/\/secure.gravatar.com\/avatar\/7aa6afdef873224c1a0265951f3fdfc0679f65dfbd15f018612595d323c52521?s=96&d=mm&r=g","url":"https:\/\/secure.gravatar.com\/avatar\/7aa6afdef873224c1a0265951f3fdfc0679f65dfbd15f018612595d323c52521?s=96&d=mm&r=g","contentUrl":"https:\/\/secure.gravatar.com\/avatar\/7aa6afdef873224c1a0265951f3fdfc0679f65dfbd15f018612595d323c52521?s=96&d=mm&r=g","caption":"Luana Gon\u00e7alves"},"sameAs":["https:\/\/oficialnoticias.com\/"],"url":"https:\/\/oficialnoticias.com\/?author=2"}]}},"_links":{"self":[{"href":"https:\/\/oficialnoticias.com\/index.php?rest_route=\/wp\/v2\/posts\/6638","targetHints":{"allow":["GET"]}}],"collection":[{"href":"https:\/\/oficialnoticias.com\/index.php?rest_route=\/wp\/v2\/posts"}],"about":[{"href":"https:\/\/oficialnoticias.com\/index.php?rest_route=\/wp\/v2\/types\/post"}],"author":[{"embeddable":true,"href":"https:\/\/oficialnoticias.com\/index.php?rest_route=\/wp\/v2\/users\/2"}],"replies":[{"embeddable":true,"href":"https:\/\/oficialnoticias.com\/index.php?rest_route=%2Fwp%2Fv2%2Fcomments&post=6638"}],"version-history":[{"count":1,"href":"https:\/\/oficialnoticias.com\/index.php?rest_route=\/wp\/v2\/posts\/6638\/revisions"}],"predecessor-version":[{"id":6640,"href":"https:\/\/oficialnoticias.com\/index.php?rest_route=\/wp\/v2\/posts\/6638\/revisions\/6640"}],"wp:featuredmedia":[{"embeddable":true,"href":"https:\/\/oficialnoticias.com\/index.php?rest_route=\/wp\/v2\/media\/6639"}],"wp:attachment":[{"href":"https:\/\/oficialnoticias.com\/index.php?rest_route=%2Fwp%2Fv2%2Fmedia&parent=6638"}],"wp:term":[{"taxonomy":"category","embeddable":true,"href":"https:\/\/oficialnoticias.com\/index.php?rest_route=%2Fwp%2Fv2%2Fcategories&post=6638"},{"taxonomy":"post_tag","embeddable":true,"href":"https:\/\/oficialnoticias.com\/index.php?rest_route=%2Fwp%2Fv2%2Ftags&post=6638"}],"curies":[{"name":"wp","href":"https:\/\/api.w.org\/{rel}","templated":true}]}}