{"id":569,"date":"2025-08-05T15:09:45","date_gmt":"2025-08-05T18:09:45","guid":{"rendered":"https:\/\/oficialnoticias.com\/?p=569"},"modified":"2025-08-05T15:09:49","modified_gmt":"2025-08-05T18:09:49","slug":"athletico-pr-recusou-destaque-do-coritiba-na-ultima-janela-veja-detalhes","status":"publish","type":"post","link":"https:\/\/oficialnoticias.com\/?p=569","title":{"rendered":"Athletico-PR recusou destaque do Coritiba na \u00faltima janela; veja detalhes"},"content":{"rendered":"<p><\/p>\n<div>\n<p>O <bsp-link-enhancement><br \/>\n    <span class=\"LinkEnhancement\"><a class=\"Link\" href=\"https:\/\/www.itatiaia.com.br\/esportes\/futebol\/futebol-nacional\/futebol-do-sul\/athletico-pr\" title=\"&lt;b&gt;Athletico-PR&lt;\/b&gt;\"><b>Athletico-PR<\/b><\/a><\/span><\/bsp-link-enhancement> teve como alvo na \u00faltima janela de transfer\u00eancias um jogador que tem sido destaque no <bsp-link-enhancement><br \/>\n    <span class=\"LinkEnhancement\"><a class=\"Link\" href=\"https:\/\/www.itatiaia.com.br\/esportes\/futebol\/futebol-nacional\/futebol-do-sul\/coritiba\" title=\"&lt;b&gt;Coritiba&lt;\/b&gt;\"><b>Coritiba<\/b><\/a><\/span><\/bsp-link-enhancement>. <b>Jacy Maranh\u00e3o<\/b>, 28 anos, deixou o <bsp-link-enhancement><br \/>\n    <span class=\"LinkEnhancement\"><a class=\"Link\" href=\"https:\/\/www.itatiaia.com.br\/esportes\/futebol\/futebol-nacional\/futebol-do-sul\/operario-pr\" title=\"&lt;b&gt;Oper\u00e1rio&lt;\/b&gt;\"><b>Oper\u00e1rio<\/b><\/a><\/span><\/bsp-link-enhancement> para assinar com o clube coxa-branca poucos dias depois do Furac\u00e3o demonstrar interesse, mas desistir de investir no volante.<\/p>\n<p><bsp-link-enhancement><br \/>\n    <span class=\"LinkEnhancement\"><a class=\"Link\" href=\"https:\/\/www.itatiaia.com.br\/esportes\/futebol\/coritiba\/2025\/05\/20\/coritiba-anuncia-contratacao-de-volante-ex-operario\" title=\"&lt;b&gt;Jacy chegou ao Couto Pereira&lt;\/b&gt;\"><b>Jacy chegou ao Couto Pereira<\/b><\/a><\/span><\/bsp-link-enhancement> no fim de maio, com status de capit\u00e3o e <bsp-link-enhancement><br \/>\n    <span class=\"LinkEnhancement\"><a class=\"Link\" href=\"https:\/\/www.itatiaia.com.br\/esportes\/futebol\/campeonato-paranaense\/2025\/03\/29\/operario-supera-maringa-nos-penaltis-e-conquista-campeonato-paranaense\" title=\"&lt;b&gt;campe\u00e3o paranaense pelo Fantasma&lt;\/b&gt;\"><b>campe\u00e3o paranaense pelo Fantasma<\/b><\/a><\/span><\/bsp-link-enhancement>. Por\u00e9m, seu destino poderia ter sido diferente.<\/p>\n<p>Segundo informa\u00e7\u00f5es do portal <bsp-link-enhancement><br \/>\n    <span class=\"LinkEnhancement\"><a class=\"Link\" href=\"https:\/\/www.umdoisesportes.com.br\/athletico\/athletico-recusou-chance-de-contratar-destaque-do-coritiba-na-serie-b\/\" target=\"_blank\" title=\"&lt;b&gt;&lt;i&gt;Um Dois Esportes&lt;\/i&gt;&lt;\/b&gt;\" rel=\"noopener\"><b><i>Um Dois Esportes<\/i><\/b><\/a><\/span><\/bsp-link-enhancement>, o volante que vem atuando como zagueiro no Coritiba n\u00e3o foi contratado pelo Athletico-PR ap\u00f3s decis\u00e3o de <bsp-link-enhancement><br \/>\n    <span class=\"LinkEnhancement\"><a class=\"Link\" href=\"https:\/\/www.itatiaia.com.br\/esportes\/futebol\/athletico-pr\/athletico-pr-demite-rodrigo-possebon-do-cargo-de-diretor-de-futebol\" title=\"&lt;b&gt;Rodrigo Possebon&lt;\/b&gt;\"><b>Rodrigo Possebon<\/b><\/a><\/span><\/bsp-link-enhancement>, ex-diretor do clube.<\/p>\n<p>A raz\u00e3o pelo n\u00e3o avan\u00e7o das negocia\u00e7\u00f5es teria sido pela prioriza\u00e7\u00e3o de outras chegadas \u2014 as quais foram consideradas insuficientes pela dire\u00e7\u00e3o rubro-negra, tanto que o profissional deixou o cargo para dar lugar a <bsp-link-enhancement><br \/>\n    <span class=\"LinkEnhancement\"><a class=\"Link\" href=\"https:\/\/www.itatiaia.com.br\/esportes\/futebol\/athletico-pr\/negocio-fechado-athletico-pr-acerta-contratacao-de-novo-diretor-de-futebol\" title=\"&lt;b&gt;Eduardo Freeland&lt;\/b&gt;\"><b>Eduardo Freeland<\/b><\/a><\/span><\/bsp-link-enhancement>.<\/p>\n<p>Pelo Coritiba, Jacy soma 10 jogos, com um gol marcado na \u00faltima rodada pela <bsp-link-enhancement><br \/>\n    <span class=\"LinkEnhancement\"><a class=\"Link\" href=\"https:\/\/www.itatiaia.com.br\/esportes\/futebol\/futebol-nacional\/brasileirao-serie-b\" title=\"&lt;b&gt;S\u00e9rie B do Campeonato Brasileiro&lt;\/b&gt;\"><b>S\u00e9rie B do Campeonato Brasileiro<\/b><\/a><\/span><\/bsp-link-enhancement> \u2014 <bsp-link-enhancement><br \/>\n    <span class=\"LinkEnhancement\"><a class=\"Link\" href=\"https:\/\/www.itatiaia.com.br\/esportes\/futebol\/futebol-nacional\/brasileirao-serie-b\/coritiba-supera-expulsao-vence-vila-nova-e-assume-lideranca-da-serie-b\" title=\"&lt;b&gt;vit\u00f3ria sobre o Vila Nova&lt;\/b&gt;\"><b>vit\u00f3ria sobre o Vila Nova<\/b><\/a><\/span><\/bsp-link-enhancement> por 2 a 1.<\/p>\n<p>Nas redes sociais do clube paranaense, foi aberta a enquete para o destaque do jogo, e Jacy foi o vencedor com 67,5% dos votos (Josu\u00e9 teve 30,4%, Tiago C\u00f3ser fez 1,4% e Alex Silva ficou com apenas 0,7%).<\/p>\n<p>As atua\u00e7\u00f5es do volante na zaga t\u00eam chamado positivamente a aten\u00e7\u00e3o dos torcedores coxa-branca, satisfeitos com a contrata\u00e7\u00e3o recente.<\/p>\n<p>O Coritiba \u00e9 o v\u00edce-l\u00edder da Segunda Divis\u00e3o nacional com 38 pontos, mesmo n\u00famero do <bsp-link-enhancement><br \/>\n    <span class=\"LinkEnhancement\"><a class=\"Link\" href=\"https:\/\/www.itatiaia.com.br\/esportes\/futebol\/futebol-nacional\/futebol-do-centro-oeste\/goias\" title=\"&lt;b&gt;Goi\u00e1s&lt;\/b&gt;\"><b>Goi\u00e1s<\/b><\/a><\/span><\/bsp-link-enhancement>, primeiro colocado. O Athletico-PR, por sua vez, ocupa a 11\u00aa posi\u00e7\u00e3o com 26 pontos.<\/p>\n<p><bsp-list-loadmore class=\"PageListStandardG\" data-module=\"\" data-show-loadmore=\"true\" data-list-title-size=\"3\" data-list-description-size=\"3\"><\/p>\n<p>    <a class=\"AnchorLink\" title=\"leia-tambem\" name=\"leia-tambem\"\/><\/p>\n<p><\/bsp-list-loadmore><\/p><\/div>\n<p><script>\n  window.fbAsyncInit = function() {\n      FB.init({\n              appId : '1447052969554341',\n          xfbml : true,\n          version : 'v2.9'\n      });\n  };\n  (function(d, s, id){\n     var js, fjs = d.getElementsByTagName(s)[0];\n     if (d.getElementById(id)) {return;}\n     js = d.createElement(s); js.id = id;\n     js.src = \"https:\/\/connect.facebook.net\/en_US\/sdk.js\";\n     fjs.parentNode.insertBefore(js, fjs);\n   }(document, 'script', 'facebook-jssdk'));\n<\/script><\/p>\n","protected":false},"excerpt":{"rendered":"<p>O Athletico-PR teve como alvo na \u00faltima janela de transfer\u00eancias um jogador que tem sido destaque no Coritiba. Jacy Maranh\u00e3o, 28 anos, deixou o Oper\u00e1rio para assinar com o clube coxa-branca poucos dias depois do Furac\u00e3o demonstrar interesse, mas desistir de investir no volante. Jacy chegou ao Couto Pereira no fim de maio, com status&#8230;<\/p>\n","protected":false},"author":1,"featured_media":570,"comment_status":"open","ping_status":"open","sticky":false,"template":"","format":"standard","meta":{"footnotes":""},"categories":[4],"tags":[],"class_list":["post-569","post","type-post","status-publish","format-standard","has-post-thumbnail","hentry","category-sports"],"yoast_head":"<!-- This site is optimized with the Yoast SEO plugin v28.1 - https:\/\/yoast.com\/product\/yoast-seo-wordpress\/ -->\n<title>Athletico-PR recusou destaque do Coritiba na \u00faltima janela; veja detalhes -<\/title>\n<meta name=\"robots\" content=\"index, follow, max-snippet:-1, max-image-preview:large, max-video-preview:-1\" \/>\n<link rel=\"canonical\" href=\"https:\/\/oficialnoticias.com\/?p=569\" \/>\n<meta property=\"og:locale\" content=\"pt_BR\" \/>\n<meta property=\"og:type\" content=\"article\" \/>\n<meta property=\"og:title\" content=\"Athletico-PR recusou destaque do Coritiba na \u00faltima janela; veja detalhes -\" \/>\n<meta property=\"og:description\" content=\"O Athletico-PR teve como alvo na \u00faltima janela de transfer\u00eancias um jogador que tem sido destaque no Coritiba. Jacy Maranh\u00e3o, 28 anos, deixou o Oper\u00e1rio para assinar com o clube coxa-branca poucos dias depois do Furac\u00e3o demonstrar interesse, mas desistir de investir no volante. Jacy chegou ao Couto Pereira no fim de maio, com status...\" \/>\n<meta property=\"og:url\" content=\"https:\/\/oficialnoticias.com\/?p=569\" \/>\n<meta property=\"article:published_time\" content=\"2025-08-05T18:09:45+00:00\" \/>\n<meta property=\"article:modified_time\" content=\"2025-08-05T18:09:49+00:00\" \/>\n<meta property=\"og:image\" content=\"https:\/\/oficialnoticias.com\/wp-content\/uploads\/2025\/08\/urlhttps3A2F2Fk2-prod-radio-itatiaia.s3.us-east-1.amazonaws.com2Fbrightspot2F492Fbf2F32f3da.webp\" \/>\n\t<meta property=\"og:image:width\" content=\"1200\" \/>\n\t<meta property=\"og:image:height\" content=\"630\" \/>\n\t<meta property=\"og:image:type\" content=\"image\/webp\" \/>\n<meta name=\"author\" content=\"fcesarpacheco@gmail.com\" \/>\n<meta name=\"twitter:card\" content=\"summary_large_image\" \/>\n<meta name=\"twitter:label1\" content=\"Escrito por\" \/>\n\t<meta name=\"twitter:data1\" content=\"fcesarpacheco@gmail.com\" \/>\n\t<meta name=\"twitter:label2\" content=\"Est. tempo de leitura\" \/>\n\t<meta name=\"twitter:data2\" content=\"1 minuto\" \/>\n<script type=\"application\/ld+json\" class=\"yoast-schema-graph\">{\"@context\":\"https:\\\/\\\/schema.org\",\"@graph\":[{\"@type\":\"Article\",\"@id\":\"https:\\\/\\\/oficialnoticias.com\\\/?p=569#article\",\"isPartOf\":{\"@id\":\"https:\\\/\\\/oficialnoticias.com\\\/?p=569\"},\"author\":{\"name\":\"fcesarpacheco@gmail.com\",\"@id\":\"https:\\\/\\\/oficialnoticias.com\\\/#\\\/schema\\\/person\\\/e4e04174739e78c93161c78c3aec8fb4\"},\"headline\":\"Athletico-PR recusou destaque do Coritiba na \u00faltima janela; veja detalhes\",\"datePublished\":\"2025-08-05T18:09:45+00:00\",\"dateModified\":\"2025-08-05T18:09:49+00:00\",\"mainEntityOfPage\":{\"@id\":\"https:\\\/\\\/oficialnoticias.com\\\/?p=569\"},\"wordCount\":276,\"commentCount\":0,\"publisher\":{\"@id\":\"https:\\\/\\\/oficialnoticias.com\\\/#organization\"},\"image\":{\"@id\":\"https:\\\/\\\/oficialnoticias.com\\\/?p=569#primaryimage\"},\"thumbnailUrl\":\"https:\\\/\\\/oficialnoticias.com\\\/wp-content\\\/uploads\\\/2025\\\/08\\\/urlhttps3A2F2Fk2-prod-radio-itatiaia.s3.us-east-1.amazonaws.com2Fbrightspot2F492Fbf2F32f3da.webp\",\"articleSection\":[\"Esporte\"],\"inLanguage\":\"pt-BR\",\"potentialAction\":[{\"@type\":\"CommentAction\",\"name\":\"Comment\",\"target\":[\"https:\\\/\\\/oficialnoticias.com\\\/?p=569#respond\"]}]},{\"@type\":\"WebPage\",\"@id\":\"https:\\\/\\\/oficialnoticias.com\\\/?p=569\",\"url\":\"https:\\\/\\\/oficialnoticias.com\\\/?p=569\",\"name\":\"Athletico-PR recusou destaque do Coritiba na \u00faltima janela; veja detalhes -\",\"isPartOf\":{\"@id\":\"https:\\\/\\\/oficialnoticias.com\\\/#website\"},\"primaryImageOfPage\":{\"@id\":\"https:\\\/\\\/oficialnoticias.com\\\/?p=569#primaryimage\"},\"image\":{\"@id\":\"https:\\\/\\\/oficialnoticias.com\\\/?p=569#primaryimage\"},\"thumbnailUrl\":\"https:\\\/\\\/oficialnoticias.com\\\/wp-content\\\/uploads\\\/2025\\\/08\\\/urlhttps3A2F2Fk2-prod-radio-itatiaia.s3.us-east-1.amazonaws.com2Fbrightspot2F492Fbf2F32f3da.webp\",\"datePublished\":\"2025-08-05T18:09:45+00:00\",\"dateModified\":\"2025-08-05T18:09:49+00:00\",\"breadcrumb\":{\"@id\":\"https:\\\/\\\/oficialnoticias.com\\\/?p=569#breadcrumb\"},\"inLanguage\":\"pt-BR\",\"potentialAction\":[{\"@type\":\"ReadAction\",\"target\":[\"https:\\\/\\\/oficialnoticias.com\\\/?p=569\"]}]},{\"@type\":\"ImageObject\",\"inLanguage\":\"pt-BR\",\"@id\":\"https:\\\/\\\/oficialnoticias.com\\\/?p=569#primaryimage\",\"url\":\"https:\\\/\\\/oficialnoticias.com\\\/wp-content\\\/uploads\\\/2025\\\/08\\\/urlhttps3A2F2Fk2-prod-radio-itatiaia.s3.us-east-1.amazonaws.com2Fbrightspot2F492Fbf2F32f3da.webp\",\"contentUrl\":\"https:\\\/\\\/oficialnoticias.com\\\/wp-content\\\/uploads\\\/2025\\\/08\\\/urlhttps3A2F2Fk2-prod-radio-itatiaia.s3.us-east-1.amazonaws.com2Fbrightspot2F492Fbf2F32f3da.webp\",\"width\":1200,\"height\":630},{\"@type\":\"BreadcrumbList\",\"@id\":\"https:\\\/\\\/oficialnoticias.com\\\/?p=569#breadcrumb\",\"itemListElement\":[{\"@type\":\"ListItem\",\"position\":1,\"name\":\"In\u00edcio\",\"item\":\"https:\\\/\\\/oficialnoticias.com\\\/\"},{\"@type\":\"ListItem\",\"position\":2,\"name\":\"Athletico-PR recusou destaque do Coritiba na \u00faltima janela; veja detalhes\"}]},{\"@type\":\"WebSite\",\"@id\":\"https:\\\/\\\/oficialnoticias.com\\\/#website\",\"url\":\"https:\\\/\\\/oficialnoticias.com\\\/\",\"name\":\"oficial Noticias\",\"description\":\"\",\"publisher\":{\"@id\":\"https:\\\/\\\/oficialnoticias.com\\\/#organization\"},\"potentialAction\":[{\"@type\":\"SearchAction\",\"target\":{\"@type\":\"EntryPoint\",\"urlTemplate\":\"https:\\\/\\\/oficialnoticias.com\\\/?s={search_term_string}\"},\"query-input\":{\"@type\":\"PropertyValueSpecification\",\"valueRequired\":true,\"valueName\":\"search_term_string\"}}],\"inLanguage\":\"pt-BR\"},{\"@type\":\"Organization\",\"@id\":\"https:\\\/\\\/oficialnoticias.com\\\/#organization\",\"name\":\"oficial noticias\",\"url\":\"https:\\\/\\\/oficialnoticias.com\\\/\",\"logo\":{\"@type\":\"ImageObject\",\"inLanguage\":\"pt-BR\",\"@id\":\"https:\\\/\\\/oficialnoticias.com\\\/#\\\/schema\\\/logo\\\/image\\\/\",\"url\":\"https:\\\/\\\/oficialnoticias.com\\\/wp-content\\\/uploads\\\/2025\\\/08\\\/cropped-cropped-cropped-Logo-Noticias-e1753639739829.png\",\"contentUrl\":\"https:\\\/\\\/oficialnoticias.com\\\/wp-content\\\/uploads\\\/2025\\\/08\\\/cropped-cropped-cropped-Logo-Noticias-e1753639739829.png\",\"width\":119,\"height\":86,\"caption\":\"oficial noticias\"},\"image\":{\"@id\":\"https:\\\/\\\/oficialnoticias.com\\\/#\\\/schema\\\/logo\\\/image\\\/\"}},{\"@type\":\"Person\",\"@id\":\"https:\\\/\\\/oficialnoticias.com\\\/#\\\/schema\\\/person\\\/e4e04174739e78c93161c78c3aec8fb4\",\"name\":\"fcesarpacheco@gmail.com\",\"image\":{\"@type\":\"ImageObject\",\"inLanguage\":\"pt-BR\",\"@id\":\"https:\\\/\\\/secure.gravatar.com\\\/avatar\\\/240384b03dd3308a3ba0976f2f7fdc2beecdbc663f013481c95d52302b723a4a?s=96&d=mm&r=g\",\"url\":\"https:\\\/\\\/secure.gravatar.com\\\/avatar\\\/240384b03dd3308a3ba0976f2f7fdc2beecdbc663f013481c95d52302b723a4a?s=96&d=mm&r=g\",\"contentUrl\":\"https:\\\/\\\/secure.gravatar.com\\\/avatar\\\/240384b03dd3308a3ba0976f2f7fdc2beecdbc663f013481c95d52302b723a4a?s=96&d=mm&r=g\",\"caption\":\"fcesarpacheco@gmail.com\"},\"sameAs\":[\"https:\\\/\\\/oficialnoticias.com\"],\"url\":\"https:\\\/\\\/oficialnoticias.com\\\/?author=1\"}]}<\/script>\n<!-- \/ Yoast SEO plugin. -->","yoast_head_json":{"title":"Athletico-PR recusou destaque do Coritiba na \u00faltima janela; veja detalhes -","robots":{"index":"index","follow":"follow","max-snippet":"max-snippet:-1","max-image-preview":"max-image-preview:large","max-video-preview":"max-video-preview:-1"},"canonical":"https:\/\/oficialnoticias.com\/?p=569","og_locale":"pt_BR","og_type":"article","og_title":"Athletico-PR recusou destaque do Coritiba na \u00faltima janela; veja detalhes -","og_description":"O Athletico-PR teve como alvo na \u00faltima janela de transfer\u00eancias um jogador que tem sido destaque no Coritiba. Jacy Maranh\u00e3o, 28 anos, deixou o Oper\u00e1rio para assinar com o clube coxa-branca poucos dias depois do Furac\u00e3o demonstrar interesse, mas desistir de investir no volante. Jacy chegou ao Couto Pereira no fim de maio, com status...","og_url":"https:\/\/oficialnoticias.com\/?p=569","article_published_time":"2025-08-05T18:09:45+00:00","article_modified_time":"2025-08-05T18:09:49+00:00","og_image":[{"width":1200,"height":630,"url":"https:\/\/oficialnoticias.com\/wp-content\/uploads\/2025\/08\/urlhttps3A2F2Fk2-prod-radio-itatiaia.s3.us-east-1.amazonaws.com2Fbrightspot2F492Fbf2F32f3da.webp","type":"image\/webp"}],"author":"fcesarpacheco@gmail.com","twitter_card":"summary_large_image","twitter_misc":{"Escrito por":"fcesarpacheco@gmail.com","Est. tempo de leitura":"1 minuto"},"schema":{"@context":"https:\/\/schema.org","@graph":[{"@type":"Article","@id":"https:\/\/oficialnoticias.com\/?p=569#article","isPartOf":{"@id":"https:\/\/oficialnoticias.com\/?p=569"},"author":{"name":"fcesarpacheco@gmail.com","@id":"https:\/\/oficialnoticias.com\/#\/schema\/person\/e4e04174739e78c93161c78c3aec8fb4"},"headline":"Athletico-PR recusou destaque do Coritiba na \u00faltima janela; veja detalhes","datePublished":"2025-08-05T18:09:45+00:00","dateModified":"2025-08-05T18:09:49+00:00","mainEntityOfPage":{"@id":"https:\/\/oficialnoticias.com\/?p=569"},"wordCount":276,"commentCount":0,"publisher":{"@id":"https:\/\/oficialnoticias.com\/#organization"},"image":{"@id":"https:\/\/oficialnoticias.com\/?p=569#primaryimage"},"thumbnailUrl":"https:\/\/oficialnoticias.com\/wp-content\/uploads\/2025\/08\/urlhttps3A2F2Fk2-prod-radio-itatiaia.s3.us-east-1.amazonaws.com2Fbrightspot2F492Fbf2F32f3da.webp","articleSection":["Esporte"],"inLanguage":"pt-BR","potentialAction":[{"@type":"CommentAction","name":"Comment","target":["https:\/\/oficialnoticias.com\/?p=569#respond"]}]},{"@type":"WebPage","@id":"https:\/\/oficialnoticias.com\/?p=569","url":"https:\/\/oficialnoticias.com\/?p=569","name":"Athletico-PR recusou destaque do Coritiba na \u00faltima janela; veja detalhes -","isPartOf":{"@id":"https:\/\/oficialnoticias.com\/#website"},"primaryImageOfPage":{"@id":"https:\/\/oficialnoticias.com\/?p=569#primaryimage"},"image":{"@id":"https:\/\/oficialnoticias.com\/?p=569#primaryimage"},"thumbnailUrl":"https:\/\/oficialnoticias.com\/wp-content\/uploads\/2025\/08\/urlhttps3A2F2Fk2-prod-radio-itatiaia.s3.us-east-1.amazonaws.com2Fbrightspot2F492Fbf2F32f3da.webp","datePublished":"2025-08-05T18:09:45+00:00","dateModified":"2025-08-05T18:09:49+00:00","breadcrumb":{"@id":"https:\/\/oficialnoticias.com\/?p=569#breadcrumb"},"inLanguage":"pt-BR","potentialAction":[{"@type":"ReadAction","target":["https:\/\/oficialnoticias.com\/?p=569"]}]},{"@type":"ImageObject","inLanguage":"pt-BR","@id":"https:\/\/oficialnoticias.com\/?p=569#primaryimage","url":"https:\/\/oficialnoticias.com\/wp-content\/uploads\/2025\/08\/urlhttps3A2F2Fk2-prod-radio-itatiaia.s3.us-east-1.amazonaws.com2Fbrightspot2F492Fbf2F32f3da.webp","contentUrl":"https:\/\/oficialnoticias.com\/wp-content\/uploads\/2025\/08\/urlhttps3A2F2Fk2-prod-radio-itatiaia.s3.us-east-1.amazonaws.com2Fbrightspot2F492Fbf2F32f3da.webp","width":1200,"height":630},{"@type":"BreadcrumbList","@id":"https:\/\/oficialnoticias.com\/?p=569#breadcrumb","itemListElement":[{"@type":"ListItem","position":1,"name":"In\u00edcio","item":"https:\/\/oficialnoticias.com\/"},{"@type":"ListItem","position":2,"name":"Athletico-PR recusou destaque do Coritiba na \u00faltima janela; veja detalhes"}]},{"@type":"WebSite","@id":"https:\/\/oficialnoticias.com\/#website","url":"https:\/\/oficialnoticias.com\/","name":"oficial Noticias","description":"","publisher":{"@id":"https:\/\/oficialnoticias.com\/#organization"},"potentialAction":[{"@type":"SearchAction","target":{"@type":"EntryPoint","urlTemplate":"https:\/\/oficialnoticias.com\/?s={search_term_string}"},"query-input":{"@type":"PropertyValueSpecification","valueRequired":true,"valueName":"search_term_string"}}],"inLanguage":"pt-BR"},{"@type":"Organization","@id":"https:\/\/oficialnoticias.com\/#organization","name":"oficial noticias","url":"https:\/\/oficialnoticias.com\/","logo":{"@type":"ImageObject","inLanguage":"pt-BR","@id":"https:\/\/oficialnoticias.com\/#\/schema\/logo\/image\/","url":"https:\/\/oficialnoticias.com\/wp-content\/uploads\/2025\/08\/cropped-cropped-cropped-Logo-Noticias-e1753639739829.png","contentUrl":"https:\/\/oficialnoticias.com\/wp-content\/uploads\/2025\/08\/cropped-cropped-cropped-Logo-Noticias-e1753639739829.png","width":119,"height":86,"caption":"oficial noticias"},"image":{"@id":"https:\/\/oficialnoticias.com\/#\/schema\/logo\/image\/"}},{"@type":"Person","@id":"https:\/\/oficialnoticias.com\/#\/schema\/person\/e4e04174739e78c93161c78c3aec8fb4","name":"fcesarpacheco@gmail.com","image":{"@type":"ImageObject","inLanguage":"pt-BR","@id":"https:\/\/secure.gravatar.com\/avatar\/240384b03dd3308a3ba0976f2f7fdc2beecdbc663f013481c95d52302b723a4a?s=96&d=mm&r=g","url":"https:\/\/secure.gravatar.com\/avatar\/240384b03dd3308a3ba0976f2f7fdc2beecdbc663f013481c95d52302b723a4a?s=96&d=mm&r=g","contentUrl":"https:\/\/secure.gravatar.com\/avatar\/240384b03dd3308a3ba0976f2f7fdc2beecdbc663f013481c95d52302b723a4a?s=96&d=mm&r=g","caption":"fcesarpacheco@gmail.com"},"sameAs":["https:\/\/oficialnoticias.com"],"url":"https:\/\/oficialnoticias.com\/?author=1"}]}},"_links":{"self":[{"href":"https:\/\/oficialnoticias.com\/index.php?rest_route=\/wp\/v2\/posts\/569","targetHints":{"allow":["GET"]}}],"collection":[{"href":"https:\/\/oficialnoticias.com\/index.php?rest_route=\/wp\/v2\/posts"}],"about":[{"href":"https:\/\/oficialnoticias.com\/index.php?rest_route=\/wp\/v2\/types\/post"}],"author":[{"embeddable":true,"href":"https:\/\/oficialnoticias.com\/index.php?rest_route=\/wp\/v2\/users\/1"}],"replies":[{"embeddable":true,"href":"https:\/\/oficialnoticias.com\/index.php?rest_route=%2Fwp%2Fv2%2Fcomments&post=569"}],"version-history":[{"count":1,"href":"https:\/\/oficialnoticias.com\/index.php?rest_route=\/wp\/v2\/posts\/569\/revisions"}],"predecessor-version":[{"id":571,"href":"https:\/\/oficialnoticias.com\/index.php?rest_route=\/wp\/v2\/posts\/569\/revisions\/571"}],"wp:featuredmedia":[{"embeddable":true,"href":"https:\/\/oficialnoticias.com\/index.php?rest_route=\/wp\/v2\/media\/570"}],"wp:attachment":[{"href":"https:\/\/oficialnoticias.com\/index.php?rest_route=%2Fwp%2Fv2%2Fmedia&parent=569"}],"wp:term":[{"taxonomy":"category","embeddable":true,"href":"https:\/\/oficialnoticias.com\/index.php?rest_route=%2Fwp%2Fv2%2Fcategories&post=569"},{"taxonomy":"post_tag","embeddable":true,"href":"https:\/\/oficialnoticias.com\/index.php?rest_route=%2Fwp%2Fv2%2Ftags&post=569"}],"curies":[{"name":"wp","href":"https:\/\/api.w.org\/{rel}","templated":true}]}}