{"id":5251,"date":"2025-08-28T07:08:34","date_gmt":"2025-08-28T10:08:34","guid":{"rendered":"https:\/\/oficialnoticias.com\/?p=5251"},"modified":"2025-08-28T07:08:38","modified_gmt":"2025-08-28T10:08:38","slug":"bolsonaro-x-moraes-embate-marca-julgamento-historico-no-stf","status":"publish","type":"post","link":"https:\/\/oficialnoticias.com\/?p=5251","title":{"rendered":"Bolsonaro x Moraes: embate marca julgamento hist\u00f3rico no STF"},"content":{"rendered":"<p><\/p>\n<div>\n<p>O <bsp-link-enhancement><br \/>\n    <span class=\"LinkEnhancement\"><a class=\"Link\" href=\"https:\/\/www.itatiaia.com.br\/politica\/direto-de-brasilia\/o-que-esta-em-jogo-no-julgamento-de-jair-bolsonaro\" title=\"&lt;b&gt;julgamento do ex-presidente Jair Bolsonaro (PL)&lt;\/b&gt;\"><b>julgamento do ex-presidente Jair Bolsonaro (PL)<\/b><\/a><\/span><\/bsp-link-enhancement> pela suposta tentativa de golpe de Estado est\u00e1 marcado para o dia <b>2 de setembro de 2025<\/b>, na <b>Primeira Turma do Supremo Tribunal Federal (STF)<\/b>. No entanto, antes mesmo de o processo come\u00e7ar, um personagem tem concentrado boa parte dos holofotes: o ministro <b>Alexandre de Moraes<\/b>, relator de uma s\u00e9rie de inqu\u00e9ritos que envolvem o ex-chefe do Executivo.<\/p>\n<p>Moraes conduz investiga\u00e7\u00f5es que j\u00e1 se tornaram s\u00edmbolos do embate entre o Supremo e o bolsonarismo: o <b>inqu\u00e9rito das fake news (2019)<\/b>, o das <b>mil\u00edcias digitais (2021)<\/b>, o dos <b>atos antidemocr\u00e1ticos (2021)<\/b>, a <b>apura\u00e7\u00e3o dos ataques de 8 de janeiro de 2023<\/b> e, mais recentemente, o processo sobre a <b>suposta tentativa de golpe de Estado<\/b>, no qual Bolsonaro se tornou r\u00e9u em <b>25 de mar\u00e7o de 2025<\/b>, por decis\u00e3o do pr\u00f3prio STF.<\/p>\n<p><b>Leia mais: <\/b><bsp-link-enhancement><br \/>\n    <span class=\"LinkEnhancement\"><a class=\"Link\" href=\"https:\/\/www.itatiaia.com.br\/politica\/moraes-decreta-prisao-domiciliar-de-jair-bolsonaro\" title=\"&lt;b&gt;Moraes decreta pris\u00e3o domiciliar de Jair Bolsonaro&lt;\/b&gt;\"><b>Moraes decreta pris\u00e3o domiciliar de Jair Bolsonaro<\/b><\/a><\/span><\/bsp-link-enhancement><\/p>\n<p>Na semana passada, o ministro determinou medidas consideradas duras contra o ex-presidente: <b>apreens\u00e3o do passaporte<\/b>, <b>proibi\u00e7\u00e3o de contato com outros investigados<\/b>, <b>restri\u00e7\u00e3o ao uso de redes sociais <\/b><bsp-link-enhancement><br \/>\n    <span class=\"LinkEnhancement\"><a class=\"Link\" href=\"https:\/\/www.itatiaia.com.br\/politica\/bolsonaro-em-prisao-domiciliar-leia-na-integra-a-decisao-de-moraes\" title=\"&lt;b&gt;e, posteriormente, sua pris\u00e3o domiciliar&lt;\/b&gt;\"><b>e, posteriormente, sua pris\u00e3o domiciliar<\/b><\/a><\/span><\/bsp-link-enhancement>. A defesa de Bolsonaro afirma que as medidas configuram puni\u00e7\u00f5es antecipadas, antes do julgamento.<\/p>\n<p><b>Leia mais: <\/b><bsp-link-enhancement><br \/>\n    <span class=\"LinkEnhancement\"><a class=\"Link\" href=\"https:\/\/www.itatiaia.com.br\/politica\/veja-quais-medidas-alexandre-de-moraes-determinou-contra-jair-bolsonaro\" title=\"&lt;b&gt;Veja quais medidas Alexandre de Moraes determinou contra Jair Bolsonaro&lt;\/b&gt;\"><b>Veja quais medidas Alexandre de Moraes determinou contra Jair Bolsonaro<\/b><\/a><\/span><\/bsp-link-enhancement><\/p>\n<p>Enquanto isso, no cen\u00e1rio internacional, o deputado <b>Eduardo Bolsonaro (PL-SP)<\/b>, filho do ex-presidente, deixou o Brasil em <b>fevereiro deste ano<\/b> e tem se articulado nos Estados Unidos. Ele vem buscando apoio de parlamentares republicanos e defendendo que autoridades americanas apliquem a <b>Lei Magnitsky<\/b> contra Moraes \u2014 legisla\u00e7\u00e3o dos Estados Unidos que prev\u00ea san\u00e7\u00f5es a agentes p\u00fablicos acusados de viola\u00e7\u00f5es de direitos humanos.<\/p>\n<p>Em uma <bsp-link-enhancement><br \/>\n    <span class=\"LinkEnhancement\"><a class=\"Link\" href=\"https:\/\/www.itatiaia.com.br\/politica\/dos-eua-eduardo-bolsonaro-participa-remotamente-de-audiencia-na-camara\" title=\"&lt;b&gt;audi\u00eancia na C\u00e2mara dos Deputados, realizada em na ter\u00e7a-feira (26)&lt;\/b&gt;\"><b>audi\u00eancia na C\u00e2mara dos Deputados, realizada em na ter\u00e7a-feira (26)<\/b><\/a><\/span><\/bsp-link-enhancement>, Eduardo Bolsonaro intensificou os ataques ao ministro:<\/p>\n<p><bsp-list-loadmore class=\"PageListStandardG\" data-module=\"\" data-show-loadmore=\"true\" data-list-title-size=\"3\" data-list-description-size=\"3\"><\/p>\n<p>    <a class=\"AnchorLink\" title=\"leia-tambem\" name=\"leia-tambem\"\/><\/p>\n<p><\/bsp-list-loadmore><\/p>\n<p>\u201cMas o Alexandre Moraes, ele tem esse desejo de se mostrar uma pessoa m\u00e1, para sim ter o respeito dos outros atrav\u00e9s da intimida\u00e7\u00e3o. \u00c9 por isso que eu nem exagero quando eu coloquei no meu Twitter, que foi inclusive num dos inqu\u00e9ritos, quando eu o chamo de gangster, porque essa \u00e9 uma pr\u00e1tica de um mafioso, de um gangster\u201d.<\/p>\n<p>Especialistas, no entanto, avaliam que at\u00e9 agora o processo segue os par\u00e2metros legais. Para o advogado e professor de Direito Penal <b>T\u00e9dney Moreira<\/b>, o ineditismo do caso exige cautela do Supremo, mas n\u00e3o h\u00e1 evid\u00eancias de viola\u00e7\u00f5es processuais:<\/p>\n<p>\u201cEstamos diante de um fato in\u00e9dito na hist\u00f3ria do Poder Judici\u00e1rio brasileiro, de termos uma a\u00e7\u00e3o desta dimens\u00e3o tramitando no Supremo Tribunal Federal, que tem como poss\u00edveis v\u00edtimas do que seria um golpe de Estado um dos pr\u00f3prios ministros em julgamento. Isso vai demandar do Judici\u00e1rio uma cautela excessiva com a observ\u00e2ncia das garantias processuais. [&#8230;] At\u00e9 o momento, n\u00e3o me parece ser este o caso, tendo em vista a observ\u00e2ncia de todas as regras do devido processo legal.\u201d<\/p>\n<p>O embate entre Bolsonaro e Moraes se tornou um dos elementos centrais do julgamento que come\u00e7a em setembro. Al\u00e9m de definir a responsabilidade do ex-presidente nos atos de 8 de janeiro e na suposta tentativa de golpe, o processo deve servir como um marco para estabelecer os limites da atua\u00e7\u00e3o de ex-presidentes diante da Justi\u00e7a brasileira.<\/p>\n<\/p><\/div>\n<p><script>\n  window.fbAsyncInit = function() {\n      FB.init({\n              appId : '1447052969554341',\n          xfbml : true,\n          version : 'v2.9'\n      });\n  };\n  (function(d, s, id){\n     var js, fjs = d.getElementsByTagName(s)[0];\n     if (d.getElementById(id)) {return;}\n     js = d.createElement(s); js.id = id;\n     js.src = \"https:\/\/connect.facebook.net\/en_US\/sdk.js\";\n     fjs.parentNode.insertBefore(js, fjs);\n   }(document, 'script', 'facebook-jssdk'));\n<\/script><\/p>\n","protected":false},"excerpt":{"rendered":"<p>O julgamento do ex-presidente Jair Bolsonaro (PL) pela suposta tentativa de golpe de Estado est\u00e1 marcado para o dia 2 de setembro de 2025, na Primeira Turma do Supremo Tribunal Federal (STF). No entanto, antes mesmo de o processo come\u00e7ar, um personagem tem concentrado boa parte dos holofotes: o ministro Alexandre de Moraes, relator de&#8230;<\/p>\n","protected":false},"author":2,"featured_media":5252,"comment_status":"open","ping_status":"open","sticky":false,"template":"","format":"standard","meta":{"footnotes":""},"categories":[24],"tags":[],"class_list":["post-5251","post","type-post","status-publish","format-standard","has-post-thumbnail","hentry","category-politica"],"yoast_head":"<!-- This site is optimized with the Yoast SEO plugin v27.3 - https:\/\/yoast.com\/product\/yoast-seo-wordpress\/ -->\n<title>Bolsonaro x Moraes: embate marca julgamento hist\u00f3rico no STF -<\/title>\n<meta name=\"robots\" content=\"index, follow, max-snippet:-1, max-image-preview:large, max-video-preview:-1\" \/>\n<link rel=\"canonical\" href=\"https:\/\/oficialnoticias.com\/?p=5251\" \/>\n<meta property=\"og:locale\" content=\"pt_BR\" \/>\n<meta property=\"og:type\" content=\"article\" \/>\n<meta property=\"og:title\" content=\"Bolsonaro x Moraes: embate marca julgamento hist\u00f3rico no STF -\" \/>\n<meta property=\"og:description\" content=\"O julgamento do ex-presidente Jair Bolsonaro (PL) pela suposta tentativa de golpe de Estado est\u00e1 marcado para o dia 2 de setembro de 2025, na Primeira Turma do Supremo Tribunal Federal (STF). No entanto, antes mesmo de o processo come\u00e7ar, um personagem tem concentrado boa parte dos holofotes: o ministro Alexandre de Moraes, relator de...\" \/>\n<meta property=\"og:url\" content=\"https:\/\/oficialnoticias.com\/?p=5251\" \/>\n<meta property=\"article:published_time\" content=\"2025-08-28T10:08:34+00:00\" \/>\n<meta property=\"article:modified_time\" content=\"2025-08-28T10:08:38+00:00\" \/>\n<meta property=\"og:image\" content=\"https:\/\/oficialnoticias.com\/wp-content\/uploads\/2025\/08\/urlhttps3A2F2Fk2-prod-radio-itatiaia.s3.us-east-1.amazonaws.com2Fbrightspot2F982F832Fa7b2d6.webp\" \/>\n\t<meta property=\"og:image:width\" content=\"1200\" \/>\n\t<meta property=\"og:image:height\" content=\"630\" \/>\n\t<meta property=\"og:image:type\" content=\"image\/webp\" \/>\n<meta name=\"author\" content=\"Luana Gon\u00e7alves\" \/>\n<meta name=\"twitter:card\" content=\"summary_large_image\" \/>\n<meta name=\"twitter:label1\" content=\"Escrito por\" \/>\n\t<meta name=\"twitter:data1\" content=\"Luana Gon\u00e7alves\" \/>\n\t<meta name=\"twitter:label2\" content=\"Est. tempo de leitura\" \/>\n\t<meta name=\"twitter:data2\" content=\"3 minutos\" \/>\n<script type=\"application\/ld+json\" class=\"yoast-schema-graph\">{\"@context\":\"https:\\\/\\\/schema.org\",\"@graph\":[{\"@type\":\"Article\",\"@id\":\"https:\\\/\\\/oficialnoticias.com\\\/?p=5251#article\",\"isPartOf\":{\"@id\":\"https:\\\/\\\/oficialnoticias.com\\\/?p=5251\"},\"author\":{\"name\":\"Luana Gon\u00e7alves\",\"@id\":\"https:\\\/\\\/oficialnoticias.com\\\/#\\\/schema\\\/person\\\/2d1dcbb6bfbc28d68171b4dc04723d4a\"},\"headline\":\"Bolsonaro x Moraes: embate marca julgamento hist\u00f3rico no STF\",\"datePublished\":\"2025-08-28T10:08:34+00:00\",\"dateModified\":\"2025-08-28T10:08:38+00:00\",\"mainEntityOfPage\":{\"@id\":\"https:\\\/\\\/oficialnoticias.com\\\/?p=5251\"},\"wordCount\":565,\"commentCount\":0,\"publisher\":{\"@id\":\"https:\\\/\\\/oficialnoticias.com\\\/#organization\"},\"image\":{\"@id\":\"https:\\\/\\\/oficialnoticias.com\\\/?p=5251#primaryimage\"},\"thumbnailUrl\":\"https:\\\/\\\/oficialnoticias.com\\\/wp-content\\\/uploads\\\/2025\\\/08\\\/urlhttps3A2F2Fk2-prod-radio-itatiaia.s3.us-east-1.amazonaws.com2Fbrightspot2F982F832Fa7b2d6.webp\",\"articleSection\":[\"Politica\"],\"inLanguage\":\"pt-BR\",\"potentialAction\":[{\"@type\":\"CommentAction\",\"name\":\"Comment\",\"target\":[\"https:\\\/\\\/oficialnoticias.com\\\/?p=5251#respond\"]}]},{\"@type\":\"WebPage\",\"@id\":\"https:\\\/\\\/oficialnoticias.com\\\/?p=5251\",\"url\":\"https:\\\/\\\/oficialnoticias.com\\\/?p=5251\",\"name\":\"Bolsonaro x Moraes: embate marca julgamento hist\u00f3rico no STF -\",\"isPartOf\":{\"@id\":\"https:\\\/\\\/oficialnoticias.com\\\/#website\"},\"primaryImageOfPage\":{\"@id\":\"https:\\\/\\\/oficialnoticias.com\\\/?p=5251#primaryimage\"},\"image\":{\"@id\":\"https:\\\/\\\/oficialnoticias.com\\\/?p=5251#primaryimage\"},\"thumbnailUrl\":\"https:\\\/\\\/oficialnoticias.com\\\/wp-content\\\/uploads\\\/2025\\\/08\\\/urlhttps3A2F2Fk2-prod-radio-itatiaia.s3.us-east-1.amazonaws.com2Fbrightspot2F982F832Fa7b2d6.webp\",\"datePublished\":\"2025-08-28T10:08:34+00:00\",\"dateModified\":\"2025-08-28T10:08:38+00:00\",\"breadcrumb\":{\"@id\":\"https:\\\/\\\/oficialnoticias.com\\\/?p=5251#breadcrumb\"},\"inLanguage\":\"pt-BR\",\"potentialAction\":[{\"@type\":\"ReadAction\",\"target\":[\"https:\\\/\\\/oficialnoticias.com\\\/?p=5251\"]}]},{\"@type\":\"ImageObject\",\"inLanguage\":\"pt-BR\",\"@id\":\"https:\\\/\\\/oficialnoticias.com\\\/?p=5251#primaryimage\",\"url\":\"https:\\\/\\\/oficialnoticias.com\\\/wp-content\\\/uploads\\\/2025\\\/08\\\/urlhttps3A2F2Fk2-prod-radio-itatiaia.s3.us-east-1.amazonaws.com2Fbrightspot2F982F832Fa7b2d6.webp\",\"contentUrl\":\"https:\\\/\\\/oficialnoticias.com\\\/wp-content\\\/uploads\\\/2025\\\/08\\\/urlhttps3A2F2Fk2-prod-radio-itatiaia.s3.us-east-1.amazonaws.com2Fbrightspot2F982F832Fa7b2d6.webp\",\"width\":1200,\"height\":630},{\"@type\":\"BreadcrumbList\",\"@id\":\"https:\\\/\\\/oficialnoticias.com\\\/?p=5251#breadcrumb\",\"itemListElement\":[{\"@type\":\"ListItem\",\"position\":1,\"name\":\"In\u00edcio\",\"item\":\"https:\\\/\\\/oficialnoticias.com\\\/\"},{\"@type\":\"ListItem\",\"position\":2,\"name\":\"Bolsonaro x Moraes: embate marca julgamento hist\u00f3rico no STF\"}]},{\"@type\":\"WebSite\",\"@id\":\"https:\\\/\\\/oficialnoticias.com\\\/#website\",\"url\":\"https:\\\/\\\/oficialnoticias.com\\\/\",\"name\":\"oficial Noticias\",\"description\":\"\",\"publisher\":{\"@id\":\"https:\\\/\\\/oficialnoticias.com\\\/#organization\"},\"potentialAction\":[{\"@type\":\"SearchAction\",\"target\":{\"@type\":\"EntryPoint\",\"urlTemplate\":\"https:\\\/\\\/oficialnoticias.com\\\/?s={search_term_string}\"},\"query-input\":{\"@type\":\"PropertyValueSpecification\",\"valueRequired\":true,\"valueName\":\"search_term_string\"}}],\"inLanguage\":\"pt-BR\"},{\"@type\":\"Organization\",\"@id\":\"https:\\\/\\\/oficialnoticias.com\\\/#organization\",\"name\":\"oficial noticias\",\"url\":\"https:\\\/\\\/oficialnoticias.com\\\/\",\"logo\":{\"@type\":\"ImageObject\",\"inLanguage\":\"pt-BR\",\"@id\":\"https:\\\/\\\/oficialnoticias.com\\\/#\\\/schema\\\/logo\\\/image\\\/\",\"url\":\"https:\\\/\\\/oficialnoticias.com\\\/wp-content\\\/uploads\\\/2025\\\/08\\\/cropped-cropped-cropped-Logo-Noticias-e1753639739829.png\",\"contentUrl\":\"https:\\\/\\\/oficialnoticias.com\\\/wp-content\\\/uploads\\\/2025\\\/08\\\/cropped-cropped-cropped-Logo-Noticias-e1753639739829.png\",\"width\":119,\"height\":86,\"caption\":\"oficial noticias\"},\"image\":{\"@id\":\"https:\\\/\\\/oficialnoticias.com\\\/#\\\/schema\\\/logo\\\/image\\\/\"}},{\"@type\":\"Person\",\"@id\":\"https:\\\/\\\/oficialnoticias.com\\\/#\\\/schema\\\/person\\\/2d1dcbb6bfbc28d68171b4dc04723d4a\",\"name\":\"Luana Gon\u00e7alves\",\"image\":{\"@type\":\"ImageObject\",\"inLanguage\":\"pt-BR\",\"@id\":\"https:\\\/\\\/secure.gravatar.com\\\/avatar\\\/7aa6afdef873224c1a0265951f3fdfc0679f65dfbd15f018612595d323c52521?s=96&d=mm&r=g\",\"url\":\"https:\\\/\\\/secure.gravatar.com\\\/avatar\\\/7aa6afdef873224c1a0265951f3fdfc0679f65dfbd15f018612595d323c52521?s=96&d=mm&r=g\",\"contentUrl\":\"https:\\\/\\\/secure.gravatar.com\\\/avatar\\\/7aa6afdef873224c1a0265951f3fdfc0679f65dfbd15f018612595d323c52521?s=96&d=mm&r=g\",\"caption\":\"Luana Gon\u00e7alves\"},\"sameAs\":[\"https:\\\/\\\/oficialnoticias.com\\\/\"],\"url\":\"https:\\\/\\\/oficialnoticias.com\\\/?author=2\"}]}<\/script>\n<!-- \/ Yoast SEO plugin. -->","yoast_head_json":{"title":"Bolsonaro x Moraes: embate marca julgamento hist\u00f3rico no STF -","robots":{"index":"index","follow":"follow","max-snippet":"max-snippet:-1","max-image-preview":"max-image-preview:large","max-video-preview":"max-video-preview:-1"},"canonical":"https:\/\/oficialnoticias.com\/?p=5251","og_locale":"pt_BR","og_type":"article","og_title":"Bolsonaro x Moraes: embate marca julgamento hist\u00f3rico no STF -","og_description":"O julgamento do ex-presidente Jair Bolsonaro (PL) pela suposta tentativa de golpe de Estado est\u00e1 marcado para o dia 2 de setembro de 2025, na Primeira Turma do Supremo Tribunal Federal (STF). No entanto, antes mesmo de o processo come\u00e7ar, um personagem tem concentrado boa parte dos holofotes: o ministro Alexandre de Moraes, relator de...","og_url":"https:\/\/oficialnoticias.com\/?p=5251","article_published_time":"2025-08-28T10:08:34+00:00","article_modified_time":"2025-08-28T10:08:38+00:00","og_image":[{"width":1200,"height":630,"url":"https:\/\/oficialnoticias.com\/wp-content\/uploads\/2025\/08\/urlhttps3A2F2Fk2-prod-radio-itatiaia.s3.us-east-1.amazonaws.com2Fbrightspot2F982F832Fa7b2d6.webp","type":"image\/webp"}],"author":"Luana Gon\u00e7alves","twitter_card":"summary_large_image","twitter_misc":{"Escrito por":"Luana Gon\u00e7alves","Est. tempo de leitura":"3 minutos"},"schema":{"@context":"https:\/\/schema.org","@graph":[{"@type":"Article","@id":"https:\/\/oficialnoticias.com\/?p=5251#article","isPartOf":{"@id":"https:\/\/oficialnoticias.com\/?p=5251"},"author":{"name":"Luana Gon\u00e7alves","@id":"https:\/\/oficialnoticias.com\/#\/schema\/person\/2d1dcbb6bfbc28d68171b4dc04723d4a"},"headline":"Bolsonaro x Moraes: embate marca julgamento hist\u00f3rico no STF","datePublished":"2025-08-28T10:08:34+00:00","dateModified":"2025-08-28T10:08:38+00:00","mainEntityOfPage":{"@id":"https:\/\/oficialnoticias.com\/?p=5251"},"wordCount":565,"commentCount":0,"publisher":{"@id":"https:\/\/oficialnoticias.com\/#organization"},"image":{"@id":"https:\/\/oficialnoticias.com\/?p=5251#primaryimage"},"thumbnailUrl":"https:\/\/oficialnoticias.com\/wp-content\/uploads\/2025\/08\/urlhttps3A2F2Fk2-prod-radio-itatiaia.s3.us-east-1.amazonaws.com2Fbrightspot2F982F832Fa7b2d6.webp","articleSection":["Politica"],"inLanguage":"pt-BR","potentialAction":[{"@type":"CommentAction","name":"Comment","target":["https:\/\/oficialnoticias.com\/?p=5251#respond"]}]},{"@type":"WebPage","@id":"https:\/\/oficialnoticias.com\/?p=5251","url":"https:\/\/oficialnoticias.com\/?p=5251","name":"Bolsonaro x Moraes: embate marca julgamento hist\u00f3rico no STF -","isPartOf":{"@id":"https:\/\/oficialnoticias.com\/#website"},"primaryImageOfPage":{"@id":"https:\/\/oficialnoticias.com\/?p=5251#primaryimage"},"image":{"@id":"https:\/\/oficialnoticias.com\/?p=5251#primaryimage"},"thumbnailUrl":"https:\/\/oficialnoticias.com\/wp-content\/uploads\/2025\/08\/urlhttps3A2F2Fk2-prod-radio-itatiaia.s3.us-east-1.amazonaws.com2Fbrightspot2F982F832Fa7b2d6.webp","datePublished":"2025-08-28T10:08:34+00:00","dateModified":"2025-08-28T10:08:38+00:00","breadcrumb":{"@id":"https:\/\/oficialnoticias.com\/?p=5251#breadcrumb"},"inLanguage":"pt-BR","potentialAction":[{"@type":"ReadAction","target":["https:\/\/oficialnoticias.com\/?p=5251"]}]},{"@type":"ImageObject","inLanguage":"pt-BR","@id":"https:\/\/oficialnoticias.com\/?p=5251#primaryimage","url":"https:\/\/oficialnoticias.com\/wp-content\/uploads\/2025\/08\/urlhttps3A2F2Fk2-prod-radio-itatiaia.s3.us-east-1.amazonaws.com2Fbrightspot2F982F832Fa7b2d6.webp","contentUrl":"https:\/\/oficialnoticias.com\/wp-content\/uploads\/2025\/08\/urlhttps3A2F2Fk2-prod-radio-itatiaia.s3.us-east-1.amazonaws.com2Fbrightspot2F982F832Fa7b2d6.webp","width":1200,"height":630},{"@type":"BreadcrumbList","@id":"https:\/\/oficialnoticias.com\/?p=5251#breadcrumb","itemListElement":[{"@type":"ListItem","position":1,"name":"In\u00edcio","item":"https:\/\/oficialnoticias.com\/"},{"@type":"ListItem","position":2,"name":"Bolsonaro x Moraes: embate marca julgamento hist\u00f3rico no STF"}]},{"@type":"WebSite","@id":"https:\/\/oficialnoticias.com\/#website","url":"https:\/\/oficialnoticias.com\/","name":"oficial Noticias","description":"","publisher":{"@id":"https:\/\/oficialnoticias.com\/#organization"},"potentialAction":[{"@type":"SearchAction","target":{"@type":"EntryPoint","urlTemplate":"https:\/\/oficialnoticias.com\/?s={search_term_string}"},"query-input":{"@type":"PropertyValueSpecification","valueRequired":true,"valueName":"search_term_string"}}],"inLanguage":"pt-BR"},{"@type":"Organization","@id":"https:\/\/oficialnoticias.com\/#organization","name":"oficial noticias","url":"https:\/\/oficialnoticias.com\/","logo":{"@type":"ImageObject","inLanguage":"pt-BR","@id":"https:\/\/oficialnoticias.com\/#\/schema\/logo\/image\/","url":"https:\/\/oficialnoticias.com\/wp-content\/uploads\/2025\/08\/cropped-cropped-cropped-Logo-Noticias-e1753639739829.png","contentUrl":"https:\/\/oficialnoticias.com\/wp-content\/uploads\/2025\/08\/cropped-cropped-cropped-Logo-Noticias-e1753639739829.png","width":119,"height":86,"caption":"oficial noticias"},"image":{"@id":"https:\/\/oficialnoticias.com\/#\/schema\/logo\/image\/"}},{"@type":"Person","@id":"https:\/\/oficialnoticias.com\/#\/schema\/person\/2d1dcbb6bfbc28d68171b4dc04723d4a","name":"Luana Gon\u00e7alves","image":{"@type":"ImageObject","inLanguage":"pt-BR","@id":"https:\/\/secure.gravatar.com\/avatar\/7aa6afdef873224c1a0265951f3fdfc0679f65dfbd15f018612595d323c52521?s=96&d=mm&r=g","url":"https:\/\/secure.gravatar.com\/avatar\/7aa6afdef873224c1a0265951f3fdfc0679f65dfbd15f018612595d323c52521?s=96&d=mm&r=g","contentUrl":"https:\/\/secure.gravatar.com\/avatar\/7aa6afdef873224c1a0265951f3fdfc0679f65dfbd15f018612595d323c52521?s=96&d=mm&r=g","caption":"Luana Gon\u00e7alves"},"sameAs":["https:\/\/oficialnoticias.com\/"],"url":"https:\/\/oficialnoticias.com\/?author=2"}]}},"_links":{"self":[{"href":"https:\/\/oficialnoticias.com\/index.php?rest_route=\/wp\/v2\/posts\/5251","targetHints":{"allow":["GET"]}}],"collection":[{"href":"https:\/\/oficialnoticias.com\/index.php?rest_route=\/wp\/v2\/posts"}],"about":[{"href":"https:\/\/oficialnoticias.com\/index.php?rest_route=\/wp\/v2\/types\/post"}],"author":[{"embeddable":true,"href":"https:\/\/oficialnoticias.com\/index.php?rest_route=\/wp\/v2\/users\/2"}],"replies":[{"embeddable":true,"href":"https:\/\/oficialnoticias.com\/index.php?rest_route=%2Fwp%2Fv2%2Fcomments&post=5251"}],"version-history":[{"count":1,"href":"https:\/\/oficialnoticias.com\/index.php?rest_route=\/wp\/v2\/posts\/5251\/revisions"}],"predecessor-version":[{"id":5253,"href":"https:\/\/oficialnoticias.com\/index.php?rest_route=\/wp\/v2\/posts\/5251\/revisions\/5253"}],"wp:featuredmedia":[{"embeddable":true,"href":"https:\/\/oficialnoticias.com\/index.php?rest_route=\/wp\/v2\/media\/5252"}],"wp:attachment":[{"href":"https:\/\/oficialnoticias.com\/index.php?rest_route=%2Fwp%2Fv2%2Fmedia&parent=5251"}],"wp:term":[{"taxonomy":"category","embeddable":true,"href":"https:\/\/oficialnoticias.com\/index.php?rest_route=%2Fwp%2Fv2%2Fcategories&post=5251"},{"taxonomy":"post_tag","embeddable":true,"href":"https:\/\/oficialnoticias.com\/index.php?rest_route=%2Fwp%2Fv2%2Ftags&post=5251"}],"curies":[{"name":"wp","href":"https:\/\/api.w.org\/{rel}","templated":true}]}}