{"id":4879,"date":"2025-08-26T16:51:25","date_gmt":"2025-08-26T19:51:25","guid":{"rendered":"https:\/\/oficialnoticias.com\/?p=4879"},"modified":"2025-08-26T16:51:29","modified_gmt":"2025-08-26T19:51:29","slug":"alckmin-embarca-para-o-mexico-com-foco-em-abrir-mercado-apos-tarifaco-dos-eua","status":"publish","type":"post","link":"https:\/\/oficialnoticias.com\/?p=4879","title":{"rendered":"Alckmin embarca para o M\u00e9xico com foco em abrir mercado ap\u00f3s tarifa\u00e7o dos EUA"},"content":{"rendered":"<p><\/p>\n<div>\n<p>O vice-presidente e ministro da Ind\u00fastria e Com\u00e9rcio, <b>Geraldo Alckmin (PSB)<\/b>, embarcou na tarde desta ter\u00e7a-feira (26) para o M\u00e9xico, onde far\u00e1 uma miss\u00e3o oficial como parte do esfor\u00e7o do governo para abrir novos mercados aos produtos brasileiros ap\u00f3s o tarifa\u00e7o dos Estados Unidos.<\/p>\n<p>Na Cidade do M\u00e9xico, Alckmin ter\u00e1 na quarta-feira (27) um caf\u00e9 da manh\u00e3 com empres\u00e1rios mexicanos, seguido de uma reuni\u00e3o com o presidente da Comiss\u00e3o de Rela\u00e7\u00f5es Exteriores do Senado mexicano, Alejandro Murat Hinojosa.<\/p>\n<p>\u00c0 tarde, o vice-presidente se encontrar\u00e1 com tr\u00eas secret\u00e1rios, equivalentes ao cargo de ministro de Estado no Brasil: Julio Berdegu\u00e9 Sacrist\u00e1n (Agricultura e Desenvolvimento Rural), Juan Ram\u00f3n de la Fuente (Rela\u00e7\u00f5es Exteriores) e Marcelo Ebrard (Economia). Al\u00e9m disso, ele tamb\u00e9m participar\u00e1 do Encontro Empresarial Brasil-M\u00e9xico.<\/p>\n<p>J\u00e1 o segundo dia de agendas ser\u00e1 iniciado no Antigo Pal\u00e1cio da Prefeitura da capital mexicana, onde Alckmin receber\u00e1 as chaves da cidade das m\u00e3os da chefe de Governo, Clara Brugada, em reconhecimento \u00e0 import\u00e2ncia da visita.<\/p>\n<p><bsp-list-loadmore class=\"PageListStandardG\" data-module=\"\" data-show-loadmore=\"true\" data-list-title-size=\"3\" data-list-description-size=\"3\"><\/p>\n<p>    <a class=\"AnchorLink\" title=\"leia-tambem\" name=\"leia-tambem\"\/><\/p>\n<p><\/bsp-list-loadmore><\/p>\n<p>Na sequ\u00eancia, o vice-presidente ter\u00e1 uma reuni\u00e3o com o secret\u00e1rio de Sa\u00fade, David Kershenobich, e, posteriormente, com a presidente do M\u00e9xico, Claudia Sheinbaum, de esquerda e aliada do presidente <b>Luiz In\u00e1cio Lula da Silva (PT)<\/b>.<\/p>\n<p>Durante o encontro com a chefe de Estado mexicana, Alckmin deve debater temas de interesse entre os dois pa\u00edses, como negocia\u00e7\u00f5es comerciais, seguran\u00e7a alimentar e transi\u00e7\u00e3o energ\u00e9tica.<\/p>\n<p>Os \u00faltimos compromissos do vice-presidente ser\u00e3o uma s\u00e9rie de reuni\u00f5es com empres\u00e1rios mexicanos e a participa\u00e7\u00e3o em um evento da Associa\u00e7\u00e3o Brasileira de Prote\u00edna Animal.<\/p>\n<p>Al\u00e9m de Alckmin, a comitiva brasileira ter\u00e1 ainda:<\/p>\n<ul>\n<li>Carlos F\u00e1varo, ministro da Agricultura e Pecu\u00e1ria,;<\/li>\n<li>Simone Tebet, ministra do Planejamento e Or\u00e7amento;<\/li>\n<li>Maria Laura da Rocha, secret\u00e1ria-geral do Minist\u00e9rio das Rela\u00e7\u00f5es Exteriores;<\/li>\n<li>Jorge Viana, presidente da ApexBrasil;<\/li>\n<li>Edegar Pretto, presidente da Companhia Nacional de Abastecimento (Conab);<\/li>\n<li>Leandro Safatle, presidente Ag\u00eancia Nacional de Vigil\u00e2ncia Sanit\u00e1ria (Anvisa);<\/li>\n<li>representantes do Minist\u00e9rio da Sa\u00fade, Fiocruz e Instituto Butantan, da Confedera\u00e7\u00e3o Nacional da Ind\u00fastria (CNI) e empres\u00e1rios.<\/li>\n<\/ul><\/div>\n<p><script>\n  window.fbAsyncInit = function() {\n      FB.init({\n              appId : '1447052969554341',\n          xfbml : true,\n          version : 'v2.9'\n      });\n  };\n  (function(d, s, id){\n     var js, fjs = d.getElementsByTagName(s)[0];\n     if (d.getElementById(id)) {return;}\n     js = d.createElement(s); js.id = id;\n     js.src = \"https:\/\/connect.facebook.net\/en_US\/sdk.js\";\n     fjs.parentNode.insertBefore(js, fjs);\n   }(document, 'script', 'facebook-jssdk'));\n<\/script><\/p>\n","protected":false},"excerpt":{"rendered":"<p>O vice-presidente e ministro da Ind\u00fastria e Com\u00e9rcio, Geraldo Alckmin (PSB), embarcou na tarde desta ter\u00e7a-feira (26) para o M\u00e9xico, onde far\u00e1 uma miss\u00e3o oficial como parte do esfor\u00e7o do governo para abrir novos mercados aos produtos brasileiros ap\u00f3s o tarifa\u00e7o dos Estados Unidos. Na Cidade do M\u00e9xico, Alckmin ter\u00e1 na quarta-feira (27) um caf\u00e9&#8230;<\/p>\n","protected":false},"author":2,"featured_media":4880,"comment_status":"open","ping_status":"open","sticky":false,"template":"","format":"standard","meta":{"footnotes":""},"categories":[24],"tags":[],"class_list":["post-4879","post","type-post","status-publish","format-standard","has-post-thumbnail","hentry","category-politica"],"yoast_head":"<!-- This site is optimized with the Yoast SEO plugin v27.3 - https:\/\/yoast.com\/product\/yoast-seo-wordpress\/ -->\n<title>Alckmin embarca para o M\u00e9xico com foco em abrir mercado ap\u00f3s tarifa\u00e7o dos EUA -<\/title>\n<meta name=\"robots\" content=\"index, follow, max-snippet:-1, max-image-preview:large, max-video-preview:-1\" \/>\n<link rel=\"canonical\" href=\"https:\/\/oficialnoticias.com\/?p=4879\" \/>\n<meta property=\"og:locale\" content=\"pt_BR\" \/>\n<meta property=\"og:type\" content=\"article\" \/>\n<meta property=\"og:title\" content=\"Alckmin embarca para o M\u00e9xico com foco em abrir mercado ap\u00f3s tarifa\u00e7o dos EUA -\" \/>\n<meta property=\"og:description\" content=\"O vice-presidente e ministro da Ind\u00fastria e Com\u00e9rcio, Geraldo Alckmin (PSB), embarcou na tarde desta ter\u00e7a-feira (26) para o M\u00e9xico, onde far\u00e1 uma miss\u00e3o oficial como parte do esfor\u00e7o do governo para abrir novos mercados aos produtos brasileiros ap\u00f3s o tarifa\u00e7o dos Estados Unidos. Na Cidade do M\u00e9xico, Alckmin ter\u00e1 na quarta-feira (27) um caf\u00e9...\" \/>\n<meta property=\"og:url\" content=\"https:\/\/oficialnoticias.com\/?p=4879\" \/>\n<meta property=\"article:published_time\" content=\"2025-08-26T19:51:25+00:00\" \/>\n<meta property=\"article:modified_time\" content=\"2025-08-26T19:51:29+00:00\" \/>\n<meta property=\"og:image\" content=\"https:\/\/oficialnoticias.com\/wp-content\/uploads\/2025\/08\/urlhttps3A2F2Fk2-prod-radio-itatiaia.s3.us-east-1.amazonaws.com2Fbrightspot2Fda2Fd02Fec6385.webp\" \/>\n\t<meta property=\"og:image:width\" content=\"1200\" \/>\n\t<meta property=\"og:image:height\" content=\"630\" \/>\n\t<meta property=\"og:image:type\" content=\"image\/webp\" \/>\n<meta name=\"author\" content=\"Luana Gon\u00e7alves\" \/>\n<meta name=\"twitter:card\" content=\"summary_large_image\" \/>\n<meta name=\"twitter:label1\" content=\"Escrito por\" \/>\n\t<meta name=\"twitter:data1\" content=\"Luana Gon\u00e7alves\" \/>\n\t<meta name=\"twitter:label2\" content=\"Est. tempo de leitura\" \/>\n\t<meta name=\"twitter:data2\" content=\"2 minutos\" \/>\n<script type=\"application\/ld+json\" class=\"yoast-schema-graph\">{\"@context\":\"https:\\\/\\\/schema.org\",\"@graph\":[{\"@type\":\"Article\",\"@id\":\"https:\\\/\\\/oficialnoticias.com\\\/?p=4879#article\",\"isPartOf\":{\"@id\":\"https:\\\/\\\/oficialnoticias.com\\\/?p=4879\"},\"author\":{\"name\":\"Luana Gon\u00e7alves\",\"@id\":\"https:\\\/\\\/oficialnoticias.com\\\/#\\\/schema\\\/person\\\/2d1dcbb6bfbc28d68171b4dc04723d4a\"},\"headline\":\"Alckmin embarca para o M\u00e9xico com foco em abrir mercado ap\u00f3s tarifa\u00e7o dos EUA\",\"datePublished\":\"2025-08-26T19:51:25+00:00\",\"dateModified\":\"2025-08-26T19:51:29+00:00\",\"mainEntityOfPage\":{\"@id\":\"https:\\\/\\\/oficialnoticias.com\\\/?p=4879\"},\"wordCount\":389,\"commentCount\":0,\"publisher\":{\"@id\":\"https:\\\/\\\/oficialnoticias.com\\\/#organization\"},\"image\":{\"@id\":\"https:\\\/\\\/oficialnoticias.com\\\/?p=4879#primaryimage\"},\"thumbnailUrl\":\"https:\\\/\\\/oficialnoticias.com\\\/wp-content\\\/uploads\\\/2025\\\/08\\\/urlhttps3A2F2Fk2-prod-radio-itatiaia.s3.us-east-1.amazonaws.com2Fbrightspot2Fda2Fd02Fec6385.webp\",\"articleSection\":[\"Politica\"],\"inLanguage\":\"pt-BR\",\"potentialAction\":[{\"@type\":\"CommentAction\",\"name\":\"Comment\",\"target\":[\"https:\\\/\\\/oficialnoticias.com\\\/?p=4879#respond\"]}]},{\"@type\":\"WebPage\",\"@id\":\"https:\\\/\\\/oficialnoticias.com\\\/?p=4879\",\"url\":\"https:\\\/\\\/oficialnoticias.com\\\/?p=4879\",\"name\":\"Alckmin embarca para o M\u00e9xico com foco em abrir mercado ap\u00f3s tarifa\u00e7o dos EUA -\",\"isPartOf\":{\"@id\":\"https:\\\/\\\/oficialnoticias.com\\\/#website\"},\"primaryImageOfPage\":{\"@id\":\"https:\\\/\\\/oficialnoticias.com\\\/?p=4879#primaryimage\"},\"image\":{\"@id\":\"https:\\\/\\\/oficialnoticias.com\\\/?p=4879#primaryimage\"},\"thumbnailUrl\":\"https:\\\/\\\/oficialnoticias.com\\\/wp-content\\\/uploads\\\/2025\\\/08\\\/urlhttps3A2F2Fk2-prod-radio-itatiaia.s3.us-east-1.amazonaws.com2Fbrightspot2Fda2Fd02Fec6385.webp\",\"datePublished\":\"2025-08-26T19:51:25+00:00\",\"dateModified\":\"2025-08-26T19:51:29+00:00\",\"breadcrumb\":{\"@id\":\"https:\\\/\\\/oficialnoticias.com\\\/?p=4879#breadcrumb\"},\"inLanguage\":\"pt-BR\",\"potentialAction\":[{\"@type\":\"ReadAction\",\"target\":[\"https:\\\/\\\/oficialnoticias.com\\\/?p=4879\"]}]},{\"@type\":\"ImageObject\",\"inLanguage\":\"pt-BR\",\"@id\":\"https:\\\/\\\/oficialnoticias.com\\\/?p=4879#primaryimage\",\"url\":\"https:\\\/\\\/oficialnoticias.com\\\/wp-content\\\/uploads\\\/2025\\\/08\\\/urlhttps3A2F2Fk2-prod-radio-itatiaia.s3.us-east-1.amazonaws.com2Fbrightspot2Fda2Fd02Fec6385.webp\",\"contentUrl\":\"https:\\\/\\\/oficialnoticias.com\\\/wp-content\\\/uploads\\\/2025\\\/08\\\/urlhttps3A2F2Fk2-prod-radio-itatiaia.s3.us-east-1.amazonaws.com2Fbrightspot2Fda2Fd02Fec6385.webp\",\"width\":1200,\"height\":630},{\"@type\":\"BreadcrumbList\",\"@id\":\"https:\\\/\\\/oficialnoticias.com\\\/?p=4879#breadcrumb\",\"itemListElement\":[{\"@type\":\"ListItem\",\"position\":1,\"name\":\"In\u00edcio\",\"item\":\"https:\\\/\\\/oficialnoticias.com\\\/\"},{\"@type\":\"ListItem\",\"position\":2,\"name\":\"Alckmin embarca para o M\u00e9xico com foco em abrir mercado ap\u00f3s tarifa\u00e7o dos EUA\"}]},{\"@type\":\"WebSite\",\"@id\":\"https:\\\/\\\/oficialnoticias.com\\\/#website\",\"url\":\"https:\\\/\\\/oficialnoticias.com\\\/\",\"name\":\"oficial Noticias\",\"description\":\"\",\"publisher\":{\"@id\":\"https:\\\/\\\/oficialnoticias.com\\\/#organization\"},\"potentialAction\":[{\"@type\":\"SearchAction\",\"target\":{\"@type\":\"EntryPoint\",\"urlTemplate\":\"https:\\\/\\\/oficialnoticias.com\\\/?s={search_term_string}\"},\"query-input\":{\"@type\":\"PropertyValueSpecification\",\"valueRequired\":true,\"valueName\":\"search_term_string\"}}],\"inLanguage\":\"pt-BR\"},{\"@type\":\"Organization\",\"@id\":\"https:\\\/\\\/oficialnoticias.com\\\/#organization\",\"name\":\"oficial noticias\",\"url\":\"https:\\\/\\\/oficialnoticias.com\\\/\",\"logo\":{\"@type\":\"ImageObject\",\"inLanguage\":\"pt-BR\",\"@id\":\"https:\\\/\\\/oficialnoticias.com\\\/#\\\/schema\\\/logo\\\/image\\\/\",\"url\":\"https:\\\/\\\/oficialnoticias.com\\\/wp-content\\\/uploads\\\/2025\\\/08\\\/cropped-cropped-cropped-Logo-Noticias-e1753639739829.png\",\"contentUrl\":\"https:\\\/\\\/oficialnoticias.com\\\/wp-content\\\/uploads\\\/2025\\\/08\\\/cropped-cropped-cropped-Logo-Noticias-e1753639739829.png\",\"width\":119,\"height\":86,\"caption\":\"oficial noticias\"},\"image\":{\"@id\":\"https:\\\/\\\/oficialnoticias.com\\\/#\\\/schema\\\/logo\\\/image\\\/\"}},{\"@type\":\"Person\",\"@id\":\"https:\\\/\\\/oficialnoticias.com\\\/#\\\/schema\\\/person\\\/2d1dcbb6bfbc28d68171b4dc04723d4a\",\"name\":\"Luana Gon\u00e7alves\",\"image\":{\"@type\":\"ImageObject\",\"inLanguage\":\"pt-BR\",\"@id\":\"https:\\\/\\\/secure.gravatar.com\\\/avatar\\\/7aa6afdef873224c1a0265951f3fdfc0679f65dfbd15f018612595d323c52521?s=96&d=mm&r=g\",\"url\":\"https:\\\/\\\/secure.gravatar.com\\\/avatar\\\/7aa6afdef873224c1a0265951f3fdfc0679f65dfbd15f018612595d323c52521?s=96&d=mm&r=g\",\"contentUrl\":\"https:\\\/\\\/secure.gravatar.com\\\/avatar\\\/7aa6afdef873224c1a0265951f3fdfc0679f65dfbd15f018612595d323c52521?s=96&d=mm&r=g\",\"caption\":\"Luana Gon\u00e7alves\"},\"sameAs\":[\"https:\\\/\\\/oficialnoticias.com\\\/\"],\"url\":\"https:\\\/\\\/oficialnoticias.com\\\/?author=2\"}]}<\/script>\n<!-- \/ Yoast SEO plugin. -->","yoast_head_json":{"title":"Alckmin embarca para o M\u00e9xico com foco em abrir mercado ap\u00f3s tarifa\u00e7o dos EUA -","robots":{"index":"index","follow":"follow","max-snippet":"max-snippet:-1","max-image-preview":"max-image-preview:large","max-video-preview":"max-video-preview:-1"},"canonical":"https:\/\/oficialnoticias.com\/?p=4879","og_locale":"pt_BR","og_type":"article","og_title":"Alckmin embarca para o M\u00e9xico com foco em abrir mercado ap\u00f3s tarifa\u00e7o dos EUA -","og_description":"O vice-presidente e ministro da Ind\u00fastria e Com\u00e9rcio, Geraldo Alckmin (PSB), embarcou na tarde desta ter\u00e7a-feira (26) para o M\u00e9xico, onde far\u00e1 uma miss\u00e3o oficial como parte do esfor\u00e7o do governo para abrir novos mercados aos produtos brasileiros ap\u00f3s o tarifa\u00e7o dos Estados Unidos. Na Cidade do M\u00e9xico, Alckmin ter\u00e1 na quarta-feira (27) um caf\u00e9...","og_url":"https:\/\/oficialnoticias.com\/?p=4879","article_published_time":"2025-08-26T19:51:25+00:00","article_modified_time":"2025-08-26T19:51:29+00:00","og_image":[{"width":1200,"height":630,"url":"https:\/\/oficialnoticias.com\/wp-content\/uploads\/2025\/08\/urlhttps3A2F2Fk2-prod-radio-itatiaia.s3.us-east-1.amazonaws.com2Fbrightspot2Fda2Fd02Fec6385.webp","type":"image\/webp"}],"author":"Luana Gon\u00e7alves","twitter_card":"summary_large_image","twitter_misc":{"Escrito por":"Luana Gon\u00e7alves","Est. tempo de leitura":"2 minutos"},"schema":{"@context":"https:\/\/schema.org","@graph":[{"@type":"Article","@id":"https:\/\/oficialnoticias.com\/?p=4879#article","isPartOf":{"@id":"https:\/\/oficialnoticias.com\/?p=4879"},"author":{"name":"Luana Gon\u00e7alves","@id":"https:\/\/oficialnoticias.com\/#\/schema\/person\/2d1dcbb6bfbc28d68171b4dc04723d4a"},"headline":"Alckmin embarca para o M\u00e9xico com foco em abrir mercado ap\u00f3s tarifa\u00e7o dos EUA","datePublished":"2025-08-26T19:51:25+00:00","dateModified":"2025-08-26T19:51:29+00:00","mainEntityOfPage":{"@id":"https:\/\/oficialnoticias.com\/?p=4879"},"wordCount":389,"commentCount":0,"publisher":{"@id":"https:\/\/oficialnoticias.com\/#organization"},"image":{"@id":"https:\/\/oficialnoticias.com\/?p=4879#primaryimage"},"thumbnailUrl":"https:\/\/oficialnoticias.com\/wp-content\/uploads\/2025\/08\/urlhttps3A2F2Fk2-prod-radio-itatiaia.s3.us-east-1.amazonaws.com2Fbrightspot2Fda2Fd02Fec6385.webp","articleSection":["Politica"],"inLanguage":"pt-BR","potentialAction":[{"@type":"CommentAction","name":"Comment","target":["https:\/\/oficialnoticias.com\/?p=4879#respond"]}]},{"@type":"WebPage","@id":"https:\/\/oficialnoticias.com\/?p=4879","url":"https:\/\/oficialnoticias.com\/?p=4879","name":"Alckmin embarca para o M\u00e9xico com foco em abrir mercado ap\u00f3s tarifa\u00e7o dos EUA -","isPartOf":{"@id":"https:\/\/oficialnoticias.com\/#website"},"primaryImageOfPage":{"@id":"https:\/\/oficialnoticias.com\/?p=4879#primaryimage"},"image":{"@id":"https:\/\/oficialnoticias.com\/?p=4879#primaryimage"},"thumbnailUrl":"https:\/\/oficialnoticias.com\/wp-content\/uploads\/2025\/08\/urlhttps3A2F2Fk2-prod-radio-itatiaia.s3.us-east-1.amazonaws.com2Fbrightspot2Fda2Fd02Fec6385.webp","datePublished":"2025-08-26T19:51:25+00:00","dateModified":"2025-08-26T19:51:29+00:00","breadcrumb":{"@id":"https:\/\/oficialnoticias.com\/?p=4879#breadcrumb"},"inLanguage":"pt-BR","potentialAction":[{"@type":"ReadAction","target":["https:\/\/oficialnoticias.com\/?p=4879"]}]},{"@type":"ImageObject","inLanguage":"pt-BR","@id":"https:\/\/oficialnoticias.com\/?p=4879#primaryimage","url":"https:\/\/oficialnoticias.com\/wp-content\/uploads\/2025\/08\/urlhttps3A2F2Fk2-prod-radio-itatiaia.s3.us-east-1.amazonaws.com2Fbrightspot2Fda2Fd02Fec6385.webp","contentUrl":"https:\/\/oficialnoticias.com\/wp-content\/uploads\/2025\/08\/urlhttps3A2F2Fk2-prod-radio-itatiaia.s3.us-east-1.amazonaws.com2Fbrightspot2Fda2Fd02Fec6385.webp","width":1200,"height":630},{"@type":"BreadcrumbList","@id":"https:\/\/oficialnoticias.com\/?p=4879#breadcrumb","itemListElement":[{"@type":"ListItem","position":1,"name":"In\u00edcio","item":"https:\/\/oficialnoticias.com\/"},{"@type":"ListItem","position":2,"name":"Alckmin embarca para o M\u00e9xico com foco em abrir mercado ap\u00f3s tarifa\u00e7o dos EUA"}]},{"@type":"WebSite","@id":"https:\/\/oficialnoticias.com\/#website","url":"https:\/\/oficialnoticias.com\/","name":"oficial Noticias","description":"","publisher":{"@id":"https:\/\/oficialnoticias.com\/#organization"},"potentialAction":[{"@type":"SearchAction","target":{"@type":"EntryPoint","urlTemplate":"https:\/\/oficialnoticias.com\/?s={search_term_string}"},"query-input":{"@type":"PropertyValueSpecification","valueRequired":true,"valueName":"search_term_string"}}],"inLanguage":"pt-BR"},{"@type":"Organization","@id":"https:\/\/oficialnoticias.com\/#organization","name":"oficial noticias","url":"https:\/\/oficialnoticias.com\/","logo":{"@type":"ImageObject","inLanguage":"pt-BR","@id":"https:\/\/oficialnoticias.com\/#\/schema\/logo\/image\/","url":"https:\/\/oficialnoticias.com\/wp-content\/uploads\/2025\/08\/cropped-cropped-cropped-Logo-Noticias-e1753639739829.png","contentUrl":"https:\/\/oficialnoticias.com\/wp-content\/uploads\/2025\/08\/cropped-cropped-cropped-Logo-Noticias-e1753639739829.png","width":119,"height":86,"caption":"oficial noticias"},"image":{"@id":"https:\/\/oficialnoticias.com\/#\/schema\/logo\/image\/"}},{"@type":"Person","@id":"https:\/\/oficialnoticias.com\/#\/schema\/person\/2d1dcbb6bfbc28d68171b4dc04723d4a","name":"Luana Gon\u00e7alves","image":{"@type":"ImageObject","inLanguage":"pt-BR","@id":"https:\/\/secure.gravatar.com\/avatar\/7aa6afdef873224c1a0265951f3fdfc0679f65dfbd15f018612595d323c52521?s=96&d=mm&r=g","url":"https:\/\/secure.gravatar.com\/avatar\/7aa6afdef873224c1a0265951f3fdfc0679f65dfbd15f018612595d323c52521?s=96&d=mm&r=g","contentUrl":"https:\/\/secure.gravatar.com\/avatar\/7aa6afdef873224c1a0265951f3fdfc0679f65dfbd15f018612595d323c52521?s=96&d=mm&r=g","caption":"Luana Gon\u00e7alves"},"sameAs":["https:\/\/oficialnoticias.com\/"],"url":"https:\/\/oficialnoticias.com\/?author=2"}]}},"_links":{"self":[{"href":"https:\/\/oficialnoticias.com\/index.php?rest_route=\/wp\/v2\/posts\/4879","targetHints":{"allow":["GET"]}}],"collection":[{"href":"https:\/\/oficialnoticias.com\/index.php?rest_route=\/wp\/v2\/posts"}],"about":[{"href":"https:\/\/oficialnoticias.com\/index.php?rest_route=\/wp\/v2\/types\/post"}],"author":[{"embeddable":true,"href":"https:\/\/oficialnoticias.com\/index.php?rest_route=\/wp\/v2\/users\/2"}],"replies":[{"embeddable":true,"href":"https:\/\/oficialnoticias.com\/index.php?rest_route=%2Fwp%2Fv2%2Fcomments&post=4879"}],"version-history":[{"count":1,"href":"https:\/\/oficialnoticias.com\/index.php?rest_route=\/wp\/v2\/posts\/4879\/revisions"}],"predecessor-version":[{"id":4881,"href":"https:\/\/oficialnoticias.com\/index.php?rest_route=\/wp\/v2\/posts\/4879\/revisions\/4881"}],"wp:featuredmedia":[{"embeddable":true,"href":"https:\/\/oficialnoticias.com\/index.php?rest_route=\/wp\/v2\/media\/4880"}],"wp:attachment":[{"href":"https:\/\/oficialnoticias.com\/index.php?rest_route=%2Fwp%2Fv2%2Fmedia&parent=4879"}],"wp:term":[{"taxonomy":"category","embeddable":true,"href":"https:\/\/oficialnoticias.com\/index.php?rest_route=%2Fwp%2Fv2%2Fcategories&post=4879"},{"taxonomy":"post_tag","embeddable":true,"href":"https:\/\/oficialnoticias.com\/index.php?rest_route=%2Fwp%2Fv2%2Ftags&post=4879"}],"curies":[{"name":"wp","href":"https:\/\/api.w.org\/{rel}","templated":true}]}}