{"id":465,"date":"2025-08-05T03:43:36","date_gmt":"2025-08-05T06:43:36","guid":{"rendered":"https:\/\/oficialnoticias.com\/?p=465"},"modified":"2025-08-05T03:43:41","modified_gmt":"2025-08-05T06:43:41","slug":"cuiaba-vence-volta-redonda-cola-no-g4-da-serie-b-e-mantem-america-fora-do-z4","status":"publish","type":"post","link":"https:\/\/oficialnoticias.com\/?p=465","title":{"rendered":"Cuiab\u00e1 vence Volta Redonda, cola no G4 da S\u00e9rie B e mant\u00e9m Am\u00e9rica fora do Z4"},"content":{"rendered":"<p><\/p>\n<div>\n<p>O Cuiab\u00e1 venceu o Volta Redonda por 2 a 0 na noite desta segunda-feira (4), na Arena Pantanal, em Cuiab\u00e1. A partida fechou a 20\u00aa rodada da <bsp-link-enhancement><br \/>\n    <span class=\"LinkEnhancement\"><a class=\"Link\" href=\"https:\/\/www.itatiaia.com.br\/esportes\/futebol\/futebol-nacional\/brasileirao-serie-b\" title=\"&lt;b&gt;S\u00e9rie B do Campeonato Brasileiro&lt;\/b&gt;\"><b>S\u00e9rie B do Campeonato Brasileiro<\/b><\/a><\/span><\/bsp-link-enhancement>. Os gols da partida foram marcados por Alisson Safira, de p\u00eanalti, e Alejandro Mart\u00ednez, que fez sua estreia pelo time cuiabano.<\/p>\n<p>Com o resultado, o Cuiab\u00e1 encostou no G4, pulando duas posi\u00e7\u00f5es e chegando \u00e0 quinta coloca\u00e7\u00e3o, com 31 pontos, apenas dois a menos que a Chapecoense, que abre o grupo dos quatro primeiros colocados, que garantem o acesso \u00e0 elite do futebol brasileiro.<\/p>\n<p>O Volta Redonda, por outro lado, desceu uma posi\u00e7\u00e3o e agora est\u00e1 na zona de rebaixamento, na 17\u00aa coloca\u00e7\u00e3o, com 21 pontos. O resultado da partida, inclusive, ajudou o Am\u00e9rica, que segue fora do Z4, na 16\u00aa posi\u00e7\u00e3o, tamb\u00e9m com 21. O <bsp-link-enhancement><br \/>\n    <span class=\"LinkEnhancement\"><a class=\"Link\" href=\"https:\/\/www.itatiaia.com.br\/esportes\/futebol\/futebol-nacional\/futebol-mineiro\/america\" title=\"&lt;b&gt;Coelho&lt;\/b&gt;\"><b>Coelho<\/b><\/a><\/span><\/bsp-link-enhancement> supera o time carioca pelo n\u00famero de vit\u00f3rias (6 a 5).<\/p>\n<p>Na pr\u00f3xima rodada, o Volta Redonda recebe o Novorizontino no s\u00e1bado (9), \u00e0s 20h30 (hor\u00e1rio de Bras\u00edlia), na Est\u00e1dio Municipal General Raulino de Oliveira, em Volta Redonda. J\u00e1 o Cuiab\u00e1 visita o Ava\u00ed no domingo (10), \u00e0s 16h (hor\u00e1rio de Bras\u00edlia), na Ressacada, em Florian\u00f3polis.<\/p>\n<p><bsp-list-loadmore class=\"PageListStandardG\" data-module=\"\" data-show-loadmore=\"true\" data-list-title-size=\"3\" data-list-description-size=\"3\"><\/p>\n<p>    <a class=\"AnchorLink\" title=\"leia-tambem\" name=\"leia-tambem\"\/><\/p>\n<p><\/bsp-list-loadmore><\/p><\/div>\n<p><script>\n  window.fbAsyncInit = function() {\n      FB.init({\n              appId : '1447052969554341',\n          xfbml : true,\n          version : 'v2.9'\n      });\n  };\n  (function(d, s, id){\n     var js, fjs = d.getElementsByTagName(s)[0];\n     if (d.getElementById(id)) {return;}\n     js = d.createElement(s); js.id = id;\n     js.src = \"https:\/\/connect.facebook.net\/en_US\/sdk.js\";\n     fjs.parentNode.insertBefore(js, fjs);\n   }(document, 'script', 'facebook-jssdk'));\n<\/script><\/p>\n","protected":false},"excerpt":{"rendered":"<p>O Cuiab\u00e1 venceu o Volta Redonda por 2 a 0 na noite desta segunda-feira (4), na Arena Pantanal, em Cuiab\u00e1. A partida fechou a 20\u00aa rodada da S\u00e9rie B do Campeonato Brasileiro. Os gols da partida foram marcados por Alisson Safira, de p\u00eanalti, e Alejandro Mart\u00ednez, que fez sua estreia pelo time cuiabano. Com o&#8230;<\/p>\n","protected":false},"author":1,"featured_media":466,"comment_status":"open","ping_status":"open","sticky":false,"template":"","format":"standard","meta":{"footnotes":""},"categories":[4],"tags":[],"class_list":["post-465","post","type-post","status-publish","format-standard","has-post-thumbnail","hentry","category-sports"],"yoast_head":"<!-- This site is optimized with the Yoast SEO plugin v28.1 - https:\/\/yoast.com\/product\/yoast-seo-wordpress\/ -->\n<title>Cuiab\u00e1 vence Volta Redonda, cola no G4 da S\u00e9rie B e mant\u00e9m Am\u00e9rica fora do Z4 -<\/title>\n<meta name=\"robots\" content=\"index, follow, max-snippet:-1, max-image-preview:large, max-video-preview:-1\" \/>\n<link rel=\"canonical\" href=\"https:\/\/oficialnoticias.com\/?p=465\" \/>\n<meta property=\"og:locale\" content=\"pt_BR\" \/>\n<meta property=\"og:type\" content=\"article\" \/>\n<meta property=\"og:title\" content=\"Cuiab\u00e1 vence Volta Redonda, cola no G4 da S\u00e9rie B e mant\u00e9m Am\u00e9rica fora do Z4 -\" \/>\n<meta property=\"og:description\" content=\"O Cuiab\u00e1 venceu o Volta Redonda por 2 a 0 na noite desta segunda-feira (4), na Arena Pantanal, em Cuiab\u00e1. A partida fechou a 20\u00aa rodada da S\u00e9rie B do Campeonato Brasileiro. Os gols da partida foram marcados por Alisson Safira, de p\u00eanalti, e Alejandro Mart\u00ednez, que fez sua estreia pelo time cuiabano. Com o...\" \/>\n<meta property=\"og:url\" content=\"https:\/\/oficialnoticias.com\/?p=465\" \/>\n<meta property=\"article:published_time\" content=\"2025-08-05T06:43:36+00:00\" \/>\n<meta property=\"article:modified_time\" content=\"2025-08-05T06:43:41+00:00\" \/>\n<meta property=\"og:image\" content=\"https:\/\/oficialnoticias.com\/wp-content\/uploads\/2025\/08\/urlhttps3A2F2Fk2-prod-radio-itatiaia.s3.us-east-1.amazonaws.com2Fbrightspot2F652F082F08091a.webp\" \/>\n\t<meta property=\"og:image:width\" content=\"1200\" \/>\n\t<meta property=\"og:image:height\" content=\"630\" \/>\n\t<meta property=\"og:image:type\" content=\"image\/webp\" \/>\n<meta name=\"author\" content=\"fcesarpacheco@gmail.com\" \/>\n<meta name=\"twitter:card\" content=\"summary_large_image\" \/>\n<meta name=\"twitter:label1\" content=\"Escrito por\" \/>\n\t<meta name=\"twitter:data1\" content=\"fcesarpacheco@gmail.com\" \/>\n\t<meta name=\"twitter:label2\" content=\"Est. tempo de leitura\" \/>\n\t<meta name=\"twitter:data2\" content=\"1 minuto\" \/>\n<script type=\"application\/ld+json\" class=\"yoast-schema-graph\">{\"@context\":\"https:\\\/\\\/schema.org\",\"@graph\":[{\"@type\":\"Article\",\"@id\":\"https:\\\/\\\/oficialnoticias.com\\\/?p=465#article\",\"isPartOf\":{\"@id\":\"https:\\\/\\\/oficialnoticias.com\\\/?p=465\"},\"author\":{\"name\":\"fcesarpacheco@gmail.com\",\"@id\":\"https:\\\/\\\/oficialnoticias.com\\\/#\\\/schema\\\/person\\\/e4e04174739e78c93161c78c3aec8fb4\"},\"headline\":\"Cuiab\u00e1 vence Volta Redonda, cola no G4 da S\u00e9rie B e mant\u00e9m Am\u00e9rica fora do Z4\",\"datePublished\":\"2025-08-05T06:43:36+00:00\",\"dateModified\":\"2025-08-05T06:43:41+00:00\",\"mainEntityOfPage\":{\"@id\":\"https:\\\/\\\/oficialnoticias.com\\\/?p=465\"},\"wordCount\":219,\"commentCount\":0,\"publisher\":{\"@id\":\"https:\\\/\\\/oficialnoticias.com\\\/#organization\"},\"image\":{\"@id\":\"https:\\\/\\\/oficialnoticias.com\\\/?p=465#primaryimage\"},\"thumbnailUrl\":\"https:\\\/\\\/oficialnoticias.com\\\/wp-content\\\/uploads\\\/2025\\\/08\\\/urlhttps3A2F2Fk2-prod-radio-itatiaia.s3.us-east-1.amazonaws.com2Fbrightspot2F652F082F08091a.webp\",\"articleSection\":[\"Esporte\"],\"inLanguage\":\"pt-BR\",\"potentialAction\":[{\"@type\":\"CommentAction\",\"name\":\"Comment\",\"target\":[\"https:\\\/\\\/oficialnoticias.com\\\/?p=465#respond\"]}]},{\"@type\":\"WebPage\",\"@id\":\"https:\\\/\\\/oficialnoticias.com\\\/?p=465\",\"url\":\"https:\\\/\\\/oficialnoticias.com\\\/?p=465\",\"name\":\"Cuiab\u00e1 vence Volta Redonda, cola no G4 da S\u00e9rie B e mant\u00e9m Am\u00e9rica fora do Z4 -\",\"isPartOf\":{\"@id\":\"https:\\\/\\\/oficialnoticias.com\\\/#website\"},\"primaryImageOfPage\":{\"@id\":\"https:\\\/\\\/oficialnoticias.com\\\/?p=465#primaryimage\"},\"image\":{\"@id\":\"https:\\\/\\\/oficialnoticias.com\\\/?p=465#primaryimage\"},\"thumbnailUrl\":\"https:\\\/\\\/oficialnoticias.com\\\/wp-content\\\/uploads\\\/2025\\\/08\\\/urlhttps3A2F2Fk2-prod-radio-itatiaia.s3.us-east-1.amazonaws.com2Fbrightspot2F652F082F08091a.webp\",\"datePublished\":\"2025-08-05T06:43:36+00:00\",\"dateModified\":\"2025-08-05T06:43:41+00:00\",\"breadcrumb\":{\"@id\":\"https:\\\/\\\/oficialnoticias.com\\\/?p=465#breadcrumb\"},\"inLanguage\":\"pt-BR\",\"potentialAction\":[{\"@type\":\"ReadAction\",\"target\":[\"https:\\\/\\\/oficialnoticias.com\\\/?p=465\"]}]},{\"@type\":\"ImageObject\",\"inLanguage\":\"pt-BR\",\"@id\":\"https:\\\/\\\/oficialnoticias.com\\\/?p=465#primaryimage\",\"url\":\"https:\\\/\\\/oficialnoticias.com\\\/wp-content\\\/uploads\\\/2025\\\/08\\\/urlhttps3A2F2Fk2-prod-radio-itatiaia.s3.us-east-1.amazonaws.com2Fbrightspot2F652F082F08091a.webp\",\"contentUrl\":\"https:\\\/\\\/oficialnoticias.com\\\/wp-content\\\/uploads\\\/2025\\\/08\\\/urlhttps3A2F2Fk2-prod-radio-itatiaia.s3.us-east-1.amazonaws.com2Fbrightspot2F652F082F08091a.webp\",\"width\":1200,\"height\":630},{\"@type\":\"BreadcrumbList\",\"@id\":\"https:\\\/\\\/oficialnoticias.com\\\/?p=465#breadcrumb\",\"itemListElement\":[{\"@type\":\"ListItem\",\"position\":1,\"name\":\"In\u00edcio\",\"item\":\"https:\\\/\\\/oficialnoticias.com\\\/\"},{\"@type\":\"ListItem\",\"position\":2,\"name\":\"Cuiab\u00e1 vence Volta Redonda, cola no G4 da S\u00e9rie B e mant\u00e9m Am\u00e9rica fora do Z4\"}]},{\"@type\":\"WebSite\",\"@id\":\"https:\\\/\\\/oficialnoticias.com\\\/#website\",\"url\":\"https:\\\/\\\/oficialnoticias.com\\\/\",\"name\":\"oficial Noticias\",\"description\":\"\",\"publisher\":{\"@id\":\"https:\\\/\\\/oficialnoticias.com\\\/#organization\"},\"potentialAction\":[{\"@type\":\"SearchAction\",\"target\":{\"@type\":\"EntryPoint\",\"urlTemplate\":\"https:\\\/\\\/oficialnoticias.com\\\/?s={search_term_string}\"},\"query-input\":{\"@type\":\"PropertyValueSpecification\",\"valueRequired\":true,\"valueName\":\"search_term_string\"}}],\"inLanguage\":\"pt-BR\"},{\"@type\":\"Organization\",\"@id\":\"https:\\\/\\\/oficialnoticias.com\\\/#organization\",\"name\":\"oficial noticias\",\"url\":\"https:\\\/\\\/oficialnoticias.com\\\/\",\"logo\":{\"@type\":\"ImageObject\",\"inLanguage\":\"pt-BR\",\"@id\":\"https:\\\/\\\/oficialnoticias.com\\\/#\\\/schema\\\/logo\\\/image\\\/\",\"url\":\"https:\\\/\\\/oficialnoticias.com\\\/wp-content\\\/uploads\\\/2025\\\/08\\\/cropped-cropped-cropped-Logo-Noticias-e1753639739829.png\",\"contentUrl\":\"https:\\\/\\\/oficialnoticias.com\\\/wp-content\\\/uploads\\\/2025\\\/08\\\/cropped-cropped-cropped-Logo-Noticias-e1753639739829.png\",\"width\":119,\"height\":86,\"caption\":\"oficial noticias\"},\"image\":{\"@id\":\"https:\\\/\\\/oficialnoticias.com\\\/#\\\/schema\\\/logo\\\/image\\\/\"}},{\"@type\":\"Person\",\"@id\":\"https:\\\/\\\/oficialnoticias.com\\\/#\\\/schema\\\/person\\\/e4e04174739e78c93161c78c3aec8fb4\",\"name\":\"fcesarpacheco@gmail.com\",\"image\":{\"@type\":\"ImageObject\",\"inLanguage\":\"pt-BR\",\"@id\":\"https:\\\/\\\/secure.gravatar.com\\\/avatar\\\/240384b03dd3308a3ba0976f2f7fdc2beecdbc663f013481c95d52302b723a4a?s=96&d=mm&r=g\",\"url\":\"https:\\\/\\\/secure.gravatar.com\\\/avatar\\\/240384b03dd3308a3ba0976f2f7fdc2beecdbc663f013481c95d52302b723a4a?s=96&d=mm&r=g\",\"contentUrl\":\"https:\\\/\\\/secure.gravatar.com\\\/avatar\\\/240384b03dd3308a3ba0976f2f7fdc2beecdbc663f013481c95d52302b723a4a?s=96&d=mm&r=g\",\"caption\":\"fcesarpacheco@gmail.com\"},\"sameAs\":[\"https:\\\/\\\/oficialnoticias.com\"],\"url\":\"https:\\\/\\\/oficialnoticias.com\\\/?author=1\"}]}<\/script>\n<!-- \/ Yoast SEO plugin. -->","yoast_head_json":{"title":"Cuiab\u00e1 vence Volta Redonda, cola no G4 da S\u00e9rie B e mant\u00e9m Am\u00e9rica fora do Z4 -","robots":{"index":"index","follow":"follow","max-snippet":"max-snippet:-1","max-image-preview":"max-image-preview:large","max-video-preview":"max-video-preview:-1"},"canonical":"https:\/\/oficialnoticias.com\/?p=465","og_locale":"pt_BR","og_type":"article","og_title":"Cuiab\u00e1 vence Volta Redonda, cola no G4 da S\u00e9rie B e mant\u00e9m Am\u00e9rica fora do Z4 -","og_description":"O Cuiab\u00e1 venceu o Volta Redonda por 2 a 0 na noite desta segunda-feira (4), na Arena Pantanal, em Cuiab\u00e1. A partida fechou a 20\u00aa rodada da S\u00e9rie B do Campeonato Brasileiro. Os gols da partida foram marcados por Alisson Safira, de p\u00eanalti, e Alejandro Mart\u00ednez, que fez sua estreia pelo time cuiabano. Com o...","og_url":"https:\/\/oficialnoticias.com\/?p=465","article_published_time":"2025-08-05T06:43:36+00:00","article_modified_time":"2025-08-05T06:43:41+00:00","og_image":[{"width":1200,"height":630,"url":"https:\/\/oficialnoticias.com\/wp-content\/uploads\/2025\/08\/urlhttps3A2F2Fk2-prod-radio-itatiaia.s3.us-east-1.amazonaws.com2Fbrightspot2F652F082F08091a.webp","type":"image\/webp"}],"author":"fcesarpacheco@gmail.com","twitter_card":"summary_large_image","twitter_misc":{"Escrito por":"fcesarpacheco@gmail.com","Est. tempo de leitura":"1 minuto"},"schema":{"@context":"https:\/\/schema.org","@graph":[{"@type":"Article","@id":"https:\/\/oficialnoticias.com\/?p=465#article","isPartOf":{"@id":"https:\/\/oficialnoticias.com\/?p=465"},"author":{"name":"fcesarpacheco@gmail.com","@id":"https:\/\/oficialnoticias.com\/#\/schema\/person\/e4e04174739e78c93161c78c3aec8fb4"},"headline":"Cuiab\u00e1 vence Volta Redonda, cola no G4 da S\u00e9rie B e mant\u00e9m Am\u00e9rica fora do Z4","datePublished":"2025-08-05T06:43:36+00:00","dateModified":"2025-08-05T06:43:41+00:00","mainEntityOfPage":{"@id":"https:\/\/oficialnoticias.com\/?p=465"},"wordCount":219,"commentCount":0,"publisher":{"@id":"https:\/\/oficialnoticias.com\/#organization"},"image":{"@id":"https:\/\/oficialnoticias.com\/?p=465#primaryimage"},"thumbnailUrl":"https:\/\/oficialnoticias.com\/wp-content\/uploads\/2025\/08\/urlhttps3A2F2Fk2-prod-radio-itatiaia.s3.us-east-1.amazonaws.com2Fbrightspot2F652F082F08091a.webp","articleSection":["Esporte"],"inLanguage":"pt-BR","potentialAction":[{"@type":"CommentAction","name":"Comment","target":["https:\/\/oficialnoticias.com\/?p=465#respond"]}]},{"@type":"WebPage","@id":"https:\/\/oficialnoticias.com\/?p=465","url":"https:\/\/oficialnoticias.com\/?p=465","name":"Cuiab\u00e1 vence Volta Redonda, cola no G4 da S\u00e9rie B e mant\u00e9m Am\u00e9rica fora do Z4 -","isPartOf":{"@id":"https:\/\/oficialnoticias.com\/#website"},"primaryImageOfPage":{"@id":"https:\/\/oficialnoticias.com\/?p=465#primaryimage"},"image":{"@id":"https:\/\/oficialnoticias.com\/?p=465#primaryimage"},"thumbnailUrl":"https:\/\/oficialnoticias.com\/wp-content\/uploads\/2025\/08\/urlhttps3A2F2Fk2-prod-radio-itatiaia.s3.us-east-1.amazonaws.com2Fbrightspot2F652F082F08091a.webp","datePublished":"2025-08-05T06:43:36+00:00","dateModified":"2025-08-05T06:43:41+00:00","breadcrumb":{"@id":"https:\/\/oficialnoticias.com\/?p=465#breadcrumb"},"inLanguage":"pt-BR","potentialAction":[{"@type":"ReadAction","target":["https:\/\/oficialnoticias.com\/?p=465"]}]},{"@type":"ImageObject","inLanguage":"pt-BR","@id":"https:\/\/oficialnoticias.com\/?p=465#primaryimage","url":"https:\/\/oficialnoticias.com\/wp-content\/uploads\/2025\/08\/urlhttps3A2F2Fk2-prod-radio-itatiaia.s3.us-east-1.amazonaws.com2Fbrightspot2F652F082F08091a.webp","contentUrl":"https:\/\/oficialnoticias.com\/wp-content\/uploads\/2025\/08\/urlhttps3A2F2Fk2-prod-radio-itatiaia.s3.us-east-1.amazonaws.com2Fbrightspot2F652F082F08091a.webp","width":1200,"height":630},{"@type":"BreadcrumbList","@id":"https:\/\/oficialnoticias.com\/?p=465#breadcrumb","itemListElement":[{"@type":"ListItem","position":1,"name":"In\u00edcio","item":"https:\/\/oficialnoticias.com\/"},{"@type":"ListItem","position":2,"name":"Cuiab\u00e1 vence Volta Redonda, cola no G4 da S\u00e9rie B e mant\u00e9m Am\u00e9rica fora do Z4"}]},{"@type":"WebSite","@id":"https:\/\/oficialnoticias.com\/#website","url":"https:\/\/oficialnoticias.com\/","name":"oficial Noticias","description":"","publisher":{"@id":"https:\/\/oficialnoticias.com\/#organization"},"potentialAction":[{"@type":"SearchAction","target":{"@type":"EntryPoint","urlTemplate":"https:\/\/oficialnoticias.com\/?s={search_term_string}"},"query-input":{"@type":"PropertyValueSpecification","valueRequired":true,"valueName":"search_term_string"}}],"inLanguage":"pt-BR"},{"@type":"Organization","@id":"https:\/\/oficialnoticias.com\/#organization","name":"oficial noticias","url":"https:\/\/oficialnoticias.com\/","logo":{"@type":"ImageObject","inLanguage":"pt-BR","@id":"https:\/\/oficialnoticias.com\/#\/schema\/logo\/image\/","url":"https:\/\/oficialnoticias.com\/wp-content\/uploads\/2025\/08\/cropped-cropped-cropped-Logo-Noticias-e1753639739829.png","contentUrl":"https:\/\/oficialnoticias.com\/wp-content\/uploads\/2025\/08\/cropped-cropped-cropped-Logo-Noticias-e1753639739829.png","width":119,"height":86,"caption":"oficial noticias"},"image":{"@id":"https:\/\/oficialnoticias.com\/#\/schema\/logo\/image\/"}},{"@type":"Person","@id":"https:\/\/oficialnoticias.com\/#\/schema\/person\/e4e04174739e78c93161c78c3aec8fb4","name":"fcesarpacheco@gmail.com","image":{"@type":"ImageObject","inLanguage":"pt-BR","@id":"https:\/\/secure.gravatar.com\/avatar\/240384b03dd3308a3ba0976f2f7fdc2beecdbc663f013481c95d52302b723a4a?s=96&d=mm&r=g","url":"https:\/\/secure.gravatar.com\/avatar\/240384b03dd3308a3ba0976f2f7fdc2beecdbc663f013481c95d52302b723a4a?s=96&d=mm&r=g","contentUrl":"https:\/\/secure.gravatar.com\/avatar\/240384b03dd3308a3ba0976f2f7fdc2beecdbc663f013481c95d52302b723a4a?s=96&d=mm&r=g","caption":"fcesarpacheco@gmail.com"},"sameAs":["https:\/\/oficialnoticias.com"],"url":"https:\/\/oficialnoticias.com\/?author=1"}]}},"_links":{"self":[{"href":"https:\/\/oficialnoticias.com\/index.php?rest_route=\/wp\/v2\/posts\/465","targetHints":{"allow":["GET"]}}],"collection":[{"href":"https:\/\/oficialnoticias.com\/index.php?rest_route=\/wp\/v2\/posts"}],"about":[{"href":"https:\/\/oficialnoticias.com\/index.php?rest_route=\/wp\/v2\/types\/post"}],"author":[{"embeddable":true,"href":"https:\/\/oficialnoticias.com\/index.php?rest_route=\/wp\/v2\/users\/1"}],"replies":[{"embeddable":true,"href":"https:\/\/oficialnoticias.com\/index.php?rest_route=%2Fwp%2Fv2%2Fcomments&post=465"}],"version-history":[{"count":1,"href":"https:\/\/oficialnoticias.com\/index.php?rest_route=\/wp\/v2\/posts\/465\/revisions"}],"predecessor-version":[{"id":467,"href":"https:\/\/oficialnoticias.com\/index.php?rest_route=\/wp\/v2\/posts\/465\/revisions\/467"}],"wp:featuredmedia":[{"embeddable":true,"href":"https:\/\/oficialnoticias.com\/index.php?rest_route=\/wp\/v2\/media\/466"}],"wp:attachment":[{"href":"https:\/\/oficialnoticias.com\/index.php?rest_route=%2Fwp%2Fv2%2Fmedia&parent=465"}],"wp:term":[{"taxonomy":"category","embeddable":true,"href":"https:\/\/oficialnoticias.com\/index.php?rest_route=%2Fwp%2Fv2%2Fcategories&post=465"},{"taxonomy":"post_tag","embeddable":true,"href":"https:\/\/oficialnoticias.com\/index.php?rest_route=%2Fwp%2Fv2%2Ftags&post=465"}],"curies":[{"name":"wp","href":"https:\/\/api.w.org\/{rel}","templated":true}]}}