{"id":4579,"date":"2025-08-25T12:12:45","date_gmt":"2025-08-25T15:12:45","guid":{"rendered":"https:\/\/oficialnoticias.com\/?p=4579"},"modified":"2025-08-25T12:12:49","modified_gmt":"2025-08-25T15:12:49","slug":"trump-ameaca-enviar-guarda-nacional-a-cidades-governadas-por-democratas","status":"publish","type":"post","link":"https:\/\/oficialnoticias.com\/?p=4579","title":{"rendered":"Trump amea\u00e7a enviar Guarda Nacional a cidades governadas por democratas"},"content":{"rendered":"<p>\n<\/p>\n<div>\n<p>O presidente dos Estados Unidos, <bsp-link-enhancement><br \/>\n    <span class=\"LinkEnhancement\"><a class=\"Link\" href=\"https:\/\/www.itatiaia.com.br\/mundo\/trump-aparece-com-hematomas-cobertos-por-maquiagem-um-mes-apos-diagnostico-de-saude\" title=\"Donald Trump\">Donald Trump<\/a><\/span><\/bsp-link-enhancement>, voltou a amea\u00e7ar o envio da Guarda Nacional para cidades administradas por democratas. Nesse domingo (24), ele citou Baltimore, em Maryland, ap\u00f3s j\u00e1 ter mobilizado tropas em Washington, D.C., e em Los Angeles nos \u00faltimos meses.<\/p>\n<p><bsp-link-enhancement><br \/>\n    <span class=\"LinkEnhancement\"><a class=\"Link\" href=\"https:\/\/www.itatiaia.com.br\/politica\/pt-acredita-que-trump-pode-interferir-em-2026-usando-redes-sociais-e-ia\" title=\"Trump \">Trump <\/a><\/span><\/bsp-link-enhancement>afirmou que a medida \u00e9 necess\u00e1ria para combater a criminalidade e a<bsp-link-enhancement><br \/>\n    <span class=\"LinkEnhancement\"><a class=\"Link\" href=\"https:\/\/www.itatiaia.com.br\/trends\/eua-o-que-e-a-verificacao-continua-de-visto-implantada-pelo-governo-trump\" title=\" imigra\u00e7\u00e3o ilegal\"> imigra\u00e7\u00e3o ilegal<\/a><\/span><\/bsp-link-enhancement>. A declara\u00e7\u00e3o provocou rea\u00e7\u00e3o do governador de Maryland, Wes Moore, que criticou \u201c esses clich\u00eas, essa ignor\u00e2ncia e essas t\u00e1ticas de medo dos anos 1980&#8217;\u2019. Trump respondeu dizendo que Moore tem um \u201cp\u00e9ssimo hist\u00f3rico\u201d na seguran\u00e7a p\u00fablica, mas o governador destacou que a taxa de homic\u00eddios no estado caiu mais de 20% durante seu mandato.<\/p>\n<p>No in\u00edcio deste m\u00eas, <bsp-link-enhancement><br \/>\n    <span class=\"LinkEnhancement\"><a class=\"Link\" href=\"https:\/\/www.itatiaia.com.br\/mundo\/eua-passa-a-checar-antiamericanismo-nas-redes-para-pedidos-de-visto\" title=\"Trump\" data-cms-ai=\"0\">Trump<\/a><\/span><\/bsp-link-enhancement> mobilizou a <bsp-link-enhancement><br \/>\n    <span class=\"LinkEnhancement\"><a class=\"Link\" href=\"https:\/\/www.itatiaia.com.br\/mundo\/trump-planeja-envio-da-guarda-nacional-para-retirar-moradores-de-rua-de-washington-diz-jornal\" title=\"Guarda Nacional em Washington, D.C.\" data-cms-ai=\"0\">Guarda Nacional em Washington, D.C.<\/a><\/span><\/bsp-link-enhancement>, em uma a\u00e7\u00e3o que ele descreveu como \u201ctomada de controle\u201d da pol\u00edcia do Capit\u00f3lio. A Guarda Nacional anunciou que, a partir de domingo \u00e0 noite, suas tropas designadas na capital passariam a portar armas de forma permanente. Antes, a medida era permitida apenas caso de necessidade, e as armas permaneciam guardadas em um arsenal.<\/p>\n<p>Em junho, o presidente tamb\u00e9m ordenou o envio de cerca de 5.000 soldados a Los Angeles, inicialmente para reprimir protestos contra as opera\u00e7\u00f5es anti-imigrantes. A medida gerou fortes cr\u00edticas do governador da Calif\u00f3rnia, Gavin Newsom, cotado como poss\u00edvel candidato democrata \u00e0 Presid\u00eancia em 2028.<\/p>\n<p>A imprensa americana informou ainda que o governo federal prepara o maior deslocamento de tropas da Guarda Nacional j\u00e1 feito para Chicago, al\u00e9m de poss\u00edveis envios a Nova York. O governador de Illinois, J.B. Pritzker, e o prefeito da cidade, Brandon Johnson, criticaram a ideia. Pritzker lembrou que Chicago registrou 573 homic\u00eddios em 2024, uma queda de 8% em rela\u00e7\u00e3o ao ano anterior.<\/p>\n<p>*Com informa\u00e7\u00f5es da AFP<br \/>*Sob supervis\u00e3o de Marina Dias <\/p>\n<p><bsp-list-loadmore class=\"PageListStandardG\" data-module=\"\" data-show-loadmore=\"true\" data-list-title-size=\"3\" data-list-description-size=\"3\"><\/p>\n<p>    <a class=\"AnchorLink\" title=\"leia-tambem\" name=\"leia-tambem\" data-cms-ai=\"0\"\/><\/p>\n<p><\/bsp-list-loadmore><\/p><\/div>\n<p><script>\n  window.fbAsyncInit = function() {\n      FB.init({\n              appId : '1447052969554341',\n          xfbml : true,\n          version : 'v2.9'\n      });\n  };\n  (function(d, s, id){\n     var js, fjs = d.getElementsByTagName(s)[0];\n     if (d.getElementById(id)) {return;}\n     js = d.createElement(s); js.id = id;\n     js.src = \"https:\/\/connect.facebook.net\/en_US\/sdk.js\";\n     fjs.parentNode.insertBefore(js, fjs);\n   }(document, 'script', 'facebook-jssdk'));\n<\/script><br \/>\n  <\/a><\/p>\n","protected":false},"excerpt":{"rendered":"<p>O presidente dos Estados Unidos, Donald Trump, voltou a amea\u00e7ar o envio da Guarda Nacional para cidades administradas por democratas. Nesse domingo (24), ele citou Baltimore, em Maryland, ap\u00f3s j\u00e1 ter mobilizado tropas em Washington, D.C., e em Los Angeles nos \u00faltimos meses. Trump afirmou que a medida \u00e9 necess\u00e1ria para combater a criminalidade e&#8230;<\/p>\n","protected":false},"author":2,"featured_media":4580,"comment_status":"open","ping_status":"open","sticky":false,"template":"","format":"standard","meta":{"footnotes":""},"categories":[2],"tags":[],"class_list":["post-4579","post","type-post","status-publish","format-standard","has-post-thumbnail","hentry","category-decor"],"yoast_head":"<!-- This site is optimized with the Yoast SEO plugin v28.1 - https:\/\/yoast.com\/product\/yoast-seo-wordpress\/ -->\n<title>Trump amea\u00e7a enviar Guarda Nacional a cidades governadas por democratas -<\/title>\n<meta name=\"robots\" content=\"index, follow, max-snippet:-1, max-image-preview:large, max-video-preview:-1\" \/>\n<link rel=\"canonical\" href=\"https:\/\/oficialnoticias.com\/?p=4579\" \/>\n<meta property=\"og:locale\" content=\"pt_BR\" \/>\n<meta property=\"og:type\" content=\"article\" \/>\n<meta property=\"og:title\" content=\"Trump amea\u00e7a enviar Guarda Nacional a cidades governadas por democratas -\" \/>\n<meta property=\"og:description\" content=\"O presidente dos Estados Unidos, Donald Trump, voltou a amea\u00e7ar o envio da Guarda Nacional para cidades administradas por democratas. Nesse domingo (24), ele citou Baltimore, em Maryland, ap\u00f3s j\u00e1 ter mobilizado tropas em Washington, D.C., e em Los Angeles nos \u00faltimos meses. Trump afirmou que a medida \u00e9 necess\u00e1ria para combater a criminalidade e...\" \/>\n<meta property=\"og:url\" content=\"https:\/\/oficialnoticias.com\/?p=4579\" \/>\n<meta property=\"article:published_time\" content=\"2025-08-25T15:12:45+00:00\" \/>\n<meta property=\"article:modified_time\" content=\"2025-08-25T15:12:49+00:00\" \/>\n<meta property=\"og:image\" content=\"https:\/\/oficialnoticias.com\/wp-content\/uploads\/2025\/08\/1756134765_urlhttps3A2F2Fk2-prod-radio-itatiaia.s3.us-east-1.amazonaws.com2Fbrightspot2Fd52Ff32Fdbb8e5.webp\" \/>\n\t<meta property=\"og:image:width\" content=\"1200\" \/>\n\t<meta property=\"og:image:height\" content=\"630\" \/>\n\t<meta property=\"og:image:type\" content=\"image\/webp\" \/>\n<meta name=\"author\" content=\"Luana Gon\u00e7alves\" \/>\n<meta name=\"twitter:card\" content=\"summary_large_image\" \/>\n<meta name=\"twitter:label1\" content=\"Escrito por\" \/>\n\t<meta name=\"twitter:data1\" content=\"Luana Gon\u00e7alves\" \/>\n\t<meta name=\"twitter:label2\" content=\"Est. tempo de leitura\" \/>\n\t<meta name=\"twitter:data2\" content=\"2 minutos\" \/>\n<script type=\"application\/ld+json\" class=\"yoast-schema-graph\">{\"@context\":\"https:\\\/\\\/schema.org\",\"@graph\":[{\"@type\":\"Article\",\"@id\":\"https:\\\/\\\/oficialnoticias.com\\\/?p=4579#article\",\"isPartOf\":{\"@id\":\"https:\\\/\\\/oficialnoticias.com\\\/?p=4579\"},\"author\":{\"name\":\"Luana Gon\u00e7alves\",\"@id\":\"https:\\\/\\\/oficialnoticias.com\\\/#\\\/schema\\\/person\\\/2d1dcbb6bfbc28d68171b4dc04723d4a\"},\"headline\":\"Trump amea\u00e7a enviar Guarda Nacional a cidades governadas por democratas\",\"datePublished\":\"2025-08-25T15:12:45+00:00\",\"dateModified\":\"2025-08-25T15:12:49+00:00\",\"mainEntityOfPage\":{\"@id\":\"https:\\\/\\\/oficialnoticias.com\\\/?p=4579\"},\"wordCount\":328,\"commentCount\":0,\"publisher\":{\"@id\":\"https:\\\/\\\/oficialnoticias.com\\\/#organization\"},\"image\":{\"@id\":\"https:\\\/\\\/oficialnoticias.com\\\/?p=4579#primaryimage\"},\"thumbnailUrl\":\"https:\\\/\\\/oficialnoticias.com\\\/wp-content\\\/uploads\\\/2025\\\/08\\\/1756134765_urlhttps3A2F2Fk2-prod-radio-itatiaia.s3.us-east-1.amazonaws.com2Fbrightspot2Fd52Ff32Fdbb8e5.webp\",\"articleSection\":[\"Mundo\"],\"inLanguage\":\"pt-BR\",\"potentialAction\":[{\"@type\":\"CommentAction\",\"name\":\"Comment\",\"target\":[\"https:\\\/\\\/oficialnoticias.com\\\/?p=4579#respond\"]}]},{\"@type\":\"WebPage\",\"@id\":\"https:\\\/\\\/oficialnoticias.com\\\/?p=4579\",\"url\":\"https:\\\/\\\/oficialnoticias.com\\\/?p=4579\",\"name\":\"Trump amea\u00e7a enviar Guarda Nacional a cidades governadas por democratas -\",\"isPartOf\":{\"@id\":\"https:\\\/\\\/oficialnoticias.com\\\/#website\"},\"primaryImageOfPage\":{\"@id\":\"https:\\\/\\\/oficialnoticias.com\\\/?p=4579#primaryimage\"},\"image\":{\"@id\":\"https:\\\/\\\/oficialnoticias.com\\\/?p=4579#primaryimage\"},\"thumbnailUrl\":\"https:\\\/\\\/oficialnoticias.com\\\/wp-content\\\/uploads\\\/2025\\\/08\\\/1756134765_urlhttps3A2F2Fk2-prod-radio-itatiaia.s3.us-east-1.amazonaws.com2Fbrightspot2Fd52Ff32Fdbb8e5.webp\",\"datePublished\":\"2025-08-25T15:12:45+00:00\",\"dateModified\":\"2025-08-25T15:12:49+00:00\",\"breadcrumb\":{\"@id\":\"https:\\\/\\\/oficialnoticias.com\\\/?p=4579#breadcrumb\"},\"inLanguage\":\"pt-BR\",\"potentialAction\":[{\"@type\":\"ReadAction\",\"target\":[\"https:\\\/\\\/oficialnoticias.com\\\/?p=4579\"]}]},{\"@type\":\"ImageObject\",\"inLanguage\":\"pt-BR\",\"@id\":\"https:\\\/\\\/oficialnoticias.com\\\/?p=4579#primaryimage\",\"url\":\"https:\\\/\\\/oficialnoticias.com\\\/wp-content\\\/uploads\\\/2025\\\/08\\\/1756134765_urlhttps3A2F2Fk2-prod-radio-itatiaia.s3.us-east-1.amazonaws.com2Fbrightspot2Fd52Ff32Fdbb8e5.webp\",\"contentUrl\":\"https:\\\/\\\/oficialnoticias.com\\\/wp-content\\\/uploads\\\/2025\\\/08\\\/1756134765_urlhttps3A2F2Fk2-prod-radio-itatiaia.s3.us-east-1.amazonaws.com2Fbrightspot2Fd52Ff32Fdbb8e5.webp\",\"width\":1200,\"height\":630},{\"@type\":\"BreadcrumbList\",\"@id\":\"https:\\\/\\\/oficialnoticias.com\\\/?p=4579#breadcrumb\",\"itemListElement\":[{\"@type\":\"ListItem\",\"position\":1,\"name\":\"In\u00edcio\",\"item\":\"https:\\\/\\\/oficialnoticias.com\\\/\"},{\"@type\":\"ListItem\",\"position\":2,\"name\":\"Trump amea\u00e7a enviar Guarda Nacional a cidades governadas por democratas\"}]},{\"@type\":\"WebSite\",\"@id\":\"https:\\\/\\\/oficialnoticias.com\\\/#website\",\"url\":\"https:\\\/\\\/oficialnoticias.com\\\/\",\"name\":\"oficial Noticias\",\"description\":\"\",\"publisher\":{\"@id\":\"https:\\\/\\\/oficialnoticias.com\\\/#organization\"},\"potentialAction\":[{\"@type\":\"SearchAction\",\"target\":{\"@type\":\"EntryPoint\",\"urlTemplate\":\"https:\\\/\\\/oficialnoticias.com\\\/?s={search_term_string}\"},\"query-input\":{\"@type\":\"PropertyValueSpecification\",\"valueRequired\":true,\"valueName\":\"search_term_string\"}}],\"inLanguage\":\"pt-BR\"},{\"@type\":\"Organization\",\"@id\":\"https:\\\/\\\/oficialnoticias.com\\\/#organization\",\"name\":\"oficial noticias\",\"url\":\"https:\\\/\\\/oficialnoticias.com\\\/\",\"logo\":{\"@type\":\"ImageObject\",\"inLanguage\":\"pt-BR\",\"@id\":\"https:\\\/\\\/oficialnoticias.com\\\/#\\\/schema\\\/logo\\\/image\\\/\",\"url\":\"https:\\\/\\\/oficialnoticias.com\\\/wp-content\\\/uploads\\\/2025\\\/08\\\/cropped-cropped-cropped-Logo-Noticias-e1753639739829.png\",\"contentUrl\":\"https:\\\/\\\/oficialnoticias.com\\\/wp-content\\\/uploads\\\/2025\\\/08\\\/cropped-cropped-cropped-Logo-Noticias-e1753639739829.png\",\"width\":119,\"height\":86,\"caption\":\"oficial noticias\"},\"image\":{\"@id\":\"https:\\\/\\\/oficialnoticias.com\\\/#\\\/schema\\\/logo\\\/image\\\/\"}},{\"@type\":\"Person\",\"@id\":\"https:\\\/\\\/oficialnoticias.com\\\/#\\\/schema\\\/person\\\/2d1dcbb6bfbc28d68171b4dc04723d4a\",\"name\":\"Luana Gon\u00e7alves\",\"image\":{\"@type\":\"ImageObject\",\"inLanguage\":\"pt-BR\",\"@id\":\"https:\\\/\\\/secure.gravatar.com\\\/avatar\\\/7aa6afdef873224c1a0265951f3fdfc0679f65dfbd15f018612595d323c52521?s=96&d=mm&r=g\",\"url\":\"https:\\\/\\\/secure.gravatar.com\\\/avatar\\\/7aa6afdef873224c1a0265951f3fdfc0679f65dfbd15f018612595d323c52521?s=96&d=mm&r=g\",\"contentUrl\":\"https:\\\/\\\/secure.gravatar.com\\\/avatar\\\/7aa6afdef873224c1a0265951f3fdfc0679f65dfbd15f018612595d323c52521?s=96&d=mm&r=g\",\"caption\":\"Luana Gon\u00e7alves\"},\"sameAs\":[\"https:\\\/\\\/oficialnoticias.com\\\/\"],\"url\":\"https:\\\/\\\/oficialnoticias.com\\\/?author=2\"}]}<\/script>\n<!-- \/ Yoast SEO plugin. -->","yoast_head_json":{"title":"Trump amea\u00e7a enviar Guarda Nacional a cidades governadas por democratas -","robots":{"index":"index","follow":"follow","max-snippet":"max-snippet:-1","max-image-preview":"max-image-preview:large","max-video-preview":"max-video-preview:-1"},"canonical":"https:\/\/oficialnoticias.com\/?p=4579","og_locale":"pt_BR","og_type":"article","og_title":"Trump amea\u00e7a enviar Guarda Nacional a cidades governadas por democratas -","og_description":"O presidente dos Estados Unidos, Donald Trump, voltou a amea\u00e7ar o envio da Guarda Nacional para cidades administradas por democratas. Nesse domingo (24), ele citou Baltimore, em Maryland, ap\u00f3s j\u00e1 ter mobilizado tropas em Washington, D.C., e em Los Angeles nos \u00faltimos meses. Trump afirmou que a medida \u00e9 necess\u00e1ria para combater a criminalidade e...","og_url":"https:\/\/oficialnoticias.com\/?p=4579","article_published_time":"2025-08-25T15:12:45+00:00","article_modified_time":"2025-08-25T15:12:49+00:00","og_image":[{"width":1200,"height":630,"url":"https:\/\/oficialnoticias.com\/wp-content\/uploads\/2025\/08\/1756134765_urlhttps3A2F2Fk2-prod-radio-itatiaia.s3.us-east-1.amazonaws.com2Fbrightspot2Fd52Ff32Fdbb8e5.webp","type":"image\/webp"}],"author":"Luana Gon\u00e7alves","twitter_card":"summary_large_image","twitter_misc":{"Escrito por":"Luana Gon\u00e7alves","Est. tempo de leitura":"2 minutos"},"schema":{"@context":"https:\/\/schema.org","@graph":[{"@type":"Article","@id":"https:\/\/oficialnoticias.com\/?p=4579#article","isPartOf":{"@id":"https:\/\/oficialnoticias.com\/?p=4579"},"author":{"name":"Luana Gon\u00e7alves","@id":"https:\/\/oficialnoticias.com\/#\/schema\/person\/2d1dcbb6bfbc28d68171b4dc04723d4a"},"headline":"Trump amea\u00e7a enviar Guarda Nacional a cidades governadas por democratas","datePublished":"2025-08-25T15:12:45+00:00","dateModified":"2025-08-25T15:12:49+00:00","mainEntityOfPage":{"@id":"https:\/\/oficialnoticias.com\/?p=4579"},"wordCount":328,"commentCount":0,"publisher":{"@id":"https:\/\/oficialnoticias.com\/#organization"},"image":{"@id":"https:\/\/oficialnoticias.com\/?p=4579#primaryimage"},"thumbnailUrl":"https:\/\/oficialnoticias.com\/wp-content\/uploads\/2025\/08\/1756134765_urlhttps3A2F2Fk2-prod-radio-itatiaia.s3.us-east-1.amazonaws.com2Fbrightspot2Fd52Ff32Fdbb8e5.webp","articleSection":["Mundo"],"inLanguage":"pt-BR","potentialAction":[{"@type":"CommentAction","name":"Comment","target":["https:\/\/oficialnoticias.com\/?p=4579#respond"]}]},{"@type":"WebPage","@id":"https:\/\/oficialnoticias.com\/?p=4579","url":"https:\/\/oficialnoticias.com\/?p=4579","name":"Trump amea\u00e7a enviar Guarda Nacional a cidades governadas por democratas -","isPartOf":{"@id":"https:\/\/oficialnoticias.com\/#website"},"primaryImageOfPage":{"@id":"https:\/\/oficialnoticias.com\/?p=4579#primaryimage"},"image":{"@id":"https:\/\/oficialnoticias.com\/?p=4579#primaryimage"},"thumbnailUrl":"https:\/\/oficialnoticias.com\/wp-content\/uploads\/2025\/08\/1756134765_urlhttps3A2F2Fk2-prod-radio-itatiaia.s3.us-east-1.amazonaws.com2Fbrightspot2Fd52Ff32Fdbb8e5.webp","datePublished":"2025-08-25T15:12:45+00:00","dateModified":"2025-08-25T15:12:49+00:00","breadcrumb":{"@id":"https:\/\/oficialnoticias.com\/?p=4579#breadcrumb"},"inLanguage":"pt-BR","potentialAction":[{"@type":"ReadAction","target":["https:\/\/oficialnoticias.com\/?p=4579"]}]},{"@type":"ImageObject","inLanguage":"pt-BR","@id":"https:\/\/oficialnoticias.com\/?p=4579#primaryimage","url":"https:\/\/oficialnoticias.com\/wp-content\/uploads\/2025\/08\/1756134765_urlhttps3A2F2Fk2-prod-radio-itatiaia.s3.us-east-1.amazonaws.com2Fbrightspot2Fd52Ff32Fdbb8e5.webp","contentUrl":"https:\/\/oficialnoticias.com\/wp-content\/uploads\/2025\/08\/1756134765_urlhttps3A2F2Fk2-prod-radio-itatiaia.s3.us-east-1.amazonaws.com2Fbrightspot2Fd52Ff32Fdbb8e5.webp","width":1200,"height":630},{"@type":"BreadcrumbList","@id":"https:\/\/oficialnoticias.com\/?p=4579#breadcrumb","itemListElement":[{"@type":"ListItem","position":1,"name":"In\u00edcio","item":"https:\/\/oficialnoticias.com\/"},{"@type":"ListItem","position":2,"name":"Trump amea\u00e7a enviar Guarda Nacional a cidades governadas por democratas"}]},{"@type":"WebSite","@id":"https:\/\/oficialnoticias.com\/#website","url":"https:\/\/oficialnoticias.com\/","name":"oficial Noticias","description":"","publisher":{"@id":"https:\/\/oficialnoticias.com\/#organization"},"potentialAction":[{"@type":"SearchAction","target":{"@type":"EntryPoint","urlTemplate":"https:\/\/oficialnoticias.com\/?s={search_term_string}"},"query-input":{"@type":"PropertyValueSpecification","valueRequired":true,"valueName":"search_term_string"}}],"inLanguage":"pt-BR"},{"@type":"Organization","@id":"https:\/\/oficialnoticias.com\/#organization","name":"oficial noticias","url":"https:\/\/oficialnoticias.com\/","logo":{"@type":"ImageObject","inLanguage":"pt-BR","@id":"https:\/\/oficialnoticias.com\/#\/schema\/logo\/image\/","url":"https:\/\/oficialnoticias.com\/wp-content\/uploads\/2025\/08\/cropped-cropped-cropped-Logo-Noticias-e1753639739829.png","contentUrl":"https:\/\/oficialnoticias.com\/wp-content\/uploads\/2025\/08\/cropped-cropped-cropped-Logo-Noticias-e1753639739829.png","width":119,"height":86,"caption":"oficial noticias"},"image":{"@id":"https:\/\/oficialnoticias.com\/#\/schema\/logo\/image\/"}},{"@type":"Person","@id":"https:\/\/oficialnoticias.com\/#\/schema\/person\/2d1dcbb6bfbc28d68171b4dc04723d4a","name":"Luana Gon\u00e7alves","image":{"@type":"ImageObject","inLanguage":"pt-BR","@id":"https:\/\/secure.gravatar.com\/avatar\/7aa6afdef873224c1a0265951f3fdfc0679f65dfbd15f018612595d323c52521?s=96&d=mm&r=g","url":"https:\/\/secure.gravatar.com\/avatar\/7aa6afdef873224c1a0265951f3fdfc0679f65dfbd15f018612595d323c52521?s=96&d=mm&r=g","contentUrl":"https:\/\/secure.gravatar.com\/avatar\/7aa6afdef873224c1a0265951f3fdfc0679f65dfbd15f018612595d323c52521?s=96&d=mm&r=g","caption":"Luana Gon\u00e7alves"},"sameAs":["https:\/\/oficialnoticias.com\/"],"url":"https:\/\/oficialnoticias.com\/?author=2"}]}},"_links":{"self":[{"href":"https:\/\/oficialnoticias.com\/index.php?rest_route=\/wp\/v2\/posts\/4579","targetHints":{"allow":["GET"]}}],"collection":[{"href":"https:\/\/oficialnoticias.com\/index.php?rest_route=\/wp\/v2\/posts"}],"about":[{"href":"https:\/\/oficialnoticias.com\/index.php?rest_route=\/wp\/v2\/types\/post"}],"author":[{"embeddable":true,"href":"https:\/\/oficialnoticias.com\/index.php?rest_route=\/wp\/v2\/users\/2"}],"replies":[{"embeddable":true,"href":"https:\/\/oficialnoticias.com\/index.php?rest_route=%2Fwp%2Fv2%2Fcomments&post=4579"}],"version-history":[{"count":1,"href":"https:\/\/oficialnoticias.com\/index.php?rest_route=\/wp\/v2\/posts\/4579\/revisions"}],"predecessor-version":[{"id":4581,"href":"https:\/\/oficialnoticias.com\/index.php?rest_route=\/wp\/v2\/posts\/4579\/revisions\/4581"}],"wp:featuredmedia":[{"embeddable":true,"href":"https:\/\/oficialnoticias.com\/index.php?rest_route=\/wp\/v2\/media\/4580"}],"wp:attachment":[{"href":"https:\/\/oficialnoticias.com\/index.php?rest_route=%2Fwp%2Fv2%2Fmedia&parent=4579"}],"wp:term":[{"taxonomy":"category","embeddable":true,"href":"https:\/\/oficialnoticias.com\/index.php?rest_route=%2Fwp%2Fv2%2Fcategories&post=4579"},{"taxonomy":"post_tag","embeddable":true,"href":"https:\/\/oficialnoticias.com\/index.php?rest_route=%2Fwp%2Fv2%2Ftags&post=4579"}],"curies":[{"name":"wp","href":"https:\/\/api.w.org\/{rel}","templated":true}]}}