{"id":4354,"date":"2025-08-24T09:00:24","date_gmt":"2025-08-24T12:00:24","guid":{"rendered":"https:\/\/oficialnoticias.com\/?p=4354"},"modified":"2025-08-24T09:00:30","modified_gmt":"2025-08-24T12:00:30","slug":"donald-trump-e-uniao-europeia-selam-tregua-comercial-com-nova-tarifa-de-15","status":"publish","type":"post","link":"https:\/\/oficialnoticias.com\/?p=4354","title":{"rendered":"Donald Trump e Uni\u00e3o Europeia selam tr\u00e9gua comercial com nova tarifa de 15%"},"content":{"rendered":"<p>\n<\/p>\n<div>\n<p>Os autom\u00f3veis e produtos farmac\u00eauticos europeus passar\u00e3o a pagar uma tarifa de 15% ao entrar nos Estados Unidos, conforme comunicado conjunto divulgado nesta quinta-feira (21) pela Uni\u00e3o Europeia e pelo governo de Donald Trump. A medida, no entanto, n\u00e3o contempla vinhos e outras bebidas alco\u00f3licas.<\/p>\n<p>\u201cInfelizmente, n\u00e3o conseguimos incluir este setor nas redu\u00e7\u00f5es\u201d, afirmou o comiss\u00e1rio europeu Maros Sefcovic, durante coletiva em que detalhou o acordo comercial fechado entre Bruxelas e Washington no fim de julho. Ele ressaltou, por\u00e9m, que \u201cas portas n\u00e3o est\u00e3o fechadas para sempre\u201d e que as negocia\u00e7\u00f5es continuam.<\/p>\n<p>A Fran\u00e7a e a It\u00e1lia pressionavam para que vinhos e bebidas tamb\u00e9m fossem beneficiados pela redu\u00e7\u00e3o, mas n\u00e3o tiveram \u00eaxito.<\/p>\n<p>O acordo prev\u00ea a aplica\u00e7\u00e3o da tarifa de 15% \u2014 bem acima da taxa m\u00e9dia de 4,8% vigente antes da volta de Trump \u00e0 Casa Branca, mas menor do que a al\u00edquota que o republicano chegou a amea\u00e7ar impor caso n\u00e3o houvesse entendimento.<\/p>\n<p>Em rela\u00e7\u00e3o ao setor automotivo, Sefcovic disse confiar que a nova taxa substituir\u00e1 retroativamente, a partir de 1\u00ba de agosto, a tarifa atual de 27,5%. Segundo ele, os Estados Unidos deram garantias nesse sentido.<\/p>\n<p>O comunicado conjunto tamb\u00e9m destaca que a entrada em vigor da medida depender\u00e1 da apresenta\u00e7\u00e3o, pela Uni\u00e3o Europeia, de um texto legislativo para reduzir suas pr\u00f3prias tarifas. \u201cEstamos trabalhando com determina\u00e7\u00e3o para iniciar o processo legislativo o quanto antes\u201d, declarou o comiss\u00e1rio.<\/p>\n<p>A presidente da Comiss\u00e3o Europeia, Ursula von der Leyen, celebrou o entendimento em mensagem publicada no X, classificando-o como um acordo que garante \u201cprevisibilidade para nossas empresas e consumidores\u201d.<\/p>\n<p>Al\u00e9m da quest\u00e3o tarif\u00e1ria, a Uni\u00e3o Europeia se comprometeu a investir US$ 750 bilh\u00f5es (cerca de R$ 4,1 trilh\u00f5es) em energia e outros US$ 600 bilh\u00f5es (R$ 3,28 trilh\u00f5es) adicionais nos Estados Unidos.<\/p>\n<p><bsp-list-loadmore class=\"PageListStandardG\" data-module=\"\" data-show-loadmore=\"true\" data-list-title-size=\"3\" data-list-description-size=\"3\"><\/p>\n<p>    <a class=\"AnchorLink\" title=\"leia-tambem\" name=\"leia-tambem\"\/><\/p>\n<p><\/bsp-list-loadmore><\/p><\/div>\n<p><script>\n  window.fbAsyncInit = function() {\n      FB.init({\n              appId : '1447052969554341',\n          xfbml : true,\n          version : 'v2.9'\n      });\n  };\n  (function(d, s, id){\n     var js, fjs = d.getElementsByTagName(s)[0];\n     if (d.getElementById(id)) {return;}\n     js = d.createElement(s); js.id = id;\n     js.src = \"https:\/\/connect.facebook.net\/en_US\/sdk.js\";\n     fjs.parentNode.insertBefore(js, fjs);\n   }(document, 'script', 'facebook-jssdk'));\n<\/script><br \/>\n  <\/a><\/p>\n","protected":false},"excerpt":{"rendered":"<p>Os autom\u00f3veis e produtos farmac\u00eauticos europeus passar\u00e3o a pagar uma tarifa de 15% ao entrar nos Estados Unidos, conforme comunicado conjunto divulgado nesta quinta-feira (21) pela Uni\u00e3o Europeia e pelo governo de Donald Trump. A medida, no entanto, n\u00e3o contempla vinhos e outras bebidas alco\u00f3licas. \u201cInfelizmente, n\u00e3o conseguimos incluir este setor nas redu\u00e7\u00f5es\u201d, afirmou o&#8230;<\/p>\n","protected":false},"author":2,"featured_media":4355,"comment_status":"open","ping_status":"open","sticky":false,"template":"","format":"standard","meta":{"footnotes":""},"categories":[2],"tags":[],"class_list":["post-4354","post","type-post","status-publish","format-standard","has-post-thumbnail","hentry","category-decor"],"yoast_head":"<!-- This site is optimized with the Yoast SEO plugin v28.1 - https:\/\/yoast.com\/product\/yoast-seo-wordpress\/ -->\n<title>Donald Trump e Uni\u00e3o Europeia selam tr\u00e9gua comercial com nova tarifa de 15% -<\/title>\n<meta name=\"robots\" content=\"index, follow, max-snippet:-1, max-image-preview:large, max-video-preview:-1\" \/>\n<link rel=\"canonical\" href=\"https:\/\/oficialnoticias.com\/?p=4354\" \/>\n<meta property=\"og:locale\" content=\"pt_BR\" \/>\n<meta property=\"og:type\" content=\"article\" \/>\n<meta property=\"og:title\" content=\"Donald Trump e Uni\u00e3o Europeia selam tr\u00e9gua comercial com nova tarifa de 15% -\" \/>\n<meta property=\"og:description\" content=\"Os autom\u00f3veis e produtos farmac\u00eauticos europeus passar\u00e3o a pagar uma tarifa de 15% ao entrar nos Estados Unidos, conforme comunicado conjunto divulgado nesta quinta-feira (21) pela Uni\u00e3o Europeia e pelo governo de Donald Trump. A medida, no entanto, n\u00e3o contempla vinhos e outras bebidas alco\u00f3licas. \u201cInfelizmente, n\u00e3o conseguimos incluir este setor nas redu\u00e7\u00f5es\u201d, afirmou o...\" \/>\n<meta property=\"og:url\" content=\"https:\/\/oficialnoticias.com\/?p=4354\" \/>\n<meta property=\"article:published_time\" content=\"2025-08-24T12:00:24+00:00\" \/>\n<meta property=\"article:modified_time\" content=\"2025-08-24T12:00:30+00:00\" \/>\n<meta property=\"og:image\" content=\"https:\/\/oficialnoticias.com\/wp-content\/uploads\/2025\/08\/urlhttps3A2F2Fk2-prod-radio-itatiaia.s3.us-east-1.amazonaws.com2Fbrightspot2Ff92F592Fdaa18c.webp\" \/>\n\t<meta property=\"og:image:width\" content=\"1200\" \/>\n\t<meta property=\"og:image:height\" content=\"630\" \/>\n\t<meta property=\"og:image:type\" content=\"image\/webp\" \/>\n<meta name=\"author\" content=\"Luana Gon\u00e7alves\" \/>\n<meta name=\"twitter:card\" content=\"summary_large_image\" \/>\n<meta name=\"twitter:label1\" content=\"Escrito por\" \/>\n\t<meta name=\"twitter:data1\" content=\"Luana Gon\u00e7alves\" \/>\n\t<meta name=\"twitter:label2\" content=\"Est. tempo de leitura\" \/>\n\t<meta name=\"twitter:data2\" content=\"2 minutos\" \/>\n<script type=\"application\/ld+json\" class=\"yoast-schema-graph\">{\"@context\":\"https:\\\/\\\/schema.org\",\"@graph\":[{\"@type\":\"Article\",\"@id\":\"https:\\\/\\\/oficialnoticias.com\\\/?p=4354#article\",\"isPartOf\":{\"@id\":\"https:\\\/\\\/oficialnoticias.com\\\/?p=4354\"},\"author\":{\"name\":\"Luana Gon\u00e7alves\",\"@id\":\"https:\\\/\\\/oficialnoticias.com\\\/#\\\/schema\\\/person\\\/2d1dcbb6bfbc28d68171b4dc04723d4a\"},\"headline\":\"Donald Trump e Uni\u00e3o Europeia selam tr\u00e9gua comercial com nova tarifa de 15%\",\"datePublished\":\"2025-08-24T12:00:24+00:00\",\"dateModified\":\"2025-08-24T12:00:30+00:00\",\"mainEntityOfPage\":{\"@id\":\"https:\\\/\\\/oficialnoticias.com\\\/?p=4354\"},\"wordCount\":334,\"commentCount\":0,\"publisher\":{\"@id\":\"https:\\\/\\\/oficialnoticias.com\\\/#organization\"},\"image\":{\"@id\":\"https:\\\/\\\/oficialnoticias.com\\\/?p=4354#primaryimage\"},\"thumbnailUrl\":\"https:\\\/\\\/oficialnoticias.com\\\/wp-content\\\/uploads\\\/2025\\\/08\\\/urlhttps3A2F2Fk2-prod-radio-itatiaia.s3.us-east-1.amazonaws.com2Fbrightspot2Ff92F592Fdaa18c.webp\",\"articleSection\":[\"Mundo\"],\"inLanguage\":\"pt-BR\",\"potentialAction\":[{\"@type\":\"CommentAction\",\"name\":\"Comment\",\"target\":[\"https:\\\/\\\/oficialnoticias.com\\\/?p=4354#respond\"]}]},{\"@type\":\"WebPage\",\"@id\":\"https:\\\/\\\/oficialnoticias.com\\\/?p=4354\",\"url\":\"https:\\\/\\\/oficialnoticias.com\\\/?p=4354\",\"name\":\"Donald Trump e Uni\u00e3o Europeia selam tr\u00e9gua comercial com nova tarifa de 15% -\",\"isPartOf\":{\"@id\":\"https:\\\/\\\/oficialnoticias.com\\\/#website\"},\"primaryImageOfPage\":{\"@id\":\"https:\\\/\\\/oficialnoticias.com\\\/?p=4354#primaryimage\"},\"image\":{\"@id\":\"https:\\\/\\\/oficialnoticias.com\\\/?p=4354#primaryimage\"},\"thumbnailUrl\":\"https:\\\/\\\/oficialnoticias.com\\\/wp-content\\\/uploads\\\/2025\\\/08\\\/urlhttps3A2F2Fk2-prod-radio-itatiaia.s3.us-east-1.amazonaws.com2Fbrightspot2Ff92F592Fdaa18c.webp\",\"datePublished\":\"2025-08-24T12:00:24+00:00\",\"dateModified\":\"2025-08-24T12:00:30+00:00\",\"breadcrumb\":{\"@id\":\"https:\\\/\\\/oficialnoticias.com\\\/?p=4354#breadcrumb\"},\"inLanguage\":\"pt-BR\",\"potentialAction\":[{\"@type\":\"ReadAction\",\"target\":[\"https:\\\/\\\/oficialnoticias.com\\\/?p=4354\"]}]},{\"@type\":\"ImageObject\",\"inLanguage\":\"pt-BR\",\"@id\":\"https:\\\/\\\/oficialnoticias.com\\\/?p=4354#primaryimage\",\"url\":\"https:\\\/\\\/oficialnoticias.com\\\/wp-content\\\/uploads\\\/2025\\\/08\\\/urlhttps3A2F2Fk2-prod-radio-itatiaia.s3.us-east-1.amazonaws.com2Fbrightspot2Ff92F592Fdaa18c.webp\",\"contentUrl\":\"https:\\\/\\\/oficialnoticias.com\\\/wp-content\\\/uploads\\\/2025\\\/08\\\/urlhttps3A2F2Fk2-prod-radio-itatiaia.s3.us-east-1.amazonaws.com2Fbrightspot2Ff92F592Fdaa18c.webp\",\"width\":1200,\"height\":630},{\"@type\":\"BreadcrumbList\",\"@id\":\"https:\\\/\\\/oficialnoticias.com\\\/?p=4354#breadcrumb\",\"itemListElement\":[{\"@type\":\"ListItem\",\"position\":1,\"name\":\"In\u00edcio\",\"item\":\"https:\\\/\\\/oficialnoticias.com\\\/\"},{\"@type\":\"ListItem\",\"position\":2,\"name\":\"Donald Trump e Uni\u00e3o Europeia selam tr\u00e9gua comercial com nova tarifa de 15%\"}]},{\"@type\":\"WebSite\",\"@id\":\"https:\\\/\\\/oficialnoticias.com\\\/#website\",\"url\":\"https:\\\/\\\/oficialnoticias.com\\\/\",\"name\":\"oficial Noticias\",\"description\":\"\",\"publisher\":{\"@id\":\"https:\\\/\\\/oficialnoticias.com\\\/#organization\"},\"potentialAction\":[{\"@type\":\"SearchAction\",\"target\":{\"@type\":\"EntryPoint\",\"urlTemplate\":\"https:\\\/\\\/oficialnoticias.com\\\/?s={search_term_string}\"},\"query-input\":{\"@type\":\"PropertyValueSpecification\",\"valueRequired\":true,\"valueName\":\"search_term_string\"}}],\"inLanguage\":\"pt-BR\"},{\"@type\":\"Organization\",\"@id\":\"https:\\\/\\\/oficialnoticias.com\\\/#organization\",\"name\":\"oficial noticias\",\"url\":\"https:\\\/\\\/oficialnoticias.com\\\/\",\"logo\":{\"@type\":\"ImageObject\",\"inLanguage\":\"pt-BR\",\"@id\":\"https:\\\/\\\/oficialnoticias.com\\\/#\\\/schema\\\/logo\\\/image\\\/\",\"url\":\"https:\\\/\\\/oficialnoticias.com\\\/wp-content\\\/uploads\\\/2025\\\/08\\\/cropped-cropped-cropped-Logo-Noticias-e1753639739829.png\",\"contentUrl\":\"https:\\\/\\\/oficialnoticias.com\\\/wp-content\\\/uploads\\\/2025\\\/08\\\/cropped-cropped-cropped-Logo-Noticias-e1753639739829.png\",\"width\":119,\"height\":86,\"caption\":\"oficial noticias\"},\"image\":{\"@id\":\"https:\\\/\\\/oficialnoticias.com\\\/#\\\/schema\\\/logo\\\/image\\\/\"}},{\"@type\":\"Person\",\"@id\":\"https:\\\/\\\/oficialnoticias.com\\\/#\\\/schema\\\/person\\\/2d1dcbb6bfbc28d68171b4dc04723d4a\",\"name\":\"Luana Gon\u00e7alves\",\"image\":{\"@type\":\"ImageObject\",\"inLanguage\":\"pt-BR\",\"@id\":\"https:\\\/\\\/secure.gravatar.com\\\/avatar\\\/7aa6afdef873224c1a0265951f3fdfc0679f65dfbd15f018612595d323c52521?s=96&d=mm&r=g\",\"url\":\"https:\\\/\\\/secure.gravatar.com\\\/avatar\\\/7aa6afdef873224c1a0265951f3fdfc0679f65dfbd15f018612595d323c52521?s=96&d=mm&r=g\",\"contentUrl\":\"https:\\\/\\\/secure.gravatar.com\\\/avatar\\\/7aa6afdef873224c1a0265951f3fdfc0679f65dfbd15f018612595d323c52521?s=96&d=mm&r=g\",\"caption\":\"Luana Gon\u00e7alves\"},\"sameAs\":[\"https:\\\/\\\/oficialnoticias.com\\\/\"],\"url\":\"https:\\\/\\\/oficialnoticias.com\\\/?author=2\"}]}<\/script>\n<!-- \/ Yoast SEO plugin. -->","yoast_head_json":{"title":"Donald Trump e Uni\u00e3o Europeia selam tr\u00e9gua comercial com nova tarifa de 15% -","robots":{"index":"index","follow":"follow","max-snippet":"max-snippet:-1","max-image-preview":"max-image-preview:large","max-video-preview":"max-video-preview:-1"},"canonical":"https:\/\/oficialnoticias.com\/?p=4354","og_locale":"pt_BR","og_type":"article","og_title":"Donald Trump e Uni\u00e3o Europeia selam tr\u00e9gua comercial com nova tarifa de 15% -","og_description":"Os autom\u00f3veis e produtos farmac\u00eauticos europeus passar\u00e3o a pagar uma tarifa de 15% ao entrar nos Estados Unidos, conforme comunicado conjunto divulgado nesta quinta-feira (21) pela Uni\u00e3o Europeia e pelo governo de Donald Trump. A medida, no entanto, n\u00e3o contempla vinhos e outras bebidas alco\u00f3licas. \u201cInfelizmente, n\u00e3o conseguimos incluir este setor nas redu\u00e7\u00f5es\u201d, afirmou o...","og_url":"https:\/\/oficialnoticias.com\/?p=4354","article_published_time":"2025-08-24T12:00:24+00:00","article_modified_time":"2025-08-24T12:00:30+00:00","og_image":[{"width":1200,"height":630,"url":"https:\/\/oficialnoticias.com\/wp-content\/uploads\/2025\/08\/urlhttps3A2F2Fk2-prod-radio-itatiaia.s3.us-east-1.amazonaws.com2Fbrightspot2Ff92F592Fdaa18c.webp","type":"image\/webp"}],"author":"Luana Gon\u00e7alves","twitter_card":"summary_large_image","twitter_misc":{"Escrito por":"Luana Gon\u00e7alves","Est. tempo de leitura":"2 minutos"},"schema":{"@context":"https:\/\/schema.org","@graph":[{"@type":"Article","@id":"https:\/\/oficialnoticias.com\/?p=4354#article","isPartOf":{"@id":"https:\/\/oficialnoticias.com\/?p=4354"},"author":{"name":"Luana Gon\u00e7alves","@id":"https:\/\/oficialnoticias.com\/#\/schema\/person\/2d1dcbb6bfbc28d68171b4dc04723d4a"},"headline":"Donald Trump e Uni\u00e3o Europeia selam tr\u00e9gua comercial com nova tarifa de 15%","datePublished":"2025-08-24T12:00:24+00:00","dateModified":"2025-08-24T12:00:30+00:00","mainEntityOfPage":{"@id":"https:\/\/oficialnoticias.com\/?p=4354"},"wordCount":334,"commentCount":0,"publisher":{"@id":"https:\/\/oficialnoticias.com\/#organization"},"image":{"@id":"https:\/\/oficialnoticias.com\/?p=4354#primaryimage"},"thumbnailUrl":"https:\/\/oficialnoticias.com\/wp-content\/uploads\/2025\/08\/urlhttps3A2F2Fk2-prod-radio-itatiaia.s3.us-east-1.amazonaws.com2Fbrightspot2Ff92F592Fdaa18c.webp","articleSection":["Mundo"],"inLanguage":"pt-BR","potentialAction":[{"@type":"CommentAction","name":"Comment","target":["https:\/\/oficialnoticias.com\/?p=4354#respond"]}]},{"@type":"WebPage","@id":"https:\/\/oficialnoticias.com\/?p=4354","url":"https:\/\/oficialnoticias.com\/?p=4354","name":"Donald Trump e Uni\u00e3o Europeia selam tr\u00e9gua comercial com nova tarifa de 15% -","isPartOf":{"@id":"https:\/\/oficialnoticias.com\/#website"},"primaryImageOfPage":{"@id":"https:\/\/oficialnoticias.com\/?p=4354#primaryimage"},"image":{"@id":"https:\/\/oficialnoticias.com\/?p=4354#primaryimage"},"thumbnailUrl":"https:\/\/oficialnoticias.com\/wp-content\/uploads\/2025\/08\/urlhttps3A2F2Fk2-prod-radio-itatiaia.s3.us-east-1.amazonaws.com2Fbrightspot2Ff92F592Fdaa18c.webp","datePublished":"2025-08-24T12:00:24+00:00","dateModified":"2025-08-24T12:00:30+00:00","breadcrumb":{"@id":"https:\/\/oficialnoticias.com\/?p=4354#breadcrumb"},"inLanguage":"pt-BR","potentialAction":[{"@type":"ReadAction","target":["https:\/\/oficialnoticias.com\/?p=4354"]}]},{"@type":"ImageObject","inLanguage":"pt-BR","@id":"https:\/\/oficialnoticias.com\/?p=4354#primaryimage","url":"https:\/\/oficialnoticias.com\/wp-content\/uploads\/2025\/08\/urlhttps3A2F2Fk2-prod-radio-itatiaia.s3.us-east-1.amazonaws.com2Fbrightspot2Ff92F592Fdaa18c.webp","contentUrl":"https:\/\/oficialnoticias.com\/wp-content\/uploads\/2025\/08\/urlhttps3A2F2Fk2-prod-radio-itatiaia.s3.us-east-1.amazonaws.com2Fbrightspot2Ff92F592Fdaa18c.webp","width":1200,"height":630},{"@type":"BreadcrumbList","@id":"https:\/\/oficialnoticias.com\/?p=4354#breadcrumb","itemListElement":[{"@type":"ListItem","position":1,"name":"In\u00edcio","item":"https:\/\/oficialnoticias.com\/"},{"@type":"ListItem","position":2,"name":"Donald Trump e Uni\u00e3o Europeia selam tr\u00e9gua comercial com nova tarifa de 15%"}]},{"@type":"WebSite","@id":"https:\/\/oficialnoticias.com\/#website","url":"https:\/\/oficialnoticias.com\/","name":"oficial Noticias","description":"","publisher":{"@id":"https:\/\/oficialnoticias.com\/#organization"},"potentialAction":[{"@type":"SearchAction","target":{"@type":"EntryPoint","urlTemplate":"https:\/\/oficialnoticias.com\/?s={search_term_string}"},"query-input":{"@type":"PropertyValueSpecification","valueRequired":true,"valueName":"search_term_string"}}],"inLanguage":"pt-BR"},{"@type":"Organization","@id":"https:\/\/oficialnoticias.com\/#organization","name":"oficial noticias","url":"https:\/\/oficialnoticias.com\/","logo":{"@type":"ImageObject","inLanguage":"pt-BR","@id":"https:\/\/oficialnoticias.com\/#\/schema\/logo\/image\/","url":"https:\/\/oficialnoticias.com\/wp-content\/uploads\/2025\/08\/cropped-cropped-cropped-Logo-Noticias-e1753639739829.png","contentUrl":"https:\/\/oficialnoticias.com\/wp-content\/uploads\/2025\/08\/cropped-cropped-cropped-Logo-Noticias-e1753639739829.png","width":119,"height":86,"caption":"oficial noticias"},"image":{"@id":"https:\/\/oficialnoticias.com\/#\/schema\/logo\/image\/"}},{"@type":"Person","@id":"https:\/\/oficialnoticias.com\/#\/schema\/person\/2d1dcbb6bfbc28d68171b4dc04723d4a","name":"Luana Gon\u00e7alves","image":{"@type":"ImageObject","inLanguage":"pt-BR","@id":"https:\/\/secure.gravatar.com\/avatar\/7aa6afdef873224c1a0265951f3fdfc0679f65dfbd15f018612595d323c52521?s=96&d=mm&r=g","url":"https:\/\/secure.gravatar.com\/avatar\/7aa6afdef873224c1a0265951f3fdfc0679f65dfbd15f018612595d323c52521?s=96&d=mm&r=g","contentUrl":"https:\/\/secure.gravatar.com\/avatar\/7aa6afdef873224c1a0265951f3fdfc0679f65dfbd15f018612595d323c52521?s=96&d=mm&r=g","caption":"Luana Gon\u00e7alves"},"sameAs":["https:\/\/oficialnoticias.com\/"],"url":"https:\/\/oficialnoticias.com\/?author=2"}]}},"_links":{"self":[{"href":"https:\/\/oficialnoticias.com\/index.php?rest_route=\/wp\/v2\/posts\/4354","targetHints":{"allow":["GET"]}}],"collection":[{"href":"https:\/\/oficialnoticias.com\/index.php?rest_route=\/wp\/v2\/posts"}],"about":[{"href":"https:\/\/oficialnoticias.com\/index.php?rest_route=\/wp\/v2\/types\/post"}],"author":[{"embeddable":true,"href":"https:\/\/oficialnoticias.com\/index.php?rest_route=\/wp\/v2\/users\/2"}],"replies":[{"embeddable":true,"href":"https:\/\/oficialnoticias.com\/index.php?rest_route=%2Fwp%2Fv2%2Fcomments&post=4354"}],"version-history":[{"count":1,"href":"https:\/\/oficialnoticias.com\/index.php?rest_route=\/wp\/v2\/posts\/4354\/revisions"}],"predecessor-version":[{"id":4356,"href":"https:\/\/oficialnoticias.com\/index.php?rest_route=\/wp\/v2\/posts\/4354\/revisions\/4356"}],"wp:featuredmedia":[{"embeddable":true,"href":"https:\/\/oficialnoticias.com\/index.php?rest_route=\/wp\/v2\/media\/4355"}],"wp:attachment":[{"href":"https:\/\/oficialnoticias.com\/index.php?rest_route=%2Fwp%2Fv2%2Fmedia&parent=4354"}],"wp:term":[{"taxonomy":"category","embeddable":true,"href":"https:\/\/oficialnoticias.com\/index.php?rest_route=%2Fwp%2Fv2%2Fcategories&post=4354"},{"taxonomy":"post_tag","embeddable":true,"href":"https:\/\/oficialnoticias.com\/index.php?rest_route=%2Fwp%2Fv2%2Ftags&post=4354"}],"curies":[{"name":"wp","href":"https:\/\/api.w.org\/{rel}","templated":true}]}}