{"id":3772,"date":"2025-08-21T15:24:55","date_gmt":"2025-08-21T18:24:55","guid":{"rendered":"https:\/\/oficialnoticias.com\/?p=3772"},"modified":"2025-08-21T15:25:00","modified_gmt":"2025-08-21T18:25:00","slug":"arrecadacao-federal-bate-recorde-e-soma-r-2542-bilhoes-em-julho","status":"publish","type":"post","link":"https:\/\/oficialnoticias.com\/?p=3772","title":{"rendered":"Arrecada\u00e7\u00e3o federal bate recorde e soma R$ 254,2 bilh\u00f5es em julho"},"content":{"rendered":"<p><\/p>\n<div>\n<p>A arrecada\u00e7\u00e3o federal totalizou R$ 254,2 bilh\u00f5es em julho, o maior valor j\u00e1 registrado na s\u00e9rie hist\u00f3rica iniciada em 1995, segundo dados divulgados pela <bsp-link-enhancement><br \/>\n    <span class=\"LinkEnhancement\"><a class=\"Link\" href=\"https:\/\/www.itatiaia.com.br\/cidades\/receita-federal-doa-r-11-milhoes-em-itens-apreendidos-no-aeroporto-de-confins-na-grande-bh\" title=\"Receita Federal \">Receita Federal <\/a><\/span><\/bsp-link-enhancement>nesta quinta-feira (21).<\/p>\n<p>O valor representa uma alta real de 4,6% em rela\u00e7\u00e3o a julho de 2024, quando a arrecada\u00e7\u00e3o foi de R$ 231 bilh\u00f5es, e tamb\u00e9m supera o resultado de junho deste ano, de R$ 234,6 bilh\u00f5es.<\/p>\n<p>No acumulado de janeiro a julho, a arrecada\u00e7\u00e3o federal chegou a R$ 1,679 trilh\u00e3o, tamb\u00e9m um recorde hist\u00f3rico, com aumento real de 4,4% em compara\u00e7\u00e3o ao mesmo per\u00edodo de 2024.<\/p>\n<p>Entre as receitas administradas pela Receita Federal, o total foi de R$ 239 bilh\u00f5es, alta real de 5,75% sobre julho do ano passado. A arrecada\u00e7\u00e3o por outros \u00f3rg\u00e3os somou R$ 15,2 bilh\u00f5es, queda real de 11%. A ren\u00fancia fiscal com desonera\u00e7\u00f5es atingiu cerca de R$ 10,1 bilh\u00f5es em julho e R$ 70,85 bilh\u00f5es no acumulado do ano.<\/p>\n<p> A arrecada\u00e7\u00e3o do IOF (Imposto sobre Opera\u00e7\u00f5es Financeiras) foi de R$ 6,5 bilh\u00f5es em julho, alta de R$ 756 milh\u00f5es em rela\u00e7\u00e3o a 2024, totalizando R$ 43,5 bilh\u00f5es no ano, crescimento real de 9,42%. Segundo a Receita, o aumento reflete opera\u00e7\u00f5es relacionadas a sa\u00edda de moeda estrangeira, cr\u00e9dito a empresas e t\u00edtulos ou valores mobili\u00e1rios, principalmente ap\u00f3s altera\u00e7\u00f5es legislativas recentes.<\/p>\n<p>A equipe econ\u00f4mica havia anunciado aumento do IOF em maio para cumprir a meta fiscal de 2025, mas mudan\u00e7as no decreto presidencial e disputas entre Executivo e Congresso alteraram as proje\u00e7\u00f5es. O STF mediou a quest\u00e3o, mantendo a efic\u00e1cia do decreto sem cobran\u00e7a retroativa.<\/p>\n<p>*Sob supervis\u00e3o de Marina Dias<\/p>\n<p><bsp-list-loadmore class=\"PageListStandardG\" data-module=\"\" data-show-loadmore=\"true\" data-list-title-size=\"3\" data-list-description-size=\"3\"><\/p>\n<p>    <a class=\"AnchorLink\" title=\"leia-tambem\" name=\"leia-tambem\"\/><\/p>\n<p><\/bsp-list-loadmore><\/p><\/div>\n<p><script>\n  window.fbAsyncInit = function() {\n      FB.init({\n              appId : '1447052969554341',\n          xfbml : true,\n          version : 'v2.9'\n      });\n  };\n  (function(d, s, id){\n     var js, fjs = d.getElementsByTagName(s)[0];\n     if (d.getElementById(id)) {return;}\n     js = d.createElement(s); js.id = id;\n     js.src = \"https:\/\/connect.facebook.net\/en_US\/sdk.js\";\n     fjs.parentNode.insertBefore(js, fjs);\n   }(document, 'script', 'facebook-jssdk'));\n<\/script><\/p>\n","protected":false},"excerpt":{"rendered":"<p>A arrecada\u00e7\u00e3o federal totalizou R$ 254,2 bilh\u00f5es em julho, o maior valor j\u00e1 registrado na s\u00e9rie hist\u00f3rica iniciada em 1995, segundo dados divulgados pela Receita Federal nesta quinta-feira (21). O valor representa uma alta real de 4,6% em rela\u00e7\u00e3o a julho de 2024, quando a arrecada\u00e7\u00e3o foi de R$ 231 bilh\u00f5es, e tamb\u00e9m supera o&#8230;<\/p>\n","protected":false},"author":2,"featured_media":3773,"comment_status":"open","ping_status":"open","sticky":false,"template":"","format":"standard","meta":{"footnotes":""},"categories":[25],"tags":[],"class_list":["post-3772","post","type-post","status-publish","format-standard","has-post-thumbnail","hentry","category-economia"],"yoast_head":"<!-- This site is optimized with the Yoast SEO plugin v27.3 - https:\/\/yoast.com\/product\/yoast-seo-wordpress\/ -->\n<title>Arrecada\u00e7\u00e3o federal bate recorde e soma R$ 254,2 bilh\u00f5es em julho -<\/title>\n<meta name=\"robots\" content=\"index, follow, max-snippet:-1, max-image-preview:large, max-video-preview:-1\" \/>\n<link rel=\"canonical\" href=\"https:\/\/oficialnoticias.com\/?p=3772\" \/>\n<meta property=\"og:locale\" content=\"pt_BR\" \/>\n<meta property=\"og:type\" content=\"article\" \/>\n<meta property=\"og:title\" content=\"Arrecada\u00e7\u00e3o federal bate recorde e soma R$ 254,2 bilh\u00f5es em julho -\" \/>\n<meta property=\"og:description\" content=\"A arrecada\u00e7\u00e3o federal totalizou R$ 254,2 bilh\u00f5es em julho, o maior valor j\u00e1 registrado na s\u00e9rie hist\u00f3rica iniciada em 1995, segundo dados divulgados pela Receita Federal nesta quinta-feira (21). O valor representa uma alta real de 4,6% em rela\u00e7\u00e3o a julho de 2024, quando a arrecada\u00e7\u00e3o foi de R$ 231 bilh\u00f5es, e tamb\u00e9m supera o...\" \/>\n<meta property=\"og:url\" content=\"https:\/\/oficialnoticias.com\/?p=3772\" \/>\n<meta property=\"article:published_time\" content=\"2025-08-21T18:24:55+00:00\" \/>\n<meta property=\"article:modified_time\" content=\"2025-08-21T18:25:00+00:00\" \/>\n<meta property=\"og:image\" content=\"https:\/\/oficialnoticias.com\/wp-content\/uploads\/2025\/08\/1755800697_urlhttps3A2F2Fk2-prod-radio-itatiaia.s3.us-east-1.amazonaws.com2Fbrightspot2Fbc2Fc82Fc0f45f.webp\" \/>\n\t<meta property=\"og:image:width\" content=\"1200\" \/>\n\t<meta property=\"og:image:height\" content=\"630\" \/>\n\t<meta property=\"og:image:type\" content=\"image\/webp\" \/>\n<meta name=\"author\" content=\"Luana Gon\u00e7alves\" \/>\n<meta name=\"twitter:card\" content=\"summary_large_image\" \/>\n<meta name=\"twitter:label1\" content=\"Escrito por\" \/>\n\t<meta name=\"twitter:data1\" content=\"Luana Gon\u00e7alves\" \/>\n\t<meta name=\"twitter:label2\" content=\"Est. tempo de leitura\" \/>\n\t<meta name=\"twitter:data2\" content=\"1 minuto\" \/>\n<script type=\"application\/ld+json\" class=\"yoast-schema-graph\">{\"@context\":\"https:\\\/\\\/schema.org\",\"@graph\":[{\"@type\":\"Article\",\"@id\":\"https:\\\/\\\/oficialnoticias.com\\\/?p=3772#article\",\"isPartOf\":{\"@id\":\"https:\\\/\\\/oficialnoticias.com\\\/?p=3772\"},\"author\":{\"name\":\"Luana Gon\u00e7alves\",\"@id\":\"https:\\\/\\\/oficialnoticias.com\\\/#\\\/schema\\\/person\\\/2d1dcbb6bfbc28d68171b4dc04723d4a\"},\"headline\":\"Arrecada\u00e7\u00e3o federal bate recorde e soma R$ 254,2 bilh\u00f5es em julho\",\"datePublished\":\"2025-08-21T18:24:55+00:00\",\"dateModified\":\"2025-08-21T18:25:00+00:00\",\"mainEntityOfPage\":{\"@id\":\"https:\\\/\\\/oficialnoticias.com\\\/?p=3772\"},\"wordCount\":293,\"commentCount\":0,\"publisher\":{\"@id\":\"https:\\\/\\\/oficialnoticias.com\\\/#organization\"},\"image\":{\"@id\":\"https:\\\/\\\/oficialnoticias.com\\\/?p=3772#primaryimage\"},\"thumbnailUrl\":\"https:\\\/\\\/oficialnoticias.com\\\/wp-content\\\/uploads\\\/2025\\\/08\\\/1755800697_urlhttps3A2F2Fk2-prod-radio-itatiaia.s3.us-east-1.amazonaws.com2Fbrightspot2Fbc2Fc82Fc0f45f.webp\",\"articleSection\":[\"Economia\"],\"inLanguage\":\"pt-BR\",\"potentialAction\":[{\"@type\":\"CommentAction\",\"name\":\"Comment\",\"target\":[\"https:\\\/\\\/oficialnoticias.com\\\/?p=3772#respond\"]}]},{\"@type\":\"WebPage\",\"@id\":\"https:\\\/\\\/oficialnoticias.com\\\/?p=3772\",\"url\":\"https:\\\/\\\/oficialnoticias.com\\\/?p=3772\",\"name\":\"Arrecada\u00e7\u00e3o federal bate recorde e soma R$ 254,2 bilh\u00f5es em julho -\",\"isPartOf\":{\"@id\":\"https:\\\/\\\/oficialnoticias.com\\\/#website\"},\"primaryImageOfPage\":{\"@id\":\"https:\\\/\\\/oficialnoticias.com\\\/?p=3772#primaryimage\"},\"image\":{\"@id\":\"https:\\\/\\\/oficialnoticias.com\\\/?p=3772#primaryimage\"},\"thumbnailUrl\":\"https:\\\/\\\/oficialnoticias.com\\\/wp-content\\\/uploads\\\/2025\\\/08\\\/1755800697_urlhttps3A2F2Fk2-prod-radio-itatiaia.s3.us-east-1.amazonaws.com2Fbrightspot2Fbc2Fc82Fc0f45f.webp\",\"datePublished\":\"2025-08-21T18:24:55+00:00\",\"dateModified\":\"2025-08-21T18:25:00+00:00\",\"breadcrumb\":{\"@id\":\"https:\\\/\\\/oficialnoticias.com\\\/?p=3772#breadcrumb\"},\"inLanguage\":\"pt-BR\",\"potentialAction\":[{\"@type\":\"ReadAction\",\"target\":[\"https:\\\/\\\/oficialnoticias.com\\\/?p=3772\"]}]},{\"@type\":\"ImageObject\",\"inLanguage\":\"pt-BR\",\"@id\":\"https:\\\/\\\/oficialnoticias.com\\\/?p=3772#primaryimage\",\"url\":\"https:\\\/\\\/oficialnoticias.com\\\/wp-content\\\/uploads\\\/2025\\\/08\\\/1755800697_urlhttps3A2F2Fk2-prod-radio-itatiaia.s3.us-east-1.amazonaws.com2Fbrightspot2Fbc2Fc82Fc0f45f.webp\",\"contentUrl\":\"https:\\\/\\\/oficialnoticias.com\\\/wp-content\\\/uploads\\\/2025\\\/08\\\/1755800697_urlhttps3A2F2Fk2-prod-radio-itatiaia.s3.us-east-1.amazonaws.com2Fbrightspot2Fbc2Fc82Fc0f45f.webp\",\"width\":1200,\"height\":630},{\"@type\":\"BreadcrumbList\",\"@id\":\"https:\\\/\\\/oficialnoticias.com\\\/?p=3772#breadcrumb\",\"itemListElement\":[{\"@type\":\"ListItem\",\"position\":1,\"name\":\"In\u00edcio\",\"item\":\"https:\\\/\\\/oficialnoticias.com\\\/\"},{\"@type\":\"ListItem\",\"position\":2,\"name\":\"Arrecada\u00e7\u00e3o federal bate recorde e soma R$ 254,2 bilh\u00f5es em julho\"}]},{\"@type\":\"WebSite\",\"@id\":\"https:\\\/\\\/oficialnoticias.com\\\/#website\",\"url\":\"https:\\\/\\\/oficialnoticias.com\\\/\",\"name\":\"oficial Noticias\",\"description\":\"\",\"publisher\":{\"@id\":\"https:\\\/\\\/oficialnoticias.com\\\/#organization\"},\"potentialAction\":[{\"@type\":\"SearchAction\",\"target\":{\"@type\":\"EntryPoint\",\"urlTemplate\":\"https:\\\/\\\/oficialnoticias.com\\\/?s={search_term_string}\"},\"query-input\":{\"@type\":\"PropertyValueSpecification\",\"valueRequired\":true,\"valueName\":\"search_term_string\"}}],\"inLanguage\":\"pt-BR\"},{\"@type\":\"Organization\",\"@id\":\"https:\\\/\\\/oficialnoticias.com\\\/#organization\",\"name\":\"oficial noticias\",\"url\":\"https:\\\/\\\/oficialnoticias.com\\\/\",\"logo\":{\"@type\":\"ImageObject\",\"inLanguage\":\"pt-BR\",\"@id\":\"https:\\\/\\\/oficialnoticias.com\\\/#\\\/schema\\\/logo\\\/image\\\/\",\"url\":\"https:\\\/\\\/oficialnoticias.com\\\/wp-content\\\/uploads\\\/2025\\\/08\\\/cropped-cropped-cropped-Logo-Noticias-e1753639739829.png\",\"contentUrl\":\"https:\\\/\\\/oficialnoticias.com\\\/wp-content\\\/uploads\\\/2025\\\/08\\\/cropped-cropped-cropped-Logo-Noticias-e1753639739829.png\",\"width\":119,\"height\":86,\"caption\":\"oficial noticias\"},\"image\":{\"@id\":\"https:\\\/\\\/oficialnoticias.com\\\/#\\\/schema\\\/logo\\\/image\\\/\"}},{\"@type\":\"Person\",\"@id\":\"https:\\\/\\\/oficialnoticias.com\\\/#\\\/schema\\\/person\\\/2d1dcbb6bfbc28d68171b4dc04723d4a\",\"name\":\"Luana Gon\u00e7alves\",\"image\":{\"@type\":\"ImageObject\",\"inLanguage\":\"pt-BR\",\"@id\":\"https:\\\/\\\/secure.gravatar.com\\\/avatar\\\/7aa6afdef873224c1a0265951f3fdfc0679f65dfbd15f018612595d323c52521?s=96&d=mm&r=g\",\"url\":\"https:\\\/\\\/secure.gravatar.com\\\/avatar\\\/7aa6afdef873224c1a0265951f3fdfc0679f65dfbd15f018612595d323c52521?s=96&d=mm&r=g\",\"contentUrl\":\"https:\\\/\\\/secure.gravatar.com\\\/avatar\\\/7aa6afdef873224c1a0265951f3fdfc0679f65dfbd15f018612595d323c52521?s=96&d=mm&r=g\",\"caption\":\"Luana Gon\u00e7alves\"},\"sameAs\":[\"https:\\\/\\\/oficialnoticias.com\\\/\"],\"url\":\"https:\\\/\\\/oficialnoticias.com\\\/?author=2\"}]}<\/script>\n<!-- \/ Yoast SEO plugin. -->","yoast_head_json":{"title":"Arrecada\u00e7\u00e3o federal bate recorde e soma R$ 254,2 bilh\u00f5es em julho -","robots":{"index":"index","follow":"follow","max-snippet":"max-snippet:-1","max-image-preview":"max-image-preview:large","max-video-preview":"max-video-preview:-1"},"canonical":"https:\/\/oficialnoticias.com\/?p=3772","og_locale":"pt_BR","og_type":"article","og_title":"Arrecada\u00e7\u00e3o federal bate recorde e soma R$ 254,2 bilh\u00f5es em julho -","og_description":"A arrecada\u00e7\u00e3o federal totalizou R$ 254,2 bilh\u00f5es em julho, o maior valor j\u00e1 registrado na s\u00e9rie hist\u00f3rica iniciada em 1995, segundo dados divulgados pela Receita Federal nesta quinta-feira (21). O valor representa uma alta real de 4,6% em rela\u00e7\u00e3o a julho de 2024, quando a arrecada\u00e7\u00e3o foi de R$ 231 bilh\u00f5es, e tamb\u00e9m supera o...","og_url":"https:\/\/oficialnoticias.com\/?p=3772","article_published_time":"2025-08-21T18:24:55+00:00","article_modified_time":"2025-08-21T18:25:00+00:00","og_image":[{"width":1200,"height":630,"url":"https:\/\/oficialnoticias.com\/wp-content\/uploads\/2025\/08\/1755800697_urlhttps3A2F2Fk2-prod-radio-itatiaia.s3.us-east-1.amazonaws.com2Fbrightspot2Fbc2Fc82Fc0f45f.webp","type":"image\/webp"}],"author":"Luana Gon\u00e7alves","twitter_card":"summary_large_image","twitter_misc":{"Escrito por":"Luana Gon\u00e7alves","Est. tempo de leitura":"1 minuto"},"schema":{"@context":"https:\/\/schema.org","@graph":[{"@type":"Article","@id":"https:\/\/oficialnoticias.com\/?p=3772#article","isPartOf":{"@id":"https:\/\/oficialnoticias.com\/?p=3772"},"author":{"name":"Luana Gon\u00e7alves","@id":"https:\/\/oficialnoticias.com\/#\/schema\/person\/2d1dcbb6bfbc28d68171b4dc04723d4a"},"headline":"Arrecada\u00e7\u00e3o federal bate recorde e soma R$ 254,2 bilh\u00f5es em julho","datePublished":"2025-08-21T18:24:55+00:00","dateModified":"2025-08-21T18:25:00+00:00","mainEntityOfPage":{"@id":"https:\/\/oficialnoticias.com\/?p=3772"},"wordCount":293,"commentCount":0,"publisher":{"@id":"https:\/\/oficialnoticias.com\/#organization"},"image":{"@id":"https:\/\/oficialnoticias.com\/?p=3772#primaryimage"},"thumbnailUrl":"https:\/\/oficialnoticias.com\/wp-content\/uploads\/2025\/08\/1755800697_urlhttps3A2F2Fk2-prod-radio-itatiaia.s3.us-east-1.amazonaws.com2Fbrightspot2Fbc2Fc82Fc0f45f.webp","articleSection":["Economia"],"inLanguage":"pt-BR","potentialAction":[{"@type":"CommentAction","name":"Comment","target":["https:\/\/oficialnoticias.com\/?p=3772#respond"]}]},{"@type":"WebPage","@id":"https:\/\/oficialnoticias.com\/?p=3772","url":"https:\/\/oficialnoticias.com\/?p=3772","name":"Arrecada\u00e7\u00e3o federal bate recorde e soma R$ 254,2 bilh\u00f5es em julho -","isPartOf":{"@id":"https:\/\/oficialnoticias.com\/#website"},"primaryImageOfPage":{"@id":"https:\/\/oficialnoticias.com\/?p=3772#primaryimage"},"image":{"@id":"https:\/\/oficialnoticias.com\/?p=3772#primaryimage"},"thumbnailUrl":"https:\/\/oficialnoticias.com\/wp-content\/uploads\/2025\/08\/1755800697_urlhttps3A2F2Fk2-prod-radio-itatiaia.s3.us-east-1.amazonaws.com2Fbrightspot2Fbc2Fc82Fc0f45f.webp","datePublished":"2025-08-21T18:24:55+00:00","dateModified":"2025-08-21T18:25:00+00:00","breadcrumb":{"@id":"https:\/\/oficialnoticias.com\/?p=3772#breadcrumb"},"inLanguage":"pt-BR","potentialAction":[{"@type":"ReadAction","target":["https:\/\/oficialnoticias.com\/?p=3772"]}]},{"@type":"ImageObject","inLanguage":"pt-BR","@id":"https:\/\/oficialnoticias.com\/?p=3772#primaryimage","url":"https:\/\/oficialnoticias.com\/wp-content\/uploads\/2025\/08\/1755800697_urlhttps3A2F2Fk2-prod-radio-itatiaia.s3.us-east-1.amazonaws.com2Fbrightspot2Fbc2Fc82Fc0f45f.webp","contentUrl":"https:\/\/oficialnoticias.com\/wp-content\/uploads\/2025\/08\/1755800697_urlhttps3A2F2Fk2-prod-radio-itatiaia.s3.us-east-1.amazonaws.com2Fbrightspot2Fbc2Fc82Fc0f45f.webp","width":1200,"height":630},{"@type":"BreadcrumbList","@id":"https:\/\/oficialnoticias.com\/?p=3772#breadcrumb","itemListElement":[{"@type":"ListItem","position":1,"name":"In\u00edcio","item":"https:\/\/oficialnoticias.com\/"},{"@type":"ListItem","position":2,"name":"Arrecada\u00e7\u00e3o federal bate recorde e soma R$ 254,2 bilh\u00f5es em julho"}]},{"@type":"WebSite","@id":"https:\/\/oficialnoticias.com\/#website","url":"https:\/\/oficialnoticias.com\/","name":"oficial Noticias","description":"","publisher":{"@id":"https:\/\/oficialnoticias.com\/#organization"},"potentialAction":[{"@type":"SearchAction","target":{"@type":"EntryPoint","urlTemplate":"https:\/\/oficialnoticias.com\/?s={search_term_string}"},"query-input":{"@type":"PropertyValueSpecification","valueRequired":true,"valueName":"search_term_string"}}],"inLanguage":"pt-BR"},{"@type":"Organization","@id":"https:\/\/oficialnoticias.com\/#organization","name":"oficial noticias","url":"https:\/\/oficialnoticias.com\/","logo":{"@type":"ImageObject","inLanguage":"pt-BR","@id":"https:\/\/oficialnoticias.com\/#\/schema\/logo\/image\/","url":"https:\/\/oficialnoticias.com\/wp-content\/uploads\/2025\/08\/cropped-cropped-cropped-Logo-Noticias-e1753639739829.png","contentUrl":"https:\/\/oficialnoticias.com\/wp-content\/uploads\/2025\/08\/cropped-cropped-cropped-Logo-Noticias-e1753639739829.png","width":119,"height":86,"caption":"oficial noticias"},"image":{"@id":"https:\/\/oficialnoticias.com\/#\/schema\/logo\/image\/"}},{"@type":"Person","@id":"https:\/\/oficialnoticias.com\/#\/schema\/person\/2d1dcbb6bfbc28d68171b4dc04723d4a","name":"Luana Gon\u00e7alves","image":{"@type":"ImageObject","inLanguage":"pt-BR","@id":"https:\/\/secure.gravatar.com\/avatar\/7aa6afdef873224c1a0265951f3fdfc0679f65dfbd15f018612595d323c52521?s=96&d=mm&r=g","url":"https:\/\/secure.gravatar.com\/avatar\/7aa6afdef873224c1a0265951f3fdfc0679f65dfbd15f018612595d323c52521?s=96&d=mm&r=g","contentUrl":"https:\/\/secure.gravatar.com\/avatar\/7aa6afdef873224c1a0265951f3fdfc0679f65dfbd15f018612595d323c52521?s=96&d=mm&r=g","caption":"Luana Gon\u00e7alves"},"sameAs":["https:\/\/oficialnoticias.com\/"],"url":"https:\/\/oficialnoticias.com\/?author=2"}]}},"_links":{"self":[{"href":"https:\/\/oficialnoticias.com\/index.php?rest_route=\/wp\/v2\/posts\/3772","targetHints":{"allow":["GET"]}}],"collection":[{"href":"https:\/\/oficialnoticias.com\/index.php?rest_route=\/wp\/v2\/posts"}],"about":[{"href":"https:\/\/oficialnoticias.com\/index.php?rest_route=\/wp\/v2\/types\/post"}],"author":[{"embeddable":true,"href":"https:\/\/oficialnoticias.com\/index.php?rest_route=\/wp\/v2\/users\/2"}],"replies":[{"embeddable":true,"href":"https:\/\/oficialnoticias.com\/index.php?rest_route=%2Fwp%2Fv2%2Fcomments&post=3772"}],"version-history":[{"count":1,"href":"https:\/\/oficialnoticias.com\/index.php?rest_route=\/wp\/v2\/posts\/3772\/revisions"}],"predecessor-version":[{"id":3774,"href":"https:\/\/oficialnoticias.com\/index.php?rest_route=\/wp\/v2\/posts\/3772\/revisions\/3774"}],"wp:featuredmedia":[{"embeddable":true,"href":"https:\/\/oficialnoticias.com\/index.php?rest_route=\/wp\/v2\/media\/3773"}],"wp:attachment":[{"href":"https:\/\/oficialnoticias.com\/index.php?rest_route=%2Fwp%2Fv2%2Fmedia&parent=3772"}],"wp:term":[{"taxonomy":"category","embeddable":true,"href":"https:\/\/oficialnoticias.com\/index.php?rest_route=%2Fwp%2Fv2%2Fcategories&post=3772"},{"taxonomy":"post_tag","embeddable":true,"href":"https:\/\/oficialnoticias.com\/index.php?rest_route=%2Fwp%2Fv2%2Ftags&post=3772"}],"curies":[{"name":"wp","href":"https:\/\/api.w.org\/{rel}","templated":true}]}}