{"id":3461,"date":"2025-08-20T10:32:39","date_gmt":"2025-08-20T13:32:39","guid":{"rendered":"https:\/\/oficialnoticias.com\/?p=3461"},"modified":"2025-08-20T10:32:43","modified_gmt":"2025-08-20T13:32:43","slug":"kim-jong-un-declara-expansao-nuclear-apos-exercicios-militares-dos-eua-e-coreia-do-sul","status":"publish","type":"post","link":"https:\/\/oficialnoticias.com\/?p=3461","title":{"rendered":"Kim Jong Un declara expans\u00e3o nuclear ap\u00f3s exerc\u00edcios militares dos EUA e Coreia do Sul"},"content":{"rendered":"<p>\n<\/p>\n<div>\n<p>O l\u00edder norte-coreano, Kim Jong Un, incitou, nesta ter\u00e7a-feira (19), uma \u201cr\u00e1pida expans\u00e3o\u201d da capacidade de armas nucleares da Coreia do Norte, ap\u00f3s os exerc\u00edcios militares dos <bsp-link-enhancement><br \/>\n    <span class=\"LinkEnhancement\"><a class=\"Link\" href=\"https:\/\/www.itatiaia.com.br\/mundo\/2024\/06\/23\/em-meio-a-tensoes-estados-unidos-enviam-porta-avioes-com-capacidade-nuclear-a-coreia-do-sul\" title=\"Estados Unidos e da Coreia do Sul\">Estados Unidos e da Coreia do Sul<\/a><\/span><\/bsp-link-enhancement>. Segundo ele, os pa\u00edses podem \u201ccome\u00e7ar uma guerra\u201d.<\/p>\n<p>\u201cA intensifica\u00e7\u00e3o do v\u00ednculo entre os Estados Unidos e a Coreia do Sul e sua demonstra\u00e7\u00e3o de for\u00e7a s\u00e3o a manifesta\u00e7\u00e3o mais \u00f3bvia de sua disposi\u00e7\u00e3o para iniciar uma guerra\u201d, declarou Kim, citado pela ag\u00eancia de not\u00edcias oficial KCNA.<\/p>\n<p>\u201cA situa\u00e7\u00e3o prevalecente exige que fa\u00e7amos uma mudan\u00e7a r\u00e1pida, radicalizemos as teorias e pr\u00e1ticas militares existentes e expandamos rapidamente a nucleariza\u00e7\u00e3o\u201d, acrescentou.<\/p>\n<p>O<bsp-link-enhancement><br \/>\n    <span class=\"LinkEnhancement\"><a class=\"Link\" href=\"https:\/\/www.itatiaia.com.br\/mundo\/2024\/09\/13\/kim-jong-un-aparece-visitando-programa-de-armas-nucleares-em-novas-fotos-veja\" title=\" l\u00edder\"> l\u00edder<\/a><\/span><\/bsp-link-enhancement> visitou, na segunda-feira (18), o destr\u00f3ier <bsp-link-enhancement><br \/>\n    <span class=\"LinkEnhancement\"><a class=\"Link\" href=\"https:\/\/www.itatiaia.com.br\/mundo\/2025\/03\/09\/coreia-do-norte-revela-construcao-de-submarino-nuclear-que-ameacaria-coreia-do-sul-e-eua\" title=\"Choe Hyon, maior navio de guerra j\u00e1 produzido pela Coreia do Norte\">Choe Hyon, maior navio de guerra j\u00e1 produzido pela Coreia do Norte<\/a><\/span><\/bsp-link-enhancement>, e recebeu um relat\u00f3rio sobre o sistema de armas do navio.<\/p>\n<p>Kim Jong Un expressou sua satisfa\u00e7\u00e3o pelo fato de que \u201cas principais tarefas para tornar a marinha de alta tecnologia e equipada com armas nucleares\u201d estavam \u201cavan\u00e7ando de acordo com os planos\u201d, segundo a KCNA.<\/p>\n<p><bsp-list-loadmore class=\"PageListStandardG\" data-module=\"\" data-show-loadmore=\"true\" data-list-title-size=\"3\" data-list-description-size=\"3\"><\/p>\n<p>    <a class=\"AnchorLink\" title=\"leia-tambem\" name=\"leia-tambem\"\/><\/p>\n<p><\/bsp-list-loadmore><\/p>\n<h2>Exerc\u00edcios Militares<\/h2>\n<p>Os Estados Unidos e a Coreia do Sul iniciaram <bsp-link-enhancement><br \/>\n    <span class=\"LinkEnhancement\"><a class=\"Link\" href=\"https:\/\/www.itatiaia.com.br\/mundo\/2024\/06\/23\/em-meio-a-tensoes-estados-unidos-enviam-porta-avioes-com-capacidade-nuclear-a-coreia-do-sul\" title=\"exerc\u00edcios militares\">exerc\u00edcios militares<\/a><\/span><\/bsp-link-enhancement> conjuntos em prepara\u00e7\u00e3o para poss\u00edveis amea\u00e7as do Norte na \u00faltima segunda-feira (18).<\/p>\n<p>Os exerc\u00edcios de 11 dias incluem \u201cv\u00e1rios eventos de treinamento em grande escala com fogo real\u201d, indicou o Ex\u00e9rcito americano em um comunicado, informou a AFP.<\/p>\n<p>Na sexta-feira (15), o presidente sul-coreano, Lee Jae Myung, prometeu \u201crespeitar\u201d o sistema pol\u00edtico norte-coreano e gerar \u201cconfian\u00e7a militar\u201d, um dia depois de Pyongyang afirmar que n\u00e3o tem interesse em melhorar as rela\u00e7\u00f5es com Seul.<\/p>\n<\/p><\/div>\n<p><script>\n  window.fbAsyncInit = function() {\n      FB.init({\n              appId : '1447052969554341',\n          xfbml : true,\n          version : 'v2.9'\n      });\n  };\n  (function(d, s, id){\n     var js, fjs = d.getElementsByTagName(s)[0];\n     if (d.getElementById(id)) {return;}\n     js = d.createElement(s); js.id = id;\n     js.src = \"https:\/\/connect.facebook.net\/en_US\/sdk.js\";\n     fjs.parentNode.insertBefore(js, fjs);\n   }(document, 'script', 'facebook-jssdk'));\n<\/script><br \/>\n  <\/a><\/p>\n","protected":false},"excerpt":{"rendered":"<p>O l\u00edder norte-coreano, Kim Jong Un, incitou, nesta ter\u00e7a-feira (19), uma \u201cr\u00e1pida expans\u00e3o\u201d da capacidade de armas nucleares da Coreia do Norte, ap\u00f3s os exerc\u00edcios militares dos Estados Unidos e da Coreia do Sul. Segundo ele, os pa\u00edses podem \u201ccome\u00e7ar uma guerra\u201d. \u201cA intensifica\u00e7\u00e3o do v\u00ednculo entre os Estados Unidos e a Coreia do Sul&#8230;<\/p>\n","protected":false},"author":2,"featured_media":3462,"comment_status":"open","ping_status":"open","sticky":false,"template":"","format":"standard","meta":{"footnotes":""},"categories":[2],"tags":[],"class_list":["post-3461","post","type-post","status-publish","format-standard","has-post-thumbnail","hentry","category-decor"],"yoast_head":"<!-- This site is optimized with the Yoast SEO plugin v27.3 - https:\/\/yoast.com\/product\/yoast-seo-wordpress\/ -->\n<title>Kim Jong Un declara expans\u00e3o nuclear ap\u00f3s exerc\u00edcios militares dos EUA e Coreia do Sul -<\/title>\n<meta name=\"robots\" content=\"index, follow, max-snippet:-1, max-image-preview:large, max-video-preview:-1\" \/>\n<link rel=\"canonical\" href=\"https:\/\/oficialnoticias.com\/?p=3461\" \/>\n<meta property=\"og:locale\" content=\"pt_BR\" \/>\n<meta property=\"og:type\" content=\"article\" \/>\n<meta property=\"og:title\" content=\"Kim Jong Un declara expans\u00e3o nuclear ap\u00f3s exerc\u00edcios militares dos EUA e Coreia do Sul -\" \/>\n<meta property=\"og:description\" content=\"O l\u00edder norte-coreano, Kim Jong Un, incitou, nesta ter\u00e7a-feira (19), uma \u201cr\u00e1pida expans\u00e3o\u201d da capacidade de armas nucleares da Coreia do Norte, ap\u00f3s os exerc\u00edcios militares dos Estados Unidos e da Coreia do Sul. Segundo ele, os pa\u00edses podem \u201ccome\u00e7ar uma guerra\u201d. \u201cA intensifica\u00e7\u00e3o do v\u00ednculo entre os Estados Unidos e a Coreia do Sul...\" \/>\n<meta property=\"og:url\" content=\"https:\/\/oficialnoticias.com\/?p=3461\" \/>\n<meta property=\"article:published_time\" content=\"2025-08-20T13:32:39+00:00\" \/>\n<meta property=\"article:modified_time\" content=\"2025-08-20T13:32:43+00:00\" \/>\n<meta property=\"og:image\" content=\"https:\/\/oficialnoticias.com\/wp-content\/uploads\/2025\/08\/urlhttps3A2F2Fk2-prod-radio-itatiaia.s3.us-east-1.amazonaws.com2Fbrightspot2F392F492F9b5f34.webp\" \/>\n\t<meta property=\"og:image:width\" content=\"1200\" \/>\n\t<meta property=\"og:image:height\" content=\"630\" \/>\n\t<meta property=\"og:image:type\" content=\"image\/webp\" \/>\n<meta name=\"author\" content=\"Luana Gon\u00e7alves\" \/>\n<meta name=\"twitter:card\" content=\"summary_large_image\" \/>\n<meta name=\"twitter:label1\" content=\"Escrito por\" \/>\n\t<meta name=\"twitter:data1\" content=\"Luana Gon\u00e7alves\" \/>\n\t<meta name=\"twitter:label2\" content=\"Est. tempo de leitura\" \/>\n\t<meta name=\"twitter:data2\" content=\"1 minuto\" \/>\n<script type=\"application\/ld+json\" class=\"yoast-schema-graph\">{\"@context\":\"https:\\\/\\\/schema.org\",\"@graph\":[{\"@type\":\"Article\",\"@id\":\"https:\\\/\\\/oficialnoticias.com\\\/?p=3461#article\",\"isPartOf\":{\"@id\":\"https:\\\/\\\/oficialnoticias.com\\\/?p=3461\"},\"author\":{\"name\":\"Luana Gon\u00e7alves\",\"@id\":\"https:\\\/\\\/oficialnoticias.com\\\/#\\\/schema\\\/person\\\/2d1dcbb6bfbc28d68171b4dc04723d4a\"},\"headline\":\"Kim Jong Un declara expans\u00e3o nuclear ap\u00f3s exerc\u00edcios militares dos EUA e Coreia do Sul\",\"datePublished\":\"2025-08-20T13:32:39+00:00\",\"dateModified\":\"2025-08-20T13:32:43+00:00\",\"mainEntityOfPage\":{\"@id\":\"https:\\\/\\\/oficialnoticias.com\\\/?p=3461\"},\"wordCount\":308,\"commentCount\":0,\"publisher\":{\"@id\":\"https:\\\/\\\/oficialnoticias.com\\\/#organization\"},\"image\":{\"@id\":\"https:\\\/\\\/oficialnoticias.com\\\/?p=3461#primaryimage\"},\"thumbnailUrl\":\"https:\\\/\\\/oficialnoticias.com\\\/wp-content\\\/uploads\\\/2025\\\/08\\\/urlhttps3A2F2Fk2-prod-radio-itatiaia.s3.us-east-1.amazonaws.com2Fbrightspot2F392F492F9b5f34.webp\",\"articleSection\":[\"Mundo\"],\"inLanguage\":\"pt-BR\",\"potentialAction\":[{\"@type\":\"CommentAction\",\"name\":\"Comment\",\"target\":[\"https:\\\/\\\/oficialnoticias.com\\\/?p=3461#respond\"]}]},{\"@type\":\"WebPage\",\"@id\":\"https:\\\/\\\/oficialnoticias.com\\\/?p=3461\",\"url\":\"https:\\\/\\\/oficialnoticias.com\\\/?p=3461\",\"name\":\"Kim Jong Un declara expans\u00e3o nuclear ap\u00f3s exerc\u00edcios militares dos EUA e Coreia do Sul -\",\"isPartOf\":{\"@id\":\"https:\\\/\\\/oficialnoticias.com\\\/#website\"},\"primaryImageOfPage\":{\"@id\":\"https:\\\/\\\/oficialnoticias.com\\\/?p=3461#primaryimage\"},\"image\":{\"@id\":\"https:\\\/\\\/oficialnoticias.com\\\/?p=3461#primaryimage\"},\"thumbnailUrl\":\"https:\\\/\\\/oficialnoticias.com\\\/wp-content\\\/uploads\\\/2025\\\/08\\\/urlhttps3A2F2Fk2-prod-radio-itatiaia.s3.us-east-1.amazonaws.com2Fbrightspot2F392F492F9b5f34.webp\",\"datePublished\":\"2025-08-20T13:32:39+00:00\",\"dateModified\":\"2025-08-20T13:32:43+00:00\",\"breadcrumb\":{\"@id\":\"https:\\\/\\\/oficialnoticias.com\\\/?p=3461#breadcrumb\"},\"inLanguage\":\"pt-BR\",\"potentialAction\":[{\"@type\":\"ReadAction\",\"target\":[\"https:\\\/\\\/oficialnoticias.com\\\/?p=3461\"]}]},{\"@type\":\"ImageObject\",\"inLanguage\":\"pt-BR\",\"@id\":\"https:\\\/\\\/oficialnoticias.com\\\/?p=3461#primaryimage\",\"url\":\"https:\\\/\\\/oficialnoticias.com\\\/wp-content\\\/uploads\\\/2025\\\/08\\\/urlhttps3A2F2Fk2-prod-radio-itatiaia.s3.us-east-1.amazonaws.com2Fbrightspot2F392F492F9b5f34.webp\",\"contentUrl\":\"https:\\\/\\\/oficialnoticias.com\\\/wp-content\\\/uploads\\\/2025\\\/08\\\/urlhttps3A2F2Fk2-prod-radio-itatiaia.s3.us-east-1.amazonaws.com2Fbrightspot2F392F492F9b5f34.webp\",\"width\":1200,\"height\":630},{\"@type\":\"BreadcrumbList\",\"@id\":\"https:\\\/\\\/oficialnoticias.com\\\/?p=3461#breadcrumb\",\"itemListElement\":[{\"@type\":\"ListItem\",\"position\":1,\"name\":\"In\u00edcio\",\"item\":\"https:\\\/\\\/oficialnoticias.com\\\/\"},{\"@type\":\"ListItem\",\"position\":2,\"name\":\"Kim Jong Un declara expans\u00e3o nuclear ap\u00f3s exerc\u00edcios militares dos EUA e Coreia do Sul\"}]},{\"@type\":\"WebSite\",\"@id\":\"https:\\\/\\\/oficialnoticias.com\\\/#website\",\"url\":\"https:\\\/\\\/oficialnoticias.com\\\/\",\"name\":\"oficial Noticias\",\"description\":\"\",\"publisher\":{\"@id\":\"https:\\\/\\\/oficialnoticias.com\\\/#organization\"},\"potentialAction\":[{\"@type\":\"SearchAction\",\"target\":{\"@type\":\"EntryPoint\",\"urlTemplate\":\"https:\\\/\\\/oficialnoticias.com\\\/?s={search_term_string}\"},\"query-input\":{\"@type\":\"PropertyValueSpecification\",\"valueRequired\":true,\"valueName\":\"search_term_string\"}}],\"inLanguage\":\"pt-BR\"},{\"@type\":\"Organization\",\"@id\":\"https:\\\/\\\/oficialnoticias.com\\\/#organization\",\"name\":\"oficial noticias\",\"url\":\"https:\\\/\\\/oficialnoticias.com\\\/\",\"logo\":{\"@type\":\"ImageObject\",\"inLanguage\":\"pt-BR\",\"@id\":\"https:\\\/\\\/oficialnoticias.com\\\/#\\\/schema\\\/logo\\\/image\\\/\",\"url\":\"https:\\\/\\\/oficialnoticias.com\\\/wp-content\\\/uploads\\\/2025\\\/08\\\/cropped-cropped-cropped-Logo-Noticias-e1753639739829.png\",\"contentUrl\":\"https:\\\/\\\/oficialnoticias.com\\\/wp-content\\\/uploads\\\/2025\\\/08\\\/cropped-cropped-cropped-Logo-Noticias-e1753639739829.png\",\"width\":119,\"height\":86,\"caption\":\"oficial noticias\"},\"image\":{\"@id\":\"https:\\\/\\\/oficialnoticias.com\\\/#\\\/schema\\\/logo\\\/image\\\/\"}},{\"@type\":\"Person\",\"@id\":\"https:\\\/\\\/oficialnoticias.com\\\/#\\\/schema\\\/person\\\/2d1dcbb6bfbc28d68171b4dc04723d4a\",\"name\":\"Luana Gon\u00e7alves\",\"image\":{\"@type\":\"ImageObject\",\"inLanguage\":\"pt-BR\",\"@id\":\"https:\\\/\\\/secure.gravatar.com\\\/avatar\\\/7aa6afdef873224c1a0265951f3fdfc0679f65dfbd15f018612595d323c52521?s=96&d=mm&r=g\",\"url\":\"https:\\\/\\\/secure.gravatar.com\\\/avatar\\\/7aa6afdef873224c1a0265951f3fdfc0679f65dfbd15f018612595d323c52521?s=96&d=mm&r=g\",\"contentUrl\":\"https:\\\/\\\/secure.gravatar.com\\\/avatar\\\/7aa6afdef873224c1a0265951f3fdfc0679f65dfbd15f018612595d323c52521?s=96&d=mm&r=g\",\"caption\":\"Luana Gon\u00e7alves\"},\"sameAs\":[\"https:\\\/\\\/oficialnoticias.com\\\/\"],\"url\":\"https:\\\/\\\/oficialnoticias.com\\\/?author=2\"}]}<\/script>\n<!-- \/ Yoast SEO plugin. -->","yoast_head_json":{"title":"Kim Jong Un declara expans\u00e3o nuclear ap\u00f3s exerc\u00edcios militares dos EUA e Coreia do Sul -","robots":{"index":"index","follow":"follow","max-snippet":"max-snippet:-1","max-image-preview":"max-image-preview:large","max-video-preview":"max-video-preview:-1"},"canonical":"https:\/\/oficialnoticias.com\/?p=3461","og_locale":"pt_BR","og_type":"article","og_title":"Kim Jong Un declara expans\u00e3o nuclear ap\u00f3s exerc\u00edcios militares dos EUA e Coreia do Sul -","og_description":"O l\u00edder norte-coreano, Kim Jong Un, incitou, nesta ter\u00e7a-feira (19), uma \u201cr\u00e1pida expans\u00e3o\u201d da capacidade de armas nucleares da Coreia do Norte, ap\u00f3s os exerc\u00edcios militares dos Estados Unidos e da Coreia do Sul. Segundo ele, os pa\u00edses podem \u201ccome\u00e7ar uma guerra\u201d. \u201cA intensifica\u00e7\u00e3o do v\u00ednculo entre os Estados Unidos e a Coreia do Sul...","og_url":"https:\/\/oficialnoticias.com\/?p=3461","article_published_time":"2025-08-20T13:32:39+00:00","article_modified_time":"2025-08-20T13:32:43+00:00","og_image":[{"width":1200,"height":630,"url":"https:\/\/oficialnoticias.com\/wp-content\/uploads\/2025\/08\/urlhttps3A2F2Fk2-prod-radio-itatiaia.s3.us-east-1.amazonaws.com2Fbrightspot2F392F492F9b5f34.webp","type":"image\/webp"}],"author":"Luana Gon\u00e7alves","twitter_card":"summary_large_image","twitter_misc":{"Escrito por":"Luana Gon\u00e7alves","Est. tempo de leitura":"1 minuto"},"schema":{"@context":"https:\/\/schema.org","@graph":[{"@type":"Article","@id":"https:\/\/oficialnoticias.com\/?p=3461#article","isPartOf":{"@id":"https:\/\/oficialnoticias.com\/?p=3461"},"author":{"name":"Luana Gon\u00e7alves","@id":"https:\/\/oficialnoticias.com\/#\/schema\/person\/2d1dcbb6bfbc28d68171b4dc04723d4a"},"headline":"Kim Jong Un declara expans\u00e3o nuclear ap\u00f3s exerc\u00edcios militares dos EUA e Coreia do Sul","datePublished":"2025-08-20T13:32:39+00:00","dateModified":"2025-08-20T13:32:43+00:00","mainEntityOfPage":{"@id":"https:\/\/oficialnoticias.com\/?p=3461"},"wordCount":308,"commentCount":0,"publisher":{"@id":"https:\/\/oficialnoticias.com\/#organization"},"image":{"@id":"https:\/\/oficialnoticias.com\/?p=3461#primaryimage"},"thumbnailUrl":"https:\/\/oficialnoticias.com\/wp-content\/uploads\/2025\/08\/urlhttps3A2F2Fk2-prod-radio-itatiaia.s3.us-east-1.amazonaws.com2Fbrightspot2F392F492F9b5f34.webp","articleSection":["Mundo"],"inLanguage":"pt-BR","potentialAction":[{"@type":"CommentAction","name":"Comment","target":["https:\/\/oficialnoticias.com\/?p=3461#respond"]}]},{"@type":"WebPage","@id":"https:\/\/oficialnoticias.com\/?p=3461","url":"https:\/\/oficialnoticias.com\/?p=3461","name":"Kim Jong Un declara expans\u00e3o nuclear ap\u00f3s exerc\u00edcios militares dos EUA e Coreia do Sul -","isPartOf":{"@id":"https:\/\/oficialnoticias.com\/#website"},"primaryImageOfPage":{"@id":"https:\/\/oficialnoticias.com\/?p=3461#primaryimage"},"image":{"@id":"https:\/\/oficialnoticias.com\/?p=3461#primaryimage"},"thumbnailUrl":"https:\/\/oficialnoticias.com\/wp-content\/uploads\/2025\/08\/urlhttps3A2F2Fk2-prod-radio-itatiaia.s3.us-east-1.amazonaws.com2Fbrightspot2F392F492F9b5f34.webp","datePublished":"2025-08-20T13:32:39+00:00","dateModified":"2025-08-20T13:32:43+00:00","breadcrumb":{"@id":"https:\/\/oficialnoticias.com\/?p=3461#breadcrumb"},"inLanguage":"pt-BR","potentialAction":[{"@type":"ReadAction","target":["https:\/\/oficialnoticias.com\/?p=3461"]}]},{"@type":"ImageObject","inLanguage":"pt-BR","@id":"https:\/\/oficialnoticias.com\/?p=3461#primaryimage","url":"https:\/\/oficialnoticias.com\/wp-content\/uploads\/2025\/08\/urlhttps3A2F2Fk2-prod-radio-itatiaia.s3.us-east-1.amazonaws.com2Fbrightspot2F392F492F9b5f34.webp","contentUrl":"https:\/\/oficialnoticias.com\/wp-content\/uploads\/2025\/08\/urlhttps3A2F2Fk2-prod-radio-itatiaia.s3.us-east-1.amazonaws.com2Fbrightspot2F392F492F9b5f34.webp","width":1200,"height":630},{"@type":"BreadcrumbList","@id":"https:\/\/oficialnoticias.com\/?p=3461#breadcrumb","itemListElement":[{"@type":"ListItem","position":1,"name":"In\u00edcio","item":"https:\/\/oficialnoticias.com\/"},{"@type":"ListItem","position":2,"name":"Kim Jong Un declara expans\u00e3o nuclear ap\u00f3s exerc\u00edcios militares dos EUA e Coreia do Sul"}]},{"@type":"WebSite","@id":"https:\/\/oficialnoticias.com\/#website","url":"https:\/\/oficialnoticias.com\/","name":"oficial Noticias","description":"","publisher":{"@id":"https:\/\/oficialnoticias.com\/#organization"},"potentialAction":[{"@type":"SearchAction","target":{"@type":"EntryPoint","urlTemplate":"https:\/\/oficialnoticias.com\/?s={search_term_string}"},"query-input":{"@type":"PropertyValueSpecification","valueRequired":true,"valueName":"search_term_string"}}],"inLanguage":"pt-BR"},{"@type":"Organization","@id":"https:\/\/oficialnoticias.com\/#organization","name":"oficial noticias","url":"https:\/\/oficialnoticias.com\/","logo":{"@type":"ImageObject","inLanguage":"pt-BR","@id":"https:\/\/oficialnoticias.com\/#\/schema\/logo\/image\/","url":"https:\/\/oficialnoticias.com\/wp-content\/uploads\/2025\/08\/cropped-cropped-cropped-Logo-Noticias-e1753639739829.png","contentUrl":"https:\/\/oficialnoticias.com\/wp-content\/uploads\/2025\/08\/cropped-cropped-cropped-Logo-Noticias-e1753639739829.png","width":119,"height":86,"caption":"oficial noticias"},"image":{"@id":"https:\/\/oficialnoticias.com\/#\/schema\/logo\/image\/"}},{"@type":"Person","@id":"https:\/\/oficialnoticias.com\/#\/schema\/person\/2d1dcbb6bfbc28d68171b4dc04723d4a","name":"Luana Gon\u00e7alves","image":{"@type":"ImageObject","inLanguage":"pt-BR","@id":"https:\/\/secure.gravatar.com\/avatar\/7aa6afdef873224c1a0265951f3fdfc0679f65dfbd15f018612595d323c52521?s=96&d=mm&r=g","url":"https:\/\/secure.gravatar.com\/avatar\/7aa6afdef873224c1a0265951f3fdfc0679f65dfbd15f018612595d323c52521?s=96&d=mm&r=g","contentUrl":"https:\/\/secure.gravatar.com\/avatar\/7aa6afdef873224c1a0265951f3fdfc0679f65dfbd15f018612595d323c52521?s=96&d=mm&r=g","caption":"Luana Gon\u00e7alves"},"sameAs":["https:\/\/oficialnoticias.com\/"],"url":"https:\/\/oficialnoticias.com\/?author=2"}]}},"_links":{"self":[{"href":"https:\/\/oficialnoticias.com\/index.php?rest_route=\/wp\/v2\/posts\/3461","targetHints":{"allow":["GET"]}}],"collection":[{"href":"https:\/\/oficialnoticias.com\/index.php?rest_route=\/wp\/v2\/posts"}],"about":[{"href":"https:\/\/oficialnoticias.com\/index.php?rest_route=\/wp\/v2\/types\/post"}],"author":[{"embeddable":true,"href":"https:\/\/oficialnoticias.com\/index.php?rest_route=\/wp\/v2\/users\/2"}],"replies":[{"embeddable":true,"href":"https:\/\/oficialnoticias.com\/index.php?rest_route=%2Fwp%2Fv2%2Fcomments&post=3461"}],"version-history":[{"count":1,"href":"https:\/\/oficialnoticias.com\/index.php?rest_route=\/wp\/v2\/posts\/3461\/revisions"}],"predecessor-version":[{"id":3463,"href":"https:\/\/oficialnoticias.com\/index.php?rest_route=\/wp\/v2\/posts\/3461\/revisions\/3463"}],"wp:featuredmedia":[{"embeddable":true,"href":"https:\/\/oficialnoticias.com\/index.php?rest_route=\/wp\/v2\/media\/3462"}],"wp:attachment":[{"href":"https:\/\/oficialnoticias.com\/index.php?rest_route=%2Fwp%2Fv2%2Fmedia&parent=3461"}],"wp:term":[{"taxonomy":"category","embeddable":true,"href":"https:\/\/oficialnoticias.com\/index.php?rest_route=%2Fwp%2Fv2%2Fcategories&post=3461"},{"taxonomy":"post_tag","embeddable":true,"href":"https:\/\/oficialnoticias.com\/index.php?rest_route=%2Fwp%2Fv2%2Ftags&post=3461"}],"curies":[{"name":"wp","href":"https:\/\/api.w.org\/{rel}","templated":true}]}}