{"id":3440,"date":"2025-08-20T07:41:42","date_gmt":"2025-08-20T10:41:42","guid":{"rendered":"https:\/\/oficialnoticias.com\/?p=3440"},"modified":"2025-08-20T07:41:47","modified_gmt":"2025-08-20T10:41:47","slug":"pelo-fim-da-oscilacao-vasco-visita-o-juventude-em-jogo-atrasado-do-brasileiro","status":"publish","type":"post","link":"https:\/\/oficialnoticias.com\/?p=3440","title":{"rendered":"Pelo fim da oscila\u00e7\u00e3o, Vasco visita o Juventude em jogo atrasado do Brasileiro"},"content":{"rendered":"<p><\/p>\n<div>\n<p><bsp-link-enhancement><br \/>\n    <span class=\"LinkEnhancement\"><a class=\"Link\" href=\"https:\/\/www.itatiaia.com.br\/esportes\/futebol\/futebol-nacional\/brasileirao-serie-a\/com-show-de-coutinho-vasco-aplica-goleada-historica-no-santos-de-neymar\" target=\"_blank\" title=\"&lt;b&gt;&lt;u&gt;Ap\u00f3s o massacre contra o Santos&lt;\/u&gt;&lt;\/b&gt;\" rel=\"noopener\"><b><u>Ap\u00f3s o massacre contra o Santos<\/u><\/b><\/a><\/span><\/bsp-link-enhancement>, o <bsp-link-enhancement><br \/>\n    <span class=\"LinkEnhancement\"><a class=\"Link\" href=\"https:\/\/www.itatiaia.com.br\/esportes\/futebol\/futebol-nacional\/futebol-carioca\/vasco\" title=\"&lt;b&gt;Vasco &lt;\/b&gt;\"><b>Vasco <\/b><\/a><\/span><\/bsp-link-enhancement>quer mostrar que acabou a oscila\u00e7\u00e3o e ter\u00e1 vida mais f\u00e1cil na<bsp-link-enhancement><br \/>\n    <span class=\"LinkEnhancement\"><a class=\"Link\" href=\"https:\/\/www.itatiaia.com.br\/esportes\/futebol\/futebol-nacional\/brasileirao-serie-a\" title=\"&lt;b&gt; S\u00e9rie A do Campeonato Brasileiro&lt;\/b&gt;\"><b> S\u00e9rie A do Campeonato Brasileiro<\/b><\/a><\/span><\/bsp-link-enhancement>. Em jogo atrasado da 14\u00aa do torneio, os cariocas visitam o <bsp-link-enhancement><br \/>\n    <span class=\"LinkEnhancement\"><a class=\"Link\" href=\"https:\/\/www.itatiaia.com.br\/esportes\/futebol\/futebol-nacional\/futebol-do-sul\/juventude\" title=\"&lt;b&gt;Juventude&lt;\/b&gt;\"><b>Juventude<\/b><\/a><\/span><\/bsp-link-enhancement>, no Est\u00e1dio Alfredo Jaconi, em Caxias do Sul, \u00e0s 19h (de Bras\u00edlia).<\/p>\n<p><bsp-link-enhancement><br \/>\n    <span class=\"LinkEnhancement\"><a class=\"Link\" href=\"https:\/\/www.itatiaia.com.br\/esportes\/ao-vivo\/2025\/08\/20\/juventude-x-vasco\" title=\"&lt;b&gt;O portal Itatiaia Esporte traz a narra\u00e7\u00e3o em tempo real desse e de todos os jogos do Campeonato Brasileiro. Resultados, classifica\u00e7\u00e3o e artilharia s\u00e3o atualizados a cada gol.&lt;\/b&gt;\"><b>O portal Itatiaia Esporte traz a narra\u00e7\u00e3o em tempo real desse e de todos os jogos do Campeonato Brasileiro. Resultados, classifica\u00e7\u00e3o e artilharia s\u00e3o atualizados a cada gol.<\/b><\/a><\/span><\/bsp-link-enhancement><\/p>\n<p>Foram cinco jogos sem vencer no torneio nacional, mas a equipe lavou a alma com o atropelo de 6 a 0 sobre o Peixe<b>,<\/b> fora de casa. O Ju tamb\u00e9m conquistou um bom resultado <bsp-link-enhancement><br \/>\n    <span class=\"LinkEnhancement\"><a class=\"Link\" href=\"https:\/\/www.itatiaia.com.br\/esportes\/futebol\/futebol-nacional\/brasileirao-serie-a\/em-jogo-polemico-vitoria-e-juventude-empatam-no-barradao-pelo-brasileirao\" target=\"_blank\" title=\"&lt;b&gt;&lt;u&gt;ao arrancar um empate contra o Vit\u00f3ria&lt;\/u&gt;&lt;\/b&gt;\" rel=\"noopener\"><b><u>ao arrancar um empate contra o Vit\u00f3ria<\/u><\/b><\/a><\/span><\/bsp-link-enhancement>, fora de casa, ap\u00f3s esta perdendo por 2 a 0 .<\/p>\n<p><bsp-list-loadmore class=\"PageListStandardG\" data-module=\"\" data-show-loadmore=\"true\" data-list-title-size=\"3\" data-list-description-size=\"3\"><\/p>\n<p>    <a class=\"AnchorLink\" title=\"leia-tambem\" name=\"leia-tambem\"\/><\/p>\n<p><\/bsp-list-loadmore><\/p>\n<p>Fernando Diniz sempre afirmou que o Cruzmaltino tinha boas atua\u00e7\u00f5es, mas a bola n\u00e3o entrava. Diante do Santos entrou e por isso um confronto como este no dif\u00edcil est\u00e1dio do time ga\u00facho pode ser a confirma\u00e7\u00e3o do bom momento.<\/p>\n<p>Com 19 pontos, o Vasco \u00e9 o 16\u00ba colocado com 18 jogos disputados. Ou seja, um triunfo neste jogo atrasado d\u00e1 um bom al\u00edvio contra o Z4. Uma nova vit\u00f3ria joga a equipe para 14\u00aa coloca\u00e7\u00e3o e ainda com um jogo a menos que alguns rivais.<\/p>\n<p>O Juventude tamb\u00e9m tem 18 jogos, por\u00e9m 15 pontos. Tamb\u00e9m vencer significa mostrar que est\u00e1 viv\u00edssimo na luta contra o rebaixamento para a <bsp-link-enhancement><br \/>\n    <span class=\"LinkEnhancement\"><a class=\"Link\" href=\"https:\/\/www.itatiaia.com.br\/esportes\/futebol\/futebol-nacional\/brasileirao-serie-b\" title=\"&lt;b&gt;S\u00e9rie B&lt;\/b&gt; \"><b>S\u00e9rie B<\/b> <\/a><\/span><\/bsp-link-enhancement>do ano que vem.<\/p>\n<h3>Como chega o Juventude<\/h3>\n<p>O t\u00e9cnico Thiago Carpini tem problema na defesa. Ozagueiro Cipriano recebeu vermelho direto contra o <b>Vit\u00f3ria <\/b>e cumprir\u00e1 suspens\u00e3o. Wilker \u00c1ngel entra em seu lugar. J\u00e1 o atacante Gilberto e o meia Lucas Fernandes seguem fora por les\u00e3o.<\/p>\n<p>Este ser\u00e1 o terceiro jogo do treinador no comando da equipe. Ele venceu o Corinthians e empatou com o \u00faltimo. Com ele, a equipe ganhou sobrevida e vencer o Vasco deixaria o time mais longe do Z4.<\/p>\n<h3>Como chega o Vasco<\/h3>\n<p>Diniz ter\u00e1 o retorno de Vegetti. Contra o Santos, David fez a fun\u00e7\u00e3o de centroavante e deve retornar para o banco, mesmo com a boa atua\u00e7\u00e3o. O Pirata \u00e9 o capit\u00e3o e artilheiro da equipe na temporada. O camisa 99 j\u00e1 marcou 22 gols no ano e \u00e9 o goleador m\u00e1ximo do futebol brasileiro tamb\u00e9m em 2025.<\/p>\n<p>De resto, Diniz ter\u00e1 um desfalque por suspens\u00e3o. Jair est\u00e1 suspenso pelo terceiro cart\u00e3o amarelo. Sendo assim, Thiago Mendes \u00e9 o favorito para o lugar do volante.<\/p>\n<p>Mateus Carvalho tamb\u00e9m \u00e9 aus\u00eancia no meio-campo, por uma les\u00e3o no ligamento colateral medial do joelho direito.<\/p>\n<h3>Juventude x Vasco<\/h3>\n<h4>Juventude<\/h4>\n<p>Jandrei; Reginaldo, Abner, Wilker \u00c1ngel e Marcelo Hermes; Ca\u00edque, Jadson e Mandaca; Batalla, Gabriel Talliari e Gabriel Ver\u00f3n. <b>T\u00e9cnico: <\/b>Thiago Carpini.<\/p>\n<h4>Vasco<\/h4>\n<p>L\u00e9o Jardim; Paulo Henrique, Hugo Moura, Luca Freitas e Lucas Piton; Thiago Mendes, Tch\u00ea Tch\u00ea, Coutinho e Nuno Moreira; Rayan e Vegetti. <b>T\u00e9cnico: <\/b>Fernando Diniz<\/p>\n<ul>\n<li><b>Motivo: <\/b>Jogo v\u00e1lido pela 14\u00aa rodada da S\u00e9rie A do Campeonato Brasileiro<\/li>\n<li><b>Local:<\/b> Alfredo Jaconi, em Caxias do Sul, Rio Grande do Sul<\/li>\n<li><b>Data e hora: <\/b>20 de agosto (quarta-feira) de 2025, \u00e0s 19h (de Bras\u00edlia)<\/li>\n<li><b>\u00c1rbitro: <\/b>Matheus Delgado Candan\u00e7an (SP)<\/li>\n<li><b>Assistentes:<\/b> Daniel Lu\u00eds Marques (SP) e Daniel Paulo Ziolli (SP)<\/li>\n<li><b>Arbitro de v\u00eddeo: <\/b>Marco Aur\u00e9lio Augusto Fazekas Ferreira (MG)<\/li>\n<li><b>Transmiss\u00e3o: <\/b>Premiere e<bsp-link-enhancement><br \/>\n    <span class=\"LinkEnhancement\"><a class=\"Link\" href=\"https:\/\/www.itatiaia.com.br\/esportes\" target=\"_blank\" title=\" &lt;b&gt;&lt;u&gt;Tempo Real da Itatiaia Esporte&lt;\/u&gt;&lt;\/b&gt;\" rel=\"noopener\"> <b><u>Tempo Real da Itatiaia Esporte<\/u><\/b><\/a><\/span><\/bsp-link-enhancement><\/li>\n<\/ul><\/div>\n<p><script>\n  window.fbAsyncInit = function() {\n      FB.init({\n              appId : '1447052969554341',\n          xfbml : true,\n          version : 'v2.9'\n      });\n  };\n  (function(d, s, id){\n     var js, fjs = d.getElementsByTagName(s)[0];\n     if (d.getElementById(id)) {return;}\n     js = d.createElement(s); js.id = id;\n     js.src = \"https:\/\/connect.facebook.net\/en_US\/sdk.js\";\n     fjs.parentNode.insertBefore(js, fjs);\n   }(document, 'script', 'facebook-jssdk'));\n<\/script><\/p>\n","protected":false},"excerpt":{"rendered":"<p>Ap\u00f3s o massacre contra o Santos, o Vasco quer mostrar que acabou a oscila\u00e7\u00e3o e ter\u00e1 vida mais f\u00e1cil na S\u00e9rie A do Campeonato Brasileiro. Em jogo atrasado da 14\u00aa do torneio, os cariocas visitam o Juventude, no Est\u00e1dio Alfredo Jaconi, em Caxias do Sul, \u00e0s 19h (de Bras\u00edlia). O portal Itatiaia Esporte traz a&#8230;<\/p>\n","protected":false},"author":2,"featured_media":3441,"comment_status":"open","ping_status":"open","sticky":false,"template":"","format":"standard","meta":{"footnotes":""},"categories":[4],"tags":[],"class_list":["post-3440","post","type-post","status-publish","format-standard","has-post-thumbnail","hentry","category-sports"],"yoast_head":"<!-- This site is optimized with the Yoast SEO plugin v28.1 - https:\/\/yoast.com\/product\/yoast-seo-wordpress\/ -->\n<title>Pelo fim da oscila\u00e7\u00e3o, Vasco visita o Juventude em jogo atrasado do Brasileiro -<\/title>\n<meta name=\"robots\" content=\"index, follow, max-snippet:-1, max-image-preview:large, max-video-preview:-1\" \/>\n<link rel=\"canonical\" href=\"https:\/\/oficialnoticias.com\/?p=3440\" \/>\n<meta property=\"og:locale\" content=\"pt_BR\" \/>\n<meta property=\"og:type\" content=\"article\" \/>\n<meta property=\"og:title\" content=\"Pelo fim da oscila\u00e7\u00e3o, Vasco visita o Juventude em jogo atrasado do Brasileiro -\" \/>\n<meta property=\"og:description\" content=\"Ap\u00f3s o massacre contra o Santos, o Vasco quer mostrar que acabou a oscila\u00e7\u00e3o e ter\u00e1 vida mais f\u00e1cil na S\u00e9rie A do Campeonato Brasileiro. Em jogo atrasado da 14\u00aa do torneio, os cariocas visitam o Juventude, no Est\u00e1dio Alfredo Jaconi, em Caxias do Sul, \u00e0s 19h (de Bras\u00edlia). O portal Itatiaia Esporte traz a...\" \/>\n<meta property=\"og:url\" content=\"https:\/\/oficialnoticias.com\/?p=3440\" \/>\n<meta property=\"article:published_time\" content=\"2025-08-20T10:41:42+00:00\" \/>\n<meta property=\"article:modified_time\" content=\"2025-08-20T10:41:47+00:00\" \/>\n<meta property=\"og:image\" content=\"https:\/\/oficialnoticias.com\/wp-content\/uploads\/2025\/08\/urlhttps3A2F2Fk2-prod-radio-itatiaia.s3.us-east-1.amazonaws.com2Fbrightspot2F702Fe82F348657.webp\" \/>\n\t<meta property=\"og:image:width\" content=\"1200\" \/>\n\t<meta property=\"og:image:height\" content=\"630\" \/>\n\t<meta property=\"og:image:type\" content=\"image\/webp\" \/>\n<meta name=\"author\" content=\"Luana Gon\u00e7alves\" \/>\n<meta name=\"twitter:card\" content=\"summary_large_image\" \/>\n<meta name=\"twitter:label1\" content=\"Escrito por\" \/>\n\t<meta name=\"twitter:data1\" content=\"Luana Gon\u00e7alves\" \/>\n\t<meta name=\"twitter:label2\" content=\"Est. tempo de leitura\" \/>\n\t<meta name=\"twitter:data2\" content=\"3 minutos\" \/>\n<script type=\"application\/ld+json\" class=\"yoast-schema-graph\">{\"@context\":\"https:\\\/\\\/schema.org\",\"@graph\":[{\"@type\":\"Article\",\"@id\":\"https:\\\/\\\/oficialnoticias.com\\\/?p=3440#article\",\"isPartOf\":{\"@id\":\"https:\\\/\\\/oficialnoticias.com\\\/?p=3440\"},\"author\":{\"name\":\"Luana Gon\u00e7alves\",\"@id\":\"https:\\\/\\\/oficialnoticias.com\\\/#\\\/schema\\\/person\\\/2d1dcbb6bfbc28d68171b4dc04723d4a\"},\"headline\":\"Pelo fim da oscila\u00e7\u00e3o, Vasco visita o Juventude em jogo atrasado do Brasileiro\",\"datePublished\":\"2025-08-20T10:41:42+00:00\",\"dateModified\":\"2025-08-20T10:41:47+00:00\",\"mainEntityOfPage\":{\"@id\":\"https:\\\/\\\/oficialnoticias.com\\\/?p=3440\"},\"wordCount\":590,\"commentCount\":0,\"publisher\":{\"@id\":\"https:\\\/\\\/oficialnoticias.com\\\/#organization\"},\"image\":{\"@id\":\"https:\\\/\\\/oficialnoticias.com\\\/?p=3440#primaryimage\"},\"thumbnailUrl\":\"https:\\\/\\\/oficialnoticias.com\\\/wp-content\\\/uploads\\\/2025\\\/08\\\/urlhttps3A2F2Fk2-prod-radio-itatiaia.s3.us-east-1.amazonaws.com2Fbrightspot2F702Fe82F348657.webp\",\"articleSection\":[\"Esporte\"],\"inLanguage\":\"pt-BR\",\"potentialAction\":[{\"@type\":\"CommentAction\",\"name\":\"Comment\",\"target\":[\"https:\\\/\\\/oficialnoticias.com\\\/?p=3440#respond\"]}]},{\"@type\":\"WebPage\",\"@id\":\"https:\\\/\\\/oficialnoticias.com\\\/?p=3440\",\"url\":\"https:\\\/\\\/oficialnoticias.com\\\/?p=3440\",\"name\":\"Pelo fim da oscila\u00e7\u00e3o, Vasco visita o Juventude em jogo atrasado do Brasileiro -\",\"isPartOf\":{\"@id\":\"https:\\\/\\\/oficialnoticias.com\\\/#website\"},\"primaryImageOfPage\":{\"@id\":\"https:\\\/\\\/oficialnoticias.com\\\/?p=3440#primaryimage\"},\"image\":{\"@id\":\"https:\\\/\\\/oficialnoticias.com\\\/?p=3440#primaryimage\"},\"thumbnailUrl\":\"https:\\\/\\\/oficialnoticias.com\\\/wp-content\\\/uploads\\\/2025\\\/08\\\/urlhttps3A2F2Fk2-prod-radio-itatiaia.s3.us-east-1.amazonaws.com2Fbrightspot2F702Fe82F348657.webp\",\"datePublished\":\"2025-08-20T10:41:42+00:00\",\"dateModified\":\"2025-08-20T10:41:47+00:00\",\"breadcrumb\":{\"@id\":\"https:\\\/\\\/oficialnoticias.com\\\/?p=3440#breadcrumb\"},\"inLanguage\":\"pt-BR\",\"potentialAction\":[{\"@type\":\"ReadAction\",\"target\":[\"https:\\\/\\\/oficialnoticias.com\\\/?p=3440\"]}]},{\"@type\":\"ImageObject\",\"inLanguage\":\"pt-BR\",\"@id\":\"https:\\\/\\\/oficialnoticias.com\\\/?p=3440#primaryimage\",\"url\":\"https:\\\/\\\/oficialnoticias.com\\\/wp-content\\\/uploads\\\/2025\\\/08\\\/urlhttps3A2F2Fk2-prod-radio-itatiaia.s3.us-east-1.amazonaws.com2Fbrightspot2F702Fe82F348657.webp\",\"contentUrl\":\"https:\\\/\\\/oficialnoticias.com\\\/wp-content\\\/uploads\\\/2025\\\/08\\\/urlhttps3A2F2Fk2-prod-radio-itatiaia.s3.us-east-1.amazonaws.com2Fbrightspot2F702Fe82F348657.webp\",\"width\":1200,\"height\":630},{\"@type\":\"BreadcrumbList\",\"@id\":\"https:\\\/\\\/oficialnoticias.com\\\/?p=3440#breadcrumb\",\"itemListElement\":[{\"@type\":\"ListItem\",\"position\":1,\"name\":\"In\u00edcio\",\"item\":\"https:\\\/\\\/oficialnoticias.com\\\/\"},{\"@type\":\"ListItem\",\"position\":2,\"name\":\"Pelo fim da oscila\u00e7\u00e3o, Vasco visita o Juventude em jogo atrasado do Brasileiro\"}]},{\"@type\":\"WebSite\",\"@id\":\"https:\\\/\\\/oficialnoticias.com\\\/#website\",\"url\":\"https:\\\/\\\/oficialnoticias.com\\\/\",\"name\":\"oficial Noticias\",\"description\":\"\",\"publisher\":{\"@id\":\"https:\\\/\\\/oficialnoticias.com\\\/#organization\"},\"potentialAction\":[{\"@type\":\"SearchAction\",\"target\":{\"@type\":\"EntryPoint\",\"urlTemplate\":\"https:\\\/\\\/oficialnoticias.com\\\/?s={search_term_string}\"},\"query-input\":{\"@type\":\"PropertyValueSpecification\",\"valueRequired\":true,\"valueName\":\"search_term_string\"}}],\"inLanguage\":\"pt-BR\"},{\"@type\":\"Organization\",\"@id\":\"https:\\\/\\\/oficialnoticias.com\\\/#organization\",\"name\":\"oficial noticias\",\"url\":\"https:\\\/\\\/oficialnoticias.com\\\/\",\"logo\":{\"@type\":\"ImageObject\",\"inLanguage\":\"pt-BR\",\"@id\":\"https:\\\/\\\/oficialnoticias.com\\\/#\\\/schema\\\/logo\\\/image\\\/\",\"url\":\"https:\\\/\\\/oficialnoticias.com\\\/wp-content\\\/uploads\\\/2025\\\/08\\\/cropped-cropped-cropped-Logo-Noticias-e1753639739829.png\",\"contentUrl\":\"https:\\\/\\\/oficialnoticias.com\\\/wp-content\\\/uploads\\\/2025\\\/08\\\/cropped-cropped-cropped-Logo-Noticias-e1753639739829.png\",\"width\":119,\"height\":86,\"caption\":\"oficial noticias\"},\"image\":{\"@id\":\"https:\\\/\\\/oficialnoticias.com\\\/#\\\/schema\\\/logo\\\/image\\\/\"}},{\"@type\":\"Person\",\"@id\":\"https:\\\/\\\/oficialnoticias.com\\\/#\\\/schema\\\/person\\\/2d1dcbb6bfbc28d68171b4dc04723d4a\",\"name\":\"Luana Gon\u00e7alves\",\"image\":{\"@type\":\"ImageObject\",\"inLanguage\":\"pt-BR\",\"@id\":\"https:\\\/\\\/secure.gravatar.com\\\/avatar\\\/7aa6afdef873224c1a0265951f3fdfc0679f65dfbd15f018612595d323c52521?s=96&d=mm&r=g\",\"url\":\"https:\\\/\\\/secure.gravatar.com\\\/avatar\\\/7aa6afdef873224c1a0265951f3fdfc0679f65dfbd15f018612595d323c52521?s=96&d=mm&r=g\",\"contentUrl\":\"https:\\\/\\\/secure.gravatar.com\\\/avatar\\\/7aa6afdef873224c1a0265951f3fdfc0679f65dfbd15f018612595d323c52521?s=96&d=mm&r=g\",\"caption\":\"Luana Gon\u00e7alves\"},\"sameAs\":[\"https:\\\/\\\/oficialnoticias.com\\\/\"],\"url\":\"https:\\\/\\\/oficialnoticias.com\\\/?author=2\"}]}<\/script>\n<!-- \/ Yoast SEO plugin. -->","yoast_head_json":{"title":"Pelo fim da oscila\u00e7\u00e3o, Vasco visita o Juventude em jogo atrasado do Brasileiro -","robots":{"index":"index","follow":"follow","max-snippet":"max-snippet:-1","max-image-preview":"max-image-preview:large","max-video-preview":"max-video-preview:-1"},"canonical":"https:\/\/oficialnoticias.com\/?p=3440","og_locale":"pt_BR","og_type":"article","og_title":"Pelo fim da oscila\u00e7\u00e3o, Vasco visita o Juventude em jogo atrasado do Brasileiro -","og_description":"Ap\u00f3s o massacre contra o Santos, o Vasco quer mostrar que acabou a oscila\u00e7\u00e3o e ter\u00e1 vida mais f\u00e1cil na S\u00e9rie A do Campeonato Brasileiro. Em jogo atrasado da 14\u00aa do torneio, os cariocas visitam o Juventude, no Est\u00e1dio Alfredo Jaconi, em Caxias do Sul, \u00e0s 19h (de Bras\u00edlia). O portal Itatiaia Esporte traz a...","og_url":"https:\/\/oficialnoticias.com\/?p=3440","article_published_time":"2025-08-20T10:41:42+00:00","article_modified_time":"2025-08-20T10:41:47+00:00","og_image":[{"width":1200,"height":630,"url":"https:\/\/oficialnoticias.com\/wp-content\/uploads\/2025\/08\/urlhttps3A2F2Fk2-prod-radio-itatiaia.s3.us-east-1.amazonaws.com2Fbrightspot2F702Fe82F348657.webp","type":"image\/webp"}],"author":"Luana Gon\u00e7alves","twitter_card":"summary_large_image","twitter_misc":{"Escrito por":"Luana Gon\u00e7alves","Est. tempo de leitura":"3 minutos"},"schema":{"@context":"https:\/\/schema.org","@graph":[{"@type":"Article","@id":"https:\/\/oficialnoticias.com\/?p=3440#article","isPartOf":{"@id":"https:\/\/oficialnoticias.com\/?p=3440"},"author":{"name":"Luana Gon\u00e7alves","@id":"https:\/\/oficialnoticias.com\/#\/schema\/person\/2d1dcbb6bfbc28d68171b4dc04723d4a"},"headline":"Pelo fim da oscila\u00e7\u00e3o, Vasco visita o Juventude em jogo atrasado do Brasileiro","datePublished":"2025-08-20T10:41:42+00:00","dateModified":"2025-08-20T10:41:47+00:00","mainEntityOfPage":{"@id":"https:\/\/oficialnoticias.com\/?p=3440"},"wordCount":590,"commentCount":0,"publisher":{"@id":"https:\/\/oficialnoticias.com\/#organization"},"image":{"@id":"https:\/\/oficialnoticias.com\/?p=3440#primaryimage"},"thumbnailUrl":"https:\/\/oficialnoticias.com\/wp-content\/uploads\/2025\/08\/urlhttps3A2F2Fk2-prod-radio-itatiaia.s3.us-east-1.amazonaws.com2Fbrightspot2F702Fe82F348657.webp","articleSection":["Esporte"],"inLanguage":"pt-BR","potentialAction":[{"@type":"CommentAction","name":"Comment","target":["https:\/\/oficialnoticias.com\/?p=3440#respond"]}]},{"@type":"WebPage","@id":"https:\/\/oficialnoticias.com\/?p=3440","url":"https:\/\/oficialnoticias.com\/?p=3440","name":"Pelo fim da oscila\u00e7\u00e3o, Vasco visita o Juventude em jogo atrasado do Brasileiro -","isPartOf":{"@id":"https:\/\/oficialnoticias.com\/#website"},"primaryImageOfPage":{"@id":"https:\/\/oficialnoticias.com\/?p=3440#primaryimage"},"image":{"@id":"https:\/\/oficialnoticias.com\/?p=3440#primaryimage"},"thumbnailUrl":"https:\/\/oficialnoticias.com\/wp-content\/uploads\/2025\/08\/urlhttps3A2F2Fk2-prod-radio-itatiaia.s3.us-east-1.amazonaws.com2Fbrightspot2F702Fe82F348657.webp","datePublished":"2025-08-20T10:41:42+00:00","dateModified":"2025-08-20T10:41:47+00:00","breadcrumb":{"@id":"https:\/\/oficialnoticias.com\/?p=3440#breadcrumb"},"inLanguage":"pt-BR","potentialAction":[{"@type":"ReadAction","target":["https:\/\/oficialnoticias.com\/?p=3440"]}]},{"@type":"ImageObject","inLanguage":"pt-BR","@id":"https:\/\/oficialnoticias.com\/?p=3440#primaryimage","url":"https:\/\/oficialnoticias.com\/wp-content\/uploads\/2025\/08\/urlhttps3A2F2Fk2-prod-radio-itatiaia.s3.us-east-1.amazonaws.com2Fbrightspot2F702Fe82F348657.webp","contentUrl":"https:\/\/oficialnoticias.com\/wp-content\/uploads\/2025\/08\/urlhttps3A2F2Fk2-prod-radio-itatiaia.s3.us-east-1.amazonaws.com2Fbrightspot2F702Fe82F348657.webp","width":1200,"height":630},{"@type":"BreadcrumbList","@id":"https:\/\/oficialnoticias.com\/?p=3440#breadcrumb","itemListElement":[{"@type":"ListItem","position":1,"name":"In\u00edcio","item":"https:\/\/oficialnoticias.com\/"},{"@type":"ListItem","position":2,"name":"Pelo fim da oscila\u00e7\u00e3o, Vasco visita o Juventude em jogo atrasado do Brasileiro"}]},{"@type":"WebSite","@id":"https:\/\/oficialnoticias.com\/#website","url":"https:\/\/oficialnoticias.com\/","name":"oficial Noticias","description":"","publisher":{"@id":"https:\/\/oficialnoticias.com\/#organization"},"potentialAction":[{"@type":"SearchAction","target":{"@type":"EntryPoint","urlTemplate":"https:\/\/oficialnoticias.com\/?s={search_term_string}"},"query-input":{"@type":"PropertyValueSpecification","valueRequired":true,"valueName":"search_term_string"}}],"inLanguage":"pt-BR"},{"@type":"Organization","@id":"https:\/\/oficialnoticias.com\/#organization","name":"oficial noticias","url":"https:\/\/oficialnoticias.com\/","logo":{"@type":"ImageObject","inLanguage":"pt-BR","@id":"https:\/\/oficialnoticias.com\/#\/schema\/logo\/image\/","url":"https:\/\/oficialnoticias.com\/wp-content\/uploads\/2025\/08\/cropped-cropped-cropped-Logo-Noticias-e1753639739829.png","contentUrl":"https:\/\/oficialnoticias.com\/wp-content\/uploads\/2025\/08\/cropped-cropped-cropped-Logo-Noticias-e1753639739829.png","width":119,"height":86,"caption":"oficial noticias"},"image":{"@id":"https:\/\/oficialnoticias.com\/#\/schema\/logo\/image\/"}},{"@type":"Person","@id":"https:\/\/oficialnoticias.com\/#\/schema\/person\/2d1dcbb6bfbc28d68171b4dc04723d4a","name":"Luana Gon\u00e7alves","image":{"@type":"ImageObject","inLanguage":"pt-BR","@id":"https:\/\/secure.gravatar.com\/avatar\/7aa6afdef873224c1a0265951f3fdfc0679f65dfbd15f018612595d323c52521?s=96&d=mm&r=g","url":"https:\/\/secure.gravatar.com\/avatar\/7aa6afdef873224c1a0265951f3fdfc0679f65dfbd15f018612595d323c52521?s=96&d=mm&r=g","contentUrl":"https:\/\/secure.gravatar.com\/avatar\/7aa6afdef873224c1a0265951f3fdfc0679f65dfbd15f018612595d323c52521?s=96&d=mm&r=g","caption":"Luana Gon\u00e7alves"},"sameAs":["https:\/\/oficialnoticias.com\/"],"url":"https:\/\/oficialnoticias.com\/?author=2"}]}},"_links":{"self":[{"href":"https:\/\/oficialnoticias.com\/index.php?rest_route=\/wp\/v2\/posts\/3440","targetHints":{"allow":["GET"]}}],"collection":[{"href":"https:\/\/oficialnoticias.com\/index.php?rest_route=\/wp\/v2\/posts"}],"about":[{"href":"https:\/\/oficialnoticias.com\/index.php?rest_route=\/wp\/v2\/types\/post"}],"author":[{"embeddable":true,"href":"https:\/\/oficialnoticias.com\/index.php?rest_route=\/wp\/v2\/users\/2"}],"replies":[{"embeddable":true,"href":"https:\/\/oficialnoticias.com\/index.php?rest_route=%2Fwp%2Fv2%2Fcomments&post=3440"}],"version-history":[{"count":1,"href":"https:\/\/oficialnoticias.com\/index.php?rest_route=\/wp\/v2\/posts\/3440\/revisions"}],"predecessor-version":[{"id":3442,"href":"https:\/\/oficialnoticias.com\/index.php?rest_route=\/wp\/v2\/posts\/3440\/revisions\/3442"}],"wp:featuredmedia":[{"embeddable":true,"href":"https:\/\/oficialnoticias.com\/index.php?rest_route=\/wp\/v2\/media\/3441"}],"wp:attachment":[{"href":"https:\/\/oficialnoticias.com\/index.php?rest_route=%2Fwp%2Fv2%2Fmedia&parent=3440"}],"wp:term":[{"taxonomy":"category","embeddable":true,"href":"https:\/\/oficialnoticias.com\/index.php?rest_route=%2Fwp%2Fv2%2Fcategories&post=3440"},{"taxonomy":"post_tag","embeddable":true,"href":"https:\/\/oficialnoticias.com\/index.php?rest_route=%2Fwp%2Fv2%2Ftags&post=3440"}],"curies":[{"name":"wp","href":"https:\/\/api.w.org\/{rel}","templated":true}]}}