{"id":32458,"date":"2026-03-16T18:00:59","date_gmt":"2026-03-16T21:00:59","guid":{"rendered":"https:\/\/oficialnoticias.com\/?p=32458"},"modified":"2026-03-16T18:00:59","modified_gmt":"2026-03-16T21:00:59","slug":"receita-federal-vai-antecipar-o-pagamento-da-restituicao","status":"publish","type":"post","link":"https:\/\/oficialnoticias.com\/?p=32458","title":{"rendered":"Receita Federal vai antecipar o pagamento da restitui\u00e7\u00e3o"},"content":{"rendered":"<p><\/p>\n<div>\n<p>A Receita Federal informou, nesta segunda-feira (16), que pretende acelerar o pagamento das restitui\u00e7\u00f5es do <bsp-link-enhancement><br \/>\n    <span class=\"LinkEnhancement\"><a class=\"Link\" href=\"https:\/\/www.itatiaia.com.br\/economia\/receita-federal-anuncia-mudancas-na-declaracao-do-imposto-de-renda-2026\" title=\"&lt;b&gt;Imposto de Renda para Pessoa F\u00edsica (IRPF)&lt;\/b&gt;\"><b>Imposto de Renda para Pessoa F\u00edsica (IRPF)<\/b><\/a><\/span><\/bsp-link-enhancement> em 2026. A expectativa do Fisco \u00e9 receber 44 milh\u00f5es de declara\u00e7\u00f5es, abrindo prazo na pr\u00f3xima segunda-feira (23) e estendendo at\u00e9 o dia 29 de maio.<\/p>\n<p>Segundo a Receita, a previs\u00e3o \u00e9 que 80% dos contribuintes que t\u00eam direito \u00e0 restitui\u00e7\u00e3o recebam os valores at\u00e9 o dia 30 de junho. \u201cA maior agilidade no processamento possibilitar\u00e1 a redu\u00e7\u00e3o da quantidade de lotes este ano, que passaram de cinco para quatro\u201d, informou.<\/p>\n<p>O primeiro lote ser\u00e1 pago logo no dia 29 de maio, quando se encerra o prazo para entrega da declara\u00e7\u00e3o. O restante dos tr\u00eas lotes ser\u00e3o liberados no final dos meses subsequentes nos dias 30\/6, 31\/7 e 31\/8. Confira a ordem de prioridades nas restitui\u00e7\u00f5es:<\/p>\n<ol start=\"1\">\n<li>Idade igual ou superior a 80 anos;<\/li>\n<li>Idade igual ou superior a 60 anos, deficientes e portadores de mol\u00e9stia grave;<\/li>\n<li>Pessoa que tenha maior fonte de renda vinda do magist\u00e9rio;<\/li>\n<li>Quem utilizou conjuntamente a declara\u00e7\u00e3o pr\u00e9-preenchida e optou pela restitui\u00e7\u00e3o no Pix;<\/li>\n<li>Quem utilizou exclusivamente a declara\u00e7\u00e3o pr\u00e9-preenchida ou optou pela restitui\u00e7\u00e3o no Pix; e<\/li>\n<li>Demais contribuintes<\/li>\n<\/ol>\n<h2>Quem deve declarar?<\/h2>\n<p>Para o calend\u00e1rio fiscal houve um aumento nos<bsp-link-enhancement><br \/>\n    <span class=\"LinkEnhancement\"><a class=\"Link\" href=\"https:\/\/www.itatiaia.com.br\/economia\/imposto-de-renda-2026-saiba-quem-e-obrigado-a-declarar\" title=\" &lt;b&gt;rendimentos tribut\u00e1veis de declara\u00e7\u00e3o obrigat\u00f3ria&lt;\/b&gt;\"> <b>rendimentos tribut\u00e1veis de declara\u00e7\u00e3o obrigat\u00f3ria<\/b><\/a><\/span><\/bsp-link-enhancement>. Neste ano, devem declarar os contribuintes que tiveram rendimentos acima de R$ 35.584, valor superior ao limite anterior de R$ 33.888. Tamb\u00e9m deve declarar quem possu\u00eda bens ou direitos acima de R$ 800 mil em 31 de dezembro de 2025.<\/p>\n<p>As regras de obrigatoriedade foram publicadas na Instru\u00e7\u00e3o Normativa n\u00ba 2.312, no Di\u00e1rio Oficial da Uni\u00e3o. Outras situa\u00e7\u00f5es exigem aten\u00e7\u00e3o do contribuinte, como rendimentos isentos, ganhos de capital com vendas de bens e opera\u00e7\u00f5es em mercados de capitais. Cabe lembrar que a declara\u00e7\u00e3o \u00e9 referente ao ano-calend\u00e1rio de 2025.<\/p>\n<p><bsp-list-loadmore class=\"PageListStandardG\" data-module=\"\" data-show-loadmore=\"true\" data-list-title-size=\"3\" data-list-description-size=\"3\"><\/p>\n<p>    <a class=\"AnchorLink\" title=\"leia-tambem\" name=\"leia-tambem\"\/><\/p>\n<p><\/bsp-list-loadmore><\/p><\/div>\n<p><script>\n  window.fbAsyncInit = function() {\n      FB.init({\n              appId : '1447052969554341',\n          xfbml : true,\n          version : 'v2.9'\n      });\n  };\n  (function(d, s, id){\n     var js, fjs = d.getElementsByTagName(s)[0];\n     if (d.getElementById(id)) {return;}\n     js = d.createElement(s); js.id = id;\n     js.src = \"https:\/\/connect.facebook.net\/en_US\/sdk.js\";\n     fjs.parentNode.insertBefore(js, fjs);\n   }(document, 'script', 'facebook-jssdk'));\n<\/script><\/p>\n","protected":false},"excerpt":{"rendered":"<p>A Receita Federal informou, nesta segunda-feira (16), que pretende acelerar o pagamento das restitui\u00e7\u00f5es do Imposto de Renda para Pessoa F\u00edsica (IRPF) em 2026. A expectativa do Fisco \u00e9 receber 44 milh\u00f5es de declara\u00e7\u00f5es, abrindo prazo na pr\u00f3xima segunda-feira (23) e estendendo at\u00e9 o dia 29 de maio. Segundo a Receita, a previs\u00e3o \u00e9 que&#8230;<\/p>\n","protected":false},"author":2,"featured_media":32459,"comment_status":"open","ping_status":"open","sticky":false,"template":"","format":"standard","meta":{"footnotes":""},"categories":[25],"tags":[],"class_list":["post-32458","post","type-post","status-publish","format-standard","has-post-thumbnail","hentry","category-economia"],"yoast_head":"<!-- This site is optimized with the Yoast SEO plugin v27.3 - https:\/\/yoast.com\/product\/yoast-seo-wordpress\/ -->\n<title>Receita Federal vai antecipar o pagamento da restitui\u00e7\u00e3o -<\/title>\n<meta name=\"robots\" content=\"index, follow, max-snippet:-1, max-image-preview:large, max-video-preview:-1\" \/>\n<link rel=\"canonical\" href=\"https:\/\/oficialnoticias.com\/?p=32458\" \/>\n<meta property=\"og:locale\" content=\"pt_BR\" \/>\n<meta property=\"og:type\" content=\"article\" \/>\n<meta property=\"og:title\" content=\"Receita Federal vai antecipar o pagamento da restitui\u00e7\u00e3o -\" \/>\n<meta property=\"og:description\" content=\"A Receita Federal informou, nesta segunda-feira (16), que pretende acelerar o pagamento das restitui\u00e7\u00f5es do Imposto de Renda para Pessoa F\u00edsica (IRPF) em 2026. A expectativa do Fisco \u00e9 receber 44 milh\u00f5es de declara\u00e7\u00f5es, abrindo prazo na pr\u00f3xima segunda-feira (23) e estendendo at\u00e9 o dia 29 de maio. Segundo a Receita, a previs\u00e3o \u00e9 que...\" \/>\n<meta property=\"og:url\" content=\"https:\/\/oficialnoticias.com\/?p=32458\" \/>\n<meta property=\"article:published_time\" content=\"2026-03-16T21:00:59+00:00\" \/>\n<meta property=\"og:image\" content=\"https:\/\/oficialnoticias.com\/wp-content\/uploads\/2026\/03\/1773694859_urlhttps3A2F2Fk2-prod-radio-itatiaia.s3.us-east-1.amazonaws.com2Fbrightspot2F712Fd22Fb2ab83.webp\" \/>\n\t<meta property=\"og:image:width\" content=\"1200\" \/>\n\t<meta property=\"og:image:height\" content=\"630\" \/>\n\t<meta property=\"og:image:type\" content=\"image\/webp\" \/>\n<meta name=\"author\" content=\"Luana Gon\u00e7alves\" \/>\n<meta name=\"twitter:card\" content=\"summary_large_image\" \/>\n<meta name=\"twitter:label1\" content=\"Escrito por\" \/>\n\t<meta name=\"twitter:data1\" content=\"Luana Gon\u00e7alves\" \/>\n\t<meta name=\"twitter:label2\" content=\"Est. tempo de leitura\" \/>\n\t<meta name=\"twitter:data2\" content=\"2 minutos\" \/>\n<script type=\"application\/ld+json\" class=\"yoast-schema-graph\">{\"@context\":\"https:\\\/\\\/schema.org\",\"@graph\":[{\"@type\":\"Article\",\"@id\":\"https:\\\/\\\/oficialnoticias.com\\\/?p=32458#article\",\"isPartOf\":{\"@id\":\"https:\\\/\\\/oficialnoticias.com\\\/?p=32458\"},\"author\":{\"name\":\"Luana Gon\u00e7alves\",\"@id\":\"https:\\\/\\\/oficialnoticias.com\\\/#\\\/schema\\\/person\\\/2d1dcbb6bfbc28d68171b4dc04723d4a\"},\"headline\":\"Receita Federal vai antecipar o pagamento da restitui\u00e7\u00e3o\",\"datePublished\":\"2026-03-16T21:00:59+00:00\",\"mainEntityOfPage\":{\"@id\":\"https:\\\/\\\/oficialnoticias.com\\\/?p=32458\"},\"wordCount\":320,\"commentCount\":0,\"publisher\":{\"@id\":\"https:\\\/\\\/oficialnoticias.com\\\/#organization\"},\"image\":{\"@id\":\"https:\\\/\\\/oficialnoticias.com\\\/?p=32458#primaryimage\"},\"thumbnailUrl\":\"https:\\\/\\\/oficialnoticias.com\\\/wp-content\\\/uploads\\\/2026\\\/03\\\/1773694859_urlhttps3A2F2Fk2-prod-radio-itatiaia.s3.us-east-1.amazonaws.com2Fbrightspot2F712Fd22Fb2ab83.webp\",\"articleSection\":[\"Economia\"],\"inLanguage\":\"pt-BR\",\"potentialAction\":[{\"@type\":\"CommentAction\",\"name\":\"Comment\",\"target\":[\"https:\\\/\\\/oficialnoticias.com\\\/?p=32458#respond\"]}]},{\"@type\":\"WebPage\",\"@id\":\"https:\\\/\\\/oficialnoticias.com\\\/?p=32458\",\"url\":\"https:\\\/\\\/oficialnoticias.com\\\/?p=32458\",\"name\":\"Receita Federal vai antecipar o pagamento da restitui\u00e7\u00e3o -\",\"isPartOf\":{\"@id\":\"https:\\\/\\\/oficialnoticias.com\\\/#website\"},\"primaryImageOfPage\":{\"@id\":\"https:\\\/\\\/oficialnoticias.com\\\/?p=32458#primaryimage\"},\"image\":{\"@id\":\"https:\\\/\\\/oficialnoticias.com\\\/?p=32458#primaryimage\"},\"thumbnailUrl\":\"https:\\\/\\\/oficialnoticias.com\\\/wp-content\\\/uploads\\\/2026\\\/03\\\/1773694859_urlhttps3A2F2Fk2-prod-radio-itatiaia.s3.us-east-1.amazonaws.com2Fbrightspot2F712Fd22Fb2ab83.webp\",\"datePublished\":\"2026-03-16T21:00:59+00:00\",\"breadcrumb\":{\"@id\":\"https:\\\/\\\/oficialnoticias.com\\\/?p=32458#breadcrumb\"},\"inLanguage\":\"pt-BR\",\"potentialAction\":[{\"@type\":\"ReadAction\",\"target\":[\"https:\\\/\\\/oficialnoticias.com\\\/?p=32458\"]}]},{\"@type\":\"ImageObject\",\"inLanguage\":\"pt-BR\",\"@id\":\"https:\\\/\\\/oficialnoticias.com\\\/?p=32458#primaryimage\",\"url\":\"https:\\\/\\\/oficialnoticias.com\\\/wp-content\\\/uploads\\\/2026\\\/03\\\/1773694859_urlhttps3A2F2Fk2-prod-radio-itatiaia.s3.us-east-1.amazonaws.com2Fbrightspot2F712Fd22Fb2ab83.webp\",\"contentUrl\":\"https:\\\/\\\/oficialnoticias.com\\\/wp-content\\\/uploads\\\/2026\\\/03\\\/1773694859_urlhttps3A2F2Fk2-prod-radio-itatiaia.s3.us-east-1.amazonaws.com2Fbrightspot2F712Fd22Fb2ab83.webp\",\"width\":1200,\"height\":630},{\"@type\":\"BreadcrumbList\",\"@id\":\"https:\\\/\\\/oficialnoticias.com\\\/?p=32458#breadcrumb\",\"itemListElement\":[{\"@type\":\"ListItem\",\"position\":1,\"name\":\"In\u00edcio\",\"item\":\"https:\\\/\\\/oficialnoticias.com\\\/\"},{\"@type\":\"ListItem\",\"position\":2,\"name\":\"Receita Federal vai antecipar o pagamento da restitui\u00e7\u00e3o\"}]},{\"@type\":\"WebSite\",\"@id\":\"https:\\\/\\\/oficialnoticias.com\\\/#website\",\"url\":\"https:\\\/\\\/oficialnoticias.com\\\/\",\"name\":\"oficial Noticias\",\"description\":\"\",\"publisher\":{\"@id\":\"https:\\\/\\\/oficialnoticias.com\\\/#organization\"},\"potentialAction\":[{\"@type\":\"SearchAction\",\"target\":{\"@type\":\"EntryPoint\",\"urlTemplate\":\"https:\\\/\\\/oficialnoticias.com\\\/?s={search_term_string}\"},\"query-input\":{\"@type\":\"PropertyValueSpecification\",\"valueRequired\":true,\"valueName\":\"search_term_string\"}}],\"inLanguage\":\"pt-BR\"},{\"@type\":\"Organization\",\"@id\":\"https:\\\/\\\/oficialnoticias.com\\\/#organization\",\"name\":\"oficial noticias\",\"url\":\"https:\\\/\\\/oficialnoticias.com\\\/\",\"logo\":{\"@type\":\"ImageObject\",\"inLanguage\":\"pt-BR\",\"@id\":\"https:\\\/\\\/oficialnoticias.com\\\/#\\\/schema\\\/logo\\\/image\\\/\",\"url\":\"https:\\\/\\\/oficialnoticias.com\\\/wp-content\\\/uploads\\\/2025\\\/08\\\/cropped-cropped-cropped-Logo-Noticias-e1753639739829.png\",\"contentUrl\":\"https:\\\/\\\/oficialnoticias.com\\\/wp-content\\\/uploads\\\/2025\\\/08\\\/cropped-cropped-cropped-Logo-Noticias-e1753639739829.png\",\"width\":119,\"height\":86,\"caption\":\"oficial noticias\"},\"image\":{\"@id\":\"https:\\\/\\\/oficialnoticias.com\\\/#\\\/schema\\\/logo\\\/image\\\/\"}},{\"@type\":\"Person\",\"@id\":\"https:\\\/\\\/oficialnoticias.com\\\/#\\\/schema\\\/person\\\/2d1dcbb6bfbc28d68171b4dc04723d4a\",\"name\":\"Luana Gon\u00e7alves\",\"image\":{\"@type\":\"ImageObject\",\"inLanguage\":\"pt-BR\",\"@id\":\"https:\\\/\\\/secure.gravatar.com\\\/avatar\\\/7aa6afdef873224c1a0265951f3fdfc0679f65dfbd15f018612595d323c52521?s=96&d=mm&r=g\",\"url\":\"https:\\\/\\\/secure.gravatar.com\\\/avatar\\\/7aa6afdef873224c1a0265951f3fdfc0679f65dfbd15f018612595d323c52521?s=96&d=mm&r=g\",\"contentUrl\":\"https:\\\/\\\/secure.gravatar.com\\\/avatar\\\/7aa6afdef873224c1a0265951f3fdfc0679f65dfbd15f018612595d323c52521?s=96&d=mm&r=g\",\"caption\":\"Luana Gon\u00e7alves\"},\"sameAs\":[\"https:\\\/\\\/oficialnoticias.com\\\/\"],\"url\":\"https:\\\/\\\/oficialnoticias.com\\\/?author=2\"}]}<\/script>\n<!-- \/ Yoast SEO plugin. -->","yoast_head_json":{"title":"Receita Federal vai antecipar o pagamento da restitui\u00e7\u00e3o -","robots":{"index":"index","follow":"follow","max-snippet":"max-snippet:-1","max-image-preview":"max-image-preview:large","max-video-preview":"max-video-preview:-1"},"canonical":"https:\/\/oficialnoticias.com\/?p=32458","og_locale":"pt_BR","og_type":"article","og_title":"Receita Federal vai antecipar o pagamento da restitui\u00e7\u00e3o -","og_description":"A Receita Federal informou, nesta segunda-feira (16), que pretende acelerar o pagamento das restitui\u00e7\u00f5es do Imposto de Renda para Pessoa F\u00edsica (IRPF) em 2026. A expectativa do Fisco \u00e9 receber 44 milh\u00f5es de declara\u00e7\u00f5es, abrindo prazo na pr\u00f3xima segunda-feira (23) e estendendo at\u00e9 o dia 29 de maio. Segundo a Receita, a previs\u00e3o \u00e9 que...","og_url":"https:\/\/oficialnoticias.com\/?p=32458","article_published_time":"2026-03-16T21:00:59+00:00","og_image":[{"width":1200,"height":630,"url":"https:\/\/oficialnoticias.com\/wp-content\/uploads\/2026\/03\/1773694859_urlhttps3A2F2Fk2-prod-radio-itatiaia.s3.us-east-1.amazonaws.com2Fbrightspot2F712Fd22Fb2ab83.webp","type":"image\/webp"}],"author":"Luana Gon\u00e7alves","twitter_card":"summary_large_image","twitter_misc":{"Escrito por":"Luana Gon\u00e7alves","Est. tempo de leitura":"2 minutos"},"schema":{"@context":"https:\/\/schema.org","@graph":[{"@type":"Article","@id":"https:\/\/oficialnoticias.com\/?p=32458#article","isPartOf":{"@id":"https:\/\/oficialnoticias.com\/?p=32458"},"author":{"name":"Luana Gon\u00e7alves","@id":"https:\/\/oficialnoticias.com\/#\/schema\/person\/2d1dcbb6bfbc28d68171b4dc04723d4a"},"headline":"Receita Federal vai antecipar o pagamento da restitui\u00e7\u00e3o","datePublished":"2026-03-16T21:00:59+00:00","mainEntityOfPage":{"@id":"https:\/\/oficialnoticias.com\/?p=32458"},"wordCount":320,"commentCount":0,"publisher":{"@id":"https:\/\/oficialnoticias.com\/#organization"},"image":{"@id":"https:\/\/oficialnoticias.com\/?p=32458#primaryimage"},"thumbnailUrl":"https:\/\/oficialnoticias.com\/wp-content\/uploads\/2026\/03\/1773694859_urlhttps3A2F2Fk2-prod-radio-itatiaia.s3.us-east-1.amazonaws.com2Fbrightspot2F712Fd22Fb2ab83.webp","articleSection":["Economia"],"inLanguage":"pt-BR","potentialAction":[{"@type":"CommentAction","name":"Comment","target":["https:\/\/oficialnoticias.com\/?p=32458#respond"]}]},{"@type":"WebPage","@id":"https:\/\/oficialnoticias.com\/?p=32458","url":"https:\/\/oficialnoticias.com\/?p=32458","name":"Receita Federal vai antecipar o pagamento da restitui\u00e7\u00e3o -","isPartOf":{"@id":"https:\/\/oficialnoticias.com\/#website"},"primaryImageOfPage":{"@id":"https:\/\/oficialnoticias.com\/?p=32458#primaryimage"},"image":{"@id":"https:\/\/oficialnoticias.com\/?p=32458#primaryimage"},"thumbnailUrl":"https:\/\/oficialnoticias.com\/wp-content\/uploads\/2026\/03\/1773694859_urlhttps3A2F2Fk2-prod-radio-itatiaia.s3.us-east-1.amazonaws.com2Fbrightspot2F712Fd22Fb2ab83.webp","datePublished":"2026-03-16T21:00:59+00:00","breadcrumb":{"@id":"https:\/\/oficialnoticias.com\/?p=32458#breadcrumb"},"inLanguage":"pt-BR","potentialAction":[{"@type":"ReadAction","target":["https:\/\/oficialnoticias.com\/?p=32458"]}]},{"@type":"ImageObject","inLanguage":"pt-BR","@id":"https:\/\/oficialnoticias.com\/?p=32458#primaryimage","url":"https:\/\/oficialnoticias.com\/wp-content\/uploads\/2026\/03\/1773694859_urlhttps3A2F2Fk2-prod-radio-itatiaia.s3.us-east-1.amazonaws.com2Fbrightspot2F712Fd22Fb2ab83.webp","contentUrl":"https:\/\/oficialnoticias.com\/wp-content\/uploads\/2026\/03\/1773694859_urlhttps3A2F2Fk2-prod-radio-itatiaia.s3.us-east-1.amazonaws.com2Fbrightspot2F712Fd22Fb2ab83.webp","width":1200,"height":630},{"@type":"BreadcrumbList","@id":"https:\/\/oficialnoticias.com\/?p=32458#breadcrumb","itemListElement":[{"@type":"ListItem","position":1,"name":"In\u00edcio","item":"https:\/\/oficialnoticias.com\/"},{"@type":"ListItem","position":2,"name":"Receita Federal vai antecipar o pagamento da restitui\u00e7\u00e3o"}]},{"@type":"WebSite","@id":"https:\/\/oficialnoticias.com\/#website","url":"https:\/\/oficialnoticias.com\/","name":"oficial Noticias","description":"","publisher":{"@id":"https:\/\/oficialnoticias.com\/#organization"},"potentialAction":[{"@type":"SearchAction","target":{"@type":"EntryPoint","urlTemplate":"https:\/\/oficialnoticias.com\/?s={search_term_string}"},"query-input":{"@type":"PropertyValueSpecification","valueRequired":true,"valueName":"search_term_string"}}],"inLanguage":"pt-BR"},{"@type":"Organization","@id":"https:\/\/oficialnoticias.com\/#organization","name":"oficial noticias","url":"https:\/\/oficialnoticias.com\/","logo":{"@type":"ImageObject","inLanguage":"pt-BR","@id":"https:\/\/oficialnoticias.com\/#\/schema\/logo\/image\/","url":"https:\/\/oficialnoticias.com\/wp-content\/uploads\/2025\/08\/cropped-cropped-cropped-Logo-Noticias-e1753639739829.png","contentUrl":"https:\/\/oficialnoticias.com\/wp-content\/uploads\/2025\/08\/cropped-cropped-cropped-Logo-Noticias-e1753639739829.png","width":119,"height":86,"caption":"oficial noticias"},"image":{"@id":"https:\/\/oficialnoticias.com\/#\/schema\/logo\/image\/"}},{"@type":"Person","@id":"https:\/\/oficialnoticias.com\/#\/schema\/person\/2d1dcbb6bfbc28d68171b4dc04723d4a","name":"Luana Gon\u00e7alves","image":{"@type":"ImageObject","inLanguage":"pt-BR","@id":"https:\/\/secure.gravatar.com\/avatar\/7aa6afdef873224c1a0265951f3fdfc0679f65dfbd15f018612595d323c52521?s=96&d=mm&r=g","url":"https:\/\/secure.gravatar.com\/avatar\/7aa6afdef873224c1a0265951f3fdfc0679f65dfbd15f018612595d323c52521?s=96&d=mm&r=g","contentUrl":"https:\/\/secure.gravatar.com\/avatar\/7aa6afdef873224c1a0265951f3fdfc0679f65dfbd15f018612595d323c52521?s=96&d=mm&r=g","caption":"Luana Gon\u00e7alves"},"sameAs":["https:\/\/oficialnoticias.com\/"],"url":"https:\/\/oficialnoticias.com\/?author=2"}]}},"_links":{"self":[{"href":"https:\/\/oficialnoticias.com\/index.php?rest_route=\/wp\/v2\/posts\/32458","targetHints":{"allow":["GET"]}}],"collection":[{"href":"https:\/\/oficialnoticias.com\/index.php?rest_route=\/wp\/v2\/posts"}],"about":[{"href":"https:\/\/oficialnoticias.com\/index.php?rest_route=\/wp\/v2\/types\/post"}],"author":[{"embeddable":true,"href":"https:\/\/oficialnoticias.com\/index.php?rest_route=\/wp\/v2\/users\/2"}],"replies":[{"embeddable":true,"href":"https:\/\/oficialnoticias.com\/index.php?rest_route=%2Fwp%2Fv2%2Fcomments&post=32458"}],"version-history":[{"count":1,"href":"https:\/\/oficialnoticias.com\/index.php?rest_route=\/wp\/v2\/posts\/32458\/revisions"}],"predecessor-version":[{"id":32460,"href":"https:\/\/oficialnoticias.com\/index.php?rest_route=\/wp\/v2\/posts\/32458\/revisions\/32460"}],"wp:featuredmedia":[{"embeddable":true,"href":"https:\/\/oficialnoticias.com\/index.php?rest_route=\/wp\/v2\/media\/32459"}],"wp:attachment":[{"href":"https:\/\/oficialnoticias.com\/index.php?rest_route=%2Fwp%2Fv2%2Fmedia&parent=32458"}],"wp:term":[{"taxonomy":"category","embeddable":true,"href":"https:\/\/oficialnoticias.com\/index.php?rest_route=%2Fwp%2Fv2%2Fcategories&post=32458"},{"taxonomy":"post_tag","embeddable":true,"href":"https:\/\/oficialnoticias.com\/index.php?rest_route=%2Fwp%2Fv2%2Ftags&post=32458"}],"curies":[{"name":"wp","href":"https:\/\/api.w.org\/{rel}","templated":true}]}}