{"id":32455,"date":"2026-03-16T17:00:12","date_gmt":"2026-03-16T20:00:12","guid":{"rendered":"https:\/\/oficialnoticias.com\/?p=32455"},"modified":"2026-03-16T17:00:15","modified_gmt":"2026-03-16T20:00:15","slug":"programa-de-declaracao-sera-liberado-na-sexta-20","status":"publish","type":"post","link":"https:\/\/oficialnoticias.com\/?p=32455","title":{"rendered":"programa de declara\u00e7\u00e3o ser\u00e1 liberado na sexta (20)"},"content":{"rendered":"<p><\/p>\n<div>\n<p>O programa gerador da declara\u00e7\u00e3o do <bsp-link-enhancement><br \/>\n    <span class=\"LinkEnhancement\"><a class=\"Link\" href=\"https:\/\/www.itatiaia.com.br\/economia\/receita-federal-anuncia-mudancas-na-declaracao-do-imposto-de-renda-2026\" title=\"&lt;b&gt;Imposto de Renda para Pessoa F\u00edsica (IRPF)&lt;\/b&gt;\"><b>Imposto de Renda para Pessoa F\u00edsica (IRPF)<\/b><\/a><\/span><\/bsp-link-enhancement> ser\u00e1 liberado para download na pr\u00f3xima sexta-feira (20), segundo anunciado pela Receita Federal. Por\u00e9m, o envio da declara\u00e7\u00e3o s\u00f3 poder\u00e1 ser realizado a partir da pr\u00f3xima segunda-feira (23), quando os dados da declara\u00e7\u00e3o pr\u00e9-preenchida estar\u00e3o dispon\u00edveis para os contribuintes.<\/p>\n<p>Al\u00e9m do programa gerador, o contribuinte tamb\u00e9m pode utilizar o sistema \u201cMeu Imposto de Renda\u201d, para celulares e tablets. Segundo o Fisco, o sistema recebeu v\u00e1rias melhorias em rela\u00e7\u00e3o ao ano passado, como uma interface de ajuda e alertas para erros comuns, tais como pagamentos para dependentes sem declara\u00e7\u00e3o de rendimentos e despesas m\u00e9dicas elevadas.<\/p>\n<p>Para acessar o sistema \u00e9 necess\u00e1rio uma autentica\u00e7\u00e3o via Plataforma <bsp-link-enhancement><br \/>\n    <span class=\"LinkEnhancement\"><a class=\"Link\" href=\"http:\/\/gov.br\" target=\"_blank\" title=\"&lt;u&gt;GOV.BR&lt;\/u&gt;\" rel=\"noopener\"><u>GOV.BR<\/u><\/a><\/span><\/bsp-link-enhancement> (n\u00edveis ouro ou prata), com acesso por meio da p\u00e1gina <bsp-link-enhancement><br \/>\n    <span class=\"LinkEnhancement\"><a class=\"Link\" href=\"http:\/\/gov.br\/receitafederal\" target=\"_blank\" title=\"&lt;u&gt;gov.br\/receitafederal&lt;\/u&gt;\" rel=\"noopener\"><u>gov.br\/receitafederal<\/u><\/a><\/span><\/bsp-link-enhancement>, pelo centro virtual de atendimento ao contribuinte (Portal e-Cac) ou pelo aplicativo da Receita Federal.<\/p>\n<p>O<bsp-link-enhancement><br \/>\n    <span class=\"LinkEnhancement\"><a class=\"Link\" href=\"https:\/\/www.itatiaia.com.br\/economia\/imposto-de-renda-2026-veja-quando-comeca-e-termina-o-prazo-para-declaracao\" title=\" &lt;b&gt;prazo para envio da declara\u00e7\u00e3o&lt;\/b&gt;\"> <b>prazo para envio da declara\u00e7\u00e3o<\/b><\/a><\/span><\/bsp-link-enhancement> come\u00e7a \u00e0s 8h do dia 23 de mar\u00e7o e vai at\u00e9 23h59 do dia 29 de maio de 2026. O programa gerador da declara\u00e7\u00e3o estar\u00e1 dispon\u00edvel para download a partir de 20 de mar\u00e7o, enquanto o processamento das declara\u00e7\u00f5es come\u00e7a em 27 de mar\u00e7o.<\/p>\n<p>Contribuintes que optarem pelo d\u00e9bito autom\u00e1tico da primeira parcela precisam enviar a declara\u00e7\u00e3o at\u00e9 10 de maio. O pagamento do imposto poder\u00e1 ser parcelado em at\u00e9 oito cotas, com vencimentos entre 29 de maio e 31 de dezembro.<\/p>\n<h2>Quem deve declarar?<\/h2>\n<p>Para o calend\u00e1rio fiscal houve um aumento nos rendimentos tribut\u00e1veis de declara\u00e7\u00e3o obrigat\u00f3ria. Neste ano, <bsp-link-enhancement><br \/>\n    <span class=\"LinkEnhancement\"><a class=\"Link\" href=\"https:\/\/www.itatiaia.com.br\/economia\/imposto-de-renda-2026-saiba-quem-e-obrigado-a-declarar\" title=\"&lt;b&gt;devem declarar os contribuintes&lt;\/b&gt;\"><b>devem declarar os contribuintes<\/b><\/a><\/span><\/bsp-link-enhancement> que tiveram rendimentos acima de R$ 35.584, valor superior ao limite anterior de R$ 33.888. Tamb\u00e9m deve declarar quem possu\u00eda bens ou direitos acima de R$ 800 mil em 31 de dezembro de 2025.<\/p>\n<p>As regras de obrigatoriedade foram publicadas na Instru\u00e7\u00e3o Normativa n\u00ba 2.312, no Di\u00e1rio Oficial da Uni\u00e3o. Outras situa\u00e7\u00f5es exigem aten\u00e7\u00e3o do contribuinte, como rendimentos isentos, ganhos de capital com vendas de bens e opera\u00e7\u00f5es em mercados de capitais. Cabe lembrar que a declara\u00e7\u00e3o \u00e9 referente ao ano-calend\u00e1rio de 2025.<\/p>\n<p><bsp-list-loadmore class=\"PageListStandardG\" data-module=\"\" data-show-loadmore=\"true\" data-list-title-size=\"3\" data-list-description-size=\"3\"><\/p>\n<p>    <a class=\"AnchorLink\" title=\"leia-tambem\" name=\"leia-tambem\"\/><\/p>\n<p><\/bsp-list-loadmore><\/p><\/div>\n<p><script>\n  window.fbAsyncInit = function() {\n      FB.init({\n              appId : '1447052969554341',\n          xfbml : true,\n          version : 'v2.9'\n      });\n  };\n  (function(d, s, id){\n     var js, fjs = d.getElementsByTagName(s)[0];\n     if (d.getElementById(id)) {return;}\n     js = d.createElement(s); js.id = id;\n     js.src = \"https:\/\/connect.facebook.net\/en_US\/sdk.js\";\n     fjs.parentNode.insertBefore(js, fjs);\n   }(document, 'script', 'facebook-jssdk'));\n<\/script><\/p>\n","protected":false},"excerpt":{"rendered":"<p>O programa gerador da declara\u00e7\u00e3o do Imposto de Renda para Pessoa F\u00edsica (IRPF) ser\u00e1 liberado para download na pr\u00f3xima sexta-feira (20), segundo anunciado pela Receita Federal. Por\u00e9m, o envio da declara\u00e7\u00e3o s\u00f3 poder\u00e1 ser realizado a partir da pr\u00f3xima segunda-feira (23), quando os dados da declara\u00e7\u00e3o pr\u00e9-preenchida estar\u00e3o dispon\u00edveis para os contribuintes. Al\u00e9m do programa&#8230;<\/p>\n","protected":false},"author":2,"featured_media":32456,"comment_status":"open","ping_status":"open","sticky":false,"template":"","format":"standard","meta":{"footnotes":""},"categories":[25],"tags":[],"class_list":["post-32455","post","type-post","status-publish","format-standard","has-post-thumbnail","hentry","category-economia"],"yoast_head":"<!-- This site is optimized with the Yoast SEO plugin v27.3 - https:\/\/yoast.com\/product\/yoast-seo-wordpress\/ -->\n<title>programa de declara\u00e7\u00e3o ser\u00e1 liberado na sexta (20) -<\/title>\n<meta name=\"robots\" content=\"index, follow, max-snippet:-1, max-image-preview:large, max-video-preview:-1\" \/>\n<link rel=\"canonical\" href=\"https:\/\/oficialnoticias.com\/?p=32455\" \/>\n<meta property=\"og:locale\" content=\"pt_BR\" \/>\n<meta property=\"og:type\" content=\"article\" \/>\n<meta property=\"og:title\" content=\"programa de declara\u00e7\u00e3o ser\u00e1 liberado na sexta (20) -\" \/>\n<meta property=\"og:description\" content=\"O programa gerador da declara\u00e7\u00e3o do Imposto de Renda para Pessoa F\u00edsica (IRPF) ser\u00e1 liberado para download na pr\u00f3xima sexta-feira (20), segundo anunciado pela Receita Federal. Por\u00e9m, o envio da declara\u00e7\u00e3o s\u00f3 poder\u00e1 ser realizado a partir da pr\u00f3xima segunda-feira (23), quando os dados da declara\u00e7\u00e3o pr\u00e9-preenchida estar\u00e3o dispon\u00edveis para os contribuintes. Al\u00e9m do programa...\" \/>\n<meta property=\"og:url\" content=\"https:\/\/oficialnoticias.com\/?p=32455\" \/>\n<meta property=\"article:published_time\" content=\"2026-03-16T20:00:12+00:00\" \/>\n<meta property=\"article:modified_time\" content=\"2026-03-16T20:00:15+00:00\" \/>\n<meta property=\"og:image\" content=\"https:\/\/oficialnoticias.com\/wp-content\/uploads\/2026\/03\/urlhttps3A2F2Fk2-prod-radio-itatiaia.s3.us-east-1.amazonaws.com2Fbrightspot2F542Fa82F3b8f03.webp\" \/>\n\t<meta property=\"og:image:width\" content=\"1200\" \/>\n\t<meta property=\"og:image:height\" content=\"630\" \/>\n\t<meta property=\"og:image:type\" content=\"image\/webp\" \/>\n<meta name=\"author\" content=\"Luana Gon\u00e7alves\" \/>\n<meta name=\"twitter:card\" content=\"summary_large_image\" \/>\n<meta name=\"twitter:label1\" content=\"Escrito por\" \/>\n\t<meta name=\"twitter:data1\" content=\"Luana Gon\u00e7alves\" \/>\n\t<meta name=\"twitter:label2\" content=\"Est. tempo de leitura\" \/>\n\t<meta name=\"twitter:data2\" content=\"2 minutos\" \/>\n<script type=\"application\/ld+json\" class=\"yoast-schema-graph\">{\"@context\":\"https:\\\/\\\/schema.org\",\"@graph\":[{\"@type\":\"Article\",\"@id\":\"https:\\\/\\\/oficialnoticias.com\\\/?p=32455#article\",\"isPartOf\":{\"@id\":\"https:\\\/\\\/oficialnoticias.com\\\/?p=32455\"},\"author\":{\"name\":\"Luana Gon\u00e7alves\",\"@id\":\"https:\\\/\\\/oficialnoticias.com\\\/#\\\/schema\\\/person\\\/2d1dcbb6bfbc28d68171b4dc04723d4a\"},\"headline\":\"programa de declara\u00e7\u00e3o ser\u00e1 liberado na sexta (20)\",\"datePublished\":\"2026-03-16T20:00:12+00:00\",\"dateModified\":\"2026-03-16T20:00:15+00:00\",\"mainEntityOfPage\":{\"@id\":\"https:\\\/\\\/oficialnoticias.com\\\/?p=32455\"},\"wordCount\":375,\"commentCount\":0,\"publisher\":{\"@id\":\"https:\\\/\\\/oficialnoticias.com\\\/#organization\"},\"image\":{\"@id\":\"https:\\\/\\\/oficialnoticias.com\\\/?p=32455#primaryimage\"},\"thumbnailUrl\":\"https:\\\/\\\/oficialnoticias.com\\\/wp-content\\\/uploads\\\/2026\\\/03\\\/urlhttps3A2F2Fk2-prod-radio-itatiaia.s3.us-east-1.amazonaws.com2Fbrightspot2F542Fa82F3b8f03.webp\",\"articleSection\":[\"Economia\"],\"inLanguage\":\"pt-BR\",\"potentialAction\":[{\"@type\":\"CommentAction\",\"name\":\"Comment\",\"target\":[\"https:\\\/\\\/oficialnoticias.com\\\/?p=32455#respond\"]}]},{\"@type\":\"WebPage\",\"@id\":\"https:\\\/\\\/oficialnoticias.com\\\/?p=32455\",\"url\":\"https:\\\/\\\/oficialnoticias.com\\\/?p=32455\",\"name\":\"programa de declara\u00e7\u00e3o ser\u00e1 liberado na sexta (20) -\",\"isPartOf\":{\"@id\":\"https:\\\/\\\/oficialnoticias.com\\\/#website\"},\"primaryImageOfPage\":{\"@id\":\"https:\\\/\\\/oficialnoticias.com\\\/?p=32455#primaryimage\"},\"image\":{\"@id\":\"https:\\\/\\\/oficialnoticias.com\\\/?p=32455#primaryimage\"},\"thumbnailUrl\":\"https:\\\/\\\/oficialnoticias.com\\\/wp-content\\\/uploads\\\/2026\\\/03\\\/urlhttps3A2F2Fk2-prod-radio-itatiaia.s3.us-east-1.amazonaws.com2Fbrightspot2F542Fa82F3b8f03.webp\",\"datePublished\":\"2026-03-16T20:00:12+00:00\",\"dateModified\":\"2026-03-16T20:00:15+00:00\",\"breadcrumb\":{\"@id\":\"https:\\\/\\\/oficialnoticias.com\\\/?p=32455#breadcrumb\"},\"inLanguage\":\"pt-BR\",\"potentialAction\":[{\"@type\":\"ReadAction\",\"target\":[\"https:\\\/\\\/oficialnoticias.com\\\/?p=32455\"]}]},{\"@type\":\"ImageObject\",\"inLanguage\":\"pt-BR\",\"@id\":\"https:\\\/\\\/oficialnoticias.com\\\/?p=32455#primaryimage\",\"url\":\"https:\\\/\\\/oficialnoticias.com\\\/wp-content\\\/uploads\\\/2026\\\/03\\\/urlhttps3A2F2Fk2-prod-radio-itatiaia.s3.us-east-1.amazonaws.com2Fbrightspot2F542Fa82F3b8f03.webp\",\"contentUrl\":\"https:\\\/\\\/oficialnoticias.com\\\/wp-content\\\/uploads\\\/2026\\\/03\\\/urlhttps3A2F2Fk2-prod-radio-itatiaia.s3.us-east-1.amazonaws.com2Fbrightspot2F542Fa82F3b8f03.webp\",\"width\":1200,\"height\":630},{\"@type\":\"BreadcrumbList\",\"@id\":\"https:\\\/\\\/oficialnoticias.com\\\/?p=32455#breadcrumb\",\"itemListElement\":[{\"@type\":\"ListItem\",\"position\":1,\"name\":\"In\u00edcio\",\"item\":\"https:\\\/\\\/oficialnoticias.com\\\/\"},{\"@type\":\"ListItem\",\"position\":2,\"name\":\"programa de declara\u00e7\u00e3o ser\u00e1 liberado na sexta (20)\"}]},{\"@type\":\"WebSite\",\"@id\":\"https:\\\/\\\/oficialnoticias.com\\\/#website\",\"url\":\"https:\\\/\\\/oficialnoticias.com\\\/\",\"name\":\"oficial Noticias\",\"description\":\"\",\"publisher\":{\"@id\":\"https:\\\/\\\/oficialnoticias.com\\\/#organization\"},\"potentialAction\":[{\"@type\":\"SearchAction\",\"target\":{\"@type\":\"EntryPoint\",\"urlTemplate\":\"https:\\\/\\\/oficialnoticias.com\\\/?s={search_term_string}\"},\"query-input\":{\"@type\":\"PropertyValueSpecification\",\"valueRequired\":true,\"valueName\":\"search_term_string\"}}],\"inLanguage\":\"pt-BR\"},{\"@type\":\"Organization\",\"@id\":\"https:\\\/\\\/oficialnoticias.com\\\/#organization\",\"name\":\"oficial noticias\",\"url\":\"https:\\\/\\\/oficialnoticias.com\\\/\",\"logo\":{\"@type\":\"ImageObject\",\"inLanguage\":\"pt-BR\",\"@id\":\"https:\\\/\\\/oficialnoticias.com\\\/#\\\/schema\\\/logo\\\/image\\\/\",\"url\":\"https:\\\/\\\/oficialnoticias.com\\\/wp-content\\\/uploads\\\/2025\\\/08\\\/cropped-cropped-cropped-Logo-Noticias-e1753639739829.png\",\"contentUrl\":\"https:\\\/\\\/oficialnoticias.com\\\/wp-content\\\/uploads\\\/2025\\\/08\\\/cropped-cropped-cropped-Logo-Noticias-e1753639739829.png\",\"width\":119,\"height\":86,\"caption\":\"oficial noticias\"},\"image\":{\"@id\":\"https:\\\/\\\/oficialnoticias.com\\\/#\\\/schema\\\/logo\\\/image\\\/\"}},{\"@type\":\"Person\",\"@id\":\"https:\\\/\\\/oficialnoticias.com\\\/#\\\/schema\\\/person\\\/2d1dcbb6bfbc28d68171b4dc04723d4a\",\"name\":\"Luana Gon\u00e7alves\",\"image\":{\"@type\":\"ImageObject\",\"inLanguage\":\"pt-BR\",\"@id\":\"https:\\\/\\\/secure.gravatar.com\\\/avatar\\\/7aa6afdef873224c1a0265951f3fdfc0679f65dfbd15f018612595d323c52521?s=96&d=mm&r=g\",\"url\":\"https:\\\/\\\/secure.gravatar.com\\\/avatar\\\/7aa6afdef873224c1a0265951f3fdfc0679f65dfbd15f018612595d323c52521?s=96&d=mm&r=g\",\"contentUrl\":\"https:\\\/\\\/secure.gravatar.com\\\/avatar\\\/7aa6afdef873224c1a0265951f3fdfc0679f65dfbd15f018612595d323c52521?s=96&d=mm&r=g\",\"caption\":\"Luana Gon\u00e7alves\"},\"sameAs\":[\"https:\\\/\\\/oficialnoticias.com\\\/\"],\"url\":\"https:\\\/\\\/oficialnoticias.com\\\/?author=2\"}]}<\/script>\n<!-- \/ Yoast SEO plugin. -->","yoast_head_json":{"title":"programa de declara\u00e7\u00e3o ser\u00e1 liberado na sexta (20) -","robots":{"index":"index","follow":"follow","max-snippet":"max-snippet:-1","max-image-preview":"max-image-preview:large","max-video-preview":"max-video-preview:-1"},"canonical":"https:\/\/oficialnoticias.com\/?p=32455","og_locale":"pt_BR","og_type":"article","og_title":"programa de declara\u00e7\u00e3o ser\u00e1 liberado na sexta (20) -","og_description":"O programa gerador da declara\u00e7\u00e3o do Imposto de Renda para Pessoa F\u00edsica (IRPF) ser\u00e1 liberado para download na pr\u00f3xima sexta-feira (20), segundo anunciado pela Receita Federal. Por\u00e9m, o envio da declara\u00e7\u00e3o s\u00f3 poder\u00e1 ser realizado a partir da pr\u00f3xima segunda-feira (23), quando os dados da declara\u00e7\u00e3o pr\u00e9-preenchida estar\u00e3o dispon\u00edveis para os contribuintes. Al\u00e9m do programa...","og_url":"https:\/\/oficialnoticias.com\/?p=32455","article_published_time":"2026-03-16T20:00:12+00:00","article_modified_time":"2026-03-16T20:00:15+00:00","og_image":[{"width":1200,"height":630,"url":"https:\/\/oficialnoticias.com\/wp-content\/uploads\/2026\/03\/urlhttps3A2F2Fk2-prod-radio-itatiaia.s3.us-east-1.amazonaws.com2Fbrightspot2F542Fa82F3b8f03.webp","type":"image\/webp"}],"author":"Luana Gon\u00e7alves","twitter_card":"summary_large_image","twitter_misc":{"Escrito por":"Luana Gon\u00e7alves","Est. tempo de leitura":"2 minutos"},"schema":{"@context":"https:\/\/schema.org","@graph":[{"@type":"Article","@id":"https:\/\/oficialnoticias.com\/?p=32455#article","isPartOf":{"@id":"https:\/\/oficialnoticias.com\/?p=32455"},"author":{"name":"Luana Gon\u00e7alves","@id":"https:\/\/oficialnoticias.com\/#\/schema\/person\/2d1dcbb6bfbc28d68171b4dc04723d4a"},"headline":"programa de declara\u00e7\u00e3o ser\u00e1 liberado na sexta (20)","datePublished":"2026-03-16T20:00:12+00:00","dateModified":"2026-03-16T20:00:15+00:00","mainEntityOfPage":{"@id":"https:\/\/oficialnoticias.com\/?p=32455"},"wordCount":375,"commentCount":0,"publisher":{"@id":"https:\/\/oficialnoticias.com\/#organization"},"image":{"@id":"https:\/\/oficialnoticias.com\/?p=32455#primaryimage"},"thumbnailUrl":"https:\/\/oficialnoticias.com\/wp-content\/uploads\/2026\/03\/urlhttps3A2F2Fk2-prod-radio-itatiaia.s3.us-east-1.amazonaws.com2Fbrightspot2F542Fa82F3b8f03.webp","articleSection":["Economia"],"inLanguage":"pt-BR","potentialAction":[{"@type":"CommentAction","name":"Comment","target":["https:\/\/oficialnoticias.com\/?p=32455#respond"]}]},{"@type":"WebPage","@id":"https:\/\/oficialnoticias.com\/?p=32455","url":"https:\/\/oficialnoticias.com\/?p=32455","name":"programa de declara\u00e7\u00e3o ser\u00e1 liberado na sexta (20) -","isPartOf":{"@id":"https:\/\/oficialnoticias.com\/#website"},"primaryImageOfPage":{"@id":"https:\/\/oficialnoticias.com\/?p=32455#primaryimage"},"image":{"@id":"https:\/\/oficialnoticias.com\/?p=32455#primaryimage"},"thumbnailUrl":"https:\/\/oficialnoticias.com\/wp-content\/uploads\/2026\/03\/urlhttps3A2F2Fk2-prod-radio-itatiaia.s3.us-east-1.amazonaws.com2Fbrightspot2F542Fa82F3b8f03.webp","datePublished":"2026-03-16T20:00:12+00:00","dateModified":"2026-03-16T20:00:15+00:00","breadcrumb":{"@id":"https:\/\/oficialnoticias.com\/?p=32455#breadcrumb"},"inLanguage":"pt-BR","potentialAction":[{"@type":"ReadAction","target":["https:\/\/oficialnoticias.com\/?p=32455"]}]},{"@type":"ImageObject","inLanguage":"pt-BR","@id":"https:\/\/oficialnoticias.com\/?p=32455#primaryimage","url":"https:\/\/oficialnoticias.com\/wp-content\/uploads\/2026\/03\/urlhttps3A2F2Fk2-prod-radio-itatiaia.s3.us-east-1.amazonaws.com2Fbrightspot2F542Fa82F3b8f03.webp","contentUrl":"https:\/\/oficialnoticias.com\/wp-content\/uploads\/2026\/03\/urlhttps3A2F2Fk2-prod-radio-itatiaia.s3.us-east-1.amazonaws.com2Fbrightspot2F542Fa82F3b8f03.webp","width":1200,"height":630},{"@type":"BreadcrumbList","@id":"https:\/\/oficialnoticias.com\/?p=32455#breadcrumb","itemListElement":[{"@type":"ListItem","position":1,"name":"In\u00edcio","item":"https:\/\/oficialnoticias.com\/"},{"@type":"ListItem","position":2,"name":"programa de declara\u00e7\u00e3o ser\u00e1 liberado na sexta (20)"}]},{"@type":"WebSite","@id":"https:\/\/oficialnoticias.com\/#website","url":"https:\/\/oficialnoticias.com\/","name":"oficial Noticias","description":"","publisher":{"@id":"https:\/\/oficialnoticias.com\/#organization"},"potentialAction":[{"@type":"SearchAction","target":{"@type":"EntryPoint","urlTemplate":"https:\/\/oficialnoticias.com\/?s={search_term_string}"},"query-input":{"@type":"PropertyValueSpecification","valueRequired":true,"valueName":"search_term_string"}}],"inLanguage":"pt-BR"},{"@type":"Organization","@id":"https:\/\/oficialnoticias.com\/#organization","name":"oficial noticias","url":"https:\/\/oficialnoticias.com\/","logo":{"@type":"ImageObject","inLanguage":"pt-BR","@id":"https:\/\/oficialnoticias.com\/#\/schema\/logo\/image\/","url":"https:\/\/oficialnoticias.com\/wp-content\/uploads\/2025\/08\/cropped-cropped-cropped-Logo-Noticias-e1753639739829.png","contentUrl":"https:\/\/oficialnoticias.com\/wp-content\/uploads\/2025\/08\/cropped-cropped-cropped-Logo-Noticias-e1753639739829.png","width":119,"height":86,"caption":"oficial noticias"},"image":{"@id":"https:\/\/oficialnoticias.com\/#\/schema\/logo\/image\/"}},{"@type":"Person","@id":"https:\/\/oficialnoticias.com\/#\/schema\/person\/2d1dcbb6bfbc28d68171b4dc04723d4a","name":"Luana Gon\u00e7alves","image":{"@type":"ImageObject","inLanguage":"pt-BR","@id":"https:\/\/secure.gravatar.com\/avatar\/7aa6afdef873224c1a0265951f3fdfc0679f65dfbd15f018612595d323c52521?s=96&d=mm&r=g","url":"https:\/\/secure.gravatar.com\/avatar\/7aa6afdef873224c1a0265951f3fdfc0679f65dfbd15f018612595d323c52521?s=96&d=mm&r=g","contentUrl":"https:\/\/secure.gravatar.com\/avatar\/7aa6afdef873224c1a0265951f3fdfc0679f65dfbd15f018612595d323c52521?s=96&d=mm&r=g","caption":"Luana Gon\u00e7alves"},"sameAs":["https:\/\/oficialnoticias.com\/"],"url":"https:\/\/oficialnoticias.com\/?author=2"}]}},"_links":{"self":[{"href":"https:\/\/oficialnoticias.com\/index.php?rest_route=\/wp\/v2\/posts\/32455","targetHints":{"allow":["GET"]}}],"collection":[{"href":"https:\/\/oficialnoticias.com\/index.php?rest_route=\/wp\/v2\/posts"}],"about":[{"href":"https:\/\/oficialnoticias.com\/index.php?rest_route=\/wp\/v2\/types\/post"}],"author":[{"embeddable":true,"href":"https:\/\/oficialnoticias.com\/index.php?rest_route=\/wp\/v2\/users\/2"}],"replies":[{"embeddable":true,"href":"https:\/\/oficialnoticias.com\/index.php?rest_route=%2Fwp%2Fv2%2Fcomments&post=32455"}],"version-history":[{"count":1,"href":"https:\/\/oficialnoticias.com\/index.php?rest_route=\/wp\/v2\/posts\/32455\/revisions"}],"predecessor-version":[{"id":32457,"href":"https:\/\/oficialnoticias.com\/index.php?rest_route=\/wp\/v2\/posts\/32455\/revisions\/32457"}],"wp:featuredmedia":[{"embeddable":true,"href":"https:\/\/oficialnoticias.com\/index.php?rest_route=\/wp\/v2\/media\/32456"}],"wp:attachment":[{"href":"https:\/\/oficialnoticias.com\/index.php?rest_route=%2Fwp%2Fv2%2Fmedia&parent=32455"}],"wp:term":[{"taxonomy":"category","embeddable":true,"href":"https:\/\/oficialnoticias.com\/index.php?rest_route=%2Fwp%2Fv2%2Fcategories&post=32455"},{"taxonomy":"post_tag","embeddable":true,"href":"https:\/\/oficialnoticias.com\/index.php?rest_route=%2Fwp%2Fv2%2Ftags&post=32455"}],"curies":[{"name":"wp","href":"https:\/\/api.w.org\/{rel}","templated":true}]}}