{"id":32452,"date":"2026-03-16T16:39:58","date_gmt":"2026-03-16T19:39:58","guid":{"rendered":"https:\/\/oficialnoticias.com\/?p=32452"},"modified":"2026-03-16T16:39:59","modified_gmt":"2026-03-16T19:39:59","slug":"ministerio-da-saude-oferece-curso-de-especializacao-em-enfermagem-neonatal-pelo-sus","status":"publish","type":"post","link":"https:\/\/oficialnoticias.com\/?p=32452","title":{"rendered":"Minist\u00e9rio da Sa\u00fade oferece curso de especializa\u00e7\u00e3o em Enfermagem Neonatal pelo SUS"},"content":{"rendered":"<p><\/p>\n<div>\n<p>O <b>Minist\u00e9rio da Sa\u00fade<\/b> publicou um edital com 310 vagas para <b>especializa\u00e7\u00e3o em enfermagem neonatal<\/b> para profissionais que que atuam em unidades neonatais de refer\u00eancia do Sistema \u00danico de Sa\u00fade (SUS). As inscri\u00e7\u00f5es come\u00e7am nesta segunda-feira (16) e duram at\u00e9 o dia 6 de abril.<\/p>\n<p>Os profissionais devem ser das regi\u00f5es Norte, Nordeste e Centro-Oeste do Brasil, onde h\u00e1 menos trabalhadores especializados na \u00e1rea. A inscri\u00e7\u00e3o deve ser feita por meio da plataforma SIGA-LS. <\/p>\n<p><bsp-list-loadmore class=\"PageListStandardG\" data-module=\"\" data-show-loadmore=\"true\" data-list-title-size=\"3\" data-list-description-size=\"3\"><\/p>\n<p>    <a class=\"AnchorLink\" title=\"leia-tambem\" name=\"leia-tambem\"\/><\/p>\n<p><\/bsp-list-loadmore><\/p>\n<p>O curso \u00e9 ofertado pelo Instituto Nacional de Sa\u00fade da Mulher, da Crian\u00e7a e do Adolescente Fernandes Figueira, da Funda\u00e7\u00e3o Oswaldo Cruz. A dura\u00e7\u00e3o \u00e9 de 14 meses. <\/p>\n<p>Das 310 vagas ofertadas:<\/p>\n<ul>\n<li>206 s\u00e3o destinadas a capitais (66%);<\/li>\n<li>104 a munic\u00edpios do interior (34%).<\/li>\n<\/ul>\n<p>A distribui\u00e7\u00e3o regional prev\u00ea:<\/p>\n<ul>\n<li>56 vagas no Centro-Oeste;<\/li>\n<li>182 vagas no Nordeste;<\/li>\n<li>72 vagas no Norte.<\/li>\n<\/ul>\n<p>Os profissionais selecionados atuar\u00e3o em 64 hospitais, distribu\u00eddos em 36 munic\u00edpios. O <bsp-link-enhancement><br \/>\n    <span class=\"LinkEnhancement\"><a class=\"Link\" href=\"https:\/\/www.siga.fiocruz.br\/arquivos\/ls\/documentos\/editais\/474_2026_EAD_EDITAL%20ESP%20ENF%20NEO.docx.pdf\" target=\"_blank\" title=\"edital\" rel=\"noopener\">edital<\/a><\/span><\/bsp-link-enhancement> tamb\u00e9m reserva 172 vagas para a\u00e7\u00f5es afirmativas. No documento, o candidato encontra os pr\u00e9-requisitos, passo a passo para a inscri\u00e7\u00e3o, distribui\u00e7\u00e3o das cidades e mais.<\/p>\n<p>\u201cNosso objetivo \u00e9 fortalecer e valorizar a enfermagem no \u00e2mbito do SUS, al\u00e9m de qualificar a oferta dos servi\u00e7os. Ao atacar desigualdades hist\u00f3ricas, fortalecemos a resolutividade nas redes regionais\u201d, afirmou, em nota, o secret\u00e1rio de Gest\u00e3o do Trabalho e da Educa\u00e7\u00e3o na Sa\u00fade, Felipe Proen\u00e7o.<\/p>\n<\/p><\/div>\n<p><script>\n  window.fbAsyncInit = function() {\n      FB.init({\n              appId : '1447052969554341',\n          xfbml : true,\n          version : 'v2.9'\n      });\n  };\n  (function(d, s, id){\n     var js, fjs = d.getElementsByTagName(s)[0];\n     if (d.getElementById(id)) {return;}\n     js = d.createElement(s); js.id = id;\n     js.src = \"https:\/\/connect.facebook.net\/en_US\/sdk.js\";\n     fjs.parentNode.insertBefore(js, fjs);\n   }(document, 'script', 'facebook-jssdk'));\n<\/script><\/p>\n","protected":false},"excerpt":{"rendered":"<p>O Minist\u00e9rio da Sa\u00fade publicou um edital com 310 vagas para especializa\u00e7\u00e3o em enfermagem neonatal para profissionais que que atuam em unidades neonatais de refer\u00eancia do Sistema \u00danico de Sa\u00fade (SUS). As inscri\u00e7\u00f5es come\u00e7am nesta segunda-feira (16) e duram at\u00e9 o dia 6 de abril. Os profissionais devem ser das regi\u00f5es Norte, Nordeste e Centro-Oeste&#8230;<\/p>\n","protected":false},"author":2,"featured_media":32453,"comment_status":"open","ping_status":"open","sticky":false,"template":"","format":"standard","meta":{"footnotes":""},"categories":[1],"tags":[],"class_list":["post-32452","post","type-post","status-publish","format-standard","has-post-thumbnail","hentry","category-sem-categoria"],"yoast_head":"<!-- This site is optimized with the Yoast SEO plugin v27.3 - https:\/\/yoast.com\/product\/yoast-seo-wordpress\/ -->\n<title>Minist\u00e9rio da Sa\u00fade oferece curso de especializa\u00e7\u00e3o em Enfermagem Neonatal pelo SUS -<\/title>\n<meta name=\"robots\" content=\"index, follow, max-snippet:-1, max-image-preview:large, max-video-preview:-1\" \/>\n<link rel=\"canonical\" href=\"https:\/\/oficialnoticias.com\/?p=32452\" \/>\n<meta property=\"og:locale\" content=\"pt_BR\" \/>\n<meta property=\"og:type\" content=\"article\" \/>\n<meta property=\"og:title\" content=\"Minist\u00e9rio da Sa\u00fade oferece curso de especializa\u00e7\u00e3o em Enfermagem Neonatal pelo SUS -\" \/>\n<meta property=\"og:description\" content=\"O Minist\u00e9rio da Sa\u00fade publicou um edital com 310 vagas para especializa\u00e7\u00e3o em enfermagem neonatal para profissionais que que atuam em unidades neonatais de refer\u00eancia do Sistema \u00danico de Sa\u00fade (SUS). As inscri\u00e7\u00f5es come\u00e7am nesta segunda-feira (16) e duram at\u00e9 o dia 6 de abril. Os profissionais devem ser das regi\u00f5es Norte, Nordeste e Centro-Oeste...\" \/>\n<meta property=\"og:url\" content=\"https:\/\/oficialnoticias.com\/?p=32452\" \/>\n<meta property=\"article:published_time\" content=\"2026-03-16T19:39:58+00:00\" \/>\n<meta property=\"article:modified_time\" content=\"2026-03-16T19:39:59+00:00\" \/>\n<meta property=\"og:image\" content=\"https:\/\/oficialnoticias.com\/wp-content\/uploads\/2026\/03\/urlhttps3A2F2Fk2-prod-radio-itatiaia.s3.us-east-1.amazonaws.com2Fbrightspot2Fb32Fd02F4d31f5.webp\" \/>\n\t<meta property=\"og:image:width\" content=\"1200\" \/>\n\t<meta property=\"og:image:height\" content=\"630\" \/>\n\t<meta property=\"og:image:type\" content=\"image\/webp\" \/>\n<meta name=\"author\" content=\"Luana Gon\u00e7alves\" \/>\n<meta name=\"twitter:card\" content=\"summary_large_image\" \/>\n<meta name=\"twitter:label1\" content=\"Escrito por\" \/>\n\t<meta name=\"twitter:data1\" content=\"Luana Gon\u00e7alves\" \/>\n\t<meta name=\"twitter:label2\" content=\"Est. tempo de leitura\" \/>\n\t<meta name=\"twitter:data2\" content=\"1 minuto\" \/>\n<script type=\"application\/ld+json\" class=\"yoast-schema-graph\">{\"@context\":\"https:\\\/\\\/schema.org\",\"@graph\":[{\"@type\":\"Article\",\"@id\":\"https:\\\/\\\/oficialnoticias.com\\\/?p=32452#article\",\"isPartOf\":{\"@id\":\"https:\\\/\\\/oficialnoticias.com\\\/?p=32452\"},\"author\":{\"name\":\"Luana Gon\u00e7alves\",\"@id\":\"https:\\\/\\\/oficialnoticias.com\\\/#\\\/schema\\\/person\\\/2d1dcbb6bfbc28d68171b4dc04723d4a\"},\"headline\":\"Minist\u00e9rio da Sa\u00fade oferece curso de especializa\u00e7\u00e3o em Enfermagem Neonatal pelo SUS\",\"datePublished\":\"2026-03-16T19:39:58+00:00\",\"dateModified\":\"2026-03-16T19:39:59+00:00\",\"mainEntityOfPage\":{\"@id\":\"https:\\\/\\\/oficialnoticias.com\\\/?p=32452\"},\"wordCount\":246,\"commentCount\":0,\"publisher\":{\"@id\":\"https:\\\/\\\/oficialnoticias.com\\\/#organization\"},\"image\":{\"@id\":\"https:\\\/\\\/oficialnoticias.com\\\/?p=32452#primaryimage\"},\"thumbnailUrl\":\"https:\\\/\\\/oficialnoticias.com\\\/wp-content\\\/uploads\\\/2026\\\/03\\\/urlhttps3A2F2Fk2-prod-radio-itatiaia.s3.us-east-1.amazonaws.com2Fbrightspot2Fb32Fd02F4d31f5.webp\",\"articleSection\":[\"Sa\u00fade\"],\"inLanguage\":\"pt-BR\",\"potentialAction\":[{\"@type\":\"CommentAction\",\"name\":\"Comment\",\"target\":[\"https:\\\/\\\/oficialnoticias.com\\\/?p=32452#respond\"]}]},{\"@type\":\"WebPage\",\"@id\":\"https:\\\/\\\/oficialnoticias.com\\\/?p=32452\",\"url\":\"https:\\\/\\\/oficialnoticias.com\\\/?p=32452\",\"name\":\"Minist\u00e9rio da Sa\u00fade oferece curso de especializa\u00e7\u00e3o em Enfermagem Neonatal pelo SUS -\",\"isPartOf\":{\"@id\":\"https:\\\/\\\/oficialnoticias.com\\\/#website\"},\"primaryImageOfPage\":{\"@id\":\"https:\\\/\\\/oficialnoticias.com\\\/?p=32452#primaryimage\"},\"image\":{\"@id\":\"https:\\\/\\\/oficialnoticias.com\\\/?p=32452#primaryimage\"},\"thumbnailUrl\":\"https:\\\/\\\/oficialnoticias.com\\\/wp-content\\\/uploads\\\/2026\\\/03\\\/urlhttps3A2F2Fk2-prod-radio-itatiaia.s3.us-east-1.amazonaws.com2Fbrightspot2Fb32Fd02F4d31f5.webp\",\"datePublished\":\"2026-03-16T19:39:58+00:00\",\"dateModified\":\"2026-03-16T19:39:59+00:00\",\"breadcrumb\":{\"@id\":\"https:\\\/\\\/oficialnoticias.com\\\/?p=32452#breadcrumb\"},\"inLanguage\":\"pt-BR\",\"potentialAction\":[{\"@type\":\"ReadAction\",\"target\":[\"https:\\\/\\\/oficialnoticias.com\\\/?p=32452\"]}]},{\"@type\":\"ImageObject\",\"inLanguage\":\"pt-BR\",\"@id\":\"https:\\\/\\\/oficialnoticias.com\\\/?p=32452#primaryimage\",\"url\":\"https:\\\/\\\/oficialnoticias.com\\\/wp-content\\\/uploads\\\/2026\\\/03\\\/urlhttps3A2F2Fk2-prod-radio-itatiaia.s3.us-east-1.amazonaws.com2Fbrightspot2Fb32Fd02F4d31f5.webp\",\"contentUrl\":\"https:\\\/\\\/oficialnoticias.com\\\/wp-content\\\/uploads\\\/2026\\\/03\\\/urlhttps3A2F2Fk2-prod-radio-itatiaia.s3.us-east-1.amazonaws.com2Fbrightspot2Fb32Fd02F4d31f5.webp\",\"width\":1200,\"height\":630},{\"@type\":\"BreadcrumbList\",\"@id\":\"https:\\\/\\\/oficialnoticias.com\\\/?p=32452#breadcrumb\",\"itemListElement\":[{\"@type\":\"ListItem\",\"position\":1,\"name\":\"In\u00edcio\",\"item\":\"https:\\\/\\\/oficialnoticias.com\\\/\"},{\"@type\":\"ListItem\",\"position\":2,\"name\":\"Minist\u00e9rio da Sa\u00fade oferece curso de especializa\u00e7\u00e3o em Enfermagem Neonatal pelo SUS\"}]},{\"@type\":\"WebSite\",\"@id\":\"https:\\\/\\\/oficialnoticias.com\\\/#website\",\"url\":\"https:\\\/\\\/oficialnoticias.com\\\/\",\"name\":\"oficial Noticias\",\"description\":\"\",\"publisher\":{\"@id\":\"https:\\\/\\\/oficialnoticias.com\\\/#organization\"},\"potentialAction\":[{\"@type\":\"SearchAction\",\"target\":{\"@type\":\"EntryPoint\",\"urlTemplate\":\"https:\\\/\\\/oficialnoticias.com\\\/?s={search_term_string}\"},\"query-input\":{\"@type\":\"PropertyValueSpecification\",\"valueRequired\":true,\"valueName\":\"search_term_string\"}}],\"inLanguage\":\"pt-BR\"},{\"@type\":\"Organization\",\"@id\":\"https:\\\/\\\/oficialnoticias.com\\\/#organization\",\"name\":\"oficial noticias\",\"url\":\"https:\\\/\\\/oficialnoticias.com\\\/\",\"logo\":{\"@type\":\"ImageObject\",\"inLanguage\":\"pt-BR\",\"@id\":\"https:\\\/\\\/oficialnoticias.com\\\/#\\\/schema\\\/logo\\\/image\\\/\",\"url\":\"https:\\\/\\\/oficialnoticias.com\\\/wp-content\\\/uploads\\\/2025\\\/08\\\/cropped-cropped-cropped-Logo-Noticias-e1753639739829.png\",\"contentUrl\":\"https:\\\/\\\/oficialnoticias.com\\\/wp-content\\\/uploads\\\/2025\\\/08\\\/cropped-cropped-cropped-Logo-Noticias-e1753639739829.png\",\"width\":119,\"height\":86,\"caption\":\"oficial noticias\"},\"image\":{\"@id\":\"https:\\\/\\\/oficialnoticias.com\\\/#\\\/schema\\\/logo\\\/image\\\/\"}},{\"@type\":\"Person\",\"@id\":\"https:\\\/\\\/oficialnoticias.com\\\/#\\\/schema\\\/person\\\/2d1dcbb6bfbc28d68171b4dc04723d4a\",\"name\":\"Luana Gon\u00e7alves\",\"image\":{\"@type\":\"ImageObject\",\"inLanguage\":\"pt-BR\",\"@id\":\"https:\\\/\\\/secure.gravatar.com\\\/avatar\\\/7aa6afdef873224c1a0265951f3fdfc0679f65dfbd15f018612595d323c52521?s=96&d=mm&r=g\",\"url\":\"https:\\\/\\\/secure.gravatar.com\\\/avatar\\\/7aa6afdef873224c1a0265951f3fdfc0679f65dfbd15f018612595d323c52521?s=96&d=mm&r=g\",\"contentUrl\":\"https:\\\/\\\/secure.gravatar.com\\\/avatar\\\/7aa6afdef873224c1a0265951f3fdfc0679f65dfbd15f018612595d323c52521?s=96&d=mm&r=g\",\"caption\":\"Luana Gon\u00e7alves\"},\"sameAs\":[\"https:\\\/\\\/oficialnoticias.com\\\/\"],\"url\":\"https:\\\/\\\/oficialnoticias.com\\\/?author=2\"}]}<\/script>\n<!-- \/ Yoast SEO plugin. -->","yoast_head_json":{"title":"Minist\u00e9rio da Sa\u00fade oferece curso de especializa\u00e7\u00e3o em Enfermagem Neonatal pelo SUS -","robots":{"index":"index","follow":"follow","max-snippet":"max-snippet:-1","max-image-preview":"max-image-preview:large","max-video-preview":"max-video-preview:-1"},"canonical":"https:\/\/oficialnoticias.com\/?p=32452","og_locale":"pt_BR","og_type":"article","og_title":"Minist\u00e9rio da Sa\u00fade oferece curso de especializa\u00e7\u00e3o em Enfermagem Neonatal pelo SUS -","og_description":"O Minist\u00e9rio da Sa\u00fade publicou um edital com 310 vagas para especializa\u00e7\u00e3o em enfermagem neonatal para profissionais que que atuam em unidades neonatais de refer\u00eancia do Sistema \u00danico de Sa\u00fade (SUS). As inscri\u00e7\u00f5es come\u00e7am nesta segunda-feira (16) e duram at\u00e9 o dia 6 de abril. Os profissionais devem ser das regi\u00f5es Norte, Nordeste e Centro-Oeste...","og_url":"https:\/\/oficialnoticias.com\/?p=32452","article_published_time":"2026-03-16T19:39:58+00:00","article_modified_time":"2026-03-16T19:39:59+00:00","og_image":[{"width":1200,"height":630,"url":"https:\/\/oficialnoticias.com\/wp-content\/uploads\/2026\/03\/urlhttps3A2F2Fk2-prod-radio-itatiaia.s3.us-east-1.amazonaws.com2Fbrightspot2Fb32Fd02F4d31f5.webp","type":"image\/webp"}],"author":"Luana Gon\u00e7alves","twitter_card":"summary_large_image","twitter_misc":{"Escrito por":"Luana Gon\u00e7alves","Est. tempo de leitura":"1 minuto"},"schema":{"@context":"https:\/\/schema.org","@graph":[{"@type":"Article","@id":"https:\/\/oficialnoticias.com\/?p=32452#article","isPartOf":{"@id":"https:\/\/oficialnoticias.com\/?p=32452"},"author":{"name":"Luana Gon\u00e7alves","@id":"https:\/\/oficialnoticias.com\/#\/schema\/person\/2d1dcbb6bfbc28d68171b4dc04723d4a"},"headline":"Minist\u00e9rio da Sa\u00fade oferece curso de especializa\u00e7\u00e3o em Enfermagem Neonatal pelo SUS","datePublished":"2026-03-16T19:39:58+00:00","dateModified":"2026-03-16T19:39:59+00:00","mainEntityOfPage":{"@id":"https:\/\/oficialnoticias.com\/?p=32452"},"wordCount":246,"commentCount":0,"publisher":{"@id":"https:\/\/oficialnoticias.com\/#organization"},"image":{"@id":"https:\/\/oficialnoticias.com\/?p=32452#primaryimage"},"thumbnailUrl":"https:\/\/oficialnoticias.com\/wp-content\/uploads\/2026\/03\/urlhttps3A2F2Fk2-prod-radio-itatiaia.s3.us-east-1.amazonaws.com2Fbrightspot2Fb32Fd02F4d31f5.webp","articleSection":["Sa\u00fade"],"inLanguage":"pt-BR","potentialAction":[{"@type":"CommentAction","name":"Comment","target":["https:\/\/oficialnoticias.com\/?p=32452#respond"]}]},{"@type":"WebPage","@id":"https:\/\/oficialnoticias.com\/?p=32452","url":"https:\/\/oficialnoticias.com\/?p=32452","name":"Minist\u00e9rio da Sa\u00fade oferece curso de especializa\u00e7\u00e3o em Enfermagem Neonatal pelo SUS -","isPartOf":{"@id":"https:\/\/oficialnoticias.com\/#website"},"primaryImageOfPage":{"@id":"https:\/\/oficialnoticias.com\/?p=32452#primaryimage"},"image":{"@id":"https:\/\/oficialnoticias.com\/?p=32452#primaryimage"},"thumbnailUrl":"https:\/\/oficialnoticias.com\/wp-content\/uploads\/2026\/03\/urlhttps3A2F2Fk2-prod-radio-itatiaia.s3.us-east-1.amazonaws.com2Fbrightspot2Fb32Fd02F4d31f5.webp","datePublished":"2026-03-16T19:39:58+00:00","dateModified":"2026-03-16T19:39:59+00:00","breadcrumb":{"@id":"https:\/\/oficialnoticias.com\/?p=32452#breadcrumb"},"inLanguage":"pt-BR","potentialAction":[{"@type":"ReadAction","target":["https:\/\/oficialnoticias.com\/?p=32452"]}]},{"@type":"ImageObject","inLanguage":"pt-BR","@id":"https:\/\/oficialnoticias.com\/?p=32452#primaryimage","url":"https:\/\/oficialnoticias.com\/wp-content\/uploads\/2026\/03\/urlhttps3A2F2Fk2-prod-radio-itatiaia.s3.us-east-1.amazonaws.com2Fbrightspot2Fb32Fd02F4d31f5.webp","contentUrl":"https:\/\/oficialnoticias.com\/wp-content\/uploads\/2026\/03\/urlhttps3A2F2Fk2-prod-radio-itatiaia.s3.us-east-1.amazonaws.com2Fbrightspot2Fb32Fd02F4d31f5.webp","width":1200,"height":630},{"@type":"BreadcrumbList","@id":"https:\/\/oficialnoticias.com\/?p=32452#breadcrumb","itemListElement":[{"@type":"ListItem","position":1,"name":"In\u00edcio","item":"https:\/\/oficialnoticias.com\/"},{"@type":"ListItem","position":2,"name":"Minist\u00e9rio da Sa\u00fade oferece curso de especializa\u00e7\u00e3o em Enfermagem Neonatal pelo SUS"}]},{"@type":"WebSite","@id":"https:\/\/oficialnoticias.com\/#website","url":"https:\/\/oficialnoticias.com\/","name":"oficial Noticias","description":"","publisher":{"@id":"https:\/\/oficialnoticias.com\/#organization"},"potentialAction":[{"@type":"SearchAction","target":{"@type":"EntryPoint","urlTemplate":"https:\/\/oficialnoticias.com\/?s={search_term_string}"},"query-input":{"@type":"PropertyValueSpecification","valueRequired":true,"valueName":"search_term_string"}}],"inLanguage":"pt-BR"},{"@type":"Organization","@id":"https:\/\/oficialnoticias.com\/#organization","name":"oficial noticias","url":"https:\/\/oficialnoticias.com\/","logo":{"@type":"ImageObject","inLanguage":"pt-BR","@id":"https:\/\/oficialnoticias.com\/#\/schema\/logo\/image\/","url":"https:\/\/oficialnoticias.com\/wp-content\/uploads\/2025\/08\/cropped-cropped-cropped-Logo-Noticias-e1753639739829.png","contentUrl":"https:\/\/oficialnoticias.com\/wp-content\/uploads\/2025\/08\/cropped-cropped-cropped-Logo-Noticias-e1753639739829.png","width":119,"height":86,"caption":"oficial noticias"},"image":{"@id":"https:\/\/oficialnoticias.com\/#\/schema\/logo\/image\/"}},{"@type":"Person","@id":"https:\/\/oficialnoticias.com\/#\/schema\/person\/2d1dcbb6bfbc28d68171b4dc04723d4a","name":"Luana Gon\u00e7alves","image":{"@type":"ImageObject","inLanguage":"pt-BR","@id":"https:\/\/secure.gravatar.com\/avatar\/7aa6afdef873224c1a0265951f3fdfc0679f65dfbd15f018612595d323c52521?s=96&d=mm&r=g","url":"https:\/\/secure.gravatar.com\/avatar\/7aa6afdef873224c1a0265951f3fdfc0679f65dfbd15f018612595d323c52521?s=96&d=mm&r=g","contentUrl":"https:\/\/secure.gravatar.com\/avatar\/7aa6afdef873224c1a0265951f3fdfc0679f65dfbd15f018612595d323c52521?s=96&d=mm&r=g","caption":"Luana Gon\u00e7alves"},"sameAs":["https:\/\/oficialnoticias.com\/"],"url":"https:\/\/oficialnoticias.com\/?author=2"}]}},"_links":{"self":[{"href":"https:\/\/oficialnoticias.com\/index.php?rest_route=\/wp\/v2\/posts\/32452","targetHints":{"allow":["GET"]}}],"collection":[{"href":"https:\/\/oficialnoticias.com\/index.php?rest_route=\/wp\/v2\/posts"}],"about":[{"href":"https:\/\/oficialnoticias.com\/index.php?rest_route=\/wp\/v2\/types\/post"}],"author":[{"embeddable":true,"href":"https:\/\/oficialnoticias.com\/index.php?rest_route=\/wp\/v2\/users\/2"}],"replies":[{"embeddable":true,"href":"https:\/\/oficialnoticias.com\/index.php?rest_route=%2Fwp%2Fv2%2Fcomments&post=32452"}],"version-history":[{"count":1,"href":"https:\/\/oficialnoticias.com\/index.php?rest_route=\/wp\/v2\/posts\/32452\/revisions"}],"predecessor-version":[{"id":32454,"href":"https:\/\/oficialnoticias.com\/index.php?rest_route=\/wp\/v2\/posts\/32452\/revisions\/32454"}],"wp:featuredmedia":[{"embeddable":true,"href":"https:\/\/oficialnoticias.com\/index.php?rest_route=\/wp\/v2\/media\/32453"}],"wp:attachment":[{"href":"https:\/\/oficialnoticias.com\/index.php?rest_route=%2Fwp%2Fv2%2Fmedia&parent=32452"}],"wp:term":[{"taxonomy":"category","embeddable":true,"href":"https:\/\/oficialnoticias.com\/index.php?rest_route=%2Fwp%2Fv2%2Fcategories&post=32452"},{"taxonomy":"post_tag","embeddable":true,"href":"https:\/\/oficialnoticias.com\/index.php?rest_route=%2Fwp%2Fv2%2Ftags&post=32452"}],"curies":[{"name":"wp","href":"https:\/\/api.w.org\/{rel}","templated":true}]}}