{"id":32449,"date":"2026-03-16T15:59:19","date_gmt":"2026-03-16T18:59:19","guid":{"rendered":"https:\/\/oficialnoticias.com\/?p=32449"},"modified":"2026-03-16T15:59:19","modified_gmt":"2026-03-16T18:59:19","slug":"veja-o-calendario-do-abono-salarial-para-o-resto-do-ano","status":"publish","type":"post","link":"https:\/\/oficialnoticias.com\/?p=32449","title":{"rendered":"veja o calend\u00e1rio do abono salarial para o resto do ano"},"content":{"rendered":"<p><\/p>\n<div>\n<p>O Minist\u00e9rio do Trabalho e Emprego (MTE) pagou, nesta segunda-feira (16), o <bsp-link-enhancement><br \/>\n    <span class=\"LinkEnhancement\"><a class=\"Link\" href=\"https:\/\/www.itatiaia.com.br\/economia\/abono-salarial-do-pis-pasep-sera-pago-para-2-milhoes-de-pessoas-nesta-segunda-16\" title=\"&lt;b&gt;abono salarial&lt;\/b&gt;\"><b>abono salarial<\/b><\/a><\/span><\/bsp-link-enhancement> dos programas de Integra\u00e7\u00e3o Social (PIS) e Forma\u00e7\u00e3o do Patrim\u00f4nio do Servidor P\u00fablico (Pasep) para 2 milh\u00f5es de trabalhadores nascidos em fevereiro. Ao todo, o governo desembolsou cerca de R$ 2,5 bilh\u00f5es no benef\u00edcio.<\/p>\n<p>Agora, o calend\u00e1rio de pagamentos estabelecido pelo Conselho Deliberativo do Fundo de Amparo ao Trabalhador (Codefat) prev\u00ea o pagamento de dois lotes por m\u00eas at\u00e9 agosto. Isso ocorre porque o governo vai liberar os recursos para trabalhadores nascidos em dois meses a partir de abril.<\/p>\n<p>No dia 15 do pr\u00f3ximo m\u00eas, por exemplo, recebem os trabalhadores nascidos em mar\u00e7o e abril. Em maio, recebem os benefici\u00e1rios com data de nascimento em maio e junho, seguindo a ordem at\u00e9 o dia 17 de agosto.<\/p>\n<p>O abono salarial \u00e9 um benef\u00edcio concedido aos trabalhadores que tiveram uma remunera\u00e7\u00e3o m\u00e9dia mensal de at\u00e9 R$ 2.766,00 no ano-base de 2024, e que os empregadores contribuem para o PIS ou para o Pasep. O valor para quem atuou os 12 meses do ano \u00e9 de um sal\u00e1rio-m\u00ednimo (R$ 1.621,00).<\/p>\n<h2>Veja o calend\u00e1rio completo<\/h2>\n<table data-pm-slice=\"1 1 []\" style=\"background-repeat: no-repeat; box-sizing: border-box; border-collapse: collapse; width: 940px; border-color: rgb(248, 248, 248); border-style: solid; border-width: 1px; border-image: none 100% \/ 1 \/ 0 stretch; min-width: 940px; color: rgb(0, 0, 0); font-family: &quot;DM Sans&quot;, Arial, Helvetica, sans-serif; font-size: 18px; font-style: normal; font-variant-ligatures: normal; font-variant-caps: normal; font-weight: 400; letter-spacing: -0.5px; orphans: 2; text-align: start; text-transform: none; widows: 2; word-spacing: 0px; -webkit-text-stroke-width: 0px; white-space: normal; text-decoration-thickness: initial; text-decoration-style: initial; text-decoration-color: initial; background-color: rgb(255, 255, 255);\">\n<tbody>\n<tr style=\"background-repeat: no-repeat; box-sizing: border-box; margin-bottom: 10px;\">\n<td colspan=\"1\" rowspan=\"1\" style=\"background-repeat: no-repeat; box-sizing: border-box; border-radius: 10px 0px 0px 10px; padding: 0px 15px; border-top: 1px solid rgb(248, 248, 248); border-right: 1px solid rgb(248, 248, 248); border-bottom: 1px solid rgb(248, 248, 248); border-left: 0px; border-image: none 100% \/ 1 \/ 0 stretch; background-clip: padding-box; min-height: 50px; height: 50px; position: relative;\"><b>Nascidos em<\/b><\/td>\n<td colspan=\"1\" rowspan=\"1\" style=\"background-repeat: no-repeat; box-sizing: border-box; border-radius: 0px 10px 10px 0px; padding: 0px 15px; border-top: 1px solid rgb(248, 248, 248); border-right: 0px; border-bottom: 1px solid rgb(248, 248, 248); border-left: 1px solid rgb(248, 248, 248); border-image: none 100% \/ 1 \/ 0 stretch; background-clip: padding-box; min-height: 50px; height: 50px; position: relative;\"><b>Data de pagamento<\/b><\/td>\n<\/tr>\n<tr style=\"background-repeat: no-repeat; box-sizing: border-box; margin-bottom: 10px;\">\n<td colspan=\"1\" rowspan=\"1\" style=\"background-repeat: no-repeat; box-sizing: border-box; border-radius: 10px 0px 0px 10px; padding: 0px 15px; border-top: 1px solid rgb(248, 248, 248); border-right: 1px solid rgb(248, 248, 248); border-bottom: 1px solid rgb(248, 248, 248); border-left: 0px; border-image: none 100% \/ 1 \/ 0 stretch; background-clip: padding-box; min-height: 50px; height: 50px; position: relative;\">Fevereiro<\/td>\n<td colspan=\"1\" rowspan=\"1\" style=\"background-repeat: no-repeat; box-sizing: border-box; border-radius: 0px 10px 10px 0px; padding: 0px 15px; border-top: 1px solid rgb(248, 248, 248); border-right: 0px; border-bottom: 1px solid rgb(248, 248, 248); border-left: 1px solid rgb(248, 248, 248); border-image: none 100% \/ 1 \/ 0 stretch; background-clip: padding-box; min-height: 50px; height: 50px; position: relative;\">16 de mar\u00e7o<\/td>\n<\/tr>\n<tr style=\"background-repeat: no-repeat; box-sizing: border-box; margin-bottom: 10px;\">\n<td colspan=\"1\" rowspan=\"1\" style=\"background-repeat: no-repeat; box-sizing: border-box; border-radius: 10px 0px 0px 10px; padding: 0px 15px; border-top: 1px solid rgb(248, 248, 248); border-right: 1px solid rgb(248, 248, 248); border-bottom: 1px solid rgb(248, 248, 248); border-left: 0px; border-image: none 100% \/ 1 \/ 0 stretch; background-clip: padding-box; min-height: 50px; height: 50px; position: relative;\">Mar\u00e7o e abril<\/td>\n<td colspan=\"1\" rowspan=\"1\" style=\"background-repeat: no-repeat; box-sizing: border-box; border-radius: 0px 10px 10px 0px; padding: 0px 15px; border-top: 1px solid rgb(248, 248, 248); border-right: 0px; border-bottom: 1px solid rgb(248, 248, 248); border-left: 1px solid rgb(248, 248, 248); border-image: none 100% \/ 1 \/ 0 stretch; background-clip: padding-box; min-height: 50px; height: 50px; position: relative;\">15 de abril<\/td>\n<\/tr>\n<tr style=\"background-repeat: no-repeat; box-sizing: border-box; margin-bottom: 10px;\">\n<td colspan=\"1\" rowspan=\"1\" style=\"background-repeat: no-repeat; box-sizing: border-box; border-radius: 10px 0px 0px 10px; padding: 0px 15px; border-top: 1px solid rgb(248, 248, 248); border-right: 1px solid rgb(248, 248, 248); border-bottom: 1px solid rgb(248, 248, 248); border-left: 0px; border-image: none 100% \/ 1 \/ 0 stretch; background-clip: padding-box; min-height: 50px; height: 50px; position: relative;\">Maio e junho<\/td>\n<td colspan=\"1\" rowspan=\"1\" style=\"background-repeat: no-repeat; box-sizing: border-box; border-radius: 0px 10px 10px 0px; padding: 0px 15px; border-top: 1px solid rgb(248, 248, 248); border-right: 0px; border-bottom: 1px solid rgb(248, 248, 248); border-left: 1px solid rgb(248, 248, 248); border-image: none 100% \/ 1 \/ 0 stretch; background-clip: padding-box; min-height: 50px; height: 50px; position: relative;\">15 de maio<\/td>\n<\/tr>\n<tr style=\"background-repeat: no-repeat; box-sizing: border-box; margin-bottom: 10px;\">\n<td colspan=\"1\" rowspan=\"1\" style=\"background-repeat: no-repeat; box-sizing: border-box; border-radius: 10px 0px 0px 10px; padding: 0px 15px; border-top: 1px solid rgb(248, 248, 248); border-right: 1px solid rgb(248, 248, 248); border-bottom: 1px solid rgb(248, 248, 248); border-left: 0px; border-image: none 100% \/ 1 \/ 0 stretch; background-clip: padding-box; min-height: 50px; height: 50px; position: relative;\">Julho e agosto<\/td>\n<td colspan=\"1\" rowspan=\"1\" style=\"background-repeat: no-repeat; box-sizing: border-box; border-radius: 0px 10px 10px 0px; padding: 0px 15px; border-top: 1px solid rgb(248, 248, 248); border-right: 0px; border-bottom: 1px solid rgb(248, 248, 248); border-left: 1px solid rgb(248, 248, 248); border-image: none 100% \/ 1 \/ 0 stretch; background-clip: padding-box; min-height: 50px; height: 50px; position: relative;\">15 de junho<\/td>\n<\/tr>\n<tr style=\"background-repeat: no-repeat; box-sizing: border-box; margin-bottom: 10px;\">\n<td colspan=\"1\" rowspan=\"1\" style=\"background-repeat: no-repeat; box-sizing: border-box; border-radius: 10px 0px 0px 10px; padding: 0px 15px; border-top: 1px solid rgb(248, 248, 248); border-right: 1px solid rgb(248, 248, 248); border-bottom: 1px solid rgb(248, 248, 248); border-left: 0px; border-image: none 100% \/ 1 \/ 0 stretch; background-clip: padding-box; min-height: 50px; height: 50px; position: relative;\">Setembro e outubro<\/td>\n<td colspan=\"1\" rowspan=\"1\" style=\"background-repeat: no-repeat; box-sizing: border-box; border-radius: 0px 10px 10px 0px; padding: 0px 15px; border-top: 1px solid rgb(248, 248, 248); border-right: 0px; border-bottom: 1px solid rgb(248, 248, 248); border-left: 1px solid rgb(248, 248, 248); border-image: none 100% \/ 1 \/ 0 stretch; background-clip: padding-box; min-height: 50px; height: 50px; position: relative;\">15 de julho<\/td>\n<\/tr>\n<tr style=\"background-repeat: no-repeat; box-sizing: border-box; margin-bottom: 10px;\">\n<td colspan=\"1\" rowspan=\"1\" style=\"background-repeat: no-repeat; box-sizing: border-box; border-radius: 10px 0px 0px 10px; padding: 0px 15px; border-top: 1px solid rgb(248, 248, 248); border-right: 1px solid rgb(248, 248, 248); border-bottom: 1px solid rgb(248, 248, 248); border-left: 0px; border-image: none 100% \/ 1 \/ 0 stretch; background-clip: padding-box; min-height: 50px; height: 50px; position: relative;\">Novembro e dezembro<\/td>\n<td colspan=\"1\" rowspan=\"1\" style=\"background-repeat: no-repeat; box-sizing: border-box; border-radius: 0px 10px 10px 0px; padding: 0px 15px; border-top: 1px solid rgb(248, 248, 248); border-right: 0px; border-bottom: 1px solid rgb(248, 248, 248); border-left: 1px solid rgb(248, 248, 248); border-image: none 100% \/ 1 \/ 0 stretch; background-clip: padding-box; min-height: 50px; height: 50px; position: relative;\">17 de agosto<\/td>\n<\/tr>\n<\/tbody>\n<\/table>\n<h2>Como saber quem recebe?<\/h2>\n<p>Para saber se est\u00e1 entre os benefici\u00e1rios, o trabalhador deve consultar o abono salarial pelo aplicativo da Carteira de Trabalho e Previd\u00eancia Social Digital (CTPS). Na plataforma, o trabalhador pode verificar o valor, a data e o banco de recebimento.<\/p>\n<ul>\n<li>Baixe ou atualize o aplicativo da CTPS;<\/li>\n<li>Clique na aba \u201cbenef\u00edcios\u201d;<\/li>\n<li>Selecione \u201cabono salarial e clique em \u201cpagamentos\u201d;<\/li>\n<li>O abono tamb\u00e9m pode ser consultado no portal gov.br;<\/li>\n<li>Ou no telefone 158, com atendimento gratuito das 7h \u00e0s 22h.<\/li>\n<\/ul>\n<p>Para receber o abono salarial, \u00e9 necess\u00e1rio atender aos crit\u00e9rios de habilita\u00e7\u00e3o, como estar cadastrado no PIS\/Pasep h\u00e1 pelo menos cinco anos; ter recebido remunera\u00e7\u00e3o m\u00e9dia mensal de at\u00e9 R$ 2.766,00 de empregadores contribuintes; ter exercido atividade remunerada por, no m\u00ednimo, 30 dias no ano-base considerado; e ter os dados corretamente informados pelo empregador no eSocial.<\/p>\n<h2>Como \u00e9 o pagamento?<\/h2>\n<p>O pagamento do abono pela Caixa ser\u00e1 realizado prioritariamente por cr\u00e9dito em conta, quando o trabalhador possui conta corrente, poupan\u00e7a ou conta digital; ou por cr\u00e9dito via aplicativo CAIXA Tem, em conta poupan\u00e7a social digital aberta automaticamente. Para os n\u00e3o correntistas, o pagamento poder\u00e1 ser feito em ag\u00eancias, casas lot\u00e9ricas, autoatendimento, Caixa Aqui e demais canais de pagamento oferecidos.<\/p>\n<p>No caso do Banco do Brasil, o pagamento ser\u00e1 realizado prioritariamente por cr\u00e9dito em conta banc\u00e1ria, transfer\u00eancia via TED, via PIX ou presencialmente nas ag\u00eancias, para trabalhadores n\u00e3o correntistas e que n\u00e3o possuam PIX.<\/p>\n<p>Para calcular o valor correspondente do benef\u00edcio, basta pegar o valor atual do sal\u00e1rio-m\u00ednimo dividido por 12 e multiplicar pela quantidade de meses trabalhados no ano-base. Assim, uma pessoa que atuou em apenas um m\u00eas vai receber R$ 136,00. J\u00e1 um trabalhador que exerceu 10 meses de atividade recebe R$ 1.351,00. Somente quem trabalhou no ano inteiro vai receber o valor integral de R$ 1.621,00.<\/p>\n<p><bsp-list-loadmore class=\"PageListStandardG\" data-module=\"\" data-show-loadmore=\"true\" data-list-title-size=\"3\" data-list-description-size=\"3\"><\/p>\n<p>    <a class=\"AnchorLink\" title=\"leia-tambem\" name=\"leia-tambem\"\/><\/p>\n<p><\/bsp-list-loadmore><\/p><\/div>\n<p><script>\n  window.fbAsyncInit = function() {\n      FB.init({\n              appId : '1447052969554341',\n          xfbml : true,\n          version : 'v2.9'\n      });\n  };\n  (function(d, s, id){\n     var js, fjs = d.getElementsByTagName(s)[0];\n     if (d.getElementById(id)) {return;}\n     js = d.createElement(s); js.id = id;\n     js.src = \"https:\/\/connect.facebook.net\/en_US\/sdk.js\";\n     fjs.parentNode.insertBefore(js, fjs);\n   }(document, 'script', 'facebook-jssdk'));\n<\/script><\/p>\n","protected":false},"excerpt":{"rendered":"<p>O Minist\u00e9rio do Trabalho e Emprego (MTE) pagou, nesta segunda-feira (16), o abono salarial dos programas de Integra\u00e7\u00e3o Social (PIS) e Forma\u00e7\u00e3o do Patrim\u00f4nio do Servidor P\u00fablico (Pasep) para 2 milh\u00f5es de trabalhadores nascidos em fevereiro. Ao todo, o governo desembolsou cerca de R$ 2,5 bilh\u00f5es no benef\u00edcio. Agora, o calend\u00e1rio de pagamentos estabelecido pelo&#8230;<\/p>\n","protected":false},"author":2,"featured_media":32450,"comment_status":"open","ping_status":"open","sticky":false,"template":"","format":"standard","meta":{"footnotes":""},"categories":[25],"tags":[],"class_list":["post-32449","post","type-post","status-publish","format-standard","has-post-thumbnail","hentry","category-economia"],"yoast_head":"<!-- This site is optimized with the Yoast SEO plugin v27.3 - https:\/\/yoast.com\/product\/yoast-seo-wordpress\/ -->\n<title>veja o calend\u00e1rio do abono salarial para o resto do ano -<\/title>\n<meta name=\"robots\" content=\"index, follow, max-snippet:-1, max-image-preview:large, max-video-preview:-1\" \/>\n<link rel=\"canonical\" href=\"https:\/\/oficialnoticias.com\/?p=32449\" \/>\n<meta property=\"og:locale\" content=\"pt_BR\" \/>\n<meta property=\"og:type\" content=\"article\" \/>\n<meta property=\"og:title\" content=\"veja o calend\u00e1rio do abono salarial para o resto do ano -\" \/>\n<meta property=\"og:description\" content=\"O Minist\u00e9rio do Trabalho e Emprego (MTE) pagou, nesta segunda-feira (16), o abono salarial dos programas de Integra\u00e7\u00e3o Social (PIS) e Forma\u00e7\u00e3o do Patrim\u00f4nio do Servidor P\u00fablico (Pasep) para 2 milh\u00f5es de trabalhadores nascidos em fevereiro. Ao todo, o governo desembolsou cerca de R$ 2,5 bilh\u00f5es no benef\u00edcio. Agora, o calend\u00e1rio de pagamentos estabelecido pelo...\" \/>\n<meta property=\"og:url\" content=\"https:\/\/oficialnoticias.com\/?p=32449\" \/>\n<meta property=\"article:published_time\" content=\"2026-03-16T18:59:19+00:00\" \/>\n<meta property=\"og:image\" content=\"https:\/\/oficialnoticias.com\/wp-content\/uploads\/2026\/03\/urlhttps3A2F2Fk2-prod-radio-itatiaia.s3.us-east-1.amazonaws.com2Fbrightspot2F392F902F4f5fbe.webp\" \/>\n\t<meta property=\"og:image:width\" content=\"1200\" \/>\n\t<meta property=\"og:image:height\" content=\"630\" \/>\n\t<meta property=\"og:image:type\" content=\"image\/webp\" \/>\n<meta name=\"author\" content=\"Luana Gon\u00e7alves\" \/>\n<meta name=\"twitter:card\" content=\"summary_large_image\" \/>\n<meta name=\"twitter:label1\" content=\"Escrito por\" \/>\n\t<meta name=\"twitter:data1\" content=\"Luana Gon\u00e7alves\" \/>\n\t<meta name=\"twitter:label2\" content=\"Est. tempo de leitura\" \/>\n\t<meta name=\"twitter:data2\" content=\"3 minutos\" \/>\n<script type=\"application\/ld+json\" class=\"yoast-schema-graph\">{\"@context\":\"https:\\\/\\\/schema.org\",\"@graph\":[{\"@type\":\"Article\",\"@id\":\"https:\\\/\\\/oficialnoticias.com\\\/?p=32449#article\",\"isPartOf\":{\"@id\":\"https:\\\/\\\/oficialnoticias.com\\\/?p=32449\"},\"author\":{\"name\":\"Luana Gon\u00e7alves\",\"@id\":\"https:\\\/\\\/oficialnoticias.com\\\/#\\\/schema\\\/person\\\/2d1dcbb6bfbc28d68171b4dc04723d4a\"},\"headline\":\"veja o calend\u00e1rio do abono salarial para o resto do ano\",\"datePublished\":\"2026-03-16T18:59:19+00:00\",\"mainEntityOfPage\":{\"@id\":\"https:\\\/\\\/oficialnoticias.com\\\/?p=32449\"},\"wordCount\":561,\"commentCount\":0,\"publisher\":{\"@id\":\"https:\\\/\\\/oficialnoticias.com\\\/#organization\"},\"image\":{\"@id\":\"https:\\\/\\\/oficialnoticias.com\\\/?p=32449#primaryimage\"},\"thumbnailUrl\":\"https:\\\/\\\/oficialnoticias.com\\\/wp-content\\\/uploads\\\/2026\\\/03\\\/urlhttps3A2F2Fk2-prod-radio-itatiaia.s3.us-east-1.amazonaws.com2Fbrightspot2F392F902F4f5fbe.webp\",\"articleSection\":[\"Economia\"],\"inLanguage\":\"pt-BR\",\"potentialAction\":[{\"@type\":\"CommentAction\",\"name\":\"Comment\",\"target\":[\"https:\\\/\\\/oficialnoticias.com\\\/?p=32449#respond\"]}]},{\"@type\":\"WebPage\",\"@id\":\"https:\\\/\\\/oficialnoticias.com\\\/?p=32449\",\"url\":\"https:\\\/\\\/oficialnoticias.com\\\/?p=32449\",\"name\":\"veja o calend\u00e1rio do abono salarial para o resto do ano -\",\"isPartOf\":{\"@id\":\"https:\\\/\\\/oficialnoticias.com\\\/#website\"},\"primaryImageOfPage\":{\"@id\":\"https:\\\/\\\/oficialnoticias.com\\\/?p=32449#primaryimage\"},\"image\":{\"@id\":\"https:\\\/\\\/oficialnoticias.com\\\/?p=32449#primaryimage\"},\"thumbnailUrl\":\"https:\\\/\\\/oficialnoticias.com\\\/wp-content\\\/uploads\\\/2026\\\/03\\\/urlhttps3A2F2Fk2-prod-radio-itatiaia.s3.us-east-1.amazonaws.com2Fbrightspot2F392F902F4f5fbe.webp\",\"datePublished\":\"2026-03-16T18:59:19+00:00\",\"breadcrumb\":{\"@id\":\"https:\\\/\\\/oficialnoticias.com\\\/?p=32449#breadcrumb\"},\"inLanguage\":\"pt-BR\",\"potentialAction\":[{\"@type\":\"ReadAction\",\"target\":[\"https:\\\/\\\/oficialnoticias.com\\\/?p=32449\"]}]},{\"@type\":\"ImageObject\",\"inLanguage\":\"pt-BR\",\"@id\":\"https:\\\/\\\/oficialnoticias.com\\\/?p=32449#primaryimage\",\"url\":\"https:\\\/\\\/oficialnoticias.com\\\/wp-content\\\/uploads\\\/2026\\\/03\\\/urlhttps3A2F2Fk2-prod-radio-itatiaia.s3.us-east-1.amazonaws.com2Fbrightspot2F392F902F4f5fbe.webp\",\"contentUrl\":\"https:\\\/\\\/oficialnoticias.com\\\/wp-content\\\/uploads\\\/2026\\\/03\\\/urlhttps3A2F2Fk2-prod-radio-itatiaia.s3.us-east-1.amazonaws.com2Fbrightspot2F392F902F4f5fbe.webp\",\"width\":1200,\"height\":630},{\"@type\":\"BreadcrumbList\",\"@id\":\"https:\\\/\\\/oficialnoticias.com\\\/?p=32449#breadcrumb\",\"itemListElement\":[{\"@type\":\"ListItem\",\"position\":1,\"name\":\"In\u00edcio\",\"item\":\"https:\\\/\\\/oficialnoticias.com\\\/\"},{\"@type\":\"ListItem\",\"position\":2,\"name\":\"veja o calend\u00e1rio do abono salarial para o resto do ano\"}]},{\"@type\":\"WebSite\",\"@id\":\"https:\\\/\\\/oficialnoticias.com\\\/#website\",\"url\":\"https:\\\/\\\/oficialnoticias.com\\\/\",\"name\":\"oficial Noticias\",\"description\":\"\",\"publisher\":{\"@id\":\"https:\\\/\\\/oficialnoticias.com\\\/#organization\"},\"potentialAction\":[{\"@type\":\"SearchAction\",\"target\":{\"@type\":\"EntryPoint\",\"urlTemplate\":\"https:\\\/\\\/oficialnoticias.com\\\/?s={search_term_string}\"},\"query-input\":{\"@type\":\"PropertyValueSpecification\",\"valueRequired\":true,\"valueName\":\"search_term_string\"}}],\"inLanguage\":\"pt-BR\"},{\"@type\":\"Organization\",\"@id\":\"https:\\\/\\\/oficialnoticias.com\\\/#organization\",\"name\":\"oficial noticias\",\"url\":\"https:\\\/\\\/oficialnoticias.com\\\/\",\"logo\":{\"@type\":\"ImageObject\",\"inLanguage\":\"pt-BR\",\"@id\":\"https:\\\/\\\/oficialnoticias.com\\\/#\\\/schema\\\/logo\\\/image\\\/\",\"url\":\"https:\\\/\\\/oficialnoticias.com\\\/wp-content\\\/uploads\\\/2025\\\/08\\\/cropped-cropped-cropped-Logo-Noticias-e1753639739829.png\",\"contentUrl\":\"https:\\\/\\\/oficialnoticias.com\\\/wp-content\\\/uploads\\\/2025\\\/08\\\/cropped-cropped-cropped-Logo-Noticias-e1753639739829.png\",\"width\":119,\"height\":86,\"caption\":\"oficial noticias\"},\"image\":{\"@id\":\"https:\\\/\\\/oficialnoticias.com\\\/#\\\/schema\\\/logo\\\/image\\\/\"}},{\"@type\":\"Person\",\"@id\":\"https:\\\/\\\/oficialnoticias.com\\\/#\\\/schema\\\/person\\\/2d1dcbb6bfbc28d68171b4dc04723d4a\",\"name\":\"Luana Gon\u00e7alves\",\"image\":{\"@type\":\"ImageObject\",\"inLanguage\":\"pt-BR\",\"@id\":\"https:\\\/\\\/secure.gravatar.com\\\/avatar\\\/7aa6afdef873224c1a0265951f3fdfc0679f65dfbd15f018612595d323c52521?s=96&d=mm&r=g\",\"url\":\"https:\\\/\\\/secure.gravatar.com\\\/avatar\\\/7aa6afdef873224c1a0265951f3fdfc0679f65dfbd15f018612595d323c52521?s=96&d=mm&r=g\",\"contentUrl\":\"https:\\\/\\\/secure.gravatar.com\\\/avatar\\\/7aa6afdef873224c1a0265951f3fdfc0679f65dfbd15f018612595d323c52521?s=96&d=mm&r=g\",\"caption\":\"Luana Gon\u00e7alves\"},\"sameAs\":[\"https:\\\/\\\/oficialnoticias.com\\\/\"],\"url\":\"https:\\\/\\\/oficialnoticias.com\\\/?author=2\"}]}<\/script>\n<!-- \/ Yoast SEO plugin. -->","yoast_head_json":{"title":"veja o calend\u00e1rio do abono salarial para o resto do ano -","robots":{"index":"index","follow":"follow","max-snippet":"max-snippet:-1","max-image-preview":"max-image-preview:large","max-video-preview":"max-video-preview:-1"},"canonical":"https:\/\/oficialnoticias.com\/?p=32449","og_locale":"pt_BR","og_type":"article","og_title":"veja o calend\u00e1rio do abono salarial para o resto do ano -","og_description":"O Minist\u00e9rio do Trabalho e Emprego (MTE) pagou, nesta segunda-feira (16), o abono salarial dos programas de Integra\u00e7\u00e3o Social (PIS) e Forma\u00e7\u00e3o do Patrim\u00f4nio do Servidor P\u00fablico (Pasep) para 2 milh\u00f5es de trabalhadores nascidos em fevereiro. Ao todo, o governo desembolsou cerca de R$ 2,5 bilh\u00f5es no benef\u00edcio. Agora, o calend\u00e1rio de pagamentos estabelecido pelo...","og_url":"https:\/\/oficialnoticias.com\/?p=32449","article_published_time":"2026-03-16T18:59:19+00:00","og_image":[{"width":1200,"height":630,"url":"https:\/\/oficialnoticias.com\/wp-content\/uploads\/2026\/03\/urlhttps3A2F2Fk2-prod-radio-itatiaia.s3.us-east-1.amazonaws.com2Fbrightspot2F392F902F4f5fbe.webp","type":"image\/webp"}],"author":"Luana Gon\u00e7alves","twitter_card":"summary_large_image","twitter_misc":{"Escrito por":"Luana Gon\u00e7alves","Est. tempo de leitura":"3 minutos"},"schema":{"@context":"https:\/\/schema.org","@graph":[{"@type":"Article","@id":"https:\/\/oficialnoticias.com\/?p=32449#article","isPartOf":{"@id":"https:\/\/oficialnoticias.com\/?p=32449"},"author":{"name":"Luana Gon\u00e7alves","@id":"https:\/\/oficialnoticias.com\/#\/schema\/person\/2d1dcbb6bfbc28d68171b4dc04723d4a"},"headline":"veja o calend\u00e1rio do abono salarial para o resto do ano","datePublished":"2026-03-16T18:59:19+00:00","mainEntityOfPage":{"@id":"https:\/\/oficialnoticias.com\/?p=32449"},"wordCount":561,"commentCount":0,"publisher":{"@id":"https:\/\/oficialnoticias.com\/#organization"},"image":{"@id":"https:\/\/oficialnoticias.com\/?p=32449#primaryimage"},"thumbnailUrl":"https:\/\/oficialnoticias.com\/wp-content\/uploads\/2026\/03\/urlhttps3A2F2Fk2-prod-radio-itatiaia.s3.us-east-1.amazonaws.com2Fbrightspot2F392F902F4f5fbe.webp","articleSection":["Economia"],"inLanguage":"pt-BR","potentialAction":[{"@type":"CommentAction","name":"Comment","target":["https:\/\/oficialnoticias.com\/?p=32449#respond"]}]},{"@type":"WebPage","@id":"https:\/\/oficialnoticias.com\/?p=32449","url":"https:\/\/oficialnoticias.com\/?p=32449","name":"veja o calend\u00e1rio do abono salarial para o resto do ano -","isPartOf":{"@id":"https:\/\/oficialnoticias.com\/#website"},"primaryImageOfPage":{"@id":"https:\/\/oficialnoticias.com\/?p=32449#primaryimage"},"image":{"@id":"https:\/\/oficialnoticias.com\/?p=32449#primaryimage"},"thumbnailUrl":"https:\/\/oficialnoticias.com\/wp-content\/uploads\/2026\/03\/urlhttps3A2F2Fk2-prod-radio-itatiaia.s3.us-east-1.amazonaws.com2Fbrightspot2F392F902F4f5fbe.webp","datePublished":"2026-03-16T18:59:19+00:00","breadcrumb":{"@id":"https:\/\/oficialnoticias.com\/?p=32449#breadcrumb"},"inLanguage":"pt-BR","potentialAction":[{"@type":"ReadAction","target":["https:\/\/oficialnoticias.com\/?p=32449"]}]},{"@type":"ImageObject","inLanguage":"pt-BR","@id":"https:\/\/oficialnoticias.com\/?p=32449#primaryimage","url":"https:\/\/oficialnoticias.com\/wp-content\/uploads\/2026\/03\/urlhttps3A2F2Fk2-prod-radio-itatiaia.s3.us-east-1.amazonaws.com2Fbrightspot2F392F902F4f5fbe.webp","contentUrl":"https:\/\/oficialnoticias.com\/wp-content\/uploads\/2026\/03\/urlhttps3A2F2Fk2-prod-radio-itatiaia.s3.us-east-1.amazonaws.com2Fbrightspot2F392F902F4f5fbe.webp","width":1200,"height":630},{"@type":"BreadcrumbList","@id":"https:\/\/oficialnoticias.com\/?p=32449#breadcrumb","itemListElement":[{"@type":"ListItem","position":1,"name":"In\u00edcio","item":"https:\/\/oficialnoticias.com\/"},{"@type":"ListItem","position":2,"name":"veja o calend\u00e1rio do abono salarial para o resto do ano"}]},{"@type":"WebSite","@id":"https:\/\/oficialnoticias.com\/#website","url":"https:\/\/oficialnoticias.com\/","name":"oficial Noticias","description":"","publisher":{"@id":"https:\/\/oficialnoticias.com\/#organization"},"potentialAction":[{"@type":"SearchAction","target":{"@type":"EntryPoint","urlTemplate":"https:\/\/oficialnoticias.com\/?s={search_term_string}"},"query-input":{"@type":"PropertyValueSpecification","valueRequired":true,"valueName":"search_term_string"}}],"inLanguage":"pt-BR"},{"@type":"Organization","@id":"https:\/\/oficialnoticias.com\/#organization","name":"oficial noticias","url":"https:\/\/oficialnoticias.com\/","logo":{"@type":"ImageObject","inLanguage":"pt-BR","@id":"https:\/\/oficialnoticias.com\/#\/schema\/logo\/image\/","url":"https:\/\/oficialnoticias.com\/wp-content\/uploads\/2025\/08\/cropped-cropped-cropped-Logo-Noticias-e1753639739829.png","contentUrl":"https:\/\/oficialnoticias.com\/wp-content\/uploads\/2025\/08\/cropped-cropped-cropped-Logo-Noticias-e1753639739829.png","width":119,"height":86,"caption":"oficial noticias"},"image":{"@id":"https:\/\/oficialnoticias.com\/#\/schema\/logo\/image\/"}},{"@type":"Person","@id":"https:\/\/oficialnoticias.com\/#\/schema\/person\/2d1dcbb6bfbc28d68171b4dc04723d4a","name":"Luana Gon\u00e7alves","image":{"@type":"ImageObject","inLanguage":"pt-BR","@id":"https:\/\/secure.gravatar.com\/avatar\/7aa6afdef873224c1a0265951f3fdfc0679f65dfbd15f018612595d323c52521?s=96&d=mm&r=g","url":"https:\/\/secure.gravatar.com\/avatar\/7aa6afdef873224c1a0265951f3fdfc0679f65dfbd15f018612595d323c52521?s=96&d=mm&r=g","contentUrl":"https:\/\/secure.gravatar.com\/avatar\/7aa6afdef873224c1a0265951f3fdfc0679f65dfbd15f018612595d323c52521?s=96&d=mm&r=g","caption":"Luana Gon\u00e7alves"},"sameAs":["https:\/\/oficialnoticias.com\/"],"url":"https:\/\/oficialnoticias.com\/?author=2"}]}},"_links":{"self":[{"href":"https:\/\/oficialnoticias.com\/index.php?rest_route=\/wp\/v2\/posts\/32449","targetHints":{"allow":["GET"]}}],"collection":[{"href":"https:\/\/oficialnoticias.com\/index.php?rest_route=\/wp\/v2\/posts"}],"about":[{"href":"https:\/\/oficialnoticias.com\/index.php?rest_route=\/wp\/v2\/types\/post"}],"author":[{"embeddable":true,"href":"https:\/\/oficialnoticias.com\/index.php?rest_route=\/wp\/v2\/users\/2"}],"replies":[{"embeddable":true,"href":"https:\/\/oficialnoticias.com\/index.php?rest_route=%2Fwp%2Fv2%2Fcomments&post=32449"}],"version-history":[{"count":1,"href":"https:\/\/oficialnoticias.com\/index.php?rest_route=\/wp\/v2\/posts\/32449\/revisions"}],"predecessor-version":[{"id":32451,"href":"https:\/\/oficialnoticias.com\/index.php?rest_route=\/wp\/v2\/posts\/32449\/revisions\/32451"}],"wp:featuredmedia":[{"embeddable":true,"href":"https:\/\/oficialnoticias.com\/index.php?rest_route=\/wp\/v2\/media\/32450"}],"wp:attachment":[{"href":"https:\/\/oficialnoticias.com\/index.php?rest_route=%2Fwp%2Fv2%2Fmedia&parent=32449"}],"wp:term":[{"taxonomy":"category","embeddable":true,"href":"https:\/\/oficialnoticias.com\/index.php?rest_route=%2Fwp%2Fv2%2Fcategories&post=32449"},{"taxonomy":"post_tag","embeddable":true,"href":"https:\/\/oficialnoticias.com\/index.php?rest_route=%2Fwp%2Fv2%2Ftags&post=32449"}],"curies":[{"name":"wp","href":"https:\/\/api.w.org\/{rel}","templated":true}]}}