{"id":32443,"date":"2026-03-16T13:56:08","date_gmt":"2026-03-16T16:56:08","guid":{"rendered":"https:\/\/oficialnoticias.com\/?p=32443"},"modified":"2026-03-16T13:56:09","modified_gmt":"2026-03-16T16:56:09","slug":"infraestrutura-e-principal-entrave-para-avanco-sustentavel-em-bh","status":"publish","type":"post","link":"https:\/\/oficialnoticias.com\/?p=32443","title":{"rendered":"Infraestrutura \u00e9 principal entrave para avan\u00e7o sustent\u00e1vel em BH"},"content":{"rendered":"<p><\/p>\n<div>\n<p>O <b>\u00cdndice de Desenvolvimento Sustent\u00e1vel das Cidades (IDSC)<\/b> no Brasil mostra que, enquanto munic\u00edpios do interior avan\u00e7am no cumprimento das metas globais, Belo Horizonte permanece distante das primeiras posi\u00e7\u00f5es. A capital mineira aparece na 1.188\u00aa coloca\u00e7\u00e3o entre as 5.570 cidades avaliadas, com pontua\u00e7\u00e3o geral de 54,35, considerada n\u00edvel m\u00e9dio de sustentabilidade.<\/p>\n<p>O ranking mede o progresso dos munic\u00edpios na implementa\u00e7\u00e3o dos 17 Objetivos de Desenvolvimento Sustent\u00e1vel (ODS), estabelecidos pela Organiza\u00e7\u00e3o das Na\u00e7\u00f5es Unidas. A pontua\u00e7\u00e3o varia de zero a 100 e reflete o desempenho agregado em todas as metas. <\/p>\n<p>Embora cidades como Uru (SP), primeira colocada com 66,83 pontos, e Varginha (MG), na s\u00e9tima posi\u00e7\u00e3o com 64,64 pontos, estejam entre as melhores do pa\u00eds na classifica\u00e7\u00e3o geral, o cen\u00e1rio se altera quando a an\u00e1lise se concentra nos indicadores ligados \u00e0 <bsp-link-enhancement><br \/>\n    <span class=\"LinkEnhancement\"><a class=\"Link\" href=\"https:\/\/www.itatiaia.com.br\/economia\/negocios\/eloos\/brasil-bate-recorde-de-investimento-em-infraestrutura-mas-enfrenta-desafios-de-continuidade\" title=\"infraestrutura e \u00e0 sustentabilidade urbana \u2014 considerados estrat\u00e9gicos para o desenvolvimento de longo prazo\">infraestrutura e \u00e0 sustentabilidade urbana \u2014 considerados estrat\u00e9gicos para o desenvolvimento de longo prazo<\/a><\/span><\/bsp-link-enhancement>.<\/p>\n<p>No ODS 9, que trata de Ind\u00fastria, Inova\u00e7\u00e3o e Infraestrutura, diversas cidades brasileiras registram desempenho \u201cmuito baixo\u201d, faixa abaixo de 39,99 pontos. O objetivo envolve a constru\u00e7\u00e3o de estruturas resilientes, moderniza\u00e7\u00e3o da base produtiva e est\u00edmulo \u00e0 inova\u00e7\u00e3o. <bsp-link-enhancement><br \/>\n    <span class=\"LinkEnhancement\"><a class=\"Link\" href=\"https:\/\/www.itatiaia.com.br\/economia\/negocios\/eloos\/infraestrutura-sustentavel-projeto-transforma-municipios-em-laboratorios-urbanos\" title=\"J\u00e1 o ODS 11, voltado a Cidades e Comunidades Sustent\u00e1veis, abrange mobilidade urbana, saneamento, gest\u00e3o de res\u00edduos e planejamento territorial\">J\u00e1 o ODS 11, voltado a Cidades e Comunidades Sustent\u00e1veis, abrange mobilidade urbana, saneamento, gest\u00e3o de res\u00edduos e planejamento territorial<\/a><\/span><\/bsp-link-enhancement>. Tamb\u00e9m nesse eixo o desempenho \u00e9 fr\u00e1gil em grande parte dos munic\u00edpios.<\/p>\n<p>Belo Horizonte, aparece na faixa \u201cmuito baixa\u201d tanto no ODS 9 quanto no ODS 11, o que indica gargalos estruturais em infraestrutura e planejamento urbano.<\/p>\n<p>Para especialistas, o problema est\u00e1 diretamente relacionado ao baixo volume de investimentos no setor. <b>Camillo Fraga, s\u00f3cio-fundador e diretor do Grupo Houer<\/b>, avalia que o Brasil ainda aplica recursos insuficientes em infraestrutura. \u201cN\u00e3o existem recursos p\u00fablicos suficientes para atender \u00e0 \u00e1rea de infraestrutura. Ent\u00e3o, n\u00f3s precisamos atrair capital privado. Para isso, precisamos de bons projetos e de uma boa estrutura regulat\u00f3ria. Isso \u00e9 uma necessidade premente\u201d, afirma.<\/p>\n<div class=\"Enhancement\" data-align-center=\"\">\n<div class=\"Enhancement-item\">\n<p>                            <bsp-figure class=\"Figure\" id=\"image-f20000\"><br \/>\n    <button class=\"containerImg\"><\/p>\n<p>    <a class=\"AnchorLink\" title=\"image-f20000\" name=\"image-f20000\"\/><\/p>\n<picture><source type=\"image\/webp\" width=\"1000\" height=\"563\" srcset=\"https:\/\/medias.itatiaia.com.br\/dims4\/default\/a7a744c\/2147483647\/strip\/true\/crop\/1175x662+0+28\/resize\/568x320!\/format\/webp\/quality\/90\/?url=https%3A%2F%2Fk2-prod-radio-itatiaia.s3.us-east-1.amazonaws.com%2Fbrightspot%2F54%2F00%2F9547c2144e77a3081462f202a4dc%2Fcamillo-fraga-da-houer.jpeg 568w,https:\/\/medias.itatiaia.com.br\/dims4\/default\/d32ba4a\/2147483647\/strip\/true\/crop\/1175x662+0+28\/resize\/768x432!\/format\/webp\/quality\/90\/?url=https%3A%2F%2Fk2-prod-radio-itatiaia.s3.us-east-1.amazonaws.com%2Fbrightspot%2F54%2F00%2F9547c2144e77a3081462f202a4dc%2Fcamillo-fraga-da-houer.jpeg 768w,https:\/\/medias.itatiaia.com.br\/dims4\/default\/a508199\/2147483647\/strip\/true\/crop\/1175x662+0+28\/resize\/1000x563!\/format\/webp\/quality\/90\/?url=https%3A%2F%2Fk2-prod-radio-itatiaia.s3.us-east-1.amazonaws.com%2Fbrightspot%2F54%2F00%2F9547c2144e77a3081462f202a4dc%2Fcamillo-fraga-da-houer.jpeg 1000w\"\/><source width=\"1000\" height=\"563\" srcset=\"https:\/\/medias.itatiaia.com.br\/dims4\/default\/d4c604c\/2147483647\/strip\/true\/crop\/1175x662+0+28\/resize\/1000x563!\/quality\/90\/?url=https%3A%2F%2Fk2-prod-radio-itatiaia.s3.us-east-1.amazonaws.com%2Fbrightspot%2F54%2F00%2F9547c2144e77a3081462f202a4dc%2Fcamillo-fraga-da-houer.jpeg\"\/><\/picture>\n<div class=\"Figure-credit\">\n<p>Anderson Porto | Itatiaia<\/p>\n<\/div>\n<p>    <\/button><\/p>\n<div class=\"Figure-content\"><figcaption class=\"Figure-caption\">\n<p>Camillo Fraga, s\u00f3cio-fundador e diretor do Grupo Houer<\/p>\n<\/figcaption><\/div>\n<p><\/bsp-figure><\/p><\/div>\n<\/p><\/div>\n<p>Segundo ele, as defici\u00eancias s\u00e3o amplas e atingem diferentes modais. \u201cN\u00f3s temos gargalos log\u00edsticos gigantescos, e isso se mostra em todas as \u00e1reas. Na \u00e1rea portu\u00e1ria, na \u00e1rea ferrovi\u00e1ria, \u00e9 gigantesco. Hoje o Brasil tem um quadro muito positivo no setor aeroportu\u00e1rio, muito por conta do legado da Copa do Mundo. Temos aeroportos que concorrem com os de qualquer lugar do mundo. Mas, se falarmos de rodovias, ferrovias e portos, lembramos que estamos apenas na 48\u00aa posi\u00e7\u00e3o global\u201d, explica.<\/p>\n<p>O professor <b>Paulo Resende, do N\u00facleo de Infraestrutura da Funda\u00e7\u00e3o Dom Cabral (FDC)<\/b>, ressalta que o desafio do setor tamb\u00e9m passa pela aus\u00eancia de planejamento consistente. \u201cO planejamento de longo prazo \u00e9 a ess\u00eancia. Mas sabemos que planejamento de longo prazo no Brasil \u00e9 uma raridade. \u00c9 preciso implementar cada vez mais essa no\u00e7\u00e3o, principalmente em projetos de infraestrutura f\u00edsica, que demandam tempo\u201d, afirma.<\/p>\n<div class=\"Enhancement\" data-align-center=\"\">\n<div class=\"Enhancement-item\">\n<p>                            <bsp-figure class=\"Figure\" id=\"image-490000\"><br \/>\n    <button class=\"containerImg\"><\/p>\n<p>    <a class=\"AnchorLink\" title=\"image-490000\" name=\"image-490000\"\/><\/p>\n<picture><source type=\"image\/webp\" width=\"1000\" height=\"563\" srcset=\"https:\/\/medias.itatiaia.com.br\/dims4\/default\/8a46fb7\/2147483647\/strip\/true\/crop\/885x498+0+0\/resize\/568x320!\/format\/webp\/quality\/90\/?url=https%3A%2F%2Fk2-prod-radio-itatiaia.s3.us-east-1.amazonaws.com%2Fbrightspot%2F4b%2F68%2Fe72632904bb1b6534af0629d2284%2Fpaulo-resende.jpeg 568w,https:\/\/medias.itatiaia.com.br\/dims4\/default\/c54c1c9\/2147483647\/strip\/true\/crop\/885x498+0+0\/resize\/768x432!\/format\/webp\/quality\/90\/?url=https%3A%2F%2Fk2-prod-radio-itatiaia.s3.us-east-1.amazonaws.com%2Fbrightspot%2F4b%2F68%2Fe72632904bb1b6534af0629d2284%2Fpaulo-resende.jpeg 768w,https:\/\/medias.itatiaia.com.br\/dims4\/default\/5f83b7c\/2147483647\/strip\/true\/crop\/885x498+0+0\/resize\/1000x563!\/format\/webp\/quality\/90\/?url=https%3A%2F%2Fk2-prod-radio-itatiaia.s3.us-east-1.amazonaws.com%2Fbrightspot%2F4b%2F68%2Fe72632904bb1b6534af0629d2284%2Fpaulo-resende.jpeg 1000w\"\/><source width=\"1000\" height=\"563\" srcset=\"https:\/\/medias.itatiaia.com.br\/dims4\/default\/69cb61d\/2147483647\/strip\/true\/crop\/885x498+0+0\/resize\/1000x563!\/quality\/90\/?url=https%3A%2F%2Fk2-prod-radio-itatiaia.s3.us-east-1.amazonaws.com%2Fbrightspot%2F4b%2F68%2Fe72632904bb1b6534af0629d2284%2Fpaulo-resende.jpeg\"\/><img loading=\"lazy\" decoding=\"async\" class=\"Image\" alt=\"Professor Paulo Resende, do N\u00facleo de Infraestrutura da Funda\u00e7\u00e3o Dom Cabral (FDC)\" width=\"1000\" height=\"563\" src=\"https:\/\/medias.itatiaia.com.br\/dims4\/default\/69cb61d\/2147483647\/strip\/true\/crop\/885x498+0+0\/resize\/1000x563!\/quality\/90\/?url=https%3A%2F%2Fk2-prod-radio-itatiaia.s3.us-east-1.amazonaws.com%2Fbrightspot%2F4b%2F68%2Fe72632904bb1b6534af0629d2284%2Fpaulo-resende.jpeg\" loading=\"lazy\"\/><\/p>\n<\/picture>\n<p>    <\/button><\/p>\n<div class=\"Figure-content\"><figcaption class=\"Figure-caption\">\n<p>Paulo Resende, professor do N\u00facleo de Infraestrutura da Funda\u00e7\u00e3o Dom Cabral (FDC)<\/p>\n<\/figcaption><\/div>\n<p><\/bsp-figure><\/p><\/div>\n<\/p><\/div>\n<p><bsp-list-loadmore class=\"PageListStandardG\" data-module=\"\" data-show-loadmore=\"true\" data-list-title-size=\"3\" data-list-description-size=\"3\"><\/p>\n<p>    <a class=\"AnchorLink\" title=\"leia-tambem\" name=\"leia-tambem\"\/><\/p>\n<p><\/bsp-list-loadmore><\/p><\/div>\n<p><script>\n  window.fbAsyncInit = function() {\n      FB.init({\n              appId : '1447052969554341',\n          xfbml : true,\n          version : 'v2.9'\n      });\n  };\n  (function(d, s, id){\n     var js, fjs = d.getElementsByTagName(s)[0];\n     if (d.getElementById(id)) {return;}\n     js = d.createElement(s); js.id = id;\n     js.src = \"https:\/\/connect.facebook.net\/en_US\/sdk.js\";\n     fjs.parentNode.insertBefore(js, fjs);\n   }(document, 'script', 'facebook-jssdk'));\n<\/script><\/p>\n","protected":false},"excerpt":{"rendered":"<p>O \u00cdndice de Desenvolvimento Sustent\u00e1vel das Cidades (IDSC) no Brasil mostra que, enquanto munic\u00edpios do interior avan\u00e7am no cumprimento das metas globais, Belo Horizonte permanece distante das primeiras posi\u00e7\u00f5es. A capital mineira aparece na 1.188\u00aa coloca\u00e7\u00e3o entre as 5.570 cidades avaliadas, com pontua\u00e7\u00e3o geral de 54,35, considerada n\u00edvel m\u00e9dio de sustentabilidade. O ranking mede o&#8230;<\/p>\n","protected":false},"author":2,"featured_media":32444,"comment_status":"open","ping_status":"open","sticky":false,"template":"","format":"standard","meta":{"footnotes":""},"categories":[25],"tags":[],"class_list":["post-32443","post","type-post","status-publish","format-standard","has-post-thumbnail","hentry","category-economia"],"yoast_head":"<!-- This site is optimized with the Yoast SEO plugin v27.3 - https:\/\/yoast.com\/product\/yoast-seo-wordpress\/ -->\n<title>Infraestrutura \u00e9 principal entrave para avan\u00e7o sustent\u00e1vel em BH -<\/title>\n<meta name=\"robots\" content=\"index, follow, max-snippet:-1, max-image-preview:large, max-video-preview:-1\" \/>\n<link rel=\"canonical\" href=\"https:\/\/oficialnoticias.com\/?p=32443\" \/>\n<meta property=\"og:locale\" content=\"pt_BR\" \/>\n<meta property=\"og:type\" content=\"article\" \/>\n<meta property=\"og:title\" content=\"Infraestrutura \u00e9 principal entrave para avan\u00e7o sustent\u00e1vel em BH -\" \/>\n<meta property=\"og:description\" content=\"O \u00cdndice de Desenvolvimento Sustent\u00e1vel das Cidades (IDSC) no Brasil mostra que, enquanto munic\u00edpios do interior avan\u00e7am no cumprimento das metas globais, Belo Horizonte permanece distante das primeiras posi\u00e7\u00f5es. A capital mineira aparece na 1.188\u00aa coloca\u00e7\u00e3o entre as 5.570 cidades avaliadas, com pontua\u00e7\u00e3o geral de 54,35, considerada n\u00edvel m\u00e9dio de sustentabilidade. O ranking mede o...\" \/>\n<meta property=\"og:url\" content=\"https:\/\/oficialnoticias.com\/?p=32443\" \/>\n<meta property=\"article:published_time\" content=\"2026-03-16T16:56:08+00:00\" \/>\n<meta property=\"article:modified_time\" content=\"2026-03-16T16:56:09+00:00\" \/>\n<meta property=\"og:image\" content=\"https:\/\/oficialnoticias.com\/wp-content\/uploads\/2026\/03\/1773680168_urlhttps3A2F2Fk2-prod-radio-itatiaia.s3.us-east-1.amazonaws.com2Fbrightspot2Fe62F752F857ad0.webp\" \/>\n\t<meta property=\"og:image:width\" content=\"1200\" \/>\n\t<meta property=\"og:image:height\" content=\"630\" \/>\n\t<meta property=\"og:image:type\" content=\"image\/webp\" \/>\n<meta name=\"author\" content=\"Luana Gon\u00e7alves\" \/>\n<meta name=\"twitter:card\" content=\"summary_large_image\" \/>\n<meta name=\"twitter:label1\" content=\"Escrito por\" \/>\n\t<meta name=\"twitter:data1\" content=\"Luana Gon\u00e7alves\" \/>\n\t<meta name=\"twitter:label2\" content=\"Est. tempo de leitura\" \/>\n\t<meta name=\"twitter:data2\" content=\"3 minutos\" \/>\n<script type=\"application\/ld+json\" class=\"yoast-schema-graph\">{\"@context\":\"https:\\\/\\\/schema.org\",\"@graph\":[{\"@type\":\"Article\",\"@id\":\"https:\\\/\\\/oficialnoticias.com\\\/?p=32443#article\",\"isPartOf\":{\"@id\":\"https:\\\/\\\/oficialnoticias.com\\\/?p=32443\"},\"author\":{\"name\":\"Luana Gon\u00e7alves\",\"@id\":\"https:\\\/\\\/oficialnoticias.com\\\/#\\\/schema\\\/person\\\/2d1dcbb6bfbc28d68171b4dc04723d4a\"},\"headline\":\"Infraestrutura \u00e9 principal entrave para avan\u00e7o sustent\u00e1vel em BH\",\"datePublished\":\"2026-03-16T16:56:08+00:00\",\"dateModified\":\"2026-03-16T16:56:09+00:00\",\"mainEntityOfPage\":{\"@id\":\"https:\\\/\\\/oficialnoticias.com\\\/?p=32443\"},\"wordCount\":515,\"commentCount\":0,\"publisher\":{\"@id\":\"https:\\\/\\\/oficialnoticias.com\\\/#organization\"},\"image\":{\"@id\":\"https:\\\/\\\/oficialnoticias.com\\\/?p=32443#primaryimage\"},\"thumbnailUrl\":\"https:\\\/\\\/oficialnoticias.com\\\/wp-content\\\/uploads\\\/2026\\\/03\\\/1773680168_urlhttps3A2F2Fk2-prod-radio-itatiaia.s3.us-east-1.amazonaws.com2Fbrightspot2Fe62F752F857ad0.webp\",\"articleSection\":[\"Economia\"],\"inLanguage\":\"pt-BR\",\"potentialAction\":[{\"@type\":\"CommentAction\",\"name\":\"Comment\",\"target\":[\"https:\\\/\\\/oficialnoticias.com\\\/?p=32443#respond\"]}]},{\"@type\":\"WebPage\",\"@id\":\"https:\\\/\\\/oficialnoticias.com\\\/?p=32443\",\"url\":\"https:\\\/\\\/oficialnoticias.com\\\/?p=32443\",\"name\":\"Infraestrutura \u00e9 principal entrave para avan\u00e7o sustent\u00e1vel em BH -\",\"isPartOf\":{\"@id\":\"https:\\\/\\\/oficialnoticias.com\\\/#website\"},\"primaryImageOfPage\":{\"@id\":\"https:\\\/\\\/oficialnoticias.com\\\/?p=32443#primaryimage\"},\"image\":{\"@id\":\"https:\\\/\\\/oficialnoticias.com\\\/?p=32443#primaryimage\"},\"thumbnailUrl\":\"https:\\\/\\\/oficialnoticias.com\\\/wp-content\\\/uploads\\\/2026\\\/03\\\/1773680168_urlhttps3A2F2Fk2-prod-radio-itatiaia.s3.us-east-1.amazonaws.com2Fbrightspot2Fe62F752F857ad0.webp\",\"datePublished\":\"2026-03-16T16:56:08+00:00\",\"dateModified\":\"2026-03-16T16:56:09+00:00\",\"breadcrumb\":{\"@id\":\"https:\\\/\\\/oficialnoticias.com\\\/?p=32443#breadcrumb\"},\"inLanguage\":\"pt-BR\",\"potentialAction\":[{\"@type\":\"ReadAction\",\"target\":[\"https:\\\/\\\/oficialnoticias.com\\\/?p=32443\"]}]},{\"@type\":\"ImageObject\",\"inLanguage\":\"pt-BR\",\"@id\":\"https:\\\/\\\/oficialnoticias.com\\\/?p=32443#primaryimage\",\"url\":\"https:\\\/\\\/oficialnoticias.com\\\/wp-content\\\/uploads\\\/2026\\\/03\\\/1773680168_urlhttps3A2F2Fk2-prod-radio-itatiaia.s3.us-east-1.amazonaws.com2Fbrightspot2Fe62F752F857ad0.webp\",\"contentUrl\":\"https:\\\/\\\/oficialnoticias.com\\\/wp-content\\\/uploads\\\/2026\\\/03\\\/1773680168_urlhttps3A2F2Fk2-prod-radio-itatiaia.s3.us-east-1.amazonaws.com2Fbrightspot2Fe62F752F857ad0.webp\",\"width\":1200,\"height\":630},{\"@type\":\"BreadcrumbList\",\"@id\":\"https:\\\/\\\/oficialnoticias.com\\\/?p=32443#breadcrumb\",\"itemListElement\":[{\"@type\":\"ListItem\",\"position\":1,\"name\":\"In\u00edcio\",\"item\":\"https:\\\/\\\/oficialnoticias.com\\\/\"},{\"@type\":\"ListItem\",\"position\":2,\"name\":\"Infraestrutura \u00e9 principal entrave para avan\u00e7o sustent\u00e1vel em BH\"}]},{\"@type\":\"WebSite\",\"@id\":\"https:\\\/\\\/oficialnoticias.com\\\/#website\",\"url\":\"https:\\\/\\\/oficialnoticias.com\\\/\",\"name\":\"oficial Noticias\",\"description\":\"\",\"publisher\":{\"@id\":\"https:\\\/\\\/oficialnoticias.com\\\/#organization\"},\"potentialAction\":[{\"@type\":\"SearchAction\",\"target\":{\"@type\":\"EntryPoint\",\"urlTemplate\":\"https:\\\/\\\/oficialnoticias.com\\\/?s={search_term_string}\"},\"query-input\":{\"@type\":\"PropertyValueSpecification\",\"valueRequired\":true,\"valueName\":\"search_term_string\"}}],\"inLanguage\":\"pt-BR\"},{\"@type\":\"Organization\",\"@id\":\"https:\\\/\\\/oficialnoticias.com\\\/#organization\",\"name\":\"oficial noticias\",\"url\":\"https:\\\/\\\/oficialnoticias.com\\\/\",\"logo\":{\"@type\":\"ImageObject\",\"inLanguage\":\"pt-BR\",\"@id\":\"https:\\\/\\\/oficialnoticias.com\\\/#\\\/schema\\\/logo\\\/image\\\/\",\"url\":\"https:\\\/\\\/oficialnoticias.com\\\/wp-content\\\/uploads\\\/2025\\\/08\\\/cropped-cropped-cropped-Logo-Noticias-e1753639739829.png\",\"contentUrl\":\"https:\\\/\\\/oficialnoticias.com\\\/wp-content\\\/uploads\\\/2025\\\/08\\\/cropped-cropped-cropped-Logo-Noticias-e1753639739829.png\",\"width\":119,\"height\":86,\"caption\":\"oficial noticias\"},\"image\":{\"@id\":\"https:\\\/\\\/oficialnoticias.com\\\/#\\\/schema\\\/logo\\\/image\\\/\"}},{\"@type\":\"Person\",\"@id\":\"https:\\\/\\\/oficialnoticias.com\\\/#\\\/schema\\\/person\\\/2d1dcbb6bfbc28d68171b4dc04723d4a\",\"name\":\"Luana Gon\u00e7alves\",\"image\":{\"@type\":\"ImageObject\",\"inLanguage\":\"pt-BR\",\"@id\":\"https:\\\/\\\/secure.gravatar.com\\\/avatar\\\/7aa6afdef873224c1a0265951f3fdfc0679f65dfbd15f018612595d323c52521?s=96&d=mm&r=g\",\"url\":\"https:\\\/\\\/secure.gravatar.com\\\/avatar\\\/7aa6afdef873224c1a0265951f3fdfc0679f65dfbd15f018612595d323c52521?s=96&d=mm&r=g\",\"contentUrl\":\"https:\\\/\\\/secure.gravatar.com\\\/avatar\\\/7aa6afdef873224c1a0265951f3fdfc0679f65dfbd15f018612595d323c52521?s=96&d=mm&r=g\",\"caption\":\"Luana Gon\u00e7alves\"},\"sameAs\":[\"https:\\\/\\\/oficialnoticias.com\\\/\"],\"url\":\"https:\\\/\\\/oficialnoticias.com\\\/?author=2\"}]}<\/script>\n<!-- \/ Yoast SEO plugin. -->","yoast_head_json":{"title":"Infraestrutura \u00e9 principal entrave para avan\u00e7o sustent\u00e1vel em BH -","robots":{"index":"index","follow":"follow","max-snippet":"max-snippet:-1","max-image-preview":"max-image-preview:large","max-video-preview":"max-video-preview:-1"},"canonical":"https:\/\/oficialnoticias.com\/?p=32443","og_locale":"pt_BR","og_type":"article","og_title":"Infraestrutura \u00e9 principal entrave para avan\u00e7o sustent\u00e1vel em BH -","og_description":"O \u00cdndice de Desenvolvimento Sustent\u00e1vel das Cidades (IDSC) no Brasil mostra que, enquanto munic\u00edpios do interior avan\u00e7am no cumprimento das metas globais, Belo Horizonte permanece distante das primeiras posi\u00e7\u00f5es. A capital mineira aparece na 1.188\u00aa coloca\u00e7\u00e3o entre as 5.570 cidades avaliadas, com pontua\u00e7\u00e3o geral de 54,35, considerada n\u00edvel m\u00e9dio de sustentabilidade. O ranking mede o...","og_url":"https:\/\/oficialnoticias.com\/?p=32443","article_published_time":"2026-03-16T16:56:08+00:00","article_modified_time":"2026-03-16T16:56:09+00:00","og_image":[{"width":1200,"height":630,"url":"https:\/\/oficialnoticias.com\/wp-content\/uploads\/2026\/03\/1773680168_urlhttps3A2F2Fk2-prod-radio-itatiaia.s3.us-east-1.amazonaws.com2Fbrightspot2Fe62F752F857ad0.webp","type":"image\/webp"}],"author":"Luana Gon\u00e7alves","twitter_card":"summary_large_image","twitter_misc":{"Escrito por":"Luana Gon\u00e7alves","Est. tempo de leitura":"3 minutos"},"schema":{"@context":"https:\/\/schema.org","@graph":[{"@type":"Article","@id":"https:\/\/oficialnoticias.com\/?p=32443#article","isPartOf":{"@id":"https:\/\/oficialnoticias.com\/?p=32443"},"author":{"name":"Luana Gon\u00e7alves","@id":"https:\/\/oficialnoticias.com\/#\/schema\/person\/2d1dcbb6bfbc28d68171b4dc04723d4a"},"headline":"Infraestrutura \u00e9 principal entrave para avan\u00e7o sustent\u00e1vel em BH","datePublished":"2026-03-16T16:56:08+00:00","dateModified":"2026-03-16T16:56:09+00:00","mainEntityOfPage":{"@id":"https:\/\/oficialnoticias.com\/?p=32443"},"wordCount":515,"commentCount":0,"publisher":{"@id":"https:\/\/oficialnoticias.com\/#organization"},"image":{"@id":"https:\/\/oficialnoticias.com\/?p=32443#primaryimage"},"thumbnailUrl":"https:\/\/oficialnoticias.com\/wp-content\/uploads\/2026\/03\/1773680168_urlhttps3A2F2Fk2-prod-radio-itatiaia.s3.us-east-1.amazonaws.com2Fbrightspot2Fe62F752F857ad0.webp","articleSection":["Economia"],"inLanguage":"pt-BR","potentialAction":[{"@type":"CommentAction","name":"Comment","target":["https:\/\/oficialnoticias.com\/?p=32443#respond"]}]},{"@type":"WebPage","@id":"https:\/\/oficialnoticias.com\/?p=32443","url":"https:\/\/oficialnoticias.com\/?p=32443","name":"Infraestrutura \u00e9 principal entrave para avan\u00e7o sustent\u00e1vel em BH -","isPartOf":{"@id":"https:\/\/oficialnoticias.com\/#website"},"primaryImageOfPage":{"@id":"https:\/\/oficialnoticias.com\/?p=32443#primaryimage"},"image":{"@id":"https:\/\/oficialnoticias.com\/?p=32443#primaryimage"},"thumbnailUrl":"https:\/\/oficialnoticias.com\/wp-content\/uploads\/2026\/03\/1773680168_urlhttps3A2F2Fk2-prod-radio-itatiaia.s3.us-east-1.amazonaws.com2Fbrightspot2Fe62F752F857ad0.webp","datePublished":"2026-03-16T16:56:08+00:00","dateModified":"2026-03-16T16:56:09+00:00","breadcrumb":{"@id":"https:\/\/oficialnoticias.com\/?p=32443#breadcrumb"},"inLanguage":"pt-BR","potentialAction":[{"@type":"ReadAction","target":["https:\/\/oficialnoticias.com\/?p=32443"]}]},{"@type":"ImageObject","inLanguage":"pt-BR","@id":"https:\/\/oficialnoticias.com\/?p=32443#primaryimage","url":"https:\/\/oficialnoticias.com\/wp-content\/uploads\/2026\/03\/1773680168_urlhttps3A2F2Fk2-prod-radio-itatiaia.s3.us-east-1.amazonaws.com2Fbrightspot2Fe62F752F857ad0.webp","contentUrl":"https:\/\/oficialnoticias.com\/wp-content\/uploads\/2026\/03\/1773680168_urlhttps3A2F2Fk2-prod-radio-itatiaia.s3.us-east-1.amazonaws.com2Fbrightspot2Fe62F752F857ad0.webp","width":1200,"height":630},{"@type":"BreadcrumbList","@id":"https:\/\/oficialnoticias.com\/?p=32443#breadcrumb","itemListElement":[{"@type":"ListItem","position":1,"name":"In\u00edcio","item":"https:\/\/oficialnoticias.com\/"},{"@type":"ListItem","position":2,"name":"Infraestrutura \u00e9 principal entrave para avan\u00e7o sustent\u00e1vel em BH"}]},{"@type":"WebSite","@id":"https:\/\/oficialnoticias.com\/#website","url":"https:\/\/oficialnoticias.com\/","name":"oficial Noticias","description":"","publisher":{"@id":"https:\/\/oficialnoticias.com\/#organization"},"potentialAction":[{"@type":"SearchAction","target":{"@type":"EntryPoint","urlTemplate":"https:\/\/oficialnoticias.com\/?s={search_term_string}"},"query-input":{"@type":"PropertyValueSpecification","valueRequired":true,"valueName":"search_term_string"}}],"inLanguage":"pt-BR"},{"@type":"Organization","@id":"https:\/\/oficialnoticias.com\/#organization","name":"oficial noticias","url":"https:\/\/oficialnoticias.com\/","logo":{"@type":"ImageObject","inLanguage":"pt-BR","@id":"https:\/\/oficialnoticias.com\/#\/schema\/logo\/image\/","url":"https:\/\/oficialnoticias.com\/wp-content\/uploads\/2025\/08\/cropped-cropped-cropped-Logo-Noticias-e1753639739829.png","contentUrl":"https:\/\/oficialnoticias.com\/wp-content\/uploads\/2025\/08\/cropped-cropped-cropped-Logo-Noticias-e1753639739829.png","width":119,"height":86,"caption":"oficial noticias"},"image":{"@id":"https:\/\/oficialnoticias.com\/#\/schema\/logo\/image\/"}},{"@type":"Person","@id":"https:\/\/oficialnoticias.com\/#\/schema\/person\/2d1dcbb6bfbc28d68171b4dc04723d4a","name":"Luana Gon\u00e7alves","image":{"@type":"ImageObject","inLanguage":"pt-BR","@id":"https:\/\/secure.gravatar.com\/avatar\/7aa6afdef873224c1a0265951f3fdfc0679f65dfbd15f018612595d323c52521?s=96&d=mm&r=g","url":"https:\/\/secure.gravatar.com\/avatar\/7aa6afdef873224c1a0265951f3fdfc0679f65dfbd15f018612595d323c52521?s=96&d=mm&r=g","contentUrl":"https:\/\/secure.gravatar.com\/avatar\/7aa6afdef873224c1a0265951f3fdfc0679f65dfbd15f018612595d323c52521?s=96&d=mm&r=g","caption":"Luana Gon\u00e7alves"},"sameAs":["https:\/\/oficialnoticias.com\/"],"url":"https:\/\/oficialnoticias.com\/?author=2"}]}},"_links":{"self":[{"href":"https:\/\/oficialnoticias.com\/index.php?rest_route=\/wp\/v2\/posts\/32443","targetHints":{"allow":["GET"]}}],"collection":[{"href":"https:\/\/oficialnoticias.com\/index.php?rest_route=\/wp\/v2\/posts"}],"about":[{"href":"https:\/\/oficialnoticias.com\/index.php?rest_route=\/wp\/v2\/types\/post"}],"author":[{"embeddable":true,"href":"https:\/\/oficialnoticias.com\/index.php?rest_route=\/wp\/v2\/users\/2"}],"replies":[{"embeddable":true,"href":"https:\/\/oficialnoticias.com\/index.php?rest_route=%2Fwp%2Fv2%2Fcomments&post=32443"}],"version-history":[{"count":1,"href":"https:\/\/oficialnoticias.com\/index.php?rest_route=\/wp\/v2\/posts\/32443\/revisions"}],"predecessor-version":[{"id":32445,"href":"https:\/\/oficialnoticias.com\/index.php?rest_route=\/wp\/v2\/posts\/32443\/revisions\/32445"}],"wp:featuredmedia":[{"embeddable":true,"href":"https:\/\/oficialnoticias.com\/index.php?rest_route=\/wp\/v2\/media\/32444"}],"wp:attachment":[{"href":"https:\/\/oficialnoticias.com\/index.php?rest_route=%2Fwp%2Fv2%2Fmedia&parent=32443"}],"wp:term":[{"taxonomy":"category","embeddable":true,"href":"https:\/\/oficialnoticias.com\/index.php?rest_route=%2Fwp%2Fv2%2Fcategories&post=32443"},{"taxonomy":"post_tag","embeddable":true,"href":"https:\/\/oficialnoticias.com\/index.php?rest_route=%2Fwp%2Fv2%2Ftags&post=32443"}],"curies":[{"name":"wp","href":"https:\/\/api.w.org\/{rel}","templated":true}]}}