{"id":32434,"date":"2026-03-16T11:54:44","date_gmt":"2026-03-16T14:54:44","guid":{"rendered":"https:\/\/oficialnoticias.com\/?p=32434"},"modified":"2026-03-16T11:54:45","modified_gmt":"2026-03-16T14:54:45","slug":"receita-federal-anuncia-mudancas-na-declaracao-do-imposto-de-renda-2026","status":"publish","type":"post","link":"https:\/\/oficialnoticias.com\/?p=32434","title":{"rendered":"Receita Federal anuncia mudan\u00e7as na declara\u00e7\u00e3o do Imposto de Renda 2026"},"content":{"rendered":"<p><\/p>\n<div>\n<p>A Receita Federal anunciou nesta segunda-feira (16), mudan\u00e7as nas regras do <b>Imposto de Renda da Pessoa F\u00edsica de 2026<\/b>. Segundo o \u00f3rg\u00e3o, as altera\u00e7\u00f5es buscam simplificar o processo de declara\u00e7\u00e3o, ampliar o uso de ferramentas digitais e acelerar o pagamento das restitui\u00e7\u00f5es.<\/p>\n<p>A expectativa da Receita \u00e9 receber cerca de 44 milh\u00f5es de declara\u00e7\u00f5es neste ano. Entre as principais mudan\u00e7as est\u00e1 a atualiza\u00e7\u00e3o dos crit\u00e9rios de obrigatoriedade, com reajuste nos limites de renda e patrim\u00f4nio que determinam quem precisa declarar.<\/p>\n<p><b>Passam a ser obrigados a entregar a declara\u00e7\u00e3o contribuintes que tiveram, em 2025, rendimentos tribut\u00e1veis acima de R$ 35.584, valor superior ao limite anterior de R$ 33.888<\/b>. Tamb\u00e9m deve declarar quem possu\u00eda bens ou direitos acima de R$ 800 mil em 31 de dezembro de 2025.<\/p>\n<p>Outras situa\u00e7\u00f5es que exigem a entrega da declara\u00e7\u00e3o <b>incluem recebimento de rendimentos isentos superiores a R$ 200 mil, ganhos de capital com venda de bens, opera\u00e7\u00f5es em bolsa acima de R$ 40 mil, receita bruta de atividade rural acima de R$ 177.920<\/b>, al\u00e9m de quem passou a residir no Brasil em 2025.<\/p>\n<p>A declara\u00e7\u00e3o tamb\u00e9m passa a considerar novos cen\u00e1rios ligados \u00e0 tributa\u00e7\u00e3o de ativos no exterior, como <b>lucros obtidos fora do pa\u00eds, estruturas de trust no exterior e op\u00e7\u00f5es de isen\u00e7\u00e3o na venda de im\u00f3veis<\/b>.<\/p>\n<h2>Prazo de entrega<\/h2>\n<p>O prazo para envio da declara\u00e7\u00e3o come\u00e7a \u00e0s <b>8h do dia 23 de mar\u00e7o e vai at\u00e9 23h59 do dia 29 de maio de 2026<\/b>. O programa gerador da declara\u00e7\u00e3o estar\u00e1 dispon\u00edvel para download a partir de 20 de mar\u00e7o, enquanto o processamento das declara\u00e7\u00f5es come\u00e7a em 27 de mar\u00e7o. Contribuintes que optarem pelo d\u00e9bito autom\u00e1tico da primeira parcela precisam enviar a declara\u00e7\u00e3o at\u00e9 10 de maio. O pagamento do imposto poder\u00e1 ser parcelado em at\u00e9 oito cotas, com vencimentos entre 29 de maio e 31 de dezembro.<\/p>\n<h2>Declara\u00e7\u00e3o digital ganha mais espa\u00e7o<\/h2>\n<p>A Receita tamb\u00e9m aposta este ano na amplia\u00e7\u00e3o do sistema Meu Imposto de Renda, que permite preencher e enviar a declara\u00e7\u00e3o totalmente online por meio da conta gov.br, do portal e CAC ou do aplicativo da Receita Federal.<\/p>\n<p>Entre as novidades da plataforma est\u00e3o a <b>inclus\u00e3o de dados de renda vari\u00e1vel, possibilidade de retificar declara\u00e7\u00f5es feitas no programa tradicional, impress\u00e3o completa da declara\u00e7\u00e3o e um sistema de alertas que identifica poss\u00edveis inconsist\u00eancias<\/b>, como despesas m\u00e9dicas incompat\u00edveis com a renda declarada.<\/p>\n<p>Outra aposta \u00e9 o crescimento da <b>declara\u00e7\u00e3o pr\u00e9-preenchida<\/b>, que re\u00fane automaticamente informa\u00e7\u00f5es enviadas por empresas, bancos e outras institui\u00e7\u00f5es. A Receita espera que o uso dessa modalidade passe de 50% em 2025 para cerca de 60% neste ano.<\/p>\n<p>Para acessar a pr\u00e9-preenchida \u00e9 necess\u00e1rio ter conta gov.br com n\u00edvel prata ou ouro. O sistema passa a incluir mais dados de terceiros, como informa\u00e7\u00f5es do <b>eSocial, DARFs e reten\u00e7\u00f5es de imposto em opera\u00e7\u00f5es de day trade<\/b>.<\/p>\n<h2>Restitui\u00e7\u00f5es mais r\u00e1pidas<\/h2>\n<p>Uma das promessas da Receita Federal \u00e9 acelerar o calend\u00e1rio de restitui\u00e7\u00f5es. A previs\u00e3o \u00e9 que 80% dos contribuintes com direito ao reembolso recebam os valores at\u00e9 agosto. O <b>primeiro lote est\u00e1 previsto para 29 de maio<\/b> e deve beneficiar cerca de 9 milh\u00f5es de contribuintes, com pagamento estimado em R$ 11 bilh\u00f5es. <b>Os lotes seguintes est\u00e3o programados para 30 de junho, 31 de julho e 31 de agosto<\/b>.<\/p>\n<p>A ordem de prioridade continua contemplando idosos acima de 80 anos, pessoas com mais de 60 anos com doen\u00e7as graves, professores e contribuintes que utilizarem a declara\u00e7\u00e3o pr\u00e9-preenchida com restitui\u00e7\u00e3o via PIX.<\/p>\n<h3>Lote especial para restitui\u00e7\u00f5es de 2025<\/h3>\n<p>A Receita tamb\u00e9m anunciou um lote especial autom\u00e1tico de restitui\u00e7\u00e3o referente ao ano base 2025. A medida deve alcan\u00e7ar cerca de 4 milh\u00f5es de pessoas que n\u00e3o eram obrigadas a declarar, mas tinham valores a receber.<\/p>\n<p>Nesses casos, o pr\u00f3prio sistema vai gerar uma declara\u00e7\u00e3o simplificada automaticamente em 15 de junho, com cr\u00e9dito previsto para 15 de julho. Os valores devem variar entre R$ 125 e R$ 1 mil, totalizando cerca de R$ 500 milh\u00f5es em restitui\u00e7\u00f5es.<\/p>\n<p>Entre as mudan\u00e7as na estrutura da declara\u00e7\u00e3o est\u00e1 a inclus\u00e3o de ganhos obtidos com apostas online, que dever\u00e3o ser informados tanto como rendimento quanto como bem. O formul\u00e1rio tamb\u00e9m passa a ter campos opcionais para declara\u00e7\u00e3o de ra\u00e7a ou cor e uso de nome social.<\/p>\n<p>A Receita informou ainda que vem aprimorando os mecanismos de fiscaliza\u00e7\u00e3o. O sistema chamado \u201cReceitaSade\u201d passa a cruzar dados de recibos eletr\u00f4nicos de despesas m\u00e9dicas, o que pode reduzir em cerca de 25% os casos de malha fina relacionados a esse tipo de gasto.<\/p>\n<p><bsp-list-loadmore class=\"PageListStandardG\" data-module=\"\" data-show-loadmore=\"true\" data-list-title-size=\"3\" data-list-description-size=\"3\"><\/p>\n<p>    <a class=\"AnchorLink\" title=\"leia-tambem\" name=\"leia-tambem\"\/><\/p>\n<p><\/bsp-list-loadmore><\/p>\n<h2>Orienta\u00e7\u00e3o ao contribuinte<\/h2>\n<p>Para orientar os contribuintes durante o per\u00edodo de declara\u00e7\u00e3o, a Receita Federal anunciou o retorno de lives semanais no YouTube, sempre \u00e0s quartas feiras \u00e0s 15h. Os encontros v\u00e3o abordar d\u00favidas frequentes e apresentar orienta\u00e7\u00f5es pr\u00e1ticas sobre o preenchimento da declara\u00e7\u00e3o.<\/p>\n<\/p><\/div>\n<p><script>\n  window.fbAsyncInit = function() {\n      FB.init({\n              appId : '1447052969554341',\n          xfbml : true,\n          version : 'v2.9'\n      });\n  };\n  (function(d, s, id){\n     var js, fjs = d.getElementsByTagName(s)[0];\n     if (d.getElementById(id)) {return;}\n     js = d.createElement(s); js.id = id;\n     js.src = \"https:\/\/connect.facebook.net\/en_US\/sdk.js\";\n     fjs.parentNode.insertBefore(js, fjs);\n   }(document, 'script', 'facebook-jssdk'));\n<\/script><\/p>\n","protected":false},"excerpt":{"rendered":"<p>A Receita Federal anunciou nesta segunda-feira (16), mudan\u00e7as nas regras do Imposto de Renda da Pessoa F\u00edsica de 2026. Segundo o \u00f3rg\u00e3o, as altera\u00e7\u00f5es buscam simplificar o processo de declara\u00e7\u00e3o, ampliar o uso de ferramentas digitais e acelerar o pagamento das restitui\u00e7\u00f5es. A expectativa da Receita \u00e9 receber cerca de 44 milh\u00f5es de declara\u00e7\u00f5es neste&#8230;<\/p>\n","protected":false},"author":2,"featured_media":32435,"comment_status":"open","ping_status":"open","sticky":false,"template":"","format":"standard","meta":{"footnotes":""},"categories":[25],"tags":[],"class_list":["post-32434","post","type-post","status-publish","format-standard","has-post-thumbnail","hentry","category-economia"],"yoast_head":"<!-- This site is optimized with the Yoast SEO plugin v27.3 - https:\/\/yoast.com\/product\/yoast-seo-wordpress\/ -->\n<title>Receita Federal anuncia mudan\u00e7as na declara\u00e7\u00e3o do Imposto de Renda 2026 -<\/title>\n<meta name=\"robots\" content=\"index, follow, max-snippet:-1, max-image-preview:large, max-video-preview:-1\" \/>\n<link rel=\"canonical\" href=\"https:\/\/oficialnoticias.com\/?p=32434\" \/>\n<meta property=\"og:locale\" content=\"pt_BR\" \/>\n<meta property=\"og:type\" content=\"article\" \/>\n<meta property=\"og:title\" content=\"Receita Federal anuncia mudan\u00e7as na declara\u00e7\u00e3o do Imposto de Renda 2026 -\" \/>\n<meta property=\"og:description\" content=\"A Receita Federal anunciou nesta segunda-feira (16), mudan\u00e7as nas regras do Imposto de Renda da Pessoa F\u00edsica de 2026. Segundo o \u00f3rg\u00e3o, as altera\u00e7\u00f5es buscam simplificar o processo de declara\u00e7\u00e3o, ampliar o uso de ferramentas digitais e acelerar o pagamento das restitui\u00e7\u00f5es. A expectativa da Receita \u00e9 receber cerca de 44 milh\u00f5es de declara\u00e7\u00f5es neste...\" \/>\n<meta property=\"og:url\" content=\"https:\/\/oficialnoticias.com\/?p=32434\" \/>\n<meta property=\"article:published_time\" content=\"2026-03-16T14:54:44+00:00\" \/>\n<meta property=\"article:modified_time\" content=\"2026-03-16T14:54:45+00:00\" \/>\n<meta property=\"og:image\" content=\"https:\/\/oficialnoticias.com\/wp-content\/uploads\/2026\/03\/urlhttps3A2F2Fk2-prod-radio-itatiaia.s3.us-east-1.amazonaws.com2Fbrightspot2Fc02Fb02Fca24d0.webp\" \/>\n\t<meta property=\"og:image:width\" content=\"1200\" \/>\n\t<meta property=\"og:image:height\" content=\"630\" \/>\n\t<meta property=\"og:image:type\" content=\"image\/webp\" \/>\n<meta name=\"author\" content=\"Luana Gon\u00e7alves\" \/>\n<meta name=\"twitter:card\" content=\"summary_large_image\" \/>\n<meta name=\"twitter:label1\" content=\"Escrito por\" \/>\n\t<meta name=\"twitter:data1\" content=\"Luana Gon\u00e7alves\" \/>\n\t<meta name=\"twitter:label2\" content=\"Est. tempo de leitura\" \/>\n\t<meta name=\"twitter:data2\" content=\"4 minutos\" \/>\n<script type=\"application\/ld+json\" class=\"yoast-schema-graph\">{\"@context\":\"https:\\\/\\\/schema.org\",\"@graph\":[{\"@type\":\"Article\",\"@id\":\"https:\\\/\\\/oficialnoticias.com\\\/?p=32434#article\",\"isPartOf\":{\"@id\":\"https:\\\/\\\/oficialnoticias.com\\\/?p=32434\"},\"author\":{\"name\":\"Luana Gon\u00e7alves\",\"@id\":\"https:\\\/\\\/oficialnoticias.com\\\/#\\\/schema\\\/person\\\/2d1dcbb6bfbc28d68171b4dc04723d4a\"},\"headline\":\"Receita Federal anuncia mudan\u00e7as na declara\u00e7\u00e3o do Imposto de Renda 2026\",\"datePublished\":\"2026-03-16T14:54:44+00:00\",\"dateModified\":\"2026-03-16T14:54:45+00:00\",\"mainEntityOfPage\":{\"@id\":\"https:\\\/\\\/oficialnoticias.com\\\/?p=32434\"},\"wordCount\":858,\"commentCount\":0,\"publisher\":{\"@id\":\"https:\\\/\\\/oficialnoticias.com\\\/#organization\"},\"image\":{\"@id\":\"https:\\\/\\\/oficialnoticias.com\\\/?p=32434#primaryimage\"},\"thumbnailUrl\":\"https:\\\/\\\/oficialnoticias.com\\\/wp-content\\\/uploads\\\/2026\\\/03\\\/urlhttps3A2F2Fk2-prod-radio-itatiaia.s3.us-east-1.amazonaws.com2Fbrightspot2Fc02Fb02Fca24d0.webp\",\"articleSection\":[\"Economia\"],\"inLanguage\":\"pt-BR\",\"potentialAction\":[{\"@type\":\"CommentAction\",\"name\":\"Comment\",\"target\":[\"https:\\\/\\\/oficialnoticias.com\\\/?p=32434#respond\"]}]},{\"@type\":\"WebPage\",\"@id\":\"https:\\\/\\\/oficialnoticias.com\\\/?p=32434\",\"url\":\"https:\\\/\\\/oficialnoticias.com\\\/?p=32434\",\"name\":\"Receita Federal anuncia mudan\u00e7as na declara\u00e7\u00e3o do Imposto de Renda 2026 -\",\"isPartOf\":{\"@id\":\"https:\\\/\\\/oficialnoticias.com\\\/#website\"},\"primaryImageOfPage\":{\"@id\":\"https:\\\/\\\/oficialnoticias.com\\\/?p=32434#primaryimage\"},\"image\":{\"@id\":\"https:\\\/\\\/oficialnoticias.com\\\/?p=32434#primaryimage\"},\"thumbnailUrl\":\"https:\\\/\\\/oficialnoticias.com\\\/wp-content\\\/uploads\\\/2026\\\/03\\\/urlhttps3A2F2Fk2-prod-radio-itatiaia.s3.us-east-1.amazonaws.com2Fbrightspot2Fc02Fb02Fca24d0.webp\",\"datePublished\":\"2026-03-16T14:54:44+00:00\",\"dateModified\":\"2026-03-16T14:54:45+00:00\",\"breadcrumb\":{\"@id\":\"https:\\\/\\\/oficialnoticias.com\\\/?p=32434#breadcrumb\"},\"inLanguage\":\"pt-BR\",\"potentialAction\":[{\"@type\":\"ReadAction\",\"target\":[\"https:\\\/\\\/oficialnoticias.com\\\/?p=32434\"]}]},{\"@type\":\"ImageObject\",\"inLanguage\":\"pt-BR\",\"@id\":\"https:\\\/\\\/oficialnoticias.com\\\/?p=32434#primaryimage\",\"url\":\"https:\\\/\\\/oficialnoticias.com\\\/wp-content\\\/uploads\\\/2026\\\/03\\\/urlhttps3A2F2Fk2-prod-radio-itatiaia.s3.us-east-1.amazonaws.com2Fbrightspot2Fc02Fb02Fca24d0.webp\",\"contentUrl\":\"https:\\\/\\\/oficialnoticias.com\\\/wp-content\\\/uploads\\\/2026\\\/03\\\/urlhttps3A2F2Fk2-prod-radio-itatiaia.s3.us-east-1.amazonaws.com2Fbrightspot2Fc02Fb02Fca24d0.webp\",\"width\":1200,\"height\":630},{\"@type\":\"BreadcrumbList\",\"@id\":\"https:\\\/\\\/oficialnoticias.com\\\/?p=32434#breadcrumb\",\"itemListElement\":[{\"@type\":\"ListItem\",\"position\":1,\"name\":\"In\u00edcio\",\"item\":\"https:\\\/\\\/oficialnoticias.com\\\/\"},{\"@type\":\"ListItem\",\"position\":2,\"name\":\"Receita Federal anuncia mudan\u00e7as na declara\u00e7\u00e3o do Imposto de Renda 2026\"}]},{\"@type\":\"WebSite\",\"@id\":\"https:\\\/\\\/oficialnoticias.com\\\/#website\",\"url\":\"https:\\\/\\\/oficialnoticias.com\\\/\",\"name\":\"oficial Noticias\",\"description\":\"\",\"publisher\":{\"@id\":\"https:\\\/\\\/oficialnoticias.com\\\/#organization\"},\"potentialAction\":[{\"@type\":\"SearchAction\",\"target\":{\"@type\":\"EntryPoint\",\"urlTemplate\":\"https:\\\/\\\/oficialnoticias.com\\\/?s={search_term_string}\"},\"query-input\":{\"@type\":\"PropertyValueSpecification\",\"valueRequired\":true,\"valueName\":\"search_term_string\"}}],\"inLanguage\":\"pt-BR\"},{\"@type\":\"Organization\",\"@id\":\"https:\\\/\\\/oficialnoticias.com\\\/#organization\",\"name\":\"oficial noticias\",\"url\":\"https:\\\/\\\/oficialnoticias.com\\\/\",\"logo\":{\"@type\":\"ImageObject\",\"inLanguage\":\"pt-BR\",\"@id\":\"https:\\\/\\\/oficialnoticias.com\\\/#\\\/schema\\\/logo\\\/image\\\/\",\"url\":\"https:\\\/\\\/oficialnoticias.com\\\/wp-content\\\/uploads\\\/2025\\\/08\\\/cropped-cropped-cropped-Logo-Noticias-e1753639739829.png\",\"contentUrl\":\"https:\\\/\\\/oficialnoticias.com\\\/wp-content\\\/uploads\\\/2025\\\/08\\\/cropped-cropped-cropped-Logo-Noticias-e1753639739829.png\",\"width\":119,\"height\":86,\"caption\":\"oficial noticias\"},\"image\":{\"@id\":\"https:\\\/\\\/oficialnoticias.com\\\/#\\\/schema\\\/logo\\\/image\\\/\"}},{\"@type\":\"Person\",\"@id\":\"https:\\\/\\\/oficialnoticias.com\\\/#\\\/schema\\\/person\\\/2d1dcbb6bfbc28d68171b4dc04723d4a\",\"name\":\"Luana Gon\u00e7alves\",\"image\":{\"@type\":\"ImageObject\",\"inLanguage\":\"pt-BR\",\"@id\":\"https:\\\/\\\/secure.gravatar.com\\\/avatar\\\/7aa6afdef873224c1a0265951f3fdfc0679f65dfbd15f018612595d323c52521?s=96&d=mm&r=g\",\"url\":\"https:\\\/\\\/secure.gravatar.com\\\/avatar\\\/7aa6afdef873224c1a0265951f3fdfc0679f65dfbd15f018612595d323c52521?s=96&d=mm&r=g\",\"contentUrl\":\"https:\\\/\\\/secure.gravatar.com\\\/avatar\\\/7aa6afdef873224c1a0265951f3fdfc0679f65dfbd15f018612595d323c52521?s=96&d=mm&r=g\",\"caption\":\"Luana Gon\u00e7alves\"},\"sameAs\":[\"https:\\\/\\\/oficialnoticias.com\\\/\"],\"url\":\"https:\\\/\\\/oficialnoticias.com\\\/?author=2\"}]}<\/script>\n<!-- \/ Yoast SEO plugin. -->","yoast_head_json":{"title":"Receita Federal anuncia mudan\u00e7as na declara\u00e7\u00e3o do Imposto de Renda 2026 -","robots":{"index":"index","follow":"follow","max-snippet":"max-snippet:-1","max-image-preview":"max-image-preview:large","max-video-preview":"max-video-preview:-1"},"canonical":"https:\/\/oficialnoticias.com\/?p=32434","og_locale":"pt_BR","og_type":"article","og_title":"Receita Federal anuncia mudan\u00e7as na declara\u00e7\u00e3o do Imposto de Renda 2026 -","og_description":"A Receita Federal anunciou nesta segunda-feira (16), mudan\u00e7as nas regras do Imposto de Renda da Pessoa F\u00edsica de 2026. Segundo o \u00f3rg\u00e3o, as altera\u00e7\u00f5es buscam simplificar o processo de declara\u00e7\u00e3o, ampliar o uso de ferramentas digitais e acelerar o pagamento das restitui\u00e7\u00f5es. A expectativa da Receita \u00e9 receber cerca de 44 milh\u00f5es de declara\u00e7\u00f5es neste...","og_url":"https:\/\/oficialnoticias.com\/?p=32434","article_published_time":"2026-03-16T14:54:44+00:00","article_modified_time":"2026-03-16T14:54:45+00:00","og_image":[{"width":1200,"height":630,"url":"https:\/\/oficialnoticias.com\/wp-content\/uploads\/2026\/03\/urlhttps3A2F2Fk2-prod-radio-itatiaia.s3.us-east-1.amazonaws.com2Fbrightspot2Fc02Fb02Fca24d0.webp","type":"image\/webp"}],"author":"Luana Gon\u00e7alves","twitter_card":"summary_large_image","twitter_misc":{"Escrito por":"Luana Gon\u00e7alves","Est. tempo de leitura":"4 minutos"},"schema":{"@context":"https:\/\/schema.org","@graph":[{"@type":"Article","@id":"https:\/\/oficialnoticias.com\/?p=32434#article","isPartOf":{"@id":"https:\/\/oficialnoticias.com\/?p=32434"},"author":{"name":"Luana Gon\u00e7alves","@id":"https:\/\/oficialnoticias.com\/#\/schema\/person\/2d1dcbb6bfbc28d68171b4dc04723d4a"},"headline":"Receita Federal anuncia mudan\u00e7as na declara\u00e7\u00e3o do Imposto de Renda 2026","datePublished":"2026-03-16T14:54:44+00:00","dateModified":"2026-03-16T14:54:45+00:00","mainEntityOfPage":{"@id":"https:\/\/oficialnoticias.com\/?p=32434"},"wordCount":858,"commentCount":0,"publisher":{"@id":"https:\/\/oficialnoticias.com\/#organization"},"image":{"@id":"https:\/\/oficialnoticias.com\/?p=32434#primaryimage"},"thumbnailUrl":"https:\/\/oficialnoticias.com\/wp-content\/uploads\/2026\/03\/urlhttps3A2F2Fk2-prod-radio-itatiaia.s3.us-east-1.amazonaws.com2Fbrightspot2Fc02Fb02Fca24d0.webp","articleSection":["Economia"],"inLanguage":"pt-BR","potentialAction":[{"@type":"CommentAction","name":"Comment","target":["https:\/\/oficialnoticias.com\/?p=32434#respond"]}]},{"@type":"WebPage","@id":"https:\/\/oficialnoticias.com\/?p=32434","url":"https:\/\/oficialnoticias.com\/?p=32434","name":"Receita Federal anuncia mudan\u00e7as na declara\u00e7\u00e3o do Imposto de Renda 2026 -","isPartOf":{"@id":"https:\/\/oficialnoticias.com\/#website"},"primaryImageOfPage":{"@id":"https:\/\/oficialnoticias.com\/?p=32434#primaryimage"},"image":{"@id":"https:\/\/oficialnoticias.com\/?p=32434#primaryimage"},"thumbnailUrl":"https:\/\/oficialnoticias.com\/wp-content\/uploads\/2026\/03\/urlhttps3A2F2Fk2-prod-radio-itatiaia.s3.us-east-1.amazonaws.com2Fbrightspot2Fc02Fb02Fca24d0.webp","datePublished":"2026-03-16T14:54:44+00:00","dateModified":"2026-03-16T14:54:45+00:00","breadcrumb":{"@id":"https:\/\/oficialnoticias.com\/?p=32434#breadcrumb"},"inLanguage":"pt-BR","potentialAction":[{"@type":"ReadAction","target":["https:\/\/oficialnoticias.com\/?p=32434"]}]},{"@type":"ImageObject","inLanguage":"pt-BR","@id":"https:\/\/oficialnoticias.com\/?p=32434#primaryimage","url":"https:\/\/oficialnoticias.com\/wp-content\/uploads\/2026\/03\/urlhttps3A2F2Fk2-prod-radio-itatiaia.s3.us-east-1.amazonaws.com2Fbrightspot2Fc02Fb02Fca24d0.webp","contentUrl":"https:\/\/oficialnoticias.com\/wp-content\/uploads\/2026\/03\/urlhttps3A2F2Fk2-prod-radio-itatiaia.s3.us-east-1.amazonaws.com2Fbrightspot2Fc02Fb02Fca24d0.webp","width":1200,"height":630},{"@type":"BreadcrumbList","@id":"https:\/\/oficialnoticias.com\/?p=32434#breadcrumb","itemListElement":[{"@type":"ListItem","position":1,"name":"In\u00edcio","item":"https:\/\/oficialnoticias.com\/"},{"@type":"ListItem","position":2,"name":"Receita Federal anuncia mudan\u00e7as na declara\u00e7\u00e3o do Imposto de Renda 2026"}]},{"@type":"WebSite","@id":"https:\/\/oficialnoticias.com\/#website","url":"https:\/\/oficialnoticias.com\/","name":"oficial Noticias","description":"","publisher":{"@id":"https:\/\/oficialnoticias.com\/#organization"},"potentialAction":[{"@type":"SearchAction","target":{"@type":"EntryPoint","urlTemplate":"https:\/\/oficialnoticias.com\/?s={search_term_string}"},"query-input":{"@type":"PropertyValueSpecification","valueRequired":true,"valueName":"search_term_string"}}],"inLanguage":"pt-BR"},{"@type":"Organization","@id":"https:\/\/oficialnoticias.com\/#organization","name":"oficial noticias","url":"https:\/\/oficialnoticias.com\/","logo":{"@type":"ImageObject","inLanguage":"pt-BR","@id":"https:\/\/oficialnoticias.com\/#\/schema\/logo\/image\/","url":"https:\/\/oficialnoticias.com\/wp-content\/uploads\/2025\/08\/cropped-cropped-cropped-Logo-Noticias-e1753639739829.png","contentUrl":"https:\/\/oficialnoticias.com\/wp-content\/uploads\/2025\/08\/cropped-cropped-cropped-Logo-Noticias-e1753639739829.png","width":119,"height":86,"caption":"oficial noticias"},"image":{"@id":"https:\/\/oficialnoticias.com\/#\/schema\/logo\/image\/"}},{"@type":"Person","@id":"https:\/\/oficialnoticias.com\/#\/schema\/person\/2d1dcbb6bfbc28d68171b4dc04723d4a","name":"Luana Gon\u00e7alves","image":{"@type":"ImageObject","inLanguage":"pt-BR","@id":"https:\/\/secure.gravatar.com\/avatar\/7aa6afdef873224c1a0265951f3fdfc0679f65dfbd15f018612595d323c52521?s=96&d=mm&r=g","url":"https:\/\/secure.gravatar.com\/avatar\/7aa6afdef873224c1a0265951f3fdfc0679f65dfbd15f018612595d323c52521?s=96&d=mm&r=g","contentUrl":"https:\/\/secure.gravatar.com\/avatar\/7aa6afdef873224c1a0265951f3fdfc0679f65dfbd15f018612595d323c52521?s=96&d=mm&r=g","caption":"Luana Gon\u00e7alves"},"sameAs":["https:\/\/oficialnoticias.com\/"],"url":"https:\/\/oficialnoticias.com\/?author=2"}]}},"_links":{"self":[{"href":"https:\/\/oficialnoticias.com\/index.php?rest_route=\/wp\/v2\/posts\/32434","targetHints":{"allow":["GET"]}}],"collection":[{"href":"https:\/\/oficialnoticias.com\/index.php?rest_route=\/wp\/v2\/posts"}],"about":[{"href":"https:\/\/oficialnoticias.com\/index.php?rest_route=\/wp\/v2\/types\/post"}],"author":[{"embeddable":true,"href":"https:\/\/oficialnoticias.com\/index.php?rest_route=\/wp\/v2\/users\/2"}],"replies":[{"embeddable":true,"href":"https:\/\/oficialnoticias.com\/index.php?rest_route=%2Fwp%2Fv2%2Fcomments&post=32434"}],"version-history":[{"count":1,"href":"https:\/\/oficialnoticias.com\/index.php?rest_route=\/wp\/v2\/posts\/32434\/revisions"}],"predecessor-version":[{"id":32436,"href":"https:\/\/oficialnoticias.com\/index.php?rest_route=\/wp\/v2\/posts\/32434\/revisions\/32436"}],"wp:featuredmedia":[{"embeddable":true,"href":"https:\/\/oficialnoticias.com\/index.php?rest_route=\/wp\/v2\/media\/32435"}],"wp:attachment":[{"href":"https:\/\/oficialnoticias.com\/index.php?rest_route=%2Fwp%2Fv2%2Fmedia&parent=32434"}],"wp:term":[{"taxonomy":"category","embeddable":true,"href":"https:\/\/oficialnoticias.com\/index.php?rest_route=%2Fwp%2Fv2%2Fcategories&post=32434"},{"taxonomy":"post_tag","embeddable":true,"href":"https:\/\/oficialnoticias.com\/index.php?rest_route=%2Fwp%2Fv2%2Ftags&post=32434"}],"curies":[{"name":"wp","href":"https:\/\/api.w.org\/{rel}","templated":true}]}}