{"id":32428,"date":"2026-03-16T08:47:17","date_gmt":"2026-03-16T11:47:17","guid":{"rendered":"https:\/\/oficialnoticias.com\/?p=32428"},"modified":"2026-03-16T08:47:18","modified_gmt":"2026-03-16T11:47:18","slug":"compras-no-carne-mais-que-dobram-em-bh-e-chegam-a-30-dos-consumidores","status":"publish","type":"post","link":"https:\/\/oficialnoticias.com\/?p=32428","title":{"rendered":"Compras no carn\u00ea mais que dobram em BH e chegam a 30% dos consumidores"},"content":{"rendered":"<p><\/p>\n<div>\n<p>O pagamento por carn\u00ea tem voltado a ganhar for\u00e7a no com\u00e9rcio de Belo Horizonte e promete movimentar a economia da capital nos pr\u00f3ximos meses. \u00c9 o que aponta um levantamento da Fecom\u00e9rcio Minas, que mostra crescimento significativo no uso dessa forma de parcelamento.<\/p>\n<p>Segundo os dados, cerca de 30,6% dos consumidores j\u00e1 utilizam o carn\u00ea nas lojas que oferecem o credi\u00e1rio. Em janeiro de 2020, para se ter uma ideia, o percentual era de 13,7%.A economista da Fecom\u00e9rcio Minas, Gabriela Martins, explica que a modalidade mais do que dobrou em seis anos.<\/p>\n<p>\u201cOs dados mostram que o pagamento por carn\u00ea cresceu de forma significativa nos \u00faltimos anos. Em janeiro de 2020, a modalidade era utilizada por 13,7% dos consumidores. Em janeiro de 2026, esse percentual chegou a 30,6%. Isso representa um aumento de 16,9 pontos percentuais no per\u00edodo, ou seja, mais do que dobrou em seis anos\u201d, afirma.<\/p>\n<p>De acordo com a especialista, o crescimento ganhou for\u00e7a principalmente a partir de 2022.\u201cEsse crescimento n\u00e3o foi linear, mas ganhou for\u00e7a principalmente a partir de 2022, acompanhando o aumento do endividamento das fam\u00edlias, o aumento dos juros e a limita\u00e7\u00e3o de algumas fam\u00edlias em conseguirem outras modalidades de cr\u00e9dito\u201d, explica.<\/p>\n<p>Cart\u00e3o estourado impulsiona uso do carn\u00eaUm dos principais motivos para a retomada do carn\u00ea \u00e9 a falta de limite no cart\u00e3o de cr\u00e9dito, que para muitos consumidores virou praticamente uma extens\u00e3o do sal\u00e1rio.<\/p>\n<p>No Hipercentro de Belo Horizonte, a equipe da reportagem conversou com consumidores que utilizam \u2014 ou evitam \u2014 esse tipo de pagamento.O aut\u00f4nomo Marcos Miranda de Oliveira, de 63 anos, comprou um aparelho de som parcelado no carn\u00ea.<\/p>\n<p>\u201cSim, fiz a compra aqui no carn\u00ea. Eu acho melhor porque a gente j\u00e1 gera o boleto e fica esperando s\u00f3 as presta\u00e7\u00f5es para pagar\u201d, contou.<\/p>\n<p>Questionado sobre os juros da compra, ele disse que nem chegou a observar as condi\u00e7\u00f5es.\u201cPara falar a verdade, eu nem percebi. Eu fui logo comprando. Nem estou sabendo sobre os juros\u201d, afirmou.<\/p>\n<h2>Juros afastam parte dos consumidores<\/h2>\n<p>Por outro lado, h\u00e1 quem evite essa modalidade por causa das taxas cobradas.A balconista Maristela Celeste, de 60 anos, contou que preferiu n\u00e3o parcelar no carn\u00ea ao comprar um guarda-roupa.\u201cChegaram a oferecer o carn\u00ea, mas eu n\u00e3o quis. O juro do carn\u00ea \u00e9 alt\u00edssimo\u201d, disse.<\/p>\n<p>A t\u00e9cnica de enfermagem Maria Geralda, de 55 anos, tamb\u00e9m afirma que deixou de usar esse tipo de parcelamento.\u201cEu j\u00e1 comprei antigamente, mas agora n\u00e3o compro mais. O juro \u00e9 muito alto. Quem n\u00e3o tem conhecimento acaba comprando e acha que est\u00e1 ganhando uma oportunidade\u201d, afirmou.<\/p>\n<h2>Alternativa ao cr\u00e9dito banc\u00e1rio<\/h2>\n<p>Para a economista Gabriela Martins, o carn\u00ea voltou a ganhar espa\u00e7o porque muitas fam\u00edlias est\u00e3o com o or\u00e7amento apertado e t\u00eam dificuldade de acessar cr\u00e9dito banc\u00e1rio.\u201cCom o or\u00e7amento das fam\u00edlias cada vez mais apertado e o acesso ao cr\u00e9dito banc\u00e1rio mais restrito, o carn\u00ea volta a ganhar espa\u00e7o como uma alternativa mais simples e acess\u00edvel para o consumidor\u201d, explica.<\/p>\n<p>Ela destaca que as parcelas fixas ajudam no planejamento financeiro.\u201cDiferente do cart\u00e3o de cr\u00e9dito, o carn\u00ea costuma ter parcelas fixas e mais previs\u00edveis, o que ajuda no controle do gasto mensal\u201d, diz.Segundo a economista, o modelo \u00e9 muito comum no com\u00e9rcio local, principalmente para a compra de bens dur\u00e1veis.\u201cMuitos consumidores j\u00e1 est\u00e3o com o limite do cart\u00e3o de cr\u00e9dito comprometido e recorrem ao carn\u00ea para parcelar compras, especialmente no com\u00e9rcio local e na aquisi\u00e7\u00e3o de bens dur\u00e1veis, como geladeiras e fog\u00f5es, que normalmente t\u00eam valores mais altos\u201d, conclui.<\/p>\n<p><bsp-list-loadmore class=\"PageListStandardG\" data-module=\"\" data-show-loadmore=\"true\" data-list-title-size=\"3\" data-list-description-size=\"3\"><\/p>\n<p>    <a class=\"AnchorLink\" title=\"leia-tambem\" name=\"leia-tambem\"\/><\/p>\n<p><\/bsp-list-loadmore><\/p><\/div>\n<p><script>\n  window.fbAsyncInit = function() {\n      FB.init({\n              appId : '1447052969554341',\n          xfbml : true,\n          version : 'v2.9'\n      });\n  };\n  (function(d, s, id){\n     var js, fjs = d.getElementsByTagName(s)[0];\n     if (d.getElementById(id)) {return;}\n     js = d.createElement(s); js.id = id;\n     js.src = \"https:\/\/connect.facebook.net\/en_US\/sdk.js\";\n     fjs.parentNode.insertBefore(js, fjs);\n   }(document, 'script', 'facebook-jssdk'));\n<\/script><\/p>\n","protected":false},"excerpt":{"rendered":"<p>O pagamento por carn\u00ea tem voltado a ganhar for\u00e7a no com\u00e9rcio de Belo Horizonte e promete movimentar a economia da capital nos pr\u00f3ximos meses. \u00c9 o que aponta um levantamento da Fecom\u00e9rcio Minas, que mostra crescimento significativo no uso dessa forma de parcelamento. Segundo os dados, cerca de 30,6% dos consumidores j\u00e1 utilizam o carn\u00ea&#8230;<\/p>\n","protected":false},"author":2,"featured_media":32429,"comment_status":"open","ping_status":"open","sticky":false,"template":"","format":"standard","meta":{"footnotes":""},"categories":[25],"tags":[],"class_list":["post-32428","post","type-post","status-publish","format-standard","has-post-thumbnail","hentry","category-economia"],"yoast_head":"<!-- This site is optimized with the Yoast SEO plugin v27.3 - https:\/\/yoast.com\/product\/yoast-seo-wordpress\/ -->\n<title>Compras no carn\u00ea mais que dobram em BH e chegam a 30% dos consumidores -<\/title>\n<meta name=\"robots\" content=\"index, follow, max-snippet:-1, max-image-preview:large, max-video-preview:-1\" \/>\n<link rel=\"canonical\" href=\"https:\/\/oficialnoticias.com\/?p=32428\" \/>\n<meta property=\"og:locale\" content=\"pt_BR\" \/>\n<meta property=\"og:type\" content=\"article\" \/>\n<meta property=\"og:title\" content=\"Compras no carn\u00ea mais que dobram em BH e chegam a 30% dos consumidores -\" \/>\n<meta property=\"og:description\" content=\"O pagamento por carn\u00ea tem voltado a ganhar for\u00e7a no com\u00e9rcio de Belo Horizonte e promete movimentar a economia da capital nos pr\u00f3ximos meses. \u00c9 o que aponta um levantamento da Fecom\u00e9rcio Minas, que mostra crescimento significativo no uso dessa forma de parcelamento. Segundo os dados, cerca de 30,6% dos consumidores j\u00e1 utilizam o carn\u00ea...\" \/>\n<meta property=\"og:url\" content=\"https:\/\/oficialnoticias.com\/?p=32428\" \/>\n<meta property=\"article:published_time\" content=\"2026-03-16T11:47:17+00:00\" \/>\n<meta property=\"article:modified_time\" content=\"2026-03-16T11:47:18+00:00\" \/>\n<meta property=\"og:image\" content=\"https:\/\/oficialnoticias.com\/wp-content\/uploads\/2026\/03\/urlhttps3A2F2Fk2-prod-radio-itatiaia.s3.us-east-1.amazonaws.com2Fbrightspot2Fbb2F952Fd677d4.webp\" \/>\n\t<meta property=\"og:image:width\" content=\"1200\" \/>\n\t<meta property=\"og:image:height\" content=\"630\" \/>\n\t<meta property=\"og:image:type\" content=\"image\/webp\" \/>\n<meta name=\"author\" content=\"Luana Gon\u00e7alves\" \/>\n<meta name=\"twitter:card\" content=\"summary_large_image\" \/>\n<meta name=\"twitter:label1\" content=\"Escrito por\" \/>\n\t<meta name=\"twitter:data1\" content=\"Luana Gon\u00e7alves\" \/>\n\t<meta name=\"twitter:label2\" content=\"Est. tempo de leitura\" \/>\n\t<meta name=\"twitter:data2\" content=\"3 minutos\" \/>\n<script type=\"application\/ld+json\" class=\"yoast-schema-graph\">{\"@context\":\"https:\\\/\\\/schema.org\",\"@graph\":[{\"@type\":\"Article\",\"@id\":\"https:\\\/\\\/oficialnoticias.com\\\/?p=32428#article\",\"isPartOf\":{\"@id\":\"https:\\\/\\\/oficialnoticias.com\\\/?p=32428\"},\"author\":{\"name\":\"Luana Gon\u00e7alves\",\"@id\":\"https:\\\/\\\/oficialnoticias.com\\\/#\\\/schema\\\/person\\\/2d1dcbb6bfbc28d68171b4dc04723d4a\"},\"headline\":\"Compras no carn\u00ea mais que dobram em BH e chegam a 30% dos consumidores\",\"datePublished\":\"2026-03-16T11:47:17+00:00\",\"dateModified\":\"2026-03-16T11:47:18+00:00\",\"mainEntityOfPage\":{\"@id\":\"https:\\\/\\\/oficialnoticias.com\\\/?p=32428\"},\"wordCount\":636,\"commentCount\":0,\"publisher\":{\"@id\":\"https:\\\/\\\/oficialnoticias.com\\\/#organization\"},\"image\":{\"@id\":\"https:\\\/\\\/oficialnoticias.com\\\/?p=32428#primaryimage\"},\"thumbnailUrl\":\"https:\\\/\\\/oficialnoticias.com\\\/wp-content\\\/uploads\\\/2026\\\/03\\\/urlhttps3A2F2Fk2-prod-radio-itatiaia.s3.us-east-1.amazonaws.com2Fbrightspot2Fbb2F952Fd677d4.webp\",\"articleSection\":[\"Economia\"],\"inLanguage\":\"pt-BR\",\"potentialAction\":[{\"@type\":\"CommentAction\",\"name\":\"Comment\",\"target\":[\"https:\\\/\\\/oficialnoticias.com\\\/?p=32428#respond\"]}]},{\"@type\":\"WebPage\",\"@id\":\"https:\\\/\\\/oficialnoticias.com\\\/?p=32428\",\"url\":\"https:\\\/\\\/oficialnoticias.com\\\/?p=32428\",\"name\":\"Compras no carn\u00ea mais que dobram em BH e chegam a 30% dos consumidores -\",\"isPartOf\":{\"@id\":\"https:\\\/\\\/oficialnoticias.com\\\/#website\"},\"primaryImageOfPage\":{\"@id\":\"https:\\\/\\\/oficialnoticias.com\\\/?p=32428#primaryimage\"},\"image\":{\"@id\":\"https:\\\/\\\/oficialnoticias.com\\\/?p=32428#primaryimage\"},\"thumbnailUrl\":\"https:\\\/\\\/oficialnoticias.com\\\/wp-content\\\/uploads\\\/2026\\\/03\\\/urlhttps3A2F2Fk2-prod-radio-itatiaia.s3.us-east-1.amazonaws.com2Fbrightspot2Fbb2F952Fd677d4.webp\",\"datePublished\":\"2026-03-16T11:47:17+00:00\",\"dateModified\":\"2026-03-16T11:47:18+00:00\",\"breadcrumb\":{\"@id\":\"https:\\\/\\\/oficialnoticias.com\\\/?p=32428#breadcrumb\"},\"inLanguage\":\"pt-BR\",\"potentialAction\":[{\"@type\":\"ReadAction\",\"target\":[\"https:\\\/\\\/oficialnoticias.com\\\/?p=32428\"]}]},{\"@type\":\"ImageObject\",\"inLanguage\":\"pt-BR\",\"@id\":\"https:\\\/\\\/oficialnoticias.com\\\/?p=32428#primaryimage\",\"url\":\"https:\\\/\\\/oficialnoticias.com\\\/wp-content\\\/uploads\\\/2026\\\/03\\\/urlhttps3A2F2Fk2-prod-radio-itatiaia.s3.us-east-1.amazonaws.com2Fbrightspot2Fbb2F952Fd677d4.webp\",\"contentUrl\":\"https:\\\/\\\/oficialnoticias.com\\\/wp-content\\\/uploads\\\/2026\\\/03\\\/urlhttps3A2F2Fk2-prod-radio-itatiaia.s3.us-east-1.amazonaws.com2Fbrightspot2Fbb2F952Fd677d4.webp\",\"width\":1200,\"height\":630},{\"@type\":\"BreadcrumbList\",\"@id\":\"https:\\\/\\\/oficialnoticias.com\\\/?p=32428#breadcrumb\",\"itemListElement\":[{\"@type\":\"ListItem\",\"position\":1,\"name\":\"In\u00edcio\",\"item\":\"https:\\\/\\\/oficialnoticias.com\\\/\"},{\"@type\":\"ListItem\",\"position\":2,\"name\":\"Compras no carn\u00ea mais que dobram em BH e chegam a 30% dos consumidores\"}]},{\"@type\":\"WebSite\",\"@id\":\"https:\\\/\\\/oficialnoticias.com\\\/#website\",\"url\":\"https:\\\/\\\/oficialnoticias.com\\\/\",\"name\":\"oficial Noticias\",\"description\":\"\",\"publisher\":{\"@id\":\"https:\\\/\\\/oficialnoticias.com\\\/#organization\"},\"potentialAction\":[{\"@type\":\"SearchAction\",\"target\":{\"@type\":\"EntryPoint\",\"urlTemplate\":\"https:\\\/\\\/oficialnoticias.com\\\/?s={search_term_string}\"},\"query-input\":{\"@type\":\"PropertyValueSpecification\",\"valueRequired\":true,\"valueName\":\"search_term_string\"}}],\"inLanguage\":\"pt-BR\"},{\"@type\":\"Organization\",\"@id\":\"https:\\\/\\\/oficialnoticias.com\\\/#organization\",\"name\":\"oficial noticias\",\"url\":\"https:\\\/\\\/oficialnoticias.com\\\/\",\"logo\":{\"@type\":\"ImageObject\",\"inLanguage\":\"pt-BR\",\"@id\":\"https:\\\/\\\/oficialnoticias.com\\\/#\\\/schema\\\/logo\\\/image\\\/\",\"url\":\"https:\\\/\\\/oficialnoticias.com\\\/wp-content\\\/uploads\\\/2025\\\/08\\\/cropped-cropped-cropped-Logo-Noticias-e1753639739829.png\",\"contentUrl\":\"https:\\\/\\\/oficialnoticias.com\\\/wp-content\\\/uploads\\\/2025\\\/08\\\/cropped-cropped-cropped-Logo-Noticias-e1753639739829.png\",\"width\":119,\"height\":86,\"caption\":\"oficial noticias\"},\"image\":{\"@id\":\"https:\\\/\\\/oficialnoticias.com\\\/#\\\/schema\\\/logo\\\/image\\\/\"}},{\"@type\":\"Person\",\"@id\":\"https:\\\/\\\/oficialnoticias.com\\\/#\\\/schema\\\/person\\\/2d1dcbb6bfbc28d68171b4dc04723d4a\",\"name\":\"Luana Gon\u00e7alves\",\"image\":{\"@type\":\"ImageObject\",\"inLanguage\":\"pt-BR\",\"@id\":\"https:\\\/\\\/secure.gravatar.com\\\/avatar\\\/7aa6afdef873224c1a0265951f3fdfc0679f65dfbd15f018612595d323c52521?s=96&d=mm&r=g\",\"url\":\"https:\\\/\\\/secure.gravatar.com\\\/avatar\\\/7aa6afdef873224c1a0265951f3fdfc0679f65dfbd15f018612595d323c52521?s=96&d=mm&r=g\",\"contentUrl\":\"https:\\\/\\\/secure.gravatar.com\\\/avatar\\\/7aa6afdef873224c1a0265951f3fdfc0679f65dfbd15f018612595d323c52521?s=96&d=mm&r=g\",\"caption\":\"Luana Gon\u00e7alves\"},\"sameAs\":[\"https:\\\/\\\/oficialnoticias.com\\\/\"],\"url\":\"https:\\\/\\\/oficialnoticias.com\\\/?author=2\"}]}<\/script>\n<!-- \/ Yoast SEO plugin. -->","yoast_head_json":{"title":"Compras no carn\u00ea mais que dobram em BH e chegam a 30% dos consumidores -","robots":{"index":"index","follow":"follow","max-snippet":"max-snippet:-1","max-image-preview":"max-image-preview:large","max-video-preview":"max-video-preview:-1"},"canonical":"https:\/\/oficialnoticias.com\/?p=32428","og_locale":"pt_BR","og_type":"article","og_title":"Compras no carn\u00ea mais que dobram em BH e chegam a 30% dos consumidores -","og_description":"O pagamento por carn\u00ea tem voltado a ganhar for\u00e7a no com\u00e9rcio de Belo Horizonte e promete movimentar a economia da capital nos pr\u00f3ximos meses. \u00c9 o que aponta um levantamento da Fecom\u00e9rcio Minas, que mostra crescimento significativo no uso dessa forma de parcelamento. Segundo os dados, cerca de 30,6% dos consumidores j\u00e1 utilizam o carn\u00ea...","og_url":"https:\/\/oficialnoticias.com\/?p=32428","article_published_time":"2026-03-16T11:47:17+00:00","article_modified_time":"2026-03-16T11:47:18+00:00","og_image":[{"width":1200,"height":630,"url":"https:\/\/oficialnoticias.com\/wp-content\/uploads\/2026\/03\/urlhttps3A2F2Fk2-prod-radio-itatiaia.s3.us-east-1.amazonaws.com2Fbrightspot2Fbb2F952Fd677d4.webp","type":"image\/webp"}],"author":"Luana Gon\u00e7alves","twitter_card":"summary_large_image","twitter_misc":{"Escrito por":"Luana Gon\u00e7alves","Est. tempo de leitura":"3 minutos"},"schema":{"@context":"https:\/\/schema.org","@graph":[{"@type":"Article","@id":"https:\/\/oficialnoticias.com\/?p=32428#article","isPartOf":{"@id":"https:\/\/oficialnoticias.com\/?p=32428"},"author":{"name":"Luana Gon\u00e7alves","@id":"https:\/\/oficialnoticias.com\/#\/schema\/person\/2d1dcbb6bfbc28d68171b4dc04723d4a"},"headline":"Compras no carn\u00ea mais que dobram em BH e chegam a 30% dos consumidores","datePublished":"2026-03-16T11:47:17+00:00","dateModified":"2026-03-16T11:47:18+00:00","mainEntityOfPage":{"@id":"https:\/\/oficialnoticias.com\/?p=32428"},"wordCount":636,"commentCount":0,"publisher":{"@id":"https:\/\/oficialnoticias.com\/#organization"},"image":{"@id":"https:\/\/oficialnoticias.com\/?p=32428#primaryimage"},"thumbnailUrl":"https:\/\/oficialnoticias.com\/wp-content\/uploads\/2026\/03\/urlhttps3A2F2Fk2-prod-radio-itatiaia.s3.us-east-1.amazonaws.com2Fbrightspot2Fbb2F952Fd677d4.webp","articleSection":["Economia"],"inLanguage":"pt-BR","potentialAction":[{"@type":"CommentAction","name":"Comment","target":["https:\/\/oficialnoticias.com\/?p=32428#respond"]}]},{"@type":"WebPage","@id":"https:\/\/oficialnoticias.com\/?p=32428","url":"https:\/\/oficialnoticias.com\/?p=32428","name":"Compras no carn\u00ea mais que dobram em BH e chegam a 30% dos consumidores -","isPartOf":{"@id":"https:\/\/oficialnoticias.com\/#website"},"primaryImageOfPage":{"@id":"https:\/\/oficialnoticias.com\/?p=32428#primaryimage"},"image":{"@id":"https:\/\/oficialnoticias.com\/?p=32428#primaryimage"},"thumbnailUrl":"https:\/\/oficialnoticias.com\/wp-content\/uploads\/2026\/03\/urlhttps3A2F2Fk2-prod-radio-itatiaia.s3.us-east-1.amazonaws.com2Fbrightspot2Fbb2F952Fd677d4.webp","datePublished":"2026-03-16T11:47:17+00:00","dateModified":"2026-03-16T11:47:18+00:00","breadcrumb":{"@id":"https:\/\/oficialnoticias.com\/?p=32428#breadcrumb"},"inLanguage":"pt-BR","potentialAction":[{"@type":"ReadAction","target":["https:\/\/oficialnoticias.com\/?p=32428"]}]},{"@type":"ImageObject","inLanguage":"pt-BR","@id":"https:\/\/oficialnoticias.com\/?p=32428#primaryimage","url":"https:\/\/oficialnoticias.com\/wp-content\/uploads\/2026\/03\/urlhttps3A2F2Fk2-prod-radio-itatiaia.s3.us-east-1.amazonaws.com2Fbrightspot2Fbb2F952Fd677d4.webp","contentUrl":"https:\/\/oficialnoticias.com\/wp-content\/uploads\/2026\/03\/urlhttps3A2F2Fk2-prod-radio-itatiaia.s3.us-east-1.amazonaws.com2Fbrightspot2Fbb2F952Fd677d4.webp","width":1200,"height":630},{"@type":"BreadcrumbList","@id":"https:\/\/oficialnoticias.com\/?p=32428#breadcrumb","itemListElement":[{"@type":"ListItem","position":1,"name":"In\u00edcio","item":"https:\/\/oficialnoticias.com\/"},{"@type":"ListItem","position":2,"name":"Compras no carn\u00ea mais que dobram em BH e chegam a 30% dos consumidores"}]},{"@type":"WebSite","@id":"https:\/\/oficialnoticias.com\/#website","url":"https:\/\/oficialnoticias.com\/","name":"oficial Noticias","description":"","publisher":{"@id":"https:\/\/oficialnoticias.com\/#organization"},"potentialAction":[{"@type":"SearchAction","target":{"@type":"EntryPoint","urlTemplate":"https:\/\/oficialnoticias.com\/?s={search_term_string}"},"query-input":{"@type":"PropertyValueSpecification","valueRequired":true,"valueName":"search_term_string"}}],"inLanguage":"pt-BR"},{"@type":"Organization","@id":"https:\/\/oficialnoticias.com\/#organization","name":"oficial noticias","url":"https:\/\/oficialnoticias.com\/","logo":{"@type":"ImageObject","inLanguage":"pt-BR","@id":"https:\/\/oficialnoticias.com\/#\/schema\/logo\/image\/","url":"https:\/\/oficialnoticias.com\/wp-content\/uploads\/2025\/08\/cropped-cropped-cropped-Logo-Noticias-e1753639739829.png","contentUrl":"https:\/\/oficialnoticias.com\/wp-content\/uploads\/2025\/08\/cropped-cropped-cropped-Logo-Noticias-e1753639739829.png","width":119,"height":86,"caption":"oficial noticias"},"image":{"@id":"https:\/\/oficialnoticias.com\/#\/schema\/logo\/image\/"}},{"@type":"Person","@id":"https:\/\/oficialnoticias.com\/#\/schema\/person\/2d1dcbb6bfbc28d68171b4dc04723d4a","name":"Luana Gon\u00e7alves","image":{"@type":"ImageObject","inLanguage":"pt-BR","@id":"https:\/\/secure.gravatar.com\/avatar\/7aa6afdef873224c1a0265951f3fdfc0679f65dfbd15f018612595d323c52521?s=96&d=mm&r=g","url":"https:\/\/secure.gravatar.com\/avatar\/7aa6afdef873224c1a0265951f3fdfc0679f65dfbd15f018612595d323c52521?s=96&d=mm&r=g","contentUrl":"https:\/\/secure.gravatar.com\/avatar\/7aa6afdef873224c1a0265951f3fdfc0679f65dfbd15f018612595d323c52521?s=96&d=mm&r=g","caption":"Luana Gon\u00e7alves"},"sameAs":["https:\/\/oficialnoticias.com\/"],"url":"https:\/\/oficialnoticias.com\/?author=2"}]}},"_links":{"self":[{"href":"https:\/\/oficialnoticias.com\/index.php?rest_route=\/wp\/v2\/posts\/32428","targetHints":{"allow":["GET"]}}],"collection":[{"href":"https:\/\/oficialnoticias.com\/index.php?rest_route=\/wp\/v2\/posts"}],"about":[{"href":"https:\/\/oficialnoticias.com\/index.php?rest_route=\/wp\/v2\/types\/post"}],"author":[{"embeddable":true,"href":"https:\/\/oficialnoticias.com\/index.php?rest_route=\/wp\/v2\/users\/2"}],"replies":[{"embeddable":true,"href":"https:\/\/oficialnoticias.com\/index.php?rest_route=%2Fwp%2Fv2%2Fcomments&post=32428"}],"version-history":[{"count":1,"href":"https:\/\/oficialnoticias.com\/index.php?rest_route=\/wp\/v2\/posts\/32428\/revisions"}],"predecessor-version":[{"id":32430,"href":"https:\/\/oficialnoticias.com\/index.php?rest_route=\/wp\/v2\/posts\/32428\/revisions\/32430"}],"wp:featuredmedia":[{"embeddable":true,"href":"https:\/\/oficialnoticias.com\/index.php?rest_route=\/wp\/v2\/media\/32429"}],"wp:attachment":[{"href":"https:\/\/oficialnoticias.com\/index.php?rest_route=%2Fwp%2Fv2%2Fmedia&parent=32428"}],"wp:term":[{"taxonomy":"category","embeddable":true,"href":"https:\/\/oficialnoticias.com\/index.php?rest_route=%2Fwp%2Fv2%2Fcategories&post=32428"},{"taxonomy":"post_tag","embeddable":true,"href":"https:\/\/oficialnoticias.com\/index.php?rest_route=%2Fwp%2Fv2%2Ftags&post=32428"}],"curies":[{"name":"wp","href":"https:\/\/api.w.org\/{rel}","templated":true}]}}