{"id":32407,"date":"2026-03-14T16:17:56","date_gmt":"2026-03-14T19:17:56","guid":{"rendered":"https:\/\/oficialnoticias.com\/?p=32407"},"modified":"2026-03-14T16:17:56","modified_gmt":"2026-03-14T19:17:56","slug":"dormir-em-horarios-diferentes-pode-aumentar-risco-de-apneia-do-sono-e-pressao-alta-entenda","status":"publish","type":"post","link":"https:\/\/oficialnoticias.com\/?p=32407","title":{"rendered":"Dormir em hor\u00e1rios diferentes pode aumentar risco de apneia do sono e press\u00e3o alta; entenda"},"content":{"rendered":"<p><\/p>\n<div>\n<p>Manter <bsp-link-enhancement><br \/>\n    <span class=\"LinkEnhancement\"><a class=\"Link\" href=\"https:\/\/www.itatiaia.com.br\/cidades\/2025\/05\/17\/fiscalizacao-em-ferros-velhos-pbh-verifica-respeito-a-restricao-de-horario\" title=\"hor\u00e1rios irregulares\">hor\u00e1rios irregulares<\/a><\/span><\/bsp-link-enhancement> para <bsp-link-enhancement><br \/>\n    <span class=\"LinkEnhancement\"><a class=\"Link\" href=\"https:\/\/www.itatiaia.com.br\/trends\/voce-acorda-varias-vezes-durante-a-noite-e-tem-dificuldade-para-voltar-a-dormir-esses-podem-ser-os-motivos\" title=\"dormir e acordar\">dormir e acordar<\/a><\/span><\/bsp-link-enhancement> pode trazer impactos importantes para a <bsp-link-enhancement><br \/>\n    <span class=\"LinkEnhancement\"><a class=\"Link\" href=\"https:\/\/www.itatiaia.com.br\/saude\" title=\"sa\u00fade\">sa\u00fade<\/a><\/span><\/bsp-link-enhancement>. Um estudo recente indica que <bsp-link-enhancement><br \/>\n    <span class=\"LinkEnhancement\"><a class=\"Link\" href=\"https:\/\/www.itatiaia.com.br\/trends\/2025\/05\/17\/esses-chas-caseiros-e-dicas-de-relaxamento-podem-ser-incorporados-a-uma-rotina-para-ajudar-a-dormir-melhor-a-noite\" title=\"mudan\u00e7as frequentes na rotina de sono\">mudan\u00e7as frequentes na rotina de sono<\/a><\/span><\/bsp-link-enhancement> est\u00e3o associadas a um maior risco de desenvolver <bsp-link-enhancement><br \/>\n    <span class=\"LinkEnhancement\"><a class=\"Link\" href=\"https:\/\/www.itatiaia.com.br\/trends\/2025\/06\/08\/apneia-do-sono-o-inimigo-silencioso-que-afeta-seu-corpo-sem-que-voce-perceba\" title=\"apneia do sono e hipertens\u00e3o\">apneia do sono e hipertens\u00e3o<\/a><\/span><\/bsp-link-enhancement>.<\/p>\n<p>A pesquisa foi conduzida pelo Scripps Research Institute e publicada na revista cient\u00edfica Journal of Medical Internet Research. O trabalho analisou os padr\u00f5es de sono de 319 adultos a partir de dados coletados por rastreadores digitais de atividade, como smartwatches.<\/p>\n<p>Os participantes compartilharam, em m\u00e9dia, dois anos de registros de sono obtidos pelos dispositivos, al\u00e9m de responderem question\u00e1rios sobre sa\u00fade. A an\u00e1lise permitiu aos cientistas observar como pequenas mudan\u00e7as na rotina de descanso podem estar ligadas a diferentes riscos \u00e0 sa\u00fade.<\/p>\n<p>\u201cOs dados de rastreadores de atividade digital oferecem uma maneira \u00fanica de detectar padr\u00f5es relevantes de sa\u00fade a partir de dispositivos que as pessoas j\u00e1 possuem\u201d, diz trecho do relat\u00f3rio.<\/p>\n<h2>Pequenas mudan\u00e7as, grandes impactos<\/h2>\n<p>Os resultados mostraram que, mesmo mantendo o \u00edndice de massa corporal est\u00e1vel, cada hora de varia\u00e7\u00e3o nos hor\u00e1rios de dormir ao longo da semana elevou em 159 por cento a probabilidade de apresentar alto risco de apneia obstrutiva do sono.<\/p>\n<p><bsp-list-loadmore class=\"PageListStandardG\" data-module=\"\" data-show-loadmore=\"true\" data-list-title-size=\"3\" data-list-description-size=\"3\"><\/p>\n<p>    <a class=\"AnchorLink\" title=\"leia-tambem\" name=\"leia-tambem\"\/><\/p>\n<p><\/bsp-list-loadmore><\/p>\n<p>A condi\u00e7\u00e3o \u00e9 caracterizada por interrup\u00e7\u00f5es repetidas na respira\u00e7\u00e3o durante o sono, causadas por bloqueios totais ou parciais das vias a\u00e9reas. Entre os sintomas mais comuns est\u00e3o ronco intenso, despertares frequentes durante a noite e sonol\u00eancia ao longo do dia.<\/p>\n<p>J\u00e1 em rela\u00e7\u00e3o \u00e0 hipertens\u00e3o, os pesquisadores observaram que cada hora de varia\u00e7\u00e3o no padr\u00e3o de sono aumentou em 71 por cento a probabilidade de press\u00e3o alta, mesmo considerando fatores como idade, sexo e \u00edndice de massa corporal.<\/p>\n<p>Na pr\u00e1tica, isso significa que uma altera\u00e7\u00e3o aparentemente pequena na rotina pode ter impacto significativo. Por exemplo, uma pessoa que costuma dormir \u00e0s 22h e em determinado dia vai para a cama \u00e0s 23h j\u00e1 pode apresentar um risco maior de desenvolver essas condi\u00e7\u00f5es.<\/p>\n<h2>Estudos ainda precisam avan\u00e7ar<\/h2>\n<p>Apesar da rela\u00e7\u00e3o observada entre irregularidade do sono e aumento de risco para algumas doen\u00e7as, os cientistas ressaltam que ainda s\u00e3o necess\u00e1rios estudos adicionais para entender exatamente quais mecanismos biol\u00f3gicos est\u00e3o por tr\u00e1s dessa associa\u00e7\u00e3o:<\/p>\n<p>\u201cEstamos confirmando que essas associa\u00e7\u00f5es existem e entendendo os mecanismos. A pr\u00f3xima etapa \u00e9 descobrir como podemos realmente ajudar as pessoas a melhorar sua sa\u00fade\u201d.<\/p>\n<p>Os pesquisadores tamb\u00e9m destacam que muitas pessoas ainda focam apenas na quantidade de horas dormidas. No entanto, a regularidade da rotina pode ser t\u00e3o importante quanto a dura\u00e7\u00e3o do sono.<\/p>\n<p>Grandes varia\u00e7\u00f5es no hor\u00e1rio de dormir podem contribuir para processos inflamat\u00f3rios no organismo, altera\u00e7\u00f5es no ritmo do cortisol e problemas metab\u00f3licos, fatores que aumentam o risco de doen\u00e7as cardiovasculares.<\/p>\n<h2>Como melhorar a qualidade do sono<\/h2>\n<p>Especialistas afirmam que mais importante do que seguir um hor\u00e1rio exato para dormir \u00e9 garantir um sono de qualidade. Para isso, algumas pr\u00e1ticas simples podem ajudar a melhorar a chamada higiene do sono. Entre as principais recomenda\u00e7\u00f5es est\u00e3o:<\/p>\n<ul>\n<li>Ir para a cama apenas quando estiver com sono e levantar se n\u00e3o conseguir dormir ap\u00f3s cerca de 30 minutos<\/li>\n<li>Evitar o uso de celulares, tablets ou televis\u00e3o na cama<\/li>\n<li>Manter o quarto escuro, silencioso e com temperatura confort\u00e1vel<\/li>\n<li>N\u00e3o utilizar medicamentos para dormir sem orienta\u00e7\u00e3o m\u00e9dica<\/li>\n<li>Evitar discuss\u00f5es ou atividades estressantes antes de deitar<\/li>\n<li>Realizar atividades relaxantes \u00e0 noite, como leitura, medita\u00e7\u00e3o ou m\u00fasica<\/li>\n<li>Reduzir o consumo de caf\u00e9 e bebidas alco\u00f3licas pr\u00f3ximo ao hor\u00e1rio de dormir<\/li>\n<li>Fazer refei\u00e7\u00f5es leves \u00e0 noite<\/li>\n<li>Evitar deixar rel\u00f3gios vis\u00edveis ao lado da cama<\/li>\n<li>Manter uma rotina regular para dormir e acordar todos os dias<\/li>\n<\/ul><\/div>\n<p><script>\n  window.fbAsyncInit = function() {\n      FB.init({\n              appId : '1447052969554341',\n          xfbml : true,\n          version : 'v2.9'\n      });\n  };\n  (function(d, s, id){\n     var js, fjs = d.getElementsByTagName(s)[0];\n     if (d.getElementById(id)) {return;}\n     js = d.createElement(s); js.id = id;\n     js.src = \"https:\/\/connect.facebook.net\/en_US\/sdk.js\";\n     fjs.parentNode.insertBefore(js, fjs);\n   }(document, 'script', 'facebook-jssdk'));\n<\/script><\/p>\n","protected":false},"excerpt":{"rendered":"<p>Manter hor\u00e1rios irregulares para dormir e acordar pode trazer impactos importantes para a sa\u00fade. Um estudo recente indica que mudan\u00e7as frequentes na rotina de sono est\u00e3o associadas a um maior risco de desenvolver apneia do sono e hipertens\u00e3o. A pesquisa foi conduzida pelo Scripps Research Institute e publicada na revista cient\u00edfica Journal of Medical Internet&#8230;<\/p>\n","protected":false},"author":2,"featured_media":32408,"comment_status":"open","ping_status":"open","sticky":false,"template":"","format":"standard","meta":{"footnotes":""},"categories":[1],"tags":[],"class_list":["post-32407","post","type-post","status-publish","format-standard","has-post-thumbnail","hentry","category-sem-categoria"],"yoast_head":"<!-- This site is optimized with the Yoast SEO plugin v27.3 - https:\/\/yoast.com\/product\/yoast-seo-wordpress\/ -->\n<title>Dormir em hor\u00e1rios diferentes pode aumentar risco de apneia do sono e press\u00e3o alta; entenda -<\/title>\n<meta name=\"robots\" content=\"index, follow, max-snippet:-1, max-image-preview:large, max-video-preview:-1\" \/>\n<link rel=\"canonical\" href=\"https:\/\/oficialnoticias.com\/?p=32407\" \/>\n<meta property=\"og:locale\" content=\"pt_BR\" \/>\n<meta property=\"og:type\" content=\"article\" \/>\n<meta property=\"og:title\" content=\"Dormir em hor\u00e1rios diferentes pode aumentar risco de apneia do sono e press\u00e3o alta; entenda -\" \/>\n<meta property=\"og:description\" content=\"Manter hor\u00e1rios irregulares para dormir e acordar pode trazer impactos importantes para a sa\u00fade. Um estudo recente indica que mudan\u00e7as frequentes na rotina de sono est\u00e3o associadas a um maior risco de desenvolver apneia do sono e hipertens\u00e3o. A pesquisa foi conduzida pelo Scripps Research Institute e publicada na revista cient\u00edfica Journal of Medical Internet...\" \/>\n<meta property=\"og:url\" content=\"https:\/\/oficialnoticias.com\/?p=32407\" \/>\n<meta property=\"article:published_time\" content=\"2026-03-14T19:17:56+00:00\" \/>\n<meta property=\"og:image\" content=\"https:\/\/oficialnoticias.com\/wp-content\/uploads\/2026\/03\/urlhttps3A2F2Fk2-prod-radio-itatiaia.s3.us-east-1.amazonaws.com2Fbrightspot2F512Ffa2F710f6c.webp\" \/>\n\t<meta property=\"og:image:width\" content=\"1200\" \/>\n\t<meta property=\"og:image:height\" content=\"630\" \/>\n\t<meta property=\"og:image:type\" content=\"image\/webp\" \/>\n<meta name=\"author\" content=\"Luana Gon\u00e7alves\" \/>\n<meta name=\"twitter:card\" content=\"summary_large_image\" \/>\n<meta name=\"twitter:label1\" content=\"Escrito por\" \/>\n\t<meta name=\"twitter:data1\" content=\"Luana Gon\u00e7alves\" \/>\n\t<meta name=\"twitter:label2\" content=\"Est. tempo de leitura\" \/>\n\t<meta name=\"twitter:data2\" content=\"3 minutos\" \/>\n<script type=\"application\/ld+json\" class=\"yoast-schema-graph\">{\"@context\":\"https:\\\/\\\/schema.org\",\"@graph\":[{\"@type\":\"Article\",\"@id\":\"https:\\\/\\\/oficialnoticias.com\\\/?p=32407#article\",\"isPartOf\":{\"@id\":\"https:\\\/\\\/oficialnoticias.com\\\/?p=32407\"},\"author\":{\"name\":\"Luana Gon\u00e7alves\",\"@id\":\"https:\\\/\\\/oficialnoticias.com\\\/#\\\/schema\\\/person\\\/2d1dcbb6bfbc28d68171b4dc04723d4a\"},\"headline\":\"Dormir em hor\u00e1rios diferentes pode aumentar risco de apneia do sono e press\u00e3o alta; entenda\",\"datePublished\":\"2026-03-14T19:17:56+00:00\",\"mainEntityOfPage\":{\"@id\":\"https:\\\/\\\/oficialnoticias.com\\\/?p=32407\"},\"wordCount\":666,\"commentCount\":0,\"publisher\":{\"@id\":\"https:\\\/\\\/oficialnoticias.com\\\/#organization\"},\"image\":{\"@id\":\"https:\\\/\\\/oficialnoticias.com\\\/?p=32407#primaryimage\"},\"thumbnailUrl\":\"https:\\\/\\\/oficialnoticias.com\\\/wp-content\\\/uploads\\\/2026\\\/03\\\/urlhttps3A2F2Fk2-prod-radio-itatiaia.s3.us-east-1.amazonaws.com2Fbrightspot2F512Ffa2F710f6c.webp\",\"articleSection\":[\"Sa\u00fade\"],\"inLanguage\":\"pt-BR\",\"potentialAction\":[{\"@type\":\"CommentAction\",\"name\":\"Comment\",\"target\":[\"https:\\\/\\\/oficialnoticias.com\\\/?p=32407#respond\"]}]},{\"@type\":\"WebPage\",\"@id\":\"https:\\\/\\\/oficialnoticias.com\\\/?p=32407\",\"url\":\"https:\\\/\\\/oficialnoticias.com\\\/?p=32407\",\"name\":\"Dormir em hor\u00e1rios diferentes pode aumentar risco de apneia do sono e press\u00e3o alta; entenda -\",\"isPartOf\":{\"@id\":\"https:\\\/\\\/oficialnoticias.com\\\/#website\"},\"primaryImageOfPage\":{\"@id\":\"https:\\\/\\\/oficialnoticias.com\\\/?p=32407#primaryimage\"},\"image\":{\"@id\":\"https:\\\/\\\/oficialnoticias.com\\\/?p=32407#primaryimage\"},\"thumbnailUrl\":\"https:\\\/\\\/oficialnoticias.com\\\/wp-content\\\/uploads\\\/2026\\\/03\\\/urlhttps3A2F2Fk2-prod-radio-itatiaia.s3.us-east-1.amazonaws.com2Fbrightspot2F512Ffa2F710f6c.webp\",\"datePublished\":\"2026-03-14T19:17:56+00:00\",\"breadcrumb\":{\"@id\":\"https:\\\/\\\/oficialnoticias.com\\\/?p=32407#breadcrumb\"},\"inLanguage\":\"pt-BR\",\"potentialAction\":[{\"@type\":\"ReadAction\",\"target\":[\"https:\\\/\\\/oficialnoticias.com\\\/?p=32407\"]}]},{\"@type\":\"ImageObject\",\"inLanguage\":\"pt-BR\",\"@id\":\"https:\\\/\\\/oficialnoticias.com\\\/?p=32407#primaryimage\",\"url\":\"https:\\\/\\\/oficialnoticias.com\\\/wp-content\\\/uploads\\\/2026\\\/03\\\/urlhttps3A2F2Fk2-prod-radio-itatiaia.s3.us-east-1.amazonaws.com2Fbrightspot2F512Ffa2F710f6c.webp\",\"contentUrl\":\"https:\\\/\\\/oficialnoticias.com\\\/wp-content\\\/uploads\\\/2026\\\/03\\\/urlhttps3A2F2Fk2-prod-radio-itatiaia.s3.us-east-1.amazonaws.com2Fbrightspot2F512Ffa2F710f6c.webp\",\"width\":1200,\"height\":630},{\"@type\":\"BreadcrumbList\",\"@id\":\"https:\\\/\\\/oficialnoticias.com\\\/?p=32407#breadcrumb\",\"itemListElement\":[{\"@type\":\"ListItem\",\"position\":1,\"name\":\"In\u00edcio\",\"item\":\"https:\\\/\\\/oficialnoticias.com\\\/\"},{\"@type\":\"ListItem\",\"position\":2,\"name\":\"Dormir em hor\u00e1rios diferentes pode aumentar risco de apneia do sono e press\u00e3o alta; entenda\"}]},{\"@type\":\"WebSite\",\"@id\":\"https:\\\/\\\/oficialnoticias.com\\\/#website\",\"url\":\"https:\\\/\\\/oficialnoticias.com\\\/\",\"name\":\"oficial Noticias\",\"description\":\"\",\"publisher\":{\"@id\":\"https:\\\/\\\/oficialnoticias.com\\\/#organization\"},\"potentialAction\":[{\"@type\":\"SearchAction\",\"target\":{\"@type\":\"EntryPoint\",\"urlTemplate\":\"https:\\\/\\\/oficialnoticias.com\\\/?s={search_term_string}\"},\"query-input\":{\"@type\":\"PropertyValueSpecification\",\"valueRequired\":true,\"valueName\":\"search_term_string\"}}],\"inLanguage\":\"pt-BR\"},{\"@type\":\"Organization\",\"@id\":\"https:\\\/\\\/oficialnoticias.com\\\/#organization\",\"name\":\"oficial noticias\",\"url\":\"https:\\\/\\\/oficialnoticias.com\\\/\",\"logo\":{\"@type\":\"ImageObject\",\"inLanguage\":\"pt-BR\",\"@id\":\"https:\\\/\\\/oficialnoticias.com\\\/#\\\/schema\\\/logo\\\/image\\\/\",\"url\":\"https:\\\/\\\/oficialnoticias.com\\\/wp-content\\\/uploads\\\/2025\\\/08\\\/cropped-cropped-cropped-Logo-Noticias-e1753639739829.png\",\"contentUrl\":\"https:\\\/\\\/oficialnoticias.com\\\/wp-content\\\/uploads\\\/2025\\\/08\\\/cropped-cropped-cropped-Logo-Noticias-e1753639739829.png\",\"width\":119,\"height\":86,\"caption\":\"oficial noticias\"},\"image\":{\"@id\":\"https:\\\/\\\/oficialnoticias.com\\\/#\\\/schema\\\/logo\\\/image\\\/\"}},{\"@type\":\"Person\",\"@id\":\"https:\\\/\\\/oficialnoticias.com\\\/#\\\/schema\\\/person\\\/2d1dcbb6bfbc28d68171b4dc04723d4a\",\"name\":\"Luana Gon\u00e7alves\",\"image\":{\"@type\":\"ImageObject\",\"inLanguage\":\"pt-BR\",\"@id\":\"https:\\\/\\\/secure.gravatar.com\\\/avatar\\\/7aa6afdef873224c1a0265951f3fdfc0679f65dfbd15f018612595d323c52521?s=96&d=mm&r=g\",\"url\":\"https:\\\/\\\/secure.gravatar.com\\\/avatar\\\/7aa6afdef873224c1a0265951f3fdfc0679f65dfbd15f018612595d323c52521?s=96&d=mm&r=g\",\"contentUrl\":\"https:\\\/\\\/secure.gravatar.com\\\/avatar\\\/7aa6afdef873224c1a0265951f3fdfc0679f65dfbd15f018612595d323c52521?s=96&d=mm&r=g\",\"caption\":\"Luana Gon\u00e7alves\"},\"sameAs\":[\"https:\\\/\\\/oficialnoticias.com\\\/\"],\"url\":\"https:\\\/\\\/oficialnoticias.com\\\/?author=2\"}]}<\/script>\n<!-- \/ Yoast SEO plugin. -->","yoast_head_json":{"title":"Dormir em hor\u00e1rios diferentes pode aumentar risco de apneia do sono e press\u00e3o alta; entenda -","robots":{"index":"index","follow":"follow","max-snippet":"max-snippet:-1","max-image-preview":"max-image-preview:large","max-video-preview":"max-video-preview:-1"},"canonical":"https:\/\/oficialnoticias.com\/?p=32407","og_locale":"pt_BR","og_type":"article","og_title":"Dormir em hor\u00e1rios diferentes pode aumentar risco de apneia do sono e press\u00e3o alta; entenda -","og_description":"Manter hor\u00e1rios irregulares para dormir e acordar pode trazer impactos importantes para a sa\u00fade. Um estudo recente indica que mudan\u00e7as frequentes na rotina de sono est\u00e3o associadas a um maior risco de desenvolver apneia do sono e hipertens\u00e3o. A pesquisa foi conduzida pelo Scripps Research Institute e publicada na revista cient\u00edfica Journal of Medical Internet...","og_url":"https:\/\/oficialnoticias.com\/?p=32407","article_published_time":"2026-03-14T19:17:56+00:00","og_image":[{"width":1200,"height":630,"url":"https:\/\/oficialnoticias.com\/wp-content\/uploads\/2026\/03\/urlhttps3A2F2Fk2-prod-radio-itatiaia.s3.us-east-1.amazonaws.com2Fbrightspot2F512Ffa2F710f6c.webp","type":"image\/webp"}],"author":"Luana Gon\u00e7alves","twitter_card":"summary_large_image","twitter_misc":{"Escrito por":"Luana Gon\u00e7alves","Est. tempo de leitura":"3 minutos"},"schema":{"@context":"https:\/\/schema.org","@graph":[{"@type":"Article","@id":"https:\/\/oficialnoticias.com\/?p=32407#article","isPartOf":{"@id":"https:\/\/oficialnoticias.com\/?p=32407"},"author":{"name":"Luana Gon\u00e7alves","@id":"https:\/\/oficialnoticias.com\/#\/schema\/person\/2d1dcbb6bfbc28d68171b4dc04723d4a"},"headline":"Dormir em hor\u00e1rios diferentes pode aumentar risco de apneia do sono e press\u00e3o alta; entenda","datePublished":"2026-03-14T19:17:56+00:00","mainEntityOfPage":{"@id":"https:\/\/oficialnoticias.com\/?p=32407"},"wordCount":666,"commentCount":0,"publisher":{"@id":"https:\/\/oficialnoticias.com\/#organization"},"image":{"@id":"https:\/\/oficialnoticias.com\/?p=32407#primaryimage"},"thumbnailUrl":"https:\/\/oficialnoticias.com\/wp-content\/uploads\/2026\/03\/urlhttps3A2F2Fk2-prod-radio-itatiaia.s3.us-east-1.amazonaws.com2Fbrightspot2F512Ffa2F710f6c.webp","articleSection":["Sa\u00fade"],"inLanguage":"pt-BR","potentialAction":[{"@type":"CommentAction","name":"Comment","target":["https:\/\/oficialnoticias.com\/?p=32407#respond"]}]},{"@type":"WebPage","@id":"https:\/\/oficialnoticias.com\/?p=32407","url":"https:\/\/oficialnoticias.com\/?p=32407","name":"Dormir em hor\u00e1rios diferentes pode aumentar risco de apneia do sono e press\u00e3o alta; entenda -","isPartOf":{"@id":"https:\/\/oficialnoticias.com\/#website"},"primaryImageOfPage":{"@id":"https:\/\/oficialnoticias.com\/?p=32407#primaryimage"},"image":{"@id":"https:\/\/oficialnoticias.com\/?p=32407#primaryimage"},"thumbnailUrl":"https:\/\/oficialnoticias.com\/wp-content\/uploads\/2026\/03\/urlhttps3A2F2Fk2-prod-radio-itatiaia.s3.us-east-1.amazonaws.com2Fbrightspot2F512Ffa2F710f6c.webp","datePublished":"2026-03-14T19:17:56+00:00","breadcrumb":{"@id":"https:\/\/oficialnoticias.com\/?p=32407#breadcrumb"},"inLanguage":"pt-BR","potentialAction":[{"@type":"ReadAction","target":["https:\/\/oficialnoticias.com\/?p=32407"]}]},{"@type":"ImageObject","inLanguage":"pt-BR","@id":"https:\/\/oficialnoticias.com\/?p=32407#primaryimage","url":"https:\/\/oficialnoticias.com\/wp-content\/uploads\/2026\/03\/urlhttps3A2F2Fk2-prod-radio-itatiaia.s3.us-east-1.amazonaws.com2Fbrightspot2F512Ffa2F710f6c.webp","contentUrl":"https:\/\/oficialnoticias.com\/wp-content\/uploads\/2026\/03\/urlhttps3A2F2Fk2-prod-radio-itatiaia.s3.us-east-1.amazonaws.com2Fbrightspot2F512Ffa2F710f6c.webp","width":1200,"height":630},{"@type":"BreadcrumbList","@id":"https:\/\/oficialnoticias.com\/?p=32407#breadcrumb","itemListElement":[{"@type":"ListItem","position":1,"name":"In\u00edcio","item":"https:\/\/oficialnoticias.com\/"},{"@type":"ListItem","position":2,"name":"Dormir em hor\u00e1rios diferentes pode aumentar risco de apneia do sono e press\u00e3o alta; entenda"}]},{"@type":"WebSite","@id":"https:\/\/oficialnoticias.com\/#website","url":"https:\/\/oficialnoticias.com\/","name":"oficial Noticias","description":"","publisher":{"@id":"https:\/\/oficialnoticias.com\/#organization"},"potentialAction":[{"@type":"SearchAction","target":{"@type":"EntryPoint","urlTemplate":"https:\/\/oficialnoticias.com\/?s={search_term_string}"},"query-input":{"@type":"PropertyValueSpecification","valueRequired":true,"valueName":"search_term_string"}}],"inLanguage":"pt-BR"},{"@type":"Organization","@id":"https:\/\/oficialnoticias.com\/#organization","name":"oficial noticias","url":"https:\/\/oficialnoticias.com\/","logo":{"@type":"ImageObject","inLanguage":"pt-BR","@id":"https:\/\/oficialnoticias.com\/#\/schema\/logo\/image\/","url":"https:\/\/oficialnoticias.com\/wp-content\/uploads\/2025\/08\/cropped-cropped-cropped-Logo-Noticias-e1753639739829.png","contentUrl":"https:\/\/oficialnoticias.com\/wp-content\/uploads\/2025\/08\/cropped-cropped-cropped-Logo-Noticias-e1753639739829.png","width":119,"height":86,"caption":"oficial noticias"},"image":{"@id":"https:\/\/oficialnoticias.com\/#\/schema\/logo\/image\/"}},{"@type":"Person","@id":"https:\/\/oficialnoticias.com\/#\/schema\/person\/2d1dcbb6bfbc28d68171b4dc04723d4a","name":"Luana Gon\u00e7alves","image":{"@type":"ImageObject","inLanguage":"pt-BR","@id":"https:\/\/secure.gravatar.com\/avatar\/7aa6afdef873224c1a0265951f3fdfc0679f65dfbd15f018612595d323c52521?s=96&d=mm&r=g","url":"https:\/\/secure.gravatar.com\/avatar\/7aa6afdef873224c1a0265951f3fdfc0679f65dfbd15f018612595d323c52521?s=96&d=mm&r=g","contentUrl":"https:\/\/secure.gravatar.com\/avatar\/7aa6afdef873224c1a0265951f3fdfc0679f65dfbd15f018612595d323c52521?s=96&d=mm&r=g","caption":"Luana Gon\u00e7alves"},"sameAs":["https:\/\/oficialnoticias.com\/"],"url":"https:\/\/oficialnoticias.com\/?author=2"}]}},"_links":{"self":[{"href":"https:\/\/oficialnoticias.com\/index.php?rest_route=\/wp\/v2\/posts\/32407","targetHints":{"allow":["GET"]}}],"collection":[{"href":"https:\/\/oficialnoticias.com\/index.php?rest_route=\/wp\/v2\/posts"}],"about":[{"href":"https:\/\/oficialnoticias.com\/index.php?rest_route=\/wp\/v2\/types\/post"}],"author":[{"embeddable":true,"href":"https:\/\/oficialnoticias.com\/index.php?rest_route=\/wp\/v2\/users\/2"}],"replies":[{"embeddable":true,"href":"https:\/\/oficialnoticias.com\/index.php?rest_route=%2Fwp%2Fv2%2Fcomments&post=32407"}],"version-history":[{"count":1,"href":"https:\/\/oficialnoticias.com\/index.php?rest_route=\/wp\/v2\/posts\/32407\/revisions"}],"predecessor-version":[{"id":32409,"href":"https:\/\/oficialnoticias.com\/index.php?rest_route=\/wp\/v2\/posts\/32407\/revisions\/32409"}],"wp:featuredmedia":[{"embeddable":true,"href":"https:\/\/oficialnoticias.com\/index.php?rest_route=\/wp\/v2\/media\/32408"}],"wp:attachment":[{"href":"https:\/\/oficialnoticias.com\/index.php?rest_route=%2Fwp%2Fv2%2Fmedia&parent=32407"}],"wp:term":[{"taxonomy":"category","embeddable":true,"href":"https:\/\/oficialnoticias.com\/index.php?rest_route=%2Fwp%2Fv2%2Fcategories&post=32407"},{"taxonomy":"post_tag","embeddable":true,"href":"https:\/\/oficialnoticias.com\/index.php?rest_route=%2Fwp%2Fv2%2Ftags&post=32407"}],"curies":[{"name":"wp","href":"https:\/\/api.w.org\/{rel}","templated":true}]}}