{"id":32404,"date":"2026-03-14T08:07:09","date_gmt":"2026-03-14T11:07:09","guid":{"rendered":"https:\/\/oficialnoticias.com\/?p=32404"},"modified":"2026-03-14T08:07:10","modified_gmt":"2026-03-14T11:07:10","slug":"pesquisadores-criam-ferramenta-de-ia-para-detectar-dor-em-bebes-internados-em-uti","status":"publish","type":"post","link":"https:\/\/oficialnoticias.com\/?p=32404","title":{"rendered":"Pesquisadores criam ferramenta de IA para detectar dor em beb\u00eas internados em UTI"},"content":{"rendered":"<p><\/p>\n<div>\n<p>Pesquisadores do Centro Universit\u00e1rio FEI e da Universidade Federal de S\u00e3o Paulo (Unifesp) desenvolveram uma ferramenta de intelig\u00eancia artificial capaz de identificar o n\u00edvel de dor em rec\u00e9m-nascidos internados em Unidades de Terapia Intensiva (UTIs) neonatais. A tecnologia utiliza modelos multimodais que combinam linguagem e vis\u00e3o para analisar express\u00f5es faciais dos beb\u00eas e auxiliar na avalia\u00e7\u00e3o cl\u00ednica.<\/p>\n<p>O sistema interpreta imagens e textos simultaneamente, permitindo identificar sinais de dor ou conforto com maior precis\u00e3o e menor grau de subjetividade. Atualmente, a avalia\u00e7\u00e3o da dor em rec\u00e9m-nascidos depende principalmente da observa\u00e7\u00e3o de profissionais de sa\u00fade e da aplica\u00e7\u00e3o de escalas cl\u00ednicas, m\u00e9todo que pode variar de acordo com a percep\u00e7\u00e3o de quem realiza a an\u00e1lise.<\/p>\n<p>Segundo a pediatra neonatal Ruth Guinsburg, professora da Unifesp e coordenadora-geral da UTI Neonatal do Hospital S\u00e3o Paulo, a ferramenta pode ajudar a tornar a avalia\u00e7\u00e3o mais objetiva. De acordo com a especialista, diferen\u00e7as emocionais entre profissionais ou familiares podem influenciar a interpreta\u00e7\u00e3o dos sinais apresentados pelo beb\u00ea.<\/p>\n<p>A pesquisa contou com financiamento da Funda\u00e7\u00e3o de Amparo \u00e0 Pesquisa do Estado de S\u00e3o Paulo e foi publicada na revista cient\u00edfica Pediatric Research. Os resultados indicam que o sistema de intelig\u00eancia artificial apresentou desempenho superior a m\u00e9todos tradicionais de <i>deep learning<\/i> na identifica\u00e7\u00e3o de estados de dor e conforto.<\/p>\n<p>De acordo com o professor Carlos Eduardo Thomaz, da FEI, os modelos multimodais representam um avan\u00e7o em rela\u00e7\u00e3o \u00e0s t\u00e9cnicas cl\u00e1ssicas de aprendizado de m\u00e1quina, que exigiam grandes bancos de dados espec\u00edficos e processos complexos de prepara\u00e7\u00e3o das imagens. Com o uso de modelos pr\u00e9-treinados em grandes volumes de dados, tornou-se poss\u00edvel aplicar a tecnologia com maior agilidade em tarefas m\u00e9dicas espec\u00edficas.<\/p>\n<p><bsp-list-loadmore class=\"PageListStandardG\" data-module=\"\" data-show-loadmore=\"true\" data-list-title-size=\"3\" data-list-description-size=\"3\"><\/p>\n<p>    <a class=\"AnchorLink\" title=\"leia-tambem\" name=\"leia-tambem\"\/><\/p>\n<p><\/bsp-list-loadmore><\/p>\n<p>A necessidade de ferramentas mais precisas \u00e9 refor\u00e7ada pelo contexto das UTIs neonatais. Segundo Guinsburg, um beb\u00ea internado pode ser submetido a at\u00e9 13 procedimentos potencialmente dolorosos por dia, incluindo pun\u00e7\u00f5es, inser\u00e7\u00e3o de cateteres, cirurgias e intuba\u00e7\u00f5es. Embora essenciais para o tratamento, essas interven\u00e7\u00f5es podem causar dor e exigir manejo adequado para evitar consequ\u00eancias a longo prazo.<\/p>\n<p>At\u00e9 a d\u00e9cada de 1990, acreditava-se que rec\u00e9m-nascidos n\u00e3o sentiam dor devido \u00e0 imaturidade do sistema nervoso. Hoje, a ci\u00eancia aponta o contr\u00e1rio: justamente por estarem em fase de desenvolvimento neurol\u00f3gico, os beb\u00eas podem ser ainda mais sens\u00edveis aos efeitos de est\u00edmulos dolorosos.<\/p>\n<p>Os pesquisadores avaliam que a ferramenta de intelig\u00eancia artificial pode ajudar a transformar sinais subjetivos em par\u00e2metros mais objetivos para apoiar decis\u00f5es cl\u00ednicas. No futuro, a expectativa \u00e9 que o sistema funcione como um monitor de dor em tempo real, integrado a equipamentos j\u00e1 utilizados em UTIs, como monitores card\u00edacos e respirat\u00f3rios, al\u00e9m de contribuir para o uso mais seguro de analg\u00e9sicos.<\/p>\n<p>Para o engenheiro Lucas Pereira Carlini, integrante da equipe, o impacto da tecnologia vai al\u00e9m da precis\u00e3o t\u00e9cnica. Segundo ele, cada avan\u00e7o na capacidade de identificar a dor representa uma melhoria concreta no cuidado prestado aos rec\u00e9m-nascidos.<\/p>\n<p>*Com Ag\u00eancia Fapesp<\/p>\n<\/p><\/div>\n<p><script>\n  window.fbAsyncInit = function() {\n      FB.init({\n              appId : '1447052969554341',\n          xfbml : true,\n          version : 'v2.9'\n      });\n  };\n  (function(d, s, id){\n     var js, fjs = d.getElementsByTagName(s)[0];\n     if (d.getElementById(id)) {return;}\n     js = d.createElement(s); js.id = id;\n     js.src = \"https:\/\/connect.facebook.net\/en_US\/sdk.js\";\n     fjs.parentNode.insertBefore(js, fjs);\n   }(document, 'script', 'facebook-jssdk'));\n<\/script><\/p>\n","protected":false},"excerpt":{"rendered":"<p>Pesquisadores do Centro Universit\u00e1rio FEI e da Universidade Federal de S\u00e3o Paulo (Unifesp) desenvolveram uma ferramenta de intelig\u00eancia artificial capaz de identificar o n\u00edvel de dor em rec\u00e9m-nascidos internados em Unidades de Terapia Intensiva (UTIs) neonatais. A tecnologia utiliza modelos multimodais que combinam linguagem e vis\u00e3o para analisar express\u00f5es faciais dos beb\u00eas e auxiliar na&#8230;<\/p>\n","protected":false},"author":2,"featured_media":32405,"comment_status":"open","ping_status":"open","sticky":false,"template":"","format":"standard","meta":{"footnotes":""},"categories":[1],"tags":[],"class_list":["post-32404","post","type-post","status-publish","format-standard","has-post-thumbnail","hentry","category-sem-categoria"],"yoast_head":"<!-- This site is optimized with the Yoast SEO plugin v27.3 - https:\/\/yoast.com\/product\/yoast-seo-wordpress\/ -->\n<title>Pesquisadores criam ferramenta de IA para detectar dor em beb\u00eas internados em UTI -<\/title>\n<meta name=\"robots\" content=\"index, follow, max-snippet:-1, max-image-preview:large, max-video-preview:-1\" \/>\n<link rel=\"canonical\" href=\"https:\/\/oficialnoticias.com\/?p=32404\" \/>\n<meta property=\"og:locale\" content=\"pt_BR\" \/>\n<meta property=\"og:type\" content=\"article\" \/>\n<meta property=\"og:title\" content=\"Pesquisadores criam ferramenta de IA para detectar dor em beb\u00eas internados em UTI -\" \/>\n<meta property=\"og:description\" content=\"Pesquisadores do Centro Universit\u00e1rio FEI e da Universidade Federal de S\u00e3o Paulo (Unifesp) desenvolveram uma ferramenta de intelig\u00eancia artificial capaz de identificar o n\u00edvel de dor em rec\u00e9m-nascidos internados em Unidades de Terapia Intensiva (UTIs) neonatais. A tecnologia utiliza modelos multimodais que combinam linguagem e vis\u00e3o para analisar express\u00f5es faciais dos beb\u00eas e auxiliar na...\" \/>\n<meta property=\"og:url\" content=\"https:\/\/oficialnoticias.com\/?p=32404\" \/>\n<meta property=\"article:published_time\" content=\"2026-03-14T11:07:09+00:00\" \/>\n<meta property=\"article:modified_time\" content=\"2026-03-14T11:07:10+00:00\" \/>\n<meta property=\"og:image\" content=\"https:\/\/oficialnoticias.com\/wp-content\/uploads\/2026\/03\/urlhttps3A2F2Fk2-prod-radio-itatiaia.s3.us-east-1.amazonaws.com2Fbrightspot2Fe82F982Fe34337.webp\" \/>\n\t<meta property=\"og:image:width\" content=\"1200\" \/>\n\t<meta property=\"og:image:height\" content=\"630\" \/>\n\t<meta property=\"og:image:type\" content=\"image\/webp\" \/>\n<meta name=\"author\" content=\"Luana Gon\u00e7alves\" \/>\n<meta name=\"twitter:card\" content=\"summary_large_image\" \/>\n<meta name=\"twitter:label1\" content=\"Escrito por\" \/>\n\t<meta name=\"twitter:data1\" content=\"Luana Gon\u00e7alves\" \/>\n\t<meta name=\"twitter:label2\" content=\"Est. tempo de leitura\" \/>\n\t<meta name=\"twitter:data2\" content=\"3 minutos\" \/>\n<script type=\"application\/ld+json\" class=\"yoast-schema-graph\">{\"@context\":\"https:\\\/\\\/schema.org\",\"@graph\":[{\"@type\":\"Article\",\"@id\":\"https:\\\/\\\/oficialnoticias.com\\\/?p=32404#article\",\"isPartOf\":{\"@id\":\"https:\\\/\\\/oficialnoticias.com\\\/?p=32404\"},\"author\":{\"name\":\"Luana Gon\u00e7alves\",\"@id\":\"https:\\\/\\\/oficialnoticias.com\\\/#\\\/schema\\\/person\\\/2d1dcbb6bfbc28d68171b4dc04723d4a\"},\"headline\":\"Pesquisadores criam ferramenta de IA para detectar dor em beb\u00eas internados em UTI\",\"datePublished\":\"2026-03-14T11:07:09+00:00\",\"dateModified\":\"2026-03-14T11:07:10+00:00\",\"mainEntityOfPage\":{\"@id\":\"https:\\\/\\\/oficialnoticias.com\\\/?p=32404\"},\"wordCount\":554,\"commentCount\":0,\"publisher\":{\"@id\":\"https:\\\/\\\/oficialnoticias.com\\\/#organization\"},\"image\":{\"@id\":\"https:\\\/\\\/oficialnoticias.com\\\/?p=32404#primaryimage\"},\"thumbnailUrl\":\"https:\\\/\\\/oficialnoticias.com\\\/wp-content\\\/uploads\\\/2026\\\/03\\\/urlhttps3A2F2Fk2-prod-radio-itatiaia.s3.us-east-1.amazonaws.com2Fbrightspot2Fe82F982Fe34337.webp\",\"articleSection\":[\"Sa\u00fade\"],\"inLanguage\":\"pt-BR\",\"potentialAction\":[{\"@type\":\"CommentAction\",\"name\":\"Comment\",\"target\":[\"https:\\\/\\\/oficialnoticias.com\\\/?p=32404#respond\"]}]},{\"@type\":\"WebPage\",\"@id\":\"https:\\\/\\\/oficialnoticias.com\\\/?p=32404\",\"url\":\"https:\\\/\\\/oficialnoticias.com\\\/?p=32404\",\"name\":\"Pesquisadores criam ferramenta de IA para detectar dor em beb\u00eas internados em UTI -\",\"isPartOf\":{\"@id\":\"https:\\\/\\\/oficialnoticias.com\\\/#website\"},\"primaryImageOfPage\":{\"@id\":\"https:\\\/\\\/oficialnoticias.com\\\/?p=32404#primaryimage\"},\"image\":{\"@id\":\"https:\\\/\\\/oficialnoticias.com\\\/?p=32404#primaryimage\"},\"thumbnailUrl\":\"https:\\\/\\\/oficialnoticias.com\\\/wp-content\\\/uploads\\\/2026\\\/03\\\/urlhttps3A2F2Fk2-prod-radio-itatiaia.s3.us-east-1.amazonaws.com2Fbrightspot2Fe82F982Fe34337.webp\",\"datePublished\":\"2026-03-14T11:07:09+00:00\",\"dateModified\":\"2026-03-14T11:07:10+00:00\",\"breadcrumb\":{\"@id\":\"https:\\\/\\\/oficialnoticias.com\\\/?p=32404#breadcrumb\"},\"inLanguage\":\"pt-BR\",\"potentialAction\":[{\"@type\":\"ReadAction\",\"target\":[\"https:\\\/\\\/oficialnoticias.com\\\/?p=32404\"]}]},{\"@type\":\"ImageObject\",\"inLanguage\":\"pt-BR\",\"@id\":\"https:\\\/\\\/oficialnoticias.com\\\/?p=32404#primaryimage\",\"url\":\"https:\\\/\\\/oficialnoticias.com\\\/wp-content\\\/uploads\\\/2026\\\/03\\\/urlhttps3A2F2Fk2-prod-radio-itatiaia.s3.us-east-1.amazonaws.com2Fbrightspot2Fe82F982Fe34337.webp\",\"contentUrl\":\"https:\\\/\\\/oficialnoticias.com\\\/wp-content\\\/uploads\\\/2026\\\/03\\\/urlhttps3A2F2Fk2-prod-radio-itatiaia.s3.us-east-1.amazonaws.com2Fbrightspot2Fe82F982Fe34337.webp\",\"width\":1200,\"height\":630},{\"@type\":\"BreadcrumbList\",\"@id\":\"https:\\\/\\\/oficialnoticias.com\\\/?p=32404#breadcrumb\",\"itemListElement\":[{\"@type\":\"ListItem\",\"position\":1,\"name\":\"In\u00edcio\",\"item\":\"https:\\\/\\\/oficialnoticias.com\\\/\"},{\"@type\":\"ListItem\",\"position\":2,\"name\":\"Pesquisadores criam ferramenta de IA para detectar dor em beb\u00eas internados em UTI\"}]},{\"@type\":\"WebSite\",\"@id\":\"https:\\\/\\\/oficialnoticias.com\\\/#website\",\"url\":\"https:\\\/\\\/oficialnoticias.com\\\/\",\"name\":\"oficial Noticias\",\"description\":\"\",\"publisher\":{\"@id\":\"https:\\\/\\\/oficialnoticias.com\\\/#organization\"},\"potentialAction\":[{\"@type\":\"SearchAction\",\"target\":{\"@type\":\"EntryPoint\",\"urlTemplate\":\"https:\\\/\\\/oficialnoticias.com\\\/?s={search_term_string}\"},\"query-input\":{\"@type\":\"PropertyValueSpecification\",\"valueRequired\":true,\"valueName\":\"search_term_string\"}}],\"inLanguage\":\"pt-BR\"},{\"@type\":\"Organization\",\"@id\":\"https:\\\/\\\/oficialnoticias.com\\\/#organization\",\"name\":\"oficial noticias\",\"url\":\"https:\\\/\\\/oficialnoticias.com\\\/\",\"logo\":{\"@type\":\"ImageObject\",\"inLanguage\":\"pt-BR\",\"@id\":\"https:\\\/\\\/oficialnoticias.com\\\/#\\\/schema\\\/logo\\\/image\\\/\",\"url\":\"https:\\\/\\\/oficialnoticias.com\\\/wp-content\\\/uploads\\\/2025\\\/08\\\/cropped-cropped-cropped-Logo-Noticias-e1753639739829.png\",\"contentUrl\":\"https:\\\/\\\/oficialnoticias.com\\\/wp-content\\\/uploads\\\/2025\\\/08\\\/cropped-cropped-cropped-Logo-Noticias-e1753639739829.png\",\"width\":119,\"height\":86,\"caption\":\"oficial noticias\"},\"image\":{\"@id\":\"https:\\\/\\\/oficialnoticias.com\\\/#\\\/schema\\\/logo\\\/image\\\/\"}},{\"@type\":\"Person\",\"@id\":\"https:\\\/\\\/oficialnoticias.com\\\/#\\\/schema\\\/person\\\/2d1dcbb6bfbc28d68171b4dc04723d4a\",\"name\":\"Luana Gon\u00e7alves\",\"image\":{\"@type\":\"ImageObject\",\"inLanguage\":\"pt-BR\",\"@id\":\"https:\\\/\\\/secure.gravatar.com\\\/avatar\\\/7aa6afdef873224c1a0265951f3fdfc0679f65dfbd15f018612595d323c52521?s=96&d=mm&r=g\",\"url\":\"https:\\\/\\\/secure.gravatar.com\\\/avatar\\\/7aa6afdef873224c1a0265951f3fdfc0679f65dfbd15f018612595d323c52521?s=96&d=mm&r=g\",\"contentUrl\":\"https:\\\/\\\/secure.gravatar.com\\\/avatar\\\/7aa6afdef873224c1a0265951f3fdfc0679f65dfbd15f018612595d323c52521?s=96&d=mm&r=g\",\"caption\":\"Luana Gon\u00e7alves\"},\"sameAs\":[\"https:\\\/\\\/oficialnoticias.com\\\/\"],\"url\":\"https:\\\/\\\/oficialnoticias.com\\\/?author=2\"}]}<\/script>\n<!-- \/ Yoast SEO plugin. -->","yoast_head_json":{"title":"Pesquisadores criam ferramenta de IA para detectar dor em beb\u00eas internados em UTI -","robots":{"index":"index","follow":"follow","max-snippet":"max-snippet:-1","max-image-preview":"max-image-preview:large","max-video-preview":"max-video-preview:-1"},"canonical":"https:\/\/oficialnoticias.com\/?p=32404","og_locale":"pt_BR","og_type":"article","og_title":"Pesquisadores criam ferramenta de IA para detectar dor em beb\u00eas internados em UTI -","og_description":"Pesquisadores do Centro Universit\u00e1rio FEI e da Universidade Federal de S\u00e3o Paulo (Unifesp) desenvolveram uma ferramenta de intelig\u00eancia artificial capaz de identificar o n\u00edvel de dor em rec\u00e9m-nascidos internados em Unidades de Terapia Intensiva (UTIs) neonatais. A tecnologia utiliza modelos multimodais que combinam linguagem e vis\u00e3o para analisar express\u00f5es faciais dos beb\u00eas e auxiliar na...","og_url":"https:\/\/oficialnoticias.com\/?p=32404","article_published_time":"2026-03-14T11:07:09+00:00","article_modified_time":"2026-03-14T11:07:10+00:00","og_image":[{"width":1200,"height":630,"url":"https:\/\/oficialnoticias.com\/wp-content\/uploads\/2026\/03\/urlhttps3A2F2Fk2-prod-radio-itatiaia.s3.us-east-1.amazonaws.com2Fbrightspot2Fe82F982Fe34337.webp","type":"image\/webp"}],"author":"Luana Gon\u00e7alves","twitter_card":"summary_large_image","twitter_misc":{"Escrito por":"Luana Gon\u00e7alves","Est. tempo de leitura":"3 minutos"},"schema":{"@context":"https:\/\/schema.org","@graph":[{"@type":"Article","@id":"https:\/\/oficialnoticias.com\/?p=32404#article","isPartOf":{"@id":"https:\/\/oficialnoticias.com\/?p=32404"},"author":{"name":"Luana Gon\u00e7alves","@id":"https:\/\/oficialnoticias.com\/#\/schema\/person\/2d1dcbb6bfbc28d68171b4dc04723d4a"},"headline":"Pesquisadores criam ferramenta de IA para detectar dor em beb\u00eas internados em UTI","datePublished":"2026-03-14T11:07:09+00:00","dateModified":"2026-03-14T11:07:10+00:00","mainEntityOfPage":{"@id":"https:\/\/oficialnoticias.com\/?p=32404"},"wordCount":554,"commentCount":0,"publisher":{"@id":"https:\/\/oficialnoticias.com\/#organization"},"image":{"@id":"https:\/\/oficialnoticias.com\/?p=32404#primaryimage"},"thumbnailUrl":"https:\/\/oficialnoticias.com\/wp-content\/uploads\/2026\/03\/urlhttps3A2F2Fk2-prod-radio-itatiaia.s3.us-east-1.amazonaws.com2Fbrightspot2Fe82F982Fe34337.webp","articleSection":["Sa\u00fade"],"inLanguage":"pt-BR","potentialAction":[{"@type":"CommentAction","name":"Comment","target":["https:\/\/oficialnoticias.com\/?p=32404#respond"]}]},{"@type":"WebPage","@id":"https:\/\/oficialnoticias.com\/?p=32404","url":"https:\/\/oficialnoticias.com\/?p=32404","name":"Pesquisadores criam ferramenta de IA para detectar dor em beb\u00eas internados em UTI -","isPartOf":{"@id":"https:\/\/oficialnoticias.com\/#website"},"primaryImageOfPage":{"@id":"https:\/\/oficialnoticias.com\/?p=32404#primaryimage"},"image":{"@id":"https:\/\/oficialnoticias.com\/?p=32404#primaryimage"},"thumbnailUrl":"https:\/\/oficialnoticias.com\/wp-content\/uploads\/2026\/03\/urlhttps3A2F2Fk2-prod-radio-itatiaia.s3.us-east-1.amazonaws.com2Fbrightspot2Fe82F982Fe34337.webp","datePublished":"2026-03-14T11:07:09+00:00","dateModified":"2026-03-14T11:07:10+00:00","breadcrumb":{"@id":"https:\/\/oficialnoticias.com\/?p=32404#breadcrumb"},"inLanguage":"pt-BR","potentialAction":[{"@type":"ReadAction","target":["https:\/\/oficialnoticias.com\/?p=32404"]}]},{"@type":"ImageObject","inLanguage":"pt-BR","@id":"https:\/\/oficialnoticias.com\/?p=32404#primaryimage","url":"https:\/\/oficialnoticias.com\/wp-content\/uploads\/2026\/03\/urlhttps3A2F2Fk2-prod-radio-itatiaia.s3.us-east-1.amazonaws.com2Fbrightspot2Fe82F982Fe34337.webp","contentUrl":"https:\/\/oficialnoticias.com\/wp-content\/uploads\/2026\/03\/urlhttps3A2F2Fk2-prod-radio-itatiaia.s3.us-east-1.amazonaws.com2Fbrightspot2Fe82F982Fe34337.webp","width":1200,"height":630},{"@type":"BreadcrumbList","@id":"https:\/\/oficialnoticias.com\/?p=32404#breadcrumb","itemListElement":[{"@type":"ListItem","position":1,"name":"In\u00edcio","item":"https:\/\/oficialnoticias.com\/"},{"@type":"ListItem","position":2,"name":"Pesquisadores criam ferramenta de IA para detectar dor em beb\u00eas internados em UTI"}]},{"@type":"WebSite","@id":"https:\/\/oficialnoticias.com\/#website","url":"https:\/\/oficialnoticias.com\/","name":"oficial Noticias","description":"","publisher":{"@id":"https:\/\/oficialnoticias.com\/#organization"},"potentialAction":[{"@type":"SearchAction","target":{"@type":"EntryPoint","urlTemplate":"https:\/\/oficialnoticias.com\/?s={search_term_string}"},"query-input":{"@type":"PropertyValueSpecification","valueRequired":true,"valueName":"search_term_string"}}],"inLanguage":"pt-BR"},{"@type":"Organization","@id":"https:\/\/oficialnoticias.com\/#organization","name":"oficial noticias","url":"https:\/\/oficialnoticias.com\/","logo":{"@type":"ImageObject","inLanguage":"pt-BR","@id":"https:\/\/oficialnoticias.com\/#\/schema\/logo\/image\/","url":"https:\/\/oficialnoticias.com\/wp-content\/uploads\/2025\/08\/cropped-cropped-cropped-Logo-Noticias-e1753639739829.png","contentUrl":"https:\/\/oficialnoticias.com\/wp-content\/uploads\/2025\/08\/cropped-cropped-cropped-Logo-Noticias-e1753639739829.png","width":119,"height":86,"caption":"oficial noticias"},"image":{"@id":"https:\/\/oficialnoticias.com\/#\/schema\/logo\/image\/"}},{"@type":"Person","@id":"https:\/\/oficialnoticias.com\/#\/schema\/person\/2d1dcbb6bfbc28d68171b4dc04723d4a","name":"Luana Gon\u00e7alves","image":{"@type":"ImageObject","inLanguage":"pt-BR","@id":"https:\/\/secure.gravatar.com\/avatar\/7aa6afdef873224c1a0265951f3fdfc0679f65dfbd15f018612595d323c52521?s=96&d=mm&r=g","url":"https:\/\/secure.gravatar.com\/avatar\/7aa6afdef873224c1a0265951f3fdfc0679f65dfbd15f018612595d323c52521?s=96&d=mm&r=g","contentUrl":"https:\/\/secure.gravatar.com\/avatar\/7aa6afdef873224c1a0265951f3fdfc0679f65dfbd15f018612595d323c52521?s=96&d=mm&r=g","caption":"Luana Gon\u00e7alves"},"sameAs":["https:\/\/oficialnoticias.com\/"],"url":"https:\/\/oficialnoticias.com\/?author=2"}]}},"_links":{"self":[{"href":"https:\/\/oficialnoticias.com\/index.php?rest_route=\/wp\/v2\/posts\/32404","targetHints":{"allow":["GET"]}}],"collection":[{"href":"https:\/\/oficialnoticias.com\/index.php?rest_route=\/wp\/v2\/posts"}],"about":[{"href":"https:\/\/oficialnoticias.com\/index.php?rest_route=\/wp\/v2\/types\/post"}],"author":[{"embeddable":true,"href":"https:\/\/oficialnoticias.com\/index.php?rest_route=\/wp\/v2\/users\/2"}],"replies":[{"embeddable":true,"href":"https:\/\/oficialnoticias.com\/index.php?rest_route=%2Fwp%2Fv2%2Fcomments&post=32404"}],"version-history":[{"count":1,"href":"https:\/\/oficialnoticias.com\/index.php?rest_route=\/wp\/v2\/posts\/32404\/revisions"}],"predecessor-version":[{"id":32406,"href":"https:\/\/oficialnoticias.com\/index.php?rest_route=\/wp\/v2\/posts\/32404\/revisions\/32406"}],"wp:featuredmedia":[{"embeddable":true,"href":"https:\/\/oficialnoticias.com\/index.php?rest_route=\/wp\/v2\/media\/32405"}],"wp:attachment":[{"href":"https:\/\/oficialnoticias.com\/index.php?rest_route=%2Fwp%2Fv2%2Fmedia&parent=32404"}],"wp:term":[{"taxonomy":"category","embeddable":true,"href":"https:\/\/oficialnoticias.com\/index.php?rest_route=%2Fwp%2Fv2%2Fcategories&post=32404"},{"taxonomy":"post_tag","embeddable":true,"href":"https:\/\/oficialnoticias.com\/index.php?rest_route=%2Fwp%2Fv2%2Ftags&post=32404"}],"curies":[{"name":"wp","href":"https:\/\/api.w.org\/{rel}","templated":true}]}}