{"id":32392,"date":"2026-03-13T21:24:11","date_gmt":"2026-03-14T00:24:11","guid":{"rendered":"https:\/\/oficialnoticias.com\/?p=32392"},"modified":"2026-03-13T21:24:14","modified_gmt":"2026-03-14T00:24:14","slug":"governo-eleva-projecao-de-inflacao-para-2026-com-alta-do-petroleo","status":"publish","type":"post","link":"https:\/\/oficialnoticias.com\/?p=32392","title":{"rendered":"Governo eleva proje\u00e7\u00e3o de infla\u00e7\u00e3o para 2026 com alta do petr\u00f3leo"},"content":{"rendered":"<p><\/p>\n<div>\n<p>A Secretaria de Pol\u00edtica Econ\u00f4mica (SPE) do <bsp-link-enhancement><br \/>\n    <span class=\"LinkEnhancement\"><a class=\"Link\" href=\"https:\/\/www.itatiaia.com.br\/economia\/governo-pede-repasse-de-reducao-no-preco-do-diesel-ao-consumidor\" title=\"&lt;b&gt;Minist\u00e9rio da Fazenda&lt;\/b&gt;\"><b>Minist\u00e9rio da Fazenda<\/b><\/a><\/span><\/bsp-link-enhancement> revisou para cima a previs\u00e3o para o \u00cdndice Nacional de Pre\u00e7os ao Consumidor Amplo (IPCA) nesta sexta-feira (13), de 3,6% para 3,7%. A atualiza\u00e7\u00e3o ocorreu em maio a disparada do pre\u00e7o do petr\u00f3leo, com o barril ultrapassando os US$ 100 em raz\u00e3o da guerra no Oriente M\u00e9dio.<\/p>\n<p>\u201cO impacto estimado para uma alta de cerca de 1% no pre\u00e7o do petr\u00f3leo na infla\u00e7\u00e3o medida pelo IPCA foi de 0,02 ponto percentual, considerando nessa estimativa uma alta dos pre\u00e7os na refinaria de gasolina e diesel e um repasse de cerca de 20% a 30% dos pre\u00e7os da distribuidora para os pre\u00e7os de comercializa\u00e7\u00e3o final\u201d, disse o relat\u00f3rio da SPE.<\/p>\n<p>Em contrapartida, a SPE destacou que a aprecia\u00e7\u00e3o do real frente ao d\u00f3lar pode contribuir para uma redu\u00e7\u00e3o de 0,06 ponto percentual (p.p) para cada 1% de valoriza\u00e7\u00e3o da moeda nacional. \u201cEssas mudan\u00e7as levaram a uma alta de 0,1 ponto percentual na infla\u00e7\u00e3o medida pelo IPCA no ano, j\u00e1 incorporando o resultado do IPCA-15 de fevereiro\u201d, destacou a pasta.<\/p>\n<p>A alta no pre\u00e7o do petr\u00f3leo pode causar uma disparada no pre\u00e7o dos combust\u00edveis e outros derivados, causando um impacto generalizado nos custos de diversas cadeias produtivas. Segundo o economista Andr\u00e9 Braz, coordenador de \u00edndices de pre\u00e7os do Instituto Brasileiro de Economia da Funda\u00e7\u00e3o Get\u00falio Vargas (FGV-Ibre), os<bsp-link-enhancement><br \/>\n    <span class=\"LinkEnhancement\"><a class=\"Link\" href=\"https:\/\/www.itatiaia.com.br\/economia\/petrobras-anuncia-aumento-de-preco-do-diesel-um-dia-apos-governo-zerar-pis-cofins\" title=\" &lt;b&gt;impactos do petr\u00f3leo podem ser grandes.&lt;\/b&gt;\"> <b>impactos do petr\u00f3leo podem ser grandes.<\/b><\/a><\/span><\/bsp-link-enhancement><\/p>\n<p>\u201cO petr\u00f3leo influencia o pre\u00e7o dos combust\u00edveis, que \u00e9 a porta de entrada da infla\u00e7\u00e3o. Mas o espalhamento das press\u00f5es inflacion\u00e1rias v\u00e3o muito al\u00e9m do que a gente percebe em um poss\u00edvel encarecimento do diesel e da gasolina\u201d, explicou em entrevista \u00e0 Itatiaia.<\/p>\n<p>De acordo com um relat\u00f3rio dos analistas Andr\u00e9 Val\u00e9rio e Gustavo Menezes, do Banco Inter, o aumento do <bsp-link-enhancement><br \/>\n    <span class=\"LinkEnhancement\"><a class=\"Link\" href=\"https:\/\/www.itatiaia.com.br\/economia\/investimentos\/dolar-dispara-e-atinge-r-5-24-com-aversao-ao-risco-por-guerra-no-oriente-medio\" title=\"&lt;b&gt;pre\u00e7o do petr\u00f3leo pode valorizar o real&lt;\/b&gt;\"><b>pre\u00e7o do petr\u00f3leo pode valorizar o real<\/b><\/a><\/span><\/bsp-link-enhancement>, uma vez que o pa\u00eds \u00e9 um dos maiores produtores da commodity no mundo. Por outro lado, o aumento traz preocupa\u00e7\u00f5es relacionadas ao custo de vida.<\/p>\n<p>\u201cA gasolina \u00e9 o item com maior peso individual no IPCA, respondendo por cerca de 5% do \u00edndice. Portanto, para cada 1% de alta no pre\u00e7o da gasolina nas bombas dos postos de combust\u00edveis, o IPCA aumenta em 0,05 pontos percentuais\u201d, ressaltam.<\/p>\n<p><bsp-list-loadmore class=\"PageListStandardG\" data-module=\"\" data-show-loadmore=\"true\" data-list-title-size=\"3\" data-list-description-size=\"3\"><\/p>\n<p>    <a class=\"AnchorLink\" title=\"leia-tambem\" name=\"leia-tambem\"\/><\/p>\n<p><\/bsp-list-loadmore><\/p><\/div>\n<p><script>\n  window.fbAsyncInit = function() {\n      FB.init({\n              appId : '1447052969554341',\n          xfbml : true,\n          version : 'v2.9'\n      });\n  };\n  (function(d, s, id){\n     var js, fjs = d.getElementsByTagName(s)[0];\n     if (d.getElementById(id)) {return;}\n     js = d.createElement(s); js.id = id;\n     js.src = \"https:\/\/connect.facebook.net\/en_US\/sdk.js\";\n     fjs.parentNode.insertBefore(js, fjs);\n   }(document, 'script', 'facebook-jssdk'));\n<\/script><\/p>\n","protected":false},"excerpt":{"rendered":"<p>A Secretaria de Pol\u00edtica Econ\u00f4mica (SPE) do Minist\u00e9rio da Fazenda revisou para cima a previs\u00e3o para o \u00cdndice Nacional de Pre\u00e7os ao Consumidor Amplo (IPCA) nesta sexta-feira (13), de 3,6% para 3,7%. A atualiza\u00e7\u00e3o ocorreu em maio a disparada do pre\u00e7o do petr\u00f3leo, com o barril ultrapassando os US$ 100 em raz\u00e3o da guerra no&#8230;<\/p>\n","protected":false},"author":2,"featured_media":32393,"comment_status":"open","ping_status":"open","sticky":false,"template":"","format":"standard","meta":{"footnotes":""},"categories":[25],"tags":[],"class_list":["post-32392","post","type-post","status-publish","format-standard","has-post-thumbnail","hentry","category-economia"],"yoast_head":"<!-- This site is optimized with the Yoast SEO plugin v27.3 - https:\/\/yoast.com\/product\/yoast-seo-wordpress\/ -->\n<title>Governo eleva proje\u00e7\u00e3o de infla\u00e7\u00e3o para 2026 com alta do petr\u00f3leo -<\/title>\n<meta name=\"robots\" content=\"index, follow, max-snippet:-1, max-image-preview:large, max-video-preview:-1\" \/>\n<link rel=\"canonical\" href=\"https:\/\/oficialnoticias.com\/?p=32392\" \/>\n<meta property=\"og:locale\" content=\"pt_BR\" \/>\n<meta property=\"og:type\" content=\"article\" \/>\n<meta property=\"og:title\" content=\"Governo eleva proje\u00e7\u00e3o de infla\u00e7\u00e3o para 2026 com alta do petr\u00f3leo -\" \/>\n<meta property=\"og:description\" content=\"A Secretaria de Pol\u00edtica Econ\u00f4mica (SPE) do Minist\u00e9rio da Fazenda revisou para cima a previs\u00e3o para o \u00cdndice Nacional de Pre\u00e7os ao Consumidor Amplo (IPCA) nesta sexta-feira (13), de 3,6% para 3,7%. A atualiza\u00e7\u00e3o ocorreu em maio a disparada do pre\u00e7o do petr\u00f3leo, com o barril ultrapassando os US$ 100 em raz\u00e3o da guerra no...\" \/>\n<meta property=\"og:url\" content=\"https:\/\/oficialnoticias.com\/?p=32392\" \/>\n<meta property=\"article:published_time\" content=\"2026-03-14T00:24:11+00:00\" \/>\n<meta property=\"article:modified_time\" content=\"2026-03-14T00:24:14+00:00\" \/>\n<meta property=\"og:image\" content=\"https:\/\/oficialnoticias.com\/wp-content\/uploads\/2026\/03\/urlhttps3A2F2Fk2-prod-radio-itatiaia.s3.us-east-1.amazonaws.com2Fbrightspot2F552Fcc2F543c13.webp\" \/>\n\t<meta property=\"og:image:width\" content=\"1200\" \/>\n\t<meta property=\"og:image:height\" content=\"630\" \/>\n\t<meta property=\"og:image:type\" content=\"image\/webp\" \/>\n<meta name=\"author\" content=\"Luana Gon\u00e7alves\" \/>\n<meta name=\"twitter:card\" content=\"summary_large_image\" \/>\n<meta name=\"twitter:label1\" content=\"Escrito por\" \/>\n\t<meta name=\"twitter:data1\" content=\"Luana Gon\u00e7alves\" \/>\n\t<meta name=\"twitter:label2\" content=\"Est. tempo de leitura\" \/>\n\t<meta name=\"twitter:data2\" content=\"2 minutos\" \/>\n<script type=\"application\/ld+json\" class=\"yoast-schema-graph\">{\"@context\":\"https:\\\/\\\/schema.org\",\"@graph\":[{\"@type\":\"Article\",\"@id\":\"https:\\\/\\\/oficialnoticias.com\\\/?p=32392#article\",\"isPartOf\":{\"@id\":\"https:\\\/\\\/oficialnoticias.com\\\/?p=32392\"},\"author\":{\"name\":\"Luana Gon\u00e7alves\",\"@id\":\"https:\\\/\\\/oficialnoticias.com\\\/#\\\/schema\\\/person\\\/2d1dcbb6bfbc28d68171b4dc04723d4a\"},\"headline\":\"Governo eleva proje\u00e7\u00e3o de infla\u00e7\u00e3o para 2026 com alta do petr\u00f3leo\",\"datePublished\":\"2026-03-14T00:24:11+00:00\",\"dateModified\":\"2026-03-14T00:24:14+00:00\",\"mainEntityOfPage\":{\"@id\":\"https:\\\/\\\/oficialnoticias.com\\\/?p=32392\"},\"wordCount\":412,\"commentCount\":0,\"publisher\":{\"@id\":\"https:\\\/\\\/oficialnoticias.com\\\/#organization\"},\"image\":{\"@id\":\"https:\\\/\\\/oficialnoticias.com\\\/?p=32392#primaryimage\"},\"thumbnailUrl\":\"https:\\\/\\\/oficialnoticias.com\\\/wp-content\\\/uploads\\\/2026\\\/03\\\/urlhttps3A2F2Fk2-prod-radio-itatiaia.s3.us-east-1.amazonaws.com2Fbrightspot2F552Fcc2F543c13.webp\",\"articleSection\":[\"Economia\"],\"inLanguage\":\"pt-BR\",\"potentialAction\":[{\"@type\":\"CommentAction\",\"name\":\"Comment\",\"target\":[\"https:\\\/\\\/oficialnoticias.com\\\/?p=32392#respond\"]}]},{\"@type\":\"WebPage\",\"@id\":\"https:\\\/\\\/oficialnoticias.com\\\/?p=32392\",\"url\":\"https:\\\/\\\/oficialnoticias.com\\\/?p=32392\",\"name\":\"Governo eleva proje\u00e7\u00e3o de infla\u00e7\u00e3o para 2026 com alta do petr\u00f3leo -\",\"isPartOf\":{\"@id\":\"https:\\\/\\\/oficialnoticias.com\\\/#website\"},\"primaryImageOfPage\":{\"@id\":\"https:\\\/\\\/oficialnoticias.com\\\/?p=32392#primaryimage\"},\"image\":{\"@id\":\"https:\\\/\\\/oficialnoticias.com\\\/?p=32392#primaryimage\"},\"thumbnailUrl\":\"https:\\\/\\\/oficialnoticias.com\\\/wp-content\\\/uploads\\\/2026\\\/03\\\/urlhttps3A2F2Fk2-prod-radio-itatiaia.s3.us-east-1.amazonaws.com2Fbrightspot2F552Fcc2F543c13.webp\",\"datePublished\":\"2026-03-14T00:24:11+00:00\",\"dateModified\":\"2026-03-14T00:24:14+00:00\",\"breadcrumb\":{\"@id\":\"https:\\\/\\\/oficialnoticias.com\\\/?p=32392#breadcrumb\"},\"inLanguage\":\"pt-BR\",\"potentialAction\":[{\"@type\":\"ReadAction\",\"target\":[\"https:\\\/\\\/oficialnoticias.com\\\/?p=32392\"]}]},{\"@type\":\"ImageObject\",\"inLanguage\":\"pt-BR\",\"@id\":\"https:\\\/\\\/oficialnoticias.com\\\/?p=32392#primaryimage\",\"url\":\"https:\\\/\\\/oficialnoticias.com\\\/wp-content\\\/uploads\\\/2026\\\/03\\\/urlhttps3A2F2Fk2-prod-radio-itatiaia.s3.us-east-1.amazonaws.com2Fbrightspot2F552Fcc2F543c13.webp\",\"contentUrl\":\"https:\\\/\\\/oficialnoticias.com\\\/wp-content\\\/uploads\\\/2026\\\/03\\\/urlhttps3A2F2Fk2-prod-radio-itatiaia.s3.us-east-1.amazonaws.com2Fbrightspot2F552Fcc2F543c13.webp\",\"width\":1200,\"height\":630},{\"@type\":\"BreadcrumbList\",\"@id\":\"https:\\\/\\\/oficialnoticias.com\\\/?p=32392#breadcrumb\",\"itemListElement\":[{\"@type\":\"ListItem\",\"position\":1,\"name\":\"In\u00edcio\",\"item\":\"https:\\\/\\\/oficialnoticias.com\\\/\"},{\"@type\":\"ListItem\",\"position\":2,\"name\":\"Governo eleva proje\u00e7\u00e3o de infla\u00e7\u00e3o para 2026 com alta do petr\u00f3leo\"}]},{\"@type\":\"WebSite\",\"@id\":\"https:\\\/\\\/oficialnoticias.com\\\/#website\",\"url\":\"https:\\\/\\\/oficialnoticias.com\\\/\",\"name\":\"oficial Noticias\",\"description\":\"\",\"publisher\":{\"@id\":\"https:\\\/\\\/oficialnoticias.com\\\/#organization\"},\"potentialAction\":[{\"@type\":\"SearchAction\",\"target\":{\"@type\":\"EntryPoint\",\"urlTemplate\":\"https:\\\/\\\/oficialnoticias.com\\\/?s={search_term_string}\"},\"query-input\":{\"@type\":\"PropertyValueSpecification\",\"valueRequired\":true,\"valueName\":\"search_term_string\"}}],\"inLanguage\":\"pt-BR\"},{\"@type\":\"Organization\",\"@id\":\"https:\\\/\\\/oficialnoticias.com\\\/#organization\",\"name\":\"oficial noticias\",\"url\":\"https:\\\/\\\/oficialnoticias.com\\\/\",\"logo\":{\"@type\":\"ImageObject\",\"inLanguage\":\"pt-BR\",\"@id\":\"https:\\\/\\\/oficialnoticias.com\\\/#\\\/schema\\\/logo\\\/image\\\/\",\"url\":\"https:\\\/\\\/oficialnoticias.com\\\/wp-content\\\/uploads\\\/2025\\\/08\\\/cropped-cropped-cropped-Logo-Noticias-e1753639739829.png\",\"contentUrl\":\"https:\\\/\\\/oficialnoticias.com\\\/wp-content\\\/uploads\\\/2025\\\/08\\\/cropped-cropped-cropped-Logo-Noticias-e1753639739829.png\",\"width\":119,\"height\":86,\"caption\":\"oficial noticias\"},\"image\":{\"@id\":\"https:\\\/\\\/oficialnoticias.com\\\/#\\\/schema\\\/logo\\\/image\\\/\"}},{\"@type\":\"Person\",\"@id\":\"https:\\\/\\\/oficialnoticias.com\\\/#\\\/schema\\\/person\\\/2d1dcbb6bfbc28d68171b4dc04723d4a\",\"name\":\"Luana Gon\u00e7alves\",\"image\":{\"@type\":\"ImageObject\",\"inLanguage\":\"pt-BR\",\"@id\":\"https:\\\/\\\/secure.gravatar.com\\\/avatar\\\/7aa6afdef873224c1a0265951f3fdfc0679f65dfbd15f018612595d323c52521?s=96&d=mm&r=g\",\"url\":\"https:\\\/\\\/secure.gravatar.com\\\/avatar\\\/7aa6afdef873224c1a0265951f3fdfc0679f65dfbd15f018612595d323c52521?s=96&d=mm&r=g\",\"contentUrl\":\"https:\\\/\\\/secure.gravatar.com\\\/avatar\\\/7aa6afdef873224c1a0265951f3fdfc0679f65dfbd15f018612595d323c52521?s=96&d=mm&r=g\",\"caption\":\"Luana Gon\u00e7alves\"},\"sameAs\":[\"https:\\\/\\\/oficialnoticias.com\\\/\"],\"url\":\"https:\\\/\\\/oficialnoticias.com\\\/?author=2\"}]}<\/script>\n<!-- \/ Yoast SEO plugin. -->","yoast_head_json":{"title":"Governo eleva proje\u00e7\u00e3o de infla\u00e7\u00e3o para 2026 com alta do petr\u00f3leo -","robots":{"index":"index","follow":"follow","max-snippet":"max-snippet:-1","max-image-preview":"max-image-preview:large","max-video-preview":"max-video-preview:-1"},"canonical":"https:\/\/oficialnoticias.com\/?p=32392","og_locale":"pt_BR","og_type":"article","og_title":"Governo eleva proje\u00e7\u00e3o de infla\u00e7\u00e3o para 2026 com alta do petr\u00f3leo -","og_description":"A Secretaria de Pol\u00edtica Econ\u00f4mica (SPE) do Minist\u00e9rio da Fazenda revisou para cima a previs\u00e3o para o \u00cdndice Nacional de Pre\u00e7os ao Consumidor Amplo (IPCA) nesta sexta-feira (13), de 3,6% para 3,7%. A atualiza\u00e7\u00e3o ocorreu em maio a disparada do pre\u00e7o do petr\u00f3leo, com o barril ultrapassando os US$ 100 em raz\u00e3o da guerra no...","og_url":"https:\/\/oficialnoticias.com\/?p=32392","article_published_time":"2026-03-14T00:24:11+00:00","article_modified_time":"2026-03-14T00:24:14+00:00","og_image":[{"width":1200,"height":630,"url":"https:\/\/oficialnoticias.com\/wp-content\/uploads\/2026\/03\/urlhttps3A2F2Fk2-prod-radio-itatiaia.s3.us-east-1.amazonaws.com2Fbrightspot2F552Fcc2F543c13.webp","type":"image\/webp"}],"author":"Luana Gon\u00e7alves","twitter_card":"summary_large_image","twitter_misc":{"Escrito por":"Luana Gon\u00e7alves","Est. tempo de leitura":"2 minutos"},"schema":{"@context":"https:\/\/schema.org","@graph":[{"@type":"Article","@id":"https:\/\/oficialnoticias.com\/?p=32392#article","isPartOf":{"@id":"https:\/\/oficialnoticias.com\/?p=32392"},"author":{"name":"Luana Gon\u00e7alves","@id":"https:\/\/oficialnoticias.com\/#\/schema\/person\/2d1dcbb6bfbc28d68171b4dc04723d4a"},"headline":"Governo eleva proje\u00e7\u00e3o de infla\u00e7\u00e3o para 2026 com alta do petr\u00f3leo","datePublished":"2026-03-14T00:24:11+00:00","dateModified":"2026-03-14T00:24:14+00:00","mainEntityOfPage":{"@id":"https:\/\/oficialnoticias.com\/?p=32392"},"wordCount":412,"commentCount":0,"publisher":{"@id":"https:\/\/oficialnoticias.com\/#organization"},"image":{"@id":"https:\/\/oficialnoticias.com\/?p=32392#primaryimage"},"thumbnailUrl":"https:\/\/oficialnoticias.com\/wp-content\/uploads\/2026\/03\/urlhttps3A2F2Fk2-prod-radio-itatiaia.s3.us-east-1.amazonaws.com2Fbrightspot2F552Fcc2F543c13.webp","articleSection":["Economia"],"inLanguage":"pt-BR","potentialAction":[{"@type":"CommentAction","name":"Comment","target":["https:\/\/oficialnoticias.com\/?p=32392#respond"]}]},{"@type":"WebPage","@id":"https:\/\/oficialnoticias.com\/?p=32392","url":"https:\/\/oficialnoticias.com\/?p=32392","name":"Governo eleva proje\u00e7\u00e3o de infla\u00e7\u00e3o para 2026 com alta do petr\u00f3leo -","isPartOf":{"@id":"https:\/\/oficialnoticias.com\/#website"},"primaryImageOfPage":{"@id":"https:\/\/oficialnoticias.com\/?p=32392#primaryimage"},"image":{"@id":"https:\/\/oficialnoticias.com\/?p=32392#primaryimage"},"thumbnailUrl":"https:\/\/oficialnoticias.com\/wp-content\/uploads\/2026\/03\/urlhttps3A2F2Fk2-prod-radio-itatiaia.s3.us-east-1.amazonaws.com2Fbrightspot2F552Fcc2F543c13.webp","datePublished":"2026-03-14T00:24:11+00:00","dateModified":"2026-03-14T00:24:14+00:00","breadcrumb":{"@id":"https:\/\/oficialnoticias.com\/?p=32392#breadcrumb"},"inLanguage":"pt-BR","potentialAction":[{"@type":"ReadAction","target":["https:\/\/oficialnoticias.com\/?p=32392"]}]},{"@type":"ImageObject","inLanguage":"pt-BR","@id":"https:\/\/oficialnoticias.com\/?p=32392#primaryimage","url":"https:\/\/oficialnoticias.com\/wp-content\/uploads\/2026\/03\/urlhttps3A2F2Fk2-prod-radio-itatiaia.s3.us-east-1.amazonaws.com2Fbrightspot2F552Fcc2F543c13.webp","contentUrl":"https:\/\/oficialnoticias.com\/wp-content\/uploads\/2026\/03\/urlhttps3A2F2Fk2-prod-radio-itatiaia.s3.us-east-1.amazonaws.com2Fbrightspot2F552Fcc2F543c13.webp","width":1200,"height":630},{"@type":"BreadcrumbList","@id":"https:\/\/oficialnoticias.com\/?p=32392#breadcrumb","itemListElement":[{"@type":"ListItem","position":1,"name":"In\u00edcio","item":"https:\/\/oficialnoticias.com\/"},{"@type":"ListItem","position":2,"name":"Governo eleva proje\u00e7\u00e3o de infla\u00e7\u00e3o para 2026 com alta do petr\u00f3leo"}]},{"@type":"WebSite","@id":"https:\/\/oficialnoticias.com\/#website","url":"https:\/\/oficialnoticias.com\/","name":"oficial Noticias","description":"","publisher":{"@id":"https:\/\/oficialnoticias.com\/#organization"},"potentialAction":[{"@type":"SearchAction","target":{"@type":"EntryPoint","urlTemplate":"https:\/\/oficialnoticias.com\/?s={search_term_string}"},"query-input":{"@type":"PropertyValueSpecification","valueRequired":true,"valueName":"search_term_string"}}],"inLanguage":"pt-BR"},{"@type":"Organization","@id":"https:\/\/oficialnoticias.com\/#organization","name":"oficial noticias","url":"https:\/\/oficialnoticias.com\/","logo":{"@type":"ImageObject","inLanguage":"pt-BR","@id":"https:\/\/oficialnoticias.com\/#\/schema\/logo\/image\/","url":"https:\/\/oficialnoticias.com\/wp-content\/uploads\/2025\/08\/cropped-cropped-cropped-Logo-Noticias-e1753639739829.png","contentUrl":"https:\/\/oficialnoticias.com\/wp-content\/uploads\/2025\/08\/cropped-cropped-cropped-Logo-Noticias-e1753639739829.png","width":119,"height":86,"caption":"oficial noticias"},"image":{"@id":"https:\/\/oficialnoticias.com\/#\/schema\/logo\/image\/"}},{"@type":"Person","@id":"https:\/\/oficialnoticias.com\/#\/schema\/person\/2d1dcbb6bfbc28d68171b4dc04723d4a","name":"Luana Gon\u00e7alves","image":{"@type":"ImageObject","inLanguage":"pt-BR","@id":"https:\/\/secure.gravatar.com\/avatar\/7aa6afdef873224c1a0265951f3fdfc0679f65dfbd15f018612595d323c52521?s=96&d=mm&r=g","url":"https:\/\/secure.gravatar.com\/avatar\/7aa6afdef873224c1a0265951f3fdfc0679f65dfbd15f018612595d323c52521?s=96&d=mm&r=g","contentUrl":"https:\/\/secure.gravatar.com\/avatar\/7aa6afdef873224c1a0265951f3fdfc0679f65dfbd15f018612595d323c52521?s=96&d=mm&r=g","caption":"Luana Gon\u00e7alves"},"sameAs":["https:\/\/oficialnoticias.com\/"],"url":"https:\/\/oficialnoticias.com\/?author=2"}]}},"_links":{"self":[{"href":"https:\/\/oficialnoticias.com\/index.php?rest_route=\/wp\/v2\/posts\/32392","targetHints":{"allow":["GET"]}}],"collection":[{"href":"https:\/\/oficialnoticias.com\/index.php?rest_route=\/wp\/v2\/posts"}],"about":[{"href":"https:\/\/oficialnoticias.com\/index.php?rest_route=\/wp\/v2\/types\/post"}],"author":[{"embeddable":true,"href":"https:\/\/oficialnoticias.com\/index.php?rest_route=\/wp\/v2\/users\/2"}],"replies":[{"embeddable":true,"href":"https:\/\/oficialnoticias.com\/index.php?rest_route=%2Fwp%2Fv2%2Fcomments&post=32392"}],"version-history":[{"count":1,"href":"https:\/\/oficialnoticias.com\/index.php?rest_route=\/wp\/v2\/posts\/32392\/revisions"}],"predecessor-version":[{"id":32394,"href":"https:\/\/oficialnoticias.com\/index.php?rest_route=\/wp\/v2\/posts\/32392\/revisions\/32394"}],"wp:featuredmedia":[{"embeddable":true,"href":"https:\/\/oficialnoticias.com\/index.php?rest_route=\/wp\/v2\/media\/32393"}],"wp:attachment":[{"href":"https:\/\/oficialnoticias.com\/index.php?rest_route=%2Fwp%2Fv2%2Fmedia&parent=32392"}],"wp:term":[{"taxonomy":"category","embeddable":true,"href":"https:\/\/oficialnoticias.com\/index.php?rest_route=%2Fwp%2Fv2%2Fcategories&post=32392"},{"taxonomy":"post_tag","embeddable":true,"href":"https:\/\/oficialnoticias.com\/index.php?rest_route=%2Fwp%2Fv2%2Ftags&post=32392"}],"curies":[{"name":"wp","href":"https:\/\/api.w.org\/{rel}","templated":true}]}}