{"id":32386,"date":"2026-03-13T20:23:33","date_gmt":"2026-03-13T23:23:33","guid":{"rendered":"https:\/\/oficialnoticias.com\/?p=32386"},"modified":"2026-03-13T20:23:34","modified_gmt":"2026-03-13T23:23:34","slug":"gestao-integrada-viabiliza-projetos-e-fortalece-a-articulacao-entre-setores","status":"publish","type":"post","link":"https:\/\/oficialnoticias.com\/?p=32386","title":{"rendered":"Gest\u00e3o integrada viabiliza projetos e fortalece a articula\u00e7\u00e3o entre setores"},"content":{"rendered":"<p><\/p>\n<div>\n<p>O desenvolvimento urbano \u00e9 moldado por diversos fatores que garantem a viabilidade das cidades. Nesse contexto, a gest\u00e3o integrada aparece como um pilar fundamental, baseada na uni\u00e3o de esfor\u00e7os e na articula\u00e7\u00e3o entre diferentes setores e n\u00edveis de governo.<\/p>\n<p>A coopera\u00e7\u00e3o entre as esferas federal, estadual e municipal impulsiona a transforma\u00e7\u00e3o dos servi\u00e7os p\u00fablicos, como a <bsp-link-enhancement><br \/>\n    <span class=\"LinkEnhancement\"><a class=\"Link\" href=\"https:\/\/www.itatiaia.com.br\/economia\/negocios\/eloos\/brasil-bate-recorde-de-investimento-em-infraestrutura-mas-enfrenta-desafios-de-continuidade\" title=\"moderniza\u00e7\u00e3o da infraestrutura\">moderniza\u00e7\u00e3o da infraestrutura<\/a><\/span><\/bsp-link-enhancement> que exige sincronia t\u00e9cnica e pol\u00edtica entre esses n\u00edveis administrativos. Embora cada um possua compet\u00eancias espec\u00edficas, o \u00eaxito das pol\u00edticas p\u00fablicas depende da coordena\u00e7\u00e3o dessas responsabilidades.<\/p>\n<p>O <b>diretor do Programa de Gest\u00e3o P\u00fablica da Funda\u00e7\u00e3o Dom Cabral (FDC), Paulo Guerra<\/b>, afirma que a gest\u00e3o deve se concentrar em tr\u00eas pilares centrais. \u201cEu preciso ter uma cidade que melhore a qualidade de vida das pessoas, n\u00e3o s\u00f3 agora, mas tamb\u00e9m no futuro, daqui a um m\u00eas, um ano, dez anos ou cem anos. Essa sustentabilidade acontece do ponto de vista temporal e se sustenta em tr\u00eas dimens\u00f5es: ambiental, social e econ\u00f4mica\u201d, afirma.<\/p>\n<div class=\"Enhancement\" data-align-center=\"\">\n<div class=\"Enhancement-item\">\n<p>                            <bsp-figure class=\"Figure\" id=\"image-1c0000\"><br \/>\n    <button class=\"containerImg\"><\/p>\n<p>    <a class=\"AnchorLink\" title=\"image-1c0000\" name=\"image-1c0000\"\/><\/p>\n<picture><source type=\"image\/webp\" width=\"1000\" height=\"563\" srcset=\"https:\/\/medias.itatiaia.com.br\/dims4\/default\/2339a23\/2147483647\/strip\/true\/crop\/1270x715+0+9\/resize\/568x320!\/format\/webp\/quality\/90\/?url=https%3A%2F%2Fk2-prod-radio-itatiaia.s3.us-east-1.amazonaws.com%2Fbrightspot%2Ff7%2F67%2Fe8291aed434cbdd595a3d030d0f6%2Fpaulo-guerra.jpeg 568w,https:\/\/medias.itatiaia.com.br\/dims4\/default\/b8f182e\/2147483647\/strip\/true\/crop\/1270x715+0+9\/resize\/768x432!\/format\/webp\/quality\/90\/?url=https%3A%2F%2Fk2-prod-radio-itatiaia.s3.us-east-1.amazonaws.com%2Fbrightspot%2Ff7%2F67%2Fe8291aed434cbdd595a3d030d0f6%2Fpaulo-guerra.jpeg 768w,https:\/\/medias.itatiaia.com.br\/dims4\/default\/47780ab\/2147483647\/strip\/true\/crop\/1270x715+0+9\/resize\/1000x563!\/format\/webp\/quality\/90\/?url=https%3A%2F%2Fk2-prod-radio-itatiaia.s3.us-east-1.amazonaws.com%2Fbrightspot%2Ff7%2F67%2Fe8291aed434cbdd595a3d030d0f6%2Fpaulo-guerra.jpeg 1000w\"\/><source width=\"1000\" height=\"563\" srcset=\"https:\/\/medias.itatiaia.com.br\/dims4\/default\/48c7087\/2147483647\/strip\/true\/crop\/1270x715+0+9\/resize\/1000x563!\/quality\/90\/?url=https%3A%2F%2Fk2-prod-radio-itatiaia.s3.us-east-1.amazonaws.com%2Fbrightspot%2Ff7%2F67%2Fe8291aed434cbdd595a3d030d0f6%2Fpaulo-guerra.jpeg\"\/><\/picture>\n<p>    <\/button><\/p>\n<div class=\"Figure-content\"><figcaption class=\"Figure-caption\">\n<p>Paulo Guerra, professor e diretor da Funda\u00e7\u00e3o Dom Cabral (FDC)<\/p>\n<\/figcaption><\/div>\n<p><\/bsp-figure><\/p><\/div>\n<\/p><\/div>\n<p>Al\u00e9m de modernizar os servi\u00e7os, o modelo de gest\u00e3o integrada tamb\u00e9m gera efeitos positivos na economia, ao atrair novos neg\u00f3cios e estimular a cria\u00e7\u00e3o de empregos em diferentes etapas da cadeia produtiva.<\/p>\n<p>Para o <b>vice-presidente da Federa\u00e7\u00e3o das Ind\u00fastrias do Estado de Minas Gerais (FIEMG), Emir Cadar<\/b>, a infraestrutura tem papel central na gera\u00e7\u00e3o de oportunidades. \u201c\u00c9 o setor que mais emprega diferentes classes sociais em sua cadeia. Muitas pessoas come\u00e7am como ajudantes de pedreiro ou auxiliares em obras e podem avan\u00e7ar para cargos de coordena\u00e7\u00e3o, gest\u00e3o, engenharia e at\u00e9 posi\u00e7\u00f5es executivas. N\u00e3o existe cidade, estado ou pa\u00eds com infraestrutura prec\u00e1ria e economia forte\u201d, afirma.<\/p>\n<div class=\"Enhancement\" data-align-center=\"\">\n<div class=\"Enhancement-item\">\n<p>                            <bsp-figure class=\"Figure\" id=\"image-8d0000\"><br \/>\n    <button class=\"containerImg\"><\/p>\n<p>    <a class=\"AnchorLink\" title=\"image-8d0000\" name=\"image-8d0000\"\/><\/p>\n<picture><source type=\"image\/webp\" width=\"1000\" height=\"563\" srcset=\"https:\/\/medias.itatiaia.com.br\/dims4\/default\/b8e85aa\/2147483647\/strip\/true\/crop\/1015x571+0+0\/resize\/568x320!\/format\/webp\/quality\/90\/?url=https%3A%2F%2Fk2-prod-radio-itatiaia.s3.us-east-1.amazonaws.com%2Fbrightspot%2F8f%2F49%2F1862dade4901b8e028d05ea6412c%2Femir-cadar.jpeg 568w,https:\/\/medias.itatiaia.com.br\/dims4\/default\/4fbb40a\/2147483647\/strip\/true\/crop\/1015x571+0+0\/resize\/768x432!\/format\/webp\/quality\/90\/?url=https%3A%2F%2Fk2-prod-radio-itatiaia.s3.us-east-1.amazonaws.com%2Fbrightspot%2F8f%2F49%2F1862dade4901b8e028d05ea6412c%2Femir-cadar.jpeg 768w,https:\/\/medias.itatiaia.com.br\/dims4\/default\/39f8467\/2147483647\/strip\/true\/crop\/1015x571+0+0\/resize\/1000x563!\/format\/webp\/quality\/90\/?url=https%3A%2F%2Fk2-prod-radio-itatiaia.s3.us-east-1.amazonaws.com%2Fbrightspot%2F8f%2F49%2F1862dade4901b8e028d05ea6412c%2Femir-cadar.jpeg 1000w\"\/><source width=\"1000\" height=\"563\" srcset=\"https:\/\/medias.itatiaia.com.br\/dims4\/default\/54248f7\/2147483647\/strip\/true\/crop\/1015x571+0+0\/resize\/1000x563!\/quality\/90\/?url=https%3A%2F%2Fk2-prod-radio-itatiaia.s3.us-east-1.amazonaws.com%2Fbrightspot%2F8f%2F49%2F1862dade4901b8e028d05ea6412c%2Femir-cadar.jpeg\"\/><img loading=\"lazy\" decoding=\"async\" class=\"Image\" alt=\"Emir Cadar, presidente da Federa\u00e7\u00e3o das Ind\u00fastrias de Minas Gerais (Fiemg) e presidente do Conselho de Infraestrutura da entidade\" width=\"1000\" height=\"563\" src=\"https:\/\/medias.itatiaia.com.br\/dims4\/default\/54248f7\/2147483647\/strip\/true\/crop\/1015x571+0+0\/resize\/1000x563!\/quality\/90\/?url=https%3A%2F%2Fk2-prod-radio-itatiaia.s3.us-east-1.amazonaws.com%2Fbrightspot%2F8f%2F49%2F1862dade4901b8e028d05ea6412c%2Femir-cadar.jpeg\" loading=\"lazy\"\/><\/p>\n<\/picture>\n<p>    <\/button><\/p>\n<div class=\"Figure-content\"><figcaption class=\"Figure-caption\">\n<p>Emir Cadar, presidente da Federa\u00e7\u00e3o das Ind\u00fastrias de Minas Gerais (Fiemg) e presidente do Conselho de Infraestrutura da entidade<\/p>\n<\/figcaption><\/div>\n<p><\/bsp-figure><\/p><\/div>\n<\/p><\/div>\n<p>Nesse contexto, as <bsp-link-enhancement><br \/>\n    <span class=\"LinkEnhancement\"><a class=\"Link\" href=\"https:\/\/www.itatiaia.com.br\/economia\/negocios\/eloos\/ppps-como-as-parcerias-com-a-iniciativa-privada-viabilizam-servicos-publicos-no-brasil\" title=\"Parcerias P\u00fablico-Privadas (PPPs)\">Parcerias P\u00fablico-Privadas (PPPs)<\/a><\/span><\/bsp-link-enhancement> e as concess\u00f5es surgem como instrumentos para viabilizar investimentos que o poder p\u00fablico n\u00e3o conseguiria realizar sozinho. <bsp-link-enhancement><br \/>\n    <span class=\"LinkEnhancement\"><a class=\"Link\" href=\"https:\/\/www.itatiaia.com.br\/economia\/negocios\/eloos\/conheca-as-diferencas-entre-concessoes-patrocinada-e-administrativa\" title=\"Nesses modelos, o governo delega a execu\u00e7\u00e3o dos servi\u00e7os \u00e0 iniciativa privada, mas mant\u00e9m a responsabilidade de fiscalizar,\">Nesses modelos, o governo delega a execu\u00e7\u00e3o dos servi\u00e7os \u00e0 iniciativa privada, mas mant\u00e9m a responsabilidade de fiscalizar,<\/a><\/span><\/bsp-link-enhancement> regular e monitorar a qualidade do que \u00e9 entregue \u00e0 popula\u00e7\u00e3o.<\/p>\n<p>O <b>professor da Funda\u00e7\u00e3o Dom Cabral (FDC), Gabriel Fajardo<\/b>, destaca que a participa\u00e7\u00e3o do setor privado n\u00e3o elimina o papel do Estado na supervis\u00e3o dos servi\u00e7os. \u201cA prefeitura n\u00e3o consegue atender sozinha todos os servi\u00e7os do dia a dia do cidad\u00e3o. Quando ela delega uma atividade \u00e0 iniciativa privada por meio de contrato, continua respons\u00e1vel por fiscalizar, monitorar, aplicar penalidades, regular e definir os par\u00e2metros para a presta\u00e7\u00e3o desse servi\u00e7o\u201d, explica.<\/p>\n<p><bsp-list-loadmore class=\"PageListStandardG\" data-module=\"\" data-show-loadmore=\"true\" data-list-title-size=\"3\" data-list-description-size=\"3\"><\/p>\n<p>    <a class=\"AnchorLink\" title=\"leia-tambem\" name=\"leia-tambem\"\/><\/p>\n<p><\/bsp-list-loadmore><\/p><\/div>\n<p><script>\n  window.fbAsyncInit = function() {\n      FB.init({\n              appId : '1447052969554341',\n          xfbml : true,\n          version : 'v2.9'\n      });\n  };\n  (function(d, s, id){\n     var js, fjs = d.getElementsByTagName(s)[0];\n     if (d.getElementById(id)) {return;}\n     js = d.createElement(s); js.id = id;\n     js.src = \"https:\/\/connect.facebook.net\/en_US\/sdk.js\";\n     fjs.parentNode.insertBefore(js, fjs);\n   }(document, 'script', 'facebook-jssdk'));\n<\/script><\/p>\n","protected":false},"excerpt":{"rendered":"<p>O desenvolvimento urbano \u00e9 moldado por diversos fatores que garantem a viabilidade das cidades. Nesse contexto, a gest\u00e3o integrada aparece como um pilar fundamental, baseada na uni\u00e3o de esfor\u00e7os e na articula\u00e7\u00e3o entre diferentes setores e n\u00edveis de governo. A coopera\u00e7\u00e3o entre as esferas federal, estadual e municipal impulsiona a transforma\u00e7\u00e3o dos servi\u00e7os p\u00fablicos, como&#8230;<\/p>\n","protected":false},"author":2,"featured_media":32387,"comment_status":"open","ping_status":"open","sticky":false,"template":"","format":"standard","meta":{"footnotes":""},"categories":[25],"tags":[],"class_list":["post-32386","post","type-post","status-publish","format-standard","has-post-thumbnail","hentry","category-economia"],"yoast_head":"<!-- This site is optimized with the Yoast SEO plugin v27.3 - https:\/\/yoast.com\/product\/yoast-seo-wordpress\/ -->\n<title>Gest\u00e3o integrada viabiliza projetos e fortalece a articula\u00e7\u00e3o entre setores -<\/title>\n<meta name=\"robots\" content=\"index, follow, max-snippet:-1, max-image-preview:large, max-video-preview:-1\" \/>\n<link rel=\"canonical\" href=\"https:\/\/oficialnoticias.com\/?p=32386\" \/>\n<meta property=\"og:locale\" content=\"pt_BR\" \/>\n<meta property=\"og:type\" content=\"article\" \/>\n<meta property=\"og:title\" content=\"Gest\u00e3o integrada viabiliza projetos e fortalece a articula\u00e7\u00e3o entre setores -\" \/>\n<meta property=\"og:description\" content=\"O desenvolvimento urbano \u00e9 moldado por diversos fatores que garantem a viabilidade das cidades. Nesse contexto, a gest\u00e3o integrada aparece como um pilar fundamental, baseada na uni\u00e3o de esfor\u00e7os e na articula\u00e7\u00e3o entre diferentes setores e n\u00edveis de governo. A coopera\u00e7\u00e3o entre as esferas federal, estadual e municipal impulsiona a transforma\u00e7\u00e3o dos servi\u00e7os p\u00fablicos, como...\" \/>\n<meta property=\"og:url\" content=\"https:\/\/oficialnoticias.com\/?p=32386\" \/>\n<meta property=\"article:published_time\" content=\"2026-03-13T23:23:33+00:00\" \/>\n<meta property=\"article:modified_time\" content=\"2026-03-13T23:23:34+00:00\" \/>\n<meta property=\"og:image\" content=\"https:\/\/oficialnoticias.com\/wp-content\/uploads\/2026\/03\/urlhttps3A2F2Fk2-prod-radio-itatiaia.s3.us-east-1.amazonaws.com2Fbrightspot2Fe02Fa22F5c6ce8.webp\" \/>\n\t<meta property=\"og:image:width\" content=\"1200\" \/>\n\t<meta property=\"og:image:height\" content=\"630\" \/>\n\t<meta property=\"og:image:type\" content=\"image\/webp\" \/>\n<meta name=\"author\" content=\"Luana Gon\u00e7alves\" \/>\n<meta name=\"twitter:card\" content=\"summary_large_image\" \/>\n<meta name=\"twitter:label1\" content=\"Escrito por\" \/>\n\t<meta name=\"twitter:data1\" content=\"Luana Gon\u00e7alves\" \/>\n\t<meta name=\"twitter:label2\" content=\"Est. tempo de leitura\" \/>\n\t<meta name=\"twitter:data2\" content=\"2 minutos\" \/>\n<script type=\"application\/ld+json\" class=\"yoast-schema-graph\">{\"@context\":\"https:\\\/\\\/schema.org\",\"@graph\":[{\"@type\":\"Article\",\"@id\":\"https:\\\/\\\/oficialnoticias.com\\\/?p=32386#article\",\"isPartOf\":{\"@id\":\"https:\\\/\\\/oficialnoticias.com\\\/?p=32386\"},\"author\":{\"name\":\"Luana Gon\u00e7alves\",\"@id\":\"https:\\\/\\\/oficialnoticias.com\\\/#\\\/schema\\\/person\\\/2d1dcbb6bfbc28d68171b4dc04723d4a\"},\"headline\":\"Gest\u00e3o integrada viabiliza projetos e fortalece a articula\u00e7\u00e3o entre setores\",\"datePublished\":\"2026-03-13T23:23:33+00:00\",\"dateModified\":\"2026-03-13T23:23:34+00:00\",\"mainEntityOfPage\":{\"@id\":\"https:\\\/\\\/oficialnoticias.com\\\/?p=32386\"},\"wordCount\":492,\"commentCount\":0,\"publisher\":{\"@id\":\"https:\\\/\\\/oficialnoticias.com\\\/#organization\"},\"image\":{\"@id\":\"https:\\\/\\\/oficialnoticias.com\\\/?p=32386#primaryimage\"},\"thumbnailUrl\":\"https:\\\/\\\/oficialnoticias.com\\\/wp-content\\\/uploads\\\/2026\\\/03\\\/urlhttps3A2F2Fk2-prod-radio-itatiaia.s3.us-east-1.amazonaws.com2Fbrightspot2Fe02Fa22F5c6ce8.webp\",\"articleSection\":[\"Economia\"],\"inLanguage\":\"pt-BR\",\"potentialAction\":[{\"@type\":\"CommentAction\",\"name\":\"Comment\",\"target\":[\"https:\\\/\\\/oficialnoticias.com\\\/?p=32386#respond\"]}]},{\"@type\":\"WebPage\",\"@id\":\"https:\\\/\\\/oficialnoticias.com\\\/?p=32386\",\"url\":\"https:\\\/\\\/oficialnoticias.com\\\/?p=32386\",\"name\":\"Gest\u00e3o integrada viabiliza projetos e fortalece a articula\u00e7\u00e3o entre setores -\",\"isPartOf\":{\"@id\":\"https:\\\/\\\/oficialnoticias.com\\\/#website\"},\"primaryImageOfPage\":{\"@id\":\"https:\\\/\\\/oficialnoticias.com\\\/?p=32386#primaryimage\"},\"image\":{\"@id\":\"https:\\\/\\\/oficialnoticias.com\\\/?p=32386#primaryimage\"},\"thumbnailUrl\":\"https:\\\/\\\/oficialnoticias.com\\\/wp-content\\\/uploads\\\/2026\\\/03\\\/urlhttps3A2F2Fk2-prod-radio-itatiaia.s3.us-east-1.amazonaws.com2Fbrightspot2Fe02Fa22F5c6ce8.webp\",\"datePublished\":\"2026-03-13T23:23:33+00:00\",\"dateModified\":\"2026-03-13T23:23:34+00:00\",\"breadcrumb\":{\"@id\":\"https:\\\/\\\/oficialnoticias.com\\\/?p=32386#breadcrumb\"},\"inLanguage\":\"pt-BR\",\"potentialAction\":[{\"@type\":\"ReadAction\",\"target\":[\"https:\\\/\\\/oficialnoticias.com\\\/?p=32386\"]}]},{\"@type\":\"ImageObject\",\"inLanguage\":\"pt-BR\",\"@id\":\"https:\\\/\\\/oficialnoticias.com\\\/?p=32386#primaryimage\",\"url\":\"https:\\\/\\\/oficialnoticias.com\\\/wp-content\\\/uploads\\\/2026\\\/03\\\/urlhttps3A2F2Fk2-prod-radio-itatiaia.s3.us-east-1.amazonaws.com2Fbrightspot2Fe02Fa22F5c6ce8.webp\",\"contentUrl\":\"https:\\\/\\\/oficialnoticias.com\\\/wp-content\\\/uploads\\\/2026\\\/03\\\/urlhttps3A2F2Fk2-prod-radio-itatiaia.s3.us-east-1.amazonaws.com2Fbrightspot2Fe02Fa22F5c6ce8.webp\",\"width\":1200,\"height\":630},{\"@type\":\"BreadcrumbList\",\"@id\":\"https:\\\/\\\/oficialnoticias.com\\\/?p=32386#breadcrumb\",\"itemListElement\":[{\"@type\":\"ListItem\",\"position\":1,\"name\":\"In\u00edcio\",\"item\":\"https:\\\/\\\/oficialnoticias.com\\\/\"},{\"@type\":\"ListItem\",\"position\":2,\"name\":\"Gest\u00e3o integrada viabiliza projetos e fortalece a articula\u00e7\u00e3o entre setores\"}]},{\"@type\":\"WebSite\",\"@id\":\"https:\\\/\\\/oficialnoticias.com\\\/#website\",\"url\":\"https:\\\/\\\/oficialnoticias.com\\\/\",\"name\":\"oficial Noticias\",\"description\":\"\",\"publisher\":{\"@id\":\"https:\\\/\\\/oficialnoticias.com\\\/#organization\"},\"potentialAction\":[{\"@type\":\"SearchAction\",\"target\":{\"@type\":\"EntryPoint\",\"urlTemplate\":\"https:\\\/\\\/oficialnoticias.com\\\/?s={search_term_string}\"},\"query-input\":{\"@type\":\"PropertyValueSpecification\",\"valueRequired\":true,\"valueName\":\"search_term_string\"}}],\"inLanguage\":\"pt-BR\"},{\"@type\":\"Organization\",\"@id\":\"https:\\\/\\\/oficialnoticias.com\\\/#organization\",\"name\":\"oficial noticias\",\"url\":\"https:\\\/\\\/oficialnoticias.com\\\/\",\"logo\":{\"@type\":\"ImageObject\",\"inLanguage\":\"pt-BR\",\"@id\":\"https:\\\/\\\/oficialnoticias.com\\\/#\\\/schema\\\/logo\\\/image\\\/\",\"url\":\"https:\\\/\\\/oficialnoticias.com\\\/wp-content\\\/uploads\\\/2025\\\/08\\\/cropped-cropped-cropped-Logo-Noticias-e1753639739829.png\",\"contentUrl\":\"https:\\\/\\\/oficialnoticias.com\\\/wp-content\\\/uploads\\\/2025\\\/08\\\/cropped-cropped-cropped-Logo-Noticias-e1753639739829.png\",\"width\":119,\"height\":86,\"caption\":\"oficial noticias\"},\"image\":{\"@id\":\"https:\\\/\\\/oficialnoticias.com\\\/#\\\/schema\\\/logo\\\/image\\\/\"}},{\"@type\":\"Person\",\"@id\":\"https:\\\/\\\/oficialnoticias.com\\\/#\\\/schema\\\/person\\\/2d1dcbb6bfbc28d68171b4dc04723d4a\",\"name\":\"Luana Gon\u00e7alves\",\"image\":{\"@type\":\"ImageObject\",\"inLanguage\":\"pt-BR\",\"@id\":\"https:\\\/\\\/secure.gravatar.com\\\/avatar\\\/7aa6afdef873224c1a0265951f3fdfc0679f65dfbd15f018612595d323c52521?s=96&d=mm&r=g\",\"url\":\"https:\\\/\\\/secure.gravatar.com\\\/avatar\\\/7aa6afdef873224c1a0265951f3fdfc0679f65dfbd15f018612595d323c52521?s=96&d=mm&r=g\",\"contentUrl\":\"https:\\\/\\\/secure.gravatar.com\\\/avatar\\\/7aa6afdef873224c1a0265951f3fdfc0679f65dfbd15f018612595d323c52521?s=96&d=mm&r=g\",\"caption\":\"Luana Gon\u00e7alves\"},\"sameAs\":[\"https:\\\/\\\/oficialnoticias.com\\\/\"],\"url\":\"https:\\\/\\\/oficialnoticias.com\\\/?author=2\"}]}<\/script>\n<!-- \/ Yoast SEO plugin. -->","yoast_head_json":{"title":"Gest\u00e3o integrada viabiliza projetos e fortalece a articula\u00e7\u00e3o entre setores -","robots":{"index":"index","follow":"follow","max-snippet":"max-snippet:-1","max-image-preview":"max-image-preview:large","max-video-preview":"max-video-preview:-1"},"canonical":"https:\/\/oficialnoticias.com\/?p=32386","og_locale":"pt_BR","og_type":"article","og_title":"Gest\u00e3o integrada viabiliza projetos e fortalece a articula\u00e7\u00e3o entre setores -","og_description":"O desenvolvimento urbano \u00e9 moldado por diversos fatores que garantem a viabilidade das cidades. Nesse contexto, a gest\u00e3o integrada aparece como um pilar fundamental, baseada na uni\u00e3o de esfor\u00e7os e na articula\u00e7\u00e3o entre diferentes setores e n\u00edveis de governo. A coopera\u00e7\u00e3o entre as esferas federal, estadual e municipal impulsiona a transforma\u00e7\u00e3o dos servi\u00e7os p\u00fablicos, como...","og_url":"https:\/\/oficialnoticias.com\/?p=32386","article_published_time":"2026-03-13T23:23:33+00:00","article_modified_time":"2026-03-13T23:23:34+00:00","og_image":[{"width":1200,"height":630,"url":"https:\/\/oficialnoticias.com\/wp-content\/uploads\/2026\/03\/urlhttps3A2F2Fk2-prod-radio-itatiaia.s3.us-east-1.amazonaws.com2Fbrightspot2Fe02Fa22F5c6ce8.webp","type":"image\/webp"}],"author":"Luana Gon\u00e7alves","twitter_card":"summary_large_image","twitter_misc":{"Escrito por":"Luana Gon\u00e7alves","Est. tempo de leitura":"2 minutos"},"schema":{"@context":"https:\/\/schema.org","@graph":[{"@type":"Article","@id":"https:\/\/oficialnoticias.com\/?p=32386#article","isPartOf":{"@id":"https:\/\/oficialnoticias.com\/?p=32386"},"author":{"name":"Luana Gon\u00e7alves","@id":"https:\/\/oficialnoticias.com\/#\/schema\/person\/2d1dcbb6bfbc28d68171b4dc04723d4a"},"headline":"Gest\u00e3o integrada viabiliza projetos e fortalece a articula\u00e7\u00e3o entre setores","datePublished":"2026-03-13T23:23:33+00:00","dateModified":"2026-03-13T23:23:34+00:00","mainEntityOfPage":{"@id":"https:\/\/oficialnoticias.com\/?p=32386"},"wordCount":492,"commentCount":0,"publisher":{"@id":"https:\/\/oficialnoticias.com\/#organization"},"image":{"@id":"https:\/\/oficialnoticias.com\/?p=32386#primaryimage"},"thumbnailUrl":"https:\/\/oficialnoticias.com\/wp-content\/uploads\/2026\/03\/urlhttps3A2F2Fk2-prod-radio-itatiaia.s3.us-east-1.amazonaws.com2Fbrightspot2Fe02Fa22F5c6ce8.webp","articleSection":["Economia"],"inLanguage":"pt-BR","potentialAction":[{"@type":"CommentAction","name":"Comment","target":["https:\/\/oficialnoticias.com\/?p=32386#respond"]}]},{"@type":"WebPage","@id":"https:\/\/oficialnoticias.com\/?p=32386","url":"https:\/\/oficialnoticias.com\/?p=32386","name":"Gest\u00e3o integrada viabiliza projetos e fortalece a articula\u00e7\u00e3o entre setores -","isPartOf":{"@id":"https:\/\/oficialnoticias.com\/#website"},"primaryImageOfPage":{"@id":"https:\/\/oficialnoticias.com\/?p=32386#primaryimage"},"image":{"@id":"https:\/\/oficialnoticias.com\/?p=32386#primaryimage"},"thumbnailUrl":"https:\/\/oficialnoticias.com\/wp-content\/uploads\/2026\/03\/urlhttps3A2F2Fk2-prod-radio-itatiaia.s3.us-east-1.amazonaws.com2Fbrightspot2Fe02Fa22F5c6ce8.webp","datePublished":"2026-03-13T23:23:33+00:00","dateModified":"2026-03-13T23:23:34+00:00","breadcrumb":{"@id":"https:\/\/oficialnoticias.com\/?p=32386#breadcrumb"},"inLanguage":"pt-BR","potentialAction":[{"@type":"ReadAction","target":["https:\/\/oficialnoticias.com\/?p=32386"]}]},{"@type":"ImageObject","inLanguage":"pt-BR","@id":"https:\/\/oficialnoticias.com\/?p=32386#primaryimage","url":"https:\/\/oficialnoticias.com\/wp-content\/uploads\/2026\/03\/urlhttps3A2F2Fk2-prod-radio-itatiaia.s3.us-east-1.amazonaws.com2Fbrightspot2Fe02Fa22F5c6ce8.webp","contentUrl":"https:\/\/oficialnoticias.com\/wp-content\/uploads\/2026\/03\/urlhttps3A2F2Fk2-prod-radio-itatiaia.s3.us-east-1.amazonaws.com2Fbrightspot2Fe02Fa22F5c6ce8.webp","width":1200,"height":630},{"@type":"BreadcrumbList","@id":"https:\/\/oficialnoticias.com\/?p=32386#breadcrumb","itemListElement":[{"@type":"ListItem","position":1,"name":"In\u00edcio","item":"https:\/\/oficialnoticias.com\/"},{"@type":"ListItem","position":2,"name":"Gest\u00e3o integrada viabiliza projetos e fortalece a articula\u00e7\u00e3o entre setores"}]},{"@type":"WebSite","@id":"https:\/\/oficialnoticias.com\/#website","url":"https:\/\/oficialnoticias.com\/","name":"oficial Noticias","description":"","publisher":{"@id":"https:\/\/oficialnoticias.com\/#organization"},"potentialAction":[{"@type":"SearchAction","target":{"@type":"EntryPoint","urlTemplate":"https:\/\/oficialnoticias.com\/?s={search_term_string}"},"query-input":{"@type":"PropertyValueSpecification","valueRequired":true,"valueName":"search_term_string"}}],"inLanguage":"pt-BR"},{"@type":"Organization","@id":"https:\/\/oficialnoticias.com\/#organization","name":"oficial noticias","url":"https:\/\/oficialnoticias.com\/","logo":{"@type":"ImageObject","inLanguage":"pt-BR","@id":"https:\/\/oficialnoticias.com\/#\/schema\/logo\/image\/","url":"https:\/\/oficialnoticias.com\/wp-content\/uploads\/2025\/08\/cropped-cropped-cropped-Logo-Noticias-e1753639739829.png","contentUrl":"https:\/\/oficialnoticias.com\/wp-content\/uploads\/2025\/08\/cropped-cropped-cropped-Logo-Noticias-e1753639739829.png","width":119,"height":86,"caption":"oficial noticias"},"image":{"@id":"https:\/\/oficialnoticias.com\/#\/schema\/logo\/image\/"}},{"@type":"Person","@id":"https:\/\/oficialnoticias.com\/#\/schema\/person\/2d1dcbb6bfbc28d68171b4dc04723d4a","name":"Luana Gon\u00e7alves","image":{"@type":"ImageObject","inLanguage":"pt-BR","@id":"https:\/\/secure.gravatar.com\/avatar\/7aa6afdef873224c1a0265951f3fdfc0679f65dfbd15f018612595d323c52521?s=96&d=mm&r=g","url":"https:\/\/secure.gravatar.com\/avatar\/7aa6afdef873224c1a0265951f3fdfc0679f65dfbd15f018612595d323c52521?s=96&d=mm&r=g","contentUrl":"https:\/\/secure.gravatar.com\/avatar\/7aa6afdef873224c1a0265951f3fdfc0679f65dfbd15f018612595d323c52521?s=96&d=mm&r=g","caption":"Luana Gon\u00e7alves"},"sameAs":["https:\/\/oficialnoticias.com\/"],"url":"https:\/\/oficialnoticias.com\/?author=2"}]}},"_links":{"self":[{"href":"https:\/\/oficialnoticias.com\/index.php?rest_route=\/wp\/v2\/posts\/32386","targetHints":{"allow":["GET"]}}],"collection":[{"href":"https:\/\/oficialnoticias.com\/index.php?rest_route=\/wp\/v2\/posts"}],"about":[{"href":"https:\/\/oficialnoticias.com\/index.php?rest_route=\/wp\/v2\/types\/post"}],"author":[{"embeddable":true,"href":"https:\/\/oficialnoticias.com\/index.php?rest_route=\/wp\/v2\/users\/2"}],"replies":[{"embeddable":true,"href":"https:\/\/oficialnoticias.com\/index.php?rest_route=%2Fwp%2Fv2%2Fcomments&post=32386"}],"version-history":[{"count":1,"href":"https:\/\/oficialnoticias.com\/index.php?rest_route=\/wp\/v2\/posts\/32386\/revisions"}],"predecessor-version":[{"id":32388,"href":"https:\/\/oficialnoticias.com\/index.php?rest_route=\/wp\/v2\/posts\/32386\/revisions\/32388"}],"wp:featuredmedia":[{"embeddable":true,"href":"https:\/\/oficialnoticias.com\/index.php?rest_route=\/wp\/v2\/media\/32387"}],"wp:attachment":[{"href":"https:\/\/oficialnoticias.com\/index.php?rest_route=%2Fwp%2Fv2%2Fmedia&parent=32386"}],"wp:term":[{"taxonomy":"category","embeddable":true,"href":"https:\/\/oficialnoticias.com\/index.php?rest_route=%2Fwp%2Fv2%2Fcategories&post=32386"},{"taxonomy":"post_tag","embeddable":true,"href":"https:\/\/oficialnoticias.com\/index.php?rest_route=%2Fwp%2Fv2%2Ftags&post=32386"}],"curies":[{"name":"wp","href":"https:\/\/api.w.org\/{rel}","templated":true}]}}