{"id":32383,"date":"2026-03-13T19:21:45","date_gmt":"2026-03-13T22:21:45","guid":{"rendered":"https:\/\/oficialnoticias.com\/?p=32383"},"modified":"2026-03-13T19:21:45","modified_gmt":"2026-03-13T22:21:45","slug":"monitoramento-inteligente-reforca-a-seguranca-publica-nas-cidades","status":"publish","type":"post","link":"https:\/\/oficialnoticias.com\/?p=32383","title":{"rendered":"Monitoramento inteligente refor\u00e7a a seguran\u00e7a p\u00fablica nas cidades"},"content":{"rendered":"<p><\/p>\n<div>\n<p>O uso de <bsp-link-enhancement><br \/>\n    <span class=\"LinkEnhancement\"><a class=\"Link\" href=\"https:\/\/www.itatiaia.com.br\/economia\/negocios\/eloos\/cidades-inteligentes-tecnologia-para-gerir-transito-energia-e-servicos\" title=\"c\u00e2meras inteligentes e de reconhecimento facial \">c\u00e2meras inteligentes e de reconhecimento facial <\/a><\/span><\/bsp-link-enhancement>j\u00e1 \u00e9 realidade no combate ao crime em <bsp-link-enhancement><br \/>\n    <span class=\"LinkEnhancement\"><a class=\"Link\" href=\"https:\/\/www.itatiaia.com.br\/economia\/negocios\/eloos\/edital-abre-chamamento-para-estudos-sobre-cidades-inteligentes\" title=\"cidades brasileiras\">cidades brasileiras<\/a><\/span><\/bsp-link-enhancement>. Em S\u00e3o Paulo, o <bsp-link-enhancement><br \/>\n    <span class=\"LinkEnhancement\"><a class=\"Link\" href=\"https:\/\/www.itatiaia.com.br\/economia\/negocios\/eloos\/smart-sampa-tecnologia-reforca-eficiencia-e-seguranca-de-sao-paulo\" title=\"&lt;i&gt;Smart Sampa&lt;\/i&gt;\"><i>Smart Sampa<\/i><\/a><\/span><\/bsp-link-enhancement> \u00e9 classificado pela prefeitura como o maior sistema de monitoramento de seguran\u00e7a da Am\u00e9rica Latina. Mais de 40 mil c\u00e2meras inteligentes, distribu\u00eddas por todas as regi\u00f5es da cidade, est\u00e3o integradas \u00e0s for\u00e7as de seguran\u00e7a e ajudam a identificar foragidos da Justi\u00e7a, flagrar crimes e auxiliar em pris\u00f5es.<\/p>\n<p>Dados da prefeitura indicam que, at\u00e9 mar\u00e7o deste ano, mais de 3,7 mil pris\u00f5es em flagrante ocorreram com o aux\u00edlio do sistema de monitoramento inteligente, al\u00e9m da localiza\u00e7\u00e3o e pris\u00e3o de quase 3 mil foragidos. O <b>secret\u00e1rio municipal de Seguran\u00e7a Urbana de S\u00e3o Paulo, Orlando Morando J\u00fanior<\/b>, detalha o funcionamento do programa.<\/p>\n<p>\u201c\u00c9 o maior sistema de videomonitoramento de toda a Am\u00e9rica Latina. Hoje, j\u00e1 superamos 40 mil c\u00e2meras, sendo 20 mil do pr\u00f3prio programa e outras 20 mil c\u00e2meras privadas que foram integradas ao programa. O Smart Sampa tem quatro pilares fundamentais de atua\u00e7\u00e3o. O primeiro \u00e9 o reconhecimento facial de pessoas procuradas pela Justi\u00e7a\u201d, conta.<\/p>\n<p>De acordo com o secret\u00e1rio, a plataforma utiliza Intelig\u00eancia Artificial (IA) para a leitura das imagens. \u201cTodo cidad\u00e3o que estiver com mandado de pris\u00e3o em aberto, ao passar por uma das nossas c\u00e2meras, ser\u00e1 identificado. A plataforma, que conta com intelig\u00eancia artificial, faz a leitura da face de quem passou pela c\u00e2mera e cruza com o banco de dados de procurados pela Justi\u00e7a. Em oito segundos, temos a confirma\u00e7\u00e3o, com 92% de assertividade\u201d, detalha.<\/p>\n<p>Segundo ele, diversos criminosos j\u00e1 foram presos com o apoio da tecnologia, e outros sistemas tamb\u00e9m est\u00e3o integrados ao <bsp-link-enhancement><br \/>\n    <span class=\"LinkEnhancement\"><a class=\"Link\" href=\"https:\/\/www.itatiaia.com.br\/economia\/negocios\/eloos\/smart-sampa-tecnologia-reforca-eficiencia-e-seguranca-de-sao-paulo\" title=\"&lt;i&gt;Smart Sampa&lt;\/i&gt;\"><i>Smart Sampa<\/i><\/a><\/span><\/bsp-link-enhancement><i>.<\/i><\/p>\n<p>\u201cJ\u00e1 realizamos pris\u00f5es no Rio de Janeiro e em S\u00e3o Paulo. Estupradores, que para mim \u00e9 um neg\u00f3cio horroroso, especialmente em um pa\u00eds onde a viol\u00eancia contra a mulher aumenta. Ali\u00e1s, n\u00f3s temos um aplicativo para todas as mulheres que t\u00eam medidas protetivas, tamb\u00e9m conectado ao programa\u201d, explica.<\/p>\n<div class=\"Enhancement\" data-align-center=\"\">\n<div class=\"Enhancement-item\">\n<p>                            <bsp-figure class=\"Figure\" id=\"image-170000\"><br \/>\n    <button class=\"containerImg\"><\/p>\n<p>    <a class=\"AnchorLink\" title=\"image-170000\" name=\"image-170000\"\/><\/p>\n<picture><source type=\"image\/webp\" width=\"1000\" height=\"563\" srcset=\"https:\/\/medias.itatiaia.com.br\/dims4\/default\/cb03e05\/2147483647\/strip\/true\/crop\/1076x606+0+79\/resize\/568x320!\/format\/webp\/quality\/90\/?url=https%3A%2F%2Fk2-prod-radio-itatiaia.s3.us-east-1.amazonaws.com%2Fbrightspot%2Ffa%2Fc3%2F34e295de4c77997136100335e586%2Forlando-morando.jpeg 568w,https:\/\/medias.itatiaia.com.br\/dims4\/default\/6b10f8a\/2147483647\/strip\/true\/crop\/1076x606+0+79\/resize\/768x432!\/format\/webp\/quality\/90\/?url=https%3A%2F%2Fk2-prod-radio-itatiaia.s3.us-east-1.amazonaws.com%2Fbrightspot%2Ffa%2Fc3%2F34e295de4c77997136100335e586%2Forlando-morando.jpeg 768w,https:\/\/medias.itatiaia.com.br\/dims4\/default\/46287bc\/2147483647\/strip\/true\/crop\/1076x606+0+79\/resize\/1000x563!\/format\/webp\/quality\/90\/?url=https%3A%2F%2Fk2-prod-radio-itatiaia.s3.us-east-1.amazonaws.com%2Fbrightspot%2Ffa%2Fc3%2F34e295de4c77997136100335e586%2Forlando-morando.jpeg 1000w\"\/><source width=\"1000\" height=\"563\" srcset=\"https:\/\/medias.itatiaia.com.br\/dims4\/default\/29b4052\/2147483647\/strip\/true\/crop\/1076x606+0+79\/resize\/1000x563!\/quality\/90\/?url=https%3A%2F%2Fk2-prod-radio-itatiaia.s3.us-east-1.amazonaws.com%2Fbrightspot%2Ffa%2Fc3%2F34e295de4c77997136100335e586%2Forlando-morando.jpeg\"\/><\/picture>\n<p>    <\/button><\/p>\n<div class=\"Figure-content\"><figcaption class=\"Figure-caption\">\n<p>Orlando Morando, secret\u00e1rio municipal de Seguran\u00e7a Urbana de S\u00e3o Paulo<\/p>\n<\/figcaption><\/div>\n<p><\/bsp-figure><\/p><\/div>\n<\/p><\/div>\n<p>Inspirado no programa de vigil\u00e2ncia de S\u00e3o Paulo, Belo Horizonte j\u00e1 implantou e amplia o sistema <b>Muralha BH<\/b>, que prev\u00ea a instala\u00e7\u00e3o de 12 mil c\u00e2meras em pontos estrat\u00e9gicos da cidade, com tecnologia de reconhecimento facial e leitura de placas de ve\u00edculos. O sistema tamb\u00e9m deve auxiliar na identifica\u00e7\u00e3o de carros e motos furtados e refor\u00e7ar a fiscaliza\u00e7\u00e3o no tr\u00e2nsito, especialmente no Anel Rodovi\u00e1rio.<\/p>\n<p>O <b>secret\u00e1rio municipal de Seguran\u00e7a e Preven\u00e7\u00e3o de Belo Horizonte, M\u00e1rcio Lobato<\/b>, afirma que esse tipo de monitoramento \u00e9 essencial.<\/p>\n<p>\u201c\u00c9 muito importante que tenhamos um monitoramento dos ve\u00edculos que circulam pela cidade, porque \u00e9 um consenso entre todas as pessoas que atuam na seguran\u00e7a p\u00fablica de que o crime n\u00e3o anda a p\u00e9. Na maior parte das vezes, o crime est\u00e1 motorizado, est\u00e1 sob rodas. Quando voc\u00ea tem controle dos ve\u00edculos que circulam na cidade, voc\u00ea tem controle tamb\u00e9m do crime. Voc\u00ea sabe onde esses criminosos est\u00e3o\u201d, diz M\u00e1rcio.<\/p>\n<div class=\"Enhancement\" data-align-center=\"\">\n<div class=\"Enhancement-item\">\n<p>                            <bsp-figure class=\"Figure\" id=\"image-4f0000\"><br \/>\n    <button class=\"containerImg\"><\/p>\n<p>    <a class=\"AnchorLink\" title=\"image-4f0000\" name=\"image-4f0000\"\/><\/p>\n<picture><source type=\"image\/webp\" width=\"1000\" height=\"563\" srcset=\"https:\/\/medias.itatiaia.com.br\/dims4\/default\/fa76493\/2147483647\/strip\/true\/crop\/1235x695+0+33\/resize\/568x320!\/format\/webp\/quality\/90\/?url=https%3A%2F%2Fk2-prod-radio-itatiaia.s3.us-east-1.amazonaws.com%2Fbrightspot%2Fa0%2F7f%2F2da562e64c4c93c88395c5d87502%2Fmarcio-lobato.jpeg 568w,https:\/\/medias.itatiaia.com.br\/dims4\/default\/dc05497\/2147483647\/strip\/true\/crop\/1235x695+0+33\/resize\/768x432!\/format\/webp\/quality\/90\/?url=https%3A%2F%2Fk2-prod-radio-itatiaia.s3.us-east-1.amazonaws.com%2Fbrightspot%2Fa0%2F7f%2F2da562e64c4c93c88395c5d87502%2Fmarcio-lobato.jpeg 768w,https:\/\/medias.itatiaia.com.br\/dims4\/default\/c100fe0\/2147483647\/strip\/true\/crop\/1235x695+0+33\/resize\/1000x563!\/format\/webp\/quality\/90\/?url=https%3A%2F%2Fk2-prod-radio-itatiaia.s3.us-east-1.amazonaws.com%2Fbrightspot%2Fa0%2F7f%2F2da562e64c4c93c88395c5d87502%2Fmarcio-lobato.jpeg 1000w\"\/><source width=\"1000\" height=\"563\" srcset=\"https:\/\/medias.itatiaia.com.br\/dims4\/default\/6731db7\/2147483647\/strip\/true\/crop\/1235x695+0+33\/resize\/1000x563!\/quality\/90\/?url=https%3A%2F%2Fk2-prod-radio-itatiaia.s3.us-east-1.amazonaws.com%2Fbrightspot%2Fa0%2F7f%2F2da562e64c4c93c88395c5d87502%2Fmarcio-lobato.jpeg\"\/><img loading=\"lazy\" decoding=\"async\" class=\"Image\" alt=\"M\u00e1rcio Lobato, secret\u00e1rio municipal de Seguran\u00e7a e Preven\u00e7\u00e3o de Belo Horizonte\" width=\"1000\" height=\"563\" src=\"https:\/\/medias.itatiaia.com.br\/dims4\/default\/6731db7\/2147483647\/strip\/true\/crop\/1235x695+0+33\/resize\/1000x563!\/quality\/90\/?url=https%3A%2F%2Fk2-prod-radio-itatiaia.s3.us-east-1.amazonaws.com%2Fbrightspot%2Fa0%2F7f%2F2da562e64c4c93c88395c5d87502%2Fmarcio-lobato.jpeg\" loading=\"lazy\"\/><\/p>\n<\/picture>\n<p>    <\/button><\/p>\n<div class=\"Figure-content\"><figcaption class=\"Figure-caption\">\n<p>M\u00e1rcio Lobato, secret\u00e1rio municipal de Seguran\u00e7a e Preven\u00e7\u00e3o de Belo Horizonte<\/p>\n<\/figcaption><\/div>\n<p><\/bsp-figure><\/p><\/div>\n<\/p><\/div>\n<p>Na era dos avan\u00e7os tecnol\u00f3gicos, o <b>soci\u00f3logo Lu\u00eds Fl\u00e1vio Sapori, professor da Pontif\u00edcia Universidade Cat\u00f3lica de Minas Gerais (PUC Minas) e membro do F\u00f3rum Brasileiro de Seguran\u00e7a P\u00fablica (FBSP)<\/b>, afirma que o poder p\u00fablico precisa acompanhar essa evolu\u00e7\u00e3o.<\/p>\n<p>\u201cO crime avan\u00e7a tecnologicamente, principalmente o crime organizado, e o poder p\u00fablico tamb\u00e9m tem que fazer seu investimento em tecnologia, principalmente usando a intelig\u00eancia artificial\u201d, afirma.<\/p>\n<div class=\"Enhancement\" data-align-center=\"\">\n<div class=\"Enhancement-item\">\n<p>                            <bsp-figure class=\"Figure\" id=\"image-8c0000\"><br \/>\n    <button class=\"containerImg\"><\/p>\n<p>    <a class=\"AnchorLink\" title=\"image-8c0000\" name=\"image-8c0000\"\/><\/p>\n<picture><source type=\"image\/webp\" width=\"1000\" height=\"563\" srcset=\"https:\/\/medias.itatiaia.com.br\/dims4\/default\/124b0d3\/2147483647\/strip\/true\/crop\/1317x741+0+28\/resize\/568x320!\/format\/webp\/quality\/90\/?url=https%3A%2F%2Fk2-prod-radio-itatiaia.s3.us-east-1.amazonaws.com%2Fbrightspot%2Fa3%2Fc0%2F83cb035c479bacaa4cd06975e0bd%2Fluiz-flavio-sapori-2.jpeg 568w,https:\/\/medias.itatiaia.com.br\/dims4\/default\/4d88d05\/2147483647\/strip\/true\/crop\/1317x741+0+28\/resize\/768x432!\/format\/webp\/quality\/90\/?url=https%3A%2F%2Fk2-prod-radio-itatiaia.s3.us-east-1.amazonaws.com%2Fbrightspot%2Fa3%2Fc0%2F83cb035c479bacaa4cd06975e0bd%2Fluiz-flavio-sapori-2.jpeg 768w,https:\/\/medias.itatiaia.com.br\/dims4\/default\/51c5f56\/2147483647\/strip\/true\/crop\/1317x741+0+28\/resize\/1000x563!\/format\/webp\/quality\/90\/?url=https%3A%2F%2Fk2-prod-radio-itatiaia.s3.us-east-1.amazonaws.com%2Fbrightspot%2Fa3%2Fc0%2F83cb035c479bacaa4cd06975e0bd%2Fluiz-flavio-sapori-2.jpeg 1000w\"\/><source width=\"1000\" height=\"563\" srcset=\"https:\/\/medias.itatiaia.com.br\/dims4\/default\/34743a3\/2147483647\/strip\/true\/crop\/1317x741+0+28\/resize\/1000x563!\/quality\/90\/?url=https%3A%2F%2Fk2-prod-radio-itatiaia.s3.us-east-1.amazonaws.com%2Fbrightspot%2Fa3%2Fc0%2F83cb035c479bacaa4cd06975e0bd%2Fluiz-flavio-sapori-2.jpeg\"\/><img loading=\"lazy\" decoding=\"async\" class=\"Image\" alt=\"Lu\u00eds Fl\u00e1vio Sapori, soci\u00f3logo, professor da Pontif\u00edcia Universidade Cat\u00f3lica de Minas Gerais (PUC Minas) e membro do F\u00f3rum Brasileiro de Seguran\u00e7a P\u00fablica (FBSP)\" width=\"1000\" height=\"563\" src=\"https:\/\/medias.itatiaia.com.br\/dims4\/default\/34743a3\/2147483647\/strip\/true\/crop\/1317x741+0+28\/resize\/1000x563!\/quality\/90\/?url=https%3A%2F%2Fk2-prod-radio-itatiaia.s3.us-east-1.amazonaws.com%2Fbrightspot%2Fa3%2Fc0%2F83cb035c479bacaa4cd06975e0bd%2Fluiz-flavio-sapori-2.jpeg\" loading=\"lazy\"\/><\/p>\n<\/picture>\n<p>    <\/button><\/p>\n<div class=\"Figure-content\"><figcaption class=\"Figure-caption\">\n<p>Lu\u00eds Fl\u00e1vio Sapori, soci\u00f3logo, professor da Pontif\u00edcia Universidade Cat\u00f3lica de Minas Gerais (PUC Minas) e membro do F\u00f3rum Brasileiro de Seguran\u00e7a P\u00fablica (FBSP)<\/p>\n<\/figcaption><\/div>\n<p><\/bsp-figure><\/p><\/div>\n<\/p><\/div>\n<p><b>Confira a reportagem completa:<\/b><\/p>\n<p><bsp-list-loadmore class=\"PageListStandardG\" data-module=\"\" data-show-loadmore=\"true\" data-list-title-size=\"3\" data-list-description-size=\"3\"><\/p>\n<p>    <a class=\"AnchorLink\" title=\"leia-tambem\" name=\"leia-tambem\"\/><\/p>\n<p><\/bsp-list-loadmore><\/p><\/div>\n<p><script>\n  window.fbAsyncInit = function() {\n      FB.init({\n              appId : '1447052969554341',\n          xfbml : true,\n          version : 'v2.9'\n      });\n  };\n  (function(d, s, id){\n     var js, fjs = d.getElementsByTagName(s)[0];\n     if (d.getElementById(id)) {return;}\n     js = d.createElement(s); js.id = id;\n     js.src = \"https:\/\/connect.facebook.net\/en_US\/sdk.js\";\n     fjs.parentNode.insertBefore(js, fjs);\n   }(document, 'script', 'facebook-jssdk'));\n<\/script><\/p>\n","protected":false},"excerpt":{"rendered":"<p>O uso de c\u00e2meras inteligentes e de reconhecimento facial j\u00e1 \u00e9 realidade no combate ao crime em cidades brasileiras. Em S\u00e3o Paulo, o Smart Sampa \u00e9 classificado pela prefeitura como o maior sistema de monitoramento de seguran\u00e7a da Am\u00e9rica Latina. Mais de 40 mil c\u00e2meras inteligentes, distribu\u00eddas por todas as regi\u00f5es da cidade, est\u00e3o integradas&#8230;<\/p>\n","protected":false},"author":2,"featured_media":32384,"comment_status":"open","ping_status":"open","sticky":false,"template":"","format":"standard","meta":{"footnotes":""},"categories":[25],"tags":[],"class_list":["post-32383","post","type-post","status-publish","format-standard","has-post-thumbnail","hentry","category-economia"],"yoast_head":"<!-- This site is optimized with the Yoast SEO plugin v27.3 - https:\/\/yoast.com\/product\/yoast-seo-wordpress\/ -->\n<title>Monitoramento inteligente refor\u00e7a a seguran\u00e7a p\u00fablica nas cidades -<\/title>\n<meta name=\"robots\" content=\"index, follow, max-snippet:-1, max-image-preview:large, max-video-preview:-1\" \/>\n<link rel=\"canonical\" href=\"https:\/\/oficialnoticias.com\/?p=32383\" \/>\n<meta property=\"og:locale\" content=\"pt_BR\" \/>\n<meta property=\"og:type\" content=\"article\" \/>\n<meta property=\"og:title\" content=\"Monitoramento inteligente refor\u00e7a a seguran\u00e7a p\u00fablica nas cidades -\" \/>\n<meta property=\"og:description\" content=\"O uso de c\u00e2meras inteligentes e de reconhecimento facial j\u00e1 \u00e9 realidade no combate ao crime em cidades brasileiras. Em S\u00e3o Paulo, o Smart Sampa \u00e9 classificado pela prefeitura como o maior sistema de monitoramento de seguran\u00e7a da Am\u00e9rica Latina. Mais de 40 mil c\u00e2meras inteligentes, distribu\u00eddas por todas as regi\u00f5es da cidade, est\u00e3o integradas...\" \/>\n<meta property=\"og:url\" content=\"https:\/\/oficialnoticias.com\/?p=32383\" \/>\n<meta property=\"article:published_time\" content=\"2026-03-13T22:21:45+00:00\" \/>\n<meta property=\"og:image\" content=\"https:\/\/oficialnoticias.com\/wp-content\/uploads\/2026\/03\/urlhttps3A2F2Fk2-prod-radio-itatiaia.s3.us-east-1.amazonaws.com2Fbrightspot2F1d2Fe22F4734d7.webp\" \/>\n\t<meta property=\"og:image:width\" content=\"1200\" \/>\n\t<meta property=\"og:image:height\" content=\"630\" \/>\n\t<meta property=\"og:image:type\" content=\"image\/webp\" \/>\n<meta name=\"author\" content=\"Luana Gon\u00e7alves\" \/>\n<meta name=\"twitter:card\" content=\"summary_large_image\" \/>\n<meta name=\"twitter:label1\" content=\"Escrito por\" \/>\n\t<meta name=\"twitter:data1\" content=\"Luana Gon\u00e7alves\" \/>\n\t<meta name=\"twitter:label2\" content=\"Est. tempo de leitura\" \/>\n\t<meta name=\"twitter:data2\" content=\"3 minutos\" \/>\n<script type=\"application\/ld+json\" class=\"yoast-schema-graph\">{\"@context\":\"https:\\\/\\\/schema.org\",\"@graph\":[{\"@type\":\"Article\",\"@id\":\"https:\\\/\\\/oficialnoticias.com\\\/?p=32383#article\",\"isPartOf\":{\"@id\":\"https:\\\/\\\/oficialnoticias.com\\\/?p=32383\"},\"author\":{\"name\":\"Luana Gon\u00e7alves\",\"@id\":\"https:\\\/\\\/oficialnoticias.com\\\/#\\\/schema\\\/person\\\/2d1dcbb6bfbc28d68171b4dc04723d4a\"},\"headline\":\"Monitoramento inteligente refor\u00e7a a seguran\u00e7a p\u00fablica nas cidades\",\"datePublished\":\"2026-03-13T22:21:45+00:00\",\"mainEntityOfPage\":{\"@id\":\"https:\\\/\\\/oficialnoticias.com\\\/?p=32383\"},\"wordCount\":686,\"commentCount\":0,\"publisher\":{\"@id\":\"https:\\\/\\\/oficialnoticias.com\\\/#organization\"},\"image\":{\"@id\":\"https:\\\/\\\/oficialnoticias.com\\\/?p=32383#primaryimage\"},\"thumbnailUrl\":\"https:\\\/\\\/oficialnoticias.com\\\/wp-content\\\/uploads\\\/2026\\\/03\\\/urlhttps3A2F2Fk2-prod-radio-itatiaia.s3.us-east-1.amazonaws.com2Fbrightspot2F1d2Fe22F4734d7.webp\",\"articleSection\":[\"Economia\"],\"inLanguage\":\"pt-BR\",\"potentialAction\":[{\"@type\":\"CommentAction\",\"name\":\"Comment\",\"target\":[\"https:\\\/\\\/oficialnoticias.com\\\/?p=32383#respond\"]}]},{\"@type\":\"WebPage\",\"@id\":\"https:\\\/\\\/oficialnoticias.com\\\/?p=32383\",\"url\":\"https:\\\/\\\/oficialnoticias.com\\\/?p=32383\",\"name\":\"Monitoramento inteligente refor\u00e7a a seguran\u00e7a p\u00fablica nas cidades -\",\"isPartOf\":{\"@id\":\"https:\\\/\\\/oficialnoticias.com\\\/#website\"},\"primaryImageOfPage\":{\"@id\":\"https:\\\/\\\/oficialnoticias.com\\\/?p=32383#primaryimage\"},\"image\":{\"@id\":\"https:\\\/\\\/oficialnoticias.com\\\/?p=32383#primaryimage\"},\"thumbnailUrl\":\"https:\\\/\\\/oficialnoticias.com\\\/wp-content\\\/uploads\\\/2026\\\/03\\\/urlhttps3A2F2Fk2-prod-radio-itatiaia.s3.us-east-1.amazonaws.com2Fbrightspot2F1d2Fe22F4734d7.webp\",\"datePublished\":\"2026-03-13T22:21:45+00:00\",\"breadcrumb\":{\"@id\":\"https:\\\/\\\/oficialnoticias.com\\\/?p=32383#breadcrumb\"},\"inLanguage\":\"pt-BR\",\"potentialAction\":[{\"@type\":\"ReadAction\",\"target\":[\"https:\\\/\\\/oficialnoticias.com\\\/?p=32383\"]}]},{\"@type\":\"ImageObject\",\"inLanguage\":\"pt-BR\",\"@id\":\"https:\\\/\\\/oficialnoticias.com\\\/?p=32383#primaryimage\",\"url\":\"https:\\\/\\\/oficialnoticias.com\\\/wp-content\\\/uploads\\\/2026\\\/03\\\/urlhttps3A2F2Fk2-prod-radio-itatiaia.s3.us-east-1.amazonaws.com2Fbrightspot2F1d2Fe22F4734d7.webp\",\"contentUrl\":\"https:\\\/\\\/oficialnoticias.com\\\/wp-content\\\/uploads\\\/2026\\\/03\\\/urlhttps3A2F2Fk2-prod-radio-itatiaia.s3.us-east-1.amazonaws.com2Fbrightspot2F1d2Fe22F4734d7.webp\",\"width\":1200,\"height\":630},{\"@type\":\"BreadcrumbList\",\"@id\":\"https:\\\/\\\/oficialnoticias.com\\\/?p=32383#breadcrumb\",\"itemListElement\":[{\"@type\":\"ListItem\",\"position\":1,\"name\":\"In\u00edcio\",\"item\":\"https:\\\/\\\/oficialnoticias.com\\\/\"},{\"@type\":\"ListItem\",\"position\":2,\"name\":\"Monitoramento inteligente refor\u00e7a a seguran\u00e7a p\u00fablica nas cidades\"}]},{\"@type\":\"WebSite\",\"@id\":\"https:\\\/\\\/oficialnoticias.com\\\/#website\",\"url\":\"https:\\\/\\\/oficialnoticias.com\\\/\",\"name\":\"oficial Noticias\",\"description\":\"\",\"publisher\":{\"@id\":\"https:\\\/\\\/oficialnoticias.com\\\/#organization\"},\"potentialAction\":[{\"@type\":\"SearchAction\",\"target\":{\"@type\":\"EntryPoint\",\"urlTemplate\":\"https:\\\/\\\/oficialnoticias.com\\\/?s={search_term_string}\"},\"query-input\":{\"@type\":\"PropertyValueSpecification\",\"valueRequired\":true,\"valueName\":\"search_term_string\"}}],\"inLanguage\":\"pt-BR\"},{\"@type\":\"Organization\",\"@id\":\"https:\\\/\\\/oficialnoticias.com\\\/#organization\",\"name\":\"oficial noticias\",\"url\":\"https:\\\/\\\/oficialnoticias.com\\\/\",\"logo\":{\"@type\":\"ImageObject\",\"inLanguage\":\"pt-BR\",\"@id\":\"https:\\\/\\\/oficialnoticias.com\\\/#\\\/schema\\\/logo\\\/image\\\/\",\"url\":\"https:\\\/\\\/oficialnoticias.com\\\/wp-content\\\/uploads\\\/2025\\\/08\\\/cropped-cropped-cropped-Logo-Noticias-e1753639739829.png\",\"contentUrl\":\"https:\\\/\\\/oficialnoticias.com\\\/wp-content\\\/uploads\\\/2025\\\/08\\\/cropped-cropped-cropped-Logo-Noticias-e1753639739829.png\",\"width\":119,\"height\":86,\"caption\":\"oficial noticias\"},\"image\":{\"@id\":\"https:\\\/\\\/oficialnoticias.com\\\/#\\\/schema\\\/logo\\\/image\\\/\"}},{\"@type\":\"Person\",\"@id\":\"https:\\\/\\\/oficialnoticias.com\\\/#\\\/schema\\\/person\\\/2d1dcbb6bfbc28d68171b4dc04723d4a\",\"name\":\"Luana Gon\u00e7alves\",\"image\":{\"@type\":\"ImageObject\",\"inLanguage\":\"pt-BR\",\"@id\":\"https:\\\/\\\/secure.gravatar.com\\\/avatar\\\/7aa6afdef873224c1a0265951f3fdfc0679f65dfbd15f018612595d323c52521?s=96&d=mm&r=g\",\"url\":\"https:\\\/\\\/secure.gravatar.com\\\/avatar\\\/7aa6afdef873224c1a0265951f3fdfc0679f65dfbd15f018612595d323c52521?s=96&d=mm&r=g\",\"contentUrl\":\"https:\\\/\\\/secure.gravatar.com\\\/avatar\\\/7aa6afdef873224c1a0265951f3fdfc0679f65dfbd15f018612595d323c52521?s=96&d=mm&r=g\",\"caption\":\"Luana Gon\u00e7alves\"},\"sameAs\":[\"https:\\\/\\\/oficialnoticias.com\\\/\"],\"url\":\"https:\\\/\\\/oficialnoticias.com\\\/?author=2\"}]}<\/script>\n<!-- \/ Yoast SEO plugin. -->","yoast_head_json":{"title":"Monitoramento inteligente refor\u00e7a a seguran\u00e7a p\u00fablica nas cidades -","robots":{"index":"index","follow":"follow","max-snippet":"max-snippet:-1","max-image-preview":"max-image-preview:large","max-video-preview":"max-video-preview:-1"},"canonical":"https:\/\/oficialnoticias.com\/?p=32383","og_locale":"pt_BR","og_type":"article","og_title":"Monitoramento inteligente refor\u00e7a a seguran\u00e7a p\u00fablica nas cidades -","og_description":"O uso de c\u00e2meras inteligentes e de reconhecimento facial j\u00e1 \u00e9 realidade no combate ao crime em cidades brasileiras. Em S\u00e3o Paulo, o Smart Sampa \u00e9 classificado pela prefeitura como o maior sistema de monitoramento de seguran\u00e7a da Am\u00e9rica Latina. Mais de 40 mil c\u00e2meras inteligentes, distribu\u00eddas por todas as regi\u00f5es da cidade, est\u00e3o integradas...","og_url":"https:\/\/oficialnoticias.com\/?p=32383","article_published_time":"2026-03-13T22:21:45+00:00","og_image":[{"width":1200,"height":630,"url":"https:\/\/oficialnoticias.com\/wp-content\/uploads\/2026\/03\/urlhttps3A2F2Fk2-prod-radio-itatiaia.s3.us-east-1.amazonaws.com2Fbrightspot2F1d2Fe22F4734d7.webp","type":"image\/webp"}],"author":"Luana Gon\u00e7alves","twitter_card":"summary_large_image","twitter_misc":{"Escrito por":"Luana Gon\u00e7alves","Est. tempo de leitura":"3 minutos"},"schema":{"@context":"https:\/\/schema.org","@graph":[{"@type":"Article","@id":"https:\/\/oficialnoticias.com\/?p=32383#article","isPartOf":{"@id":"https:\/\/oficialnoticias.com\/?p=32383"},"author":{"name":"Luana Gon\u00e7alves","@id":"https:\/\/oficialnoticias.com\/#\/schema\/person\/2d1dcbb6bfbc28d68171b4dc04723d4a"},"headline":"Monitoramento inteligente refor\u00e7a a seguran\u00e7a p\u00fablica nas cidades","datePublished":"2026-03-13T22:21:45+00:00","mainEntityOfPage":{"@id":"https:\/\/oficialnoticias.com\/?p=32383"},"wordCount":686,"commentCount":0,"publisher":{"@id":"https:\/\/oficialnoticias.com\/#organization"},"image":{"@id":"https:\/\/oficialnoticias.com\/?p=32383#primaryimage"},"thumbnailUrl":"https:\/\/oficialnoticias.com\/wp-content\/uploads\/2026\/03\/urlhttps3A2F2Fk2-prod-radio-itatiaia.s3.us-east-1.amazonaws.com2Fbrightspot2F1d2Fe22F4734d7.webp","articleSection":["Economia"],"inLanguage":"pt-BR","potentialAction":[{"@type":"CommentAction","name":"Comment","target":["https:\/\/oficialnoticias.com\/?p=32383#respond"]}]},{"@type":"WebPage","@id":"https:\/\/oficialnoticias.com\/?p=32383","url":"https:\/\/oficialnoticias.com\/?p=32383","name":"Monitoramento inteligente refor\u00e7a a seguran\u00e7a p\u00fablica nas cidades -","isPartOf":{"@id":"https:\/\/oficialnoticias.com\/#website"},"primaryImageOfPage":{"@id":"https:\/\/oficialnoticias.com\/?p=32383#primaryimage"},"image":{"@id":"https:\/\/oficialnoticias.com\/?p=32383#primaryimage"},"thumbnailUrl":"https:\/\/oficialnoticias.com\/wp-content\/uploads\/2026\/03\/urlhttps3A2F2Fk2-prod-radio-itatiaia.s3.us-east-1.amazonaws.com2Fbrightspot2F1d2Fe22F4734d7.webp","datePublished":"2026-03-13T22:21:45+00:00","breadcrumb":{"@id":"https:\/\/oficialnoticias.com\/?p=32383#breadcrumb"},"inLanguage":"pt-BR","potentialAction":[{"@type":"ReadAction","target":["https:\/\/oficialnoticias.com\/?p=32383"]}]},{"@type":"ImageObject","inLanguage":"pt-BR","@id":"https:\/\/oficialnoticias.com\/?p=32383#primaryimage","url":"https:\/\/oficialnoticias.com\/wp-content\/uploads\/2026\/03\/urlhttps3A2F2Fk2-prod-radio-itatiaia.s3.us-east-1.amazonaws.com2Fbrightspot2F1d2Fe22F4734d7.webp","contentUrl":"https:\/\/oficialnoticias.com\/wp-content\/uploads\/2026\/03\/urlhttps3A2F2Fk2-prod-radio-itatiaia.s3.us-east-1.amazonaws.com2Fbrightspot2F1d2Fe22F4734d7.webp","width":1200,"height":630},{"@type":"BreadcrumbList","@id":"https:\/\/oficialnoticias.com\/?p=32383#breadcrumb","itemListElement":[{"@type":"ListItem","position":1,"name":"In\u00edcio","item":"https:\/\/oficialnoticias.com\/"},{"@type":"ListItem","position":2,"name":"Monitoramento inteligente refor\u00e7a a seguran\u00e7a p\u00fablica nas cidades"}]},{"@type":"WebSite","@id":"https:\/\/oficialnoticias.com\/#website","url":"https:\/\/oficialnoticias.com\/","name":"oficial Noticias","description":"","publisher":{"@id":"https:\/\/oficialnoticias.com\/#organization"},"potentialAction":[{"@type":"SearchAction","target":{"@type":"EntryPoint","urlTemplate":"https:\/\/oficialnoticias.com\/?s={search_term_string}"},"query-input":{"@type":"PropertyValueSpecification","valueRequired":true,"valueName":"search_term_string"}}],"inLanguage":"pt-BR"},{"@type":"Organization","@id":"https:\/\/oficialnoticias.com\/#organization","name":"oficial noticias","url":"https:\/\/oficialnoticias.com\/","logo":{"@type":"ImageObject","inLanguage":"pt-BR","@id":"https:\/\/oficialnoticias.com\/#\/schema\/logo\/image\/","url":"https:\/\/oficialnoticias.com\/wp-content\/uploads\/2025\/08\/cropped-cropped-cropped-Logo-Noticias-e1753639739829.png","contentUrl":"https:\/\/oficialnoticias.com\/wp-content\/uploads\/2025\/08\/cropped-cropped-cropped-Logo-Noticias-e1753639739829.png","width":119,"height":86,"caption":"oficial noticias"},"image":{"@id":"https:\/\/oficialnoticias.com\/#\/schema\/logo\/image\/"}},{"@type":"Person","@id":"https:\/\/oficialnoticias.com\/#\/schema\/person\/2d1dcbb6bfbc28d68171b4dc04723d4a","name":"Luana Gon\u00e7alves","image":{"@type":"ImageObject","inLanguage":"pt-BR","@id":"https:\/\/secure.gravatar.com\/avatar\/7aa6afdef873224c1a0265951f3fdfc0679f65dfbd15f018612595d323c52521?s=96&d=mm&r=g","url":"https:\/\/secure.gravatar.com\/avatar\/7aa6afdef873224c1a0265951f3fdfc0679f65dfbd15f018612595d323c52521?s=96&d=mm&r=g","contentUrl":"https:\/\/secure.gravatar.com\/avatar\/7aa6afdef873224c1a0265951f3fdfc0679f65dfbd15f018612595d323c52521?s=96&d=mm&r=g","caption":"Luana Gon\u00e7alves"},"sameAs":["https:\/\/oficialnoticias.com\/"],"url":"https:\/\/oficialnoticias.com\/?author=2"}]}},"_links":{"self":[{"href":"https:\/\/oficialnoticias.com\/index.php?rest_route=\/wp\/v2\/posts\/32383","targetHints":{"allow":["GET"]}}],"collection":[{"href":"https:\/\/oficialnoticias.com\/index.php?rest_route=\/wp\/v2\/posts"}],"about":[{"href":"https:\/\/oficialnoticias.com\/index.php?rest_route=\/wp\/v2\/types\/post"}],"author":[{"embeddable":true,"href":"https:\/\/oficialnoticias.com\/index.php?rest_route=\/wp\/v2\/users\/2"}],"replies":[{"embeddable":true,"href":"https:\/\/oficialnoticias.com\/index.php?rest_route=%2Fwp%2Fv2%2Fcomments&post=32383"}],"version-history":[{"count":1,"href":"https:\/\/oficialnoticias.com\/index.php?rest_route=\/wp\/v2\/posts\/32383\/revisions"}],"predecessor-version":[{"id":32385,"href":"https:\/\/oficialnoticias.com\/index.php?rest_route=\/wp\/v2\/posts\/32383\/revisions\/32385"}],"wp:featuredmedia":[{"embeddable":true,"href":"https:\/\/oficialnoticias.com\/index.php?rest_route=\/wp\/v2\/media\/32384"}],"wp:attachment":[{"href":"https:\/\/oficialnoticias.com\/index.php?rest_route=%2Fwp%2Fv2%2Fmedia&parent=32383"}],"wp:term":[{"taxonomy":"category","embeddable":true,"href":"https:\/\/oficialnoticias.com\/index.php?rest_route=%2Fwp%2Fv2%2Fcategories&post=32383"},{"taxonomy":"post_tag","embeddable":true,"href":"https:\/\/oficialnoticias.com\/index.php?rest_route=%2Fwp%2Fv2%2Ftags&post=32383"}],"curies":[{"name":"wp","href":"https:\/\/api.w.org\/{rel}","templated":true}]}}