{"id":32371,"date":"2026-03-13T16:43:19","date_gmt":"2026-03-13T19:43:19","guid":{"rendered":"https:\/\/oficialnoticias.com\/?p=32371"},"modified":"2026-03-13T16:43:21","modified_gmt":"2026-03-13T19:43:21","slug":"broncopneumonia-de-bolsonaro-pode-causar-sepse-e-deixar-sequelas-alerta-medica","status":"publish","type":"post","link":"https:\/\/oficialnoticias.com\/?p=32371","title":{"rendered":"Broncopneumonia de Bolsonaro pode causar sepse e deixar sequelas, alerta m\u00e9dica"},"content":{"rendered":"<p><\/p>\n<div>\n<p>O ex-presidente <b>Jair Bolsonaro<\/b> (PL) est\u00e1 <bsp-link-enhancement><br \/>\n    <span class=\"LinkEnhancement\"><a class=\"Link\" href=\"https:\/\/www.itatiaia.com.br\/politica\/bolsonaro-e-internado-na-uti-com-broncopneumonia-bacteriana-diz-hospital\" title=\"&lt;b&gt;internado&lt;\/b&gt;\"><b>internado<\/b><\/a><\/span><\/bsp-link-enhancement> com <bsp-link-enhancement><br \/>\n    <span class=\"LinkEnhancement\"><a class=\"Link\" href=\"https:\/\/www.itatiaia.com.br\/saude\/saiba-o-que-e-broncopneumonia-doenca-que-levou-bolsonaro-a-uti\" title=\"&lt;b&gt;broncopneumonia bacteriana bilateral&lt;\/b&gt;\"><b>broncopneumonia bacteriana bilateral<\/b><\/a><\/span><\/bsp-link-enhancement>. Ele est\u00e1 na Unidade de Terapia Intensiva (UTI) ap\u00f3s dar entrada no Hospital DF Star, em Bras\u00edlia, com febre alta, queda da satura\u00e7\u00e3o de oxig\u00eanio, sudorese e calafrios.<\/p>\n<p>A equipe que cuida de Bolsonaro no hospital emitiu um boletim m\u00e9dico nesta sexta-feira (13). \u201cFoi submetido a exames de imagens e laboratoriais que confirmaram broncopneumonia bacteriana bilateral de prov\u00e1vel origem aspirativa. No momento encontra-se internado em unidade de terapia intensiva, em tratamento com antibioticoterapia venosa e suporte cl\u00ednico n\u00e3o invasivo\u201d, diz o comunicado.<\/p>\n<p>Michele Andreata, m\u00e9dica pneumologista da Sa\u00fade no Lar, explica que \u201ca broncopneumonia \u00e9 um tipo de infec\u00e7\u00e3o pulmonar que afeta simultaneamente os bronqu\u00edolos, que s\u00e3o pequenas ramifica\u00e7\u00f5es das vias a\u00e9reas, e os alv\u00e9olos, estruturas respons\u00e1veis pelas trocas gasosas no pulm\u00e3o\u201d. A doen\u00e7a pode ser causada por fungos, v\u00edrus ou bact\u00e9rias e \u00e9 mais comum entre pacientes com sistema imunol\u00f3gico mais fragilizado, idosos, crian\u00e7as pequenas ou portadores de doen\u00e7as cr\u00f4nicas respirat\u00f3rias.<\/p>\n<p><bsp-list-loadmore class=\"PageListStandardG\" data-module=\"\" data-show-loadmore=\"true\" data-list-title-size=\"3\" data-list-description-size=\"3\"><\/p>\n<p>    <a class=\"AnchorLink\" title=\"leia-tambem\" name=\"leia-tambem\"\/><\/p>\n<p><\/bsp-list-loadmore><\/p>\n<p>A m\u00e9dica explica que os sintomas da doen\u00e7a variam conforme a intensidade da inflama\u00e7\u00e3o. \u201cGeralmente incluem febre, tosse persistente, produ\u00e7\u00e3o de catarro, falta de ar, cansa\u00e7o, dor no peito ao respirar ou tossir e sensa\u00e7\u00e3o de mal-estar geral. Em idosos, os sinais podem ser mais discretos e incluir confus\u00e3o mental, sonol\u00eancia ou queda do estado geral. Em alguns casos, a pessoa tamb\u00e9m pode apresentar respira\u00e7\u00e3o acelerada, chiado no peito e dificuldade para realizar atividades simples do dia a dia\u201d, detalha.<\/p>\n<p>O diagn\u00f3stico \u00e9 feito por meio de avalia\u00e7\u00e3o cl\u00ednica. Para confirmar a suspeita, o m\u00e9dico pode solicitar exames de imagem, como radiografia ou tomografia do t\u00f3rax. \u201cDependendo da situa\u00e7\u00e3o, tamb\u00e9m podem ser solicitados exames laboratoriais, como exames de sangue ou an\u00e1lise do escarro, para identificar o agente causador da infec\u00e7\u00e3o e orientar o tratamento mais adequado\u201d, disse \u00e0 reportagem a m\u00e9dica Michele Andreata. <\/p>\n<p>O tratamento, assim como os sintomas, tamb\u00e9m depende da intensidade da doen\u00e7a. \u201cQuando a infec\u00e7\u00e3o \u00e9 bacteriana, o uso de antibi\u00f3ticos costuma ser necess\u00e1rio. Al\u00e9m disso, podem ser indicados medicamentos para controle da febre, hidrata\u00e7\u00e3o adequada, repouso e, em alguns casos, fisioterapia respirat\u00f3ria para ajudar na elimina\u00e7\u00e3o de secre\u00e7\u00f5es.\u201d<\/p>\n<p>A broncopneumonia pode se tornar grave, \u201cespecialmente em idosos, crian\u00e7as pequenas, pessoas com doen\u00e7as pulmonares cr\u00f4nicas, pacientes imunossuprimidos ou portadores de doen\u00e7as card\u00edacas e metab\u00f3licas\u201d, alerta a pneumologista. \u201cNesses grupos, a infec\u00e7\u00e3o pode evoluir com insufici\u00eancia respirat\u00f3ria, sepse ou necessidade de suporte intensivo, o que aumenta o risco de complica\u00e7\u00f5es e, em situa\u00e7\u00f5es mais severas, pode levar ao \u00f3bito.\u201d<\/p>\n<p>Na maioria dos pacientes, a recupera\u00e7\u00e3o \u00e9 completa, sem sequelas. Por\u00e9m, em casos graves, a broncopneumonia pode causar \u201credu\u00e7\u00e3o da capacidade pulmonar, persist\u00eancia de tosse ou maior predisposi\u00e7\u00e3o a novas infec\u00e7\u00f5es respirat\u00f3rias\u201d, diz a m\u00e9dica.<\/p>\n<\/p><\/div>\n<p><script>\n  window.fbAsyncInit = function() {\n      FB.init({\n              appId : '1447052969554341',\n          xfbml : true,\n          version : 'v2.9'\n      });\n  };\n  (function(d, s, id){\n     var js, fjs = d.getElementsByTagName(s)[0];\n     if (d.getElementById(id)) {return;}\n     js = d.createElement(s); js.id = id;\n     js.src = \"https:\/\/connect.facebook.net\/en_US\/sdk.js\";\n     fjs.parentNode.insertBefore(js, fjs);\n   }(document, 'script', 'facebook-jssdk'));\n<\/script><\/p>\n","protected":false},"excerpt":{"rendered":"<p>O ex-presidente Jair Bolsonaro (PL) est\u00e1 internado com broncopneumonia bacteriana bilateral. Ele est\u00e1 na Unidade de Terapia Intensiva (UTI) ap\u00f3s dar entrada no Hospital DF Star, em Bras\u00edlia, com febre alta, queda da satura\u00e7\u00e3o de oxig\u00eanio, sudorese e calafrios. A equipe que cuida de Bolsonaro no hospital emitiu um boletim m\u00e9dico nesta sexta-feira (13). \u201cFoi&#8230;<\/p>\n","protected":false},"author":2,"featured_media":32372,"comment_status":"open","ping_status":"open","sticky":false,"template":"","format":"standard","meta":{"footnotes":""},"categories":[1],"tags":[],"class_list":["post-32371","post","type-post","status-publish","format-standard","has-post-thumbnail","hentry","category-sem-categoria"],"yoast_head":"<!-- This site is optimized with the Yoast SEO plugin v27.3 - https:\/\/yoast.com\/product\/yoast-seo-wordpress\/ -->\n<title>Broncopneumonia de Bolsonaro pode causar sepse e deixar sequelas, alerta m\u00e9dica -<\/title>\n<meta name=\"robots\" content=\"index, follow, max-snippet:-1, max-image-preview:large, max-video-preview:-1\" \/>\n<link rel=\"canonical\" href=\"https:\/\/oficialnoticias.com\/?p=32371\" \/>\n<meta property=\"og:locale\" content=\"pt_BR\" \/>\n<meta property=\"og:type\" content=\"article\" \/>\n<meta property=\"og:title\" content=\"Broncopneumonia de Bolsonaro pode causar sepse e deixar sequelas, alerta m\u00e9dica -\" \/>\n<meta property=\"og:description\" content=\"O ex-presidente Jair Bolsonaro (PL) est\u00e1 internado com broncopneumonia bacteriana bilateral. Ele est\u00e1 na Unidade de Terapia Intensiva (UTI) ap\u00f3s dar entrada no Hospital DF Star, em Bras\u00edlia, com febre alta, queda da satura\u00e7\u00e3o de oxig\u00eanio, sudorese e calafrios. A equipe que cuida de Bolsonaro no hospital emitiu um boletim m\u00e9dico nesta sexta-feira (13). \u201cFoi...\" \/>\n<meta property=\"og:url\" content=\"https:\/\/oficialnoticias.com\/?p=32371\" \/>\n<meta property=\"article:published_time\" content=\"2026-03-13T19:43:19+00:00\" \/>\n<meta property=\"article:modified_time\" content=\"2026-03-13T19:43:21+00:00\" \/>\n<meta property=\"og:image\" content=\"https:\/\/oficialnoticias.com\/wp-content\/uploads\/2026\/03\/urlhttps3A2F2Fk2-prod-radio-itatiaia.s3.us-east-1.amazonaws.com2Fbrightspot2F4e2F332Ff0a429.webp\" \/>\n\t<meta property=\"og:image:width\" content=\"1200\" \/>\n\t<meta property=\"og:image:height\" content=\"630\" \/>\n\t<meta property=\"og:image:type\" content=\"image\/webp\" \/>\n<meta name=\"author\" content=\"Luana Gon\u00e7alves\" \/>\n<meta name=\"twitter:card\" content=\"summary_large_image\" \/>\n<meta name=\"twitter:label1\" content=\"Escrito por\" \/>\n\t<meta name=\"twitter:data1\" content=\"Luana Gon\u00e7alves\" \/>\n\t<meta name=\"twitter:label2\" content=\"Est. tempo de leitura\" \/>\n\t<meta name=\"twitter:data2\" content=\"3 minutos\" \/>\n<script type=\"application\/ld+json\" class=\"yoast-schema-graph\">{\"@context\":\"https:\\\/\\\/schema.org\",\"@graph\":[{\"@type\":\"Article\",\"@id\":\"https:\\\/\\\/oficialnoticias.com\\\/?p=32371#article\",\"isPartOf\":{\"@id\":\"https:\\\/\\\/oficialnoticias.com\\\/?p=32371\"},\"author\":{\"name\":\"Luana Gon\u00e7alves\",\"@id\":\"https:\\\/\\\/oficialnoticias.com\\\/#\\\/schema\\\/person\\\/2d1dcbb6bfbc28d68171b4dc04723d4a\"},\"headline\":\"Broncopneumonia de Bolsonaro pode causar sepse e deixar sequelas, alerta m\u00e9dica\",\"datePublished\":\"2026-03-13T19:43:19+00:00\",\"dateModified\":\"2026-03-13T19:43:21+00:00\",\"mainEntityOfPage\":{\"@id\":\"https:\\\/\\\/oficialnoticias.com\\\/?p=32371\"},\"wordCount\":529,\"commentCount\":0,\"publisher\":{\"@id\":\"https:\\\/\\\/oficialnoticias.com\\\/#organization\"},\"image\":{\"@id\":\"https:\\\/\\\/oficialnoticias.com\\\/?p=32371#primaryimage\"},\"thumbnailUrl\":\"https:\\\/\\\/oficialnoticias.com\\\/wp-content\\\/uploads\\\/2026\\\/03\\\/urlhttps3A2F2Fk2-prod-radio-itatiaia.s3.us-east-1.amazonaws.com2Fbrightspot2F4e2F332Ff0a429.webp\",\"articleSection\":[\"Sa\u00fade\"],\"inLanguage\":\"pt-BR\",\"potentialAction\":[{\"@type\":\"CommentAction\",\"name\":\"Comment\",\"target\":[\"https:\\\/\\\/oficialnoticias.com\\\/?p=32371#respond\"]}]},{\"@type\":\"WebPage\",\"@id\":\"https:\\\/\\\/oficialnoticias.com\\\/?p=32371\",\"url\":\"https:\\\/\\\/oficialnoticias.com\\\/?p=32371\",\"name\":\"Broncopneumonia de Bolsonaro pode causar sepse e deixar sequelas, alerta m\u00e9dica -\",\"isPartOf\":{\"@id\":\"https:\\\/\\\/oficialnoticias.com\\\/#website\"},\"primaryImageOfPage\":{\"@id\":\"https:\\\/\\\/oficialnoticias.com\\\/?p=32371#primaryimage\"},\"image\":{\"@id\":\"https:\\\/\\\/oficialnoticias.com\\\/?p=32371#primaryimage\"},\"thumbnailUrl\":\"https:\\\/\\\/oficialnoticias.com\\\/wp-content\\\/uploads\\\/2026\\\/03\\\/urlhttps3A2F2Fk2-prod-radio-itatiaia.s3.us-east-1.amazonaws.com2Fbrightspot2F4e2F332Ff0a429.webp\",\"datePublished\":\"2026-03-13T19:43:19+00:00\",\"dateModified\":\"2026-03-13T19:43:21+00:00\",\"breadcrumb\":{\"@id\":\"https:\\\/\\\/oficialnoticias.com\\\/?p=32371#breadcrumb\"},\"inLanguage\":\"pt-BR\",\"potentialAction\":[{\"@type\":\"ReadAction\",\"target\":[\"https:\\\/\\\/oficialnoticias.com\\\/?p=32371\"]}]},{\"@type\":\"ImageObject\",\"inLanguage\":\"pt-BR\",\"@id\":\"https:\\\/\\\/oficialnoticias.com\\\/?p=32371#primaryimage\",\"url\":\"https:\\\/\\\/oficialnoticias.com\\\/wp-content\\\/uploads\\\/2026\\\/03\\\/urlhttps3A2F2Fk2-prod-radio-itatiaia.s3.us-east-1.amazonaws.com2Fbrightspot2F4e2F332Ff0a429.webp\",\"contentUrl\":\"https:\\\/\\\/oficialnoticias.com\\\/wp-content\\\/uploads\\\/2026\\\/03\\\/urlhttps3A2F2Fk2-prod-radio-itatiaia.s3.us-east-1.amazonaws.com2Fbrightspot2F4e2F332Ff0a429.webp\",\"width\":1200,\"height\":630},{\"@type\":\"BreadcrumbList\",\"@id\":\"https:\\\/\\\/oficialnoticias.com\\\/?p=32371#breadcrumb\",\"itemListElement\":[{\"@type\":\"ListItem\",\"position\":1,\"name\":\"In\u00edcio\",\"item\":\"https:\\\/\\\/oficialnoticias.com\\\/\"},{\"@type\":\"ListItem\",\"position\":2,\"name\":\"Broncopneumonia de Bolsonaro pode causar sepse e deixar sequelas, alerta m\u00e9dica\"}]},{\"@type\":\"WebSite\",\"@id\":\"https:\\\/\\\/oficialnoticias.com\\\/#website\",\"url\":\"https:\\\/\\\/oficialnoticias.com\\\/\",\"name\":\"oficial Noticias\",\"description\":\"\",\"publisher\":{\"@id\":\"https:\\\/\\\/oficialnoticias.com\\\/#organization\"},\"potentialAction\":[{\"@type\":\"SearchAction\",\"target\":{\"@type\":\"EntryPoint\",\"urlTemplate\":\"https:\\\/\\\/oficialnoticias.com\\\/?s={search_term_string}\"},\"query-input\":{\"@type\":\"PropertyValueSpecification\",\"valueRequired\":true,\"valueName\":\"search_term_string\"}}],\"inLanguage\":\"pt-BR\"},{\"@type\":\"Organization\",\"@id\":\"https:\\\/\\\/oficialnoticias.com\\\/#organization\",\"name\":\"oficial noticias\",\"url\":\"https:\\\/\\\/oficialnoticias.com\\\/\",\"logo\":{\"@type\":\"ImageObject\",\"inLanguage\":\"pt-BR\",\"@id\":\"https:\\\/\\\/oficialnoticias.com\\\/#\\\/schema\\\/logo\\\/image\\\/\",\"url\":\"https:\\\/\\\/oficialnoticias.com\\\/wp-content\\\/uploads\\\/2025\\\/08\\\/cropped-cropped-cropped-Logo-Noticias-e1753639739829.png\",\"contentUrl\":\"https:\\\/\\\/oficialnoticias.com\\\/wp-content\\\/uploads\\\/2025\\\/08\\\/cropped-cropped-cropped-Logo-Noticias-e1753639739829.png\",\"width\":119,\"height\":86,\"caption\":\"oficial noticias\"},\"image\":{\"@id\":\"https:\\\/\\\/oficialnoticias.com\\\/#\\\/schema\\\/logo\\\/image\\\/\"}},{\"@type\":\"Person\",\"@id\":\"https:\\\/\\\/oficialnoticias.com\\\/#\\\/schema\\\/person\\\/2d1dcbb6bfbc28d68171b4dc04723d4a\",\"name\":\"Luana Gon\u00e7alves\",\"image\":{\"@type\":\"ImageObject\",\"inLanguage\":\"pt-BR\",\"@id\":\"https:\\\/\\\/secure.gravatar.com\\\/avatar\\\/7aa6afdef873224c1a0265951f3fdfc0679f65dfbd15f018612595d323c52521?s=96&d=mm&r=g\",\"url\":\"https:\\\/\\\/secure.gravatar.com\\\/avatar\\\/7aa6afdef873224c1a0265951f3fdfc0679f65dfbd15f018612595d323c52521?s=96&d=mm&r=g\",\"contentUrl\":\"https:\\\/\\\/secure.gravatar.com\\\/avatar\\\/7aa6afdef873224c1a0265951f3fdfc0679f65dfbd15f018612595d323c52521?s=96&d=mm&r=g\",\"caption\":\"Luana Gon\u00e7alves\"},\"sameAs\":[\"https:\\\/\\\/oficialnoticias.com\\\/\"],\"url\":\"https:\\\/\\\/oficialnoticias.com\\\/?author=2\"}]}<\/script>\n<!-- \/ Yoast SEO plugin. -->","yoast_head_json":{"title":"Broncopneumonia de Bolsonaro pode causar sepse e deixar sequelas, alerta m\u00e9dica -","robots":{"index":"index","follow":"follow","max-snippet":"max-snippet:-1","max-image-preview":"max-image-preview:large","max-video-preview":"max-video-preview:-1"},"canonical":"https:\/\/oficialnoticias.com\/?p=32371","og_locale":"pt_BR","og_type":"article","og_title":"Broncopneumonia de Bolsonaro pode causar sepse e deixar sequelas, alerta m\u00e9dica -","og_description":"O ex-presidente Jair Bolsonaro (PL) est\u00e1 internado com broncopneumonia bacteriana bilateral. Ele est\u00e1 na Unidade de Terapia Intensiva (UTI) ap\u00f3s dar entrada no Hospital DF Star, em Bras\u00edlia, com febre alta, queda da satura\u00e7\u00e3o de oxig\u00eanio, sudorese e calafrios. A equipe que cuida de Bolsonaro no hospital emitiu um boletim m\u00e9dico nesta sexta-feira (13). \u201cFoi...","og_url":"https:\/\/oficialnoticias.com\/?p=32371","article_published_time":"2026-03-13T19:43:19+00:00","article_modified_time":"2026-03-13T19:43:21+00:00","og_image":[{"width":1200,"height":630,"url":"https:\/\/oficialnoticias.com\/wp-content\/uploads\/2026\/03\/urlhttps3A2F2Fk2-prod-radio-itatiaia.s3.us-east-1.amazonaws.com2Fbrightspot2F4e2F332Ff0a429.webp","type":"image\/webp"}],"author":"Luana Gon\u00e7alves","twitter_card":"summary_large_image","twitter_misc":{"Escrito por":"Luana Gon\u00e7alves","Est. tempo de leitura":"3 minutos"},"schema":{"@context":"https:\/\/schema.org","@graph":[{"@type":"Article","@id":"https:\/\/oficialnoticias.com\/?p=32371#article","isPartOf":{"@id":"https:\/\/oficialnoticias.com\/?p=32371"},"author":{"name":"Luana Gon\u00e7alves","@id":"https:\/\/oficialnoticias.com\/#\/schema\/person\/2d1dcbb6bfbc28d68171b4dc04723d4a"},"headline":"Broncopneumonia de Bolsonaro pode causar sepse e deixar sequelas, alerta m\u00e9dica","datePublished":"2026-03-13T19:43:19+00:00","dateModified":"2026-03-13T19:43:21+00:00","mainEntityOfPage":{"@id":"https:\/\/oficialnoticias.com\/?p=32371"},"wordCount":529,"commentCount":0,"publisher":{"@id":"https:\/\/oficialnoticias.com\/#organization"},"image":{"@id":"https:\/\/oficialnoticias.com\/?p=32371#primaryimage"},"thumbnailUrl":"https:\/\/oficialnoticias.com\/wp-content\/uploads\/2026\/03\/urlhttps3A2F2Fk2-prod-radio-itatiaia.s3.us-east-1.amazonaws.com2Fbrightspot2F4e2F332Ff0a429.webp","articleSection":["Sa\u00fade"],"inLanguage":"pt-BR","potentialAction":[{"@type":"CommentAction","name":"Comment","target":["https:\/\/oficialnoticias.com\/?p=32371#respond"]}]},{"@type":"WebPage","@id":"https:\/\/oficialnoticias.com\/?p=32371","url":"https:\/\/oficialnoticias.com\/?p=32371","name":"Broncopneumonia de Bolsonaro pode causar sepse e deixar sequelas, alerta m\u00e9dica -","isPartOf":{"@id":"https:\/\/oficialnoticias.com\/#website"},"primaryImageOfPage":{"@id":"https:\/\/oficialnoticias.com\/?p=32371#primaryimage"},"image":{"@id":"https:\/\/oficialnoticias.com\/?p=32371#primaryimage"},"thumbnailUrl":"https:\/\/oficialnoticias.com\/wp-content\/uploads\/2026\/03\/urlhttps3A2F2Fk2-prod-radio-itatiaia.s3.us-east-1.amazonaws.com2Fbrightspot2F4e2F332Ff0a429.webp","datePublished":"2026-03-13T19:43:19+00:00","dateModified":"2026-03-13T19:43:21+00:00","breadcrumb":{"@id":"https:\/\/oficialnoticias.com\/?p=32371#breadcrumb"},"inLanguage":"pt-BR","potentialAction":[{"@type":"ReadAction","target":["https:\/\/oficialnoticias.com\/?p=32371"]}]},{"@type":"ImageObject","inLanguage":"pt-BR","@id":"https:\/\/oficialnoticias.com\/?p=32371#primaryimage","url":"https:\/\/oficialnoticias.com\/wp-content\/uploads\/2026\/03\/urlhttps3A2F2Fk2-prod-radio-itatiaia.s3.us-east-1.amazonaws.com2Fbrightspot2F4e2F332Ff0a429.webp","contentUrl":"https:\/\/oficialnoticias.com\/wp-content\/uploads\/2026\/03\/urlhttps3A2F2Fk2-prod-radio-itatiaia.s3.us-east-1.amazonaws.com2Fbrightspot2F4e2F332Ff0a429.webp","width":1200,"height":630},{"@type":"BreadcrumbList","@id":"https:\/\/oficialnoticias.com\/?p=32371#breadcrumb","itemListElement":[{"@type":"ListItem","position":1,"name":"In\u00edcio","item":"https:\/\/oficialnoticias.com\/"},{"@type":"ListItem","position":2,"name":"Broncopneumonia de Bolsonaro pode causar sepse e deixar sequelas, alerta m\u00e9dica"}]},{"@type":"WebSite","@id":"https:\/\/oficialnoticias.com\/#website","url":"https:\/\/oficialnoticias.com\/","name":"oficial Noticias","description":"","publisher":{"@id":"https:\/\/oficialnoticias.com\/#organization"},"potentialAction":[{"@type":"SearchAction","target":{"@type":"EntryPoint","urlTemplate":"https:\/\/oficialnoticias.com\/?s={search_term_string}"},"query-input":{"@type":"PropertyValueSpecification","valueRequired":true,"valueName":"search_term_string"}}],"inLanguage":"pt-BR"},{"@type":"Organization","@id":"https:\/\/oficialnoticias.com\/#organization","name":"oficial noticias","url":"https:\/\/oficialnoticias.com\/","logo":{"@type":"ImageObject","inLanguage":"pt-BR","@id":"https:\/\/oficialnoticias.com\/#\/schema\/logo\/image\/","url":"https:\/\/oficialnoticias.com\/wp-content\/uploads\/2025\/08\/cropped-cropped-cropped-Logo-Noticias-e1753639739829.png","contentUrl":"https:\/\/oficialnoticias.com\/wp-content\/uploads\/2025\/08\/cropped-cropped-cropped-Logo-Noticias-e1753639739829.png","width":119,"height":86,"caption":"oficial noticias"},"image":{"@id":"https:\/\/oficialnoticias.com\/#\/schema\/logo\/image\/"}},{"@type":"Person","@id":"https:\/\/oficialnoticias.com\/#\/schema\/person\/2d1dcbb6bfbc28d68171b4dc04723d4a","name":"Luana Gon\u00e7alves","image":{"@type":"ImageObject","inLanguage":"pt-BR","@id":"https:\/\/secure.gravatar.com\/avatar\/7aa6afdef873224c1a0265951f3fdfc0679f65dfbd15f018612595d323c52521?s=96&d=mm&r=g","url":"https:\/\/secure.gravatar.com\/avatar\/7aa6afdef873224c1a0265951f3fdfc0679f65dfbd15f018612595d323c52521?s=96&d=mm&r=g","contentUrl":"https:\/\/secure.gravatar.com\/avatar\/7aa6afdef873224c1a0265951f3fdfc0679f65dfbd15f018612595d323c52521?s=96&d=mm&r=g","caption":"Luana Gon\u00e7alves"},"sameAs":["https:\/\/oficialnoticias.com\/"],"url":"https:\/\/oficialnoticias.com\/?author=2"}]}},"_links":{"self":[{"href":"https:\/\/oficialnoticias.com\/index.php?rest_route=\/wp\/v2\/posts\/32371","targetHints":{"allow":["GET"]}}],"collection":[{"href":"https:\/\/oficialnoticias.com\/index.php?rest_route=\/wp\/v2\/posts"}],"about":[{"href":"https:\/\/oficialnoticias.com\/index.php?rest_route=\/wp\/v2\/types\/post"}],"author":[{"embeddable":true,"href":"https:\/\/oficialnoticias.com\/index.php?rest_route=\/wp\/v2\/users\/2"}],"replies":[{"embeddable":true,"href":"https:\/\/oficialnoticias.com\/index.php?rest_route=%2Fwp%2Fv2%2Fcomments&post=32371"}],"version-history":[{"count":1,"href":"https:\/\/oficialnoticias.com\/index.php?rest_route=\/wp\/v2\/posts\/32371\/revisions"}],"predecessor-version":[{"id":32373,"href":"https:\/\/oficialnoticias.com\/index.php?rest_route=\/wp\/v2\/posts\/32371\/revisions\/32373"}],"wp:featuredmedia":[{"embeddable":true,"href":"https:\/\/oficialnoticias.com\/index.php?rest_route=\/wp\/v2\/media\/32372"}],"wp:attachment":[{"href":"https:\/\/oficialnoticias.com\/index.php?rest_route=%2Fwp%2Fv2%2Fmedia&parent=32371"}],"wp:term":[{"taxonomy":"category","embeddable":true,"href":"https:\/\/oficialnoticias.com\/index.php?rest_route=%2Fwp%2Fv2%2Fcategories&post=32371"},{"taxonomy":"post_tag","embeddable":true,"href":"https:\/\/oficialnoticias.com\/index.php?rest_route=%2Fwp%2Fv2%2Ftags&post=32371"}],"curies":[{"name":"wp","href":"https:\/\/api.w.org\/{rel}","templated":true}]}}