{"id":32359,"date":"2026-03-13T10:09:15","date_gmt":"2026-03-13T13:09:15","guid":{"rendered":"https:\/\/oficialnoticias.com\/?p=32359"},"modified":"2026-03-13T10:09:16","modified_gmt":"2026-03-13T13:09:16","slug":"mesmo-sem-anuncio-da-petrobras-combustivel-tem-reajuste-em-mg-em-meio-a-guerra","status":"publish","type":"post","link":"https:\/\/oficialnoticias.com\/?p=32359","title":{"rendered":"Mesmo sem an\u00fancio da Petrobras, combust\u00edvel tem reajuste em MG em meio \u00e0 guerra"},"content":{"rendered":"<p><\/p>\n<div>\n<p>Com a <bsp-link-enhancement><br \/>\n    <span class=\"LinkEnhancement\"><a class=\"Link\" href=\"https:\/\/www.itatiaia.com.br\/mundo\/oriente-medio-investigacao-aponta-que-eua-sao-responsaveis-por-ataque-em-escola-no-ira\" target=\"_blank\" title=\"&lt;b&gt;guerra no Oriente M\u00e9dio&lt;\/b&gt;\" rel=\"noopener\"><b>guerra no Oriente M\u00e9dio<\/b><\/a><\/span><\/bsp-link-enhancement>, a poss\u00edvel alta do combust\u00edvel gera apreens\u00e3o em todo o pa\u00eds. Em Minas, j\u00e1 s\u00e3o registrados reajustes e, por isso, o Governo Federal<bsp-link-enhancement><br \/>\n    <span class=\"LinkEnhancement\"><a class=\"Link\" href=\"https:\/\/www.itatiaia.com.br\/economia\/governo-pede-investigacao-do-aumento-no-preco-dos-combustiveis-em-quatro-estados\" target=\"_blank\" title=\" &lt;b&gt;investiga ind\u00edcios de abusos nos postos&lt;\/b&gt;\" rel=\"noopener\"> <b>investiga ind\u00edcios de abusos nos postos<\/b><\/a><\/span><\/bsp-link-enhancement>.Na capital, o destaque \u00e9 o etanol, que, segundo os motoristas, j\u00e1 encareceu R$ 0,60 no litro nesta semana:<\/p>\n<p>Motorista de aplicativo, Fabr\u00edcio Tavares afirma que o impacto no bolso \u00e9 grande, j\u00e1 que o abastecimento faz parte da rotina de trabalho. \u201cCheguei a pagar R$ 4,29 no litro de etanol. Hoje paguei R$ 4,89. S\u00e3o 60 centavos de diferen\u00e7a, \u00e9 muita coisa. A gente abastece praticamente todos os dias, cerca de 25 a 30 litros\u201d, disse.<\/p>\n<p><bsp-list-loadmore class=\"PageListStandardG\" data-module=\"\" data-show-loadmore=\"true\" data-list-title-size=\"3\" data-list-description-size=\"3\"><\/p>\n<p>    <a class=\"AnchorLink\" title=\"leia-tambem\" name=\"leia-tambem\"\/><\/p>\n<p><\/bsp-list-loadmore><\/p>\n<p>O auxiliar administrativo Thiago Fernandes Braz, de 41 anos, tamb\u00e9m percebeu varia\u00e7\u00e3o de pre\u00e7os entre os postos da cidade. \u201cNa segunda-feira paguei R$ 4,38 no etanol. Depois rodei pela cidade e vi que os pre\u00e7os mudam muito de um posto para outro. Alguns s\u00e3o mais caros, outros mais baratos, mas nem sempre compensa rodar para procurar\u201d, relatou.<\/p>\n<p>Para quem trabalha dirigindo, como taxistas e motoristas de aplicativo, o impacto \u00e9 ainda maior. O presidente do Sindicato dos Taxistas de Belo Horizonte (Sincavir), Jo\u00e3o Paulo de Castro Dias, afirma que qualquer reajuste no combust\u00edvel afeta diretamente a renda da categoria.<\/p>\n<p>\u201cQuando o combust\u00edvel sobe, o taxista deixa de ganhar e passa a gastar mais. Em m\u00e9dia, o taxista roda entre 100 e 150 quil\u00f4metros por dia e precisa abastecer diariamente. No fim do m\u00eas, isso faz muita diferen\u00e7a no or\u00e7amento\u201d, explicou.<\/p>\n<p>Segundo ele, embora o pre\u00e7o das corridas seja tabelado, os aumentos acabam pressionando o setor. \u201cA gente n\u00e3o quer repassar esse custo para o consumidor, mas precisa conseguir manter o trabalho e a ferramenta que \u00e9 o t\u00e1xi\u201d, disse.<\/p>\n<h2>Pr\u00e1ticas abusivas<\/h2>\n<p>O advogado especialista em direito do consumidor Bruno Teodoro explica que aumentos sem justificativa podem ser considerados abusivos. \u201cO consumidor deve desconfiar quando os pre\u00e7os sobem sem explica\u00e7\u00e3o. A crise internacional pode influenciar, mas at\u00e9 agora o que existe \u00e9 mais especula\u00e7\u00e3o do que impacto real\u201d, afirmou.<\/p>\n<p>Ele ressalta que, embora a precifica\u00e7\u00e3o dos combust\u00edveis no Brasil seja livre, os postos precisam respeitar limites de margem. \u201cEm geral, considera-se abusivo quando o lucro ultrapassa cerca de 20%, configurando vantagem excessiva\u201d, disse.<\/p>\n<p><b>Leia tamb\u00e9m:<\/b><\/p>\n<p>Entre as irregularidades investigadas est\u00e3o pre\u00e7os abusivos e suspeitas de cartel entre postos. Em caso de suspeita, consumidores podem procurar o Procon, a Delegacia de Defesa do Consumidor ou o Minist\u00e9rio P\u00fablico.<\/p>\n<p>O Minaspetro, sindicato que representa os postos de combust\u00edveis em Minas Gerais, afirmou que acompanha a situa\u00e7\u00e3o e alertou para dificuldades enfrentadas por revendedores. <\/p>\n<p>Segundo a entidade, distribuidoras estariam impondo restri\u00e7\u00f5es na venda de combust\u00edveis, principalmente para postos de bandeira branca, o que teria provocado epis\u00f3dios pontuais de falta de combust\u00edvel em alguns estabelecimentos.<\/p>\n<p>De acordo com o sindicato, o setor segue monitorando as bases de distribui\u00e7\u00e3o e mant\u00e9m os revendedores informados sobre poss\u00edveis impactos no abastecimento no estado.<\/p>\n<\/p><\/div>\n<p><script>\n  window.fbAsyncInit = function() {\n      FB.init({\n              appId : '1447052969554341',\n          xfbml : true,\n          version : 'v2.9'\n      });\n  };\n  (function(d, s, id){\n     var js, fjs = d.getElementsByTagName(s)[0];\n     if (d.getElementById(id)) {return;}\n     js = d.createElement(s); js.id = id;\n     js.src = \"https:\/\/connect.facebook.net\/en_US\/sdk.js\";\n     fjs.parentNode.insertBefore(js, fjs);\n   }(document, 'script', 'facebook-jssdk'));\n<\/script><\/p>\n","protected":false},"excerpt":{"rendered":"<p>Com a guerra no Oriente M\u00e9dio, a poss\u00edvel alta do combust\u00edvel gera apreens\u00e3o em todo o pa\u00eds. Em Minas, j\u00e1 s\u00e3o registrados reajustes e, por isso, o Governo Federal investiga ind\u00edcios de abusos nos postos.Na capital, o destaque \u00e9 o etanol, que, segundo os motoristas, j\u00e1 encareceu R$ 0,60 no litro nesta semana: Motorista de&#8230;<\/p>\n","protected":false},"author":2,"featured_media":32360,"comment_status":"open","ping_status":"open","sticky":false,"template":"","format":"standard","meta":{"footnotes":""},"categories":[25],"tags":[],"class_list":["post-32359","post","type-post","status-publish","format-standard","has-post-thumbnail","hentry","category-economia"],"yoast_head":"<!-- This site is optimized with the Yoast SEO plugin v27.3 - https:\/\/yoast.com\/product\/yoast-seo-wordpress\/ -->\n<title>Mesmo sem an\u00fancio da Petrobras, combust\u00edvel tem reajuste em MG em meio \u00e0 guerra -<\/title>\n<meta name=\"robots\" content=\"index, follow, max-snippet:-1, max-image-preview:large, max-video-preview:-1\" \/>\n<link rel=\"canonical\" href=\"https:\/\/oficialnoticias.com\/?p=32359\" \/>\n<meta property=\"og:locale\" content=\"pt_BR\" \/>\n<meta property=\"og:type\" content=\"article\" \/>\n<meta property=\"og:title\" content=\"Mesmo sem an\u00fancio da Petrobras, combust\u00edvel tem reajuste em MG em meio \u00e0 guerra -\" \/>\n<meta property=\"og:description\" content=\"Com a guerra no Oriente M\u00e9dio, a poss\u00edvel alta do combust\u00edvel gera apreens\u00e3o em todo o pa\u00eds. Em Minas, j\u00e1 s\u00e3o registrados reajustes e, por isso, o Governo Federal investiga ind\u00edcios de abusos nos postos.Na capital, o destaque \u00e9 o etanol, que, segundo os motoristas, j\u00e1 encareceu R$ 0,60 no litro nesta semana: Motorista de...\" \/>\n<meta property=\"og:url\" content=\"https:\/\/oficialnoticias.com\/?p=32359\" \/>\n<meta property=\"article:published_time\" content=\"2026-03-13T13:09:15+00:00\" \/>\n<meta property=\"article:modified_time\" content=\"2026-03-13T13:09:16+00:00\" \/>\n<meta property=\"og:image\" content=\"https:\/\/oficialnoticias.com\/wp-content\/uploads\/2026\/03\/urlhttps3A2F2Fk2-prod-radio-itatiaia.s3.us-east-1.amazonaws.com2Fbrightspot2F402F302Fb79079.webp\" \/>\n\t<meta property=\"og:image:width\" content=\"1200\" \/>\n\t<meta property=\"og:image:height\" content=\"630\" \/>\n\t<meta property=\"og:image:type\" content=\"image\/webp\" \/>\n<meta name=\"author\" content=\"Luana Gon\u00e7alves\" \/>\n<meta name=\"twitter:card\" content=\"summary_large_image\" \/>\n<meta name=\"twitter:label1\" content=\"Escrito por\" \/>\n\t<meta name=\"twitter:data1\" content=\"Luana Gon\u00e7alves\" \/>\n\t<meta name=\"twitter:label2\" content=\"Est. tempo de leitura\" \/>\n\t<meta name=\"twitter:data2\" content=\"3 minutos\" \/>\n<script type=\"application\/ld+json\" class=\"yoast-schema-graph\">{\"@context\":\"https:\\\/\\\/schema.org\",\"@graph\":[{\"@type\":\"Article\",\"@id\":\"https:\\\/\\\/oficialnoticias.com\\\/?p=32359#article\",\"isPartOf\":{\"@id\":\"https:\\\/\\\/oficialnoticias.com\\\/?p=32359\"},\"author\":{\"name\":\"Luana Gon\u00e7alves\",\"@id\":\"https:\\\/\\\/oficialnoticias.com\\\/#\\\/schema\\\/person\\\/2d1dcbb6bfbc28d68171b4dc04723d4a\"},\"headline\":\"Mesmo sem an\u00fancio da Petrobras, combust\u00edvel tem reajuste em MG em meio \u00e0 guerra\",\"datePublished\":\"2026-03-13T13:09:15+00:00\",\"dateModified\":\"2026-03-13T13:09:16+00:00\",\"mainEntityOfPage\":{\"@id\":\"https:\\\/\\\/oficialnoticias.com\\\/?p=32359\"},\"wordCount\":531,\"commentCount\":0,\"publisher\":{\"@id\":\"https:\\\/\\\/oficialnoticias.com\\\/#organization\"},\"image\":{\"@id\":\"https:\\\/\\\/oficialnoticias.com\\\/?p=32359#primaryimage\"},\"thumbnailUrl\":\"https:\\\/\\\/oficialnoticias.com\\\/wp-content\\\/uploads\\\/2026\\\/03\\\/urlhttps3A2F2Fk2-prod-radio-itatiaia.s3.us-east-1.amazonaws.com2Fbrightspot2F402F302Fb79079.webp\",\"articleSection\":[\"Economia\"],\"inLanguage\":\"pt-BR\",\"potentialAction\":[{\"@type\":\"CommentAction\",\"name\":\"Comment\",\"target\":[\"https:\\\/\\\/oficialnoticias.com\\\/?p=32359#respond\"]}]},{\"@type\":\"WebPage\",\"@id\":\"https:\\\/\\\/oficialnoticias.com\\\/?p=32359\",\"url\":\"https:\\\/\\\/oficialnoticias.com\\\/?p=32359\",\"name\":\"Mesmo sem an\u00fancio da Petrobras, combust\u00edvel tem reajuste em MG em meio \u00e0 guerra -\",\"isPartOf\":{\"@id\":\"https:\\\/\\\/oficialnoticias.com\\\/#website\"},\"primaryImageOfPage\":{\"@id\":\"https:\\\/\\\/oficialnoticias.com\\\/?p=32359#primaryimage\"},\"image\":{\"@id\":\"https:\\\/\\\/oficialnoticias.com\\\/?p=32359#primaryimage\"},\"thumbnailUrl\":\"https:\\\/\\\/oficialnoticias.com\\\/wp-content\\\/uploads\\\/2026\\\/03\\\/urlhttps3A2F2Fk2-prod-radio-itatiaia.s3.us-east-1.amazonaws.com2Fbrightspot2F402F302Fb79079.webp\",\"datePublished\":\"2026-03-13T13:09:15+00:00\",\"dateModified\":\"2026-03-13T13:09:16+00:00\",\"breadcrumb\":{\"@id\":\"https:\\\/\\\/oficialnoticias.com\\\/?p=32359#breadcrumb\"},\"inLanguage\":\"pt-BR\",\"potentialAction\":[{\"@type\":\"ReadAction\",\"target\":[\"https:\\\/\\\/oficialnoticias.com\\\/?p=32359\"]}]},{\"@type\":\"ImageObject\",\"inLanguage\":\"pt-BR\",\"@id\":\"https:\\\/\\\/oficialnoticias.com\\\/?p=32359#primaryimage\",\"url\":\"https:\\\/\\\/oficialnoticias.com\\\/wp-content\\\/uploads\\\/2026\\\/03\\\/urlhttps3A2F2Fk2-prod-radio-itatiaia.s3.us-east-1.amazonaws.com2Fbrightspot2F402F302Fb79079.webp\",\"contentUrl\":\"https:\\\/\\\/oficialnoticias.com\\\/wp-content\\\/uploads\\\/2026\\\/03\\\/urlhttps3A2F2Fk2-prod-radio-itatiaia.s3.us-east-1.amazonaws.com2Fbrightspot2F402F302Fb79079.webp\",\"width\":1200,\"height\":630},{\"@type\":\"BreadcrumbList\",\"@id\":\"https:\\\/\\\/oficialnoticias.com\\\/?p=32359#breadcrumb\",\"itemListElement\":[{\"@type\":\"ListItem\",\"position\":1,\"name\":\"In\u00edcio\",\"item\":\"https:\\\/\\\/oficialnoticias.com\\\/\"},{\"@type\":\"ListItem\",\"position\":2,\"name\":\"Mesmo sem an\u00fancio da Petrobras, combust\u00edvel tem reajuste em MG em meio \u00e0 guerra\"}]},{\"@type\":\"WebSite\",\"@id\":\"https:\\\/\\\/oficialnoticias.com\\\/#website\",\"url\":\"https:\\\/\\\/oficialnoticias.com\\\/\",\"name\":\"oficial Noticias\",\"description\":\"\",\"publisher\":{\"@id\":\"https:\\\/\\\/oficialnoticias.com\\\/#organization\"},\"potentialAction\":[{\"@type\":\"SearchAction\",\"target\":{\"@type\":\"EntryPoint\",\"urlTemplate\":\"https:\\\/\\\/oficialnoticias.com\\\/?s={search_term_string}\"},\"query-input\":{\"@type\":\"PropertyValueSpecification\",\"valueRequired\":true,\"valueName\":\"search_term_string\"}}],\"inLanguage\":\"pt-BR\"},{\"@type\":\"Organization\",\"@id\":\"https:\\\/\\\/oficialnoticias.com\\\/#organization\",\"name\":\"oficial noticias\",\"url\":\"https:\\\/\\\/oficialnoticias.com\\\/\",\"logo\":{\"@type\":\"ImageObject\",\"inLanguage\":\"pt-BR\",\"@id\":\"https:\\\/\\\/oficialnoticias.com\\\/#\\\/schema\\\/logo\\\/image\\\/\",\"url\":\"https:\\\/\\\/oficialnoticias.com\\\/wp-content\\\/uploads\\\/2025\\\/08\\\/cropped-cropped-cropped-Logo-Noticias-e1753639739829.png\",\"contentUrl\":\"https:\\\/\\\/oficialnoticias.com\\\/wp-content\\\/uploads\\\/2025\\\/08\\\/cropped-cropped-cropped-Logo-Noticias-e1753639739829.png\",\"width\":119,\"height\":86,\"caption\":\"oficial noticias\"},\"image\":{\"@id\":\"https:\\\/\\\/oficialnoticias.com\\\/#\\\/schema\\\/logo\\\/image\\\/\"}},{\"@type\":\"Person\",\"@id\":\"https:\\\/\\\/oficialnoticias.com\\\/#\\\/schema\\\/person\\\/2d1dcbb6bfbc28d68171b4dc04723d4a\",\"name\":\"Luana Gon\u00e7alves\",\"image\":{\"@type\":\"ImageObject\",\"inLanguage\":\"pt-BR\",\"@id\":\"https:\\\/\\\/secure.gravatar.com\\\/avatar\\\/7aa6afdef873224c1a0265951f3fdfc0679f65dfbd15f018612595d323c52521?s=96&d=mm&r=g\",\"url\":\"https:\\\/\\\/secure.gravatar.com\\\/avatar\\\/7aa6afdef873224c1a0265951f3fdfc0679f65dfbd15f018612595d323c52521?s=96&d=mm&r=g\",\"contentUrl\":\"https:\\\/\\\/secure.gravatar.com\\\/avatar\\\/7aa6afdef873224c1a0265951f3fdfc0679f65dfbd15f018612595d323c52521?s=96&d=mm&r=g\",\"caption\":\"Luana Gon\u00e7alves\"},\"sameAs\":[\"https:\\\/\\\/oficialnoticias.com\\\/\"],\"url\":\"https:\\\/\\\/oficialnoticias.com\\\/?author=2\"}]}<\/script>\n<!-- \/ Yoast SEO plugin. -->","yoast_head_json":{"title":"Mesmo sem an\u00fancio da Petrobras, combust\u00edvel tem reajuste em MG em meio \u00e0 guerra -","robots":{"index":"index","follow":"follow","max-snippet":"max-snippet:-1","max-image-preview":"max-image-preview:large","max-video-preview":"max-video-preview:-1"},"canonical":"https:\/\/oficialnoticias.com\/?p=32359","og_locale":"pt_BR","og_type":"article","og_title":"Mesmo sem an\u00fancio da Petrobras, combust\u00edvel tem reajuste em MG em meio \u00e0 guerra -","og_description":"Com a guerra no Oriente M\u00e9dio, a poss\u00edvel alta do combust\u00edvel gera apreens\u00e3o em todo o pa\u00eds. Em Minas, j\u00e1 s\u00e3o registrados reajustes e, por isso, o Governo Federal investiga ind\u00edcios de abusos nos postos.Na capital, o destaque \u00e9 o etanol, que, segundo os motoristas, j\u00e1 encareceu R$ 0,60 no litro nesta semana: Motorista de...","og_url":"https:\/\/oficialnoticias.com\/?p=32359","article_published_time":"2026-03-13T13:09:15+00:00","article_modified_time":"2026-03-13T13:09:16+00:00","og_image":[{"width":1200,"height":630,"url":"https:\/\/oficialnoticias.com\/wp-content\/uploads\/2026\/03\/urlhttps3A2F2Fk2-prod-radio-itatiaia.s3.us-east-1.amazonaws.com2Fbrightspot2F402F302Fb79079.webp","type":"image\/webp"}],"author":"Luana Gon\u00e7alves","twitter_card":"summary_large_image","twitter_misc":{"Escrito por":"Luana Gon\u00e7alves","Est. tempo de leitura":"3 minutos"},"schema":{"@context":"https:\/\/schema.org","@graph":[{"@type":"Article","@id":"https:\/\/oficialnoticias.com\/?p=32359#article","isPartOf":{"@id":"https:\/\/oficialnoticias.com\/?p=32359"},"author":{"name":"Luana Gon\u00e7alves","@id":"https:\/\/oficialnoticias.com\/#\/schema\/person\/2d1dcbb6bfbc28d68171b4dc04723d4a"},"headline":"Mesmo sem an\u00fancio da Petrobras, combust\u00edvel tem reajuste em MG em meio \u00e0 guerra","datePublished":"2026-03-13T13:09:15+00:00","dateModified":"2026-03-13T13:09:16+00:00","mainEntityOfPage":{"@id":"https:\/\/oficialnoticias.com\/?p=32359"},"wordCount":531,"commentCount":0,"publisher":{"@id":"https:\/\/oficialnoticias.com\/#organization"},"image":{"@id":"https:\/\/oficialnoticias.com\/?p=32359#primaryimage"},"thumbnailUrl":"https:\/\/oficialnoticias.com\/wp-content\/uploads\/2026\/03\/urlhttps3A2F2Fk2-prod-radio-itatiaia.s3.us-east-1.amazonaws.com2Fbrightspot2F402F302Fb79079.webp","articleSection":["Economia"],"inLanguage":"pt-BR","potentialAction":[{"@type":"CommentAction","name":"Comment","target":["https:\/\/oficialnoticias.com\/?p=32359#respond"]}]},{"@type":"WebPage","@id":"https:\/\/oficialnoticias.com\/?p=32359","url":"https:\/\/oficialnoticias.com\/?p=32359","name":"Mesmo sem an\u00fancio da Petrobras, combust\u00edvel tem reajuste em MG em meio \u00e0 guerra -","isPartOf":{"@id":"https:\/\/oficialnoticias.com\/#website"},"primaryImageOfPage":{"@id":"https:\/\/oficialnoticias.com\/?p=32359#primaryimage"},"image":{"@id":"https:\/\/oficialnoticias.com\/?p=32359#primaryimage"},"thumbnailUrl":"https:\/\/oficialnoticias.com\/wp-content\/uploads\/2026\/03\/urlhttps3A2F2Fk2-prod-radio-itatiaia.s3.us-east-1.amazonaws.com2Fbrightspot2F402F302Fb79079.webp","datePublished":"2026-03-13T13:09:15+00:00","dateModified":"2026-03-13T13:09:16+00:00","breadcrumb":{"@id":"https:\/\/oficialnoticias.com\/?p=32359#breadcrumb"},"inLanguage":"pt-BR","potentialAction":[{"@type":"ReadAction","target":["https:\/\/oficialnoticias.com\/?p=32359"]}]},{"@type":"ImageObject","inLanguage":"pt-BR","@id":"https:\/\/oficialnoticias.com\/?p=32359#primaryimage","url":"https:\/\/oficialnoticias.com\/wp-content\/uploads\/2026\/03\/urlhttps3A2F2Fk2-prod-radio-itatiaia.s3.us-east-1.amazonaws.com2Fbrightspot2F402F302Fb79079.webp","contentUrl":"https:\/\/oficialnoticias.com\/wp-content\/uploads\/2026\/03\/urlhttps3A2F2Fk2-prod-radio-itatiaia.s3.us-east-1.amazonaws.com2Fbrightspot2F402F302Fb79079.webp","width":1200,"height":630},{"@type":"BreadcrumbList","@id":"https:\/\/oficialnoticias.com\/?p=32359#breadcrumb","itemListElement":[{"@type":"ListItem","position":1,"name":"In\u00edcio","item":"https:\/\/oficialnoticias.com\/"},{"@type":"ListItem","position":2,"name":"Mesmo sem an\u00fancio da Petrobras, combust\u00edvel tem reajuste em MG em meio \u00e0 guerra"}]},{"@type":"WebSite","@id":"https:\/\/oficialnoticias.com\/#website","url":"https:\/\/oficialnoticias.com\/","name":"oficial Noticias","description":"","publisher":{"@id":"https:\/\/oficialnoticias.com\/#organization"},"potentialAction":[{"@type":"SearchAction","target":{"@type":"EntryPoint","urlTemplate":"https:\/\/oficialnoticias.com\/?s={search_term_string}"},"query-input":{"@type":"PropertyValueSpecification","valueRequired":true,"valueName":"search_term_string"}}],"inLanguage":"pt-BR"},{"@type":"Organization","@id":"https:\/\/oficialnoticias.com\/#organization","name":"oficial noticias","url":"https:\/\/oficialnoticias.com\/","logo":{"@type":"ImageObject","inLanguage":"pt-BR","@id":"https:\/\/oficialnoticias.com\/#\/schema\/logo\/image\/","url":"https:\/\/oficialnoticias.com\/wp-content\/uploads\/2025\/08\/cropped-cropped-cropped-Logo-Noticias-e1753639739829.png","contentUrl":"https:\/\/oficialnoticias.com\/wp-content\/uploads\/2025\/08\/cropped-cropped-cropped-Logo-Noticias-e1753639739829.png","width":119,"height":86,"caption":"oficial noticias"},"image":{"@id":"https:\/\/oficialnoticias.com\/#\/schema\/logo\/image\/"}},{"@type":"Person","@id":"https:\/\/oficialnoticias.com\/#\/schema\/person\/2d1dcbb6bfbc28d68171b4dc04723d4a","name":"Luana Gon\u00e7alves","image":{"@type":"ImageObject","inLanguage":"pt-BR","@id":"https:\/\/secure.gravatar.com\/avatar\/7aa6afdef873224c1a0265951f3fdfc0679f65dfbd15f018612595d323c52521?s=96&d=mm&r=g","url":"https:\/\/secure.gravatar.com\/avatar\/7aa6afdef873224c1a0265951f3fdfc0679f65dfbd15f018612595d323c52521?s=96&d=mm&r=g","contentUrl":"https:\/\/secure.gravatar.com\/avatar\/7aa6afdef873224c1a0265951f3fdfc0679f65dfbd15f018612595d323c52521?s=96&d=mm&r=g","caption":"Luana Gon\u00e7alves"},"sameAs":["https:\/\/oficialnoticias.com\/"],"url":"https:\/\/oficialnoticias.com\/?author=2"}]}},"_links":{"self":[{"href":"https:\/\/oficialnoticias.com\/index.php?rest_route=\/wp\/v2\/posts\/32359","targetHints":{"allow":["GET"]}}],"collection":[{"href":"https:\/\/oficialnoticias.com\/index.php?rest_route=\/wp\/v2\/posts"}],"about":[{"href":"https:\/\/oficialnoticias.com\/index.php?rest_route=\/wp\/v2\/types\/post"}],"author":[{"embeddable":true,"href":"https:\/\/oficialnoticias.com\/index.php?rest_route=\/wp\/v2\/users\/2"}],"replies":[{"embeddable":true,"href":"https:\/\/oficialnoticias.com\/index.php?rest_route=%2Fwp%2Fv2%2Fcomments&post=32359"}],"version-history":[{"count":1,"href":"https:\/\/oficialnoticias.com\/index.php?rest_route=\/wp\/v2\/posts\/32359\/revisions"}],"predecessor-version":[{"id":32361,"href":"https:\/\/oficialnoticias.com\/index.php?rest_route=\/wp\/v2\/posts\/32359\/revisions\/32361"}],"wp:featuredmedia":[{"embeddable":true,"href":"https:\/\/oficialnoticias.com\/index.php?rest_route=\/wp\/v2\/media\/32360"}],"wp:attachment":[{"href":"https:\/\/oficialnoticias.com\/index.php?rest_route=%2Fwp%2Fv2%2Fmedia&parent=32359"}],"wp:term":[{"taxonomy":"category","embeddable":true,"href":"https:\/\/oficialnoticias.com\/index.php?rest_route=%2Fwp%2Fv2%2Fcategories&post=32359"},{"taxonomy":"post_tag","embeddable":true,"href":"https:\/\/oficialnoticias.com\/index.php?rest_route=%2Fwp%2Fv2%2Ftags&post=32359"}],"curies":[{"name":"wp","href":"https:\/\/api.w.org\/{rel}","templated":true}]}}