{"id":32350,"date":"2026-03-13T05:02:30","date_gmt":"2026-03-13T08:02:30","guid":{"rendered":"https:\/\/oficialnoticias.com\/?p=32350"},"modified":"2026-03-13T05:02:32","modified_gmt":"2026-03-13T08:02:32","slug":"fiemg-avalia-medidas-para-combustiveis-como-necessarias-mas-alerta-para-desafio-fiscal","status":"publish","type":"post","link":"https:\/\/oficialnoticias.com\/?p=32350","title":{"rendered":"Fiemg avalia medidas para combust\u00edveis como necess\u00e1rias, mas alerta para desafio fiscal"},"content":{"rendered":"<p><\/p>\n<div>\n<p>A Federa\u00e7\u00e3o das Ind\u00fastrias de Minas Gerais (Fiemg) avaliou que as medidas anunciadas pelo governo federal, nesta quinta-feira (12), com o objetivo de <bsp-link-enhancement><br \/>\n    <span class=\"LinkEnhancement\"><a class=\"Link\" href=\"https:\/\/www.itatiaia.com.br\/economia\/governo-zera-pis-cofins-sobre-o-diesel-para-reduzir-impacto-da-guerra-no-oriente-medio\" title=\"&lt;b&gt;reduzir os impactos da guerra no Oriente M\u00e9dio&lt;\/b&gt;\"><b>reduzir os impactos da guerra no Oriente M\u00e9dio<\/b><\/a><\/span><\/bsp-link-enhancement> no pre\u00e7o dos combust\u00edveis s\u00e3o necess\u00e1rias, mas alertou para os riscos fiscais e tribut\u00e1rios para o futuro.<\/p>\n<p>O governo vai isentar o PIS e Cofins cobrados sobre o \u00f3leo diesel e subsidiar produtores e importadores do combust\u00edvel. No final, a expectativa \u00e9 que as duas medidas somadas tenham um impacto de R$ 0,64 no litro do diesel, com um impacto estimado de R$ 30 bilh\u00f5es para os cofres p\u00fablicos at\u00e9 o fim do ano.<\/p>\n<p>\u201cA utiliza\u00e7\u00e3o de instrumentos tribut\u00e1rios e regulat\u00f3rios para conter press\u00f5es inflacion\u00e1rias e preservar o abastecimento interno \u00e9 compreens\u00edvel em um cen\u00e1rio de crise internacional, que tem provocado aumento nos custos de energia e transporte e gerado reflexos diretos sobre a atividade econ\u00f4mica\u201d, disse a Fiemg.<\/p>\n<p>Segundo o presidente da Federa\u00e7\u00e3o, Fl\u00e1vio Roscoe, iniciativas voltadas \u00e0 estabilidade do mercado de combust\u00edveis ajudam a proteger setores estrat\u00e9gicos da economia altamente dependentes do diesel. \u201cA previsibilidade no custo dos combust\u00edveis \u00e9 fundamental para preservar a competitividade da ind\u00fastria e evitar press\u00f5es adicionais sobre a infla\u00e7\u00e3o\u201d, ressaltou.<\/p>\n<p>Por\u00e9m, Roscoe ponderou que o debate exp\u00f5e desafios estruturais relacionados \u00e0 pol\u00edtica econ\u00f4mica e ao sistema tribut\u00e1rio. \u201cCom a implementa\u00e7\u00e3o da Reforma Tribut\u00e1ria do Consumo, essa margem de manobra tende a diminuir, o que exigir\u00e1 do pa\u00eds o desenvolvimento de novos mecanismos para lidar com momentos de forte instabilidade internacional\u201d, acrescentou.<\/p>\n<p>Para compensar as medidas, o governo pretende aumentar em <bsp-link-enhancement><br \/>\n    <span class=\"LinkEnhancement\"><a class=\"Link\" href=\"https:\/\/www.itatiaia.com.br\/economia\/governo-vai-taxar-exportacao-de-petroleo-para-compensar-isencao-do-diesel\" title=\"&lt;b&gt;12% as al\u00edquotas de exporta\u00e7\u00e3o de petr\u00f3leo&lt;\/b&gt;\"><b>12% as al\u00edquotas de exporta\u00e7\u00e3o de petr\u00f3leo<\/b><\/a><\/span><\/bsp-link-enhancement>. Segundo o ministro da Fazenda, Fernando Haddad (PT), o objetivo \u00e9 proteger o consumidor das instabilidades causadas pela guerra.<\/p>\n<p>\u201cOs produtores que est\u00e3o auferindo lucros extraordin\u00e1rios v\u00e3o contribuir com imposto de exporta\u00e7\u00e3o extraordin\u00e1rio, e consumidores n\u00e3o ser\u00e3o afetados. (&#8230;) N\u00f3s entendemos que assim como o consumidor n\u00e3o pode ser prejudicado pela guerra, o produtor n\u00e3o pode ser favorecido pela guerra\u201d, disse o ministro.<\/p>\n<p><bsp-list-loadmore class=\"PageListStandardG\" data-module=\"\" data-show-loadmore=\"true\" data-list-title-size=\"3\" data-list-description-size=\"3\"><\/p>\n<p>    <a class=\"AnchorLink\" title=\"leia-tambem\" name=\"leia-tambem\"\/><\/p>\n<p><\/bsp-list-loadmore><\/p><\/div>\n<p><script>\n  window.fbAsyncInit = function() {\n      FB.init({\n              appId : '1447052969554341',\n          xfbml : true,\n          version : 'v2.9'\n      });\n  };\n  (function(d, s, id){\n     var js, fjs = d.getElementsByTagName(s)[0];\n     if (d.getElementById(id)) {return;}\n     js = d.createElement(s); js.id = id;\n     js.src = \"https:\/\/connect.facebook.net\/en_US\/sdk.js\";\n     fjs.parentNode.insertBefore(js, fjs);\n   }(document, 'script', 'facebook-jssdk'));\n<\/script><\/p>\n","protected":false},"excerpt":{"rendered":"<p>A Federa\u00e7\u00e3o das Ind\u00fastrias de Minas Gerais (Fiemg) avaliou que as medidas anunciadas pelo governo federal, nesta quinta-feira (12), com o objetivo de reduzir os impactos da guerra no Oriente M\u00e9dio no pre\u00e7o dos combust\u00edveis s\u00e3o necess\u00e1rias, mas alertou para os riscos fiscais e tribut\u00e1rios para o futuro. O governo vai isentar o PIS e&#8230;<\/p>\n","protected":false},"author":2,"featured_media":32351,"comment_status":"open","ping_status":"open","sticky":false,"template":"","format":"standard","meta":{"footnotes":""},"categories":[25],"tags":[],"class_list":["post-32350","post","type-post","status-publish","format-standard","has-post-thumbnail","hentry","category-economia"],"yoast_head":"<!-- This site is optimized with the Yoast SEO plugin v27.3 - https:\/\/yoast.com\/product\/yoast-seo-wordpress\/ -->\n<title>Fiemg avalia medidas para combust\u00edveis como necess\u00e1rias, mas alerta para desafio fiscal -<\/title>\n<meta name=\"robots\" content=\"index, follow, max-snippet:-1, max-image-preview:large, max-video-preview:-1\" \/>\n<link rel=\"canonical\" href=\"https:\/\/oficialnoticias.com\/?p=32350\" \/>\n<meta property=\"og:locale\" content=\"pt_BR\" \/>\n<meta property=\"og:type\" content=\"article\" \/>\n<meta property=\"og:title\" content=\"Fiemg avalia medidas para combust\u00edveis como necess\u00e1rias, mas alerta para desafio fiscal -\" \/>\n<meta property=\"og:description\" content=\"A Federa\u00e7\u00e3o das Ind\u00fastrias de Minas Gerais (Fiemg) avaliou que as medidas anunciadas pelo governo federal, nesta quinta-feira (12), com o objetivo de reduzir os impactos da guerra no Oriente M\u00e9dio no pre\u00e7o dos combust\u00edveis s\u00e3o necess\u00e1rias, mas alertou para os riscos fiscais e tribut\u00e1rios para o futuro. O governo vai isentar o PIS e...\" \/>\n<meta property=\"og:url\" content=\"https:\/\/oficialnoticias.com\/?p=32350\" \/>\n<meta property=\"article:published_time\" content=\"2026-03-13T08:02:30+00:00\" \/>\n<meta property=\"article:modified_time\" content=\"2026-03-13T08:02:32+00:00\" \/>\n<meta property=\"og:image\" content=\"https:\/\/oficialnoticias.com\/wp-content\/uploads\/2026\/03\/urlhttps3A2F2Fk2-prod-radio-itatiaia.s3.us-east-1.amazonaws.com2Fbrightspot2F192Fcb2Fe6dd4c.webp\" \/>\n\t<meta property=\"og:image:width\" content=\"1200\" \/>\n\t<meta property=\"og:image:height\" content=\"630\" \/>\n\t<meta property=\"og:image:type\" content=\"image\/webp\" \/>\n<meta name=\"author\" content=\"Luana Gon\u00e7alves\" \/>\n<meta name=\"twitter:card\" content=\"summary_large_image\" \/>\n<meta name=\"twitter:label1\" content=\"Escrito por\" \/>\n\t<meta name=\"twitter:data1\" content=\"Luana Gon\u00e7alves\" \/>\n\t<meta name=\"twitter:label2\" content=\"Est. tempo de leitura\" \/>\n\t<meta name=\"twitter:data2\" content=\"2 minutos\" \/>\n<script type=\"application\/ld+json\" class=\"yoast-schema-graph\">{\"@context\":\"https:\\\/\\\/schema.org\",\"@graph\":[{\"@type\":\"Article\",\"@id\":\"https:\\\/\\\/oficialnoticias.com\\\/?p=32350#article\",\"isPartOf\":{\"@id\":\"https:\\\/\\\/oficialnoticias.com\\\/?p=32350\"},\"author\":{\"name\":\"Luana Gon\u00e7alves\",\"@id\":\"https:\\\/\\\/oficialnoticias.com\\\/#\\\/schema\\\/person\\\/2d1dcbb6bfbc28d68171b4dc04723d4a\"},\"headline\":\"Fiemg avalia medidas para combust\u00edveis como necess\u00e1rias, mas alerta para desafio fiscal\",\"datePublished\":\"2026-03-13T08:02:30+00:00\",\"dateModified\":\"2026-03-13T08:02:32+00:00\",\"mainEntityOfPage\":{\"@id\":\"https:\\\/\\\/oficialnoticias.com\\\/?p=32350\"},\"wordCount\":379,\"commentCount\":0,\"publisher\":{\"@id\":\"https:\\\/\\\/oficialnoticias.com\\\/#organization\"},\"image\":{\"@id\":\"https:\\\/\\\/oficialnoticias.com\\\/?p=32350#primaryimage\"},\"thumbnailUrl\":\"https:\\\/\\\/oficialnoticias.com\\\/wp-content\\\/uploads\\\/2026\\\/03\\\/urlhttps3A2F2Fk2-prod-radio-itatiaia.s3.us-east-1.amazonaws.com2Fbrightspot2F192Fcb2Fe6dd4c.webp\",\"articleSection\":[\"Economia\"],\"inLanguage\":\"pt-BR\",\"potentialAction\":[{\"@type\":\"CommentAction\",\"name\":\"Comment\",\"target\":[\"https:\\\/\\\/oficialnoticias.com\\\/?p=32350#respond\"]}]},{\"@type\":\"WebPage\",\"@id\":\"https:\\\/\\\/oficialnoticias.com\\\/?p=32350\",\"url\":\"https:\\\/\\\/oficialnoticias.com\\\/?p=32350\",\"name\":\"Fiemg avalia medidas para combust\u00edveis como necess\u00e1rias, mas alerta para desafio fiscal -\",\"isPartOf\":{\"@id\":\"https:\\\/\\\/oficialnoticias.com\\\/#website\"},\"primaryImageOfPage\":{\"@id\":\"https:\\\/\\\/oficialnoticias.com\\\/?p=32350#primaryimage\"},\"image\":{\"@id\":\"https:\\\/\\\/oficialnoticias.com\\\/?p=32350#primaryimage\"},\"thumbnailUrl\":\"https:\\\/\\\/oficialnoticias.com\\\/wp-content\\\/uploads\\\/2026\\\/03\\\/urlhttps3A2F2Fk2-prod-radio-itatiaia.s3.us-east-1.amazonaws.com2Fbrightspot2F192Fcb2Fe6dd4c.webp\",\"datePublished\":\"2026-03-13T08:02:30+00:00\",\"dateModified\":\"2026-03-13T08:02:32+00:00\",\"breadcrumb\":{\"@id\":\"https:\\\/\\\/oficialnoticias.com\\\/?p=32350#breadcrumb\"},\"inLanguage\":\"pt-BR\",\"potentialAction\":[{\"@type\":\"ReadAction\",\"target\":[\"https:\\\/\\\/oficialnoticias.com\\\/?p=32350\"]}]},{\"@type\":\"ImageObject\",\"inLanguage\":\"pt-BR\",\"@id\":\"https:\\\/\\\/oficialnoticias.com\\\/?p=32350#primaryimage\",\"url\":\"https:\\\/\\\/oficialnoticias.com\\\/wp-content\\\/uploads\\\/2026\\\/03\\\/urlhttps3A2F2Fk2-prod-radio-itatiaia.s3.us-east-1.amazonaws.com2Fbrightspot2F192Fcb2Fe6dd4c.webp\",\"contentUrl\":\"https:\\\/\\\/oficialnoticias.com\\\/wp-content\\\/uploads\\\/2026\\\/03\\\/urlhttps3A2F2Fk2-prod-radio-itatiaia.s3.us-east-1.amazonaws.com2Fbrightspot2F192Fcb2Fe6dd4c.webp\",\"width\":1200,\"height\":630},{\"@type\":\"BreadcrumbList\",\"@id\":\"https:\\\/\\\/oficialnoticias.com\\\/?p=32350#breadcrumb\",\"itemListElement\":[{\"@type\":\"ListItem\",\"position\":1,\"name\":\"In\u00edcio\",\"item\":\"https:\\\/\\\/oficialnoticias.com\\\/\"},{\"@type\":\"ListItem\",\"position\":2,\"name\":\"Fiemg avalia medidas para combust\u00edveis como necess\u00e1rias, mas alerta para desafio fiscal\"}]},{\"@type\":\"WebSite\",\"@id\":\"https:\\\/\\\/oficialnoticias.com\\\/#website\",\"url\":\"https:\\\/\\\/oficialnoticias.com\\\/\",\"name\":\"oficial Noticias\",\"description\":\"\",\"publisher\":{\"@id\":\"https:\\\/\\\/oficialnoticias.com\\\/#organization\"},\"potentialAction\":[{\"@type\":\"SearchAction\",\"target\":{\"@type\":\"EntryPoint\",\"urlTemplate\":\"https:\\\/\\\/oficialnoticias.com\\\/?s={search_term_string}\"},\"query-input\":{\"@type\":\"PropertyValueSpecification\",\"valueRequired\":true,\"valueName\":\"search_term_string\"}}],\"inLanguage\":\"pt-BR\"},{\"@type\":\"Organization\",\"@id\":\"https:\\\/\\\/oficialnoticias.com\\\/#organization\",\"name\":\"oficial noticias\",\"url\":\"https:\\\/\\\/oficialnoticias.com\\\/\",\"logo\":{\"@type\":\"ImageObject\",\"inLanguage\":\"pt-BR\",\"@id\":\"https:\\\/\\\/oficialnoticias.com\\\/#\\\/schema\\\/logo\\\/image\\\/\",\"url\":\"https:\\\/\\\/oficialnoticias.com\\\/wp-content\\\/uploads\\\/2025\\\/08\\\/cropped-cropped-cropped-Logo-Noticias-e1753639739829.png\",\"contentUrl\":\"https:\\\/\\\/oficialnoticias.com\\\/wp-content\\\/uploads\\\/2025\\\/08\\\/cropped-cropped-cropped-Logo-Noticias-e1753639739829.png\",\"width\":119,\"height\":86,\"caption\":\"oficial noticias\"},\"image\":{\"@id\":\"https:\\\/\\\/oficialnoticias.com\\\/#\\\/schema\\\/logo\\\/image\\\/\"}},{\"@type\":\"Person\",\"@id\":\"https:\\\/\\\/oficialnoticias.com\\\/#\\\/schema\\\/person\\\/2d1dcbb6bfbc28d68171b4dc04723d4a\",\"name\":\"Luana Gon\u00e7alves\",\"image\":{\"@type\":\"ImageObject\",\"inLanguage\":\"pt-BR\",\"@id\":\"https:\\\/\\\/secure.gravatar.com\\\/avatar\\\/7aa6afdef873224c1a0265951f3fdfc0679f65dfbd15f018612595d323c52521?s=96&d=mm&r=g\",\"url\":\"https:\\\/\\\/secure.gravatar.com\\\/avatar\\\/7aa6afdef873224c1a0265951f3fdfc0679f65dfbd15f018612595d323c52521?s=96&d=mm&r=g\",\"contentUrl\":\"https:\\\/\\\/secure.gravatar.com\\\/avatar\\\/7aa6afdef873224c1a0265951f3fdfc0679f65dfbd15f018612595d323c52521?s=96&d=mm&r=g\",\"caption\":\"Luana Gon\u00e7alves\"},\"sameAs\":[\"https:\\\/\\\/oficialnoticias.com\\\/\"],\"url\":\"https:\\\/\\\/oficialnoticias.com\\\/?author=2\"}]}<\/script>\n<!-- \/ Yoast SEO plugin. -->","yoast_head_json":{"title":"Fiemg avalia medidas para combust\u00edveis como necess\u00e1rias, mas alerta para desafio fiscal -","robots":{"index":"index","follow":"follow","max-snippet":"max-snippet:-1","max-image-preview":"max-image-preview:large","max-video-preview":"max-video-preview:-1"},"canonical":"https:\/\/oficialnoticias.com\/?p=32350","og_locale":"pt_BR","og_type":"article","og_title":"Fiemg avalia medidas para combust\u00edveis como necess\u00e1rias, mas alerta para desafio fiscal -","og_description":"A Federa\u00e7\u00e3o das Ind\u00fastrias de Minas Gerais (Fiemg) avaliou que as medidas anunciadas pelo governo federal, nesta quinta-feira (12), com o objetivo de reduzir os impactos da guerra no Oriente M\u00e9dio no pre\u00e7o dos combust\u00edveis s\u00e3o necess\u00e1rias, mas alertou para os riscos fiscais e tribut\u00e1rios para o futuro. O governo vai isentar o PIS e...","og_url":"https:\/\/oficialnoticias.com\/?p=32350","article_published_time":"2026-03-13T08:02:30+00:00","article_modified_time":"2026-03-13T08:02:32+00:00","og_image":[{"width":1200,"height":630,"url":"https:\/\/oficialnoticias.com\/wp-content\/uploads\/2026\/03\/urlhttps3A2F2Fk2-prod-radio-itatiaia.s3.us-east-1.amazonaws.com2Fbrightspot2F192Fcb2Fe6dd4c.webp","type":"image\/webp"}],"author":"Luana Gon\u00e7alves","twitter_card":"summary_large_image","twitter_misc":{"Escrito por":"Luana Gon\u00e7alves","Est. tempo de leitura":"2 minutos"},"schema":{"@context":"https:\/\/schema.org","@graph":[{"@type":"Article","@id":"https:\/\/oficialnoticias.com\/?p=32350#article","isPartOf":{"@id":"https:\/\/oficialnoticias.com\/?p=32350"},"author":{"name":"Luana Gon\u00e7alves","@id":"https:\/\/oficialnoticias.com\/#\/schema\/person\/2d1dcbb6bfbc28d68171b4dc04723d4a"},"headline":"Fiemg avalia medidas para combust\u00edveis como necess\u00e1rias, mas alerta para desafio fiscal","datePublished":"2026-03-13T08:02:30+00:00","dateModified":"2026-03-13T08:02:32+00:00","mainEntityOfPage":{"@id":"https:\/\/oficialnoticias.com\/?p=32350"},"wordCount":379,"commentCount":0,"publisher":{"@id":"https:\/\/oficialnoticias.com\/#organization"},"image":{"@id":"https:\/\/oficialnoticias.com\/?p=32350#primaryimage"},"thumbnailUrl":"https:\/\/oficialnoticias.com\/wp-content\/uploads\/2026\/03\/urlhttps3A2F2Fk2-prod-radio-itatiaia.s3.us-east-1.amazonaws.com2Fbrightspot2F192Fcb2Fe6dd4c.webp","articleSection":["Economia"],"inLanguage":"pt-BR","potentialAction":[{"@type":"CommentAction","name":"Comment","target":["https:\/\/oficialnoticias.com\/?p=32350#respond"]}]},{"@type":"WebPage","@id":"https:\/\/oficialnoticias.com\/?p=32350","url":"https:\/\/oficialnoticias.com\/?p=32350","name":"Fiemg avalia medidas para combust\u00edveis como necess\u00e1rias, mas alerta para desafio fiscal -","isPartOf":{"@id":"https:\/\/oficialnoticias.com\/#website"},"primaryImageOfPage":{"@id":"https:\/\/oficialnoticias.com\/?p=32350#primaryimage"},"image":{"@id":"https:\/\/oficialnoticias.com\/?p=32350#primaryimage"},"thumbnailUrl":"https:\/\/oficialnoticias.com\/wp-content\/uploads\/2026\/03\/urlhttps3A2F2Fk2-prod-radio-itatiaia.s3.us-east-1.amazonaws.com2Fbrightspot2F192Fcb2Fe6dd4c.webp","datePublished":"2026-03-13T08:02:30+00:00","dateModified":"2026-03-13T08:02:32+00:00","breadcrumb":{"@id":"https:\/\/oficialnoticias.com\/?p=32350#breadcrumb"},"inLanguage":"pt-BR","potentialAction":[{"@type":"ReadAction","target":["https:\/\/oficialnoticias.com\/?p=32350"]}]},{"@type":"ImageObject","inLanguage":"pt-BR","@id":"https:\/\/oficialnoticias.com\/?p=32350#primaryimage","url":"https:\/\/oficialnoticias.com\/wp-content\/uploads\/2026\/03\/urlhttps3A2F2Fk2-prod-radio-itatiaia.s3.us-east-1.amazonaws.com2Fbrightspot2F192Fcb2Fe6dd4c.webp","contentUrl":"https:\/\/oficialnoticias.com\/wp-content\/uploads\/2026\/03\/urlhttps3A2F2Fk2-prod-radio-itatiaia.s3.us-east-1.amazonaws.com2Fbrightspot2F192Fcb2Fe6dd4c.webp","width":1200,"height":630},{"@type":"BreadcrumbList","@id":"https:\/\/oficialnoticias.com\/?p=32350#breadcrumb","itemListElement":[{"@type":"ListItem","position":1,"name":"In\u00edcio","item":"https:\/\/oficialnoticias.com\/"},{"@type":"ListItem","position":2,"name":"Fiemg avalia medidas para combust\u00edveis como necess\u00e1rias, mas alerta para desafio fiscal"}]},{"@type":"WebSite","@id":"https:\/\/oficialnoticias.com\/#website","url":"https:\/\/oficialnoticias.com\/","name":"oficial Noticias","description":"","publisher":{"@id":"https:\/\/oficialnoticias.com\/#organization"},"potentialAction":[{"@type":"SearchAction","target":{"@type":"EntryPoint","urlTemplate":"https:\/\/oficialnoticias.com\/?s={search_term_string}"},"query-input":{"@type":"PropertyValueSpecification","valueRequired":true,"valueName":"search_term_string"}}],"inLanguage":"pt-BR"},{"@type":"Organization","@id":"https:\/\/oficialnoticias.com\/#organization","name":"oficial noticias","url":"https:\/\/oficialnoticias.com\/","logo":{"@type":"ImageObject","inLanguage":"pt-BR","@id":"https:\/\/oficialnoticias.com\/#\/schema\/logo\/image\/","url":"https:\/\/oficialnoticias.com\/wp-content\/uploads\/2025\/08\/cropped-cropped-cropped-Logo-Noticias-e1753639739829.png","contentUrl":"https:\/\/oficialnoticias.com\/wp-content\/uploads\/2025\/08\/cropped-cropped-cropped-Logo-Noticias-e1753639739829.png","width":119,"height":86,"caption":"oficial noticias"},"image":{"@id":"https:\/\/oficialnoticias.com\/#\/schema\/logo\/image\/"}},{"@type":"Person","@id":"https:\/\/oficialnoticias.com\/#\/schema\/person\/2d1dcbb6bfbc28d68171b4dc04723d4a","name":"Luana Gon\u00e7alves","image":{"@type":"ImageObject","inLanguage":"pt-BR","@id":"https:\/\/secure.gravatar.com\/avatar\/7aa6afdef873224c1a0265951f3fdfc0679f65dfbd15f018612595d323c52521?s=96&d=mm&r=g","url":"https:\/\/secure.gravatar.com\/avatar\/7aa6afdef873224c1a0265951f3fdfc0679f65dfbd15f018612595d323c52521?s=96&d=mm&r=g","contentUrl":"https:\/\/secure.gravatar.com\/avatar\/7aa6afdef873224c1a0265951f3fdfc0679f65dfbd15f018612595d323c52521?s=96&d=mm&r=g","caption":"Luana Gon\u00e7alves"},"sameAs":["https:\/\/oficialnoticias.com\/"],"url":"https:\/\/oficialnoticias.com\/?author=2"}]}},"_links":{"self":[{"href":"https:\/\/oficialnoticias.com\/index.php?rest_route=\/wp\/v2\/posts\/32350","targetHints":{"allow":["GET"]}}],"collection":[{"href":"https:\/\/oficialnoticias.com\/index.php?rest_route=\/wp\/v2\/posts"}],"about":[{"href":"https:\/\/oficialnoticias.com\/index.php?rest_route=\/wp\/v2\/types\/post"}],"author":[{"embeddable":true,"href":"https:\/\/oficialnoticias.com\/index.php?rest_route=\/wp\/v2\/users\/2"}],"replies":[{"embeddable":true,"href":"https:\/\/oficialnoticias.com\/index.php?rest_route=%2Fwp%2Fv2%2Fcomments&post=32350"}],"version-history":[{"count":1,"href":"https:\/\/oficialnoticias.com\/index.php?rest_route=\/wp\/v2\/posts\/32350\/revisions"}],"predecessor-version":[{"id":32352,"href":"https:\/\/oficialnoticias.com\/index.php?rest_route=\/wp\/v2\/posts\/32350\/revisions\/32352"}],"wp:featuredmedia":[{"embeddable":true,"href":"https:\/\/oficialnoticias.com\/index.php?rest_route=\/wp\/v2\/media\/32351"}],"wp:attachment":[{"href":"https:\/\/oficialnoticias.com\/index.php?rest_route=%2Fwp%2Fv2%2Fmedia&parent=32350"}],"wp:term":[{"taxonomy":"category","embeddable":true,"href":"https:\/\/oficialnoticias.com\/index.php?rest_route=%2Fwp%2Fv2%2Fcategories&post=32350"},{"taxonomy":"post_tag","embeddable":true,"href":"https:\/\/oficialnoticias.com\/index.php?rest_route=%2Fwp%2Fv2%2Ftags&post=32350"}],"curies":[{"name":"wp","href":"https:\/\/api.w.org\/{rel}","templated":true}]}}