{"id":32332,"date":"2026-03-12T21:46:24","date_gmt":"2026-03-13T00:46:24","guid":{"rendered":"https:\/\/oficialnoticias.com\/?p=32332"},"modified":"2026-03-12T21:46:25","modified_gmt":"2026-03-13T00:46:25","slug":"tecnologia-para-gerir-transito-energia-e-servicos","status":"publish","type":"post","link":"https:\/\/oficialnoticias.com\/?p=32332","title":{"rendered":"tecnologia para gerir tr\u00e2nsito, energia e servi\u00e7os"},"content":{"rendered":"<p><\/p>\n<div>\n<p>O uso da tecnologia e da intelig\u00eancia de dados est\u00e1 cada vez mais presente na rotina das grandes cidades. O conceito de \u201ccidade inteligente\u201d, ou <i>smart city<\/i>, define o ambiente urbano que utiliza tecnologia, dados e conectividade para melhorar a infraestrutura, os servi\u00e7os e a gest\u00e3o de recursos. O objetivo principal \u00e9 aumentar a efici\u00eancia em diferentes \u00e1reas, como mobilidade, com sem\u00e1foros inteligentes;<bsp-link-enhancement><br \/>\n    <span class=\"LinkEnhancement\"><a class=\"Link\" href=\"https:\/\/www.itatiaia.com.br\/economia\/negocios\/eloos\/ppps-de-iluminacao-publica-modernizam-cidades-e-ampliam-eficiencia-do-servico\" title=\" ilumina\u00e7\u00e3o p\u00fablica\"> ilumina\u00e7\u00e3o p\u00fablica<\/a><\/span><\/bsp-link-enhancement>, por meio de sistemas de gerenciamento remoto; e sustentabilidade, com solu\u00e7\u00f5es adequadas para o tratamento de res\u00edduos.<\/p>\n<p>Diversas cidades j\u00e1 buscam, gradualmente, adotar esse modelo. Ainda assim, h\u00e1 desafios para que ele se consolide. \u00c9 o que afirma o <b>superintendente da Superintend\u00eancia de Obras de Belo Horizonte, Leonardo Jos\u00e9 Gomes Neto<\/b>.<\/p>\n<p>\u201cQuando pensamos mundo afora, temos que correr atr\u00e1s das tecnologias que j\u00e1 existem para chegar no mesmo n\u00edvel. Hoje, no mundo, tudo vai ser monitorado por cidade inteligente. Cidade inteligente \u00e9 a lumin\u00e1ria inteligente. Por exemplo, na parceria privada que a gente tem, na PPP, a empresa tem alguns trechos de telegest\u00e3o. A depend\u00eancia de tecnologia de outros pa\u00edses e a falta de investimento ainda s\u00e3o empecilhos para o avan\u00e7o desse modelo na cidade\u201d, conta.<\/p>\n<div class=\"Enhancement\" data-align-center=\"\">\n<div class=\"Enhancement-item\">\n<p>                            <bsp-figure class=\"Figure\" id=\"image-750000\"><br \/>\n    <button class=\"containerImg\"><\/p>\n<p>    <a class=\"AnchorLink\" title=\"image-750000\" name=\"image-750000\"\/><\/p>\n<picture><source type=\"image\/webp\" width=\"1000\" height=\"563\" srcset=\"https:\/\/medias.itatiaia.com.br\/dims4\/default\/0f54b67\/2147483647\/strip\/true\/crop\/1112x626+0+28\/resize\/568x320!\/format\/webp\/quality\/90\/?url=https%3A%2F%2Fk2-prod-radio-itatiaia.s3.us-east-1.amazonaws.com%2Fbrightspot%2F81%2Fed%2F0f09eb36410eaa91a60f89b83fbd%2Fleonardo-sudecap.jpeg 568w,https:\/\/medias.itatiaia.com.br\/dims4\/default\/3331b2f\/2147483647\/strip\/true\/crop\/1112x626+0+28\/resize\/768x432!\/format\/webp\/quality\/90\/?url=https%3A%2F%2Fk2-prod-radio-itatiaia.s3.us-east-1.amazonaws.com%2Fbrightspot%2F81%2Fed%2F0f09eb36410eaa91a60f89b83fbd%2Fleonardo-sudecap.jpeg 768w,https:\/\/medias.itatiaia.com.br\/dims4\/default\/953ec0c\/2147483647\/strip\/true\/crop\/1112x626+0+28\/resize\/1000x563!\/format\/webp\/quality\/90\/?url=https%3A%2F%2Fk2-prod-radio-itatiaia.s3.us-east-1.amazonaws.com%2Fbrightspot%2F81%2Fed%2F0f09eb36410eaa91a60f89b83fbd%2Fleonardo-sudecap.jpeg 1000w\"\/><source width=\"1000\" height=\"563\" srcset=\"https:\/\/medias.itatiaia.com.br\/dims4\/default\/908e4f6\/2147483647\/strip\/true\/crop\/1112x626+0+28\/resize\/1000x563!\/quality\/90\/?url=https%3A%2F%2Fk2-prod-radio-itatiaia.s3.us-east-1.amazonaws.com%2Fbrightspot%2F81%2Fed%2F0f09eb36410eaa91a60f89b83fbd%2Fleonardo-sudecap.jpeg\"\/><\/picture>\n<p>    <\/button><\/p>\n<div class=\"Figure-content\"><figcaption class=\"Figure-caption\">\n<p> Leonardo Jos\u00e9 Gomes Neto, superintendente da Superintend\u00eancia de Desenvolvimento da Capital (Sudecap)<\/p>\n<\/figcaption><\/div>\n<p><\/bsp-figure><\/p><\/div>\n<\/p><\/div>\n<p>Segundo o <b>professor da Funda\u00e7\u00e3o Dom Cabral (FDC), Paulo Resende<\/b>, a aus\u00eancia de sistemas inteligentes nas cidades gera obst\u00e1culos na infraestrutura urbana. Um exemplo \u00e9 o tr\u00e2nsito sem monitoramento eficiente, problema comum na rotina dos munic\u00edpios.<\/p>\n<p>\u201c\u00c9 vis\u00edvel nos congestionamentos. O congestionamento \u00e9 uma falta de capacidade operacional daquela rede, daquelas tecnologias, daquelas opera\u00e7\u00f5es de suporte de acompanhar o que a gente chama de demanda. A demanda vem do usu\u00e1rio, a demanda vem do cidad\u00e3o\u201d, afirma.<\/p>\n<div class=\"Enhancement\" data-align-center=\"\">\n<div class=\"Enhancement-item\">\n<p>                            <bsp-figure class=\"Figure\" id=\"image-f80000\"><br \/>\n    <button class=\"containerImg\"><\/p>\n<p>    <a class=\"AnchorLink\" title=\"image-f80000\" name=\"image-f80000\"\/><\/p>\n<picture><source type=\"image\/webp\" width=\"1000\" height=\"563\" srcset=\"https:\/\/medias.itatiaia.com.br\/dims4\/default\/8a46fb7\/2147483647\/strip\/true\/crop\/885x498+0+0\/resize\/568x320!\/format\/webp\/quality\/90\/?url=https%3A%2F%2Fk2-prod-radio-itatiaia.s3.us-east-1.amazonaws.com%2Fbrightspot%2F4b%2F68%2Fe72632904bb1b6534af0629d2284%2Fpaulo-resende.jpeg 568w,https:\/\/medias.itatiaia.com.br\/dims4\/default\/c54c1c9\/2147483647\/strip\/true\/crop\/885x498+0+0\/resize\/768x432!\/format\/webp\/quality\/90\/?url=https%3A%2F%2Fk2-prod-radio-itatiaia.s3.us-east-1.amazonaws.com%2Fbrightspot%2F4b%2F68%2Fe72632904bb1b6534af0629d2284%2Fpaulo-resende.jpeg 768w,https:\/\/medias.itatiaia.com.br\/dims4\/default\/5f83b7c\/2147483647\/strip\/true\/crop\/885x498+0+0\/resize\/1000x563!\/format\/webp\/quality\/90\/?url=https%3A%2F%2Fk2-prod-radio-itatiaia.s3.us-east-1.amazonaws.com%2Fbrightspot%2F4b%2F68%2Fe72632904bb1b6534af0629d2284%2Fpaulo-resende.jpeg 1000w\"\/><source width=\"1000\" height=\"563\" srcset=\"https:\/\/medias.itatiaia.com.br\/dims4\/default\/69cb61d\/2147483647\/strip\/true\/crop\/885x498+0+0\/resize\/1000x563!\/quality\/90\/?url=https%3A%2F%2Fk2-prod-radio-itatiaia.s3.us-east-1.amazonaws.com%2Fbrightspot%2F4b%2F68%2Fe72632904bb1b6534af0629d2284%2Fpaulo-resende.jpeg\"\/><img loading=\"lazy\" decoding=\"async\" class=\"Image\" alt=\"Professor Paulo Resende, do N\u00facleo de Infraestrutura da Funda\u00e7\u00e3o Dom Cabral (FDC)\" width=\"1000\" height=\"563\" src=\"https:\/\/medias.itatiaia.com.br\/dims4\/default\/69cb61d\/2147483647\/strip\/true\/crop\/885x498+0+0\/resize\/1000x563!\/quality\/90\/?url=https%3A%2F%2Fk2-prod-radio-itatiaia.s3.us-east-1.amazonaws.com%2Fbrightspot%2F4b%2F68%2Fe72632904bb1b6534af0629d2284%2Fpaulo-resende.jpeg\" loading=\"lazy\"\/><\/p>\n<\/picture>\n<p>    <\/button><\/p>\n<div class=\"Figure-content\"><figcaption class=\"Figure-caption\">\n<p>Paulo Resende, professor do N\u00facleo de Infraestrutura da Funda\u00e7\u00e3o Dom Cabral (FDC)<\/p>\n<\/figcaption><\/div>\n<p><\/bsp-figure><\/p><\/div>\n<\/p><\/div>\n<p>Para o <b>especialista em tecnologia, transforma\u00e7\u00e3o social e desenvolvimento sustent\u00e1vel e professor da Funda\u00e7\u00e3o Dom Cabral, Paulo Guerra<\/b>, o pr\u00f3prio conceito de cidade inteligente precisa ser repensado.<\/p>\n<p>\u201cO conceito j\u00e1 nasceu ultrapassado. Hoje falamos de cidades humanas, sustent\u00e1veis e inteligentes, isso porque a intelig\u00eancia \u00e9 s\u00f3 a rela\u00e7\u00e3o da cidade com os dados que o pr\u00f3prio munic\u00edpio gera\u201d, explica.<\/p>\n<p>O especialista acrescenta que o planejamento baseado em dados \u00e9 fundamental para tornar a <bsp-link-enhancement><br \/>\n    <span class=\"LinkEnhancement\"><a class=\"Link\" href=\"https:\/\/www.itatiaia.com.br\/economia\/negocios\/eloos\/ppps-de-iluminacao-publica-modernizam-cidades-e-ampliam-eficiencia-do-servico\" title=\"gest\u00e3o urbana mais eficiente\">gest\u00e3o urbana mais eficiente<\/a><\/span><\/bsp-link-enhancement>.<\/p>\n<p>\u201cEu preciso saber quantos carros passam em uma determinada via, porque essa informa\u00e7\u00e3o \u00e9 relevante para eu fazer todo o meu planejamento de tr\u00e2nsito. Eu vou l\u00e1 e coloco um sensor naquela via, e a\u00ed esse sensor conta a quantidade de carros que passam. Isso a torna inteligente, porque agora ela consegue gerar dados que utiliza no processo de tomada de decis\u00e3o. Isso n\u00e3o \u00e9 suficiente. Eu posso ter uma cidade com milh\u00f5es de sensores, gerando milhares de dados. Eu tenho um exemplo que eu gosto muito, que \u00e9 o Centro de Opera\u00e7\u00f5es do Rio de Janeiro, que custou milh\u00f5es de reais. Eu pergunto: do in\u00edcio da opera\u00e7\u00e3o do centro at\u00e9 agora, qual foi o impacto na viol\u00eancia no Rio?\u201d, indaga.<\/p>\n<div class=\"Enhancement\" data-align-center=\"\">\n<div class=\"Enhancement-item\">\n<p>                            <bsp-figure class=\"Figure\" id=\"image-f30000\"><br \/>\n    <button class=\"containerImg\"><\/p>\n<p>    <a class=\"AnchorLink\" title=\"image-f30000\" name=\"image-f30000\"\/><\/p>\n<picture><source type=\"image\/webp\" width=\"1000\" height=\"563\" srcset=\"https:\/\/medias.itatiaia.com.br\/dims4\/default\/2339a23\/2147483647\/strip\/true\/crop\/1270x715+0+9\/resize\/568x320!\/format\/webp\/quality\/90\/?url=https%3A%2F%2Fk2-prod-radio-itatiaia.s3.us-east-1.amazonaws.com%2Fbrightspot%2Ff7%2F67%2Fe8291aed434cbdd595a3d030d0f6%2Fpaulo-guerra.jpeg 568w,https:\/\/medias.itatiaia.com.br\/dims4\/default\/b8f182e\/2147483647\/strip\/true\/crop\/1270x715+0+9\/resize\/768x432!\/format\/webp\/quality\/90\/?url=https%3A%2F%2Fk2-prod-radio-itatiaia.s3.us-east-1.amazonaws.com%2Fbrightspot%2Ff7%2F67%2Fe8291aed434cbdd595a3d030d0f6%2Fpaulo-guerra.jpeg 768w,https:\/\/medias.itatiaia.com.br\/dims4\/default\/47780ab\/2147483647\/strip\/true\/crop\/1270x715+0+9\/resize\/1000x563!\/format\/webp\/quality\/90\/?url=https%3A%2F%2Fk2-prod-radio-itatiaia.s3.us-east-1.amazonaws.com%2Fbrightspot%2Ff7%2F67%2Fe8291aed434cbdd595a3d030d0f6%2Fpaulo-guerra.jpeg 1000w\"\/><source width=\"1000\" height=\"563\" srcset=\"https:\/\/medias.itatiaia.com.br\/dims4\/default\/48c7087\/2147483647\/strip\/true\/crop\/1270x715+0+9\/resize\/1000x563!\/quality\/90\/?url=https%3A%2F%2Fk2-prod-radio-itatiaia.s3.us-east-1.amazonaws.com%2Fbrightspot%2Ff7%2F67%2Fe8291aed434cbdd595a3d030d0f6%2Fpaulo-guerra.jpeg\"\/><img loading=\"lazy\" decoding=\"async\" class=\"Image\" alt=\"Paulo Guerra, professor e diretor da Funda\u00e7\u00e3o Dom Cabral (FDC)\" width=\"1000\" height=\"563\" src=\"https:\/\/medias.itatiaia.com.br\/dims4\/default\/48c7087\/2147483647\/strip\/true\/crop\/1270x715+0+9\/resize\/1000x563!\/quality\/90\/?url=https%3A%2F%2Fk2-prod-radio-itatiaia.s3.us-east-1.amazonaws.com%2Fbrightspot%2Ff7%2F67%2Fe8291aed434cbdd595a3d030d0f6%2Fpaulo-guerra.jpeg\" loading=\"lazy\"\/><\/p>\n<\/picture>\n<p>    <\/button><\/p>\n<div class=\"Figure-content\"><figcaption class=\"Figure-caption\">\n<p>Paulo Guerra, professor e diretor da Funda\u00e7\u00e3o Dom Cabral (FDC)<\/p>\n<\/figcaption><\/div>\n<p><\/bsp-figure><\/p><\/div>\n<\/p><\/div>\n<p><b>Confira a reportagem completa:<\/b><\/p>\n<p><bsp-list-loadmore class=\"PageListStandardG\" data-module=\"\" data-show-loadmore=\"true\" data-list-title-size=\"3\" data-list-description-size=\"3\"><\/p>\n<p>    <a class=\"AnchorLink\" title=\"leia-tambem\" name=\"leia-tambem\"\/><\/p>\n<p><\/bsp-list-loadmore><\/p><\/div>\n<p><script>\n  window.fbAsyncInit = function() {\n      FB.init({\n              appId : '1447052969554341',\n          xfbml : true,\n          version : 'v2.9'\n      });\n  };\n  (function(d, s, id){\n     var js, fjs = d.getElementsByTagName(s)[0];\n     if (d.getElementById(id)) {return;}\n     js = d.createElement(s); js.id = id;\n     js.src = \"https:\/\/connect.facebook.net\/en_US\/sdk.js\";\n     fjs.parentNode.insertBefore(js, fjs);\n   }(document, 'script', 'facebook-jssdk'));\n<\/script><\/p>\n","protected":false},"excerpt":{"rendered":"<p>O uso da tecnologia e da intelig\u00eancia de dados est\u00e1 cada vez mais presente na rotina das grandes cidades. O conceito de \u201ccidade inteligente\u201d, ou smart city, define o ambiente urbano que utiliza tecnologia, dados e conectividade para melhorar a infraestrutura, os servi\u00e7os e a gest\u00e3o de recursos. O objetivo principal \u00e9 aumentar a efici\u00eancia&#8230;<\/p>\n","protected":false},"author":2,"featured_media":32333,"comment_status":"open","ping_status":"open","sticky":false,"template":"","format":"standard","meta":{"footnotes":""},"categories":[25],"tags":[],"class_list":["post-32332","post","type-post","status-publish","format-standard","has-post-thumbnail","hentry","category-economia"],"yoast_head":"<!-- This site is optimized with the Yoast SEO plugin v27.3 - https:\/\/yoast.com\/product\/yoast-seo-wordpress\/ -->\n<title>tecnologia para gerir tr\u00e2nsito, energia e servi\u00e7os -<\/title>\n<meta name=\"robots\" content=\"index, follow, max-snippet:-1, max-image-preview:large, max-video-preview:-1\" \/>\n<link rel=\"canonical\" href=\"https:\/\/oficialnoticias.com\/?p=32332\" \/>\n<meta property=\"og:locale\" content=\"pt_BR\" \/>\n<meta property=\"og:type\" content=\"article\" \/>\n<meta property=\"og:title\" content=\"tecnologia para gerir tr\u00e2nsito, energia e servi\u00e7os -\" \/>\n<meta property=\"og:description\" content=\"O uso da tecnologia e da intelig\u00eancia de dados est\u00e1 cada vez mais presente na rotina das grandes cidades. O conceito de \u201ccidade inteligente\u201d, ou smart city, define o ambiente urbano que utiliza tecnologia, dados e conectividade para melhorar a infraestrutura, os servi\u00e7os e a gest\u00e3o de recursos. O objetivo principal \u00e9 aumentar a efici\u00eancia...\" \/>\n<meta property=\"og:url\" content=\"https:\/\/oficialnoticias.com\/?p=32332\" \/>\n<meta property=\"article:published_time\" content=\"2026-03-13T00:46:24+00:00\" \/>\n<meta property=\"article:modified_time\" content=\"2026-03-13T00:46:25+00:00\" \/>\n<meta property=\"og:image\" content=\"https:\/\/oficialnoticias.com\/wp-content\/uploads\/2026\/03\/urlhttps3A2F2Fk2-prod-radio-itatiaia.s3.us-east-1.amazonaws.com2Fbrightspot2Fd62F782F0c49c8.webp\" \/>\n\t<meta property=\"og:image:width\" content=\"1200\" \/>\n\t<meta property=\"og:image:height\" content=\"630\" \/>\n\t<meta property=\"og:image:type\" content=\"image\/webp\" \/>\n<meta name=\"author\" content=\"Luana Gon\u00e7alves\" \/>\n<meta name=\"twitter:card\" content=\"summary_large_image\" \/>\n<meta name=\"twitter:label1\" content=\"Escrito por\" \/>\n\t<meta name=\"twitter:data1\" content=\"Luana Gon\u00e7alves\" \/>\n\t<meta name=\"twitter:label2\" content=\"Est. tempo de leitura\" \/>\n\t<meta name=\"twitter:data2\" content=\"3 minutos\" \/>\n<script type=\"application\/ld+json\" class=\"yoast-schema-graph\">{\"@context\":\"https:\\\/\\\/schema.org\",\"@graph\":[{\"@type\":\"Article\",\"@id\":\"https:\\\/\\\/oficialnoticias.com\\\/?p=32332#article\",\"isPartOf\":{\"@id\":\"https:\\\/\\\/oficialnoticias.com\\\/?p=32332\"},\"author\":{\"name\":\"Luana Gon\u00e7alves\",\"@id\":\"https:\\\/\\\/oficialnoticias.com\\\/#\\\/schema\\\/person\\\/2d1dcbb6bfbc28d68171b4dc04723d4a\"},\"headline\":\"tecnologia para gerir tr\u00e2nsito, energia e servi\u00e7os\",\"datePublished\":\"2026-03-13T00:46:24+00:00\",\"dateModified\":\"2026-03-13T00:46:25+00:00\",\"mainEntityOfPage\":{\"@id\":\"https:\\\/\\\/oficialnoticias.com\\\/?p=32332\"},\"wordCount\":552,\"commentCount\":0,\"publisher\":{\"@id\":\"https:\\\/\\\/oficialnoticias.com\\\/#organization\"},\"image\":{\"@id\":\"https:\\\/\\\/oficialnoticias.com\\\/?p=32332#primaryimage\"},\"thumbnailUrl\":\"https:\\\/\\\/oficialnoticias.com\\\/wp-content\\\/uploads\\\/2026\\\/03\\\/urlhttps3A2F2Fk2-prod-radio-itatiaia.s3.us-east-1.amazonaws.com2Fbrightspot2Fd62F782F0c49c8.webp\",\"articleSection\":[\"Economia\"],\"inLanguage\":\"pt-BR\",\"potentialAction\":[{\"@type\":\"CommentAction\",\"name\":\"Comment\",\"target\":[\"https:\\\/\\\/oficialnoticias.com\\\/?p=32332#respond\"]}]},{\"@type\":\"WebPage\",\"@id\":\"https:\\\/\\\/oficialnoticias.com\\\/?p=32332\",\"url\":\"https:\\\/\\\/oficialnoticias.com\\\/?p=32332\",\"name\":\"tecnologia para gerir tr\u00e2nsito, energia e servi\u00e7os -\",\"isPartOf\":{\"@id\":\"https:\\\/\\\/oficialnoticias.com\\\/#website\"},\"primaryImageOfPage\":{\"@id\":\"https:\\\/\\\/oficialnoticias.com\\\/?p=32332#primaryimage\"},\"image\":{\"@id\":\"https:\\\/\\\/oficialnoticias.com\\\/?p=32332#primaryimage\"},\"thumbnailUrl\":\"https:\\\/\\\/oficialnoticias.com\\\/wp-content\\\/uploads\\\/2026\\\/03\\\/urlhttps3A2F2Fk2-prod-radio-itatiaia.s3.us-east-1.amazonaws.com2Fbrightspot2Fd62F782F0c49c8.webp\",\"datePublished\":\"2026-03-13T00:46:24+00:00\",\"dateModified\":\"2026-03-13T00:46:25+00:00\",\"breadcrumb\":{\"@id\":\"https:\\\/\\\/oficialnoticias.com\\\/?p=32332#breadcrumb\"},\"inLanguage\":\"pt-BR\",\"potentialAction\":[{\"@type\":\"ReadAction\",\"target\":[\"https:\\\/\\\/oficialnoticias.com\\\/?p=32332\"]}]},{\"@type\":\"ImageObject\",\"inLanguage\":\"pt-BR\",\"@id\":\"https:\\\/\\\/oficialnoticias.com\\\/?p=32332#primaryimage\",\"url\":\"https:\\\/\\\/oficialnoticias.com\\\/wp-content\\\/uploads\\\/2026\\\/03\\\/urlhttps3A2F2Fk2-prod-radio-itatiaia.s3.us-east-1.amazonaws.com2Fbrightspot2Fd62F782F0c49c8.webp\",\"contentUrl\":\"https:\\\/\\\/oficialnoticias.com\\\/wp-content\\\/uploads\\\/2026\\\/03\\\/urlhttps3A2F2Fk2-prod-radio-itatiaia.s3.us-east-1.amazonaws.com2Fbrightspot2Fd62F782F0c49c8.webp\",\"width\":1200,\"height\":630},{\"@type\":\"BreadcrumbList\",\"@id\":\"https:\\\/\\\/oficialnoticias.com\\\/?p=32332#breadcrumb\",\"itemListElement\":[{\"@type\":\"ListItem\",\"position\":1,\"name\":\"In\u00edcio\",\"item\":\"https:\\\/\\\/oficialnoticias.com\\\/\"},{\"@type\":\"ListItem\",\"position\":2,\"name\":\"tecnologia para gerir tr\u00e2nsito, energia e servi\u00e7os\"}]},{\"@type\":\"WebSite\",\"@id\":\"https:\\\/\\\/oficialnoticias.com\\\/#website\",\"url\":\"https:\\\/\\\/oficialnoticias.com\\\/\",\"name\":\"oficial Noticias\",\"description\":\"\",\"publisher\":{\"@id\":\"https:\\\/\\\/oficialnoticias.com\\\/#organization\"},\"potentialAction\":[{\"@type\":\"SearchAction\",\"target\":{\"@type\":\"EntryPoint\",\"urlTemplate\":\"https:\\\/\\\/oficialnoticias.com\\\/?s={search_term_string}\"},\"query-input\":{\"@type\":\"PropertyValueSpecification\",\"valueRequired\":true,\"valueName\":\"search_term_string\"}}],\"inLanguage\":\"pt-BR\"},{\"@type\":\"Organization\",\"@id\":\"https:\\\/\\\/oficialnoticias.com\\\/#organization\",\"name\":\"oficial noticias\",\"url\":\"https:\\\/\\\/oficialnoticias.com\\\/\",\"logo\":{\"@type\":\"ImageObject\",\"inLanguage\":\"pt-BR\",\"@id\":\"https:\\\/\\\/oficialnoticias.com\\\/#\\\/schema\\\/logo\\\/image\\\/\",\"url\":\"https:\\\/\\\/oficialnoticias.com\\\/wp-content\\\/uploads\\\/2025\\\/08\\\/cropped-cropped-cropped-Logo-Noticias-e1753639739829.png\",\"contentUrl\":\"https:\\\/\\\/oficialnoticias.com\\\/wp-content\\\/uploads\\\/2025\\\/08\\\/cropped-cropped-cropped-Logo-Noticias-e1753639739829.png\",\"width\":119,\"height\":86,\"caption\":\"oficial noticias\"},\"image\":{\"@id\":\"https:\\\/\\\/oficialnoticias.com\\\/#\\\/schema\\\/logo\\\/image\\\/\"}},{\"@type\":\"Person\",\"@id\":\"https:\\\/\\\/oficialnoticias.com\\\/#\\\/schema\\\/person\\\/2d1dcbb6bfbc28d68171b4dc04723d4a\",\"name\":\"Luana Gon\u00e7alves\",\"image\":{\"@type\":\"ImageObject\",\"inLanguage\":\"pt-BR\",\"@id\":\"https:\\\/\\\/secure.gravatar.com\\\/avatar\\\/7aa6afdef873224c1a0265951f3fdfc0679f65dfbd15f018612595d323c52521?s=96&d=mm&r=g\",\"url\":\"https:\\\/\\\/secure.gravatar.com\\\/avatar\\\/7aa6afdef873224c1a0265951f3fdfc0679f65dfbd15f018612595d323c52521?s=96&d=mm&r=g\",\"contentUrl\":\"https:\\\/\\\/secure.gravatar.com\\\/avatar\\\/7aa6afdef873224c1a0265951f3fdfc0679f65dfbd15f018612595d323c52521?s=96&d=mm&r=g\",\"caption\":\"Luana Gon\u00e7alves\"},\"sameAs\":[\"https:\\\/\\\/oficialnoticias.com\\\/\"],\"url\":\"https:\\\/\\\/oficialnoticias.com\\\/?author=2\"}]}<\/script>\n<!-- \/ Yoast SEO plugin. -->","yoast_head_json":{"title":"tecnologia para gerir tr\u00e2nsito, energia e servi\u00e7os -","robots":{"index":"index","follow":"follow","max-snippet":"max-snippet:-1","max-image-preview":"max-image-preview:large","max-video-preview":"max-video-preview:-1"},"canonical":"https:\/\/oficialnoticias.com\/?p=32332","og_locale":"pt_BR","og_type":"article","og_title":"tecnologia para gerir tr\u00e2nsito, energia e servi\u00e7os -","og_description":"O uso da tecnologia e da intelig\u00eancia de dados est\u00e1 cada vez mais presente na rotina das grandes cidades. O conceito de \u201ccidade inteligente\u201d, ou smart city, define o ambiente urbano que utiliza tecnologia, dados e conectividade para melhorar a infraestrutura, os servi\u00e7os e a gest\u00e3o de recursos. O objetivo principal \u00e9 aumentar a efici\u00eancia...","og_url":"https:\/\/oficialnoticias.com\/?p=32332","article_published_time":"2026-03-13T00:46:24+00:00","article_modified_time":"2026-03-13T00:46:25+00:00","og_image":[{"width":1200,"height":630,"url":"https:\/\/oficialnoticias.com\/wp-content\/uploads\/2026\/03\/urlhttps3A2F2Fk2-prod-radio-itatiaia.s3.us-east-1.amazonaws.com2Fbrightspot2Fd62F782F0c49c8.webp","type":"image\/webp"}],"author":"Luana Gon\u00e7alves","twitter_card":"summary_large_image","twitter_misc":{"Escrito por":"Luana Gon\u00e7alves","Est. tempo de leitura":"3 minutos"},"schema":{"@context":"https:\/\/schema.org","@graph":[{"@type":"Article","@id":"https:\/\/oficialnoticias.com\/?p=32332#article","isPartOf":{"@id":"https:\/\/oficialnoticias.com\/?p=32332"},"author":{"name":"Luana Gon\u00e7alves","@id":"https:\/\/oficialnoticias.com\/#\/schema\/person\/2d1dcbb6bfbc28d68171b4dc04723d4a"},"headline":"tecnologia para gerir tr\u00e2nsito, energia e servi\u00e7os","datePublished":"2026-03-13T00:46:24+00:00","dateModified":"2026-03-13T00:46:25+00:00","mainEntityOfPage":{"@id":"https:\/\/oficialnoticias.com\/?p=32332"},"wordCount":552,"commentCount":0,"publisher":{"@id":"https:\/\/oficialnoticias.com\/#organization"},"image":{"@id":"https:\/\/oficialnoticias.com\/?p=32332#primaryimage"},"thumbnailUrl":"https:\/\/oficialnoticias.com\/wp-content\/uploads\/2026\/03\/urlhttps3A2F2Fk2-prod-radio-itatiaia.s3.us-east-1.amazonaws.com2Fbrightspot2Fd62F782F0c49c8.webp","articleSection":["Economia"],"inLanguage":"pt-BR","potentialAction":[{"@type":"CommentAction","name":"Comment","target":["https:\/\/oficialnoticias.com\/?p=32332#respond"]}]},{"@type":"WebPage","@id":"https:\/\/oficialnoticias.com\/?p=32332","url":"https:\/\/oficialnoticias.com\/?p=32332","name":"tecnologia para gerir tr\u00e2nsito, energia e servi\u00e7os -","isPartOf":{"@id":"https:\/\/oficialnoticias.com\/#website"},"primaryImageOfPage":{"@id":"https:\/\/oficialnoticias.com\/?p=32332#primaryimage"},"image":{"@id":"https:\/\/oficialnoticias.com\/?p=32332#primaryimage"},"thumbnailUrl":"https:\/\/oficialnoticias.com\/wp-content\/uploads\/2026\/03\/urlhttps3A2F2Fk2-prod-radio-itatiaia.s3.us-east-1.amazonaws.com2Fbrightspot2Fd62F782F0c49c8.webp","datePublished":"2026-03-13T00:46:24+00:00","dateModified":"2026-03-13T00:46:25+00:00","breadcrumb":{"@id":"https:\/\/oficialnoticias.com\/?p=32332#breadcrumb"},"inLanguage":"pt-BR","potentialAction":[{"@type":"ReadAction","target":["https:\/\/oficialnoticias.com\/?p=32332"]}]},{"@type":"ImageObject","inLanguage":"pt-BR","@id":"https:\/\/oficialnoticias.com\/?p=32332#primaryimage","url":"https:\/\/oficialnoticias.com\/wp-content\/uploads\/2026\/03\/urlhttps3A2F2Fk2-prod-radio-itatiaia.s3.us-east-1.amazonaws.com2Fbrightspot2Fd62F782F0c49c8.webp","contentUrl":"https:\/\/oficialnoticias.com\/wp-content\/uploads\/2026\/03\/urlhttps3A2F2Fk2-prod-radio-itatiaia.s3.us-east-1.amazonaws.com2Fbrightspot2Fd62F782F0c49c8.webp","width":1200,"height":630},{"@type":"BreadcrumbList","@id":"https:\/\/oficialnoticias.com\/?p=32332#breadcrumb","itemListElement":[{"@type":"ListItem","position":1,"name":"In\u00edcio","item":"https:\/\/oficialnoticias.com\/"},{"@type":"ListItem","position":2,"name":"tecnologia para gerir tr\u00e2nsito, energia e servi\u00e7os"}]},{"@type":"WebSite","@id":"https:\/\/oficialnoticias.com\/#website","url":"https:\/\/oficialnoticias.com\/","name":"oficial Noticias","description":"","publisher":{"@id":"https:\/\/oficialnoticias.com\/#organization"},"potentialAction":[{"@type":"SearchAction","target":{"@type":"EntryPoint","urlTemplate":"https:\/\/oficialnoticias.com\/?s={search_term_string}"},"query-input":{"@type":"PropertyValueSpecification","valueRequired":true,"valueName":"search_term_string"}}],"inLanguage":"pt-BR"},{"@type":"Organization","@id":"https:\/\/oficialnoticias.com\/#organization","name":"oficial noticias","url":"https:\/\/oficialnoticias.com\/","logo":{"@type":"ImageObject","inLanguage":"pt-BR","@id":"https:\/\/oficialnoticias.com\/#\/schema\/logo\/image\/","url":"https:\/\/oficialnoticias.com\/wp-content\/uploads\/2025\/08\/cropped-cropped-cropped-Logo-Noticias-e1753639739829.png","contentUrl":"https:\/\/oficialnoticias.com\/wp-content\/uploads\/2025\/08\/cropped-cropped-cropped-Logo-Noticias-e1753639739829.png","width":119,"height":86,"caption":"oficial noticias"},"image":{"@id":"https:\/\/oficialnoticias.com\/#\/schema\/logo\/image\/"}},{"@type":"Person","@id":"https:\/\/oficialnoticias.com\/#\/schema\/person\/2d1dcbb6bfbc28d68171b4dc04723d4a","name":"Luana Gon\u00e7alves","image":{"@type":"ImageObject","inLanguage":"pt-BR","@id":"https:\/\/secure.gravatar.com\/avatar\/7aa6afdef873224c1a0265951f3fdfc0679f65dfbd15f018612595d323c52521?s=96&d=mm&r=g","url":"https:\/\/secure.gravatar.com\/avatar\/7aa6afdef873224c1a0265951f3fdfc0679f65dfbd15f018612595d323c52521?s=96&d=mm&r=g","contentUrl":"https:\/\/secure.gravatar.com\/avatar\/7aa6afdef873224c1a0265951f3fdfc0679f65dfbd15f018612595d323c52521?s=96&d=mm&r=g","caption":"Luana Gon\u00e7alves"},"sameAs":["https:\/\/oficialnoticias.com\/"],"url":"https:\/\/oficialnoticias.com\/?author=2"}]}},"_links":{"self":[{"href":"https:\/\/oficialnoticias.com\/index.php?rest_route=\/wp\/v2\/posts\/32332","targetHints":{"allow":["GET"]}}],"collection":[{"href":"https:\/\/oficialnoticias.com\/index.php?rest_route=\/wp\/v2\/posts"}],"about":[{"href":"https:\/\/oficialnoticias.com\/index.php?rest_route=\/wp\/v2\/types\/post"}],"author":[{"embeddable":true,"href":"https:\/\/oficialnoticias.com\/index.php?rest_route=\/wp\/v2\/users\/2"}],"replies":[{"embeddable":true,"href":"https:\/\/oficialnoticias.com\/index.php?rest_route=%2Fwp%2Fv2%2Fcomments&post=32332"}],"version-history":[{"count":1,"href":"https:\/\/oficialnoticias.com\/index.php?rest_route=\/wp\/v2\/posts\/32332\/revisions"}],"predecessor-version":[{"id":32334,"href":"https:\/\/oficialnoticias.com\/index.php?rest_route=\/wp\/v2\/posts\/32332\/revisions\/32334"}],"wp:featuredmedia":[{"embeddable":true,"href":"https:\/\/oficialnoticias.com\/index.php?rest_route=\/wp\/v2\/media\/32333"}],"wp:attachment":[{"href":"https:\/\/oficialnoticias.com\/index.php?rest_route=%2Fwp%2Fv2%2Fmedia&parent=32332"}],"wp:term":[{"taxonomy":"category","embeddable":true,"href":"https:\/\/oficialnoticias.com\/index.php?rest_route=%2Fwp%2Fv2%2Fcategories&post=32332"},{"taxonomy":"post_tag","embeddable":true,"href":"https:\/\/oficialnoticias.com\/index.php?rest_route=%2Fwp%2Fv2%2Ftags&post=32332"}],"curies":[{"name":"wp","href":"https:\/\/api.w.org\/{rel}","templated":true}]}}