{"id":32326,"date":"2026-03-12T20:05:07","date_gmt":"2026-03-12T23:05:07","guid":{"rendered":"https:\/\/oficialnoticias.com\/?p=32326"},"modified":"2026-03-12T20:05:07","modified_gmt":"2026-03-12T23:05:07","slug":"dia-mundial-do-glaucoma-saiba-sintomas-riscos-e-como-evitar-perda-de-visao","status":"publish","type":"post","link":"https:\/\/oficialnoticias.com\/?p=32326","title":{"rendered":"Dia Mundial do Glaucoma: saiba sintomas, riscos e como evitar perda de vis\u00e3o"},"content":{"rendered":"<p><\/p>\n<div>\n<p>O <b>Dia Mundial do Glaucoma<\/b> \u00e9 comemorado nesta quinta-feira (12). A doen\u00e7a degenerativa \u00e9 a principal causa de <bsp-link-enhancement><br \/>\n    <span class=\"LinkEnhancement\"><a class=\"Link\" href=\"https:\/\/www.itatiaia.com.br\/saude\/2024\/05\/24\/cegueira-irreversivel-saiba-mais-sobre-o-glaucoma\" title=\"&lt;b&gt;cegueira irrevers\u00edvel&lt;\/b&gt;\"><b>cegueira irrevers\u00edvel<\/b><\/a><\/span><\/bsp-link-enhancement> e est\u00e1 frequentemente ligada \u00e0 alta press\u00e3o intraocular. <\/p>\n<p>O oftalmologista Tiago C\u00e9sar Pereira Ferreira explica que o glaucoma \u201cleva \u00e0 perda gradual das fibras do nervo \u00f3ptico e, consequentemente, \u00e0 redu\u00e7\u00e3o do campo visual\u201d. Na maioria das vezes, a doen\u00e7a evolui de forma silenciosa, sem provocar sintomas percept\u00edveis. <\/p>\n<p>No est\u00e1gio inicial, o glaucoma compromete a vis\u00e3o perif\u00e9rica. \u201cCom a progress\u00e3o do dano ao nervo \u00f3ptico, o campo visual vai se reduzindo gradualmente, podendo evoluir para perda visual significativa\u201d, destaca o m\u00e9dico. <\/p>\n<p><bsp-list-loadmore class=\"PageListStandardG\" data-module=\"\" data-show-loadmore=\"true\" data-list-title-size=\"3\" data-list-description-size=\"3\"><\/p>\n<p>    <a class=\"AnchorLink\" title=\"leia-tambem\" name=\"leia-tambem\"\/><\/p>\n<p><\/bsp-list-loadmore><\/p>\n<p>Existe um tipo mais raro da doen\u00e7a chamado de <b>glaucoma de \u00e2ngulo fechado agudo<\/b>. Nesse caso, \u201cos sintomas podem surgir de forma s\u00fabita e intensa, com dor ocular forte, vermelhid\u00e3o, vis\u00e3o borrada, halos ao redor das luzes, dor de cabe\u00e7a e, em alguns casos, n\u00e1useas e v\u00f4mitos\u201d. O oftalmologista ressalta que, nessa situa\u00e7\u00e3o, o atendimento m\u00e9dico deve ser imediato.<\/p>\n<p>O <b>diagn\u00f3stico<\/b> \u00e9 feito por meio de avalia\u00e7\u00e3o oftalmol\u00f3gica completa. \u201cO m\u00e9dico realiza a medi\u00e7\u00e3o da press\u00e3o intraocular, conhecida como tonometria, al\u00e9m da an\u00e1lise detalhada do nervo \u00f3ptico por meio do exame de fundo de olho. Outros exames complementares tamb\u00e9m podem ser utilizados, como a campimetria visual, que avalia poss\u00edveis perdas no campo visual, e exames de imagem do nervo \u00f3ptico, como a tomografia de coer\u00eancia \u00f3ptica\u201d, afirma o profissional. <\/p>\n<p>Ele destaca que n\u00e3o \u00e9 poss\u00edvel prevenir completamente o glaucoma, mas refor\u00e7a que &#8220;\u00e9 poss\u00edvel prevenir ou retardar a perda visual causada pela doen\u00e7a por meio do diagn\u00f3stico precoce e do tratamento adequado\u201d. Por isso, \u00e9 necess\u00e1rio que pessoas com mais de 40 anos ou que apresentam fatores de risco para a doen\u00e7a consultem-se regularmente com um oftalmologista. <\/p>\n<\/p><\/div>\n<p><script>\n  window.fbAsyncInit = function() {\n      FB.init({\n              appId : '1447052969554341',\n          xfbml : true,\n          version : 'v2.9'\n      });\n  };\n  (function(d, s, id){\n     var js, fjs = d.getElementsByTagName(s)[0];\n     if (d.getElementById(id)) {return;}\n     js = d.createElement(s); js.id = id;\n     js.src = \"https:\/\/connect.facebook.net\/en_US\/sdk.js\";\n     fjs.parentNode.insertBefore(js, fjs);\n   }(document, 'script', 'facebook-jssdk'));\n<\/script><\/p>\n","protected":false},"excerpt":{"rendered":"<p>O Dia Mundial do Glaucoma \u00e9 comemorado nesta quinta-feira (12). A doen\u00e7a degenerativa \u00e9 a principal causa de cegueira irrevers\u00edvel e est\u00e1 frequentemente ligada \u00e0 alta press\u00e3o intraocular. O oftalmologista Tiago C\u00e9sar Pereira Ferreira explica que o glaucoma \u201cleva \u00e0 perda gradual das fibras do nervo \u00f3ptico e, consequentemente, \u00e0 redu\u00e7\u00e3o do campo visual\u201d. Na&#8230;<\/p>\n","protected":false},"author":2,"featured_media":32327,"comment_status":"open","ping_status":"open","sticky":false,"template":"","format":"standard","meta":{"footnotes":""},"categories":[1],"tags":[],"class_list":["post-32326","post","type-post","status-publish","format-standard","has-post-thumbnail","hentry","category-sem-categoria"],"yoast_head":"<!-- This site is optimized with the Yoast SEO plugin v27.3 - https:\/\/yoast.com\/product\/yoast-seo-wordpress\/ -->\n<title>Dia Mundial do Glaucoma: saiba sintomas, riscos e como evitar perda de vis\u00e3o -<\/title>\n<meta name=\"robots\" content=\"index, follow, max-snippet:-1, max-image-preview:large, max-video-preview:-1\" \/>\n<link rel=\"canonical\" href=\"https:\/\/oficialnoticias.com\/?p=32326\" \/>\n<meta property=\"og:locale\" content=\"pt_BR\" \/>\n<meta property=\"og:type\" content=\"article\" \/>\n<meta property=\"og:title\" content=\"Dia Mundial do Glaucoma: saiba sintomas, riscos e como evitar perda de vis\u00e3o -\" \/>\n<meta property=\"og:description\" content=\"O Dia Mundial do Glaucoma \u00e9 comemorado nesta quinta-feira (12). A doen\u00e7a degenerativa \u00e9 a principal causa de cegueira irrevers\u00edvel e est\u00e1 frequentemente ligada \u00e0 alta press\u00e3o intraocular. O oftalmologista Tiago C\u00e9sar Pereira Ferreira explica que o glaucoma \u201cleva \u00e0 perda gradual das fibras do nervo \u00f3ptico e, consequentemente, \u00e0 redu\u00e7\u00e3o do campo visual\u201d. Na...\" \/>\n<meta property=\"og:url\" content=\"https:\/\/oficialnoticias.com\/?p=32326\" \/>\n<meta property=\"article:published_time\" content=\"2026-03-12T23:05:07+00:00\" \/>\n<meta property=\"og:image\" content=\"https:\/\/oficialnoticias.com\/wp-content\/uploads\/2026\/03\/1773356707_urlhttps3A2F2Fk2-prod-radio-itatiaia.s3.us-east-1.amazonaws.com2Fbrightspot2Fb62F002Fc06397.webp\" \/>\n\t<meta property=\"og:image:width\" content=\"1200\" \/>\n\t<meta property=\"og:image:height\" content=\"630\" \/>\n\t<meta property=\"og:image:type\" content=\"image\/webp\" \/>\n<meta name=\"author\" content=\"Luana Gon\u00e7alves\" \/>\n<meta name=\"twitter:card\" content=\"summary_large_image\" \/>\n<meta name=\"twitter:label1\" content=\"Escrito por\" \/>\n\t<meta name=\"twitter:data1\" content=\"Luana Gon\u00e7alves\" \/>\n\t<meta name=\"twitter:label2\" content=\"Est. tempo de leitura\" \/>\n\t<meta name=\"twitter:data2\" content=\"2 minutos\" \/>\n<script type=\"application\/ld+json\" class=\"yoast-schema-graph\">{\"@context\":\"https:\\\/\\\/schema.org\",\"@graph\":[{\"@type\":\"Article\",\"@id\":\"https:\\\/\\\/oficialnoticias.com\\\/?p=32326#article\",\"isPartOf\":{\"@id\":\"https:\\\/\\\/oficialnoticias.com\\\/?p=32326\"},\"author\":{\"name\":\"Luana Gon\u00e7alves\",\"@id\":\"https:\\\/\\\/oficialnoticias.com\\\/#\\\/schema\\\/person\\\/2d1dcbb6bfbc28d68171b4dc04723d4a\"},\"headline\":\"Dia Mundial do Glaucoma: saiba sintomas, riscos e como evitar perda de vis\u00e3o\",\"datePublished\":\"2026-03-12T23:05:07+00:00\",\"mainEntityOfPage\":{\"@id\":\"https:\\\/\\\/oficialnoticias.com\\\/?p=32326\"},\"wordCount\":331,\"commentCount\":0,\"publisher\":{\"@id\":\"https:\\\/\\\/oficialnoticias.com\\\/#organization\"},\"image\":{\"@id\":\"https:\\\/\\\/oficialnoticias.com\\\/?p=32326#primaryimage\"},\"thumbnailUrl\":\"https:\\\/\\\/oficialnoticias.com\\\/wp-content\\\/uploads\\\/2026\\\/03\\\/1773356707_urlhttps3A2F2Fk2-prod-radio-itatiaia.s3.us-east-1.amazonaws.com2Fbrightspot2Fb62F002Fc06397.webp\",\"articleSection\":[\"Sa\u00fade\"],\"inLanguage\":\"pt-BR\",\"potentialAction\":[{\"@type\":\"CommentAction\",\"name\":\"Comment\",\"target\":[\"https:\\\/\\\/oficialnoticias.com\\\/?p=32326#respond\"]}]},{\"@type\":\"WebPage\",\"@id\":\"https:\\\/\\\/oficialnoticias.com\\\/?p=32326\",\"url\":\"https:\\\/\\\/oficialnoticias.com\\\/?p=32326\",\"name\":\"Dia Mundial do Glaucoma: saiba sintomas, riscos e como evitar perda de vis\u00e3o -\",\"isPartOf\":{\"@id\":\"https:\\\/\\\/oficialnoticias.com\\\/#website\"},\"primaryImageOfPage\":{\"@id\":\"https:\\\/\\\/oficialnoticias.com\\\/?p=32326#primaryimage\"},\"image\":{\"@id\":\"https:\\\/\\\/oficialnoticias.com\\\/?p=32326#primaryimage\"},\"thumbnailUrl\":\"https:\\\/\\\/oficialnoticias.com\\\/wp-content\\\/uploads\\\/2026\\\/03\\\/1773356707_urlhttps3A2F2Fk2-prod-radio-itatiaia.s3.us-east-1.amazonaws.com2Fbrightspot2Fb62F002Fc06397.webp\",\"datePublished\":\"2026-03-12T23:05:07+00:00\",\"breadcrumb\":{\"@id\":\"https:\\\/\\\/oficialnoticias.com\\\/?p=32326#breadcrumb\"},\"inLanguage\":\"pt-BR\",\"potentialAction\":[{\"@type\":\"ReadAction\",\"target\":[\"https:\\\/\\\/oficialnoticias.com\\\/?p=32326\"]}]},{\"@type\":\"ImageObject\",\"inLanguage\":\"pt-BR\",\"@id\":\"https:\\\/\\\/oficialnoticias.com\\\/?p=32326#primaryimage\",\"url\":\"https:\\\/\\\/oficialnoticias.com\\\/wp-content\\\/uploads\\\/2026\\\/03\\\/1773356707_urlhttps3A2F2Fk2-prod-radio-itatiaia.s3.us-east-1.amazonaws.com2Fbrightspot2Fb62F002Fc06397.webp\",\"contentUrl\":\"https:\\\/\\\/oficialnoticias.com\\\/wp-content\\\/uploads\\\/2026\\\/03\\\/1773356707_urlhttps3A2F2Fk2-prod-radio-itatiaia.s3.us-east-1.amazonaws.com2Fbrightspot2Fb62F002Fc06397.webp\",\"width\":1200,\"height\":630},{\"@type\":\"BreadcrumbList\",\"@id\":\"https:\\\/\\\/oficialnoticias.com\\\/?p=32326#breadcrumb\",\"itemListElement\":[{\"@type\":\"ListItem\",\"position\":1,\"name\":\"In\u00edcio\",\"item\":\"https:\\\/\\\/oficialnoticias.com\\\/\"},{\"@type\":\"ListItem\",\"position\":2,\"name\":\"Dia Mundial do Glaucoma: saiba sintomas, riscos e como evitar perda de vis\u00e3o\"}]},{\"@type\":\"WebSite\",\"@id\":\"https:\\\/\\\/oficialnoticias.com\\\/#website\",\"url\":\"https:\\\/\\\/oficialnoticias.com\\\/\",\"name\":\"oficial Noticias\",\"description\":\"\",\"publisher\":{\"@id\":\"https:\\\/\\\/oficialnoticias.com\\\/#organization\"},\"potentialAction\":[{\"@type\":\"SearchAction\",\"target\":{\"@type\":\"EntryPoint\",\"urlTemplate\":\"https:\\\/\\\/oficialnoticias.com\\\/?s={search_term_string}\"},\"query-input\":{\"@type\":\"PropertyValueSpecification\",\"valueRequired\":true,\"valueName\":\"search_term_string\"}}],\"inLanguage\":\"pt-BR\"},{\"@type\":\"Organization\",\"@id\":\"https:\\\/\\\/oficialnoticias.com\\\/#organization\",\"name\":\"oficial noticias\",\"url\":\"https:\\\/\\\/oficialnoticias.com\\\/\",\"logo\":{\"@type\":\"ImageObject\",\"inLanguage\":\"pt-BR\",\"@id\":\"https:\\\/\\\/oficialnoticias.com\\\/#\\\/schema\\\/logo\\\/image\\\/\",\"url\":\"https:\\\/\\\/oficialnoticias.com\\\/wp-content\\\/uploads\\\/2025\\\/08\\\/cropped-cropped-cropped-Logo-Noticias-e1753639739829.png\",\"contentUrl\":\"https:\\\/\\\/oficialnoticias.com\\\/wp-content\\\/uploads\\\/2025\\\/08\\\/cropped-cropped-cropped-Logo-Noticias-e1753639739829.png\",\"width\":119,\"height\":86,\"caption\":\"oficial noticias\"},\"image\":{\"@id\":\"https:\\\/\\\/oficialnoticias.com\\\/#\\\/schema\\\/logo\\\/image\\\/\"}},{\"@type\":\"Person\",\"@id\":\"https:\\\/\\\/oficialnoticias.com\\\/#\\\/schema\\\/person\\\/2d1dcbb6bfbc28d68171b4dc04723d4a\",\"name\":\"Luana Gon\u00e7alves\",\"image\":{\"@type\":\"ImageObject\",\"inLanguage\":\"pt-BR\",\"@id\":\"https:\\\/\\\/secure.gravatar.com\\\/avatar\\\/7aa6afdef873224c1a0265951f3fdfc0679f65dfbd15f018612595d323c52521?s=96&d=mm&r=g\",\"url\":\"https:\\\/\\\/secure.gravatar.com\\\/avatar\\\/7aa6afdef873224c1a0265951f3fdfc0679f65dfbd15f018612595d323c52521?s=96&d=mm&r=g\",\"contentUrl\":\"https:\\\/\\\/secure.gravatar.com\\\/avatar\\\/7aa6afdef873224c1a0265951f3fdfc0679f65dfbd15f018612595d323c52521?s=96&d=mm&r=g\",\"caption\":\"Luana Gon\u00e7alves\"},\"sameAs\":[\"https:\\\/\\\/oficialnoticias.com\\\/\"],\"url\":\"https:\\\/\\\/oficialnoticias.com\\\/?author=2\"}]}<\/script>\n<!-- \/ Yoast SEO plugin. -->","yoast_head_json":{"title":"Dia Mundial do Glaucoma: saiba sintomas, riscos e como evitar perda de vis\u00e3o -","robots":{"index":"index","follow":"follow","max-snippet":"max-snippet:-1","max-image-preview":"max-image-preview:large","max-video-preview":"max-video-preview:-1"},"canonical":"https:\/\/oficialnoticias.com\/?p=32326","og_locale":"pt_BR","og_type":"article","og_title":"Dia Mundial do Glaucoma: saiba sintomas, riscos e como evitar perda de vis\u00e3o -","og_description":"O Dia Mundial do Glaucoma \u00e9 comemorado nesta quinta-feira (12). A doen\u00e7a degenerativa \u00e9 a principal causa de cegueira irrevers\u00edvel e est\u00e1 frequentemente ligada \u00e0 alta press\u00e3o intraocular. O oftalmologista Tiago C\u00e9sar Pereira Ferreira explica que o glaucoma \u201cleva \u00e0 perda gradual das fibras do nervo \u00f3ptico e, consequentemente, \u00e0 redu\u00e7\u00e3o do campo visual\u201d. Na...","og_url":"https:\/\/oficialnoticias.com\/?p=32326","article_published_time":"2026-03-12T23:05:07+00:00","og_image":[{"width":1200,"height":630,"url":"https:\/\/oficialnoticias.com\/wp-content\/uploads\/2026\/03\/1773356707_urlhttps3A2F2Fk2-prod-radio-itatiaia.s3.us-east-1.amazonaws.com2Fbrightspot2Fb62F002Fc06397.webp","type":"image\/webp"}],"author":"Luana Gon\u00e7alves","twitter_card":"summary_large_image","twitter_misc":{"Escrito por":"Luana Gon\u00e7alves","Est. tempo de leitura":"2 minutos"},"schema":{"@context":"https:\/\/schema.org","@graph":[{"@type":"Article","@id":"https:\/\/oficialnoticias.com\/?p=32326#article","isPartOf":{"@id":"https:\/\/oficialnoticias.com\/?p=32326"},"author":{"name":"Luana Gon\u00e7alves","@id":"https:\/\/oficialnoticias.com\/#\/schema\/person\/2d1dcbb6bfbc28d68171b4dc04723d4a"},"headline":"Dia Mundial do Glaucoma: saiba sintomas, riscos e como evitar perda de vis\u00e3o","datePublished":"2026-03-12T23:05:07+00:00","mainEntityOfPage":{"@id":"https:\/\/oficialnoticias.com\/?p=32326"},"wordCount":331,"commentCount":0,"publisher":{"@id":"https:\/\/oficialnoticias.com\/#organization"},"image":{"@id":"https:\/\/oficialnoticias.com\/?p=32326#primaryimage"},"thumbnailUrl":"https:\/\/oficialnoticias.com\/wp-content\/uploads\/2026\/03\/1773356707_urlhttps3A2F2Fk2-prod-radio-itatiaia.s3.us-east-1.amazonaws.com2Fbrightspot2Fb62F002Fc06397.webp","articleSection":["Sa\u00fade"],"inLanguage":"pt-BR","potentialAction":[{"@type":"CommentAction","name":"Comment","target":["https:\/\/oficialnoticias.com\/?p=32326#respond"]}]},{"@type":"WebPage","@id":"https:\/\/oficialnoticias.com\/?p=32326","url":"https:\/\/oficialnoticias.com\/?p=32326","name":"Dia Mundial do Glaucoma: saiba sintomas, riscos e como evitar perda de vis\u00e3o -","isPartOf":{"@id":"https:\/\/oficialnoticias.com\/#website"},"primaryImageOfPage":{"@id":"https:\/\/oficialnoticias.com\/?p=32326#primaryimage"},"image":{"@id":"https:\/\/oficialnoticias.com\/?p=32326#primaryimage"},"thumbnailUrl":"https:\/\/oficialnoticias.com\/wp-content\/uploads\/2026\/03\/1773356707_urlhttps3A2F2Fk2-prod-radio-itatiaia.s3.us-east-1.amazonaws.com2Fbrightspot2Fb62F002Fc06397.webp","datePublished":"2026-03-12T23:05:07+00:00","breadcrumb":{"@id":"https:\/\/oficialnoticias.com\/?p=32326#breadcrumb"},"inLanguage":"pt-BR","potentialAction":[{"@type":"ReadAction","target":["https:\/\/oficialnoticias.com\/?p=32326"]}]},{"@type":"ImageObject","inLanguage":"pt-BR","@id":"https:\/\/oficialnoticias.com\/?p=32326#primaryimage","url":"https:\/\/oficialnoticias.com\/wp-content\/uploads\/2026\/03\/1773356707_urlhttps3A2F2Fk2-prod-radio-itatiaia.s3.us-east-1.amazonaws.com2Fbrightspot2Fb62F002Fc06397.webp","contentUrl":"https:\/\/oficialnoticias.com\/wp-content\/uploads\/2026\/03\/1773356707_urlhttps3A2F2Fk2-prod-radio-itatiaia.s3.us-east-1.amazonaws.com2Fbrightspot2Fb62F002Fc06397.webp","width":1200,"height":630},{"@type":"BreadcrumbList","@id":"https:\/\/oficialnoticias.com\/?p=32326#breadcrumb","itemListElement":[{"@type":"ListItem","position":1,"name":"In\u00edcio","item":"https:\/\/oficialnoticias.com\/"},{"@type":"ListItem","position":2,"name":"Dia Mundial do Glaucoma: saiba sintomas, riscos e como evitar perda de vis\u00e3o"}]},{"@type":"WebSite","@id":"https:\/\/oficialnoticias.com\/#website","url":"https:\/\/oficialnoticias.com\/","name":"oficial Noticias","description":"","publisher":{"@id":"https:\/\/oficialnoticias.com\/#organization"},"potentialAction":[{"@type":"SearchAction","target":{"@type":"EntryPoint","urlTemplate":"https:\/\/oficialnoticias.com\/?s={search_term_string}"},"query-input":{"@type":"PropertyValueSpecification","valueRequired":true,"valueName":"search_term_string"}}],"inLanguage":"pt-BR"},{"@type":"Organization","@id":"https:\/\/oficialnoticias.com\/#organization","name":"oficial noticias","url":"https:\/\/oficialnoticias.com\/","logo":{"@type":"ImageObject","inLanguage":"pt-BR","@id":"https:\/\/oficialnoticias.com\/#\/schema\/logo\/image\/","url":"https:\/\/oficialnoticias.com\/wp-content\/uploads\/2025\/08\/cropped-cropped-cropped-Logo-Noticias-e1753639739829.png","contentUrl":"https:\/\/oficialnoticias.com\/wp-content\/uploads\/2025\/08\/cropped-cropped-cropped-Logo-Noticias-e1753639739829.png","width":119,"height":86,"caption":"oficial noticias"},"image":{"@id":"https:\/\/oficialnoticias.com\/#\/schema\/logo\/image\/"}},{"@type":"Person","@id":"https:\/\/oficialnoticias.com\/#\/schema\/person\/2d1dcbb6bfbc28d68171b4dc04723d4a","name":"Luana Gon\u00e7alves","image":{"@type":"ImageObject","inLanguage":"pt-BR","@id":"https:\/\/secure.gravatar.com\/avatar\/7aa6afdef873224c1a0265951f3fdfc0679f65dfbd15f018612595d323c52521?s=96&d=mm&r=g","url":"https:\/\/secure.gravatar.com\/avatar\/7aa6afdef873224c1a0265951f3fdfc0679f65dfbd15f018612595d323c52521?s=96&d=mm&r=g","contentUrl":"https:\/\/secure.gravatar.com\/avatar\/7aa6afdef873224c1a0265951f3fdfc0679f65dfbd15f018612595d323c52521?s=96&d=mm&r=g","caption":"Luana Gon\u00e7alves"},"sameAs":["https:\/\/oficialnoticias.com\/"],"url":"https:\/\/oficialnoticias.com\/?author=2"}]}},"_links":{"self":[{"href":"https:\/\/oficialnoticias.com\/index.php?rest_route=\/wp\/v2\/posts\/32326","targetHints":{"allow":["GET"]}}],"collection":[{"href":"https:\/\/oficialnoticias.com\/index.php?rest_route=\/wp\/v2\/posts"}],"about":[{"href":"https:\/\/oficialnoticias.com\/index.php?rest_route=\/wp\/v2\/types\/post"}],"author":[{"embeddable":true,"href":"https:\/\/oficialnoticias.com\/index.php?rest_route=\/wp\/v2\/users\/2"}],"replies":[{"embeddable":true,"href":"https:\/\/oficialnoticias.com\/index.php?rest_route=%2Fwp%2Fv2%2Fcomments&post=32326"}],"version-history":[{"count":1,"href":"https:\/\/oficialnoticias.com\/index.php?rest_route=\/wp\/v2\/posts\/32326\/revisions"}],"predecessor-version":[{"id":32328,"href":"https:\/\/oficialnoticias.com\/index.php?rest_route=\/wp\/v2\/posts\/32326\/revisions\/32328"}],"wp:featuredmedia":[{"embeddable":true,"href":"https:\/\/oficialnoticias.com\/index.php?rest_route=\/wp\/v2\/media\/32327"}],"wp:attachment":[{"href":"https:\/\/oficialnoticias.com\/index.php?rest_route=%2Fwp%2Fv2%2Fmedia&parent=32326"}],"wp:term":[{"taxonomy":"category","embeddable":true,"href":"https:\/\/oficialnoticias.com\/index.php?rest_route=%2Fwp%2Fv2%2Fcategories&post=32326"},{"taxonomy":"post_tag","embeddable":true,"href":"https:\/\/oficialnoticias.com\/index.php?rest_route=%2Fwp%2Fv2%2Ftags&post=32326"}],"curies":[{"name":"wp","href":"https:\/\/api.w.org\/{rel}","templated":true}]}}