{"id":32323,"date":"2026-03-12T19:41:11","date_gmt":"2026-03-12T22:41:11","guid":{"rendered":"https:\/\/oficialnoticias.com\/?p=32323"},"modified":"2026-03-12T19:41:12","modified_gmt":"2026-03-12T22:41:12","slug":"prestes-a-ser-privatizada-copasa-entra-em-periodo-de-silencio","status":"publish","type":"post","link":"https:\/\/oficialnoticias.com\/?p=32323","title":{"rendered":"Prestes a ser privatizada, Copasa entra em \u2018per\u00edodo de sil\u00eancio\u2019"},"content":{"rendered":"<p><\/p>\n<div>\n<p>Pr\u00f3ximo de ser privatizada pelo governo de Romeu Zema (Novo), a Copasa entrou em \u201cper\u00edodo de sil\u00eancio\u201d, momento quando a companhia n\u00e3o pode se manifestar ou conceder entrevistas sobre \u201cquaisquer temas que possam influenciar a an\u00e1lise de investidores ou afetar a paridade de informa\u00e7\u00f5es no mercado\u201d.<\/p>\n<p>O per\u00edodo inicia 60 dias antes do registro de uma oferta na Comiss\u00e3o de Valores Mobili\u00e1rios (CVM), o que indica que a data da venda da estatal est\u00e1 pr\u00f3xima. A informa\u00e7\u00e3o foi confirmada pela reportagem da <b>Itatiaia<\/b> com a estatal, que n\u00e3o detalhou quando o per\u00edodo foi iniciado.<\/p>\n<p><bsp-list-loadmore class=\"PageListStandardG\" data-module=\"\" data-show-loadmore=\"true\" data-list-title-size=\"3\" data-list-description-size=\"3\"><\/p>\n<p>    <a class=\"AnchorLink\" title=\"leia-tambem\" name=\"leia-tambem\"\/><\/p>\n<p><\/bsp-list-loadmore><\/p>\n<p>Contudo, previs\u00f5es iniciais do governo do estado indicavam que a estatal poderia ser privatizada ainda em mar\u00e7o, ou, no mais tardar, em abril deste ano, j\u00e1 sob a gest\u00e3o do vice-governador Mateus Sim\u00f5es (PSD), que assume o posto no lugar de Zema, que se dedicar\u00e1 \u00e0 campanha \u00e0 Presid\u00eancia da Rep\u00fablica, no pr\u00f3ximo dia 22.<\/p>\n<p>\u201cTal medida atende \u00e0s normas estabelecidas pela Comiss\u00e3o de Valores Mobili\u00e1rios. Dessa forma, a Copasa est\u00e1 impedida de se manifestar ou conceder entrevistas sobre quaisquer temas que possam influenciar a an\u00e1lise de investidores ou afetar a paridade de informa\u00e7\u00f5es no mercado\u201d, explica nota.<\/p>\n<p>Apesar disso, a companhia de saneamento informou, nesta quinta-feira (12), aos acionistas que o Conselho de Administra\u00e7\u00e3o aprovou a distribui\u00e7\u00e3o de dividendos referentes ao primeiro trimestre de 2026.<\/p>\n<p>\u201cA aprova\u00e7\u00e3o observa a Pol\u00edtica de Dividendos vigente e a decis\u00e3o do Conselho de Administra\u00e7\u00e3o que definiu, em reuni\u00e3o de 11 de dezembro de 2025, a distribui\u00e7\u00e3o anual de 50% do Lucro L\u00edquido ajustado para o exerc\u00edcio de 2026, conforme divulgado no Fato Relevante daquela data\u201d, destacou not\u00edcia ao mercado.<\/p>\n<\/p><\/div>\n<p><script>\n  window.fbAsyncInit = function() {\n      FB.init({\n              appId : '1447052969554341',\n          xfbml : true,\n          version : 'v2.9'\n      });\n  };\n  (function(d, s, id){\n     var js, fjs = d.getElementsByTagName(s)[0];\n     if (d.getElementById(id)) {return;}\n     js = d.createElement(s); js.id = id;\n     js.src = \"https:\/\/connect.facebook.net\/en_US\/sdk.js\";\n     fjs.parentNode.insertBefore(js, fjs);\n   }(document, 'script', 'facebook-jssdk'));\n<\/script><\/p>\n","protected":false},"excerpt":{"rendered":"<p>Pr\u00f3ximo de ser privatizada pelo governo de Romeu Zema (Novo), a Copasa entrou em \u201cper\u00edodo de sil\u00eancio\u201d, momento quando a companhia n\u00e3o pode se manifestar ou conceder entrevistas sobre \u201cquaisquer temas que possam influenciar a an\u00e1lise de investidores ou afetar a paridade de informa\u00e7\u00f5es no mercado\u201d. O per\u00edodo inicia 60 dias antes do registro de&#8230;<\/p>\n","protected":false},"author":2,"featured_media":32324,"comment_status":"open","ping_status":"open","sticky":false,"template":"","format":"standard","meta":{"footnotes":""},"categories":[25],"tags":[],"class_list":["post-32323","post","type-post","status-publish","format-standard","has-post-thumbnail","hentry","category-economia"],"yoast_head":"<!-- This site is optimized with the Yoast SEO plugin v27.3 - https:\/\/yoast.com\/product\/yoast-seo-wordpress\/ -->\n<title>Prestes a ser privatizada, Copasa entra em \u2018per\u00edodo de sil\u00eancio\u2019 -<\/title>\n<meta name=\"robots\" content=\"index, follow, max-snippet:-1, max-image-preview:large, max-video-preview:-1\" \/>\n<link rel=\"canonical\" href=\"https:\/\/oficialnoticias.com\/?p=32323\" \/>\n<meta property=\"og:locale\" content=\"pt_BR\" \/>\n<meta property=\"og:type\" content=\"article\" \/>\n<meta property=\"og:title\" content=\"Prestes a ser privatizada, Copasa entra em \u2018per\u00edodo de sil\u00eancio\u2019 -\" \/>\n<meta property=\"og:description\" content=\"Pr\u00f3ximo de ser privatizada pelo governo de Romeu Zema (Novo), a Copasa entrou em \u201cper\u00edodo de sil\u00eancio\u201d, momento quando a companhia n\u00e3o pode se manifestar ou conceder entrevistas sobre \u201cquaisquer temas que possam influenciar a an\u00e1lise de investidores ou afetar a paridade de informa\u00e7\u00f5es no mercado\u201d. O per\u00edodo inicia 60 dias antes do registro de...\" \/>\n<meta property=\"og:url\" content=\"https:\/\/oficialnoticias.com\/?p=32323\" \/>\n<meta property=\"article:published_time\" content=\"2026-03-12T22:41:11+00:00\" \/>\n<meta property=\"article:modified_time\" content=\"2026-03-12T22:41:12+00:00\" \/>\n<meta property=\"og:image\" content=\"https:\/\/oficialnoticias.com\/wp-content\/uploads\/2026\/03\/urlhttps3A2F2Fk2-prod-radio-itatiaia.s3.us-east-1.amazonaws.com2Fbrightspot2F892Fcb2F1ac0ca.webp\" \/>\n\t<meta property=\"og:image:width\" content=\"1200\" \/>\n\t<meta property=\"og:image:height\" content=\"630\" \/>\n\t<meta property=\"og:image:type\" content=\"image\/webp\" \/>\n<meta name=\"author\" content=\"Luana Gon\u00e7alves\" \/>\n<meta name=\"twitter:card\" content=\"summary_large_image\" \/>\n<meta name=\"twitter:label1\" content=\"Escrito por\" \/>\n\t<meta name=\"twitter:data1\" content=\"Luana Gon\u00e7alves\" \/>\n\t<meta name=\"twitter:label2\" content=\"Est. tempo de leitura\" \/>\n\t<meta name=\"twitter:data2\" content=\"1 minuto\" \/>\n<script type=\"application\/ld+json\" class=\"yoast-schema-graph\">{\"@context\":\"https:\\\/\\\/schema.org\",\"@graph\":[{\"@type\":\"Article\",\"@id\":\"https:\\\/\\\/oficialnoticias.com\\\/?p=32323#article\",\"isPartOf\":{\"@id\":\"https:\\\/\\\/oficialnoticias.com\\\/?p=32323\"},\"author\":{\"name\":\"Luana Gon\u00e7alves\",\"@id\":\"https:\\\/\\\/oficialnoticias.com\\\/#\\\/schema\\\/person\\\/2d1dcbb6bfbc28d68171b4dc04723d4a\"},\"headline\":\"Prestes a ser privatizada, Copasa entra em \u2018per\u00edodo de sil\u00eancio\u2019\",\"datePublished\":\"2026-03-12T22:41:11+00:00\",\"dateModified\":\"2026-03-12T22:41:12+00:00\",\"mainEntityOfPage\":{\"@id\":\"https:\\\/\\\/oficialnoticias.com\\\/?p=32323\"},\"wordCount\":307,\"commentCount\":0,\"publisher\":{\"@id\":\"https:\\\/\\\/oficialnoticias.com\\\/#organization\"},\"image\":{\"@id\":\"https:\\\/\\\/oficialnoticias.com\\\/?p=32323#primaryimage\"},\"thumbnailUrl\":\"https:\\\/\\\/oficialnoticias.com\\\/wp-content\\\/uploads\\\/2026\\\/03\\\/urlhttps3A2F2Fk2-prod-radio-itatiaia.s3.us-east-1.amazonaws.com2Fbrightspot2F892Fcb2F1ac0ca.webp\",\"articleSection\":[\"Economia\"],\"inLanguage\":\"pt-BR\",\"potentialAction\":[{\"@type\":\"CommentAction\",\"name\":\"Comment\",\"target\":[\"https:\\\/\\\/oficialnoticias.com\\\/?p=32323#respond\"]}]},{\"@type\":\"WebPage\",\"@id\":\"https:\\\/\\\/oficialnoticias.com\\\/?p=32323\",\"url\":\"https:\\\/\\\/oficialnoticias.com\\\/?p=32323\",\"name\":\"Prestes a ser privatizada, Copasa entra em \u2018per\u00edodo de sil\u00eancio\u2019 -\",\"isPartOf\":{\"@id\":\"https:\\\/\\\/oficialnoticias.com\\\/#website\"},\"primaryImageOfPage\":{\"@id\":\"https:\\\/\\\/oficialnoticias.com\\\/?p=32323#primaryimage\"},\"image\":{\"@id\":\"https:\\\/\\\/oficialnoticias.com\\\/?p=32323#primaryimage\"},\"thumbnailUrl\":\"https:\\\/\\\/oficialnoticias.com\\\/wp-content\\\/uploads\\\/2026\\\/03\\\/urlhttps3A2F2Fk2-prod-radio-itatiaia.s3.us-east-1.amazonaws.com2Fbrightspot2F892Fcb2F1ac0ca.webp\",\"datePublished\":\"2026-03-12T22:41:11+00:00\",\"dateModified\":\"2026-03-12T22:41:12+00:00\",\"breadcrumb\":{\"@id\":\"https:\\\/\\\/oficialnoticias.com\\\/?p=32323#breadcrumb\"},\"inLanguage\":\"pt-BR\",\"potentialAction\":[{\"@type\":\"ReadAction\",\"target\":[\"https:\\\/\\\/oficialnoticias.com\\\/?p=32323\"]}]},{\"@type\":\"ImageObject\",\"inLanguage\":\"pt-BR\",\"@id\":\"https:\\\/\\\/oficialnoticias.com\\\/?p=32323#primaryimage\",\"url\":\"https:\\\/\\\/oficialnoticias.com\\\/wp-content\\\/uploads\\\/2026\\\/03\\\/urlhttps3A2F2Fk2-prod-radio-itatiaia.s3.us-east-1.amazonaws.com2Fbrightspot2F892Fcb2F1ac0ca.webp\",\"contentUrl\":\"https:\\\/\\\/oficialnoticias.com\\\/wp-content\\\/uploads\\\/2026\\\/03\\\/urlhttps3A2F2Fk2-prod-radio-itatiaia.s3.us-east-1.amazonaws.com2Fbrightspot2F892Fcb2F1ac0ca.webp\",\"width\":1200,\"height\":630},{\"@type\":\"BreadcrumbList\",\"@id\":\"https:\\\/\\\/oficialnoticias.com\\\/?p=32323#breadcrumb\",\"itemListElement\":[{\"@type\":\"ListItem\",\"position\":1,\"name\":\"In\u00edcio\",\"item\":\"https:\\\/\\\/oficialnoticias.com\\\/\"},{\"@type\":\"ListItem\",\"position\":2,\"name\":\"Prestes a ser privatizada, Copasa entra em \u2018per\u00edodo de sil\u00eancio\u2019\"}]},{\"@type\":\"WebSite\",\"@id\":\"https:\\\/\\\/oficialnoticias.com\\\/#website\",\"url\":\"https:\\\/\\\/oficialnoticias.com\\\/\",\"name\":\"oficial Noticias\",\"description\":\"\",\"publisher\":{\"@id\":\"https:\\\/\\\/oficialnoticias.com\\\/#organization\"},\"potentialAction\":[{\"@type\":\"SearchAction\",\"target\":{\"@type\":\"EntryPoint\",\"urlTemplate\":\"https:\\\/\\\/oficialnoticias.com\\\/?s={search_term_string}\"},\"query-input\":{\"@type\":\"PropertyValueSpecification\",\"valueRequired\":true,\"valueName\":\"search_term_string\"}}],\"inLanguage\":\"pt-BR\"},{\"@type\":\"Organization\",\"@id\":\"https:\\\/\\\/oficialnoticias.com\\\/#organization\",\"name\":\"oficial noticias\",\"url\":\"https:\\\/\\\/oficialnoticias.com\\\/\",\"logo\":{\"@type\":\"ImageObject\",\"inLanguage\":\"pt-BR\",\"@id\":\"https:\\\/\\\/oficialnoticias.com\\\/#\\\/schema\\\/logo\\\/image\\\/\",\"url\":\"https:\\\/\\\/oficialnoticias.com\\\/wp-content\\\/uploads\\\/2025\\\/08\\\/cropped-cropped-cropped-Logo-Noticias-e1753639739829.png\",\"contentUrl\":\"https:\\\/\\\/oficialnoticias.com\\\/wp-content\\\/uploads\\\/2025\\\/08\\\/cropped-cropped-cropped-Logo-Noticias-e1753639739829.png\",\"width\":119,\"height\":86,\"caption\":\"oficial noticias\"},\"image\":{\"@id\":\"https:\\\/\\\/oficialnoticias.com\\\/#\\\/schema\\\/logo\\\/image\\\/\"}},{\"@type\":\"Person\",\"@id\":\"https:\\\/\\\/oficialnoticias.com\\\/#\\\/schema\\\/person\\\/2d1dcbb6bfbc28d68171b4dc04723d4a\",\"name\":\"Luana Gon\u00e7alves\",\"image\":{\"@type\":\"ImageObject\",\"inLanguage\":\"pt-BR\",\"@id\":\"https:\\\/\\\/secure.gravatar.com\\\/avatar\\\/7aa6afdef873224c1a0265951f3fdfc0679f65dfbd15f018612595d323c52521?s=96&d=mm&r=g\",\"url\":\"https:\\\/\\\/secure.gravatar.com\\\/avatar\\\/7aa6afdef873224c1a0265951f3fdfc0679f65dfbd15f018612595d323c52521?s=96&d=mm&r=g\",\"contentUrl\":\"https:\\\/\\\/secure.gravatar.com\\\/avatar\\\/7aa6afdef873224c1a0265951f3fdfc0679f65dfbd15f018612595d323c52521?s=96&d=mm&r=g\",\"caption\":\"Luana Gon\u00e7alves\"},\"sameAs\":[\"https:\\\/\\\/oficialnoticias.com\\\/\"],\"url\":\"https:\\\/\\\/oficialnoticias.com\\\/?author=2\"}]}<\/script>\n<!-- \/ Yoast SEO plugin. -->","yoast_head_json":{"title":"Prestes a ser privatizada, Copasa entra em \u2018per\u00edodo de sil\u00eancio\u2019 -","robots":{"index":"index","follow":"follow","max-snippet":"max-snippet:-1","max-image-preview":"max-image-preview:large","max-video-preview":"max-video-preview:-1"},"canonical":"https:\/\/oficialnoticias.com\/?p=32323","og_locale":"pt_BR","og_type":"article","og_title":"Prestes a ser privatizada, Copasa entra em \u2018per\u00edodo de sil\u00eancio\u2019 -","og_description":"Pr\u00f3ximo de ser privatizada pelo governo de Romeu Zema (Novo), a Copasa entrou em \u201cper\u00edodo de sil\u00eancio\u201d, momento quando a companhia n\u00e3o pode se manifestar ou conceder entrevistas sobre \u201cquaisquer temas que possam influenciar a an\u00e1lise de investidores ou afetar a paridade de informa\u00e7\u00f5es no mercado\u201d. O per\u00edodo inicia 60 dias antes do registro de...","og_url":"https:\/\/oficialnoticias.com\/?p=32323","article_published_time":"2026-03-12T22:41:11+00:00","article_modified_time":"2026-03-12T22:41:12+00:00","og_image":[{"width":1200,"height":630,"url":"https:\/\/oficialnoticias.com\/wp-content\/uploads\/2026\/03\/urlhttps3A2F2Fk2-prod-radio-itatiaia.s3.us-east-1.amazonaws.com2Fbrightspot2F892Fcb2F1ac0ca.webp","type":"image\/webp"}],"author":"Luana Gon\u00e7alves","twitter_card":"summary_large_image","twitter_misc":{"Escrito por":"Luana Gon\u00e7alves","Est. tempo de leitura":"1 minuto"},"schema":{"@context":"https:\/\/schema.org","@graph":[{"@type":"Article","@id":"https:\/\/oficialnoticias.com\/?p=32323#article","isPartOf":{"@id":"https:\/\/oficialnoticias.com\/?p=32323"},"author":{"name":"Luana Gon\u00e7alves","@id":"https:\/\/oficialnoticias.com\/#\/schema\/person\/2d1dcbb6bfbc28d68171b4dc04723d4a"},"headline":"Prestes a ser privatizada, Copasa entra em \u2018per\u00edodo de sil\u00eancio\u2019","datePublished":"2026-03-12T22:41:11+00:00","dateModified":"2026-03-12T22:41:12+00:00","mainEntityOfPage":{"@id":"https:\/\/oficialnoticias.com\/?p=32323"},"wordCount":307,"commentCount":0,"publisher":{"@id":"https:\/\/oficialnoticias.com\/#organization"},"image":{"@id":"https:\/\/oficialnoticias.com\/?p=32323#primaryimage"},"thumbnailUrl":"https:\/\/oficialnoticias.com\/wp-content\/uploads\/2026\/03\/urlhttps3A2F2Fk2-prod-radio-itatiaia.s3.us-east-1.amazonaws.com2Fbrightspot2F892Fcb2F1ac0ca.webp","articleSection":["Economia"],"inLanguage":"pt-BR","potentialAction":[{"@type":"CommentAction","name":"Comment","target":["https:\/\/oficialnoticias.com\/?p=32323#respond"]}]},{"@type":"WebPage","@id":"https:\/\/oficialnoticias.com\/?p=32323","url":"https:\/\/oficialnoticias.com\/?p=32323","name":"Prestes a ser privatizada, Copasa entra em \u2018per\u00edodo de sil\u00eancio\u2019 -","isPartOf":{"@id":"https:\/\/oficialnoticias.com\/#website"},"primaryImageOfPage":{"@id":"https:\/\/oficialnoticias.com\/?p=32323#primaryimage"},"image":{"@id":"https:\/\/oficialnoticias.com\/?p=32323#primaryimage"},"thumbnailUrl":"https:\/\/oficialnoticias.com\/wp-content\/uploads\/2026\/03\/urlhttps3A2F2Fk2-prod-radio-itatiaia.s3.us-east-1.amazonaws.com2Fbrightspot2F892Fcb2F1ac0ca.webp","datePublished":"2026-03-12T22:41:11+00:00","dateModified":"2026-03-12T22:41:12+00:00","breadcrumb":{"@id":"https:\/\/oficialnoticias.com\/?p=32323#breadcrumb"},"inLanguage":"pt-BR","potentialAction":[{"@type":"ReadAction","target":["https:\/\/oficialnoticias.com\/?p=32323"]}]},{"@type":"ImageObject","inLanguage":"pt-BR","@id":"https:\/\/oficialnoticias.com\/?p=32323#primaryimage","url":"https:\/\/oficialnoticias.com\/wp-content\/uploads\/2026\/03\/urlhttps3A2F2Fk2-prod-radio-itatiaia.s3.us-east-1.amazonaws.com2Fbrightspot2F892Fcb2F1ac0ca.webp","contentUrl":"https:\/\/oficialnoticias.com\/wp-content\/uploads\/2026\/03\/urlhttps3A2F2Fk2-prod-radio-itatiaia.s3.us-east-1.amazonaws.com2Fbrightspot2F892Fcb2F1ac0ca.webp","width":1200,"height":630},{"@type":"BreadcrumbList","@id":"https:\/\/oficialnoticias.com\/?p=32323#breadcrumb","itemListElement":[{"@type":"ListItem","position":1,"name":"In\u00edcio","item":"https:\/\/oficialnoticias.com\/"},{"@type":"ListItem","position":2,"name":"Prestes a ser privatizada, Copasa entra em \u2018per\u00edodo de sil\u00eancio\u2019"}]},{"@type":"WebSite","@id":"https:\/\/oficialnoticias.com\/#website","url":"https:\/\/oficialnoticias.com\/","name":"oficial Noticias","description":"","publisher":{"@id":"https:\/\/oficialnoticias.com\/#organization"},"potentialAction":[{"@type":"SearchAction","target":{"@type":"EntryPoint","urlTemplate":"https:\/\/oficialnoticias.com\/?s={search_term_string}"},"query-input":{"@type":"PropertyValueSpecification","valueRequired":true,"valueName":"search_term_string"}}],"inLanguage":"pt-BR"},{"@type":"Organization","@id":"https:\/\/oficialnoticias.com\/#organization","name":"oficial noticias","url":"https:\/\/oficialnoticias.com\/","logo":{"@type":"ImageObject","inLanguage":"pt-BR","@id":"https:\/\/oficialnoticias.com\/#\/schema\/logo\/image\/","url":"https:\/\/oficialnoticias.com\/wp-content\/uploads\/2025\/08\/cropped-cropped-cropped-Logo-Noticias-e1753639739829.png","contentUrl":"https:\/\/oficialnoticias.com\/wp-content\/uploads\/2025\/08\/cropped-cropped-cropped-Logo-Noticias-e1753639739829.png","width":119,"height":86,"caption":"oficial noticias"},"image":{"@id":"https:\/\/oficialnoticias.com\/#\/schema\/logo\/image\/"}},{"@type":"Person","@id":"https:\/\/oficialnoticias.com\/#\/schema\/person\/2d1dcbb6bfbc28d68171b4dc04723d4a","name":"Luana Gon\u00e7alves","image":{"@type":"ImageObject","inLanguage":"pt-BR","@id":"https:\/\/secure.gravatar.com\/avatar\/7aa6afdef873224c1a0265951f3fdfc0679f65dfbd15f018612595d323c52521?s=96&d=mm&r=g","url":"https:\/\/secure.gravatar.com\/avatar\/7aa6afdef873224c1a0265951f3fdfc0679f65dfbd15f018612595d323c52521?s=96&d=mm&r=g","contentUrl":"https:\/\/secure.gravatar.com\/avatar\/7aa6afdef873224c1a0265951f3fdfc0679f65dfbd15f018612595d323c52521?s=96&d=mm&r=g","caption":"Luana Gon\u00e7alves"},"sameAs":["https:\/\/oficialnoticias.com\/"],"url":"https:\/\/oficialnoticias.com\/?author=2"}]}},"_links":{"self":[{"href":"https:\/\/oficialnoticias.com\/index.php?rest_route=\/wp\/v2\/posts\/32323","targetHints":{"allow":["GET"]}}],"collection":[{"href":"https:\/\/oficialnoticias.com\/index.php?rest_route=\/wp\/v2\/posts"}],"about":[{"href":"https:\/\/oficialnoticias.com\/index.php?rest_route=\/wp\/v2\/types\/post"}],"author":[{"embeddable":true,"href":"https:\/\/oficialnoticias.com\/index.php?rest_route=\/wp\/v2\/users\/2"}],"replies":[{"embeddable":true,"href":"https:\/\/oficialnoticias.com\/index.php?rest_route=%2Fwp%2Fv2%2Fcomments&post=32323"}],"version-history":[{"count":1,"href":"https:\/\/oficialnoticias.com\/index.php?rest_route=\/wp\/v2\/posts\/32323\/revisions"}],"predecessor-version":[{"id":32325,"href":"https:\/\/oficialnoticias.com\/index.php?rest_route=\/wp\/v2\/posts\/32323\/revisions\/32325"}],"wp:featuredmedia":[{"embeddable":true,"href":"https:\/\/oficialnoticias.com\/index.php?rest_route=\/wp\/v2\/media\/32324"}],"wp:attachment":[{"href":"https:\/\/oficialnoticias.com\/index.php?rest_route=%2Fwp%2Fv2%2Fmedia&parent=32323"}],"wp:term":[{"taxonomy":"category","embeddable":true,"href":"https:\/\/oficialnoticias.com\/index.php?rest_route=%2Fwp%2Fv2%2Fcategories&post=32323"},{"taxonomy":"post_tag","embeddable":true,"href":"https:\/\/oficialnoticias.com\/index.php?rest_route=%2Fwp%2Fv2%2Ftags&post=32323"}],"curies":[{"name":"wp","href":"https:\/\/api.w.org\/{rel}","templated":true}]}}