{"id":32305,"date":"2026-03-12T14:36:00","date_gmt":"2026-03-12T17:36:00","guid":{"rendered":"https:\/\/oficialnoticias.com\/?p=32305"},"modified":"2026-03-12T14:36:01","modified_gmt":"2026-03-12T17:36:01","slug":"governo-zera-pis-cofins-sobre-o-diesel-para-reduzir-impacto-da-guerra-no-oriente-medio","status":"publish","type":"post","link":"https:\/\/oficialnoticias.com\/?p=32305","title":{"rendered":"Governo zera PIS-Cofins sobre o diesel para reduzir impacto da guerra no Oriente M\u00e9dio"},"content":{"rendered":"<p><\/p>\n<div>\n<p>O governo federal apresentou nesta quinta-feira (12) um conjunto de medidas para reduzir os efeitos da oscila\u00e7\u00e3o do pre\u00e7o internacional do petr\u00f3leo sobre o diesel no Brasil. Entre as a\u00e7\u00f5es, est\u00e3o dois decretos, um que zera as al\u00edquotas de PIS-Cofins, tributos federais, sobre o diesel para importa\u00e7\u00e3o e comercializa\u00e7\u00e3o, e outro que institui medidas de transpar\u00eancia e fiscaliza\u00e7\u00e3o para o combate a pre\u00e7os abusivos no pa\u00eds. <\/p>\n<p>O an\u00fancio foi feito pelo presidente Luiz In\u00e1cio Lula da Silva (PT), ao lado dos ministros Fernando Haddad (Fazenda), Alexandre Silveira (Minas e Energia) e Rui Costa (Casa Civil), e o secret\u00e1rio-executivo do Minist\u00e9rio da Ind\u00fastria e Com\u00e9rcio, M\u00e1rcio Elias Rosa, ap\u00f3s uma reuni\u00e3o no Pal\u00e1cio do Planalto.<\/p>\n<p>A decis\u00e3o foi tomada diante das condi\u00e7\u00f5es de mercado em meio ao <bsp-link-enhancement><br \/>\n    <span class=\"LinkEnhancement\"><a class=\"Link\" href=\"https:\/\/www.itatiaia.com.br\/economia\/preco-da-gasolina-e-do-diesel-no-brasil-vai-subir-com-a-guerra-no-oriente-medio\" target=\"_blank\" title=\"&lt;b&gt;conflito entre os Estados Unidos, Israel e Ir\u00e3 no Golfo P\u00e9rsico&lt;\/b&gt;\" rel=\"noopener\"><b>conflito entre os Estados Unidos, Israel e Ir\u00e3 no Golfo P\u00e9rsico<\/b><\/a><\/span><\/bsp-link-enhancement>, por onde passam mais de 20% da produ\u00e7\u00e3o global de petr\u00f3leo.<\/p>\n<p>Na ter\u00e7a-feira (10), o Minist\u00e9rio de Minas e Energia j\u00e1 havia anunciado a <bsp-link-enhancement><br \/>\n    <span class=\"LinkEnhancement\"><a class=\"Link\" href=\"https:\/\/www.itatiaia.com.br\/economia\/governo-vai-monitorar-mercado-de-combustiveis-em-meio-a-guerra-no-oriente-medio\" target=\"_blank\" title=\"&lt;b&gt;cria\u00e7\u00e3o de uma sala de monitoramento do abastecimento&lt;\/b&gt;\" rel=\"noopener\"><b>cria\u00e7\u00e3o de uma sala de monitoramento do abastecimento<\/b><\/a><\/span><\/bsp-link-enhancement> no pa\u00eds, para acompanhar diariamente as condi\u00e7\u00f5es do mercado, em articula\u00e7\u00e3o com \u00f3rg\u00e3os reguladores e com os principais agentes do setor nos elos de fornecimento prim\u00e1rio e distribui\u00e7\u00e3o.<\/p>\n<p><i>Texto em atualiza\u00e7\u00e3o.<\/i><\/p>\n<p><bsp-list-loadmore class=\"PageListStandardG\" data-module=\"\" data-show-loadmore=\"true\" data-list-title-size=\"3\" data-list-description-size=\"3\"><\/p>\n<p>    <a class=\"AnchorLink\" title=\"leia-tambem\" name=\"leia-tambem\"\/><\/p>\n<p><\/bsp-list-loadmore><\/p><\/div>\n<p><script>\n  window.fbAsyncInit = function() {\n      FB.init({\n              appId : '1447052969554341',\n          xfbml : true,\n          version : 'v2.9'\n      });\n  };\n  (function(d, s, id){\n     var js, fjs = d.getElementsByTagName(s)[0];\n     if (d.getElementById(id)) {return;}\n     js = d.createElement(s); js.id = id;\n     js.src = \"https:\/\/connect.facebook.net\/en_US\/sdk.js\";\n     fjs.parentNode.insertBefore(js, fjs);\n   }(document, 'script', 'facebook-jssdk'));\n<\/script><\/p>\n","protected":false},"excerpt":{"rendered":"<p>O governo federal apresentou nesta quinta-feira (12) um conjunto de medidas para reduzir os efeitos da oscila\u00e7\u00e3o do pre\u00e7o internacional do petr\u00f3leo sobre o diesel no Brasil. Entre as a\u00e7\u00f5es, est\u00e3o dois decretos, um que zera as al\u00edquotas de PIS-Cofins, tributos federais, sobre o diesel para importa\u00e7\u00e3o e comercializa\u00e7\u00e3o, e outro que institui medidas de&#8230;<\/p>\n","protected":false},"author":2,"featured_media":32306,"comment_status":"open","ping_status":"open","sticky":false,"template":"","format":"standard","meta":{"footnotes":""},"categories":[25],"tags":[],"class_list":["post-32305","post","type-post","status-publish","format-standard","has-post-thumbnail","hentry","category-economia"],"yoast_head":"<!-- This site is optimized with the Yoast SEO plugin v27.3 - https:\/\/yoast.com\/product\/yoast-seo-wordpress\/ -->\n<title>Governo zera PIS-Cofins sobre o diesel para reduzir impacto da guerra no Oriente M\u00e9dio -<\/title>\n<meta name=\"robots\" content=\"index, follow, max-snippet:-1, max-image-preview:large, max-video-preview:-1\" \/>\n<link rel=\"canonical\" href=\"https:\/\/oficialnoticias.com\/?p=32305\" \/>\n<meta property=\"og:locale\" content=\"pt_BR\" \/>\n<meta property=\"og:type\" content=\"article\" \/>\n<meta property=\"og:title\" content=\"Governo zera PIS-Cofins sobre o diesel para reduzir impacto da guerra no Oriente M\u00e9dio -\" \/>\n<meta property=\"og:description\" content=\"O governo federal apresentou nesta quinta-feira (12) um conjunto de medidas para reduzir os efeitos da oscila\u00e7\u00e3o do pre\u00e7o internacional do petr\u00f3leo sobre o diesel no Brasil. Entre as a\u00e7\u00f5es, est\u00e3o dois decretos, um que zera as al\u00edquotas de PIS-Cofins, tributos federais, sobre o diesel para importa\u00e7\u00e3o e comercializa\u00e7\u00e3o, e outro que institui medidas de...\" \/>\n<meta property=\"og:url\" content=\"https:\/\/oficialnoticias.com\/?p=32305\" \/>\n<meta property=\"article:published_time\" content=\"2026-03-12T17:36:00+00:00\" \/>\n<meta property=\"article:modified_time\" content=\"2026-03-12T17:36:01+00:00\" \/>\n<meta property=\"og:image\" content=\"https:\/\/oficialnoticias.com\/wp-content\/uploads\/2026\/03\/urlhttps3A2F2Fk2-prod-radio-itatiaia.s3.us-east-1.amazonaws.com2Fbrightspot2F472F3a2Fcffbeb.webp\" \/>\n\t<meta property=\"og:image:width\" content=\"1200\" \/>\n\t<meta property=\"og:image:height\" content=\"630\" \/>\n\t<meta property=\"og:image:type\" content=\"image\/webp\" \/>\n<meta name=\"author\" content=\"Luana Gon\u00e7alves\" \/>\n<meta name=\"twitter:card\" content=\"summary_large_image\" \/>\n<meta name=\"twitter:label1\" content=\"Escrito por\" \/>\n\t<meta name=\"twitter:data1\" content=\"Luana Gon\u00e7alves\" \/>\n\t<meta name=\"twitter:label2\" content=\"Est. tempo de leitura\" \/>\n\t<meta name=\"twitter:data2\" content=\"1 minuto\" \/>\n<script type=\"application\/ld+json\" class=\"yoast-schema-graph\">{\"@context\":\"https:\\\/\\\/schema.org\",\"@graph\":[{\"@type\":\"Article\",\"@id\":\"https:\\\/\\\/oficialnoticias.com\\\/?p=32305#article\",\"isPartOf\":{\"@id\":\"https:\\\/\\\/oficialnoticias.com\\\/?p=32305\"},\"author\":{\"name\":\"Luana Gon\u00e7alves\",\"@id\":\"https:\\\/\\\/oficialnoticias.com\\\/#\\\/schema\\\/person\\\/2d1dcbb6bfbc28d68171b4dc04723d4a\"},\"headline\":\"Governo zera PIS-Cofins sobre o diesel para reduzir impacto da guerra no Oriente M\u00e9dio\",\"datePublished\":\"2026-03-12T17:36:00+00:00\",\"dateModified\":\"2026-03-12T17:36:01+00:00\",\"mainEntityOfPage\":{\"@id\":\"https:\\\/\\\/oficialnoticias.com\\\/?p=32305\"},\"wordCount\":249,\"commentCount\":0,\"publisher\":{\"@id\":\"https:\\\/\\\/oficialnoticias.com\\\/#organization\"},\"image\":{\"@id\":\"https:\\\/\\\/oficialnoticias.com\\\/?p=32305#primaryimage\"},\"thumbnailUrl\":\"https:\\\/\\\/oficialnoticias.com\\\/wp-content\\\/uploads\\\/2026\\\/03\\\/urlhttps3A2F2Fk2-prod-radio-itatiaia.s3.us-east-1.amazonaws.com2Fbrightspot2F472F3a2Fcffbeb.webp\",\"articleSection\":[\"Economia\"],\"inLanguage\":\"pt-BR\",\"potentialAction\":[{\"@type\":\"CommentAction\",\"name\":\"Comment\",\"target\":[\"https:\\\/\\\/oficialnoticias.com\\\/?p=32305#respond\"]}]},{\"@type\":\"WebPage\",\"@id\":\"https:\\\/\\\/oficialnoticias.com\\\/?p=32305\",\"url\":\"https:\\\/\\\/oficialnoticias.com\\\/?p=32305\",\"name\":\"Governo zera PIS-Cofins sobre o diesel para reduzir impacto da guerra no Oriente M\u00e9dio -\",\"isPartOf\":{\"@id\":\"https:\\\/\\\/oficialnoticias.com\\\/#website\"},\"primaryImageOfPage\":{\"@id\":\"https:\\\/\\\/oficialnoticias.com\\\/?p=32305#primaryimage\"},\"image\":{\"@id\":\"https:\\\/\\\/oficialnoticias.com\\\/?p=32305#primaryimage\"},\"thumbnailUrl\":\"https:\\\/\\\/oficialnoticias.com\\\/wp-content\\\/uploads\\\/2026\\\/03\\\/urlhttps3A2F2Fk2-prod-radio-itatiaia.s3.us-east-1.amazonaws.com2Fbrightspot2F472F3a2Fcffbeb.webp\",\"datePublished\":\"2026-03-12T17:36:00+00:00\",\"dateModified\":\"2026-03-12T17:36:01+00:00\",\"breadcrumb\":{\"@id\":\"https:\\\/\\\/oficialnoticias.com\\\/?p=32305#breadcrumb\"},\"inLanguage\":\"pt-BR\",\"potentialAction\":[{\"@type\":\"ReadAction\",\"target\":[\"https:\\\/\\\/oficialnoticias.com\\\/?p=32305\"]}]},{\"@type\":\"ImageObject\",\"inLanguage\":\"pt-BR\",\"@id\":\"https:\\\/\\\/oficialnoticias.com\\\/?p=32305#primaryimage\",\"url\":\"https:\\\/\\\/oficialnoticias.com\\\/wp-content\\\/uploads\\\/2026\\\/03\\\/urlhttps3A2F2Fk2-prod-radio-itatiaia.s3.us-east-1.amazonaws.com2Fbrightspot2F472F3a2Fcffbeb.webp\",\"contentUrl\":\"https:\\\/\\\/oficialnoticias.com\\\/wp-content\\\/uploads\\\/2026\\\/03\\\/urlhttps3A2F2Fk2-prod-radio-itatiaia.s3.us-east-1.amazonaws.com2Fbrightspot2F472F3a2Fcffbeb.webp\",\"width\":1200,\"height\":630},{\"@type\":\"BreadcrumbList\",\"@id\":\"https:\\\/\\\/oficialnoticias.com\\\/?p=32305#breadcrumb\",\"itemListElement\":[{\"@type\":\"ListItem\",\"position\":1,\"name\":\"In\u00edcio\",\"item\":\"https:\\\/\\\/oficialnoticias.com\\\/\"},{\"@type\":\"ListItem\",\"position\":2,\"name\":\"Governo zera PIS-Cofins sobre o diesel para reduzir impacto da guerra no Oriente M\u00e9dio\"}]},{\"@type\":\"WebSite\",\"@id\":\"https:\\\/\\\/oficialnoticias.com\\\/#website\",\"url\":\"https:\\\/\\\/oficialnoticias.com\\\/\",\"name\":\"oficial Noticias\",\"description\":\"\",\"publisher\":{\"@id\":\"https:\\\/\\\/oficialnoticias.com\\\/#organization\"},\"potentialAction\":[{\"@type\":\"SearchAction\",\"target\":{\"@type\":\"EntryPoint\",\"urlTemplate\":\"https:\\\/\\\/oficialnoticias.com\\\/?s={search_term_string}\"},\"query-input\":{\"@type\":\"PropertyValueSpecification\",\"valueRequired\":true,\"valueName\":\"search_term_string\"}}],\"inLanguage\":\"pt-BR\"},{\"@type\":\"Organization\",\"@id\":\"https:\\\/\\\/oficialnoticias.com\\\/#organization\",\"name\":\"oficial noticias\",\"url\":\"https:\\\/\\\/oficialnoticias.com\\\/\",\"logo\":{\"@type\":\"ImageObject\",\"inLanguage\":\"pt-BR\",\"@id\":\"https:\\\/\\\/oficialnoticias.com\\\/#\\\/schema\\\/logo\\\/image\\\/\",\"url\":\"https:\\\/\\\/oficialnoticias.com\\\/wp-content\\\/uploads\\\/2025\\\/08\\\/cropped-cropped-cropped-Logo-Noticias-e1753639739829.png\",\"contentUrl\":\"https:\\\/\\\/oficialnoticias.com\\\/wp-content\\\/uploads\\\/2025\\\/08\\\/cropped-cropped-cropped-Logo-Noticias-e1753639739829.png\",\"width\":119,\"height\":86,\"caption\":\"oficial noticias\"},\"image\":{\"@id\":\"https:\\\/\\\/oficialnoticias.com\\\/#\\\/schema\\\/logo\\\/image\\\/\"}},{\"@type\":\"Person\",\"@id\":\"https:\\\/\\\/oficialnoticias.com\\\/#\\\/schema\\\/person\\\/2d1dcbb6bfbc28d68171b4dc04723d4a\",\"name\":\"Luana Gon\u00e7alves\",\"image\":{\"@type\":\"ImageObject\",\"inLanguage\":\"pt-BR\",\"@id\":\"https:\\\/\\\/secure.gravatar.com\\\/avatar\\\/7aa6afdef873224c1a0265951f3fdfc0679f65dfbd15f018612595d323c52521?s=96&d=mm&r=g\",\"url\":\"https:\\\/\\\/secure.gravatar.com\\\/avatar\\\/7aa6afdef873224c1a0265951f3fdfc0679f65dfbd15f018612595d323c52521?s=96&d=mm&r=g\",\"contentUrl\":\"https:\\\/\\\/secure.gravatar.com\\\/avatar\\\/7aa6afdef873224c1a0265951f3fdfc0679f65dfbd15f018612595d323c52521?s=96&d=mm&r=g\",\"caption\":\"Luana Gon\u00e7alves\"},\"sameAs\":[\"https:\\\/\\\/oficialnoticias.com\\\/\"],\"url\":\"https:\\\/\\\/oficialnoticias.com\\\/?author=2\"}]}<\/script>\n<!-- \/ Yoast SEO plugin. -->","yoast_head_json":{"title":"Governo zera PIS-Cofins sobre o diesel para reduzir impacto da guerra no Oriente M\u00e9dio -","robots":{"index":"index","follow":"follow","max-snippet":"max-snippet:-1","max-image-preview":"max-image-preview:large","max-video-preview":"max-video-preview:-1"},"canonical":"https:\/\/oficialnoticias.com\/?p=32305","og_locale":"pt_BR","og_type":"article","og_title":"Governo zera PIS-Cofins sobre o diesel para reduzir impacto da guerra no Oriente M\u00e9dio -","og_description":"O governo federal apresentou nesta quinta-feira (12) um conjunto de medidas para reduzir os efeitos da oscila\u00e7\u00e3o do pre\u00e7o internacional do petr\u00f3leo sobre o diesel no Brasil. Entre as a\u00e7\u00f5es, est\u00e3o dois decretos, um que zera as al\u00edquotas de PIS-Cofins, tributos federais, sobre o diesel para importa\u00e7\u00e3o e comercializa\u00e7\u00e3o, e outro que institui medidas de...","og_url":"https:\/\/oficialnoticias.com\/?p=32305","article_published_time":"2026-03-12T17:36:00+00:00","article_modified_time":"2026-03-12T17:36:01+00:00","og_image":[{"width":1200,"height":630,"url":"https:\/\/oficialnoticias.com\/wp-content\/uploads\/2026\/03\/urlhttps3A2F2Fk2-prod-radio-itatiaia.s3.us-east-1.amazonaws.com2Fbrightspot2F472F3a2Fcffbeb.webp","type":"image\/webp"}],"author":"Luana Gon\u00e7alves","twitter_card":"summary_large_image","twitter_misc":{"Escrito por":"Luana Gon\u00e7alves","Est. tempo de leitura":"1 minuto"},"schema":{"@context":"https:\/\/schema.org","@graph":[{"@type":"Article","@id":"https:\/\/oficialnoticias.com\/?p=32305#article","isPartOf":{"@id":"https:\/\/oficialnoticias.com\/?p=32305"},"author":{"name":"Luana Gon\u00e7alves","@id":"https:\/\/oficialnoticias.com\/#\/schema\/person\/2d1dcbb6bfbc28d68171b4dc04723d4a"},"headline":"Governo zera PIS-Cofins sobre o diesel para reduzir impacto da guerra no Oriente M\u00e9dio","datePublished":"2026-03-12T17:36:00+00:00","dateModified":"2026-03-12T17:36:01+00:00","mainEntityOfPage":{"@id":"https:\/\/oficialnoticias.com\/?p=32305"},"wordCount":249,"commentCount":0,"publisher":{"@id":"https:\/\/oficialnoticias.com\/#organization"},"image":{"@id":"https:\/\/oficialnoticias.com\/?p=32305#primaryimage"},"thumbnailUrl":"https:\/\/oficialnoticias.com\/wp-content\/uploads\/2026\/03\/urlhttps3A2F2Fk2-prod-radio-itatiaia.s3.us-east-1.amazonaws.com2Fbrightspot2F472F3a2Fcffbeb.webp","articleSection":["Economia"],"inLanguage":"pt-BR","potentialAction":[{"@type":"CommentAction","name":"Comment","target":["https:\/\/oficialnoticias.com\/?p=32305#respond"]}]},{"@type":"WebPage","@id":"https:\/\/oficialnoticias.com\/?p=32305","url":"https:\/\/oficialnoticias.com\/?p=32305","name":"Governo zera PIS-Cofins sobre o diesel para reduzir impacto da guerra no Oriente M\u00e9dio -","isPartOf":{"@id":"https:\/\/oficialnoticias.com\/#website"},"primaryImageOfPage":{"@id":"https:\/\/oficialnoticias.com\/?p=32305#primaryimage"},"image":{"@id":"https:\/\/oficialnoticias.com\/?p=32305#primaryimage"},"thumbnailUrl":"https:\/\/oficialnoticias.com\/wp-content\/uploads\/2026\/03\/urlhttps3A2F2Fk2-prod-radio-itatiaia.s3.us-east-1.amazonaws.com2Fbrightspot2F472F3a2Fcffbeb.webp","datePublished":"2026-03-12T17:36:00+00:00","dateModified":"2026-03-12T17:36:01+00:00","breadcrumb":{"@id":"https:\/\/oficialnoticias.com\/?p=32305#breadcrumb"},"inLanguage":"pt-BR","potentialAction":[{"@type":"ReadAction","target":["https:\/\/oficialnoticias.com\/?p=32305"]}]},{"@type":"ImageObject","inLanguage":"pt-BR","@id":"https:\/\/oficialnoticias.com\/?p=32305#primaryimage","url":"https:\/\/oficialnoticias.com\/wp-content\/uploads\/2026\/03\/urlhttps3A2F2Fk2-prod-radio-itatiaia.s3.us-east-1.amazonaws.com2Fbrightspot2F472F3a2Fcffbeb.webp","contentUrl":"https:\/\/oficialnoticias.com\/wp-content\/uploads\/2026\/03\/urlhttps3A2F2Fk2-prod-radio-itatiaia.s3.us-east-1.amazonaws.com2Fbrightspot2F472F3a2Fcffbeb.webp","width":1200,"height":630},{"@type":"BreadcrumbList","@id":"https:\/\/oficialnoticias.com\/?p=32305#breadcrumb","itemListElement":[{"@type":"ListItem","position":1,"name":"In\u00edcio","item":"https:\/\/oficialnoticias.com\/"},{"@type":"ListItem","position":2,"name":"Governo zera PIS-Cofins sobre o diesel para reduzir impacto da guerra no Oriente M\u00e9dio"}]},{"@type":"WebSite","@id":"https:\/\/oficialnoticias.com\/#website","url":"https:\/\/oficialnoticias.com\/","name":"oficial Noticias","description":"","publisher":{"@id":"https:\/\/oficialnoticias.com\/#organization"},"potentialAction":[{"@type":"SearchAction","target":{"@type":"EntryPoint","urlTemplate":"https:\/\/oficialnoticias.com\/?s={search_term_string}"},"query-input":{"@type":"PropertyValueSpecification","valueRequired":true,"valueName":"search_term_string"}}],"inLanguage":"pt-BR"},{"@type":"Organization","@id":"https:\/\/oficialnoticias.com\/#organization","name":"oficial noticias","url":"https:\/\/oficialnoticias.com\/","logo":{"@type":"ImageObject","inLanguage":"pt-BR","@id":"https:\/\/oficialnoticias.com\/#\/schema\/logo\/image\/","url":"https:\/\/oficialnoticias.com\/wp-content\/uploads\/2025\/08\/cropped-cropped-cropped-Logo-Noticias-e1753639739829.png","contentUrl":"https:\/\/oficialnoticias.com\/wp-content\/uploads\/2025\/08\/cropped-cropped-cropped-Logo-Noticias-e1753639739829.png","width":119,"height":86,"caption":"oficial noticias"},"image":{"@id":"https:\/\/oficialnoticias.com\/#\/schema\/logo\/image\/"}},{"@type":"Person","@id":"https:\/\/oficialnoticias.com\/#\/schema\/person\/2d1dcbb6bfbc28d68171b4dc04723d4a","name":"Luana Gon\u00e7alves","image":{"@type":"ImageObject","inLanguage":"pt-BR","@id":"https:\/\/secure.gravatar.com\/avatar\/7aa6afdef873224c1a0265951f3fdfc0679f65dfbd15f018612595d323c52521?s=96&d=mm&r=g","url":"https:\/\/secure.gravatar.com\/avatar\/7aa6afdef873224c1a0265951f3fdfc0679f65dfbd15f018612595d323c52521?s=96&d=mm&r=g","contentUrl":"https:\/\/secure.gravatar.com\/avatar\/7aa6afdef873224c1a0265951f3fdfc0679f65dfbd15f018612595d323c52521?s=96&d=mm&r=g","caption":"Luana Gon\u00e7alves"},"sameAs":["https:\/\/oficialnoticias.com\/"],"url":"https:\/\/oficialnoticias.com\/?author=2"}]}},"_links":{"self":[{"href":"https:\/\/oficialnoticias.com\/index.php?rest_route=\/wp\/v2\/posts\/32305","targetHints":{"allow":["GET"]}}],"collection":[{"href":"https:\/\/oficialnoticias.com\/index.php?rest_route=\/wp\/v2\/posts"}],"about":[{"href":"https:\/\/oficialnoticias.com\/index.php?rest_route=\/wp\/v2\/types\/post"}],"author":[{"embeddable":true,"href":"https:\/\/oficialnoticias.com\/index.php?rest_route=\/wp\/v2\/users\/2"}],"replies":[{"embeddable":true,"href":"https:\/\/oficialnoticias.com\/index.php?rest_route=%2Fwp%2Fv2%2Fcomments&post=32305"}],"version-history":[{"count":1,"href":"https:\/\/oficialnoticias.com\/index.php?rest_route=\/wp\/v2\/posts\/32305\/revisions"}],"predecessor-version":[{"id":32307,"href":"https:\/\/oficialnoticias.com\/index.php?rest_route=\/wp\/v2\/posts\/32305\/revisions\/32307"}],"wp:featuredmedia":[{"embeddable":true,"href":"https:\/\/oficialnoticias.com\/index.php?rest_route=\/wp\/v2\/media\/32306"}],"wp:attachment":[{"href":"https:\/\/oficialnoticias.com\/index.php?rest_route=%2Fwp%2Fv2%2Fmedia&parent=32305"}],"wp:term":[{"taxonomy":"category","embeddable":true,"href":"https:\/\/oficialnoticias.com\/index.php?rest_route=%2Fwp%2Fv2%2Fcategories&post=32305"},{"taxonomy":"post_tag","embeddable":true,"href":"https:\/\/oficialnoticias.com\/index.php?rest_route=%2Fwp%2Fv2%2Ftags&post=32305"}],"curies":[{"name":"wp","href":"https:\/\/api.w.org\/{rel}","templated":true}]}}