{"id":32278,"date":"2026-03-11T23:20:54","date_gmt":"2026-03-12T02:20:54","guid":{"rendered":"https:\/\/oficialnoticias.com\/?p=32278"},"modified":"2026-03-11T23:20:55","modified_gmt":"2026-03-12T02:20:55","slug":"sistema-metroviario-paulista-transforma-a-mobilidade-urbana","status":"publish","type":"post","link":"https:\/\/oficialnoticias.com\/?p=32278","title":{"rendered":"Sistema metrovi\u00e1rio paulista transforma a mobilidade urbana"},"content":{"rendered":"<p><\/p>\n<div>\n<p>Reconhecida pela modernidade, a Linha 4\u2013Amarela do metr\u00f4 de S\u00e3o Paulo, uma das<bsp-link-enhancement><br \/>\n    <span class=\"LinkEnhancement\"><a class=\"Link\" href=\"https:\/\/www.itatiaia.com.br\/economia\/negocios\/eloos\/conheca-as-diferencas-entre-concessoes-patrocinada-e-administrativa\" title=\" primeiras concess\u00f5es\"> primeiras concess\u00f5es<\/a><\/span><\/bsp-link-enhancement> metrovi\u00e1rias do pa\u00eds, tornou-se refer\u00eancia para outros estados. Operados de forma aut\u00f4noma, sem a necessidade de um condutor, os trens j\u00e1 transportaram mais de dois bilh\u00f5es de passageiros desde o in\u00edcio do contrato, em 2006.<\/p>\n<p>A linha conta com 29 trens e 11 esta\u00e7\u00f5es que atravessam regi\u00f5es estrat\u00e9gicas da capital paulista. O contrato inicial previa investimentos de US$ 2 bilh\u00f5es. Recentemente, foram anunciados quase US$ 4 bilh\u00f5es adicionais para ampliar a linha e construir novas esta\u00e7\u00f5es.<\/p>\n<p>O <b>diretor da Companhia Paulista de Parcerias, Augusto Almudin<\/b>, explica que o projeto foi pioneiro no pa\u00eds.<\/p>\n<p>\u201cEla teve esse ineditismo. \u00c9 um sistema que funciona muito bem para a popula\u00e7\u00e3o. Nos contratos j\u00e1 celebrados de PPP ou concess\u00e3o, a gente tem tr\u00eas expans\u00f5es futuras previstas, tanto da linha 4, da linha 5 e da linha 6 Laranja do metr\u00f4 tamb\u00e9m. S\u00e3o todos projetos que j\u00e1 est\u00e3o contratados, portanto n\u00e3o s\u00e3o parte da estrutura\u00e7\u00e3o, mas cuja expans\u00e3o o Estado tamb\u00e9m j\u00e1 prev\u00ea investimentos para fazer em todos\u201d, explica Augusto.<\/p>\n<p>A implanta\u00e7\u00e3o da linha tamb\u00e9m impactou a din\u00e2mica da cidade. Ao conectar diferentes regi\u00f5es, houve redu\u00e7\u00e3o do tr\u00e2nsito em bairros cortados pelo trajeto, al\u00e9m do aumento da circula\u00e7\u00e3o de pessoas em \u00e1reas comerciais, culturais e de lazer. O funcionamento da linha \u00e9 monitorado continuamente e, segundo o diretor, a maior parte dessas experi\u00eancias, operadas em parceria com a iniciativa privada, estabelece metas e padr\u00f5es de qualidade.<\/p>\n<p>\u201cTodas essas empresas t\u00eam um contrato com o Estado, ent\u00e3o \u00e9 um contrato bastante robusto. O contrato exige metas espec\u00edficas de servi\u00e7os, de n\u00edvel de servi\u00e7o espec\u00edfico, e tem penalidade para descumprimento de condutas contratuais\u201d, complementa.<\/p>\n<div class=\"Enhancement\" data-align-center=\"\">\n<div class=\"Enhancement-item\">\n<p>                            <bsp-figure class=\"Figure\" id=\"image-710000\"><br \/>\n    <button class=\"containerImg\"><\/p>\n<p>    <a class=\"AnchorLink\" title=\"image-710000\" name=\"image-710000\"\/><\/p>\n<picture><source type=\"image\/webp\" width=\"1000\" height=\"563\" srcset=\"https:\/\/medias.itatiaia.com.br\/dims4\/default\/003142c\/2147483647\/strip\/true\/crop\/1113x627+0+0\/resize\/568x320!\/format\/webp\/quality\/90\/?url=https%3A%2F%2Fk2-prod-radio-itatiaia.s3.us-east-1.amazonaws.com%2Fbrightspot%2Fb0%2F65%2Fe7c36ad64f8f8037827f4814f64e%2Faugusto-almudin.jpeg 568w,https:\/\/medias.itatiaia.com.br\/dims4\/default\/d407534\/2147483647\/strip\/true\/crop\/1113x627+0+0\/resize\/768x432!\/format\/webp\/quality\/90\/?url=https%3A%2F%2Fk2-prod-radio-itatiaia.s3.us-east-1.amazonaws.com%2Fbrightspot%2Fb0%2F65%2Fe7c36ad64f8f8037827f4814f64e%2Faugusto-almudin.jpeg 768w,https:\/\/medias.itatiaia.com.br\/dims4\/default\/8dee6be\/2147483647\/strip\/true\/crop\/1113x627+0+0\/resize\/1000x563!\/format\/webp\/quality\/90\/?url=https%3A%2F%2Fk2-prod-radio-itatiaia.s3.us-east-1.amazonaws.com%2Fbrightspot%2Fb0%2F65%2Fe7c36ad64f8f8037827f4814f64e%2Faugusto-almudin.jpeg 1000w\"\/><source width=\"1000\" height=\"563\" srcset=\"https:\/\/medias.itatiaia.com.br\/dims4\/default\/e0c5c78\/2147483647\/strip\/true\/crop\/1113x627+0+0\/resize\/1000x563!\/quality\/90\/?url=https%3A%2F%2Fk2-prod-radio-itatiaia.s3.us-east-1.amazonaws.com%2Fbrightspot%2Fb0%2F65%2Fe7c36ad64f8f8037827f4814f64e%2Faugusto-almudin.jpeg\"\/><\/picture>\n<p>    <\/button><\/p>\n<div class=\"Figure-content\"><figcaption class=\"Figure-caption\">\n<p>Augusto Almudin, diretor da Companhia Paulista de Parcerias<\/p>\n<\/figcaption><\/div>\n<p><\/bsp-figure><\/p><\/div>\n<\/p><\/div>\n<p>O <b>governador de S\u00e3o Paulo, Tarc\u00edsio de Freitas<\/b>, afirma que as parcerias s\u00e3o fundamentais para viabilizar grandes projetos metrovi\u00e1rios.<\/p>\n<p>\u201cTemos uma s\u00e9rie de projetos de grande porte que demandam grandes investimentos que n\u00e3o se viabilizam porque t\u00eam valor presente l\u00edquido negativo. Isso \u00e9 comum no setor de transporte metroferrovi\u00e1rio, transporte sob trilhos, ent\u00e3o s\u00e3o investimentos muito altos. O retorno n\u00e3o se viabiliza s\u00f3 por tarifa e a gente achou esse modelo\u201d, relata.<\/p>\n<p>O governador tamb\u00e9m destacou a evolu\u00e7\u00e3o na <bsp-link-enhancement><br \/>\n    <span class=\"LinkEnhancement\"><a class=\"Link\" href=\"https:\/\/www.itatiaia.com.br\/economia\/negocios\/eloos\/modelagem-de-projetos-fortalece-ppps-e-reduz-riscos-em-obras-publicas\" title=\"estrutura\u00e7\u00e3o desses projetos\">estrutura\u00e7\u00e3o desses projetos<\/a><\/span><\/bsp-link-enhancement>.<\/p>\n<p>\u201cE esse modelo acaba dando certo porque a gente aprendeu a estruturar esses projetos, a gente aprendeu a mitigar os riscos e a gente aprendeu a tratar a quest\u00e3o das garantias. E isso \u00e9 fundamental para que uma PPP decole.\u201d<\/p>\n<div class=\"Enhancement\" data-align-center=\"\">\n<div class=\"Enhancement-item\">\n<p>                            <bsp-figure class=\"Figure\" id=\"image-bf0000\"><br \/>\n    <button class=\"containerImg\"><\/p>\n<p>    <a class=\"AnchorLink\" title=\"image-bf0000\" name=\"image-bf0000\"\/><\/p>\n<picture><source type=\"image\/webp\" width=\"1000\" height=\"563\" srcset=\"https:\/\/medias.itatiaia.com.br\/dims4\/default\/dd71165\/2147483647\/strip\/true\/crop\/1313x739+0+38\/resize\/568x320!\/format\/webp\/quality\/90\/?url=https%3A%2F%2Fk2-prod-radio-itatiaia.s3.us-east-1.amazonaws.com%2Fbrightspot%2F2b%2Fe8%2F653d0dde4993882bddf072146daa%2Ftarcisio-de-freitas.jpeg 568w,https:\/\/medias.itatiaia.com.br\/dims4\/default\/41f15cc\/2147483647\/strip\/true\/crop\/1313x739+0+38\/resize\/768x432!\/format\/webp\/quality\/90\/?url=https%3A%2F%2Fk2-prod-radio-itatiaia.s3.us-east-1.amazonaws.com%2Fbrightspot%2F2b%2Fe8%2F653d0dde4993882bddf072146daa%2Ftarcisio-de-freitas.jpeg 768w,https:\/\/medias.itatiaia.com.br\/dims4\/default\/a12a887\/2147483647\/strip\/true\/crop\/1313x739+0+38\/resize\/1000x563!\/format\/webp\/quality\/90\/?url=https%3A%2F%2Fk2-prod-radio-itatiaia.s3.us-east-1.amazonaws.com%2Fbrightspot%2F2b%2Fe8%2F653d0dde4993882bddf072146daa%2Ftarcisio-de-freitas.jpeg 1000w\"\/><source width=\"1000\" height=\"563\" srcset=\"https:\/\/medias.itatiaia.com.br\/dims4\/default\/e494db6\/2147483647\/strip\/true\/crop\/1313x739+0+38\/resize\/1000x563!\/quality\/90\/?url=https%3A%2F%2Fk2-prod-radio-itatiaia.s3.us-east-1.amazonaws.com%2Fbrightspot%2F2b%2Fe8%2F653d0dde4993882bddf072146daa%2Ftarcisio-de-freitas.jpeg\"\/><img loading=\"lazy\" decoding=\"async\" class=\"Image\" alt=\"Tarc\u00edsio de Freitas, governador de S\u00e3o Paulo\" width=\"1000\" height=\"563\" src=\"https:\/\/medias.itatiaia.com.br\/dims4\/default\/e494db6\/2147483647\/strip\/true\/crop\/1313x739+0+38\/resize\/1000x563!\/quality\/90\/?url=https%3A%2F%2Fk2-prod-radio-itatiaia.s3.us-east-1.amazonaws.com%2Fbrightspot%2F2b%2Fe8%2F653d0dde4993882bddf072146daa%2Ftarcisio-de-freitas.jpeg\" loading=\"lazy\"\/><\/p>\n<\/picture>\n<p>    <\/button><\/p>\n<div class=\"Figure-content\"><figcaption class=\"Figure-caption\">\n<p>Tarc\u00edsio de Freitas, governador de S\u00e3o Paulo<\/p>\n<\/figcaption><\/div>\n<p><\/bsp-figure><\/p><\/div>\n<\/p><\/div>\n<p>Em m\u00e9dia, a Linha 4 transporta cerca de 700 mil passageiros por dia. Entre os usu\u00e1rios, as avalia\u00e7\u00f5es se dividem entre elogios e pedidos de melhorias. Atualmente, o metr\u00f4 da regi\u00e3o funciona das quatro da manh\u00e3 \u00e0 meia-noite. A estudante Alice Iglesias Le\u00e3o destaca a praticidade do transporte, mas aponta limita\u00e7\u00f5es no hor\u00e1rio de funcionamento.<\/p>\n<p>\u201cE o que eu acho bom no metr\u00f4 \u00e9 a facilidade, a rapidez de um ponto para o outro, ainda mais em S\u00e3o Paulo. E o que eu acho ruim \u00e9 o hor\u00e1rio que encerra, eu acho que acaba tornando tudo mais corrido\u201d, conta.<\/p>\n<p>J\u00e1 a advogada Mariana Miuha Hakau elogia a abrang\u00eancia do sistema, mas critica a lota\u00e7\u00e3o. \u201cE um ponto positivo do metr\u00f4 \u00e9 que voc\u00ea consegue chegar em qualquer lugar de S\u00e3o Paulo e um ponto negativo \u00e9 talvez a superlota\u00e7\u00e3o dele\u201d, comenta.<\/p>\n<p><b>Confira a reportagem completa:<\/b><\/p>\n<p><bsp-list-loadmore class=\"PageListStandardG\" data-module=\"\" data-show-loadmore=\"true\" data-list-title-size=\"3\" data-list-description-size=\"3\"><\/p>\n<p>    <a class=\"AnchorLink\" title=\"leia-tambem\" name=\"leia-tambem\"\/><\/p>\n<p><\/bsp-list-loadmore><\/p><\/div>\n<p><script>\n  window.fbAsyncInit = function() {\n      FB.init({\n              appId : '1447052969554341',\n          xfbml : true,\n          version : 'v2.9'\n      });\n  };\n  (function(d, s, id){\n     var js, fjs = d.getElementsByTagName(s)[0];\n     if (d.getElementById(id)) {return;}\n     js = d.createElement(s); js.id = id;\n     js.src = \"https:\/\/connect.facebook.net\/en_US\/sdk.js\";\n     fjs.parentNode.insertBefore(js, fjs);\n   }(document, 'script', 'facebook-jssdk'));\n<\/script><\/p>\n","protected":false},"excerpt":{"rendered":"<p>Reconhecida pela modernidade, a Linha 4\u2013Amarela do metr\u00f4 de S\u00e3o Paulo, uma das primeiras concess\u00f5es metrovi\u00e1rias do pa\u00eds, tornou-se refer\u00eancia para outros estados. Operados de forma aut\u00f4noma, sem a necessidade de um condutor, os trens j\u00e1 transportaram mais de dois bilh\u00f5es de passageiros desde o in\u00edcio do contrato, em 2006. A linha conta com 29&#8230;<\/p>\n","protected":false},"author":2,"featured_media":32279,"comment_status":"open","ping_status":"open","sticky":false,"template":"","format":"standard","meta":{"footnotes":""},"categories":[25],"tags":[],"class_list":["post-32278","post","type-post","status-publish","format-standard","has-post-thumbnail","hentry","category-economia"],"yoast_head":"<!-- This site is optimized with the Yoast SEO plugin v27.3 - https:\/\/yoast.com\/product\/yoast-seo-wordpress\/ -->\n<title>Sistema metrovi\u00e1rio paulista transforma a mobilidade urbana -<\/title>\n<meta name=\"robots\" content=\"index, follow, max-snippet:-1, max-image-preview:large, max-video-preview:-1\" \/>\n<link rel=\"canonical\" href=\"https:\/\/oficialnoticias.com\/?p=32278\" \/>\n<meta property=\"og:locale\" content=\"pt_BR\" \/>\n<meta property=\"og:type\" content=\"article\" \/>\n<meta property=\"og:title\" content=\"Sistema metrovi\u00e1rio paulista transforma a mobilidade urbana -\" \/>\n<meta property=\"og:description\" content=\"Reconhecida pela modernidade, a Linha 4\u2013Amarela do metr\u00f4 de S\u00e3o Paulo, uma das primeiras concess\u00f5es metrovi\u00e1rias do pa\u00eds, tornou-se refer\u00eancia para outros estados. Operados de forma aut\u00f4noma, sem a necessidade de um condutor, os trens j\u00e1 transportaram mais de dois bilh\u00f5es de passageiros desde o in\u00edcio do contrato, em 2006. A linha conta com 29...\" \/>\n<meta property=\"og:url\" content=\"https:\/\/oficialnoticias.com\/?p=32278\" \/>\n<meta property=\"article:published_time\" content=\"2026-03-12T02:20:54+00:00\" \/>\n<meta property=\"article:modified_time\" content=\"2026-03-12T02:20:55+00:00\" \/>\n<meta property=\"og:image\" content=\"https:\/\/oficialnoticias.com\/wp-content\/uploads\/2026\/03\/urlhttps3A2F2Fk2-prod-radio-itatiaia.s3.us-east-1.amazonaws.com2Fbrightspot2F3a2F402F29d294.webp\" \/>\n\t<meta property=\"og:image:width\" content=\"1200\" \/>\n\t<meta property=\"og:image:height\" content=\"630\" \/>\n\t<meta property=\"og:image:type\" content=\"image\/webp\" \/>\n<meta name=\"author\" content=\"Luana Gon\u00e7alves\" \/>\n<meta name=\"twitter:card\" content=\"summary_large_image\" \/>\n<meta name=\"twitter:label1\" content=\"Escrito por\" \/>\n\t<meta name=\"twitter:data1\" content=\"Luana Gon\u00e7alves\" \/>\n\t<meta name=\"twitter:label2\" content=\"Est. tempo de leitura\" \/>\n\t<meta name=\"twitter:data2\" content=\"3 minutos\" \/>\n<script type=\"application\/ld+json\" class=\"yoast-schema-graph\">{\"@context\":\"https:\\\/\\\/schema.org\",\"@graph\":[{\"@type\":\"Article\",\"@id\":\"https:\\\/\\\/oficialnoticias.com\\\/?p=32278#article\",\"isPartOf\":{\"@id\":\"https:\\\/\\\/oficialnoticias.com\\\/?p=32278\"},\"author\":{\"name\":\"Luana Gon\u00e7alves\",\"@id\":\"https:\\\/\\\/oficialnoticias.com\\\/#\\\/schema\\\/person\\\/2d1dcbb6bfbc28d68171b4dc04723d4a\"},\"headline\":\"Sistema metrovi\u00e1rio paulista transforma a mobilidade urbana\",\"datePublished\":\"2026-03-12T02:20:54+00:00\",\"dateModified\":\"2026-03-12T02:20:55+00:00\",\"mainEntityOfPage\":{\"@id\":\"https:\\\/\\\/oficialnoticias.com\\\/?p=32278\"},\"wordCount\":627,\"commentCount\":0,\"publisher\":{\"@id\":\"https:\\\/\\\/oficialnoticias.com\\\/#organization\"},\"image\":{\"@id\":\"https:\\\/\\\/oficialnoticias.com\\\/?p=32278#primaryimage\"},\"thumbnailUrl\":\"https:\\\/\\\/oficialnoticias.com\\\/wp-content\\\/uploads\\\/2026\\\/03\\\/urlhttps3A2F2Fk2-prod-radio-itatiaia.s3.us-east-1.amazonaws.com2Fbrightspot2F3a2F402F29d294.webp\",\"articleSection\":[\"Economia\"],\"inLanguage\":\"pt-BR\",\"potentialAction\":[{\"@type\":\"CommentAction\",\"name\":\"Comment\",\"target\":[\"https:\\\/\\\/oficialnoticias.com\\\/?p=32278#respond\"]}]},{\"@type\":\"WebPage\",\"@id\":\"https:\\\/\\\/oficialnoticias.com\\\/?p=32278\",\"url\":\"https:\\\/\\\/oficialnoticias.com\\\/?p=32278\",\"name\":\"Sistema metrovi\u00e1rio paulista transforma a mobilidade urbana -\",\"isPartOf\":{\"@id\":\"https:\\\/\\\/oficialnoticias.com\\\/#website\"},\"primaryImageOfPage\":{\"@id\":\"https:\\\/\\\/oficialnoticias.com\\\/?p=32278#primaryimage\"},\"image\":{\"@id\":\"https:\\\/\\\/oficialnoticias.com\\\/?p=32278#primaryimage\"},\"thumbnailUrl\":\"https:\\\/\\\/oficialnoticias.com\\\/wp-content\\\/uploads\\\/2026\\\/03\\\/urlhttps3A2F2Fk2-prod-radio-itatiaia.s3.us-east-1.amazonaws.com2Fbrightspot2F3a2F402F29d294.webp\",\"datePublished\":\"2026-03-12T02:20:54+00:00\",\"dateModified\":\"2026-03-12T02:20:55+00:00\",\"breadcrumb\":{\"@id\":\"https:\\\/\\\/oficialnoticias.com\\\/?p=32278#breadcrumb\"},\"inLanguage\":\"pt-BR\",\"potentialAction\":[{\"@type\":\"ReadAction\",\"target\":[\"https:\\\/\\\/oficialnoticias.com\\\/?p=32278\"]}]},{\"@type\":\"ImageObject\",\"inLanguage\":\"pt-BR\",\"@id\":\"https:\\\/\\\/oficialnoticias.com\\\/?p=32278#primaryimage\",\"url\":\"https:\\\/\\\/oficialnoticias.com\\\/wp-content\\\/uploads\\\/2026\\\/03\\\/urlhttps3A2F2Fk2-prod-radio-itatiaia.s3.us-east-1.amazonaws.com2Fbrightspot2F3a2F402F29d294.webp\",\"contentUrl\":\"https:\\\/\\\/oficialnoticias.com\\\/wp-content\\\/uploads\\\/2026\\\/03\\\/urlhttps3A2F2Fk2-prod-radio-itatiaia.s3.us-east-1.amazonaws.com2Fbrightspot2F3a2F402F29d294.webp\",\"width\":1200,\"height\":630},{\"@type\":\"BreadcrumbList\",\"@id\":\"https:\\\/\\\/oficialnoticias.com\\\/?p=32278#breadcrumb\",\"itemListElement\":[{\"@type\":\"ListItem\",\"position\":1,\"name\":\"In\u00edcio\",\"item\":\"https:\\\/\\\/oficialnoticias.com\\\/\"},{\"@type\":\"ListItem\",\"position\":2,\"name\":\"Sistema metrovi\u00e1rio paulista transforma a mobilidade urbana\"}]},{\"@type\":\"WebSite\",\"@id\":\"https:\\\/\\\/oficialnoticias.com\\\/#website\",\"url\":\"https:\\\/\\\/oficialnoticias.com\\\/\",\"name\":\"oficial Noticias\",\"description\":\"\",\"publisher\":{\"@id\":\"https:\\\/\\\/oficialnoticias.com\\\/#organization\"},\"potentialAction\":[{\"@type\":\"SearchAction\",\"target\":{\"@type\":\"EntryPoint\",\"urlTemplate\":\"https:\\\/\\\/oficialnoticias.com\\\/?s={search_term_string}\"},\"query-input\":{\"@type\":\"PropertyValueSpecification\",\"valueRequired\":true,\"valueName\":\"search_term_string\"}}],\"inLanguage\":\"pt-BR\"},{\"@type\":\"Organization\",\"@id\":\"https:\\\/\\\/oficialnoticias.com\\\/#organization\",\"name\":\"oficial noticias\",\"url\":\"https:\\\/\\\/oficialnoticias.com\\\/\",\"logo\":{\"@type\":\"ImageObject\",\"inLanguage\":\"pt-BR\",\"@id\":\"https:\\\/\\\/oficialnoticias.com\\\/#\\\/schema\\\/logo\\\/image\\\/\",\"url\":\"https:\\\/\\\/oficialnoticias.com\\\/wp-content\\\/uploads\\\/2025\\\/08\\\/cropped-cropped-cropped-Logo-Noticias-e1753639739829.png\",\"contentUrl\":\"https:\\\/\\\/oficialnoticias.com\\\/wp-content\\\/uploads\\\/2025\\\/08\\\/cropped-cropped-cropped-Logo-Noticias-e1753639739829.png\",\"width\":119,\"height\":86,\"caption\":\"oficial noticias\"},\"image\":{\"@id\":\"https:\\\/\\\/oficialnoticias.com\\\/#\\\/schema\\\/logo\\\/image\\\/\"}},{\"@type\":\"Person\",\"@id\":\"https:\\\/\\\/oficialnoticias.com\\\/#\\\/schema\\\/person\\\/2d1dcbb6bfbc28d68171b4dc04723d4a\",\"name\":\"Luana Gon\u00e7alves\",\"image\":{\"@type\":\"ImageObject\",\"inLanguage\":\"pt-BR\",\"@id\":\"https:\\\/\\\/secure.gravatar.com\\\/avatar\\\/7aa6afdef873224c1a0265951f3fdfc0679f65dfbd15f018612595d323c52521?s=96&d=mm&r=g\",\"url\":\"https:\\\/\\\/secure.gravatar.com\\\/avatar\\\/7aa6afdef873224c1a0265951f3fdfc0679f65dfbd15f018612595d323c52521?s=96&d=mm&r=g\",\"contentUrl\":\"https:\\\/\\\/secure.gravatar.com\\\/avatar\\\/7aa6afdef873224c1a0265951f3fdfc0679f65dfbd15f018612595d323c52521?s=96&d=mm&r=g\",\"caption\":\"Luana Gon\u00e7alves\"},\"sameAs\":[\"https:\\\/\\\/oficialnoticias.com\\\/\"],\"url\":\"https:\\\/\\\/oficialnoticias.com\\\/?author=2\"}]}<\/script>\n<!-- \/ Yoast SEO plugin. -->","yoast_head_json":{"title":"Sistema metrovi\u00e1rio paulista transforma a mobilidade urbana -","robots":{"index":"index","follow":"follow","max-snippet":"max-snippet:-1","max-image-preview":"max-image-preview:large","max-video-preview":"max-video-preview:-1"},"canonical":"https:\/\/oficialnoticias.com\/?p=32278","og_locale":"pt_BR","og_type":"article","og_title":"Sistema metrovi\u00e1rio paulista transforma a mobilidade urbana -","og_description":"Reconhecida pela modernidade, a Linha 4\u2013Amarela do metr\u00f4 de S\u00e3o Paulo, uma das primeiras concess\u00f5es metrovi\u00e1rias do pa\u00eds, tornou-se refer\u00eancia para outros estados. Operados de forma aut\u00f4noma, sem a necessidade de um condutor, os trens j\u00e1 transportaram mais de dois bilh\u00f5es de passageiros desde o in\u00edcio do contrato, em 2006. A linha conta com 29...","og_url":"https:\/\/oficialnoticias.com\/?p=32278","article_published_time":"2026-03-12T02:20:54+00:00","article_modified_time":"2026-03-12T02:20:55+00:00","og_image":[{"width":1200,"height":630,"url":"https:\/\/oficialnoticias.com\/wp-content\/uploads\/2026\/03\/urlhttps3A2F2Fk2-prod-radio-itatiaia.s3.us-east-1.amazonaws.com2Fbrightspot2F3a2F402F29d294.webp","type":"image\/webp"}],"author":"Luana Gon\u00e7alves","twitter_card":"summary_large_image","twitter_misc":{"Escrito por":"Luana Gon\u00e7alves","Est. tempo de leitura":"3 minutos"},"schema":{"@context":"https:\/\/schema.org","@graph":[{"@type":"Article","@id":"https:\/\/oficialnoticias.com\/?p=32278#article","isPartOf":{"@id":"https:\/\/oficialnoticias.com\/?p=32278"},"author":{"name":"Luana Gon\u00e7alves","@id":"https:\/\/oficialnoticias.com\/#\/schema\/person\/2d1dcbb6bfbc28d68171b4dc04723d4a"},"headline":"Sistema metrovi\u00e1rio paulista transforma a mobilidade urbana","datePublished":"2026-03-12T02:20:54+00:00","dateModified":"2026-03-12T02:20:55+00:00","mainEntityOfPage":{"@id":"https:\/\/oficialnoticias.com\/?p=32278"},"wordCount":627,"commentCount":0,"publisher":{"@id":"https:\/\/oficialnoticias.com\/#organization"},"image":{"@id":"https:\/\/oficialnoticias.com\/?p=32278#primaryimage"},"thumbnailUrl":"https:\/\/oficialnoticias.com\/wp-content\/uploads\/2026\/03\/urlhttps3A2F2Fk2-prod-radio-itatiaia.s3.us-east-1.amazonaws.com2Fbrightspot2F3a2F402F29d294.webp","articleSection":["Economia"],"inLanguage":"pt-BR","potentialAction":[{"@type":"CommentAction","name":"Comment","target":["https:\/\/oficialnoticias.com\/?p=32278#respond"]}]},{"@type":"WebPage","@id":"https:\/\/oficialnoticias.com\/?p=32278","url":"https:\/\/oficialnoticias.com\/?p=32278","name":"Sistema metrovi\u00e1rio paulista transforma a mobilidade urbana -","isPartOf":{"@id":"https:\/\/oficialnoticias.com\/#website"},"primaryImageOfPage":{"@id":"https:\/\/oficialnoticias.com\/?p=32278#primaryimage"},"image":{"@id":"https:\/\/oficialnoticias.com\/?p=32278#primaryimage"},"thumbnailUrl":"https:\/\/oficialnoticias.com\/wp-content\/uploads\/2026\/03\/urlhttps3A2F2Fk2-prod-radio-itatiaia.s3.us-east-1.amazonaws.com2Fbrightspot2F3a2F402F29d294.webp","datePublished":"2026-03-12T02:20:54+00:00","dateModified":"2026-03-12T02:20:55+00:00","breadcrumb":{"@id":"https:\/\/oficialnoticias.com\/?p=32278#breadcrumb"},"inLanguage":"pt-BR","potentialAction":[{"@type":"ReadAction","target":["https:\/\/oficialnoticias.com\/?p=32278"]}]},{"@type":"ImageObject","inLanguage":"pt-BR","@id":"https:\/\/oficialnoticias.com\/?p=32278#primaryimage","url":"https:\/\/oficialnoticias.com\/wp-content\/uploads\/2026\/03\/urlhttps3A2F2Fk2-prod-radio-itatiaia.s3.us-east-1.amazonaws.com2Fbrightspot2F3a2F402F29d294.webp","contentUrl":"https:\/\/oficialnoticias.com\/wp-content\/uploads\/2026\/03\/urlhttps3A2F2Fk2-prod-radio-itatiaia.s3.us-east-1.amazonaws.com2Fbrightspot2F3a2F402F29d294.webp","width":1200,"height":630},{"@type":"BreadcrumbList","@id":"https:\/\/oficialnoticias.com\/?p=32278#breadcrumb","itemListElement":[{"@type":"ListItem","position":1,"name":"In\u00edcio","item":"https:\/\/oficialnoticias.com\/"},{"@type":"ListItem","position":2,"name":"Sistema metrovi\u00e1rio paulista transforma a mobilidade urbana"}]},{"@type":"WebSite","@id":"https:\/\/oficialnoticias.com\/#website","url":"https:\/\/oficialnoticias.com\/","name":"oficial Noticias","description":"","publisher":{"@id":"https:\/\/oficialnoticias.com\/#organization"},"potentialAction":[{"@type":"SearchAction","target":{"@type":"EntryPoint","urlTemplate":"https:\/\/oficialnoticias.com\/?s={search_term_string}"},"query-input":{"@type":"PropertyValueSpecification","valueRequired":true,"valueName":"search_term_string"}}],"inLanguage":"pt-BR"},{"@type":"Organization","@id":"https:\/\/oficialnoticias.com\/#organization","name":"oficial noticias","url":"https:\/\/oficialnoticias.com\/","logo":{"@type":"ImageObject","inLanguage":"pt-BR","@id":"https:\/\/oficialnoticias.com\/#\/schema\/logo\/image\/","url":"https:\/\/oficialnoticias.com\/wp-content\/uploads\/2025\/08\/cropped-cropped-cropped-Logo-Noticias-e1753639739829.png","contentUrl":"https:\/\/oficialnoticias.com\/wp-content\/uploads\/2025\/08\/cropped-cropped-cropped-Logo-Noticias-e1753639739829.png","width":119,"height":86,"caption":"oficial noticias"},"image":{"@id":"https:\/\/oficialnoticias.com\/#\/schema\/logo\/image\/"}},{"@type":"Person","@id":"https:\/\/oficialnoticias.com\/#\/schema\/person\/2d1dcbb6bfbc28d68171b4dc04723d4a","name":"Luana Gon\u00e7alves","image":{"@type":"ImageObject","inLanguage":"pt-BR","@id":"https:\/\/secure.gravatar.com\/avatar\/7aa6afdef873224c1a0265951f3fdfc0679f65dfbd15f018612595d323c52521?s=96&d=mm&r=g","url":"https:\/\/secure.gravatar.com\/avatar\/7aa6afdef873224c1a0265951f3fdfc0679f65dfbd15f018612595d323c52521?s=96&d=mm&r=g","contentUrl":"https:\/\/secure.gravatar.com\/avatar\/7aa6afdef873224c1a0265951f3fdfc0679f65dfbd15f018612595d323c52521?s=96&d=mm&r=g","caption":"Luana Gon\u00e7alves"},"sameAs":["https:\/\/oficialnoticias.com\/"],"url":"https:\/\/oficialnoticias.com\/?author=2"}]}},"_links":{"self":[{"href":"https:\/\/oficialnoticias.com\/index.php?rest_route=\/wp\/v2\/posts\/32278","targetHints":{"allow":["GET"]}}],"collection":[{"href":"https:\/\/oficialnoticias.com\/index.php?rest_route=\/wp\/v2\/posts"}],"about":[{"href":"https:\/\/oficialnoticias.com\/index.php?rest_route=\/wp\/v2\/types\/post"}],"author":[{"embeddable":true,"href":"https:\/\/oficialnoticias.com\/index.php?rest_route=\/wp\/v2\/users\/2"}],"replies":[{"embeddable":true,"href":"https:\/\/oficialnoticias.com\/index.php?rest_route=%2Fwp%2Fv2%2Fcomments&post=32278"}],"version-history":[{"count":1,"href":"https:\/\/oficialnoticias.com\/index.php?rest_route=\/wp\/v2\/posts\/32278\/revisions"}],"predecessor-version":[{"id":32280,"href":"https:\/\/oficialnoticias.com\/index.php?rest_route=\/wp\/v2\/posts\/32278\/revisions\/32280"}],"wp:featuredmedia":[{"embeddable":true,"href":"https:\/\/oficialnoticias.com\/index.php?rest_route=\/wp\/v2\/media\/32279"}],"wp:attachment":[{"href":"https:\/\/oficialnoticias.com\/index.php?rest_route=%2Fwp%2Fv2%2Fmedia&parent=32278"}],"wp:term":[{"taxonomy":"category","embeddable":true,"href":"https:\/\/oficialnoticias.com\/index.php?rest_route=%2Fwp%2Fv2%2Fcategories&post=32278"},{"taxonomy":"post_tag","embeddable":true,"href":"https:\/\/oficialnoticias.com\/index.php?rest_route=%2Fwp%2Fv2%2Ftags&post=32278"}],"curies":[{"name":"wp","href":"https:\/\/api.w.org\/{rel}","templated":true}]}}