{"id":32266,"date":"2026-03-11T19:17:07","date_gmt":"2026-03-11T22:17:07","guid":{"rendered":"https:\/\/oficialnoticias.com\/?p=32266"},"modified":"2026-03-11T19:17:08","modified_gmt":"2026-03-11T22:17:08","slug":"cna-pede-reducao-de-impostos-sobre-o-diesel-para-conter-alta-dos-custos-no-agro","status":"publish","type":"post","link":"https:\/\/oficialnoticias.com\/?p=32266","title":{"rendered":"CNA pede redu\u00e7\u00e3o de impostos sobre o diesel para conter alta dos custos no agro"},"content":{"rendered":"<p><\/p>\n<div>\n<p>A Confedera\u00e7\u00e3o da Agricultura e Pecu\u00e1ria do Brasil (CNA) pediu ao Minist\u00e9rio da Fazenda e ao Conselho Nacional de Pol\u00edtica Fazend\u00e1ria (Confaz), nessa ter\u00e7a-feira (10), a redu\u00e7\u00e3o imediata das al\u00edquotas de tributos federais e estaduais incidentes sobre a importa\u00e7\u00e3o, produ\u00e7\u00e3o, <bsp-link-enhancement><br \/>\n    <span class=\"LinkEnhancement\"><a class=\"Link\" href=\"https:\/\/www.itatiaia.com.br\/colunas\/diario-do-comercio\/conflito-no-oriente-medio-encarece-diesel-e-ameaca-colheita-em-minas-gerais\" title=\"&lt;b&gt;distribui\u00e7\u00e3o e comercializa\u00e7\u00e3o do \u00f3leo diesel.&lt;\/b&gt;\"><b>distribui\u00e7\u00e3o e comercializa\u00e7\u00e3o do \u00f3leo diesel.<\/b><\/a><\/span><\/bsp-link-enhancement><\/p>\n<p>O pedido realizado pela entidade ocorreu por causa dos recentes aumentos nos pre\u00e7os do petr\u00f3leo e de seus derivados no mercado internacional e dos impactos desse cen\u00e1rio sobre a economia nacional, em meio a Guerra no Oriente M\u00e9dio.<\/p>\n<p>\u201cO momento \u00e9 particularmente sens\u00edvel para o setor agropecu\u00e1rio, marcado pelo plantio e pela colheita da segunda safra, per\u00edodo em que o custo do combust\u00edvel tem efeito direto sobre as despesas de produ\u00e7\u00e3o e sobre a atividade econ\u00f4mica\u201d, explicou o presidente da CNA, Jo\u00e3o Martins.<\/p>\n<p>Em of\u00edcio encaminhado ao ministro da Fazenda, Fernando Haddad (PT), o presidente da CNA refere-se ao Programa de Integra\u00e7\u00e3o Social (PIS), Programa de Forma\u00e7\u00e3o do Patrim\u00f4nio do Servidor P\u00fablico (Pasep) e \u00e0 Contribui\u00e7\u00e3o para o Financiamento da Seguridade Social (Cofins), tributos federais que juntos somam aproximadamente 10,5% no valor do diesel comercializado.<\/p>\n<p>Em outro of\u00edcio, direcionado ao presidente da Comiss\u00e3o T\u00e9cnica Permanente do ICMS, Carlos Henrique de Azevedo Oliveira, Jo\u00e3o Martins ressaltou que os impostos estaduais acrescentam, em m\u00e9dia, 38,4% ao pre\u00e7o final do combust\u00edvel, sendo o Imposto sobre Circula\u00e7\u00e3o de Mercadorias e Servi\u00e7os (ICMS) um dos principais componentes dessa carga tribut\u00e1ria.<\/p>\n<p><bsp-list-loadmore class=\"PageListStandardG\" data-module=\"\" data-show-loadmore=\"true\" data-list-title-size=\"3\" data-list-description-size=\"3\"><\/p>\n<p>    <a class=\"AnchorLink\" title=\"leia-tambem\" name=\"leia-tambem\"\/><\/p>\n<p><\/bsp-list-loadmore><\/p>\n<p>O colegiado \u00e9 ligado ao Confaz, que re\u00fane as Secretarias de Fazenda dos 26 estados e do Distrito Federal e tem como presidente o ministro Fernando Haddad.<\/p>\n<p>Para a CNA, a redu\u00e7\u00e3o tempor\u00e1ria das al\u00edquotas dos tributos federais pode contribuir para mitigar os efeitos do aumento dos combust\u00edveis sobre toda a economia nacional. A medida teria reflexos diretos na redu\u00e7\u00e3o dos custos de produ\u00e7\u00e3o agropecu\u00e1ria, na modera\u00e7\u00e3o dos pre\u00e7os dos alimentos ao consumidor e na diminui\u00e7\u00e3o das press\u00f5es inflacion\u00e1rias, alegou o presidente da CNA.<\/p>\n<p>Nos documentos, a Confedera\u00e7\u00e3o destaca tamb\u00e9m que a iniciativa pode favorecer um ambiente macroecon\u00f4mico mais est\u00e1vel, contribuindo para a trajet\u00f3ria de redu\u00e7\u00e3o da taxa b\u00e1sica de juros (Selic), atualmente fixada em 15% ao ano.<\/p>\n<\/p><\/div>\n<p><script>\n  window.fbAsyncInit = function() {\n      FB.init({\n              appId : '1447052969554341',\n          xfbml : true,\n          version : 'v2.9'\n      });\n  };\n  (function(d, s, id){\n     var js, fjs = d.getElementsByTagName(s)[0];\n     if (d.getElementById(id)) {return;}\n     js = d.createElement(s); js.id = id;\n     js.src = \"https:\/\/connect.facebook.net\/en_US\/sdk.js\";\n     fjs.parentNode.insertBefore(js, fjs);\n   }(document, 'script', 'facebook-jssdk'));\n<\/script><\/p>\n","protected":false},"excerpt":{"rendered":"<p>A Confedera\u00e7\u00e3o da Agricultura e Pecu\u00e1ria do Brasil (CNA) pediu ao Minist\u00e9rio da Fazenda e ao Conselho Nacional de Pol\u00edtica Fazend\u00e1ria (Confaz), nessa ter\u00e7a-feira (10), a redu\u00e7\u00e3o imediata das al\u00edquotas de tributos federais e estaduais incidentes sobre a importa\u00e7\u00e3o, produ\u00e7\u00e3o, distribui\u00e7\u00e3o e comercializa\u00e7\u00e3o do \u00f3leo diesel. O pedido realizado pela entidade ocorreu por causa dos&#8230;<\/p>\n","protected":false},"author":2,"featured_media":32267,"comment_status":"open","ping_status":"open","sticky":false,"template":"","format":"standard","meta":{"footnotes":""},"categories":[25],"tags":[],"class_list":["post-32266","post","type-post","status-publish","format-standard","has-post-thumbnail","hentry","category-economia"],"yoast_head":"<!-- This site is optimized with the Yoast SEO plugin v27.3 - https:\/\/yoast.com\/product\/yoast-seo-wordpress\/ -->\n<title>CNA pede redu\u00e7\u00e3o de impostos sobre o diesel para conter alta dos custos no agro -<\/title>\n<meta name=\"robots\" content=\"index, follow, max-snippet:-1, max-image-preview:large, max-video-preview:-1\" \/>\n<link rel=\"canonical\" href=\"https:\/\/oficialnoticias.com\/?p=32266\" \/>\n<meta property=\"og:locale\" content=\"pt_BR\" \/>\n<meta property=\"og:type\" content=\"article\" \/>\n<meta property=\"og:title\" content=\"CNA pede redu\u00e7\u00e3o de impostos sobre o diesel para conter alta dos custos no agro -\" \/>\n<meta property=\"og:description\" content=\"A Confedera\u00e7\u00e3o da Agricultura e Pecu\u00e1ria do Brasil (CNA) pediu ao Minist\u00e9rio da Fazenda e ao Conselho Nacional de Pol\u00edtica Fazend\u00e1ria (Confaz), nessa ter\u00e7a-feira (10), a redu\u00e7\u00e3o imediata das al\u00edquotas de tributos federais e estaduais incidentes sobre a importa\u00e7\u00e3o, produ\u00e7\u00e3o, distribui\u00e7\u00e3o e comercializa\u00e7\u00e3o do \u00f3leo diesel. O pedido realizado pela entidade ocorreu por causa dos...\" \/>\n<meta property=\"og:url\" content=\"https:\/\/oficialnoticias.com\/?p=32266\" \/>\n<meta property=\"article:published_time\" content=\"2026-03-11T22:17:07+00:00\" \/>\n<meta property=\"article:modified_time\" content=\"2026-03-11T22:17:08+00:00\" \/>\n<meta property=\"og:image\" content=\"https:\/\/oficialnoticias.com\/wp-content\/uploads\/2026\/03\/urlhttps3A2F2Fk2-prod-radio-itatiaia.s3.us-east-1.amazonaws.com2Fbrightspot2Fa02Fff2F339e77.webp\" \/>\n\t<meta property=\"og:image:width\" content=\"1200\" \/>\n\t<meta property=\"og:image:height\" content=\"630\" \/>\n\t<meta property=\"og:image:type\" content=\"image\/webp\" \/>\n<meta name=\"author\" content=\"Luana Gon\u00e7alves\" \/>\n<meta name=\"twitter:card\" content=\"summary_large_image\" \/>\n<meta name=\"twitter:label1\" content=\"Escrito por\" \/>\n\t<meta name=\"twitter:data1\" content=\"Luana Gon\u00e7alves\" \/>\n\t<meta name=\"twitter:label2\" content=\"Est. tempo de leitura\" \/>\n\t<meta name=\"twitter:data2\" content=\"2 minutos\" \/>\n<script type=\"application\/ld+json\" class=\"yoast-schema-graph\">{\"@context\":\"https:\\\/\\\/schema.org\",\"@graph\":[{\"@type\":\"Article\",\"@id\":\"https:\\\/\\\/oficialnoticias.com\\\/?p=32266#article\",\"isPartOf\":{\"@id\":\"https:\\\/\\\/oficialnoticias.com\\\/?p=32266\"},\"author\":{\"name\":\"Luana Gon\u00e7alves\",\"@id\":\"https:\\\/\\\/oficialnoticias.com\\\/#\\\/schema\\\/person\\\/2d1dcbb6bfbc28d68171b4dc04723d4a\"},\"headline\":\"CNA pede redu\u00e7\u00e3o de impostos sobre o diesel para conter alta dos custos no agro\",\"datePublished\":\"2026-03-11T22:17:07+00:00\",\"dateModified\":\"2026-03-11T22:17:08+00:00\",\"mainEntityOfPage\":{\"@id\":\"https:\\\/\\\/oficialnoticias.com\\\/?p=32266\"},\"wordCount\":416,\"commentCount\":0,\"publisher\":{\"@id\":\"https:\\\/\\\/oficialnoticias.com\\\/#organization\"},\"image\":{\"@id\":\"https:\\\/\\\/oficialnoticias.com\\\/?p=32266#primaryimage\"},\"thumbnailUrl\":\"https:\\\/\\\/oficialnoticias.com\\\/wp-content\\\/uploads\\\/2026\\\/03\\\/urlhttps3A2F2Fk2-prod-radio-itatiaia.s3.us-east-1.amazonaws.com2Fbrightspot2Fa02Fff2F339e77.webp\",\"articleSection\":[\"Economia\"],\"inLanguage\":\"pt-BR\",\"potentialAction\":[{\"@type\":\"CommentAction\",\"name\":\"Comment\",\"target\":[\"https:\\\/\\\/oficialnoticias.com\\\/?p=32266#respond\"]}]},{\"@type\":\"WebPage\",\"@id\":\"https:\\\/\\\/oficialnoticias.com\\\/?p=32266\",\"url\":\"https:\\\/\\\/oficialnoticias.com\\\/?p=32266\",\"name\":\"CNA pede redu\u00e7\u00e3o de impostos sobre o diesel para conter alta dos custos no agro -\",\"isPartOf\":{\"@id\":\"https:\\\/\\\/oficialnoticias.com\\\/#website\"},\"primaryImageOfPage\":{\"@id\":\"https:\\\/\\\/oficialnoticias.com\\\/?p=32266#primaryimage\"},\"image\":{\"@id\":\"https:\\\/\\\/oficialnoticias.com\\\/?p=32266#primaryimage\"},\"thumbnailUrl\":\"https:\\\/\\\/oficialnoticias.com\\\/wp-content\\\/uploads\\\/2026\\\/03\\\/urlhttps3A2F2Fk2-prod-radio-itatiaia.s3.us-east-1.amazonaws.com2Fbrightspot2Fa02Fff2F339e77.webp\",\"datePublished\":\"2026-03-11T22:17:07+00:00\",\"dateModified\":\"2026-03-11T22:17:08+00:00\",\"breadcrumb\":{\"@id\":\"https:\\\/\\\/oficialnoticias.com\\\/?p=32266#breadcrumb\"},\"inLanguage\":\"pt-BR\",\"potentialAction\":[{\"@type\":\"ReadAction\",\"target\":[\"https:\\\/\\\/oficialnoticias.com\\\/?p=32266\"]}]},{\"@type\":\"ImageObject\",\"inLanguage\":\"pt-BR\",\"@id\":\"https:\\\/\\\/oficialnoticias.com\\\/?p=32266#primaryimage\",\"url\":\"https:\\\/\\\/oficialnoticias.com\\\/wp-content\\\/uploads\\\/2026\\\/03\\\/urlhttps3A2F2Fk2-prod-radio-itatiaia.s3.us-east-1.amazonaws.com2Fbrightspot2Fa02Fff2F339e77.webp\",\"contentUrl\":\"https:\\\/\\\/oficialnoticias.com\\\/wp-content\\\/uploads\\\/2026\\\/03\\\/urlhttps3A2F2Fk2-prod-radio-itatiaia.s3.us-east-1.amazonaws.com2Fbrightspot2Fa02Fff2F339e77.webp\",\"width\":1200,\"height\":630},{\"@type\":\"BreadcrumbList\",\"@id\":\"https:\\\/\\\/oficialnoticias.com\\\/?p=32266#breadcrumb\",\"itemListElement\":[{\"@type\":\"ListItem\",\"position\":1,\"name\":\"In\u00edcio\",\"item\":\"https:\\\/\\\/oficialnoticias.com\\\/\"},{\"@type\":\"ListItem\",\"position\":2,\"name\":\"CNA pede redu\u00e7\u00e3o de impostos sobre o diesel para conter alta dos custos no agro\"}]},{\"@type\":\"WebSite\",\"@id\":\"https:\\\/\\\/oficialnoticias.com\\\/#website\",\"url\":\"https:\\\/\\\/oficialnoticias.com\\\/\",\"name\":\"oficial Noticias\",\"description\":\"\",\"publisher\":{\"@id\":\"https:\\\/\\\/oficialnoticias.com\\\/#organization\"},\"potentialAction\":[{\"@type\":\"SearchAction\",\"target\":{\"@type\":\"EntryPoint\",\"urlTemplate\":\"https:\\\/\\\/oficialnoticias.com\\\/?s={search_term_string}\"},\"query-input\":{\"@type\":\"PropertyValueSpecification\",\"valueRequired\":true,\"valueName\":\"search_term_string\"}}],\"inLanguage\":\"pt-BR\"},{\"@type\":\"Organization\",\"@id\":\"https:\\\/\\\/oficialnoticias.com\\\/#organization\",\"name\":\"oficial noticias\",\"url\":\"https:\\\/\\\/oficialnoticias.com\\\/\",\"logo\":{\"@type\":\"ImageObject\",\"inLanguage\":\"pt-BR\",\"@id\":\"https:\\\/\\\/oficialnoticias.com\\\/#\\\/schema\\\/logo\\\/image\\\/\",\"url\":\"https:\\\/\\\/oficialnoticias.com\\\/wp-content\\\/uploads\\\/2025\\\/08\\\/cropped-cropped-cropped-Logo-Noticias-e1753639739829.png\",\"contentUrl\":\"https:\\\/\\\/oficialnoticias.com\\\/wp-content\\\/uploads\\\/2025\\\/08\\\/cropped-cropped-cropped-Logo-Noticias-e1753639739829.png\",\"width\":119,\"height\":86,\"caption\":\"oficial noticias\"},\"image\":{\"@id\":\"https:\\\/\\\/oficialnoticias.com\\\/#\\\/schema\\\/logo\\\/image\\\/\"}},{\"@type\":\"Person\",\"@id\":\"https:\\\/\\\/oficialnoticias.com\\\/#\\\/schema\\\/person\\\/2d1dcbb6bfbc28d68171b4dc04723d4a\",\"name\":\"Luana Gon\u00e7alves\",\"image\":{\"@type\":\"ImageObject\",\"inLanguage\":\"pt-BR\",\"@id\":\"https:\\\/\\\/secure.gravatar.com\\\/avatar\\\/7aa6afdef873224c1a0265951f3fdfc0679f65dfbd15f018612595d323c52521?s=96&d=mm&r=g\",\"url\":\"https:\\\/\\\/secure.gravatar.com\\\/avatar\\\/7aa6afdef873224c1a0265951f3fdfc0679f65dfbd15f018612595d323c52521?s=96&d=mm&r=g\",\"contentUrl\":\"https:\\\/\\\/secure.gravatar.com\\\/avatar\\\/7aa6afdef873224c1a0265951f3fdfc0679f65dfbd15f018612595d323c52521?s=96&d=mm&r=g\",\"caption\":\"Luana Gon\u00e7alves\"},\"sameAs\":[\"https:\\\/\\\/oficialnoticias.com\\\/\"],\"url\":\"https:\\\/\\\/oficialnoticias.com\\\/?author=2\"}]}<\/script>\n<!-- \/ Yoast SEO plugin. -->","yoast_head_json":{"title":"CNA pede redu\u00e7\u00e3o de impostos sobre o diesel para conter alta dos custos no agro -","robots":{"index":"index","follow":"follow","max-snippet":"max-snippet:-1","max-image-preview":"max-image-preview:large","max-video-preview":"max-video-preview:-1"},"canonical":"https:\/\/oficialnoticias.com\/?p=32266","og_locale":"pt_BR","og_type":"article","og_title":"CNA pede redu\u00e7\u00e3o de impostos sobre o diesel para conter alta dos custos no agro -","og_description":"A Confedera\u00e7\u00e3o da Agricultura e Pecu\u00e1ria do Brasil (CNA) pediu ao Minist\u00e9rio da Fazenda e ao Conselho Nacional de Pol\u00edtica Fazend\u00e1ria (Confaz), nessa ter\u00e7a-feira (10), a redu\u00e7\u00e3o imediata das al\u00edquotas de tributos federais e estaduais incidentes sobre a importa\u00e7\u00e3o, produ\u00e7\u00e3o, distribui\u00e7\u00e3o e comercializa\u00e7\u00e3o do \u00f3leo diesel. O pedido realizado pela entidade ocorreu por causa dos...","og_url":"https:\/\/oficialnoticias.com\/?p=32266","article_published_time":"2026-03-11T22:17:07+00:00","article_modified_time":"2026-03-11T22:17:08+00:00","og_image":[{"width":1200,"height":630,"url":"https:\/\/oficialnoticias.com\/wp-content\/uploads\/2026\/03\/urlhttps3A2F2Fk2-prod-radio-itatiaia.s3.us-east-1.amazonaws.com2Fbrightspot2Fa02Fff2F339e77.webp","type":"image\/webp"}],"author":"Luana Gon\u00e7alves","twitter_card":"summary_large_image","twitter_misc":{"Escrito por":"Luana Gon\u00e7alves","Est. tempo de leitura":"2 minutos"},"schema":{"@context":"https:\/\/schema.org","@graph":[{"@type":"Article","@id":"https:\/\/oficialnoticias.com\/?p=32266#article","isPartOf":{"@id":"https:\/\/oficialnoticias.com\/?p=32266"},"author":{"name":"Luana Gon\u00e7alves","@id":"https:\/\/oficialnoticias.com\/#\/schema\/person\/2d1dcbb6bfbc28d68171b4dc04723d4a"},"headline":"CNA pede redu\u00e7\u00e3o de impostos sobre o diesel para conter alta dos custos no agro","datePublished":"2026-03-11T22:17:07+00:00","dateModified":"2026-03-11T22:17:08+00:00","mainEntityOfPage":{"@id":"https:\/\/oficialnoticias.com\/?p=32266"},"wordCount":416,"commentCount":0,"publisher":{"@id":"https:\/\/oficialnoticias.com\/#organization"},"image":{"@id":"https:\/\/oficialnoticias.com\/?p=32266#primaryimage"},"thumbnailUrl":"https:\/\/oficialnoticias.com\/wp-content\/uploads\/2026\/03\/urlhttps3A2F2Fk2-prod-radio-itatiaia.s3.us-east-1.amazonaws.com2Fbrightspot2Fa02Fff2F339e77.webp","articleSection":["Economia"],"inLanguage":"pt-BR","potentialAction":[{"@type":"CommentAction","name":"Comment","target":["https:\/\/oficialnoticias.com\/?p=32266#respond"]}]},{"@type":"WebPage","@id":"https:\/\/oficialnoticias.com\/?p=32266","url":"https:\/\/oficialnoticias.com\/?p=32266","name":"CNA pede redu\u00e7\u00e3o de impostos sobre o diesel para conter alta dos custos no agro -","isPartOf":{"@id":"https:\/\/oficialnoticias.com\/#website"},"primaryImageOfPage":{"@id":"https:\/\/oficialnoticias.com\/?p=32266#primaryimage"},"image":{"@id":"https:\/\/oficialnoticias.com\/?p=32266#primaryimage"},"thumbnailUrl":"https:\/\/oficialnoticias.com\/wp-content\/uploads\/2026\/03\/urlhttps3A2F2Fk2-prod-radio-itatiaia.s3.us-east-1.amazonaws.com2Fbrightspot2Fa02Fff2F339e77.webp","datePublished":"2026-03-11T22:17:07+00:00","dateModified":"2026-03-11T22:17:08+00:00","breadcrumb":{"@id":"https:\/\/oficialnoticias.com\/?p=32266#breadcrumb"},"inLanguage":"pt-BR","potentialAction":[{"@type":"ReadAction","target":["https:\/\/oficialnoticias.com\/?p=32266"]}]},{"@type":"ImageObject","inLanguage":"pt-BR","@id":"https:\/\/oficialnoticias.com\/?p=32266#primaryimage","url":"https:\/\/oficialnoticias.com\/wp-content\/uploads\/2026\/03\/urlhttps3A2F2Fk2-prod-radio-itatiaia.s3.us-east-1.amazonaws.com2Fbrightspot2Fa02Fff2F339e77.webp","contentUrl":"https:\/\/oficialnoticias.com\/wp-content\/uploads\/2026\/03\/urlhttps3A2F2Fk2-prod-radio-itatiaia.s3.us-east-1.amazonaws.com2Fbrightspot2Fa02Fff2F339e77.webp","width":1200,"height":630},{"@type":"BreadcrumbList","@id":"https:\/\/oficialnoticias.com\/?p=32266#breadcrumb","itemListElement":[{"@type":"ListItem","position":1,"name":"In\u00edcio","item":"https:\/\/oficialnoticias.com\/"},{"@type":"ListItem","position":2,"name":"CNA pede redu\u00e7\u00e3o de impostos sobre o diesel para conter alta dos custos no agro"}]},{"@type":"WebSite","@id":"https:\/\/oficialnoticias.com\/#website","url":"https:\/\/oficialnoticias.com\/","name":"oficial Noticias","description":"","publisher":{"@id":"https:\/\/oficialnoticias.com\/#organization"},"potentialAction":[{"@type":"SearchAction","target":{"@type":"EntryPoint","urlTemplate":"https:\/\/oficialnoticias.com\/?s={search_term_string}"},"query-input":{"@type":"PropertyValueSpecification","valueRequired":true,"valueName":"search_term_string"}}],"inLanguage":"pt-BR"},{"@type":"Organization","@id":"https:\/\/oficialnoticias.com\/#organization","name":"oficial noticias","url":"https:\/\/oficialnoticias.com\/","logo":{"@type":"ImageObject","inLanguage":"pt-BR","@id":"https:\/\/oficialnoticias.com\/#\/schema\/logo\/image\/","url":"https:\/\/oficialnoticias.com\/wp-content\/uploads\/2025\/08\/cropped-cropped-cropped-Logo-Noticias-e1753639739829.png","contentUrl":"https:\/\/oficialnoticias.com\/wp-content\/uploads\/2025\/08\/cropped-cropped-cropped-Logo-Noticias-e1753639739829.png","width":119,"height":86,"caption":"oficial noticias"},"image":{"@id":"https:\/\/oficialnoticias.com\/#\/schema\/logo\/image\/"}},{"@type":"Person","@id":"https:\/\/oficialnoticias.com\/#\/schema\/person\/2d1dcbb6bfbc28d68171b4dc04723d4a","name":"Luana Gon\u00e7alves","image":{"@type":"ImageObject","inLanguage":"pt-BR","@id":"https:\/\/secure.gravatar.com\/avatar\/7aa6afdef873224c1a0265951f3fdfc0679f65dfbd15f018612595d323c52521?s=96&d=mm&r=g","url":"https:\/\/secure.gravatar.com\/avatar\/7aa6afdef873224c1a0265951f3fdfc0679f65dfbd15f018612595d323c52521?s=96&d=mm&r=g","contentUrl":"https:\/\/secure.gravatar.com\/avatar\/7aa6afdef873224c1a0265951f3fdfc0679f65dfbd15f018612595d323c52521?s=96&d=mm&r=g","caption":"Luana Gon\u00e7alves"},"sameAs":["https:\/\/oficialnoticias.com\/"],"url":"https:\/\/oficialnoticias.com\/?author=2"}]}},"_links":{"self":[{"href":"https:\/\/oficialnoticias.com\/index.php?rest_route=\/wp\/v2\/posts\/32266","targetHints":{"allow":["GET"]}}],"collection":[{"href":"https:\/\/oficialnoticias.com\/index.php?rest_route=\/wp\/v2\/posts"}],"about":[{"href":"https:\/\/oficialnoticias.com\/index.php?rest_route=\/wp\/v2\/types\/post"}],"author":[{"embeddable":true,"href":"https:\/\/oficialnoticias.com\/index.php?rest_route=\/wp\/v2\/users\/2"}],"replies":[{"embeddable":true,"href":"https:\/\/oficialnoticias.com\/index.php?rest_route=%2Fwp%2Fv2%2Fcomments&post=32266"}],"version-history":[{"count":1,"href":"https:\/\/oficialnoticias.com\/index.php?rest_route=\/wp\/v2\/posts\/32266\/revisions"}],"predecessor-version":[{"id":32268,"href":"https:\/\/oficialnoticias.com\/index.php?rest_route=\/wp\/v2\/posts\/32266\/revisions\/32268"}],"wp:featuredmedia":[{"embeddable":true,"href":"https:\/\/oficialnoticias.com\/index.php?rest_route=\/wp\/v2\/media\/32267"}],"wp:attachment":[{"href":"https:\/\/oficialnoticias.com\/index.php?rest_route=%2Fwp%2Fv2%2Fmedia&parent=32266"}],"wp:term":[{"taxonomy":"category","embeddable":true,"href":"https:\/\/oficialnoticias.com\/index.php?rest_route=%2Fwp%2Fv2%2Fcategories&post=32266"},{"taxonomy":"post_tag","embeddable":true,"href":"https:\/\/oficialnoticias.com\/index.php?rest_route=%2Fwp%2Fv2%2Ftags&post=32266"}],"curies":[{"name":"wp","href":"https:\/\/api.w.org\/{rel}","templated":true}]}}