{"id":32251,"date":"2026-03-11T14:36:01","date_gmt":"2026-03-11T17:36:01","guid":{"rendered":"https:\/\/oficialnoticias.com\/?p=32251"},"modified":"2026-03-11T14:36:02","modified_gmt":"2026-03-11T17:36:02","slug":"com-expectativa-de-reducao-do-preco-patente-do-ozempic-deve-cair-em-10-dias","status":"publish","type":"post","link":"https:\/\/oficialnoticias.com\/?p=32251","title":{"rendered":"Com expectativa de redu\u00e7\u00e3o do pre\u00e7o, patente do Ozempic deve cair em 10 dias"},"content":{"rendered":"<p><\/p>\n<div>\n<p>A patente da <b>semaglutida<\/b>, princ\u00edpio ativo do <bsp-link-enhancement><br \/>\n    <span class=\"LinkEnhancement\"><a class=\"Link\" href=\"https:\/\/www.itatiaia.com.br\/brasil\/2025\/01\/15\/ozempic-no-sus-governo-vai-analisar-inclusao-de-medicamento-no-sistema\" title=\"&lt;b&gt;Ozempic&lt;\/b&gt;\"><b>Ozempic<\/b><\/a><\/span><\/bsp-link-enhancement> e <bsp-link-enhancement><br \/>\n    <span class=\"LinkEnhancement\"><a class=\"Link\" href=\"https:\/\/www.itatiaia.com.br\/saude\/novo-nordisk-anuncia-programa-para-tratamento-de-obesidade-com-wegovy-pelo-sus\" title=\"&lt;b&gt;Wegovy&lt;\/b&gt;\"><b>Wegovy<\/b><\/a><\/span><\/bsp-link-enhancement>, perde prote\u00e7\u00e3o no Brasil em 20 deste m\u00eas. Com a queda, a <bsp-link-enhancement><br \/>\n    <span class=\"LinkEnhancement\"><a class=\"Link\" href=\"https:\/\/www.itatiaia.com.br\/colunas\/diario-do-comercio\/2024\/09\/03\/farmaceutica-novo-nordisk-vai-expandir-fabrica-em-montes-claros\" title=\"&lt;b&gt;Novo Nordisk&lt;\/b&gt;\"><b>Novo Nordisk<\/b><\/a><\/span><\/bsp-link-enhancement>, farmac\u00eautica respons\u00e1vel pelo medicamento, perde o prazo de exclusividade da tecnologia, permitindo a cria\u00e7\u00e3o de rem\u00e9dios gen\u00e9ricos.<\/p>\n<p>O Ozempic e o Wegovy foram desenvolvidos inicialmente para o tratamento da <bsp-link-enhancement><br \/>\n    <span class=\"LinkEnhancement\"><a class=\"Link\" href=\"https:\/\/www.itatiaia.com.br\/saude\/2024\/06\/26\/diabetes-conheca-principais-sintomas-e-como-tratar-a-doenca\" title=\"&lt;b&gt;diabetes&lt;\/b&gt;\"><b>diabetes<\/b><\/a><\/span><\/bsp-link-enhancement>. Depois, os medicamentos ganharam grande popularidade no combate \u00e0 <bsp-link-enhancement><br \/>\n    <span class=\"LinkEnhancement\"><a class=\"Link\" href=\"https:\/\/www.itatiaia.com.br\/saude\/bh-lidera-indice-de-obesidade-do-sudeste-medica-lista-sinais-e-aponta-riscos\" title=\"&lt;b&gt;obesidade&lt;\/b&gt;\"><b>obesidade<\/b><\/a><\/span><\/bsp-link-enhancement>. Uma caixa mensal pode custar entre R$ 825 e R$ 1.699, dependendo da dose e da indica\u00e7\u00e3o.<\/p>\n<p><bsp-list-loadmore class=\"PageListStandardG\" data-module=\"\" data-show-loadmore=\"true\" data-list-title-size=\"3\" data-list-description-size=\"3\"><\/p>\n<p>    <a class=\"AnchorLink\" title=\"leia-tambem\" name=\"leia-tambem\"\/><\/p>\n<p><\/bsp-list-loadmore><\/p>\n<p>As farmac\u00eauticas j\u00e1 se preparam para lan\u00e7ar seus medicamentos com a semaglutida. A EMS, que j\u00e1 tem dois medicamentos \u00e0 base de liraglutida, planeja lan\u00e7ar sua pr\u00f3pria vers\u00e3o da mol\u00e9cula. <\/p>\n<p>Empresas brasileiras como Hypera Pharma, Cimed, Biomm e Prati-Donaduzzi tamb\u00e9m anunciaram que lan\u00e7ar\u00e3o produtos com semaglutida ap\u00f3s a abertura regulat\u00f3ria. A Eurofarma, que trabalha em parceria com a Novo Nordisk, planeja ampliar a distribui\u00e7\u00e3o de alguns produtos no pa\u00eds.<\/p>\n<p>Segundo relat\u00f3rio do Ita\u00fa BBA, com a chegada dos gen\u00e9ricos com semaglutida, o pre\u00e7o do medicamento deve cair at\u00e9 30% no primeiro ano de vendas. O \u00edndice sobe para 50% em cinco anos. <\/p>\n<\/p><\/div>\n<p><script>\n  window.fbAsyncInit = function() {\n      FB.init({\n              appId : '1447052969554341',\n          xfbml : true,\n          version : 'v2.9'\n      });\n  };\n  (function(d, s, id){\n     var js, fjs = d.getElementsByTagName(s)[0];\n     if (d.getElementById(id)) {return;}\n     js = d.createElement(s); js.id = id;\n     js.src = \"https:\/\/connect.facebook.net\/en_US\/sdk.js\";\n     fjs.parentNode.insertBefore(js, fjs);\n   }(document, 'script', 'facebook-jssdk'));\n<\/script><\/p>\n","protected":false},"excerpt":{"rendered":"<p>A patente da semaglutida, princ\u00edpio ativo do Ozempic e Wegovy, perde prote\u00e7\u00e3o no Brasil em 20 deste m\u00eas. Com a queda, a Novo Nordisk, farmac\u00eautica respons\u00e1vel pelo medicamento, perde o prazo de exclusividade da tecnologia, permitindo a cria\u00e7\u00e3o de rem\u00e9dios gen\u00e9ricos. O Ozempic e o Wegovy foram desenvolvidos inicialmente para o tratamento da diabetes. Depois,&#8230;<\/p>\n","protected":false},"author":2,"featured_media":32252,"comment_status":"open","ping_status":"open","sticky":false,"template":"","format":"standard","meta":{"footnotes":""},"categories":[1],"tags":[],"class_list":["post-32251","post","type-post","status-publish","format-standard","has-post-thumbnail","hentry","category-sem-categoria"],"yoast_head":"<!-- This site is optimized with the Yoast SEO plugin v27.3 - https:\/\/yoast.com\/product\/yoast-seo-wordpress\/ -->\n<title>Com expectativa de redu\u00e7\u00e3o do pre\u00e7o, patente do Ozempic deve cair em 10 dias -<\/title>\n<meta name=\"robots\" content=\"index, follow, max-snippet:-1, max-image-preview:large, max-video-preview:-1\" \/>\n<link rel=\"canonical\" href=\"https:\/\/oficialnoticias.com\/?p=32251\" \/>\n<meta property=\"og:locale\" content=\"pt_BR\" \/>\n<meta property=\"og:type\" content=\"article\" \/>\n<meta property=\"og:title\" content=\"Com expectativa de redu\u00e7\u00e3o do pre\u00e7o, patente do Ozempic deve cair em 10 dias -\" \/>\n<meta property=\"og:description\" content=\"A patente da semaglutida, princ\u00edpio ativo do Ozempic e Wegovy, perde prote\u00e7\u00e3o no Brasil em 20 deste m\u00eas. Com a queda, a Novo Nordisk, farmac\u00eautica respons\u00e1vel pelo medicamento, perde o prazo de exclusividade da tecnologia, permitindo a cria\u00e7\u00e3o de rem\u00e9dios gen\u00e9ricos. O Ozempic e o Wegovy foram desenvolvidos inicialmente para o tratamento da diabetes. Depois,...\" \/>\n<meta property=\"og:url\" content=\"https:\/\/oficialnoticias.com\/?p=32251\" \/>\n<meta property=\"article:published_time\" content=\"2026-03-11T17:36:01+00:00\" \/>\n<meta property=\"article:modified_time\" content=\"2026-03-11T17:36:02+00:00\" \/>\n<meta property=\"og:image\" content=\"https:\/\/oficialnoticias.com\/wp-content\/uploads\/2026\/03\/urlhttps3A2F2Fk2-prod-radio-itatiaia.s3.us-east-1.amazonaws.com2Fbrightspot2F912Fc82Fc0735f.webp\" \/>\n\t<meta property=\"og:image:width\" content=\"1200\" \/>\n\t<meta property=\"og:image:height\" content=\"630\" \/>\n\t<meta property=\"og:image:type\" content=\"image\/webp\" \/>\n<meta name=\"author\" content=\"Luana Gon\u00e7alves\" \/>\n<meta name=\"twitter:card\" content=\"summary_large_image\" \/>\n<meta name=\"twitter:label1\" content=\"Escrito por\" \/>\n\t<meta name=\"twitter:data1\" content=\"Luana Gon\u00e7alves\" \/>\n\t<meta name=\"twitter:label2\" content=\"Est. tempo de leitura\" \/>\n\t<meta name=\"twitter:data2\" content=\"1 minuto\" \/>\n<script type=\"application\/ld+json\" class=\"yoast-schema-graph\">{\"@context\":\"https:\\\/\\\/schema.org\",\"@graph\":[{\"@type\":\"Article\",\"@id\":\"https:\\\/\\\/oficialnoticias.com\\\/?p=32251#article\",\"isPartOf\":{\"@id\":\"https:\\\/\\\/oficialnoticias.com\\\/?p=32251\"},\"author\":{\"name\":\"Luana Gon\u00e7alves\",\"@id\":\"https:\\\/\\\/oficialnoticias.com\\\/#\\\/schema\\\/person\\\/2d1dcbb6bfbc28d68171b4dc04723d4a\"},\"headline\":\"Com expectativa de redu\u00e7\u00e3o do pre\u00e7o, patente do Ozempic deve cair em 10 dias\",\"datePublished\":\"2026-03-11T17:36:01+00:00\",\"dateModified\":\"2026-03-11T17:36:02+00:00\",\"mainEntityOfPage\":{\"@id\":\"https:\\\/\\\/oficialnoticias.com\\\/?p=32251\"},\"wordCount\":216,\"commentCount\":0,\"publisher\":{\"@id\":\"https:\\\/\\\/oficialnoticias.com\\\/#organization\"},\"image\":{\"@id\":\"https:\\\/\\\/oficialnoticias.com\\\/?p=32251#primaryimage\"},\"thumbnailUrl\":\"https:\\\/\\\/oficialnoticias.com\\\/wp-content\\\/uploads\\\/2026\\\/03\\\/urlhttps3A2F2Fk2-prod-radio-itatiaia.s3.us-east-1.amazonaws.com2Fbrightspot2F912Fc82Fc0735f.webp\",\"articleSection\":[\"Sa\u00fade\"],\"inLanguage\":\"pt-BR\",\"potentialAction\":[{\"@type\":\"CommentAction\",\"name\":\"Comment\",\"target\":[\"https:\\\/\\\/oficialnoticias.com\\\/?p=32251#respond\"]}]},{\"@type\":\"WebPage\",\"@id\":\"https:\\\/\\\/oficialnoticias.com\\\/?p=32251\",\"url\":\"https:\\\/\\\/oficialnoticias.com\\\/?p=32251\",\"name\":\"Com expectativa de redu\u00e7\u00e3o do pre\u00e7o, patente do Ozempic deve cair em 10 dias -\",\"isPartOf\":{\"@id\":\"https:\\\/\\\/oficialnoticias.com\\\/#website\"},\"primaryImageOfPage\":{\"@id\":\"https:\\\/\\\/oficialnoticias.com\\\/?p=32251#primaryimage\"},\"image\":{\"@id\":\"https:\\\/\\\/oficialnoticias.com\\\/?p=32251#primaryimage\"},\"thumbnailUrl\":\"https:\\\/\\\/oficialnoticias.com\\\/wp-content\\\/uploads\\\/2026\\\/03\\\/urlhttps3A2F2Fk2-prod-radio-itatiaia.s3.us-east-1.amazonaws.com2Fbrightspot2F912Fc82Fc0735f.webp\",\"datePublished\":\"2026-03-11T17:36:01+00:00\",\"dateModified\":\"2026-03-11T17:36:02+00:00\",\"breadcrumb\":{\"@id\":\"https:\\\/\\\/oficialnoticias.com\\\/?p=32251#breadcrumb\"},\"inLanguage\":\"pt-BR\",\"potentialAction\":[{\"@type\":\"ReadAction\",\"target\":[\"https:\\\/\\\/oficialnoticias.com\\\/?p=32251\"]}]},{\"@type\":\"ImageObject\",\"inLanguage\":\"pt-BR\",\"@id\":\"https:\\\/\\\/oficialnoticias.com\\\/?p=32251#primaryimage\",\"url\":\"https:\\\/\\\/oficialnoticias.com\\\/wp-content\\\/uploads\\\/2026\\\/03\\\/urlhttps3A2F2Fk2-prod-radio-itatiaia.s3.us-east-1.amazonaws.com2Fbrightspot2F912Fc82Fc0735f.webp\",\"contentUrl\":\"https:\\\/\\\/oficialnoticias.com\\\/wp-content\\\/uploads\\\/2026\\\/03\\\/urlhttps3A2F2Fk2-prod-radio-itatiaia.s3.us-east-1.amazonaws.com2Fbrightspot2F912Fc82Fc0735f.webp\",\"width\":1200,\"height\":630},{\"@type\":\"BreadcrumbList\",\"@id\":\"https:\\\/\\\/oficialnoticias.com\\\/?p=32251#breadcrumb\",\"itemListElement\":[{\"@type\":\"ListItem\",\"position\":1,\"name\":\"In\u00edcio\",\"item\":\"https:\\\/\\\/oficialnoticias.com\\\/\"},{\"@type\":\"ListItem\",\"position\":2,\"name\":\"Com expectativa de redu\u00e7\u00e3o do pre\u00e7o, patente do Ozempic deve cair em 10 dias\"}]},{\"@type\":\"WebSite\",\"@id\":\"https:\\\/\\\/oficialnoticias.com\\\/#website\",\"url\":\"https:\\\/\\\/oficialnoticias.com\\\/\",\"name\":\"oficial Noticias\",\"description\":\"\",\"publisher\":{\"@id\":\"https:\\\/\\\/oficialnoticias.com\\\/#organization\"},\"potentialAction\":[{\"@type\":\"SearchAction\",\"target\":{\"@type\":\"EntryPoint\",\"urlTemplate\":\"https:\\\/\\\/oficialnoticias.com\\\/?s={search_term_string}\"},\"query-input\":{\"@type\":\"PropertyValueSpecification\",\"valueRequired\":true,\"valueName\":\"search_term_string\"}}],\"inLanguage\":\"pt-BR\"},{\"@type\":\"Organization\",\"@id\":\"https:\\\/\\\/oficialnoticias.com\\\/#organization\",\"name\":\"oficial noticias\",\"url\":\"https:\\\/\\\/oficialnoticias.com\\\/\",\"logo\":{\"@type\":\"ImageObject\",\"inLanguage\":\"pt-BR\",\"@id\":\"https:\\\/\\\/oficialnoticias.com\\\/#\\\/schema\\\/logo\\\/image\\\/\",\"url\":\"https:\\\/\\\/oficialnoticias.com\\\/wp-content\\\/uploads\\\/2025\\\/08\\\/cropped-cropped-cropped-Logo-Noticias-e1753639739829.png\",\"contentUrl\":\"https:\\\/\\\/oficialnoticias.com\\\/wp-content\\\/uploads\\\/2025\\\/08\\\/cropped-cropped-cropped-Logo-Noticias-e1753639739829.png\",\"width\":119,\"height\":86,\"caption\":\"oficial noticias\"},\"image\":{\"@id\":\"https:\\\/\\\/oficialnoticias.com\\\/#\\\/schema\\\/logo\\\/image\\\/\"}},{\"@type\":\"Person\",\"@id\":\"https:\\\/\\\/oficialnoticias.com\\\/#\\\/schema\\\/person\\\/2d1dcbb6bfbc28d68171b4dc04723d4a\",\"name\":\"Luana Gon\u00e7alves\",\"image\":{\"@type\":\"ImageObject\",\"inLanguage\":\"pt-BR\",\"@id\":\"https:\\\/\\\/secure.gravatar.com\\\/avatar\\\/7aa6afdef873224c1a0265951f3fdfc0679f65dfbd15f018612595d323c52521?s=96&d=mm&r=g\",\"url\":\"https:\\\/\\\/secure.gravatar.com\\\/avatar\\\/7aa6afdef873224c1a0265951f3fdfc0679f65dfbd15f018612595d323c52521?s=96&d=mm&r=g\",\"contentUrl\":\"https:\\\/\\\/secure.gravatar.com\\\/avatar\\\/7aa6afdef873224c1a0265951f3fdfc0679f65dfbd15f018612595d323c52521?s=96&d=mm&r=g\",\"caption\":\"Luana Gon\u00e7alves\"},\"sameAs\":[\"https:\\\/\\\/oficialnoticias.com\\\/\"],\"url\":\"https:\\\/\\\/oficialnoticias.com\\\/?author=2\"}]}<\/script>\n<!-- \/ Yoast SEO plugin. -->","yoast_head_json":{"title":"Com expectativa de redu\u00e7\u00e3o do pre\u00e7o, patente do Ozempic deve cair em 10 dias -","robots":{"index":"index","follow":"follow","max-snippet":"max-snippet:-1","max-image-preview":"max-image-preview:large","max-video-preview":"max-video-preview:-1"},"canonical":"https:\/\/oficialnoticias.com\/?p=32251","og_locale":"pt_BR","og_type":"article","og_title":"Com expectativa de redu\u00e7\u00e3o do pre\u00e7o, patente do Ozempic deve cair em 10 dias -","og_description":"A patente da semaglutida, princ\u00edpio ativo do Ozempic e Wegovy, perde prote\u00e7\u00e3o no Brasil em 20 deste m\u00eas. Com a queda, a Novo Nordisk, farmac\u00eautica respons\u00e1vel pelo medicamento, perde o prazo de exclusividade da tecnologia, permitindo a cria\u00e7\u00e3o de rem\u00e9dios gen\u00e9ricos. O Ozempic e o Wegovy foram desenvolvidos inicialmente para o tratamento da diabetes. Depois,...","og_url":"https:\/\/oficialnoticias.com\/?p=32251","article_published_time":"2026-03-11T17:36:01+00:00","article_modified_time":"2026-03-11T17:36:02+00:00","og_image":[{"width":1200,"height":630,"url":"https:\/\/oficialnoticias.com\/wp-content\/uploads\/2026\/03\/urlhttps3A2F2Fk2-prod-radio-itatiaia.s3.us-east-1.amazonaws.com2Fbrightspot2F912Fc82Fc0735f.webp","type":"image\/webp"}],"author":"Luana Gon\u00e7alves","twitter_card":"summary_large_image","twitter_misc":{"Escrito por":"Luana Gon\u00e7alves","Est. tempo de leitura":"1 minuto"},"schema":{"@context":"https:\/\/schema.org","@graph":[{"@type":"Article","@id":"https:\/\/oficialnoticias.com\/?p=32251#article","isPartOf":{"@id":"https:\/\/oficialnoticias.com\/?p=32251"},"author":{"name":"Luana Gon\u00e7alves","@id":"https:\/\/oficialnoticias.com\/#\/schema\/person\/2d1dcbb6bfbc28d68171b4dc04723d4a"},"headline":"Com expectativa de redu\u00e7\u00e3o do pre\u00e7o, patente do Ozempic deve cair em 10 dias","datePublished":"2026-03-11T17:36:01+00:00","dateModified":"2026-03-11T17:36:02+00:00","mainEntityOfPage":{"@id":"https:\/\/oficialnoticias.com\/?p=32251"},"wordCount":216,"commentCount":0,"publisher":{"@id":"https:\/\/oficialnoticias.com\/#organization"},"image":{"@id":"https:\/\/oficialnoticias.com\/?p=32251#primaryimage"},"thumbnailUrl":"https:\/\/oficialnoticias.com\/wp-content\/uploads\/2026\/03\/urlhttps3A2F2Fk2-prod-radio-itatiaia.s3.us-east-1.amazonaws.com2Fbrightspot2F912Fc82Fc0735f.webp","articleSection":["Sa\u00fade"],"inLanguage":"pt-BR","potentialAction":[{"@type":"CommentAction","name":"Comment","target":["https:\/\/oficialnoticias.com\/?p=32251#respond"]}]},{"@type":"WebPage","@id":"https:\/\/oficialnoticias.com\/?p=32251","url":"https:\/\/oficialnoticias.com\/?p=32251","name":"Com expectativa de redu\u00e7\u00e3o do pre\u00e7o, patente do Ozempic deve cair em 10 dias -","isPartOf":{"@id":"https:\/\/oficialnoticias.com\/#website"},"primaryImageOfPage":{"@id":"https:\/\/oficialnoticias.com\/?p=32251#primaryimage"},"image":{"@id":"https:\/\/oficialnoticias.com\/?p=32251#primaryimage"},"thumbnailUrl":"https:\/\/oficialnoticias.com\/wp-content\/uploads\/2026\/03\/urlhttps3A2F2Fk2-prod-radio-itatiaia.s3.us-east-1.amazonaws.com2Fbrightspot2F912Fc82Fc0735f.webp","datePublished":"2026-03-11T17:36:01+00:00","dateModified":"2026-03-11T17:36:02+00:00","breadcrumb":{"@id":"https:\/\/oficialnoticias.com\/?p=32251#breadcrumb"},"inLanguage":"pt-BR","potentialAction":[{"@type":"ReadAction","target":["https:\/\/oficialnoticias.com\/?p=32251"]}]},{"@type":"ImageObject","inLanguage":"pt-BR","@id":"https:\/\/oficialnoticias.com\/?p=32251#primaryimage","url":"https:\/\/oficialnoticias.com\/wp-content\/uploads\/2026\/03\/urlhttps3A2F2Fk2-prod-radio-itatiaia.s3.us-east-1.amazonaws.com2Fbrightspot2F912Fc82Fc0735f.webp","contentUrl":"https:\/\/oficialnoticias.com\/wp-content\/uploads\/2026\/03\/urlhttps3A2F2Fk2-prod-radio-itatiaia.s3.us-east-1.amazonaws.com2Fbrightspot2F912Fc82Fc0735f.webp","width":1200,"height":630},{"@type":"BreadcrumbList","@id":"https:\/\/oficialnoticias.com\/?p=32251#breadcrumb","itemListElement":[{"@type":"ListItem","position":1,"name":"In\u00edcio","item":"https:\/\/oficialnoticias.com\/"},{"@type":"ListItem","position":2,"name":"Com expectativa de redu\u00e7\u00e3o do pre\u00e7o, patente do Ozempic deve cair em 10 dias"}]},{"@type":"WebSite","@id":"https:\/\/oficialnoticias.com\/#website","url":"https:\/\/oficialnoticias.com\/","name":"oficial Noticias","description":"","publisher":{"@id":"https:\/\/oficialnoticias.com\/#organization"},"potentialAction":[{"@type":"SearchAction","target":{"@type":"EntryPoint","urlTemplate":"https:\/\/oficialnoticias.com\/?s={search_term_string}"},"query-input":{"@type":"PropertyValueSpecification","valueRequired":true,"valueName":"search_term_string"}}],"inLanguage":"pt-BR"},{"@type":"Organization","@id":"https:\/\/oficialnoticias.com\/#organization","name":"oficial noticias","url":"https:\/\/oficialnoticias.com\/","logo":{"@type":"ImageObject","inLanguage":"pt-BR","@id":"https:\/\/oficialnoticias.com\/#\/schema\/logo\/image\/","url":"https:\/\/oficialnoticias.com\/wp-content\/uploads\/2025\/08\/cropped-cropped-cropped-Logo-Noticias-e1753639739829.png","contentUrl":"https:\/\/oficialnoticias.com\/wp-content\/uploads\/2025\/08\/cropped-cropped-cropped-Logo-Noticias-e1753639739829.png","width":119,"height":86,"caption":"oficial noticias"},"image":{"@id":"https:\/\/oficialnoticias.com\/#\/schema\/logo\/image\/"}},{"@type":"Person","@id":"https:\/\/oficialnoticias.com\/#\/schema\/person\/2d1dcbb6bfbc28d68171b4dc04723d4a","name":"Luana Gon\u00e7alves","image":{"@type":"ImageObject","inLanguage":"pt-BR","@id":"https:\/\/secure.gravatar.com\/avatar\/7aa6afdef873224c1a0265951f3fdfc0679f65dfbd15f018612595d323c52521?s=96&d=mm&r=g","url":"https:\/\/secure.gravatar.com\/avatar\/7aa6afdef873224c1a0265951f3fdfc0679f65dfbd15f018612595d323c52521?s=96&d=mm&r=g","contentUrl":"https:\/\/secure.gravatar.com\/avatar\/7aa6afdef873224c1a0265951f3fdfc0679f65dfbd15f018612595d323c52521?s=96&d=mm&r=g","caption":"Luana Gon\u00e7alves"},"sameAs":["https:\/\/oficialnoticias.com\/"],"url":"https:\/\/oficialnoticias.com\/?author=2"}]}},"_links":{"self":[{"href":"https:\/\/oficialnoticias.com\/index.php?rest_route=\/wp\/v2\/posts\/32251","targetHints":{"allow":["GET"]}}],"collection":[{"href":"https:\/\/oficialnoticias.com\/index.php?rest_route=\/wp\/v2\/posts"}],"about":[{"href":"https:\/\/oficialnoticias.com\/index.php?rest_route=\/wp\/v2\/types\/post"}],"author":[{"embeddable":true,"href":"https:\/\/oficialnoticias.com\/index.php?rest_route=\/wp\/v2\/users\/2"}],"replies":[{"embeddable":true,"href":"https:\/\/oficialnoticias.com\/index.php?rest_route=%2Fwp%2Fv2%2Fcomments&post=32251"}],"version-history":[{"count":1,"href":"https:\/\/oficialnoticias.com\/index.php?rest_route=\/wp\/v2\/posts\/32251\/revisions"}],"predecessor-version":[{"id":32253,"href":"https:\/\/oficialnoticias.com\/index.php?rest_route=\/wp\/v2\/posts\/32251\/revisions\/32253"}],"wp:featuredmedia":[{"embeddable":true,"href":"https:\/\/oficialnoticias.com\/index.php?rest_route=\/wp\/v2\/media\/32252"}],"wp:attachment":[{"href":"https:\/\/oficialnoticias.com\/index.php?rest_route=%2Fwp%2Fv2%2Fmedia&parent=32251"}],"wp:term":[{"taxonomy":"category","embeddable":true,"href":"https:\/\/oficialnoticias.com\/index.php?rest_route=%2Fwp%2Fv2%2Fcategories&post=32251"},{"taxonomy":"post_tag","embeddable":true,"href":"https:\/\/oficialnoticias.com\/index.php?rest_route=%2Fwp%2Fv2%2Ftags&post=32251"}],"curies":[{"name":"wp","href":"https:\/\/api.w.org\/{rel}","templated":true}]}}