{"id":32224,"date":"2026-03-11T04:27:06","date_gmt":"2026-03-11T07:27:06","guid":{"rendered":"https:\/\/oficialnoticias.com\/?p=32224"},"modified":"2026-03-11T04:27:07","modified_gmt":"2026-03-11T07:27:07","slug":"autoridades-dos-eua-mudam-de-posicao-sobre-possivel-tratamento-contra-o-autismo","status":"publish","type":"post","link":"https:\/\/oficialnoticias.com\/?p=32224","title":{"rendered":"Autoridades dos EUA mudam de posi\u00e7\u00e3o sobre poss\u00edvel tratamento contra o autismo"},"content":{"rendered":"<p><\/p>\n<div>\n<p>Cinco meses ap\u00f3s a administra\u00e7\u00e3o de Donald Trump ter anunciado com entusiasmo a autoriza\u00e7\u00e3o de um tratamento n\u00e3o comprovado para certas formas de autismo, a Food and Drug Administration (FDA), ag\u00eancia reguladora de medicamentos dos Estados Unidos, recuou em sua decis\u00e3o nesta ter\u00e7a-feira (10). <\/p>\n<p>A prescri\u00e7\u00e3o de \u00e1cido fol\u00ednico, tamb\u00e9m conhecido como leucovorina, permanece sem aprova\u00e7\u00e3o oficial para o tratamento deste transtorno complexo do neurodesenvolvimento, desmentindo a sinaliza\u00e7\u00e3o anterior feita pelo governo.<\/p>\n<p>A nova diretriz da FDA esclarece que o medicamento, tradicionalmente utilizado para mitigar efeitos colaterais da quimioterapia, ter\u00e1 seu uso expandido apenas para pacientes com uma s\u00edndrome gen\u00e9tica rara denominada defici\u00eancia cerebral de folatos.<\/p>\n<p>A controv\u00e9rsia remonta a setembro, quando Trump afirmou na Casa Branca que o \u00e1cido fol\u00ednico representava uma \u201cesperan\u00e7a para muitos pais\u201d em busca de melhorias na qualidade de vida de crian\u00e7as autistas. <\/p>\n<p>Na ocasi\u00e3o, o ex-presidente proferiu diversas declara\u00e7\u00f5es pol\u00eamicas que geraram forte rea\u00e7\u00e3o da comunidade m\u00e9dica e cient\u00edfica americana. Al\u00e9m de criticarem a aprova\u00e7\u00e3o precoce da subst\u00e2ncia, especialistas condenaram duramente os questionamentos de Trump sobre a seguran\u00e7a das vacinas e do paracetamol.<\/p>\n<p>Embora pesquisas preliminares com grupos reduzidos de pacientes tenham indicado que o \u00e1cido fol\u00ednico poderia auxiliar em dificuldades de comunica\u00e7\u00e3o e intera\u00e7\u00e3o social, os cientistas enfatizam que a linha de estudo ainda carece de aprofundamento robusto. Em carta conjunta, dezenas de especialistas alertaram que a autoriza\u00e7\u00e3o prematura corria o risco de gerar falsas expectativas nas fam\u00edlias.<\/p>\n<p>Ao confirmar o recuo, um porta-voz da ag\u00eancia admitiu \u00e0 emissora NBC News que a decis\u00e3o foi motivada pela aus\u00eancia de dados suficientes para validar a efic\u00e1cia do f\u00e1rmaco no espectro autista. <\/p>\n<p>Apesar da restri\u00e7\u00e3o, pacientes autistas ainda poder\u00e3o utilizar o medicamento caso apresentem o diagn\u00f3stico de defici\u00eancia cerebral de folatos ou se houver prescri\u00e7\u00e3o m\u00e9dica na modalidade \u201coff-label\u201d (fora das indica\u00e7\u00f5es de bula).<\/p>\n<p><b><i>Com informa\u00e7\u00f5es de AFP<\/i><\/b><\/p>\n<p><bsp-list-loadmore class=\"PageListStandardG\" data-module=\"\" data-show-loadmore=\"true\" data-list-title-size=\"3\" data-list-description-size=\"3\"><\/p>\n<p>    <a class=\"AnchorLink\" title=\"leia-tambem\" name=\"leia-tambem\"\/><\/p>\n<p><\/bsp-list-loadmore><\/p><\/div>\n<p><script>\n  window.fbAsyncInit = function() {\n      FB.init({\n              appId : '1447052969554341',\n          xfbml : true,\n          version : 'v2.9'\n      });\n  };\n  (function(d, s, id){\n     var js, fjs = d.getElementsByTagName(s)[0];\n     if (d.getElementById(id)) {return;}\n     js = d.createElement(s); js.id = id;\n     js.src = \"https:\/\/connect.facebook.net\/en_US\/sdk.js\";\n     fjs.parentNode.insertBefore(js, fjs);\n   }(document, 'script', 'facebook-jssdk'));\n<\/script><\/p>\n","protected":false},"excerpt":{"rendered":"<p>Cinco meses ap\u00f3s a administra\u00e7\u00e3o de Donald Trump ter anunciado com entusiasmo a autoriza\u00e7\u00e3o de um tratamento n\u00e3o comprovado para certas formas de autismo, a Food and Drug Administration (FDA), ag\u00eancia reguladora de medicamentos dos Estados Unidos, recuou em sua decis\u00e3o nesta ter\u00e7a-feira (10). A prescri\u00e7\u00e3o de \u00e1cido fol\u00ednico, tamb\u00e9m conhecido como leucovorina, permanece sem&#8230;<\/p>\n","protected":false},"author":2,"featured_media":32225,"comment_status":"open","ping_status":"open","sticky":false,"template":"","format":"standard","meta":{"footnotes":""},"categories":[1],"tags":[],"class_list":["post-32224","post","type-post","status-publish","format-standard","has-post-thumbnail","hentry","category-sem-categoria"],"yoast_head":"<!-- This site is optimized with the Yoast SEO plugin v27.3 - https:\/\/yoast.com\/product\/yoast-seo-wordpress\/ -->\n<title>Autoridades dos EUA mudam de posi\u00e7\u00e3o sobre poss\u00edvel tratamento contra o autismo -<\/title>\n<meta name=\"robots\" content=\"index, follow, max-snippet:-1, max-image-preview:large, max-video-preview:-1\" \/>\n<link rel=\"canonical\" href=\"https:\/\/oficialnoticias.com\/?p=32224\" \/>\n<meta property=\"og:locale\" content=\"pt_BR\" \/>\n<meta property=\"og:type\" content=\"article\" \/>\n<meta property=\"og:title\" content=\"Autoridades dos EUA mudam de posi\u00e7\u00e3o sobre poss\u00edvel tratamento contra o autismo -\" \/>\n<meta property=\"og:description\" content=\"Cinco meses ap\u00f3s a administra\u00e7\u00e3o de Donald Trump ter anunciado com entusiasmo a autoriza\u00e7\u00e3o de um tratamento n\u00e3o comprovado para certas formas de autismo, a Food and Drug Administration (FDA), ag\u00eancia reguladora de medicamentos dos Estados Unidos, recuou em sua decis\u00e3o nesta ter\u00e7a-feira (10). A prescri\u00e7\u00e3o de \u00e1cido fol\u00ednico, tamb\u00e9m conhecido como leucovorina, permanece sem...\" \/>\n<meta property=\"og:url\" content=\"https:\/\/oficialnoticias.com\/?p=32224\" \/>\n<meta property=\"article:published_time\" content=\"2026-03-11T07:27:06+00:00\" \/>\n<meta property=\"article:modified_time\" content=\"2026-03-11T07:27:07+00:00\" \/>\n<meta property=\"og:image\" content=\"https:\/\/oficialnoticias.com\/wp-content\/uploads\/2026\/03\/urlhttps3A2F2Fk2-prod-radio-itatiaia.s3.us-east-1.amazonaws.com2Fbrightspot2Fb22F4c2Fb26430.webp\" \/>\n\t<meta property=\"og:image:width\" content=\"1200\" \/>\n\t<meta property=\"og:image:height\" content=\"630\" \/>\n\t<meta property=\"og:image:type\" content=\"image\/webp\" \/>\n<meta name=\"author\" content=\"Luana Gon\u00e7alves\" \/>\n<meta name=\"twitter:card\" content=\"summary_large_image\" \/>\n<meta name=\"twitter:label1\" content=\"Escrito por\" \/>\n\t<meta name=\"twitter:data1\" content=\"Luana Gon\u00e7alves\" \/>\n\t<meta name=\"twitter:label2\" content=\"Est. tempo de leitura\" \/>\n\t<meta name=\"twitter:data2\" content=\"2 minutos\" \/>\n<script type=\"application\/ld+json\" class=\"yoast-schema-graph\">{\"@context\":\"https:\\\/\\\/schema.org\",\"@graph\":[{\"@type\":\"Article\",\"@id\":\"https:\\\/\\\/oficialnoticias.com\\\/?p=32224#article\",\"isPartOf\":{\"@id\":\"https:\\\/\\\/oficialnoticias.com\\\/?p=32224\"},\"author\":{\"name\":\"Luana Gon\u00e7alves\",\"@id\":\"https:\\\/\\\/oficialnoticias.com\\\/#\\\/schema\\\/person\\\/2d1dcbb6bfbc28d68171b4dc04723d4a\"},\"headline\":\"Autoridades dos EUA mudam de posi\u00e7\u00e3o sobre poss\u00edvel tratamento contra o autismo\",\"datePublished\":\"2026-03-11T07:27:06+00:00\",\"dateModified\":\"2026-03-11T07:27:07+00:00\",\"mainEntityOfPage\":{\"@id\":\"https:\\\/\\\/oficialnoticias.com\\\/?p=32224\"},\"wordCount\":362,\"commentCount\":0,\"publisher\":{\"@id\":\"https:\\\/\\\/oficialnoticias.com\\\/#organization\"},\"image\":{\"@id\":\"https:\\\/\\\/oficialnoticias.com\\\/?p=32224#primaryimage\"},\"thumbnailUrl\":\"https:\\\/\\\/oficialnoticias.com\\\/wp-content\\\/uploads\\\/2026\\\/03\\\/urlhttps3A2F2Fk2-prod-radio-itatiaia.s3.us-east-1.amazonaws.com2Fbrightspot2Fb22F4c2Fb26430.webp\",\"articleSection\":[\"Sa\u00fade\"],\"inLanguage\":\"pt-BR\",\"potentialAction\":[{\"@type\":\"CommentAction\",\"name\":\"Comment\",\"target\":[\"https:\\\/\\\/oficialnoticias.com\\\/?p=32224#respond\"]}]},{\"@type\":\"WebPage\",\"@id\":\"https:\\\/\\\/oficialnoticias.com\\\/?p=32224\",\"url\":\"https:\\\/\\\/oficialnoticias.com\\\/?p=32224\",\"name\":\"Autoridades dos EUA mudam de posi\u00e7\u00e3o sobre poss\u00edvel tratamento contra o autismo -\",\"isPartOf\":{\"@id\":\"https:\\\/\\\/oficialnoticias.com\\\/#website\"},\"primaryImageOfPage\":{\"@id\":\"https:\\\/\\\/oficialnoticias.com\\\/?p=32224#primaryimage\"},\"image\":{\"@id\":\"https:\\\/\\\/oficialnoticias.com\\\/?p=32224#primaryimage\"},\"thumbnailUrl\":\"https:\\\/\\\/oficialnoticias.com\\\/wp-content\\\/uploads\\\/2026\\\/03\\\/urlhttps3A2F2Fk2-prod-radio-itatiaia.s3.us-east-1.amazonaws.com2Fbrightspot2Fb22F4c2Fb26430.webp\",\"datePublished\":\"2026-03-11T07:27:06+00:00\",\"dateModified\":\"2026-03-11T07:27:07+00:00\",\"breadcrumb\":{\"@id\":\"https:\\\/\\\/oficialnoticias.com\\\/?p=32224#breadcrumb\"},\"inLanguage\":\"pt-BR\",\"potentialAction\":[{\"@type\":\"ReadAction\",\"target\":[\"https:\\\/\\\/oficialnoticias.com\\\/?p=32224\"]}]},{\"@type\":\"ImageObject\",\"inLanguage\":\"pt-BR\",\"@id\":\"https:\\\/\\\/oficialnoticias.com\\\/?p=32224#primaryimage\",\"url\":\"https:\\\/\\\/oficialnoticias.com\\\/wp-content\\\/uploads\\\/2026\\\/03\\\/urlhttps3A2F2Fk2-prod-radio-itatiaia.s3.us-east-1.amazonaws.com2Fbrightspot2Fb22F4c2Fb26430.webp\",\"contentUrl\":\"https:\\\/\\\/oficialnoticias.com\\\/wp-content\\\/uploads\\\/2026\\\/03\\\/urlhttps3A2F2Fk2-prod-radio-itatiaia.s3.us-east-1.amazonaws.com2Fbrightspot2Fb22F4c2Fb26430.webp\",\"width\":1200,\"height\":630},{\"@type\":\"BreadcrumbList\",\"@id\":\"https:\\\/\\\/oficialnoticias.com\\\/?p=32224#breadcrumb\",\"itemListElement\":[{\"@type\":\"ListItem\",\"position\":1,\"name\":\"In\u00edcio\",\"item\":\"https:\\\/\\\/oficialnoticias.com\\\/\"},{\"@type\":\"ListItem\",\"position\":2,\"name\":\"Autoridades dos EUA mudam de posi\u00e7\u00e3o sobre poss\u00edvel tratamento contra o autismo\"}]},{\"@type\":\"WebSite\",\"@id\":\"https:\\\/\\\/oficialnoticias.com\\\/#website\",\"url\":\"https:\\\/\\\/oficialnoticias.com\\\/\",\"name\":\"oficial Noticias\",\"description\":\"\",\"publisher\":{\"@id\":\"https:\\\/\\\/oficialnoticias.com\\\/#organization\"},\"potentialAction\":[{\"@type\":\"SearchAction\",\"target\":{\"@type\":\"EntryPoint\",\"urlTemplate\":\"https:\\\/\\\/oficialnoticias.com\\\/?s={search_term_string}\"},\"query-input\":{\"@type\":\"PropertyValueSpecification\",\"valueRequired\":true,\"valueName\":\"search_term_string\"}}],\"inLanguage\":\"pt-BR\"},{\"@type\":\"Organization\",\"@id\":\"https:\\\/\\\/oficialnoticias.com\\\/#organization\",\"name\":\"oficial noticias\",\"url\":\"https:\\\/\\\/oficialnoticias.com\\\/\",\"logo\":{\"@type\":\"ImageObject\",\"inLanguage\":\"pt-BR\",\"@id\":\"https:\\\/\\\/oficialnoticias.com\\\/#\\\/schema\\\/logo\\\/image\\\/\",\"url\":\"https:\\\/\\\/oficialnoticias.com\\\/wp-content\\\/uploads\\\/2025\\\/08\\\/cropped-cropped-cropped-Logo-Noticias-e1753639739829.png\",\"contentUrl\":\"https:\\\/\\\/oficialnoticias.com\\\/wp-content\\\/uploads\\\/2025\\\/08\\\/cropped-cropped-cropped-Logo-Noticias-e1753639739829.png\",\"width\":119,\"height\":86,\"caption\":\"oficial noticias\"},\"image\":{\"@id\":\"https:\\\/\\\/oficialnoticias.com\\\/#\\\/schema\\\/logo\\\/image\\\/\"}},{\"@type\":\"Person\",\"@id\":\"https:\\\/\\\/oficialnoticias.com\\\/#\\\/schema\\\/person\\\/2d1dcbb6bfbc28d68171b4dc04723d4a\",\"name\":\"Luana Gon\u00e7alves\",\"image\":{\"@type\":\"ImageObject\",\"inLanguage\":\"pt-BR\",\"@id\":\"https:\\\/\\\/secure.gravatar.com\\\/avatar\\\/7aa6afdef873224c1a0265951f3fdfc0679f65dfbd15f018612595d323c52521?s=96&d=mm&r=g\",\"url\":\"https:\\\/\\\/secure.gravatar.com\\\/avatar\\\/7aa6afdef873224c1a0265951f3fdfc0679f65dfbd15f018612595d323c52521?s=96&d=mm&r=g\",\"contentUrl\":\"https:\\\/\\\/secure.gravatar.com\\\/avatar\\\/7aa6afdef873224c1a0265951f3fdfc0679f65dfbd15f018612595d323c52521?s=96&d=mm&r=g\",\"caption\":\"Luana Gon\u00e7alves\"},\"sameAs\":[\"https:\\\/\\\/oficialnoticias.com\\\/\"],\"url\":\"https:\\\/\\\/oficialnoticias.com\\\/?author=2\"}]}<\/script>\n<!-- \/ Yoast SEO plugin. -->","yoast_head_json":{"title":"Autoridades dos EUA mudam de posi\u00e7\u00e3o sobre poss\u00edvel tratamento contra o autismo -","robots":{"index":"index","follow":"follow","max-snippet":"max-snippet:-1","max-image-preview":"max-image-preview:large","max-video-preview":"max-video-preview:-1"},"canonical":"https:\/\/oficialnoticias.com\/?p=32224","og_locale":"pt_BR","og_type":"article","og_title":"Autoridades dos EUA mudam de posi\u00e7\u00e3o sobre poss\u00edvel tratamento contra o autismo -","og_description":"Cinco meses ap\u00f3s a administra\u00e7\u00e3o de Donald Trump ter anunciado com entusiasmo a autoriza\u00e7\u00e3o de um tratamento n\u00e3o comprovado para certas formas de autismo, a Food and Drug Administration (FDA), ag\u00eancia reguladora de medicamentos dos Estados Unidos, recuou em sua decis\u00e3o nesta ter\u00e7a-feira (10). A prescri\u00e7\u00e3o de \u00e1cido fol\u00ednico, tamb\u00e9m conhecido como leucovorina, permanece sem...","og_url":"https:\/\/oficialnoticias.com\/?p=32224","article_published_time":"2026-03-11T07:27:06+00:00","article_modified_time":"2026-03-11T07:27:07+00:00","og_image":[{"width":1200,"height":630,"url":"https:\/\/oficialnoticias.com\/wp-content\/uploads\/2026\/03\/urlhttps3A2F2Fk2-prod-radio-itatiaia.s3.us-east-1.amazonaws.com2Fbrightspot2Fb22F4c2Fb26430.webp","type":"image\/webp"}],"author":"Luana Gon\u00e7alves","twitter_card":"summary_large_image","twitter_misc":{"Escrito por":"Luana Gon\u00e7alves","Est. tempo de leitura":"2 minutos"},"schema":{"@context":"https:\/\/schema.org","@graph":[{"@type":"Article","@id":"https:\/\/oficialnoticias.com\/?p=32224#article","isPartOf":{"@id":"https:\/\/oficialnoticias.com\/?p=32224"},"author":{"name":"Luana Gon\u00e7alves","@id":"https:\/\/oficialnoticias.com\/#\/schema\/person\/2d1dcbb6bfbc28d68171b4dc04723d4a"},"headline":"Autoridades dos EUA mudam de posi\u00e7\u00e3o sobre poss\u00edvel tratamento contra o autismo","datePublished":"2026-03-11T07:27:06+00:00","dateModified":"2026-03-11T07:27:07+00:00","mainEntityOfPage":{"@id":"https:\/\/oficialnoticias.com\/?p=32224"},"wordCount":362,"commentCount":0,"publisher":{"@id":"https:\/\/oficialnoticias.com\/#organization"},"image":{"@id":"https:\/\/oficialnoticias.com\/?p=32224#primaryimage"},"thumbnailUrl":"https:\/\/oficialnoticias.com\/wp-content\/uploads\/2026\/03\/urlhttps3A2F2Fk2-prod-radio-itatiaia.s3.us-east-1.amazonaws.com2Fbrightspot2Fb22F4c2Fb26430.webp","articleSection":["Sa\u00fade"],"inLanguage":"pt-BR","potentialAction":[{"@type":"CommentAction","name":"Comment","target":["https:\/\/oficialnoticias.com\/?p=32224#respond"]}]},{"@type":"WebPage","@id":"https:\/\/oficialnoticias.com\/?p=32224","url":"https:\/\/oficialnoticias.com\/?p=32224","name":"Autoridades dos EUA mudam de posi\u00e7\u00e3o sobre poss\u00edvel tratamento contra o autismo -","isPartOf":{"@id":"https:\/\/oficialnoticias.com\/#website"},"primaryImageOfPage":{"@id":"https:\/\/oficialnoticias.com\/?p=32224#primaryimage"},"image":{"@id":"https:\/\/oficialnoticias.com\/?p=32224#primaryimage"},"thumbnailUrl":"https:\/\/oficialnoticias.com\/wp-content\/uploads\/2026\/03\/urlhttps3A2F2Fk2-prod-radio-itatiaia.s3.us-east-1.amazonaws.com2Fbrightspot2Fb22F4c2Fb26430.webp","datePublished":"2026-03-11T07:27:06+00:00","dateModified":"2026-03-11T07:27:07+00:00","breadcrumb":{"@id":"https:\/\/oficialnoticias.com\/?p=32224#breadcrumb"},"inLanguage":"pt-BR","potentialAction":[{"@type":"ReadAction","target":["https:\/\/oficialnoticias.com\/?p=32224"]}]},{"@type":"ImageObject","inLanguage":"pt-BR","@id":"https:\/\/oficialnoticias.com\/?p=32224#primaryimage","url":"https:\/\/oficialnoticias.com\/wp-content\/uploads\/2026\/03\/urlhttps3A2F2Fk2-prod-radio-itatiaia.s3.us-east-1.amazonaws.com2Fbrightspot2Fb22F4c2Fb26430.webp","contentUrl":"https:\/\/oficialnoticias.com\/wp-content\/uploads\/2026\/03\/urlhttps3A2F2Fk2-prod-radio-itatiaia.s3.us-east-1.amazonaws.com2Fbrightspot2Fb22F4c2Fb26430.webp","width":1200,"height":630},{"@type":"BreadcrumbList","@id":"https:\/\/oficialnoticias.com\/?p=32224#breadcrumb","itemListElement":[{"@type":"ListItem","position":1,"name":"In\u00edcio","item":"https:\/\/oficialnoticias.com\/"},{"@type":"ListItem","position":2,"name":"Autoridades dos EUA mudam de posi\u00e7\u00e3o sobre poss\u00edvel tratamento contra o autismo"}]},{"@type":"WebSite","@id":"https:\/\/oficialnoticias.com\/#website","url":"https:\/\/oficialnoticias.com\/","name":"oficial Noticias","description":"","publisher":{"@id":"https:\/\/oficialnoticias.com\/#organization"},"potentialAction":[{"@type":"SearchAction","target":{"@type":"EntryPoint","urlTemplate":"https:\/\/oficialnoticias.com\/?s={search_term_string}"},"query-input":{"@type":"PropertyValueSpecification","valueRequired":true,"valueName":"search_term_string"}}],"inLanguage":"pt-BR"},{"@type":"Organization","@id":"https:\/\/oficialnoticias.com\/#organization","name":"oficial noticias","url":"https:\/\/oficialnoticias.com\/","logo":{"@type":"ImageObject","inLanguage":"pt-BR","@id":"https:\/\/oficialnoticias.com\/#\/schema\/logo\/image\/","url":"https:\/\/oficialnoticias.com\/wp-content\/uploads\/2025\/08\/cropped-cropped-cropped-Logo-Noticias-e1753639739829.png","contentUrl":"https:\/\/oficialnoticias.com\/wp-content\/uploads\/2025\/08\/cropped-cropped-cropped-Logo-Noticias-e1753639739829.png","width":119,"height":86,"caption":"oficial noticias"},"image":{"@id":"https:\/\/oficialnoticias.com\/#\/schema\/logo\/image\/"}},{"@type":"Person","@id":"https:\/\/oficialnoticias.com\/#\/schema\/person\/2d1dcbb6bfbc28d68171b4dc04723d4a","name":"Luana Gon\u00e7alves","image":{"@type":"ImageObject","inLanguage":"pt-BR","@id":"https:\/\/secure.gravatar.com\/avatar\/7aa6afdef873224c1a0265951f3fdfc0679f65dfbd15f018612595d323c52521?s=96&d=mm&r=g","url":"https:\/\/secure.gravatar.com\/avatar\/7aa6afdef873224c1a0265951f3fdfc0679f65dfbd15f018612595d323c52521?s=96&d=mm&r=g","contentUrl":"https:\/\/secure.gravatar.com\/avatar\/7aa6afdef873224c1a0265951f3fdfc0679f65dfbd15f018612595d323c52521?s=96&d=mm&r=g","caption":"Luana Gon\u00e7alves"},"sameAs":["https:\/\/oficialnoticias.com\/"],"url":"https:\/\/oficialnoticias.com\/?author=2"}]}},"_links":{"self":[{"href":"https:\/\/oficialnoticias.com\/index.php?rest_route=\/wp\/v2\/posts\/32224","targetHints":{"allow":["GET"]}}],"collection":[{"href":"https:\/\/oficialnoticias.com\/index.php?rest_route=\/wp\/v2\/posts"}],"about":[{"href":"https:\/\/oficialnoticias.com\/index.php?rest_route=\/wp\/v2\/types\/post"}],"author":[{"embeddable":true,"href":"https:\/\/oficialnoticias.com\/index.php?rest_route=\/wp\/v2\/users\/2"}],"replies":[{"embeddable":true,"href":"https:\/\/oficialnoticias.com\/index.php?rest_route=%2Fwp%2Fv2%2Fcomments&post=32224"}],"version-history":[{"count":1,"href":"https:\/\/oficialnoticias.com\/index.php?rest_route=\/wp\/v2\/posts\/32224\/revisions"}],"predecessor-version":[{"id":32226,"href":"https:\/\/oficialnoticias.com\/index.php?rest_route=\/wp\/v2\/posts\/32224\/revisions\/32226"}],"wp:featuredmedia":[{"embeddable":true,"href":"https:\/\/oficialnoticias.com\/index.php?rest_route=\/wp\/v2\/media\/32225"}],"wp:attachment":[{"href":"https:\/\/oficialnoticias.com\/index.php?rest_route=%2Fwp%2Fv2%2Fmedia&parent=32224"}],"wp:term":[{"taxonomy":"category","embeddable":true,"href":"https:\/\/oficialnoticias.com\/index.php?rest_route=%2Fwp%2Fv2%2Fcategories&post=32224"},{"taxonomy":"post_tag","embeddable":true,"href":"https:\/\/oficialnoticias.com\/index.php?rest_route=%2Fwp%2Fv2%2Ftags&post=32224"}],"curies":[{"name":"wp","href":"https:\/\/api.w.org\/{rel}","templated":true}]}}