{"id":32152,"date":"2026-03-09T21:31:42","date_gmt":"2026-03-10T00:31:42","guid":{"rendered":"https:\/\/oficialnoticias.com\/?p=32152"},"modified":"2026-03-09T21:31:42","modified_gmt":"2026-03-10T00:31:42","slug":"banco-inter-vai-dobrar-doacoes-de-clientes-para-apoiar-a-reconstrucao-da-zona-da-mata","status":"publish","type":"post","link":"https:\/\/oficialnoticias.com\/?p=32152","title":{"rendered":"Banco Inter vai dobrar doa\u00e7\u00f5es de clientes para apoiar a reconstru\u00e7\u00e3o da Zona da Mata"},"content":{"rendered":"<p><\/p>\n<div>\n<p>O banco Inter vai dobrar as doa\u00e7\u00f5es dos seus clientes para os atingidos pelas fortes chuvas em Juiz de Fora e Ub\u00e1, na Zona da Mata mineira. As enchentes <bsp-link-enhancement><br \/>\n    <span class=\"LinkEnhancement\"><a class=\"Link\" href=\"https:\/\/www.itatiaia.com.br\/brasil\/sudeste\/mg\/numero-de-mortos-devido-as-chuvas-na-zona-da-mata-sobe-para-72\" title=\"&lt;b&gt;deixaram 72 pessoas mortas na regi\u00e3o&lt;\/b&gt;\"><b>deixaram 72 pessoas mortas na regi\u00e3o<\/b><\/a><\/span><\/bsp-link-enhancement>, milhares de desabrigados, al\u00e9m de um rastro de destrui\u00e7\u00e3o que afetou a infraestrutura das cidades e a economia local.<\/p>\n<p>A partir desta segunda-feira (9), a cada R$ 1 doado pelos clientes do Inter \u00e0 campanha do Servi\u00e7o Social Aut\u00f4nomo (Servas), a institui\u00e7\u00e3o far\u00e1 uma doa\u00e7\u00e3o adicional de R$ 1, dobrando o valor destinado ao apoio \u00e0s cidades atingidas. As contribui\u00e7\u00f5es devem ser realizadas via PIX para a chave <bsp-link-enhancement><br \/>\n    <span class=\"LinkEnhancement\"><a class=\"Link\" href=\"https:\/\/www.itatiaia.com.br\/economia\/mailto:abraceminas@servas.org.br\" target=\"_blank\" title=\"&lt;u&gt;abraceminas@servas.org.br&lt;\/u&gt;\" rel=\"noopener\"><u>abraceminas@servas.org.br<\/u><\/a><\/span><\/bsp-link-enhancement>.<\/p>\n<p>A institui\u00e7\u00e3o mineira em fins lucrativos \u00e9 respons\u00e1vel por mobilizar doa\u00e7\u00f5es e coordenar a\u00e7\u00f5es de assist\u00eancia \u00e0s popula\u00e7\u00f5es em situa\u00e7\u00e3o de vulnerabilidade no Estado. Todos os recursos arrecadados ser\u00e3o destinados ao Servas, que est\u00e1 distribuindo as doa\u00e7\u00f5es e o <bsp-link-enhancement><br \/>\n    <span class=\"LinkEnhancement\"><a class=\"Link\" href=\"https:\/\/www.itatiaia.com.br\/brasil\/sudeste\/mg\/juiz-de-fora-apos-nova-chuva-moradores-deixam-casas-e-exercito-envia-10-caminhoes\" title=\"&lt;b&gt;apoio \u00e0s comunidades em Juiz de Fora e Ub\u00e1.&lt;\/b&gt;\"><b>apoio \u00e0s comunidades em Juiz de Fora e Ub\u00e1.<\/b><\/a><\/span><\/bsp-link-enhancement><\/p>\n<p>O valor ser\u00e1 utilizado para aquisi\u00e7\u00e3o de m\u00f3veis e eletrodom\u00e9sticos que ir\u00e3o compor o denominado Kit Recome\u00e7o, destinado \u00e0s fam\u00edlias atingidas pelos eventos clim\u00e1ticos.<\/p>\n<p>A iniciativa ser\u00e1 divulgada nos canais propriet\u00e1rios do Inter, incluindo aplicativo, redes sociais e comunica\u00e7\u00e3o direta com clientes. Ap\u00f3s o encerramento da campanha, o Inter dar\u00e1 transpar\u00eancia aos valores arrecadados e ao montante total destinado \u00e0s a\u00e7\u00f5es de apoio.<\/p>\n<p>A a\u00e7\u00e3o refor\u00e7a o compromisso do Inter com seus clientes e com as comunidades onde atua, estimulando uma corrente de solidariedade em um momento importante para a recupera\u00e7\u00e3o das regi\u00f5es impactadas.<\/p>\n<p>Para mais informa\u00e7\u00f5es, \u00e9 poss\u00edvel consultar o link do <bsp-link-enhancement><br \/>\n    <span class=\"LinkEnhancement\"><a class=\"Link\" href=\"https:\/\/blog.inter.co\/doe-jf-uba\/\" target=\"_blank\" title=\"&lt;b&gt;blog do Inter clicando aqui&lt;\/b&gt;\" rel=\"noopener\"><b>blog do Inter clicando aqui<\/b><\/a><\/span><\/bsp-link-enhancement>.<\/p>\n<p><bsp-list-loadmore class=\"PageListStandardG\" data-module=\"\" data-show-loadmore=\"true\" data-list-title-size=\"3\" data-list-description-size=\"3\"><\/p>\n<p>    <a class=\"AnchorLink\" title=\"leia-tambem\" name=\"leia-tambem\"\/><\/p>\n<p><\/bsp-list-loadmore><\/p><\/div>\n<p><script>\n  window.fbAsyncInit = function() {\n      FB.init({\n              appId : '1447052969554341',\n          xfbml : true,\n          version : 'v2.9'\n      });\n  };\n  (function(d, s, id){\n     var js, fjs = d.getElementsByTagName(s)[0];\n     if (d.getElementById(id)) {return;}\n     js = d.createElement(s); js.id = id;\n     js.src = \"https:\/\/connect.facebook.net\/en_US\/sdk.js\";\n     fjs.parentNode.insertBefore(js, fjs);\n   }(document, 'script', 'facebook-jssdk'));\n<\/script><\/p>\n","protected":false},"excerpt":{"rendered":"<p>O banco Inter vai dobrar as doa\u00e7\u00f5es dos seus clientes para os atingidos pelas fortes chuvas em Juiz de Fora e Ub\u00e1, na Zona da Mata mineira. As enchentes deixaram 72 pessoas mortas na regi\u00e3o, milhares de desabrigados, al\u00e9m de um rastro de destrui\u00e7\u00e3o que afetou a infraestrutura das cidades e a economia local. A&#8230;<\/p>\n","protected":false},"author":2,"featured_media":32153,"comment_status":"open","ping_status":"open","sticky":false,"template":"","format":"standard","meta":{"footnotes":""},"categories":[25],"tags":[],"class_list":["post-32152","post","type-post","status-publish","format-standard","has-post-thumbnail","hentry","category-economia"],"yoast_head":"<!-- This site is optimized with the Yoast SEO plugin v27.3 - https:\/\/yoast.com\/product\/yoast-seo-wordpress\/ -->\n<title>Banco Inter vai dobrar doa\u00e7\u00f5es de clientes para apoiar a reconstru\u00e7\u00e3o da Zona da Mata -<\/title>\n<meta name=\"robots\" content=\"index, follow, max-snippet:-1, max-image-preview:large, max-video-preview:-1\" \/>\n<link rel=\"canonical\" href=\"https:\/\/oficialnoticias.com\/?p=32152\" \/>\n<meta property=\"og:locale\" content=\"pt_BR\" \/>\n<meta property=\"og:type\" content=\"article\" \/>\n<meta property=\"og:title\" content=\"Banco Inter vai dobrar doa\u00e7\u00f5es de clientes para apoiar a reconstru\u00e7\u00e3o da Zona da Mata -\" \/>\n<meta property=\"og:description\" content=\"O banco Inter vai dobrar as doa\u00e7\u00f5es dos seus clientes para os atingidos pelas fortes chuvas em Juiz de Fora e Ub\u00e1, na Zona da Mata mineira. As enchentes deixaram 72 pessoas mortas na regi\u00e3o, milhares de desabrigados, al\u00e9m de um rastro de destrui\u00e7\u00e3o que afetou a infraestrutura das cidades e a economia local. A...\" \/>\n<meta property=\"og:url\" content=\"https:\/\/oficialnoticias.com\/?p=32152\" \/>\n<meta property=\"article:published_time\" content=\"2026-03-10T00:31:42+00:00\" \/>\n<meta property=\"og:image\" content=\"https:\/\/oficialnoticias.com\/wp-content\/uploads\/2026\/03\/urlhttps3A2F2Fk2-prod-radio-itatiaia.s3.us-east-1.amazonaws.com2Fbrightspot2Fa52Ffb2F8aeb0e.webp\" \/>\n\t<meta property=\"og:image:width\" content=\"1200\" \/>\n\t<meta property=\"og:image:height\" content=\"630\" \/>\n\t<meta property=\"og:image:type\" content=\"image\/webp\" \/>\n<meta name=\"author\" content=\"Luana Gon\u00e7alves\" \/>\n<meta name=\"twitter:card\" content=\"summary_large_image\" \/>\n<meta name=\"twitter:label1\" content=\"Escrito por\" \/>\n\t<meta name=\"twitter:data1\" content=\"Luana Gon\u00e7alves\" \/>\n\t<meta name=\"twitter:label2\" content=\"Est. tempo de leitura\" \/>\n\t<meta name=\"twitter:data2\" content=\"1 minuto\" \/>\n<script type=\"application\/ld+json\" class=\"yoast-schema-graph\">{\"@context\":\"https:\\\/\\\/schema.org\",\"@graph\":[{\"@type\":\"Article\",\"@id\":\"https:\\\/\\\/oficialnoticias.com\\\/?p=32152#article\",\"isPartOf\":{\"@id\":\"https:\\\/\\\/oficialnoticias.com\\\/?p=32152\"},\"author\":{\"name\":\"Luana Gon\u00e7alves\",\"@id\":\"https:\\\/\\\/oficialnoticias.com\\\/#\\\/schema\\\/person\\\/2d1dcbb6bfbc28d68171b4dc04723d4a\"},\"headline\":\"Banco Inter vai dobrar doa\u00e7\u00f5es de clientes para apoiar a reconstru\u00e7\u00e3o da Zona da Mata\",\"datePublished\":\"2026-03-10T00:31:42+00:00\",\"mainEntityOfPage\":{\"@id\":\"https:\\\/\\\/oficialnoticias.com\\\/?p=32152\"},\"wordCount\":309,\"commentCount\":0,\"publisher\":{\"@id\":\"https:\\\/\\\/oficialnoticias.com\\\/#organization\"},\"image\":{\"@id\":\"https:\\\/\\\/oficialnoticias.com\\\/?p=32152#primaryimage\"},\"thumbnailUrl\":\"https:\\\/\\\/oficialnoticias.com\\\/wp-content\\\/uploads\\\/2026\\\/03\\\/urlhttps3A2F2Fk2-prod-radio-itatiaia.s3.us-east-1.amazonaws.com2Fbrightspot2Fa52Ffb2F8aeb0e.webp\",\"articleSection\":[\"Economia\"],\"inLanguage\":\"pt-BR\",\"potentialAction\":[{\"@type\":\"CommentAction\",\"name\":\"Comment\",\"target\":[\"https:\\\/\\\/oficialnoticias.com\\\/?p=32152#respond\"]}]},{\"@type\":\"WebPage\",\"@id\":\"https:\\\/\\\/oficialnoticias.com\\\/?p=32152\",\"url\":\"https:\\\/\\\/oficialnoticias.com\\\/?p=32152\",\"name\":\"Banco Inter vai dobrar doa\u00e7\u00f5es de clientes para apoiar a reconstru\u00e7\u00e3o da Zona da Mata -\",\"isPartOf\":{\"@id\":\"https:\\\/\\\/oficialnoticias.com\\\/#website\"},\"primaryImageOfPage\":{\"@id\":\"https:\\\/\\\/oficialnoticias.com\\\/?p=32152#primaryimage\"},\"image\":{\"@id\":\"https:\\\/\\\/oficialnoticias.com\\\/?p=32152#primaryimage\"},\"thumbnailUrl\":\"https:\\\/\\\/oficialnoticias.com\\\/wp-content\\\/uploads\\\/2026\\\/03\\\/urlhttps3A2F2Fk2-prod-radio-itatiaia.s3.us-east-1.amazonaws.com2Fbrightspot2Fa52Ffb2F8aeb0e.webp\",\"datePublished\":\"2026-03-10T00:31:42+00:00\",\"breadcrumb\":{\"@id\":\"https:\\\/\\\/oficialnoticias.com\\\/?p=32152#breadcrumb\"},\"inLanguage\":\"pt-BR\",\"potentialAction\":[{\"@type\":\"ReadAction\",\"target\":[\"https:\\\/\\\/oficialnoticias.com\\\/?p=32152\"]}]},{\"@type\":\"ImageObject\",\"inLanguage\":\"pt-BR\",\"@id\":\"https:\\\/\\\/oficialnoticias.com\\\/?p=32152#primaryimage\",\"url\":\"https:\\\/\\\/oficialnoticias.com\\\/wp-content\\\/uploads\\\/2026\\\/03\\\/urlhttps3A2F2Fk2-prod-radio-itatiaia.s3.us-east-1.amazonaws.com2Fbrightspot2Fa52Ffb2F8aeb0e.webp\",\"contentUrl\":\"https:\\\/\\\/oficialnoticias.com\\\/wp-content\\\/uploads\\\/2026\\\/03\\\/urlhttps3A2F2Fk2-prod-radio-itatiaia.s3.us-east-1.amazonaws.com2Fbrightspot2Fa52Ffb2F8aeb0e.webp\",\"width\":1200,\"height\":630},{\"@type\":\"BreadcrumbList\",\"@id\":\"https:\\\/\\\/oficialnoticias.com\\\/?p=32152#breadcrumb\",\"itemListElement\":[{\"@type\":\"ListItem\",\"position\":1,\"name\":\"In\u00edcio\",\"item\":\"https:\\\/\\\/oficialnoticias.com\\\/\"},{\"@type\":\"ListItem\",\"position\":2,\"name\":\"Banco Inter vai dobrar doa\u00e7\u00f5es de clientes para apoiar a reconstru\u00e7\u00e3o da Zona da Mata\"}]},{\"@type\":\"WebSite\",\"@id\":\"https:\\\/\\\/oficialnoticias.com\\\/#website\",\"url\":\"https:\\\/\\\/oficialnoticias.com\\\/\",\"name\":\"oficial Noticias\",\"description\":\"\",\"publisher\":{\"@id\":\"https:\\\/\\\/oficialnoticias.com\\\/#organization\"},\"potentialAction\":[{\"@type\":\"SearchAction\",\"target\":{\"@type\":\"EntryPoint\",\"urlTemplate\":\"https:\\\/\\\/oficialnoticias.com\\\/?s={search_term_string}\"},\"query-input\":{\"@type\":\"PropertyValueSpecification\",\"valueRequired\":true,\"valueName\":\"search_term_string\"}}],\"inLanguage\":\"pt-BR\"},{\"@type\":\"Organization\",\"@id\":\"https:\\\/\\\/oficialnoticias.com\\\/#organization\",\"name\":\"oficial noticias\",\"url\":\"https:\\\/\\\/oficialnoticias.com\\\/\",\"logo\":{\"@type\":\"ImageObject\",\"inLanguage\":\"pt-BR\",\"@id\":\"https:\\\/\\\/oficialnoticias.com\\\/#\\\/schema\\\/logo\\\/image\\\/\",\"url\":\"https:\\\/\\\/oficialnoticias.com\\\/wp-content\\\/uploads\\\/2025\\\/08\\\/cropped-cropped-cropped-Logo-Noticias-e1753639739829.png\",\"contentUrl\":\"https:\\\/\\\/oficialnoticias.com\\\/wp-content\\\/uploads\\\/2025\\\/08\\\/cropped-cropped-cropped-Logo-Noticias-e1753639739829.png\",\"width\":119,\"height\":86,\"caption\":\"oficial noticias\"},\"image\":{\"@id\":\"https:\\\/\\\/oficialnoticias.com\\\/#\\\/schema\\\/logo\\\/image\\\/\"}},{\"@type\":\"Person\",\"@id\":\"https:\\\/\\\/oficialnoticias.com\\\/#\\\/schema\\\/person\\\/2d1dcbb6bfbc28d68171b4dc04723d4a\",\"name\":\"Luana Gon\u00e7alves\",\"image\":{\"@type\":\"ImageObject\",\"inLanguage\":\"pt-BR\",\"@id\":\"https:\\\/\\\/secure.gravatar.com\\\/avatar\\\/7aa6afdef873224c1a0265951f3fdfc0679f65dfbd15f018612595d323c52521?s=96&d=mm&r=g\",\"url\":\"https:\\\/\\\/secure.gravatar.com\\\/avatar\\\/7aa6afdef873224c1a0265951f3fdfc0679f65dfbd15f018612595d323c52521?s=96&d=mm&r=g\",\"contentUrl\":\"https:\\\/\\\/secure.gravatar.com\\\/avatar\\\/7aa6afdef873224c1a0265951f3fdfc0679f65dfbd15f018612595d323c52521?s=96&d=mm&r=g\",\"caption\":\"Luana Gon\u00e7alves\"},\"sameAs\":[\"https:\\\/\\\/oficialnoticias.com\\\/\"],\"url\":\"https:\\\/\\\/oficialnoticias.com\\\/?author=2\"}]}<\/script>\n<!-- \/ Yoast SEO plugin. -->","yoast_head_json":{"title":"Banco Inter vai dobrar doa\u00e7\u00f5es de clientes para apoiar a reconstru\u00e7\u00e3o da Zona da Mata -","robots":{"index":"index","follow":"follow","max-snippet":"max-snippet:-1","max-image-preview":"max-image-preview:large","max-video-preview":"max-video-preview:-1"},"canonical":"https:\/\/oficialnoticias.com\/?p=32152","og_locale":"pt_BR","og_type":"article","og_title":"Banco Inter vai dobrar doa\u00e7\u00f5es de clientes para apoiar a reconstru\u00e7\u00e3o da Zona da Mata -","og_description":"O banco Inter vai dobrar as doa\u00e7\u00f5es dos seus clientes para os atingidos pelas fortes chuvas em Juiz de Fora e Ub\u00e1, na Zona da Mata mineira. As enchentes deixaram 72 pessoas mortas na regi\u00e3o, milhares de desabrigados, al\u00e9m de um rastro de destrui\u00e7\u00e3o que afetou a infraestrutura das cidades e a economia local. A...","og_url":"https:\/\/oficialnoticias.com\/?p=32152","article_published_time":"2026-03-10T00:31:42+00:00","og_image":[{"width":1200,"height":630,"url":"https:\/\/oficialnoticias.com\/wp-content\/uploads\/2026\/03\/urlhttps3A2F2Fk2-prod-radio-itatiaia.s3.us-east-1.amazonaws.com2Fbrightspot2Fa52Ffb2F8aeb0e.webp","type":"image\/webp"}],"author":"Luana Gon\u00e7alves","twitter_card":"summary_large_image","twitter_misc":{"Escrito por":"Luana Gon\u00e7alves","Est. tempo de leitura":"1 minuto"},"schema":{"@context":"https:\/\/schema.org","@graph":[{"@type":"Article","@id":"https:\/\/oficialnoticias.com\/?p=32152#article","isPartOf":{"@id":"https:\/\/oficialnoticias.com\/?p=32152"},"author":{"name":"Luana Gon\u00e7alves","@id":"https:\/\/oficialnoticias.com\/#\/schema\/person\/2d1dcbb6bfbc28d68171b4dc04723d4a"},"headline":"Banco Inter vai dobrar doa\u00e7\u00f5es de clientes para apoiar a reconstru\u00e7\u00e3o da Zona da Mata","datePublished":"2026-03-10T00:31:42+00:00","mainEntityOfPage":{"@id":"https:\/\/oficialnoticias.com\/?p=32152"},"wordCount":309,"commentCount":0,"publisher":{"@id":"https:\/\/oficialnoticias.com\/#organization"},"image":{"@id":"https:\/\/oficialnoticias.com\/?p=32152#primaryimage"},"thumbnailUrl":"https:\/\/oficialnoticias.com\/wp-content\/uploads\/2026\/03\/urlhttps3A2F2Fk2-prod-radio-itatiaia.s3.us-east-1.amazonaws.com2Fbrightspot2Fa52Ffb2F8aeb0e.webp","articleSection":["Economia"],"inLanguage":"pt-BR","potentialAction":[{"@type":"CommentAction","name":"Comment","target":["https:\/\/oficialnoticias.com\/?p=32152#respond"]}]},{"@type":"WebPage","@id":"https:\/\/oficialnoticias.com\/?p=32152","url":"https:\/\/oficialnoticias.com\/?p=32152","name":"Banco Inter vai dobrar doa\u00e7\u00f5es de clientes para apoiar a reconstru\u00e7\u00e3o da Zona da Mata -","isPartOf":{"@id":"https:\/\/oficialnoticias.com\/#website"},"primaryImageOfPage":{"@id":"https:\/\/oficialnoticias.com\/?p=32152#primaryimage"},"image":{"@id":"https:\/\/oficialnoticias.com\/?p=32152#primaryimage"},"thumbnailUrl":"https:\/\/oficialnoticias.com\/wp-content\/uploads\/2026\/03\/urlhttps3A2F2Fk2-prod-radio-itatiaia.s3.us-east-1.amazonaws.com2Fbrightspot2Fa52Ffb2F8aeb0e.webp","datePublished":"2026-03-10T00:31:42+00:00","breadcrumb":{"@id":"https:\/\/oficialnoticias.com\/?p=32152#breadcrumb"},"inLanguage":"pt-BR","potentialAction":[{"@type":"ReadAction","target":["https:\/\/oficialnoticias.com\/?p=32152"]}]},{"@type":"ImageObject","inLanguage":"pt-BR","@id":"https:\/\/oficialnoticias.com\/?p=32152#primaryimage","url":"https:\/\/oficialnoticias.com\/wp-content\/uploads\/2026\/03\/urlhttps3A2F2Fk2-prod-radio-itatiaia.s3.us-east-1.amazonaws.com2Fbrightspot2Fa52Ffb2F8aeb0e.webp","contentUrl":"https:\/\/oficialnoticias.com\/wp-content\/uploads\/2026\/03\/urlhttps3A2F2Fk2-prod-radio-itatiaia.s3.us-east-1.amazonaws.com2Fbrightspot2Fa52Ffb2F8aeb0e.webp","width":1200,"height":630},{"@type":"BreadcrumbList","@id":"https:\/\/oficialnoticias.com\/?p=32152#breadcrumb","itemListElement":[{"@type":"ListItem","position":1,"name":"In\u00edcio","item":"https:\/\/oficialnoticias.com\/"},{"@type":"ListItem","position":2,"name":"Banco Inter vai dobrar doa\u00e7\u00f5es de clientes para apoiar a reconstru\u00e7\u00e3o da Zona da Mata"}]},{"@type":"WebSite","@id":"https:\/\/oficialnoticias.com\/#website","url":"https:\/\/oficialnoticias.com\/","name":"oficial Noticias","description":"","publisher":{"@id":"https:\/\/oficialnoticias.com\/#organization"},"potentialAction":[{"@type":"SearchAction","target":{"@type":"EntryPoint","urlTemplate":"https:\/\/oficialnoticias.com\/?s={search_term_string}"},"query-input":{"@type":"PropertyValueSpecification","valueRequired":true,"valueName":"search_term_string"}}],"inLanguage":"pt-BR"},{"@type":"Organization","@id":"https:\/\/oficialnoticias.com\/#organization","name":"oficial noticias","url":"https:\/\/oficialnoticias.com\/","logo":{"@type":"ImageObject","inLanguage":"pt-BR","@id":"https:\/\/oficialnoticias.com\/#\/schema\/logo\/image\/","url":"https:\/\/oficialnoticias.com\/wp-content\/uploads\/2025\/08\/cropped-cropped-cropped-Logo-Noticias-e1753639739829.png","contentUrl":"https:\/\/oficialnoticias.com\/wp-content\/uploads\/2025\/08\/cropped-cropped-cropped-Logo-Noticias-e1753639739829.png","width":119,"height":86,"caption":"oficial noticias"},"image":{"@id":"https:\/\/oficialnoticias.com\/#\/schema\/logo\/image\/"}},{"@type":"Person","@id":"https:\/\/oficialnoticias.com\/#\/schema\/person\/2d1dcbb6bfbc28d68171b4dc04723d4a","name":"Luana Gon\u00e7alves","image":{"@type":"ImageObject","inLanguage":"pt-BR","@id":"https:\/\/secure.gravatar.com\/avatar\/7aa6afdef873224c1a0265951f3fdfc0679f65dfbd15f018612595d323c52521?s=96&d=mm&r=g","url":"https:\/\/secure.gravatar.com\/avatar\/7aa6afdef873224c1a0265951f3fdfc0679f65dfbd15f018612595d323c52521?s=96&d=mm&r=g","contentUrl":"https:\/\/secure.gravatar.com\/avatar\/7aa6afdef873224c1a0265951f3fdfc0679f65dfbd15f018612595d323c52521?s=96&d=mm&r=g","caption":"Luana Gon\u00e7alves"},"sameAs":["https:\/\/oficialnoticias.com\/"],"url":"https:\/\/oficialnoticias.com\/?author=2"}]}},"_links":{"self":[{"href":"https:\/\/oficialnoticias.com\/index.php?rest_route=\/wp\/v2\/posts\/32152","targetHints":{"allow":["GET"]}}],"collection":[{"href":"https:\/\/oficialnoticias.com\/index.php?rest_route=\/wp\/v2\/posts"}],"about":[{"href":"https:\/\/oficialnoticias.com\/index.php?rest_route=\/wp\/v2\/types\/post"}],"author":[{"embeddable":true,"href":"https:\/\/oficialnoticias.com\/index.php?rest_route=\/wp\/v2\/users\/2"}],"replies":[{"embeddable":true,"href":"https:\/\/oficialnoticias.com\/index.php?rest_route=%2Fwp%2Fv2%2Fcomments&post=32152"}],"version-history":[{"count":1,"href":"https:\/\/oficialnoticias.com\/index.php?rest_route=\/wp\/v2\/posts\/32152\/revisions"}],"predecessor-version":[{"id":32154,"href":"https:\/\/oficialnoticias.com\/index.php?rest_route=\/wp\/v2\/posts\/32152\/revisions\/32154"}],"wp:featuredmedia":[{"embeddable":true,"href":"https:\/\/oficialnoticias.com\/index.php?rest_route=\/wp\/v2\/media\/32153"}],"wp:attachment":[{"href":"https:\/\/oficialnoticias.com\/index.php?rest_route=%2Fwp%2Fv2%2Fmedia&parent=32152"}],"wp:term":[{"taxonomy":"category","embeddable":true,"href":"https:\/\/oficialnoticias.com\/index.php?rest_route=%2Fwp%2Fv2%2Fcategories&post=32152"},{"taxonomy":"post_tag","embeddable":true,"href":"https:\/\/oficialnoticias.com\/index.php?rest_route=%2Fwp%2Fv2%2Ftags&post=32152"}],"curies":[{"name":"wp","href":"https:\/\/api.w.org\/{rel}","templated":true}]}}