{"id":32134,"date":"2026-03-09T17:54:16","date_gmt":"2026-03-09T20:54:16","guid":{"rendered":"https:\/\/oficialnoticias.com\/?p=32134"},"modified":"2026-03-09T17:54:17","modified_gmt":"2026-03-09T20:54:17","slug":"agsus-e-usp-oferecem-mil-vagas-em-curso-de-saude-digital-para-profissionais-do-sus","status":"publish","type":"post","link":"https:\/\/oficialnoticias.com\/?p=32134","title":{"rendered":"AgSUS e USP oferecem mil vagas em curso de Sa\u00fade Digital para profissionais do SUS"},"content":{"rendered":"<p><\/p>\n<div>\n<p>O <b>curso Fundamentos de Sa\u00fade Digital na Aten\u00e7\u00e3o Prim\u00e1ria \u00e0 Sa\u00fade (APS)<\/b>, da Ag\u00eancia Brasileira de Apoio \u00e0 Gest\u00e3o do SUS (AgSUS), est\u00e1 com <b>mil vagas dispon\u00edveis<\/b>. Os interessados t\u00eam at\u00e9 15 de mar\u00e7o, ou at\u00e9 o preenchimento total das vagas, para se inscrever pelo <bsp-link-enhancement><br \/>\n    <span class=\"LinkEnhancement\"><a class=\"Link\" href=\"https:\/\/hcxfmusp.org.br\/portal\/online\/curso\/fundamentos-de-saude-digital-atualizacao-2025\/\" target=\"_blank\" title=\"portal da iniciativa\" rel=\"noopener\">portal da iniciativa<\/a><\/span><\/bsp-link-enhancement>.<\/p>\n<p>A forma\u00e7\u00e3o \u00e9 voltada para profissionais do <bsp-link-enhancement><br \/>\n    <span class=\"LinkEnhancement\"><a class=\"Link\" href=\"https:\/\/www.itatiaia.com.br\/saude\/mulheres-vitimas-de-violencia-terao-atendimento-psicologico-online-pelo-sus\" title=\"&lt;b&gt;Sistema \u00danico de Sa\u00fade (SUS)&lt;\/b&gt;\"><b>Sistema \u00danico de Sa\u00fade (SUS)<\/b><\/a><\/span><\/bsp-link-enhancement>. O objetivo \u00e9 ensinar os trabalhadores sobre o uso estrat\u00e9gico de ferramentas digitais no cuidado em sa\u00fade, aprimorando a qualidade do registro das informa\u00e7\u00f5es e organizando melhor os processos de atendimento.<\/p>\n<p>O curso \u00e9 oferecido em parceria com o Hospital das Cl\u00ednicas da Faculdade de Medicina da Universidade de S\u00e3o Paulo (USP). A carga hor\u00e1ria \u00e9 de 30 horas na modalidade educa\u00e7\u00e3o a dist\u00e2ncia (EaD).<\/p>\n<p><bsp-list-loadmore class=\"PageListStandardG\" data-module=\"\" data-show-loadmore=\"true\" data-list-title-size=\"3\" data-list-description-size=\"3\"><\/p>\n<p>    <a class=\"AnchorLink\" title=\"leia-tambem\" name=\"leia-tambem\"\/><\/p>\n<p><\/bsp-list-loadmore><\/p>\n<p>Os profissionais ter\u00e3o acesso a videoaulas com especialistas reconhecidos na \u00e1rea de sa\u00fade digital, como o chefe da disciplina de Telemedicina da Faculdade de Medicina da USP, Chao Lung Wen, e a secret\u00e1ria de Informa\u00e7\u00e3o e Sa\u00fade Digital do Minist\u00e9rio da Sa\u00fade, Ana Estela Haddad. O curso tamb\u00e9m oferece materiais de apoio, como e-books, resumos ilustrados e simula\u00e7\u00f5es baseadas em situa\u00e7\u00f5es reais vivenciadas na APS.<\/p>\n<p>Entre os programas e solu\u00e7\u00f5es dispon\u00edveis abordados no curso est\u00e3o o uso do <bsp-link-enhancement><br \/>\n    <span class=\"LinkEnhancement\"><a class=\"Link\" href=\"https:\/\/www.itatiaia.com.br\/saude\/app-meu-sus-digital-permite-agendar-consultas-no-sus-em-mais-de-500-cidades\" title=\"&lt;b&gt;Meu SUS Digital&lt;\/b&gt; \"><b>Meu SUS Digital<\/b> <\/a><\/span><\/bsp-link-enhancement>e do <bsp-link-enhancement><br \/>\n    <span class=\"LinkEnhancement\"><a class=\"Link\" href=\"https:\/\/www.itatiaia.com.br\/saude\/2024\/07\/17\/profissionais-do-sus-terao-acesso-a-prontuario-unificado-de-pacientes\" title=\"&lt;b&gt;Prontu\u00e1rio Eletr\u00f4nico do Cidad\u00e3o (PEC)&lt;\/b&gt;\"><b>Prontu\u00e1rio Eletr\u00f4nico do Cidad\u00e3o (PEC)<\/b><\/a><\/span><\/bsp-link-enhancement>. Outros temas abordados ser\u00e3o o uso da telessa\u00fade na Aten\u00e7\u00e3o Prim\u00e1ria \u00e0 Sa\u00fade; utiliza\u00e7\u00e3o da ferramenta de videochamada integrada ao PEC e-SUS APS; registro de <bsp-link-enhancement><br \/>\n    <span class=\"LinkEnhancement\"><a class=\"Link\" href=\"https:\/\/www.itatiaia.com.br\/saude\/2025\/03\/31\/teleconsulta-e-alternativa-segura-para-acompanhamento-medico-diz-estudo\" title=\"&lt;b&gt;teleconsultas&lt;\/b&gt;\"><b>teleconsultas<\/b><\/a><\/span><\/bsp-link-enhancement> no PEC e-SUS APS; integra\u00e7\u00e3o com a Rede Nacional de Dados em Sa\u00fade (RNDS); aspectos de \u00e9tica, direito digital e prote\u00e7\u00e3o de dados aplicados \u00e0 sa\u00fade; uso de ferramentas digitais para otimiza\u00e7\u00e3o da pr\u00e1tica cl\u00ednica.<\/p>\n<\/p><\/div>\n<p><script>\n  window.fbAsyncInit = function() {\n      FB.init({\n              appId : '1447052969554341',\n          xfbml : true,\n          version : 'v2.9'\n      });\n  };\n  (function(d, s, id){\n     var js, fjs = d.getElementsByTagName(s)[0];\n     if (d.getElementById(id)) {return;}\n     js = d.createElement(s); js.id = id;\n     js.src = \"https:\/\/connect.facebook.net\/en_US\/sdk.js\";\n     fjs.parentNode.insertBefore(js, fjs);\n   }(document, 'script', 'facebook-jssdk'));\n<\/script><\/p>\n","protected":false},"excerpt":{"rendered":"<p>O curso Fundamentos de Sa\u00fade Digital na Aten\u00e7\u00e3o Prim\u00e1ria \u00e0 Sa\u00fade (APS), da Ag\u00eancia Brasileira de Apoio \u00e0 Gest\u00e3o do SUS (AgSUS), est\u00e1 com mil vagas dispon\u00edveis. Os interessados t\u00eam at\u00e9 15 de mar\u00e7o, ou at\u00e9 o preenchimento total das vagas, para se inscrever pelo portal da iniciativa. A forma\u00e7\u00e3o \u00e9 voltada para profissionais do&#8230;<\/p>\n","protected":false},"author":2,"featured_media":32135,"comment_status":"open","ping_status":"open","sticky":false,"template":"","format":"standard","meta":{"footnotes":""},"categories":[1],"tags":[],"class_list":["post-32134","post","type-post","status-publish","format-standard","has-post-thumbnail","hentry","category-sem-categoria"],"yoast_head":"<!-- This site is optimized with the Yoast SEO plugin v27.3 - https:\/\/yoast.com\/product\/yoast-seo-wordpress\/ -->\n<title>AgSUS e USP oferecem mil vagas em curso de Sa\u00fade Digital para profissionais do SUS -<\/title>\n<meta name=\"robots\" content=\"index, follow, max-snippet:-1, max-image-preview:large, max-video-preview:-1\" \/>\n<link rel=\"canonical\" href=\"https:\/\/oficialnoticias.com\/?p=32134\" \/>\n<meta property=\"og:locale\" content=\"pt_BR\" \/>\n<meta property=\"og:type\" content=\"article\" \/>\n<meta property=\"og:title\" content=\"AgSUS e USP oferecem mil vagas em curso de Sa\u00fade Digital para profissionais do SUS -\" \/>\n<meta property=\"og:description\" content=\"O curso Fundamentos de Sa\u00fade Digital na Aten\u00e7\u00e3o Prim\u00e1ria \u00e0 Sa\u00fade (APS), da Ag\u00eancia Brasileira de Apoio \u00e0 Gest\u00e3o do SUS (AgSUS), est\u00e1 com mil vagas dispon\u00edveis. Os interessados t\u00eam at\u00e9 15 de mar\u00e7o, ou at\u00e9 o preenchimento total das vagas, para se inscrever pelo portal da iniciativa. A forma\u00e7\u00e3o \u00e9 voltada para profissionais do...\" \/>\n<meta property=\"og:url\" content=\"https:\/\/oficialnoticias.com\/?p=32134\" \/>\n<meta property=\"article:published_time\" content=\"2026-03-09T20:54:16+00:00\" \/>\n<meta property=\"article:modified_time\" content=\"2026-03-09T20:54:17+00:00\" \/>\n<meta property=\"og:image\" content=\"https:\/\/oficialnoticias.com\/wp-content\/uploads\/2026\/03\/urlhttps3A2F2Fk2-prod-radio-itatiaia.s3.us-east-1.amazonaws.com2Fbrightspot2F4f2F942F70e828.webp\" \/>\n\t<meta property=\"og:image:width\" content=\"1200\" \/>\n\t<meta property=\"og:image:height\" content=\"630\" \/>\n\t<meta property=\"og:image:type\" content=\"image\/webp\" \/>\n<meta name=\"author\" content=\"Luana Gon\u00e7alves\" \/>\n<meta name=\"twitter:card\" content=\"summary_large_image\" \/>\n<meta name=\"twitter:label1\" content=\"Escrito por\" \/>\n\t<meta name=\"twitter:data1\" content=\"Luana Gon\u00e7alves\" \/>\n\t<meta name=\"twitter:label2\" content=\"Est. tempo de leitura\" \/>\n\t<meta name=\"twitter:data2\" content=\"2 minutos\" \/>\n<script type=\"application\/ld+json\" class=\"yoast-schema-graph\">{\"@context\":\"https:\\\/\\\/schema.org\",\"@graph\":[{\"@type\":\"Article\",\"@id\":\"https:\\\/\\\/oficialnoticias.com\\\/?p=32134#article\",\"isPartOf\":{\"@id\":\"https:\\\/\\\/oficialnoticias.com\\\/?p=32134\"},\"author\":{\"name\":\"Luana Gon\u00e7alves\",\"@id\":\"https:\\\/\\\/oficialnoticias.com\\\/#\\\/schema\\\/person\\\/2d1dcbb6bfbc28d68171b4dc04723d4a\"},\"headline\":\"AgSUS e USP oferecem mil vagas em curso de Sa\u00fade Digital para profissionais do SUS\",\"datePublished\":\"2026-03-09T20:54:16+00:00\",\"dateModified\":\"2026-03-09T20:54:17+00:00\",\"mainEntityOfPage\":{\"@id\":\"https:\\\/\\\/oficialnoticias.com\\\/?p=32134\"},\"wordCount\":328,\"commentCount\":0,\"publisher\":{\"@id\":\"https:\\\/\\\/oficialnoticias.com\\\/#organization\"},\"image\":{\"@id\":\"https:\\\/\\\/oficialnoticias.com\\\/?p=32134#primaryimage\"},\"thumbnailUrl\":\"https:\\\/\\\/oficialnoticias.com\\\/wp-content\\\/uploads\\\/2026\\\/03\\\/urlhttps3A2F2Fk2-prod-radio-itatiaia.s3.us-east-1.amazonaws.com2Fbrightspot2F4f2F942F70e828.webp\",\"articleSection\":[\"Sa\u00fade\"],\"inLanguage\":\"pt-BR\",\"potentialAction\":[{\"@type\":\"CommentAction\",\"name\":\"Comment\",\"target\":[\"https:\\\/\\\/oficialnoticias.com\\\/?p=32134#respond\"]}]},{\"@type\":\"WebPage\",\"@id\":\"https:\\\/\\\/oficialnoticias.com\\\/?p=32134\",\"url\":\"https:\\\/\\\/oficialnoticias.com\\\/?p=32134\",\"name\":\"AgSUS e USP oferecem mil vagas em curso de Sa\u00fade Digital para profissionais do SUS -\",\"isPartOf\":{\"@id\":\"https:\\\/\\\/oficialnoticias.com\\\/#website\"},\"primaryImageOfPage\":{\"@id\":\"https:\\\/\\\/oficialnoticias.com\\\/?p=32134#primaryimage\"},\"image\":{\"@id\":\"https:\\\/\\\/oficialnoticias.com\\\/?p=32134#primaryimage\"},\"thumbnailUrl\":\"https:\\\/\\\/oficialnoticias.com\\\/wp-content\\\/uploads\\\/2026\\\/03\\\/urlhttps3A2F2Fk2-prod-radio-itatiaia.s3.us-east-1.amazonaws.com2Fbrightspot2F4f2F942F70e828.webp\",\"datePublished\":\"2026-03-09T20:54:16+00:00\",\"dateModified\":\"2026-03-09T20:54:17+00:00\",\"breadcrumb\":{\"@id\":\"https:\\\/\\\/oficialnoticias.com\\\/?p=32134#breadcrumb\"},\"inLanguage\":\"pt-BR\",\"potentialAction\":[{\"@type\":\"ReadAction\",\"target\":[\"https:\\\/\\\/oficialnoticias.com\\\/?p=32134\"]}]},{\"@type\":\"ImageObject\",\"inLanguage\":\"pt-BR\",\"@id\":\"https:\\\/\\\/oficialnoticias.com\\\/?p=32134#primaryimage\",\"url\":\"https:\\\/\\\/oficialnoticias.com\\\/wp-content\\\/uploads\\\/2026\\\/03\\\/urlhttps3A2F2Fk2-prod-radio-itatiaia.s3.us-east-1.amazonaws.com2Fbrightspot2F4f2F942F70e828.webp\",\"contentUrl\":\"https:\\\/\\\/oficialnoticias.com\\\/wp-content\\\/uploads\\\/2026\\\/03\\\/urlhttps3A2F2Fk2-prod-radio-itatiaia.s3.us-east-1.amazonaws.com2Fbrightspot2F4f2F942F70e828.webp\",\"width\":1200,\"height\":630},{\"@type\":\"BreadcrumbList\",\"@id\":\"https:\\\/\\\/oficialnoticias.com\\\/?p=32134#breadcrumb\",\"itemListElement\":[{\"@type\":\"ListItem\",\"position\":1,\"name\":\"In\u00edcio\",\"item\":\"https:\\\/\\\/oficialnoticias.com\\\/\"},{\"@type\":\"ListItem\",\"position\":2,\"name\":\"AgSUS e USP oferecem mil vagas em curso de Sa\u00fade Digital para profissionais do SUS\"}]},{\"@type\":\"WebSite\",\"@id\":\"https:\\\/\\\/oficialnoticias.com\\\/#website\",\"url\":\"https:\\\/\\\/oficialnoticias.com\\\/\",\"name\":\"oficial Noticias\",\"description\":\"\",\"publisher\":{\"@id\":\"https:\\\/\\\/oficialnoticias.com\\\/#organization\"},\"potentialAction\":[{\"@type\":\"SearchAction\",\"target\":{\"@type\":\"EntryPoint\",\"urlTemplate\":\"https:\\\/\\\/oficialnoticias.com\\\/?s={search_term_string}\"},\"query-input\":{\"@type\":\"PropertyValueSpecification\",\"valueRequired\":true,\"valueName\":\"search_term_string\"}}],\"inLanguage\":\"pt-BR\"},{\"@type\":\"Organization\",\"@id\":\"https:\\\/\\\/oficialnoticias.com\\\/#organization\",\"name\":\"oficial noticias\",\"url\":\"https:\\\/\\\/oficialnoticias.com\\\/\",\"logo\":{\"@type\":\"ImageObject\",\"inLanguage\":\"pt-BR\",\"@id\":\"https:\\\/\\\/oficialnoticias.com\\\/#\\\/schema\\\/logo\\\/image\\\/\",\"url\":\"https:\\\/\\\/oficialnoticias.com\\\/wp-content\\\/uploads\\\/2025\\\/08\\\/cropped-cropped-cropped-Logo-Noticias-e1753639739829.png\",\"contentUrl\":\"https:\\\/\\\/oficialnoticias.com\\\/wp-content\\\/uploads\\\/2025\\\/08\\\/cropped-cropped-cropped-Logo-Noticias-e1753639739829.png\",\"width\":119,\"height\":86,\"caption\":\"oficial noticias\"},\"image\":{\"@id\":\"https:\\\/\\\/oficialnoticias.com\\\/#\\\/schema\\\/logo\\\/image\\\/\"}},{\"@type\":\"Person\",\"@id\":\"https:\\\/\\\/oficialnoticias.com\\\/#\\\/schema\\\/person\\\/2d1dcbb6bfbc28d68171b4dc04723d4a\",\"name\":\"Luana Gon\u00e7alves\",\"image\":{\"@type\":\"ImageObject\",\"inLanguage\":\"pt-BR\",\"@id\":\"https:\\\/\\\/secure.gravatar.com\\\/avatar\\\/7aa6afdef873224c1a0265951f3fdfc0679f65dfbd15f018612595d323c52521?s=96&d=mm&r=g\",\"url\":\"https:\\\/\\\/secure.gravatar.com\\\/avatar\\\/7aa6afdef873224c1a0265951f3fdfc0679f65dfbd15f018612595d323c52521?s=96&d=mm&r=g\",\"contentUrl\":\"https:\\\/\\\/secure.gravatar.com\\\/avatar\\\/7aa6afdef873224c1a0265951f3fdfc0679f65dfbd15f018612595d323c52521?s=96&d=mm&r=g\",\"caption\":\"Luana Gon\u00e7alves\"},\"sameAs\":[\"https:\\\/\\\/oficialnoticias.com\\\/\"],\"url\":\"https:\\\/\\\/oficialnoticias.com\\\/?author=2\"}]}<\/script>\n<!-- \/ Yoast SEO plugin. -->","yoast_head_json":{"title":"AgSUS e USP oferecem mil vagas em curso de Sa\u00fade Digital para profissionais do SUS -","robots":{"index":"index","follow":"follow","max-snippet":"max-snippet:-1","max-image-preview":"max-image-preview:large","max-video-preview":"max-video-preview:-1"},"canonical":"https:\/\/oficialnoticias.com\/?p=32134","og_locale":"pt_BR","og_type":"article","og_title":"AgSUS e USP oferecem mil vagas em curso de Sa\u00fade Digital para profissionais do SUS -","og_description":"O curso Fundamentos de Sa\u00fade Digital na Aten\u00e7\u00e3o Prim\u00e1ria \u00e0 Sa\u00fade (APS), da Ag\u00eancia Brasileira de Apoio \u00e0 Gest\u00e3o do SUS (AgSUS), est\u00e1 com mil vagas dispon\u00edveis. Os interessados t\u00eam at\u00e9 15 de mar\u00e7o, ou at\u00e9 o preenchimento total das vagas, para se inscrever pelo portal da iniciativa. A forma\u00e7\u00e3o \u00e9 voltada para profissionais do...","og_url":"https:\/\/oficialnoticias.com\/?p=32134","article_published_time":"2026-03-09T20:54:16+00:00","article_modified_time":"2026-03-09T20:54:17+00:00","og_image":[{"width":1200,"height":630,"url":"https:\/\/oficialnoticias.com\/wp-content\/uploads\/2026\/03\/urlhttps3A2F2Fk2-prod-radio-itatiaia.s3.us-east-1.amazonaws.com2Fbrightspot2F4f2F942F70e828.webp","type":"image\/webp"}],"author":"Luana Gon\u00e7alves","twitter_card":"summary_large_image","twitter_misc":{"Escrito por":"Luana Gon\u00e7alves","Est. tempo de leitura":"2 minutos"},"schema":{"@context":"https:\/\/schema.org","@graph":[{"@type":"Article","@id":"https:\/\/oficialnoticias.com\/?p=32134#article","isPartOf":{"@id":"https:\/\/oficialnoticias.com\/?p=32134"},"author":{"name":"Luana Gon\u00e7alves","@id":"https:\/\/oficialnoticias.com\/#\/schema\/person\/2d1dcbb6bfbc28d68171b4dc04723d4a"},"headline":"AgSUS e USP oferecem mil vagas em curso de Sa\u00fade Digital para profissionais do SUS","datePublished":"2026-03-09T20:54:16+00:00","dateModified":"2026-03-09T20:54:17+00:00","mainEntityOfPage":{"@id":"https:\/\/oficialnoticias.com\/?p=32134"},"wordCount":328,"commentCount":0,"publisher":{"@id":"https:\/\/oficialnoticias.com\/#organization"},"image":{"@id":"https:\/\/oficialnoticias.com\/?p=32134#primaryimage"},"thumbnailUrl":"https:\/\/oficialnoticias.com\/wp-content\/uploads\/2026\/03\/urlhttps3A2F2Fk2-prod-radio-itatiaia.s3.us-east-1.amazonaws.com2Fbrightspot2F4f2F942F70e828.webp","articleSection":["Sa\u00fade"],"inLanguage":"pt-BR","potentialAction":[{"@type":"CommentAction","name":"Comment","target":["https:\/\/oficialnoticias.com\/?p=32134#respond"]}]},{"@type":"WebPage","@id":"https:\/\/oficialnoticias.com\/?p=32134","url":"https:\/\/oficialnoticias.com\/?p=32134","name":"AgSUS e USP oferecem mil vagas em curso de Sa\u00fade Digital para profissionais do SUS -","isPartOf":{"@id":"https:\/\/oficialnoticias.com\/#website"},"primaryImageOfPage":{"@id":"https:\/\/oficialnoticias.com\/?p=32134#primaryimage"},"image":{"@id":"https:\/\/oficialnoticias.com\/?p=32134#primaryimage"},"thumbnailUrl":"https:\/\/oficialnoticias.com\/wp-content\/uploads\/2026\/03\/urlhttps3A2F2Fk2-prod-radio-itatiaia.s3.us-east-1.amazonaws.com2Fbrightspot2F4f2F942F70e828.webp","datePublished":"2026-03-09T20:54:16+00:00","dateModified":"2026-03-09T20:54:17+00:00","breadcrumb":{"@id":"https:\/\/oficialnoticias.com\/?p=32134#breadcrumb"},"inLanguage":"pt-BR","potentialAction":[{"@type":"ReadAction","target":["https:\/\/oficialnoticias.com\/?p=32134"]}]},{"@type":"ImageObject","inLanguage":"pt-BR","@id":"https:\/\/oficialnoticias.com\/?p=32134#primaryimage","url":"https:\/\/oficialnoticias.com\/wp-content\/uploads\/2026\/03\/urlhttps3A2F2Fk2-prod-radio-itatiaia.s3.us-east-1.amazonaws.com2Fbrightspot2F4f2F942F70e828.webp","contentUrl":"https:\/\/oficialnoticias.com\/wp-content\/uploads\/2026\/03\/urlhttps3A2F2Fk2-prod-radio-itatiaia.s3.us-east-1.amazonaws.com2Fbrightspot2F4f2F942F70e828.webp","width":1200,"height":630},{"@type":"BreadcrumbList","@id":"https:\/\/oficialnoticias.com\/?p=32134#breadcrumb","itemListElement":[{"@type":"ListItem","position":1,"name":"In\u00edcio","item":"https:\/\/oficialnoticias.com\/"},{"@type":"ListItem","position":2,"name":"AgSUS e USP oferecem mil vagas em curso de Sa\u00fade Digital para profissionais do SUS"}]},{"@type":"WebSite","@id":"https:\/\/oficialnoticias.com\/#website","url":"https:\/\/oficialnoticias.com\/","name":"oficial Noticias","description":"","publisher":{"@id":"https:\/\/oficialnoticias.com\/#organization"},"potentialAction":[{"@type":"SearchAction","target":{"@type":"EntryPoint","urlTemplate":"https:\/\/oficialnoticias.com\/?s={search_term_string}"},"query-input":{"@type":"PropertyValueSpecification","valueRequired":true,"valueName":"search_term_string"}}],"inLanguage":"pt-BR"},{"@type":"Organization","@id":"https:\/\/oficialnoticias.com\/#organization","name":"oficial noticias","url":"https:\/\/oficialnoticias.com\/","logo":{"@type":"ImageObject","inLanguage":"pt-BR","@id":"https:\/\/oficialnoticias.com\/#\/schema\/logo\/image\/","url":"https:\/\/oficialnoticias.com\/wp-content\/uploads\/2025\/08\/cropped-cropped-cropped-Logo-Noticias-e1753639739829.png","contentUrl":"https:\/\/oficialnoticias.com\/wp-content\/uploads\/2025\/08\/cropped-cropped-cropped-Logo-Noticias-e1753639739829.png","width":119,"height":86,"caption":"oficial noticias"},"image":{"@id":"https:\/\/oficialnoticias.com\/#\/schema\/logo\/image\/"}},{"@type":"Person","@id":"https:\/\/oficialnoticias.com\/#\/schema\/person\/2d1dcbb6bfbc28d68171b4dc04723d4a","name":"Luana Gon\u00e7alves","image":{"@type":"ImageObject","inLanguage":"pt-BR","@id":"https:\/\/secure.gravatar.com\/avatar\/7aa6afdef873224c1a0265951f3fdfc0679f65dfbd15f018612595d323c52521?s=96&d=mm&r=g","url":"https:\/\/secure.gravatar.com\/avatar\/7aa6afdef873224c1a0265951f3fdfc0679f65dfbd15f018612595d323c52521?s=96&d=mm&r=g","contentUrl":"https:\/\/secure.gravatar.com\/avatar\/7aa6afdef873224c1a0265951f3fdfc0679f65dfbd15f018612595d323c52521?s=96&d=mm&r=g","caption":"Luana Gon\u00e7alves"},"sameAs":["https:\/\/oficialnoticias.com\/"],"url":"https:\/\/oficialnoticias.com\/?author=2"}]}},"_links":{"self":[{"href":"https:\/\/oficialnoticias.com\/index.php?rest_route=\/wp\/v2\/posts\/32134","targetHints":{"allow":["GET"]}}],"collection":[{"href":"https:\/\/oficialnoticias.com\/index.php?rest_route=\/wp\/v2\/posts"}],"about":[{"href":"https:\/\/oficialnoticias.com\/index.php?rest_route=\/wp\/v2\/types\/post"}],"author":[{"embeddable":true,"href":"https:\/\/oficialnoticias.com\/index.php?rest_route=\/wp\/v2\/users\/2"}],"replies":[{"embeddable":true,"href":"https:\/\/oficialnoticias.com\/index.php?rest_route=%2Fwp%2Fv2%2Fcomments&post=32134"}],"version-history":[{"count":1,"href":"https:\/\/oficialnoticias.com\/index.php?rest_route=\/wp\/v2\/posts\/32134\/revisions"}],"predecessor-version":[{"id":32136,"href":"https:\/\/oficialnoticias.com\/index.php?rest_route=\/wp\/v2\/posts\/32134\/revisions\/32136"}],"wp:featuredmedia":[{"embeddable":true,"href":"https:\/\/oficialnoticias.com\/index.php?rest_route=\/wp\/v2\/media\/32135"}],"wp:attachment":[{"href":"https:\/\/oficialnoticias.com\/index.php?rest_route=%2Fwp%2Fv2%2Fmedia&parent=32134"}],"wp:term":[{"taxonomy":"category","embeddable":true,"href":"https:\/\/oficialnoticias.com\/index.php?rest_route=%2Fwp%2Fv2%2Fcategories&post=32134"},{"taxonomy":"post_tag","embeddable":true,"href":"https:\/\/oficialnoticias.com\/index.php?rest_route=%2Fwp%2Fv2%2Ftags&post=32134"}],"curies":[{"name":"wp","href":"https:\/\/api.w.org\/{rel}","templated":true}]}}