{"id":30192,"date":"2026-01-22T11:03:38","date_gmt":"2026-01-22T14:03:38","guid":{"rendered":"https:\/\/oficialnoticias.com\/?p=30192"},"modified":"2026-01-22T11:03:39","modified_gmt":"2026-01-22T14:03:39","slug":"com-foco-nas-pessoas-sesi-mg-apoia-empresas-no-cuidado-com-a-saude-mental-e-fortalece-a-produtividade-da-industria","status":"publish","type":"post","link":"https:\/\/oficialnoticias.com\/?p=30192","title":{"rendered":"Com foco nas pessoas, SESI MG apoia empresas no cuidado com a sa\u00fade mental e fortalece a produtividade da ind\u00fastria"},"content":{"rendered":"<p><\/p>\n<div>\n<p>Em meio \u00e0s press\u00f5es do mundo moderno, a sa\u00fade mental deixou de ser um tema restrito ao consult\u00f3rio e passou a ocupar lugar central na sa\u00fade em geral, na qualidade de vida e no desempenho do setor produtivo. Ansiedade, estresse e esgotamento afetam o bem-estar das pessoas, mas tamb\u00e9m impactam rotinas, rela\u00e7\u00f5es profissionais e resultados das empresas. Quando o cuidado emocional \u00e9 ignorado, aumentam os afastamentos, o envolvimento das equipes diminui e a produtividade sofre. Por outro lado, ambientes que acolhem e previnem adoecimentos constroem rela\u00e7\u00f5es mais saud\u00e1veis e sustent\u00e1veis.<\/p>\n<p>Na ind\u00fastria, onde a press\u00e3o por resultados convive com jornadas intensas e responsabilidades constantes, olhar para a sa\u00fade mental se tornou parte da estrat\u00e9gia de gest\u00e3o. N\u00e3o se trata de um gesto simb\u00f3lico, mas de uma decis\u00e3o que conecta pessoas, ambiente de trabalho e competitividade. \u00c9 nesse contexto que o SESI MG, por meio do SESI Vida e da plataforma Mentis 360\u00b0, fortalece iniciativas estruturadas que transformam uma demanda cada vez mais presente no cotidiano das empresas em a\u00e7\u00f5es concretas e planejadas.<\/p>\n<h3>Sa\u00fade mental no trabalho como prioridade estrat\u00e9gica<\/h3>\n<p>Cuidar do equil\u00edbrio emocional dos trabalhadores \u00e9 reconhecer que pessoas saud\u00e1veis produzem melhor, se relacionam melhor e permanecem mais tempo nas organiza\u00e7\u00f5es. Empresas que investem em bem-estar reduzem custos com afastamentos, fortalecem a cultura interna e se tornam mais atrativas para talentos. Os ganhos aparecem no dia a dia, na redu\u00e7\u00e3o do estresse, na melhora do clima e na capacidade de enfrentar desafios com mais clareza.<\/p>\n<p>Esta quest\u00e3o tamb\u00e9m se conecta diretamente aos n\u00edveis de produtividade e \u00e0 capacidade de inova\u00e7\u00e3o das empresas. Ambientes emocionalmente seguros favorecem a colabora\u00e7\u00e3o, diminuem conflitos e ampliam o senso de pertencimento. Quando o trabalhador percebe que a empresa se importa com sua sa\u00fade de forma genu\u00edna, o engajamento cresce e o cuidado deixa de ser uma obriga\u00e7\u00e3o individual para se tornar um compromisso coletivo.<\/p>\n<h3>Mentis 360\u00b0 mapeia riscos e orienta colaboradores<\/h3>\n<p>Dentro dessa vis\u00e3o, o Mentis 360\u00b0 surge como uma ferramenta que apoia empresas no cuidado com a sa\u00fade mental de forma organizada e acess\u00edvel. A plataforma digital, desenvolvida pelo SESI, foi pensada para monitorar riscos psicossociais e orientar tanto colaboradores quanto gestores, sempre com foco em preven\u00e7\u00e3o e planejamento.<\/p>\n<p>O acesso \u00e9 simples e preserva a privacidade. Cada trabalhador entra no sistema com login e senha pessoais e responde a question\u00e1rios padronizados. Ao final, recebe um retorno imediato com orienta\u00e7\u00f5es de autocuidado, o que amplia a consci\u00eancia sobre o pr\u00f3prio bem-estar. Nos casos em que h\u00e1 necessidade de acompanhamento, o sistema direciona o usu\u00e1rio para servi\u00e7os psicossociais dispon\u00edveis na regi\u00e3o, seja na rede p\u00fablica, na rede SESI ou pelo plano de sa\u00fade.<\/p>\n<p>Para as empresas, o Mentis 360\u00b0 apresenta uma vis\u00e3o ampla do cen\u00e1rio emocional da equipe, sempre com dados an\u00f4nimos. O painel permite identificar tend\u00eancias, \u00e1reas mais sens\u00edveis e necessidades espec\u00edficas por setor. Assim, as decis\u00f5es deixam de ser baseadas apenas em percep\u00e7\u00f5es e passam a contar com informa\u00e7\u00f5es estruturadas, que orientam programas internos de forma mais assertiva.<\/p>\n<p>De acordo com a gerente de Seguran\u00e7a e Sa\u00fade para a Ind\u00fastria do SESI de Belo Horizonte, Fernanda Cardoso Zanetti, o sistema utiliza instrumentos cientificamente validados para identificar transtornos mentais comuns entre trabalhadores e apoiar decis\u00f5es internas baseadas em dados. A proposta \u00e9 unir cuidado individual e intelig\u00eancia organizacional, sem expor pessoas e sem transformar o tema em tabu.<\/p>\n<h3>Dados que fortalecem a gest\u00e3o e o bem-estar coletivo<\/h3>\n<p>O uso estrat\u00e9gico das informa\u00e7\u00f5es \u00e9 um dos pontos centrais da plataforma. Segundo Fernanda Zanetti, o Mentis 360\u00b0 apoia gestores e equipes de RH ao oferecer um diagn\u00f3stico segmentado do bem-estar emocional dos colaboradores. Com esse retrato, \u00e9 poss\u00edvel priorizar a\u00e7\u00f5es, distribuir recursos de forma mais eficiente e criar programas alinhados \u00e0 realidade de cada equipe.<\/p>\n<p>\u201cAs empresas conseguem direcionar melhor seus programas internos e torn\u00e1-los mais consistentes\u201d, explica. O resultado aparece no envolvimento dos trabalhadores com o autocuidado, na percep\u00e7\u00e3o de que a organiza\u00e7\u00e3o se compromete com a sa\u00fade mental e na melhoria da qualidade das a\u00e7\u00f5es de gest\u00e3o.<\/p>\n<p>H\u00e1 reflexos diretos no clima organizacional e na produtividade. Ambientes mais saud\u00e1veis reduzem o estresse di\u00e1rio e diminuem tanto o absente\u00edsmo quanto o presente\u00edsmo, fatores que interferem nos n\u00edveis de efici\u00eancia. Entre os principais benef\u00edcios para quem adota um programa estruturado como o Mentis 360\u00b0, est\u00e3o a tomada de decis\u00e3o baseada em dados, a identifica\u00e7\u00e3o ativa de trabalhadores em risco e a constru\u00e7\u00e3o de uma cultura corporativa mais humana.<\/p>\n<p>Ao integrar informa\u00e7\u00f5es e orientar a\u00e7\u00f5es, a plataforma ajuda a prevenir crises e a fortalecer a seguran\u00e7a emocional no trabalho. O cuidado deixa de ser pontual e passa a fazer parte da gest\u00e3o, com impacto positivo nos resultados e na imagem da empresa.<\/p>\n<p>Implementar um programa completo de sa\u00fade como o oferecido pelo SESI Vida \u00e9 tamb\u00e9m investir no futuro do neg\u00f3cio. Com o apoio de iniciativas como o Mentis 360\u00b0 e outras a\u00e7\u00f5es de bem-estar, empresas podem reduzir afastamentos e impulsionar a produtividade de forma respons\u00e1vel.<\/p>\n<p>Para conhecer melhor as solu\u00e7\u00f5es oferecidas pelo SESI MG e melhorar a sa\u00fade mental do seu time, <bsp-link-enhancement><br \/>\n    <span class=\"LinkEnhancement\"><a class=\"Link\" href=\"https:\/\/api.whatsapp.com\/send\/?phone=5531993922407&amp;text=Ol%C3%A1%2C+vi+a+mat%C3%A9ria+da+Itatiaia+e+gostaria+de+mais+informa%C3%A7%C3%B5es.+&amp;type=phone_number&amp;app_absent=0\" target=\"_blank\" title=\"clique aqui\" rel=\"noopener\">clique aqui<\/a><\/span><\/bsp-link-enhancement>.<\/p>\n<p><bsp-list-loadmore class=\"PageListStandardG\" data-module=\"\" data-show-loadmore=\"true\" data-list-title-size=\"3\" data-list-description-size=\"3\"><\/p>\n<p>    <a class=\"AnchorLink\" title=\"leia-tambem\" name=\"leia-tambem\"\/><\/p>\n<p><\/bsp-list-loadmore><\/p><\/div>\n<p><script>\n  window.fbAsyncInit = function() {\n      FB.init({\n              appId : '1447052969554341',\n          xfbml : true,\n          version : 'v2.9'\n      });\n  };\n  (function(d, s, id){\n     var js, fjs = d.getElementsByTagName(s)[0];\n     if (d.getElementById(id)) {return;}\n     js = d.createElement(s); js.id = id;\n     js.src = \"https:\/\/connect.facebook.net\/en_US\/sdk.js\";\n     fjs.parentNode.insertBefore(js, fjs);\n   }(document, 'script', 'facebook-jssdk'));\n<\/script><\/p>\n","protected":false},"excerpt":{"rendered":"<p>Em meio \u00e0s press\u00f5es do mundo moderno, a sa\u00fade mental deixou de ser um tema restrito ao consult\u00f3rio e passou a ocupar lugar central na sa\u00fade em geral, na qualidade de vida e no desempenho do setor produtivo. Ansiedade, estresse e esgotamento afetam o bem-estar das pessoas, mas tamb\u00e9m impactam rotinas, rela\u00e7\u00f5es profissionais e resultados&#8230;<\/p>\n","protected":false},"author":2,"featured_media":30193,"comment_status":"open","ping_status":"open","sticky":false,"template":"","format":"standard","meta":{"footnotes":""},"categories":[25],"tags":[],"class_list":["post-30192","post","type-post","status-publish","format-standard","has-post-thumbnail","hentry","category-economia"],"yoast_head":"<!-- This site is optimized with the Yoast SEO plugin v27.3 - https:\/\/yoast.com\/product\/yoast-seo-wordpress\/ -->\n<title>Com foco nas pessoas, SESI MG apoia empresas no cuidado com a sa\u00fade mental e fortalece a produtividade da ind\u00fastria -<\/title>\n<meta name=\"robots\" content=\"index, follow, max-snippet:-1, max-image-preview:large, max-video-preview:-1\" \/>\n<link rel=\"canonical\" href=\"https:\/\/oficialnoticias.com\/?p=30192\" \/>\n<meta property=\"og:locale\" content=\"pt_BR\" \/>\n<meta property=\"og:type\" content=\"article\" \/>\n<meta property=\"og:title\" content=\"Com foco nas pessoas, SESI MG apoia empresas no cuidado com a sa\u00fade mental e fortalece a produtividade da ind\u00fastria -\" \/>\n<meta property=\"og:description\" content=\"Em meio \u00e0s press\u00f5es do mundo moderno, a sa\u00fade mental deixou de ser um tema restrito ao consult\u00f3rio e passou a ocupar lugar central na sa\u00fade em geral, na qualidade de vida e no desempenho do setor produtivo. Ansiedade, estresse e esgotamento afetam o bem-estar das pessoas, mas tamb\u00e9m impactam rotinas, rela\u00e7\u00f5es profissionais e resultados...\" \/>\n<meta property=\"og:url\" content=\"https:\/\/oficialnoticias.com\/?p=30192\" \/>\n<meta property=\"article:published_time\" content=\"2026-01-22T14:03:38+00:00\" \/>\n<meta property=\"article:modified_time\" content=\"2026-01-22T14:03:39+00:00\" \/>\n<meta property=\"og:image\" content=\"https:\/\/oficialnoticias.com\/wp-content\/uploads\/2026\/01\/urlhttps3A2F2Fk2-prod-radio-itatiaia.s3.us-east-1.amazonaws.com2Fbrightspot2F112F792F538152.webp\" \/>\n\t<meta property=\"og:image:width\" content=\"1200\" \/>\n\t<meta property=\"og:image:height\" content=\"630\" \/>\n\t<meta property=\"og:image:type\" content=\"image\/webp\" \/>\n<meta name=\"author\" content=\"Luana Gon\u00e7alves\" \/>\n<meta name=\"twitter:card\" content=\"summary_large_image\" \/>\n<meta name=\"twitter:label1\" content=\"Escrito por\" \/>\n\t<meta name=\"twitter:data1\" content=\"Luana Gon\u00e7alves\" \/>\n\t<meta name=\"twitter:label2\" content=\"Est. tempo de leitura\" \/>\n\t<meta name=\"twitter:data2\" content=\"5 minutos\" \/>\n<script type=\"application\/ld+json\" class=\"yoast-schema-graph\">{\"@context\":\"https:\\\/\\\/schema.org\",\"@graph\":[{\"@type\":\"Article\",\"@id\":\"https:\\\/\\\/oficialnoticias.com\\\/?p=30192#article\",\"isPartOf\":{\"@id\":\"https:\\\/\\\/oficialnoticias.com\\\/?p=30192\"},\"author\":{\"name\":\"Luana Gon\u00e7alves\",\"@id\":\"https:\\\/\\\/oficialnoticias.com\\\/#\\\/schema\\\/person\\\/2d1dcbb6bfbc28d68171b4dc04723d4a\"},\"headline\":\"Com foco nas pessoas, SESI MG apoia empresas no cuidado com a sa\u00fade mental e fortalece a produtividade da ind\u00fastria\",\"datePublished\":\"2026-01-22T14:03:38+00:00\",\"dateModified\":\"2026-01-22T14:03:39+00:00\",\"mainEntityOfPage\":{\"@id\":\"https:\\\/\\\/oficialnoticias.com\\\/?p=30192\"},\"wordCount\":937,\"commentCount\":0,\"publisher\":{\"@id\":\"https:\\\/\\\/oficialnoticias.com\\\/#organization\"},\"image\":{\"@id\":\"https:\\\/\\\/oficialnoticias.com\\\/?p=30192#primaryimage\"},\"thumbnailUrl\":\"https:\\\/\\\/oficialnoticias.com\\\/wp-content\\\/uploads\\\/2026\\\/01\\\/urlhttps3A2F2Fk2-prod-radio-itatiaia.s3.us-east-1.amazonaws.com2Fbrightspot2F112F792F538152.webp\",\"articleSection\":[\"Economia\"],\"inLanguage\":\"pt-BR\",\"potentialAction\":[{\"@type\":\"CommentAction\",\"name\":\"Comment\",\"target\":[\"https:\\\/\\\/oficialnoticias.com\\\/?p=30192#respond\"]}]},{\"@type\":\"WebPage\",\"@id\":\"https:\\\/\\\/oficialnoticias.com\\\/?p=30192\",\"url\":\"https:\\\/\\\/oficialnoticias.com\\\/?p=30192\",\"name\":\"Com foco nas pessoas, SESI MG apoia empresas no cuidado com a sa\u00fade mental e fortalece a produtividade da ind\u00fastria -\",\"isPartOf\":{\"@id\":\"https:\\\/\\\/oficialnoticias.com\\\/#website\"},\"primaryImageOfPage\":{\"@id\":\"https:\\\/\\\/oficialnoticias.com\\\/?p=30192#primaryimage\"},\"image\":{\"@id\":\"https:\\\/\\\/oficialnoticias.com\\\/?p=30192#primaryimage\"},\"thumbnailUrl\":\"https:\\\/\\\/oficialnoticias.com\\\/wp-content\\\/uploads\\\/2026\\\/01\\\/urlhttps3A2F2Fk2-prod-radio-itatiaia.s3.us-east-1.amazonaws.com2Fbrightspot2F112F792F538152.webp\",\"datePublished\":\"2026-01-22T14:03:38+00:00\",\"dateModified\":\"2026-01-22T14:03:39+00:00\",\"breadcrumb\":{\"@id\":\"https:\\\/\\\/oficialnoticias.com\\\/?p=30192#breadcrumb\"},\"inLanguage\":\"pt-BR\",\"potentialAction\":[{\"@type\":\"ReadAction\",\"target\":[\"https:\\\/\\\/oficialnoticias.com\\\/?p=30192\"]}]},{\"@type\":\"ImageObject\",\"inLanguage\":\"pt-BR\",\"@id\":\"https:\\\/\\\/oficialnoticias.com\\\/?p=30192#primaryimage\",\"url\":\"https:\\\/\\\/oficialnoticias.com\\\/wp-content\\\/uploads\\\/2026\\\/01\\\/urlhttps3A2F2Fk2-prod-radio-itatiaia.s3.us-east-1.amazonaws.com2Fbrightspot2F112F792F538152.webp\",\"contentUrl\":\"https:\\\/\\\/oficialnoticias.com\\\/wp-content\\\/uploads\\\/2026\\\/01\\\/urlhttps3A2F2Fk2-prod-radio-itatiaia.s3.us-east-1.amazonaws.com2Fbrightspot2F112F792F538152.webp\",\"width\":1200,\"height\":630},{\"@type\":\"BreadcrumbList\",\"@id\":\"https:\\\/\\\/oficialnoticias.com\\\/?p=30192#breadcrumb\",\"itemListElement\":[{\"@type\":\"ListItem\",\"position\":1,\"name\":\"In\u00edcio\",\"item\":\"https:\\\/\\\/oficialnoticias.com\\\/\"},{\"@type\":\"ListItem\",\"position\":2,\"name\":\"Com foco nas pessoas, SESI MG apoia empresas no cuidado com a sa\u00fade mental e fortalece a produtividade da ind\u00fastria\"}]},{\"@type\":\"WebSite\",\"@id\":\"https:\\\/\\\/oficialnoticias.com\\\/#website\",\"url\":\"https:\\\/\\\/oficialnoticias.com\\\/\",\"name\":\"oficial Noticias\",\"description\":\"\",\"publisher\":{\"@id\":\"https:\\\/\\\/oficialnoticias.com\\\/#organization\"},\"potentialAction\":[{\"@type\":\"SearchAction\",\"target\":{\"@type\":\"EntryPoint\",\"urlTemplate\":\"https:\\\/\\\/oficialnoticias.com\\\/?s={search_term_string}\"},\"query-input\":{\"@type\":\"PropertyValueSpecification\",\"valueRequired\":true,\"valueName\":\"search_term_string\"}}],\"inLanguage\":\"pt-BR\"},{\"@type\":\"Organization\",\"@id\":\"https:\\\/\\\/oficialnoticias.com\\\/#organization\",\"name\":\"oficial noticias\",\"url\":\"https:\\\/\\\/oficialnoticias.com\\\/\",\"logo\":{\"@type\":\"ImageObject\",\"inLanguage\":\"pt-BR\",\"@id\":\"https:\\\/\\\/oficialnoticias.com\\\/#\\\/schema\\\/logo\\\/image\\\/\",\"url\":\"https:\\\/\\\/oficialnoticias.com\\\/wp-content\\\/uploads\\\/2025\\\/08\\\/cropped-cropped-cropped-Logo-Noticias-e1753639739829.png\",\"contentUrl\":\"https:\\\/\\\/oficialnoticias.com\\\/wp-content\\\/uploads\\\/2025\\\/08\\\/cropped-cropped-cropped-Logo-Noticias-e1753639739829.png\",\"width\":119,\"height\":86,\"caption\":\"oficial noticias\"},\"image\":{\"@id\":\"https:\\\/\\\/oficialnoticias.com\\\/#\\\/schema\\\/logo\\\/image\\\/\"}},{\"@type\":\"Person\",\"@id\":\"https:\\\/\\\/oficialnoticias.com\\\/#\\\/schema\\\/person\\\/2d1dcbb6bfbc28d68171b4dc04723d4a\",\"name\":\"Luana Gon\u00e7alves\",\"image\":{\"@type\":\"ImageObject\",\"inLanguage\":\"pt-BR\",\"@id\":\"https:\\\/\\\/secure.gravatar.com\\\/avatar\\\/7aa6afdef873224c1a0265951f3fdfc0679f65dfbd15f018612595d323c52521?s=96&d=mm&r=g\",\"url\":\"https:\\\/\\\/secure.gravatar.com\\\/avatar\\\/7aa6afdef873224c1a0265951f3fdfc0679f65dfbd15f018612595d323c52521?s=96&d=mm&r=g\",\"contentUrl\":\"https:\\\/\\\/secure.gravatar.com\\\/avatar\\\/7aa6afdef873224c1a0265951f3fdfc0679f65dfbd15f018612595d323c52521?s=96&d=mm&r=g\",\"caption\":\"Luana Gon\u00e7alves\"},\"sameAs\":[\"https:\\\/\\\/oficialnoticias.com\\\/\"],\"url\":\"https:\\\/\\\/oficialnoticias.com\\\/?author=2\"}]}<\/script>\n<!-- \/ Yoast SEO plugin. -->","yoast_head_json":{"title":"Com foco nas pessoas, SESI MG apoia empresas no cuidado com a sa\u00fade mental e fortalece a produtividade da ind\u00fastria -","robots":{"index":"index","follow":"follow","max-snippet":"max-snippet:-1","max-image-preview":"max-image-preview:large","max-video-preview":"max-video-preview:-1"},"canonical":"https:\/\/oficialnoticias.com\/?p=30192","og_locale":"pt_BR","og_type":"article","og_title":"Com foco nas pessoas, SESI MG apoia empresas no cuidado com a sa\u00fade mental e fortalece a produtividade da ind\u00fastria -","og_description":"Em meio \u00e0s press\u00f5es do mundo moderno, a sa\u00fade mental deixou de ser um tema restrito ao consult\u00f3rio e passou a ocupar lugar central na sa\u00fade em geral, na qualidade de vida e no desempenho do setor produtivo. Ansiedade, estresse e esgotamento afetam o bem-estar das pessoas, mas tamb\u00e9m impactam rotinas, rela\u00e7\u00f5es profissionais e resultados...","og_url":"https:\/\/oficialnoticias.com\/?p=30192","article_published_time":"2026-01-22T14:03:38+00:00","article_modified_time":"2026-01-22T14:03:39+00:00","og_image":[{"width":1200,"height":630,"url":"https:\/\/oficialnoticias.com\/wp-content\/uploads\/2026\/01\/urlhttps3A2F2Fk2-prod-radio-itatiaia.s3.us-east-1.amazonaws.com2Fbrightspot2F112F792F538152.webp","type":"image\/webp"}],"author":"Luana Gon\u00e7alves","twitter_card":"summary_large_image","twitter_misc":{"Escrito por":"Luana Gon\u00e7alves","Est. tempo de leitura":"5 minutos"},"schema":{"@context":"https:\/\/schema.org","@graph":[{"@type":"Article","@id":"https:\/\/oficialnoticias.com\/?p=30192#article","isPartOf":{"@id":"https:\/\/oficialnoticias.com\/?p=30192"},"author":{"name":"Luana Gon\u00e7alves","@id":"https:\/\/oficialnoticias.com\/#\/schema\/person\/2d1dcbb6bfbc28d68171b4dc04723d4a"},"headline":"Com foco nas pessoas, SESI MG apoia empresas no cuidado com a sa\u00fade mental e fortalece a produtividade da ind\u00fastria","datePublished":"2026-01-22T14:03:38+00:00","dateModified":"2026-01-22T14:03:39+00:00","mainEntityOfPage":{"@id":"https:\/\/oficialnoticias.com\/?p=30192"},"wordCount":937,"commentCount":0,"publisher":{"@id":"https:\/\/oficialnoticias.com\/#organization"},"image":{"@id":"https:\/\/oficialnoticias.com\/?p=30192#primaryimage"},"thumbnailUrl":"https:\/\/oficialnoticias.com\/wp-content\/uploads\/2026\/01\/urlhttps3A2F2Fk2-prod-radio-itatiaia.s3.us-east-1.amazonaws.com2Fbrightspot2F112F792F538152.webp","articleSection":["Economia"],"inLanguage":"pt-BR","potentialAction":[{"@type":"CommentAction","name":"Comment","target":["https:\/\/oficialnoticias.com\/?p=30192#respond"]}]},{"@type":"WebPage","@id":"https:\/\/oficialnoticias.com\/?p=30192","url":"https:\/\/oficialnoticias.com\/?p=30192","name":"Com foco nas pessoas, SESI MG apoia empresas no cuidado com a sa\u00fade mental e fortalece a produtividade da ind\u00fastria -","isPartOf":{"@id":"https:\/\/oficialnoticias.com\/#website"},"primaryImageOfPage":{"@id":"https:\/\/oficialnoticias.com\/?p=30192#primaryimage"},"image":{"@id":"https:\/\/oficialnoticias.com\/?p=30192#primaryimage"},"thumbnailUrl":"https:\/\/oficialnoticias.com\/wp-content\/uploads\/2026\/01\/urlhttps3A2F2Fk2-prod-radio-itatiaia.s3.us-east-1.amazonaws.com2Fbrightspot2F112F792F538152.webp","datePublished":"2026-01-22T14:03:38+00:00","dateModified":"2026-01-22T14:03:39+00:00","breadcrumb":{"@id":"https:\/\/oficialnoticias.com\/?p=30192#breadcrumb"},"inLanguage":"pt-BR","potentialAction":[{"@type":"ReadAction","target":["https:\/\/oficialnoticias.com\/?p=30192"]}]},{"@type":"ImageObject","inLanguage":"pt-BR","@id":"https:\/\/oficialnoticias.com\/?p=30192#primaryimage","url":"https:\/\/oficialnoticias.com\/wp-content\/uploads\/2026\/01\/urlhttps3A2F2Fk2-prod-radio-itatiaia.s3.us-east-1.amazonaws.com2Fbrightspot2F112F792F538152.webp","contentUrl":"https:\/\/oficialnoticias.com\/wp-content\/uploads\/2026\/01\/urlhttps3A2F2Fk2-prod-radio-itatiaia.s3.us-east-1.amazonaws.com2Fbrightspot2F112F792F538152.webp","width":1200,"height":630},{"@type":"BreadcrumbList","@id":"https:\/\/oficialnoticias.com\/?p=30192#breadcrumb","itemListElement":[{"@type":"ListItem","position":1,"name":"In\u00edcio","item":"https:\/\/oficialnoticias.com\/"},{"@type":"ListItem","position":2,"name":"Com foco nas pessoas, SESI MG apoia empresas no cuidado com a sa\u00fade mental e fortalece a produtividade da ind\u00fastria"}]},{"@type":"WebSite","@id":"https:\/\/oficialnoticias.com\/#website","url":"https:\/\/oficialnoticias.com\/","name":"oficial Noticias","description":"","publisher":{"@id":"https:\/\/oficialnoticias.com\/#organization"},"potentialAction":[{"@type":"SearchAction","target":{"@type":"EntryPoint","urlTemplate":"https:\/\/oficialnoticias.com\/?s={search_term_string}"},"query-input":{"@type":"PropertyValueSpecification","valueRequired":true,"valueName":"search_term_string"}}],"inLanguage":"pt-BR"},{"@type":"Organization","@id":"https:\/\/oficialnoticias.com\/#organization","name":"oficial noticias","url":"https:\/\/oficialnoticias.com\/","logo":{"@type":"ImageObject","inLanguage":"pt-BR","@id":"https:\/\/oficialnoticias.com\/#\/schema\/logo\/image\/","url":"https:\/\/oficialnoticias.com\/wp-content\/uploads\/2025\/08\/cropped-cropped-cropped-Logo-Noticias-e1753639739829.png","contentUrl":"https:\/\/oficialnoticias.com\/wp-content\/uploads\/2025\/08\/cropped-cropped-cropped-Logo-Noticias-e1753639739829.png","width":119,"height":86,"caption":"oficial noticias"},"image":{"@id":"https:\/\/oficialnoticias.com\/#\/schema\/logo\/image\/"}},{"@type":"Person","@id":"https:\/\/oficialnoticias.com\/#\/schema\/person\/2d1dcbb6bfbc28d68171b4dc04723d4a","name":"Luana Gon\u00e7alves","image":{"@type":"ImageObject","inLanguage":"pt-BR","@id":"https:\/\/secure.gravatar.com\/avatar\/7aa6afdef873224c1a0265951f3fdfc0679f65dfbd15f018612595d323c52521?s=96&d=mm&r=g","url":"https:\/\/secure.gravatar.com\/avatar\/7aa6afdef873224c1a0265951f3fdfc0679f65dfbd15f018612595d323c52521?s=96&d=mm&r=g","contentUrl":"https:\/\/secure.gravatar.com\/avatar\/7aa6afdef873224c1a0265951f3fdfc0679f65dfbd15f018612595d323c52521?s=96&d=mm&r=g","caption":"Luana Gon\u00e7alves"},"sameAs":["https:\/\/oficialnoticias.com\/"],"url":"https:\/\/oficialnoticias.com\/?author=2"}]}},"_links":{"self":[{"href":"https:\/\/oficialnoticias.com\/index.php?rest_route=\/wp\/v2\/posts\/30192","targetHints":{"allow":["GET"]}}],"collection":[{"href":"https:\/\/oficialnoticias.com\/index.php?rest_route=\/wp\/v2\/posts"}],"about":[{"href":"https:\/\/oficialnoticias.com\/index.php?rest_route=\/wp\/v2\/types\/post"}],"author":[{"embeddable":true,"href":"https:\/\/oficialnoticias.com\/index.php?rest_route=\/wp\/v2\/users\/2"}],"replies":[{"embeddable":true,"href":"https:\/\/oficialnoticias.com\/index.php?rest_route=%2Fwp%2Fv2%2Fcomments&post=30192"}],"version-history":[{"count":1,"href":"https:\/\/oficialnoticias.com\/index.php?rest_route=\/wp\/v2\/posts\/30192\/revisions"}],"predecessor-version":[{"id":30194,"href":"https:\/\/oficialnoticias.com\/index.php?rest_route=\/wp\/v2\/posts\/30192\/revisions\/30194"}],"wp:featuredmedia":[{"embeddable":true,"href":"https:\/\/oficialnoticias.com\/index.php?rest_route=\/wp\/v2\/media\/30193"}],"wp:attachment":[{"href":"https:\/\/oficialnoticias.com\/index.php?rest_route=%2Fwp%2Fv2%2Fmedia&parent=30192"}],"wp:term":[{"taxonomy":"category","embeddable":true,"href":"https:\/\/oficialnoticias.com\/index.php?rest_route=%2Fwp%2Fv2%2Fcategories&post=30192"},{"taxonomy":"post_tag","embeddable":true,"href":"https:\/\/oficialnoticias.com\/index.php?rest_route=%2Fwp%2Fv2%2Ftags&post=30192"}],"curies":[{"name":"wp","href":"https:\/\/api.w.org\/{rel}","templated":true}]}}