{"id":30144,"date":"2026-01-21T13:29:00","date_gmt":"2026-01-21T16:29:00","guid":{"rendered":"https:\/\/oficialnoticias.com\/?p=30144"},"modified":"2026-01-21T13:29:00","modified_gmt":"2026-01-21T16:29:00","slug":"atletico-lancara-bar-na-sede-de-lourdes-para-300-pessoas-veja-imagens-do-projeto","status":"publish","type":"post","link":"https:\/\/oficialnoticias.com\/?p=30144","title":{"rendered":"Atl\u00e9tico lan\u00e7ar\u00e1 bar na sede de Lourdes para 300 pessoas; veja imagens do projeto"},"content":{"rendered":"<p><\/p>\n<div>\n<p>O torcedor do <bsp-link-enhancement><br \/>\n    <span class=\"LinkEnhancement\"><a class=\"Link\" href=\"https:\/\/www.itatiaia.com.br\/esportes\/futebol\/futebol-nacional\/futebol-mineiro\/atletico\" title=\"&lt;b&gt;Atl\u00e9tico&lt;\/b&gt; \"><b>Atl\u00e9tico<\/b> <\/a><\/span><\/bsp-link-enhancement>ganhar\u00e1 mais um local para vivenciar os jogos na sede de Lourdes da Loja do Galo. Nos pr\u00f3ximos meses, um bar tecnol\u00f3gico ser\u00e1 inaugurado na Rua Bernardo Guimar\u00e3es, 2380. O espa\u00e7o vai integrar a novidade, a loja oficial e o memorial, com a inten\u00e7\u00e3o de criar um ambiente totalmente voltado para o torcedor atleticano. A iniciativa nasceu gra\u00e7as \u00e0 parceria da Loja do Galo com a associa\u00e7\u00e3o, presidida por S\u00e9rgio Coelho.<\/p>\n<p>A <b>Itatiaia<\/b> foi at\u00e9 o local no dia de in\u00edcio as obras de demoli\u00e7\u00e3o do antigo estabelecimento e constru\u00e7\u00e3o da nova casa da boemia atleticana, que ter\u00e1 como arquiteto Bernardo Farkasv\u00f6lgyi, respons\u00e1vel pelo projeto da Arena MRV.<\/p>\n<p>Segundo L\u00e9lia Almeida, propriet\u00e1ria da Loja do Galo de Lourdes e do futuro bar, o projeto nasceu a partir de uma ideia do presidente do Atl\u00e9tico, S\u00e9rgio Coelho, com o objetivo de preservar a alma da sede de Lourdes e a hist\u00f3ria do clube.<\/p>\n<p>\u201cAqui tem muito da alma do atleticano, que \u00e9 a sede de Lourdes. Ent\u00e3o, a proposta do S\u00e9rgio foi justamente preservar isso. Por isso surgiu o bar, integrado ao memorial, \u00e0 loja e a todo o espa\u00e7o, tudo voltado para o Galo\u201d, afirmou.<\/p>\n<div class=\"Enhancement\" data-align-center=\"\">\n<div class=\"Enhancement-item\">\n<h3 class=\"carousel-title\">Veja fotos do projeto do GaloBar para a sede de Lourdes da Loja do Atl\u00e9tico<\/h3>\n<p><bsp-carousel class=\"Carousel\" data-module=\"\" id=\"veja-fotos-do-projeto-do-galobar-para-a-sede-de-lourdes-da-loja-do-atletico\"><\/p>\n<p>    <a class=\"AnchorLink\" title=\"veja-fotos-do-projeto-do-galobar-para-a-sede-de-lourdes-da-loja-do-atletico\" name=\"veja-fotos-do-projeto-do-galobar-para-a-sede-de-lourdes-da-loja-do-atletico\"\/><\/p>\n<div class=\"Carousel-slides\">\n<div class=\"Carousel-slide\">\n<div class=\"CarouselSlide\">\n<div class=\"CarouselSlide-info\">\n<div><span class=\"CarouselSlide-infoDescription\"><\/p>\n<p>GaloBar na sede de Lourdes ser\u00e1 inaugurado na Copa do Mundo<\/p>\n<p><\/span><span class=\"CarouselSlide-infoAttribution\"><\/p>\n<p>Divulga\u00e7\u00e3o\/Loja do Galo<\/p>\n<p><\/span><\/div>\n<\/p><\/div>\n<\/div><\/div>\n<div class=\"Carousel-slide\">\n<div class=\"CarouselSlide\">\n<div class=\"CarouselSlide-info\">\n<div><span class=\"CarouselSlide-infoDescription\"><\/p>\n<p>GaloBar na sede de Lourdes ser\u00e1 inaugurado na Copa do Mundo<\/p>\n<p><\/span><span class=\"CarouselSlide-infoAttribution\"><\/p>\n<p>Divulga\u00e7\u00e3o\/Loja do Galo<\/p>\n<p><\/span><\/div>\n<\/p><\/div>\n<\/div><\/div>\n<div class=\"Carousel-slide\">\n<div class=\"CarouselSlide\">\n<div class=\"CarouselSlide-info\">\n<div><span class=\"CarouselSlide-infoDescription\"><\/p>\n<p>GaloBar na sede de Lourdes ser\u00e1 inaugurado na Copa do Mundo<\/p>\n<p><\/span><span class=\"CarouselSlide-infoAttribution\"><\/p>\n<p>Divulga\u00e7\u00e3o\/Loja do Galo<\/p>\n<p><\/span><\/div>\n<\/p><\/div>\n<\/div><\/div>\n<div class=\"Carousel-slide\">\n<div class=\"CarouselSlide\">\n<div class=\"CarouselSlide-info\">\n<div><span class=\"CarouselSlide-infoDescription\"><\/p>\n<p>GaloBar na sede de Lourdes ser\u00e1 inaugurado na Copa do Mundo<\/p>\n<p><\/span><span class=\"CarouselSlide-infoAttribution\"><\/p>\n<p>Divulga\u00e7\u00e3o\/Loja do Galo<\/p>\n<p><\/span><\/div>\n<\/p><\/div>\n<\/div><\/div>\n<div class=\"Carousel-slide\">\n<div class=\"CarouselSlide\">\n<div class=\"CarouselSlide-info\">\n<div><span class=\"CarouselSlide-infoDescription\"><\/p>\n<p>GaloBar na sede de Lourdes ser\u00e1 inaugurado na Copa do Mundo<\/p>\n<p><\/span><span class=\"CarouselSlide-infoAttribution\"><\/p>\n<p>Divulga\u00e7\u00e3o\/Loja do Galo<\/p>\n<p><\/span><\/div>\n<\/p><\/div>\n<\/div><\/div>\n<div class=\"Carousel-slide\">\n<div class=\"CarouselSlide\">\n<div class=\"CarouselSlide-info\">\n<div><span class=\"CarouselSlide-infoDescription\"><\/p>\n<p>GaloBar na sede de Lourdes ser\u00e1 inaugurado na Copa do Mundo<\/p>\n<p><\/span><span class=\"CarouselSlide-infoAttribution\"><\/p>\n<p>Divulga\u00e7\u00e3o\/Loja do Galo<\/p>\n<p><\/span><\/div>\n<\/p><\/div>\n<\/div><\/div>\n<\/p><\/div>\n<p><\/bsp-carousel><\/p><\/div>\n<\/p><\/div>\n<p>A inten\u00e7\u00e3o \u00e9 que o bar possa receber at\u00e9 300 pessoas em dias de jogo. Com um projeto moderno e estruturado, o estabelecimento ter\u00e1 um tel\u00e3o enorme que transmitir\u00e1 as partidas. Al\u00e9m disso, haver\u00e1 uma arquibancada para os clientes vivenciarem um dia de Arena.<\/p>\n<p>\u201cA gente pretende criar um bar com muitas intera\u00e7\u00f5es. Vai ter um tel\u00e3o muito grande para as pessoas assistirem aos jogos e v\u00e1rias ativa\u00e7\u00f5es. A ideia \u00e9 que, por exemplo, na segunda-feira tenha a\u00e7\u00f5es do Galo aqui\u201d, afirmou.<\/p>\n<p>S\u00f3cio de L\u00e9lia no projeto, Alexei Vallerini, que \u00e9 s\u00f3cio-diretor do Grupo Almanaque, com sete bares espalhados por Belo Horizonte e regi\u00e3o, destacou a alegria de, como atleticano, poder proporcionar um espa\u00e7o para a Massa.<\/p>\n<p>\u201cQuando me convidaram de abrir um bar do Galo, como atleticano, fiquei extremamente empolgado com a ideia. Quando ela me apresentou o projeto, fiquei mais encantado. Entrei com o carro andando, pois o projeto j\u00e1 estava em andamento com o Bernardo Farkasv\u00f6lgyi. A gente est\u00e1 com uma ideia de fazer uma coisa nova. Tem uma ideia de bar, caf\u00e9 e restaurante. Abrimos 8h da manh\u00e3, depois servimos um brunch, no almo\u00e7o, vira um restaurante, de tarde um caf\u00e9 de novo e, de noite, assumimos a identidade definitiva e bar\u201d, disse Alexei.<\/p>\n<p><bsp-list-loadmore class=\"PageListStandardG\" data-module=\"\" data-show-loadmore=\"true\" data-list-title-size=\"3\" data-list-description-size=\"3\"><\/p>\n<p>    <a class=\"AnchorLink\" title=\"leia-tambem\" name=\"leia-tambem\"\/><\/p>\n<p><\/bsp-list-loadmore><\/p>\n<h2>Tecnologia<\/h2>\n<p>Um dos diferenciais do novo estabelecimento ser\u00e1 a tecnologia. Com capacidade para mais de 300 pessoas, o espa\u00e7o contar\u00e1 com \u00e1reas internas e externas para acompanhar jogos e eventos, al\u00e9m de funcionar como ponto de encontro para torcedores de Belo Horizonte e visitantes<\/p>\n<p>\u201c\u00c9 um bar moderno, com muito LED, muitas televis\u00f5es, mas pensado para que o torcedor sinta a sensa\u00e7\u00e3o de estar assistindo a um jogo dentro do est\u00e1dio. Tudo est\u00e1 sendo pensado para proporcionar essa experi\u00eancia: o tel\u00e3o, o som, o ambiente. \u00c9 como se fosse um pedacinho da Arena em Lourdes\u2019, afirmou L\u00e9lia.<\/p>\n<p>\u201cAcho que o grande barato mesmo \u00e9 o cinema. Vai ser um mega painel de LED, com uma arquibancada, para levar ao torcedor a sensa\u00e7\u00e3o de estar no est\u00e1dio. \u00c9 um projeto pioneiro. Tem at\u00e9 inspira\u00e7\u00e3o algumas casas no exterior, mas estamos trabalhando pesado para deixar todos os detalhes certinhos. Vai ter um playground para as crian\u00e7as tamb\u00e9m\u201d, disse Alexei.<\/p>\n<h3>Transmiss\u00e3o de jogos de outros clubes e esportes<\/h3>\n<p>O futuro Bar do Galo ser\u00e1 muito focado no torcedor atleticano, mas tamb\u00e9m vai abrir espa\u00e7o para quem curte outros esportes e torcedores de outros clubes do Brasil e do mundo, com exce\u00e7\u00e3o de cruzeirenses, como brincou L\u00e9lia: \u201cA gente pretende passar jogos das torcidas amigas&#8230; do concorrente n\u00e3o, de jeito nenhum (risos). N\u00e3o tem jeito. A ess\u00eancia \u00e9 o Galo. Plagiando o Daniel (de Oliveira), \u00e9 o territ\u00f3rio do Galo mesmo, mas as torcidas amigas v\u00e3o ser muito bem recebidas\u201d, disse ao explicar que torcedores de outros clubes, como Vasco e Palmeiras, j\u00e1 frequentam a Loja do Galo.<\/p>\n<p>Al\u00e9m da Copa do Mundo, o futuro bar tamb\u00e9m planeja transmitir jogos de ligas europeias e de outros esportes, como NBA e NFL, mas sempre com o Atl\u00e9tico tendo prioridade.<\/p>\n<h2>Fachada ser\u00e1 mantida?<\/h2>\n<p>O projeto ser\u00e1 integrado com a Loja do Galo Lourdes e o memorial, que tamb\u00e9m est\u00e1 sendo constru\u00eddo. Sempre quando se fala da sede do clube, o torcedor atleticano se pergunta sobra a fachada, que conta com um escudo gigante do Atl\u00e9tico e uma \u00e1rea com exibi\u00e7\u00e3o dos trof\u00e9us conquistados. Segundo L\u00e9lia e Alexei, nada disso ser\u00e1 alterado.<\/p>\n<p>\u201cO projeto \u00e9 todo respeitado. A fachada n\u00e3o vai mudar, pois \u00e9 dividida entre a loja, o memorial e o bar. Tudo integrado, voc\u00ea sai do memorial para a loja e da loja para o bar. Sempre com muito respeito a identidade do clube\u201d, disse L\u00e9lia, que foi complementada por Alexei: \u201cTenho muito orgulho da fachada, ela \u00e9 maravilhosa. Mas, vamos aproveitar a varanda da frente, com muitas cadeiras e mesas, que \u00e9 uma op\u00e7\u00e3o que o mineiro adora\u201d, concluiu.<\/p>\n<h2>Quando ficar\u00e1 pronto?<\/h2>\n<p>A previs\u00e3o de inaugura\u00e7\u00e3o \u00e9 entre abril e maio, antes da Copa do Mundo, e o local tamb\u00e9m ser\u00e1 utilizado para transmiss\u00f5es dos jogos do Mundial, funcionando como uma extens\u00e3o da experi\u00eancia da Arena em pleno bairro de Lourdes.<\/p>\n<\/p><\/div>\n<p><script>\n  window.fbAsyncInit = function() {\n      FB.init({\n              appId : '1447052969554341',\n          xfbml : true,\n          version : 'v2.9'\n      });\n  };\n  (function(d, s, id){\n     var js, fjs = d.getElementsByTagName(s)[0];\n     if (d.getElementById(id)) {return;}\n     js = d.createElement(s); js.id = id;\n     js.src = \"https:\/\/connect.facebook.net\/en_US\/sdk.js\";\n     fjs.parentNode.insertBefore(js, fjs);\n   }(document, 'script', 'facebook-jssdk'));\n<\/script><\/p>\n","protected":false},"excerpt":{"rendered":"<p>O torcedor do Atl\u00e9tico ganhar\u00e1 mais um local para vivenciar os jogos na sede de Lourdes da Loja do Galo. Nos pr\u00f3ximos meses, um bar tecnol\u00f3gico ser\u00e1 inaugurado na Rua Bernardo Guimar\u00e3es, 2380. O espa\u00e7o vai integrar a novidade, a loja oficial e o memorial, com a inten\u00e7\u00e3o de criar um ambiente totalmente voltado para&#8230;<\/p>\n","protected":false},"author":2,"featured_media":30145,"comment_status":"open","ping_status":"open","sticky":false,"template":"","format":"standard","meta":{"footnotes":""},"categories":[25],"tags":[],"class_list":["post-30144","post","type-post","status-publish","format-standard","has-post-thumbnail","hentry","category-economia"],"yoast_head":"<!-- This site is optimized with the Yoast SEO plugin v27.3 - https:\/\/yoast.com\/product\/yoast-seo-wordpress\/ -->\n<title>Atl\u00e9tico lan\u00e7ar\u00e1 bar na sede de Lourdes para 300 pessoas; veja imagens do projeto -<\/title>\n<meta name=\"robots\" content=\"index, follow, max-snippet:-1, max-image-preview:large, max-video-preview:-1\" \/>\n<link rel=\"canonical\" href=\"https:\/\/oficialnoticias.com\/?p=30144\" \/>\n<meta property=\"og:locale\" content=\"pt_BR\" \/>\n<meta property=\"og:type\" content=\"article\" \/>\n<meta property=\"og:title\" content=\"Atl\u00e9tico lan\u00e7ar\u00e1 bar na sede de Lourdes para 300 pessoas; veja imagens do projeto -\" \/>\n<meta property=\"og:description\" content=\"O torcedor do Atl\u00e9tico ganhar\u00e1 mais um local para vivenciar os jogos na sede de Lourdes da Loja do Galo. Nos pr\u00f3ximos meses, um bar tecnol\u00f3gico ser\u00e1 inaugurado na Rua Bernardo Guimar\u00e3es, 2380. O espa\u00e7o vai integrar a novidade, a loja oficial e o memorial, com a inten\u00e7\u00e3o de criar um ambiente totalmente voltado para...\" \/>\n<meta property=\"og:url\" content=\"https:\/\/oficialnoticias.com\/?p=30144\" \/>\n<meta property=\"article:published_time\" content=\"2026-01-21T16:29:00+00:00\" \/>\n<meta property=\"og:image\" content=\"https:\/\/oficialnoticias.com\/wp-content\/uploads\/2026\/01\/urlhttps3A2F2Fk2-prod-radio-itatiaia.s3.us-east-1.amazonaws.com2Fbrightspot2Fb42F242F8c6ed3.webp\" \/>\n\t<meta property=\"og:image:width\" content=\"1200\" \/>\n\t<meta property=\"og:image:height\" content=\"630\" \/>\n\t<meta property=\"og:image:type\" content=\"image\/webp\" \/>\n<meta name=\"author\" content=\"Luana Gon\u00e7alves\" \/>\n<meta name=\"twitter:card\" content=\"summary_large_image\" \/>\n<meta name=\"twitter:label1\" content=\"Escrito por\" \/>\n\t<meta name=\"twitter:data1\" content=\"Luana Gon\u00e7alves\" \/>\n\t<meta name=\"twitter:label2\" content=\"Est. tempo de leitura\" \/>\n\t<meta name=\"twitter:data2\" content=\"5 minutos\" \/>\n<script type=\"application\/ld+json\" class=\"yoast-schema-graph\">{\"@context\":\"https:\\\/\\\/schema.org\",\"@graph\":[{\"@type\":\"Article\",\"@id\":\"https:\\\/\\\/oficialnoticias.com\\\/?p=30144#article\",\"isPartOf\":{\"@id\":\"https:\\\/\\\/oficialnoticias.com\\\/?p=30144\"},\"author\":{\"name\":\"Luana Gon\u00e7alves\",\"@id\":\"https:\\\/\\\/oficialnoticias.com\\\/#\\\/schema\\\/person\\\/2d1dcbb6bfbc28d68171b4dc04723d4a\"},\"headline\":\"Atl\u00e9tico lan\u00e7ar\u00e1 bar na sede de Lourdes para 300 pessoas; veja imagens do projeto\",\"datePublished\":\"2026-01-21T16:29:00+00:00\",\"mainEntityOfPage\":{\"@id\":\"https:\\\/\\\/oficialnoticias.com\\\/?p=30144\"},\"wordCount\":1069,\"commentCount\":0,\"publisher\":{\"@id\":\"https:\\\/\\\/oficialnoticias.com\\\/#organization\"},\"image\":{\"@id\":\"https:\\\/\\\/oficialnoticias.com\\\/?p=30144#primaryimage\"},\"thumbnailUrl\":\"https:\\\/\\\/oficialnoticias.com\\\/wp-content\\\/uploads\\\/2026\\\/01\\\/urlhttps3A2F2Fk2-prod-radio-itatiaia.s3.us-east-1.amazonaws.com2Fbrightspot2Fb42F242F8c6ed3.webp\",\"articleSection\":[\"Economia\"],\"inLanguage\":\"pt-BR\",\"potentialAction\":[{\"@type\":\"CommentAction\",\"name\":\"Comment\",\"target\":[\"https:\\\/\\\/oficialnoticias.com\\\/?p=30144#respond\"]}]},{\"@type\":\"WebPage\",\"@id\":\"https:\\\/\\\/oficialnoticias.com\\\/?p=30144\",\"url\":\"https:\\\/\\\/oficialnoticias.com\\\/?p=30144\",\"name\":\"Atl\u00e9tico lan\u00e7ar\u00e1 bar na sede de Lourdes para 300 pessoas; veja imagens do projeto -\",\"isPartOf\":{\"@id\":\"https:\\\/\\\/oficialnoticias.com\\\/#website\"},\"primaryImageOfPage\":{\"@id\":\"https:\\\/\\\/oficialnoticias.com\\\/?p=30144#primaryimage\"},\"image\":{\"@id\":\"https:\\\/\\\/oficialnoticias.com\\\/?p=30144#primaryimage\"},\"thumbnailUrl\":\"https:\\\/\\\/oficialnoticias.com\\\/wp-content\\\/uploads\\\/2026\\\/01\\\/urlhttps3A2F2Fk2-prod-radio-itatiaia.s3.us-east-1.amazonaws.com2Fbrightspot2Fb42F242F8c6ed3.webp\",\"datePublished\":\"2026-01-21T16:29:00+00:00\",\"breadcrumb\":{\"@id\":\"https:\\\/\\\/oficialnoticias.com\\\/?p=30144#breadcrumb\"},\"inLanguage\":\"pt-BR\",\"potentialAction\":[{\"@type\":\"ReadAction\",\"target\":[\"https:\\\/\\\/oficialnoticias.com\\\/?p=30144\"]}]},{\"@type\":\"ImageObject\",\"inLanguage\":\"pt-BR\",\"@id\":\"https:\\\/\\\/oficialnoticias.com\\\/?p=30144#primaryimage\",\"url\":\"https:\\\/\\\/oficialnoticias.com\\\/wp-content\\\/uploads\\\/2026\\\/01\\\/urlhttps3A2F2Fk2-prod-radio-itatiaia.s3.us-east-1.amazonaws.com2Fbrightspot2Fb42F242F8c6ed3.webp\",\"contentUrl\":\"https:\\\/\\\/oficialnoticias.com\\\/wp-content\\\/uploads\\\/2026\\\/01\\\/urlhttps3A2F2Fk2-prod-radio-itatiaia.s3.us-east-1.amazonaws.com2Fbrightspot2Fb42F242F8c6ed3.webp\",\"width\":1200,\"height\":630},{\"@type\":\"BreadcrumbList\",\"@id\":\"https:\\\/\\\/oficialnoticias.com\\\/?p=30144#breadcrumb\",\"itemListElement\":[{\"@type\":\"ListItem\",\"position\":1,\"name\":\"In\u00edcio\",\"item\":\"https:\\\/\\\/oficialnoticias.com\\\/\"},{\"@type\":\"ListItem\",\"position\":2,\"name\":\"Atl\u00e9tico lan\u00e7ar\u00e1 bar na sede de Lourdes para 300 pessoas; veja imagens do projeto\"}]},{\"@type\":\"WebSite\",\"@id\":\"https:\\\/\\\/oficialnoticias.com\\\/#website\",\"url\":\"https:\\\/\\\/oficialnoticias.com\\\/\",\"name\":\"oficial Noticias\",\"description\":\"\",\"publisher\":{\"@id\":\"https:\\\/\\\/oficialnoticias.com\\\/#organization\"},\"potentialAction\":[{\"@type\":\"SearchAction\",\"target\":{\"@type\":\"EntryPoint\",\"urlTemplate\":\"https:\\\/\\\/oficialnoticias.com\\\/?s={search_term_string}\"},\"query-input\":{\"@type\":\"PropertyValueSpecification\",\"valueRequired\":true,\"valueName\":\"search_term_string\"}}],\"inLanguage\":\"pt-BR\"},{\"@type\":\"Organization\",\"@id\":\"https:\\\/\\\/oficialnoticias.com\\\/#organization\",\"name\":\"oficial noticias\",\"url\":\"https:\\\/\\\/oficialnoticias.com\\\/\",\"logo\":{\"@type\":\"ImageObject\",\"inLanguage\":\"pt-BR\",\"@id\":\"https:\\\/\\\/oficialnoticias.com\\\/#\\\/schema\\\/logo\\\/image\\\/\",\"url\":\"https:\\\/\\\/oficialnoticias.com\\\/wp-content\\\/uploads\\\/2025\\\/08\\\/cropped-cropped-cropped-Logo-Noticias-e1753639739829.png\",\"contentUrl\":\"https:\\\/\\\/oficialnoticias.com\\\/wp-content\\\/uploads\\\/2025\\\/08\\\/cropped-cropped-cropped-Logo-Noticias-e1753639739829.png\",\"width\":119,\"height\":86,\"caption\":\"oficial noticias\"},\"image\":{\"@id\":\"https:\\\/\\\/oficialnoticias.com\\\/#\\\/schema\\\/logo\\\/image\\\/\"}},{\"@type\":\"Person\",\"@id\":\"https:\\\/\\\/oficialnoticias.com\\\/#\\\/schema\\\/person\\\/2d1dcbb6bfbc28d68171b4dc04723d4a\",\"name\":\"Luana Gon\u00e7alves\",\"image\":{\"@type\":\"ImageObject\",\"inLanguage\":\"pt-BR\",\"@id\":\"https:\\\/\\\/secure.gravatar.com\\\/avatar\\\/7aa6afdef873224c1a0265951f3fdfc0679f65dfbd15f018612595d323c52521?s=96&d=mm&r=g\",\"url\":\"https:\\\/\\\/secure.gravatar.com\\\/avatar\\\/7aa6afdef873224c1a0265951f3fdfc0679f65dfbd15f018612595d323c52521?s=96&d=mm&r=g\",\"contentUrl\":\"https:\\\/\\\/secure.gravatar.com\\\/avatar\\\/7aa6afdef873224c1a0265951f3fdfc0679f65dfbd15f018612595d323c52521?s=96&d=mm&r=g\",\"caption\":\"Luana Gon\u00e7alves\"},\"sameAs\":[\"https:\\\/\\\/oficialnoticias.com\\\/\"],\"url\":\"https:\\\/\\\/oficialnoticias.com\\\/?author=2\"}]}<\/script>\n<!-- \/ Yoast SEO plugin. -->","yoast_head_json":{"title":"Atl\u00e9tico lan\u00e7ar\u00e1 bar na sede de Lourdes para 300 pessoas; veja imagens do projeto -","robots":{"index":"index","follow":"follow","max-snippet":"max-snippet:-1","max-image-preview":"max-image-preview:large","max-video-preview":"max-video-preview:-1"},"canonical":"https:\/\/oficialnoticias.com\/?p=30144","og_locale":"pt_BR","og_type":"article","og_title":"Atl\u00e9tico lan\u00e7ar\u00e1 bar na sede de Lourdes para 300 pessoas; veja imagens do projeto -","og_description":"O torcedor do Atl\u00e9tico ganhar\u00e1 mais um local para vivenciar os jogos na sede de Lourdes da Loja do Galo. Nos pr\u00f3ximos meses, um bar tecnol\u00f3gico ser\u00e1 inaugurado na Rua Bernardo Guimar\u00e3es, 2380. O espa\u00e7o vai integrar a novidade, a loja oficial e o memorial, com a inten\u00e7\u00e3o de criar um ambiente totalmente voltado para...","og_url":"https:\/\/oficialnoticias.com\/?p=30144","article_published_time":"2026-01-21T16:29:00+00:00","og_image":[{"width":1200,"height":630,"url":"https:\/\/oficialnoticias.com\/wp-content\/uploads\/2026\/01\/urlhttps3A2F2Fk2-prod-radio-itatiaia.s3.us-east-1.amazonaws.com2Fbrightspot2Fb42F242F8c6ed3.webp","type":"image\/webp"}],"author":"Luana Gon\u00e7alves","twitter_card":"summary_large_image","twitter_misc":{"Escrito por":"Luana Gon\u00e7alves","Est. tempo de leitura":"5 minutos"},"schema":{"@context":"https:\/\/schema.org","@graph":[{"@type":"Article","@id":"https:\/\/oficialnoticias.com\/?p=30144#article","isPartOf":{"@id":"https:\/\/oficialnoticias.com\/?p=30144"},"author":{"name":"Luana Gon\u00e7alves","@id":"https:\/\/oficialnoticias.com\/#\/schema\/person\/2d1dcbb6bfbc28d68171b4dc04723d4a"},"headline":"Atl\u00e9tico lan\u00e7ar\u00e1 bar na sede de Lourdes para 300 pessoas; veja imagens do projeto","datePublished":"2026-01-21T16:29:00+00:00","mainEntityOfPage":{"@id":"https:\/\/oficialnoticias.com\/?p=30144"},"wordCount":1069,"commentCount":0,"publisher":{"@id":"https:\/\/oficialnoticias.com\/#organization"},"image":{"@id":"https:\/\/oficialnoticias.com\/?p=30144#primaryimage"},"thumbnailUrl":"https:\/\/oficialnoticias.com\/wp-content\/uploads\/2026\/01\/urlhttps3A2F2Fk2-prod-radio-itatiaia.s3.us-east-1.amazonaws.com2Fbrightspot2Fb42F242F8c6ed3.webp","articleSection":["Economia"],"inLanguage":"pt-BR","potentialAction":[{"@type":"CommentAction","name":"Comment","target":["https:\/\/oficialnoticias.com\/?p=30144#respond"]}]},{"@type":"WebPage","@id":"https:\/\/oficialnoticias.com\/?p=30144","url":"https:\/\/oficialnoticias.com\/?p=30144","name":"Atl\u00e9tico lan\u00e7ar\u00e1 bar na sede de Lourdes para 300 pessoas; veja imagens do projeto -","isPartOf":{"@id":"https:\/\/oficialnoticias.com\/#website"},"primaryImageOfPage":{"@id":"https:\/\/oficialnoticias.com\/?p=30144#primaryimage"},"image":{"@id":"https:\/\/oficialnoticias.com\/?p=30144#primaryimage"},"thumbnailUrl":"https:\/\/oficialnoticias.com\/wp-content\/uploads\/2026\/01\/urlhttps3A2F2Fk2-prod-radio-itatiaia.s3.us-east-1.amazonaws.com2Fbrightspot2Fb42F242F8c6ed3.webp","datePublished":"2026-01-21T16:29:00+00:00","breadcrumb":{"@id":"https:\/\/oficialnoticias.com\/?p=30144#breadcrumb"},"inLanguage":"pt-BR","potentialAction":[{"@type":"ReadAction","target":["https:\/\/oficialnoticias.com\/?p=30144"]}]},{"@type":"ImageObject","inLanguage":"pt-BR","@id":"https:\/\/oficialnoticias.com\/?p=30144#primaryimage","url":"https:\/\/oficialnoticias.com\/wp-content\/uploads\/2026\/01\/urlhttps3A2F2Fk2-prod-radio-itatiaia.s3.us-east-1.amazonaws.com2Fbrightspot2Fb42F242F8c6ed3.webp","contentUrl":"https:\/\/oficialnoticias.com\/wp-content\/uploads\/2026\/01\/urlhttps3A2F2Fk2-prod-radio-itatiaia.s3.us-east-1.amazonaws.com2Fbrightspot2Fb42F242F8c6ed3.webp","width":1200,"height":630},{"@type":"BreadcrumbList","@id":"https:\/\/oficialnoticias.com\/?p=30144#breadcrumb","itemListElement":[{"@type":"ListItem","position":1,"name":"In\u00edcio","item":"https:\/\/oficialnoticias.com\/"},{"@type":"ListItem","position":2,"name":"Atl\u00e9tico lan\u00e7ar\u00e1 bar na sede de Lourdes para 300 pessoas; veja imagens do projeto"}]},{"@type":"WebSite","@id":"https:\/\/oficialnoticias.com\/#website","url":"https:\/\/oficialnoticias.com\/","name":"oficial Noticias","description":"","publisher":{"@id":"https:\/\/oficialnoticias.com\/#organization"},"potentialAction":[{"@type":"SearchAction","target":{"@type":"EntryPoint","urlTemplate":"https:\/\/oficialnoticias.com\/?s={search_term_string}"},"query-input":{"@type":"PropertyValueSpecification","valueRequired":true,"valueName":"search_term_string"}}],"inLanguage":"pt-BR"},{"@type":"Organization","@id":"https:\/\/oficialnoticias.com\/#organization","name":"oficial noticias","url":"https:\/\/oficialnoticias.com\/","logo":{"@type":"ImageObject","inLanguage":"pt-BR","@id":"https:\/\/oficialnoticias.com\/#\/schema\/logo\/image\/","url":"https:\/\/oficialnoticias.com\/wp-content\/uploads\/2025\/08\/cropped-cropped-cropped-Logo-Noticias-e1753639739829.png","contentUrl":"https:\/\/oficialnoticias.com\/wp-content\/uploads\/2025\/08\/cropped-cropped-cropped-Logo-Noticias-e1753639739829.png","width":119,"height":86,"caption":"oficial noticias"},"image":{"@id":"https:\/\/oficialnoticias.com\/#\/schema\/logo\/image\/"}},{"@type":"Person","@id":"https:\/\/oficialnoticias.com\/#\/schema\/person\/2d1dcbb6bfbc28d68171b4dc04723d4a","name":"Luana Gon\u00e7alves","image":{"@type":"ImageObject","inLanguage":"pt-BR","@id":"https:\/\/secure.gravatar.com\/avatar\/7aa6afdef873224c1a0265951f3fdfc0679f65dfbd15f018612595d323c52521?s=96&d=mm&r=g","url":"https:\/\/secure.gravatar.com\/avatar\/7aa6afdef873224c1a0265951f3fdfc0679f65dfbd15f018612595d323c52521?s=96&d=mm&r=g","contentUrl":"https:\/\/secure.gravatar.com\/avatar\/7aa6afdef873224c1a0265951f3fdfc0679f65dfbd15f018612595d323c52521?s=96&d=mm&r=g","caption":"Luana Gon\u00e7alves"},"sameAs":["https:\/\/oficialnoticias.com\/"],"url":"https:\/\/oficialnoticias.com\/?author=2"}]}},"_links":{"self":[{"href":"https:\/\/oficialnoticias.com\/index.php?rest_route=\/wp\/v2\/posts\/30144","targetHints":{"allow":["GET"]}}],"collection":[{"href":"https:\/\/oficialnoticias.com\/index.php?rest_route=\/wp\/v2\/posts"}],"about":[{"href":"https:\/\/oficialnoticias.com\/index.php?rest_route=\/wp\/v2\/types\/post"}],"author":[{"embeddable":true,"href":"https:\/\/oficialnoticias.com\/index.php?rest_route=\/wp\/v2\/users\/2"}],"replies":[{"embeddable":true,"href":"https:\/\/oficialnoticias.com\/index.php?rest_route=%2Fwp%2Fv2%2Fcomments&post=30144"}],"version-history":[{"count":1,"href":"https:\/\/oficialnoticias.com\/index.php?rest_route=\/wp\/v2\/posts\/30144\/revisions"}],"predecessor-version":[{"id":30146,"href":"https:\/\/oficialnoticias.com\/index.php?rest_route=\/wp\/v2\/posts\/30144\/revisions\/30146"}],"wp:featuredmedia":[{"embeddable":true,"href":"https:\/\/oficialnoticias.com\/index.php?rest_route=\/wp\/v2\/media\/30145"}],"wp:attachment":[{"href":"https:\/\/oficialnoticias.com\/index.php?rest_route=%2Fwp%2Fv2%2Fmedia&parent=30144"}],"wp:term":[{"taxonomy":"category","embeddable":true,"href":"https:\/\/oficialnoticias.com\/index.php?rest_route=%2Fwp%2Fv2%2Fcategories&post=30144"},{"taxonomy":"post_tag","embeddable":true,"href":"https:\/\/oficialnoticias.com\/index.php?rest_route=%2Fwp%2Fv2%2Ftags&post=30144"}],"curies":[{"name":"wp","href":"https:\/\/api.w.org\/{rel}","templated":true}]}}