{"id":30126,"date":"2026-01-21T06:41:13","date_gmt":"2026-01-21T09:41:13","guid":{"rendered":"https:\/\/oficialnoticias.com\/?p=30126"},"modified":"2026-01-21T06:41:14","modified_gmt":"2026-01-21T09:41:14","slug":"problemas-de-saude-mental-custam-28-do-pib-brasileiro-diz-pesquisa","status":"publish","type":"post","link":"https:\/\/oficialnoticias.com\/?p=30126","title":{"rendered":"Problemas de sa\u00fade mental custam 2,8% do PIB brasileiro, diz pesquisa"},"content":{"rendered":"<p><\/p>\n<div>\n<p>Problemas de transtornos mentais s\u00e3o uma das principais causas de afastamento do trabalho e da perda de produtividade no Brasil. Segundo uma pesquisa realizada pela Federa\u00e7\u00e3o das Ind\u00fastrias de Minas Gerais (Fiemg), o trabalhador afetado perde, em m\u00e9dia, 51 dias de vida saud\u00e1vel por ano, o que retira 2,8% do Produto Interno Bruto (PIB) potencial brasileiro.<\/p>\n<p>O levantamento divulgado nessa ter\u00e7a-feira (20) mostra que os afastamentos equivalem a R$ 282 bilh\u00f5es por ano. A pesquisa ainda indica que cerca de 21 milh\u00f5es de trabalhadores j\u00e1 relataram problemas de sa\u00fade mental, sendo 8,3 milh\u00f5es com depress\u00e3o. Entre outros problemas mais frequentes, ainda est\u00e3o os transtornos de ansiedade e bipolaridade.<\/p>\n<p>A pesquisa aponta que doen\u00e7as mentais possuem efeitos diretos nos indiv\u00edduos, como os custos de medica\u00e7\u00e3o, consultas m\u00e9dicas e hospitaliza\u00e7\u00f5es, mas tamb\u00e9m efeitos indiretos, como perda de produtividade e perda de renda. No geral, essa combina\u00e7\u00e3o diminui a atividade econ\u00f4mica e aprofunda os n\u00edveis de pobreza e desigualdade.<\/p>\n<p>Segundo a analista de sa\u00fade e seguran\u00e7a do trabalho do Sesi-MG, Camila Dulce Gorgulho, os transtornos mentais afetam a din\u00e2mica das empresas de forma progressiva e silenciosa, gerando impactos para al\u00e9m dos afastamentos formais.<\/p>\n<p>Ela explica que o \u201cpresente\u00edsmo\u201d, quando o trabalhador permanece em atividade mesmo sem estar bem, \u00e9 um dos primeiros sinais e tende a elevar os custos operacionais, comprometendo a qualidade dos processos. \u201cQuando o colaborador n\u00e3o est\u00e1 bem emocionalmente, \u00e9 comum observar queda de concentra\u00e7\u00e3o, aumento de erros, retrabalho e conflitos\u201d, disse.<\/p>\n<p>O estudo ainda avalia um impacto de perda de aproximadamente 801 mil postos de trabalho no pa\u00eds e a redu\u00e7\u00e3o de R$ 165 bilh\u00f5es na renda das fam\u00edlias. O levantamento foi realizado com base em dados da Pesquisa Nacional de Sa\u00fade, e do Sistema de Contas Nacionais de 2019, quando na \u00e9poca cerca de 20% das pessoas ocupadas no Brasil sofriam com algum problema relacionado a sa\u00fade mental.<\/p>\n<p>Para reduzir os riscos, Gorgulho defende a consolida\u00e7\u00e3o de uma cultura de bem-estar que fortalece o engajamento e torna os ambientes de trabalho mais seguros, sustent\u00e1veis e humanos no longo prazo. <\/p>\n<p>\u201cPara mudar esse cen\u00e1rio, as empresas precisam adotar uma postura proativa de gest\u00e3o de promo\u00e7\u00e3o da sa\u00fade mental, assumindo um papel ativo como fator de prote\u00e7\u00e3o e apoio social, e n\u00e3o como agente de adoecimento\u201d, defende.<\/p>\n<p><bsp-list-loadmore class=\"PageListStandardG\" data-module=\"\" data-show-loadmore=\"true\" data-list-title-size=\"3\" data-list-description-size=\"3\"><\/p>\n<p>    <a class=\"AnchorLink\" title=\"leia-tambem\" name=\"leia-tambem\"\/><\/p>\n<p><\/bsp-list-loadmore><\/p><\/div>\n<p><script>\n  window.fbAsyncInit = function() {\n      FB.init({\n              appId : '1447052969554341',\n          xfbml : true,\n          version : 'v2.9'\n      });\n  };\n  (function(d, s, id){\n     var js, fjs = d.getElementsByTagName(s)[0];\n     if (d.getElementById(id)) {return;}\n     js = d.createElement(s); js.id = id;\n     js.src = \"https:\/\/connect.facebook.net\/en_US\/sdk.js\";\n     fjs.parentNode.insertBefore(js, fjs);\n   }(document, 'script', 'facebook-jssdk'));\n<\/script><\/p>\n","protected":false},"excerpt":{"rendered":"<p>Problemas de transtornos mentais s\u00e3o uma das principais causas de afastamento do trabalho e da perda de produtividade no Brasil. Segundo uma pesquisa realizada pela Federa\u00e7\u00e3o das Ind\u00fastrias de Minas Gerais (Fiemg), o trabalhador afetado perde, em m\u00e9dia, 51 dias de vida saud\u00e1vel por ano, o que retira 2,8% do Produto Interno Bruto (PIB) potencial&#8230;<\/p>\n","protected":false},"author":2,"featured_media":30127,"comment_status":"open","ping_status":"open","sticky":false,"template":"","format":"standard","meta":{"footnotes":""},"categories":[1],"tags":[],"class_list":["post-30126","post","type-post","status-publish","format-standard","has-post-thumbnail","hentry","category-sem-categoria"],"yoast_head":"<!-- This site is optimized with the Yoast SEO plugin v27.3 - https:\/\/yoast.com\/product\/yoast-seo-wordpress\/ -->\n<title>Problemas de sa\u00fade mental custam 2,8% do PIB brasileiro, diz pesquisa -<\/title>\n<meta name=\"robots\" content=\"index, follow, max-snippet:-1, max-image-preview:large, max-video-preview:-1\" \/>\n<link rel=\"canonical\" href=\"https:\/\/oficialnoticias.com\/?p=30126\" \/>\n<meta property=\"og:locale\" content=\"pt_BR\" \/>\n<meta property=\"og:type\" content=\"article\" \/>\n<meta property=\"og:title\" content=\"Problemas de sa\u00fade mental custam 2,8% do PIB brasileiro, diz pesquisa -\" \/>\n<meta property=\"og:description\" content=\"Problemas de transtornos mentais s\u00e3o uma das principais causas de afastamento do trabalho e da perda de produtividade no Brasil. Segundo uma pesquisa realizada pela Federa\u00e7\u00e3o das Ind\u00fastrias de Minas Gerais (Fiemg), o trabalhador afetado perde, em m\u00e9dia, 51 dias de vida saud\u00e1vel por ano, o que retira 2,8% do Produto Interno Bruto (PIB) potencial...\" \/>\n<meta property=\"og:url\" content=\"https:\/\/oficialnoticias.com\/?p=30126\" \/>\n<meta property=\"article:published_time\" content=\"2026-01-21T09:41:13+00:00\" \/>\n<meta property=\"article:modified_time\" content=\"2026-01-21T09:41:14+00:00\" \/>\n<meta property=\"og:image\" content=\"https:\/\/oficialnoticias.com\/wp-content\/uploads\/2026\/01\/urlhttps3A2F2Fk2-prod-radio-itatiaia.s3.us-east-1.amazonaws.com2Fbrightspot2F422F042Fef48b6.webp\" \/>\n\t<meta property=\"og:image:width\" content=\"1200\" \/>\n\t<meta property=\"og:image:height\" content=\"630\" \/>\n\t<meta property=\"og:image:type\" content=\"image\/webp\" \/>\n<meta name=\"author\" content=\"Luana Gon\u00e7alves\" \/>\n<meta name=\"twitter:card\" content=\"summary_large_image\" \/>\n<meta name=\"twitter:label1\" content=\"Escrito por\" \/>\n\t<meta name=\"twitter:data1\" content=\"Luana Gon\u00e7alves\" \/>\n\t<meta name=\"twitter:label2\" content=\"Est. tempo de leitura\" \/>\n\t<meta name=\"twitter:data2\" content=\"2 minutos\" \/>\n<script type=\"application\/ld+json\" class=\"yoast-schema-graph\">{\"@context\":\"https:\\\/\\\/schema.org\",\"@graph\":[{\"@type\":\"Article\",\"@id\":\"https:\\\/\\\/oficialnoticias.com\\\/?p=30126#article\",\"isPartOf\":{\"@id\":\"https:\\\/\\\/oficialnoticias.com\\\/?p=30126\"},\"author\":{\"name\":\"Luana Gon\u00e7alves\",\"@id\":\"https:\\\/\\\/oficialnoticias.com\\\/#\\\/schema\\\/person\\\/2d1dcbb6bfbc28d68171b4dc04723d4a\"},\"headline\":\"Problemas de sa\u00fade mental custam 2,8% do PIB brasileiro, diz pesquisa\",\"datePublished\":\"2026-01-21T09:41:13+00:00\",\"dateModified\":\"2026-01-21T09:41:14+00:00\",\"mainEntityOfPage\":{\"@id\":\"https:\\\/\\\/oficialnoticias.com\\\/?p=30126\"},\"wordCount\":418,\"commentCount\":0,\"publisher\":{\"@id\":\"https:\\\/\\\/oficialnoticias.com\\\/#organization\"},\"image\":{\"@id\":\"https:\\\/\\\/oficialnoticias.com\\\/?p=30126#primaryimage\"},\"thumbnailUrl\":\"https:\\\/\\\/oficialnoticias.com\\\/wp-content\\\/uploads\\\/2026\\\/01\\\/urlhttps3A2F2Fk2-prod-radio-itatiaia.s3.us-east-1.amazonaws.com2Fbrightspot2F422F042Fef48b6.webp\",\"articleSection\":[\"Sa\u00fade\"],\"inLanguage\":\"pt-BR\",\"potentialAction\":[{\"@type\":\"CommentAction\",\"name\":\"Comment\",\"target\":[\"https:\\\/\\\/oficialnoticias.com\\\/?p=30126#respond\"]}]},{\"@type\":\"WebPage\",\"@id\":\"https:\\\/\\\/oficialnoticias.com\\\/?p=30126\",\"url\":\"https:\\\/\\\/oficialnoticias.com\\\/?p=30126\",\"name\":\"Problemas de sa\u00fade mental custam 2,8% do PIB brasileiro, diz pesquisa -\",\"isPartOf\":{\"@id\":\"https:\\\/\\\/oficialnoticias.com\\\/#website\"},\"primaryImageOfPage\":{\"@id\":\"https:\\\/\\\/oficialnoticias.com\\\/?p=30126#primaryimage\"},\"image\":{\"@id\":\"https:\\\/\\\/oficialnoticias.com\\\/?p=30126#primaryimage\"},\"thumbnailUrl\":\"https:\\\/\\\/oficialnoticias.com\\\/wp-content\\\/uploads\\\/2026\\\/01\\\/urlhttps3A2F2Fk2-prod-radio-itatiaia.s3.us-east-1.amazonaws.com2Fbrightspot2F422F042Fef48b6.webp\",\"datePublished\":\"2026-01-21T09:41:13+00:00\",\"dateModified\":\"2026-01-21T09:41:14+00:00\",\"breadcrumb\":{\"@id\":\"https:\\\/\\\/oficialnoticias.com\\\/?p=30126#breadcrumb\"},\"inLanguage\":\"pt-BR\",\"potentialAction\":[{\"@type\":\"ReadAction\",\"target\":[\"https:\\\/\\\/oficialnoticias.com\\\/?p=30126\"]}]},{\"@type\":\"ImageObject\",\"inLanguage\":\"pt-BR\",\"@id\":\"https:\\\/\\\/oficialnoticias.com\\\/?p=30126#primaryimage\",\"url\":\"https:\\\/\\\/oficialnoticias.com\\\/wp-content\\\/uploads\\\/2026\\\/01\\\/urlhttps3A2F2Fk2-prod-radio-itatiaia.s3.us-east-1.amazonaws.com2Fbrightspot2F422F042Fef48b6.webp\",\"contentUrl\":\"https:\\\/\\\/oficialnoticias.com\\\/wp-content\\\/uploads\\\/2026\\\/01\\\/urlhttps3A2F2Fk2-prod-radio-itatiaia.s3.us-east-1.amazonaws.com2Fbrightspot2F422F042Fef48b6.webp\",\"width\":1200,\"height\":630},{\"@type\":\"BreadcrumbList\",\"@id\":\"https:\\\/\\\/oficialnoticias.com\\\/?p=30126#breadcrumb\",\"itemListElement\":[{\"@type\":\"ListItem\",\"position\":1,\"name\":\"In\u00edcio\",\"item\":\"https:\\\/\\\/oficialnoticias.com\\\/\"},{\"@type\":\"ListItem\",\"position\":2,\"name\":\"Problemas de sa\u00fade mental custam 2,8% do PIB brasileiro, diz pesquisa\"}]},{\"@type\":\"WebSite\",\"@id\":\"https:\\\/\\\/oficialnoticias.com\\\/#website\",\"url\":\"https:\\\/\\\/oficialnoticias.com\\\/\",\"name\":\"oficial Noticias\",\"description\":\"\",\"publisher\":{\"@id\":\"https:\\\/\\\/oficialnoticias.com\\\/#organization\"},\"potentialAction\":[{\"@type\":\"SearchAction\",\"target\":{\"@type\":\"EntryPoint\",\"urlTemplate\":\"https:\\\/\\\/oficialnoticias.com\\\/?s={search_term_string}\"},\"query-input\":{\"@type\":\"PropertyValueSpecification\",\"valueRequired\":true,\"valueName\":\"search_term_string\"}}],\"inLanguage\":\"pt-BR\"},{\"@type\":\"Organization\",\"@id\":\"https:\\\/\\\/oficialnoticias.com\\\/#organization\",\"name\":\"oficial noticias\",\"url\":\"https:\\\/\\\/oficialnoticias.com\\\/\",\"logo\":{\"@type\":\"ImageObject\",\"inLanguage\":\"pt-BR\",\"@id\":\"https:\\\/\\\/oficialnoticias.com\\\/#\\\/schema\\\/logo\\\/image\\\/\",\"url\":\"https:\\\/\\\/oficialnoticias.com\\\/wp-content\\\/uploads\\\/2025\\\/08\\\/cropped-cropped-cropped-Logo-Noticias-e1753639739829.png\",\"contentUrl\":\"https:\\\/\\\/oficialnoticias.com\\\/wp-content\\\/uploads\\\/2025\\\/08\\\/cropped-cropped-cropped-Logo-Noticias-e1753639739829.png\",\"width\":119,\"height\":86,\"caption\":\"oficial noticias\"},\"image\":{\"@id\":\"https:\\\/\\\/oficialnoticias.com\\\/#\\\/schema\\\/logo\\\/image\\\/\"}},{\"@type\":\"Person\",\"@id\":\"https:\\\/\\\/oficialnoticias.com\\\/#\\\/schema\\\/person\\\/2d1dcbb6bfbc28d68171b4dc04723d4a\",\"name\":\"Luana Gon\u00e7alves\",\"image\":{\"@type\":\"ImageObject\",\"inLanguage\":\"pt-BR\",\"@id\":\"https:\\\/\\\/secure.gravatar.com\\\/avatar\\\/7aa6afdef873224c1a0265951f3fdfc0679f65dfbd15f018612595d323c52521?s=96&d=mm&r=g\",\"url\":\"https:\\\/\\\/secure.gravatar.com\\\/avatar\\\/7aa6afdef873224c1a0265951f3fdfc0679f65dfbd15f018612595d323c52521?s=96&d=mm&r=g\",\"contentUrl\":\"https:\\\/\\\/secure.gravatar.com\\\/avatar\\\/7aa6afdef873224c1a0265951f3fdfc0679f65dfbd15f018612595d323c52521?s=96&d=mm&r=g\",\"caption\":\"Luana Gon\u00e7alves\"},\"sameAs\":[\"https:\\\/\\\/oficialnoticias.com\\\/\"],\"url\":\"https:\\\/\\\/oficialnoticias.com\\\/?author=2\"}]}<\/script>\n<!-- \/ Yoast SEO plugin. -->","yoast_head_json":{"title":"Problemas de sa\u00fade mental custam 2,8% do PIB brasileiro, diz pesquisa -","robots":{"index":"index","follow":"follow","max-snippet":"max-snippet:-1","max-image-preview":"max-image-preview:large","max-video-preview":"max-video-preview:-1"},"canonical":"https:\/\/oficialnoticias.com\/?p=30126","og_locale":"pt_BR","og_type":"article","og_title":"Problemas de sa\u00fade mental custam 2,8% do PIB brasileiro, diz pesquisa -","og_description":"Problemas de transtornos mentais s\u00e3o uma das principais causas de afastamento do trabalho e da perda de produtividade no Brasil. Segundo uma pesquisa realizada pela Federa\u00e7\u00e3o das Ind\u00fastrias de Minas Gerais (Fiemg), o trabalhador afetado perde, em m\u00e9dia, 51 dias de vida saud\u00e1vel por ano, o que retira 2,8% do Produto Interno Bruto (PIB) potencial...","og_url":"https:\/\/oficialnoticias.com\/?p=30126","article_published_time":"2026-01-21T09:41:13+00:00","article_modified_time":"2026-01-21T09:41:14+00:00","og_image":[{"width":1200,"height":630,"url":"https:\/\/oficialnoticias.com\/wp-content\/uploads\/2026\/01\/urlhttps3A2F2Fk2-prod-radio-itatiaia.s3.us-east-1.amazonaws.com2Fbrightspot2F422F042Fef48b6.webp","type":"image\/webp"}],"author":"Luana Gon\u00e7alves","twitter_card":"summary_large_image","twitter_misc":{"Escrito por":"Luana Gon\u00e7alves","Est. tempo de leitura":"2 minutos"},"schema":{"@context":"https:\/\/schema.org","@graph":[{"@type":"Article","@id":"https:\/\/oficialnoticias.com\/?p=30126#article","isPartOf":{"@id":"https:\/\/oficialnoticias.com\/?p=30126"},"author":{"name":"Luana Gon\u00e7alves","@id":"https:\/\/oficialnoticias.com\/#\/schema\/person\/2d1dcbb6bfbc28d68171b4dc04723d4a"},"headline":"Problemas de sa\u00fade mental custam 2,8% do PIB brasileiro, diz pesquisa","datePublished":"2026-01-21T09:41:13+00:00","dateModified":"2026-01-21T09:41:14+00:00","mainEntityOfPage":{"@id":"https:\/\/oficialnoticias.com\/?p=30126"},"wordCount":418,"commentCount":0,"publisher":{"@id":"https:\/\/oficialnoticias.com\/#organization"},"image":{"@id":"https:\/\/oficialnoticias.com\/?p=30126#primaryimage"},"thumbnailUrl":"https:\/\/oficialnoticias.com\/wp-content\/uploads\/2026\/01\/urlhttps3A2F2Fk2-prod-radio-itatiaia.s3.us-east-1.amazonaws.com2Fbrightspot2F422F042Fef48b6.webp","articleSection":["Sa\u00fade"],"inLanguage":"pt-BR","potentialAction":[{"@type":"CommentAction","name":"Comment","target":["https:\/\/oficialnoticias.com\/?p=30126#respond"]}]},{"@type":"WebPage","@id":"https:\/\/oficialnoticias.com\/?p=30126","url":"https:\/\/oficialnoticias.com\/?p=30126","name":"Problemas de sa\u00fade mental custam 2,8% do PIB brasileiro, diz pesquisa -","isPartOf":{"@id":"https:\/\/oficialnoticias.com\/#website"},"primaryImageOfPage":{"@id":"https:\/\/oficialnoticias.com\/?p=30126#primaryimage"},"image":{"@id":"https:\/\/oficialnoticias.com\/?p=30126#primaryimage"},"thumbnailUrl":"https:\/\/oficialnoticias.com\/wp-content\/uploads\/2026\/01\/urlhttps3A2F2Fk2-prod-radio-itatiaia.s3.us-east-1.amazonaws.com2Fbrightspot2F422F042Fef48b6.webp","datePublished":"2026-01-21T09:41:13+00:00","dateModified":"2026-01-21T09:41:14+00:00","breadcrumb":{"@id":"https:\/\/oficialnoticias.com\/?p=30126#breadcrumb"},"inLanguage":"pt-BR","potentialAction":[{"@type":"ReadAction","target":["https:\/\/oficialnoticias.com\/?p=30126"]}]},{"@type":"ImageObject","inLanguage":"pt-BR","@id":"https:\/\/oficialnoticias.com\/?p=30126#primaryimage","url":"https:\/\/oficialnoticias.com\/wp-content\/uploads\/2026\/01\/urlhttps3A2F2Fk2-prod-radio-itatiaia.s3.us-east-1.amazonaws.com2Fbrightspot2F422F042Fef48b6.webp","contentUrl":"https:\/\/oficialnoticias.com\/wp-content\/uploads\/2026\/01\/urlhttps3A2F2Fk2-prod-radio-itatiaia.s3.us-east-1.amazonaws.com2Fbrightspot2F422F042Fef48b6.webp","width":1200,"height":630},{"@type":"BreadcrumbList","@id":"https:\/\/oficialnoticias.com\/?p=30126#breadcrumb","itemListElement":[{"@type":"ListItem","position":1,"name":"In\u00edcio","item":"https:\/\/oficialnoticias.com\/"},{"@type":"ListItem","position":2,"name":"Problemas de sa\u00fade mental custam 2,8% do PIB brasileiro, diz pesquisa"}]},{"@type":"WebSite","@id":"https:\/\/oficialnoticias.com\/#website","url":"https:\/\/oficialnoticias.com\/","name":"oficial Noticias","description":"","publisher":{"@id":"https:\/\/oficialnoticias.com\/#organization"},"potentialAction":[{"@type":"SearchAction","target":{"@type":"EntryPoint","urlTemplate":"https:\/\/oficialnoticias.com\/?s={search_term_string}"},"query-input":{"@type":"PropertyValueSpecification","valueRequired":true,"valueName":"search_term_string"}}],"inLanguage":"pt-BR"},{"@type":"Organization","@id":"https:\/\/oficialnoticias.com\/#organization","name":"oficial noticias","url":"https:\/\/oficialnoticias.com\/","logo":{"@type":"ImageObject","inLanguage":"pt-BR","@id":"https:\/\/oficialnoticias.com\/#\/schema\/logo\/image\/","url":"https:\/\/oficialnoticias.com\/wp-content\/uploads\/2025\/08\/cropped-cropped-cropped-Logo-Noticias-e1753639739829.png","contentUrl":"https:\/\/oficialnoticias.com\/wp-content\/uploads\/2025\/08\/cropped-cropped-cropped-Logo-Noticias-e1753639739829.png","width":119,"height":86,"caption":"oficial noticias"},"image":{"@id":"https:\/\/oficialnoticias.com\/#\/schema\/logo\/image\/"}},{"@type":"Person","@id":"https:\/\/oficialnoticias.com\/#\/schema\/person\/2d1dcbb6bfbc28d68171b4dc04723d4a","name":"Luana Gon\u00e7alves","image":{"@type":"ImageObject","inLanguage":"pt-BR","@id":"https:\/\/secure.gravatar.com\/avatar\/7aa6afdef873224c1a0265951f3fdfc0679f65dfbd15f018612595d323c52521?s=96&d=mm&r=g","url":"https:\/\/secure.gravatar.com\/avatar\/7aa6afdef873224c1a0265951f3fdfc0679f65dfbd15f018612595d323c52521?s=96&d=mm&r=g","contentUrl":"https:\/\/secure.gravatar.com\/avatar\/7aa6afdef873224c1a0265951f3fdfc0679f65dfbd15f018612595d323c52521?s=96&d=mm&r=g","caption":"Luana Gon\u00e7alves"},"sameAs":["https:\/\/oficialnoticias.com\/"],"url":"https:\/\/oficialnoticias.com\/?author=2"}]}},"_links":{"self":[{"href":"https:\/\/oficialnoticias.com\/index.php?rest_route=\/wp\/v2\/posts\/30126","targetHints":{"allow":["GET"]}}],"collection":[{"href":"https:\/\/oficialnoticias.com\/index.php?rest_route=\/wp\/v2\/posts"}],"about":[{"href":"https:\/\/oficialnoticias.com\/index.php?rest_route=\/wp\/v2\/types\/post"}],"author":[{"embeddable":true,"href":"https:\/\/oficialnoticias.com\/index.php?rest_route=\/wp\/v2\/users\/2"}],"replies":[{"embeddable":true,"href":"https:\/\/oficialnoticias.com\/index.php?rest_route=%2Fwp%2Fv2%2Fcomments&post=30126"}],"version-history":[{"count":1,"href":"https:\/\/oficialnoticias.com\/index.php?rest_route=\/wp\/v2\/posts\/30126\/revisions"}],"predecessor-version":[{"id":30128,"href":"https:\/\/oficialnoticias.com\/index.php?rest_route=\/wp\/v2\/posts\/30126\/revisions\/30128"}],"wp:featuredmedia":[{"embeddable":true,"href":"https:\/\/oficialnoticias.com\/index.php?rest_route=\/wp\/v2\/media\/30127"}],"wp:attachment":[{"href":"https:\/\/oficialnoticias.com\/index.php?rest_route=%2Fwp%2Fv2%2Fmedia&parent=30126"}],"wp:term":[{"taxonomy":"category","embeddable":true,"href":"https:\/\/oficialnoticias.com\/index.php?rest_route=%2Fwp%2Fv2%2Fcategories&post=30126"},{"taxonomy":"post_tag","embeddable":true,"href":"https:\/\/oficialnoticias.com\/index.php?rest_route=%2Fwp%2Fv2%2Ftags&post=30126"}],"curies":[{"name":"wp","href":"https:\/\/api.w.org\/{rel}","templated":true}]}}