{"id":30021,"date":"2026-01-19T18:54:12","date_gmt":"2026-01-19T21:54:12","guid":{"rendered":"https:\/\/oficialnoticias.com\/?p=30021"},"modified":"2026-01-19T18:54:12","modified_gmt":"2026-01-19T21:54:12","slug":"dia-mais-triste-do-ano-entenda-como-19-de-janeiro-recebeu-esse-titulo","status":"publish","type":"post","link":"https:\/\/oficialnoticias.com\/?p=30021","title":{"rendered":"Dia mais triste do ano? Entenda como 19 de janeiro recebeu esse t\u00edtulo"},"content":{"rendered":"<p><\/p>\n<div>\n<p>As segundas-feiras j\u00e1 s\u00e3o tidas como um dia desagrad\u00e1vel pelo conceito popular. Mas, uma teoria elege a pior entre elas. Conhecida como \u2018Blue Monday\u2019, a terceira segunda-feira de janeiro \u00e9 eleita o dia mais triste do ano. Em 2026, a data caiu no 19\u00b0 dia do primeiro m\u00eas do ano. Mas, o que estaria por tr\u00e1s da coroa\u00e7\u00e3o desse dia como o pior dentre todos os outros? Uma campanha de marketing brit\u00e2nica explica.<\/p>\n<p>A Blue Monday, traduzida como \u2018Segunda Azul\u2019, n\u00e3o tem uma evid\u00eancia cient\u00edfica que a coloque no topo do ranking de dias mais deprimentes do ano. Na verdade, o termo e a teoria surgiram em 2005, quando uma ag\u00eancia de viagens do Reino Unido contratou um psic\u00f3logo para determinar \u201co dia mais triste do ano\u201d.<\/p>\n<p>A escolha da data levou em considera\u00e7\u00e3o uma soma de fatores que costumam acontecer pr\u00f3ximo a terceira segunda-feira do ano: clima (chuvoso no ver\u00e3o do hemisf\u00e9rio sul e com bastante neve no inverno do hemisf\u00e9rio norte), volta \u00e0 rotina de trabalho e aproxima\u00e7\u00e3o do per\u00edodo de volta \u00e0s aulas, al\u00e9m de complica\u00e7\u00f5es financeiras ap\u00f3s d\u00edvidas acumuladas durante as festas de final de ano e as n\u00e3o resolu\u00e7\u00f5es das famosas promessas para o ano novo. Al\u00e9m de, claro, o dia mais odiado da semana, a segunda-feira.<\/p>\n<p>Desde ent\u00e3o, diversas empresas do ramo de sa\u00fade, bem-estar e lazer, aproveitam a data para divulgar e lan\u00e7ar campanhas voltadas ao tema.<\/p>\n<h2><b>Depress\u00e3o sazonal<\/b><\/h2>\n<p>Apesar do mito em torno da \u201cBlue Monday\u201d, existem teorias que comprovem casos de depress\u00e3o ligados a mudan\u00e7as no clima e nas esta\u00e7\u00f5es do ano. A chamada depress\u00e3o sazonal, tamb\u00e9m conhecida como depress\u00e3o de inverno, \u00e9 mais comum em pessoas que vivem em altas latitudes e caracteriza-se pelo in\u00edcio no outono\/inverno e pela remiss\u00e3o na primavera, sendo incomum no ver\u00e3o.<\/p>\n<p>Os sintomas mais comuns s\u00e3o: apatia, diminui\u00e7\u00e3o da atividade, isolamento social, diminui\u00e7\u00e3o da libido, sonol\u00eancia, aumento do apetite, \u201cfissura\u201d por carboidratos e ganho de peso. Para diagn\u00f3stico, esses epis\u00f3dios devem se repetir por dois anos consecutivamente, sem quaisquer epis\u00f3dios n\u00e3o sazonais durante esse per\u00edodo.<\/p>\n<p>No Brasil, um estudo epidemiol\u00f3gico mais recente do Minist\u00e9rio da Sa\u00fade revela que at\u00e9 15,5% da popula\u00e7\u00e3o brasileira pode sofrer depress\u00e3o pelo menos uma vez ao longo da vida.<\/p>\n<p>De acordo com a Organiza\u00e7\u00e3o Mundial da Sa\u00fade (OMS), a depress\u00e3o situa-se em 4\u00ba lugar entre as principais causas de \u00f4nus, respondendo por 4,4% dos \u00f4nus acarretados por todas as doen\u00e7as durante a vida. A \u00e9poca comum do aparecimento \u00e9 o final da 3\u00aa d\u00e9cada da vida, mas pode come\u00e7ar em qualquer idade.<\/p>\n<h2><b>Janeiro Branco<\/b><\/h2>\n<p>O m\u00eas de janeiro, al\u00e9m de carregar o dia mais triste do ano, tamb\u00e9m \u00e9 quando acontece uma grande campanha nacional voltada para promo\u00e7\u00e3o da sa\u00fade mental e emocional. O Janeiro Branco foi uma iniciativa criada com objetivo de sensibilizar a popula\u00e7\u00e3o para a import\u00e2ncia do bem-estar psicol\u00f3gico e estimular a busca por cuidados especializados quando necess\u00e1rios. Janeiro foi escolhido por ser o primeiro m\u00eas do ano, simbolicamente associado a recome\u00e7os, reflex\u00f5es e novos projetos. A escolha do nome remete \u00e0 ideia de uma \u201cfolha em branco\u201d.<\/p>\n<h2><b>Como Buscar Ajuda<\/b><\/h2>\n<p>A sa\u00fade mental \u00e9 parte integrante do Sistema \u00danico de Sa\u00fade (SUS). Diversos servi\u00e7os gratuitos est\u00e3o dispon\u00edveis:<\/p>\n<ul>\n<li>Unidades B\u00e1sicas de Sa\u00fade (UBS): O primeiro passo \u00e9 buscar atendimento com um cl\u00ednico geral na UBS mais pr\u00f3xima, que pode encaminhar o paciente a um psic\u00f3logo ou psiquiatra;<\/li>\n<li>Centros de Aten\u00e7\u00e3o Psicossocial (CAPS): Esses centros oferecem atendimento especializado com equipes multidisciplinares e s\u00e3o organizados por faixa et\u00e1ria e demandas espec\u00edficas, como o CAPS Infantil (CAPSi) e o CAPS para usu\u00e1rios de \u00e1lcool e drogas (CAPSad);<\/li>\n<li>Cl\u00ednicas-Escola de Psicologia: Universidades que oferecem cursos de Psicologia disp\u00f5em de cl\u00ednicas-escola, onde alunos supervisionados por professores realizam atendimentos gratuitos ou a pre\u00e7os acess\u00edveis;<\/li>\n<li>Centro de Valoriza\u00e7\u00e3o da Vida (CVV): O CVV disponibiliza apoio emocional 24 horas por meio do telefone 188 ou pelo chat online no site oficial.<\/li>\n<\/ul>\n<p><bsp-list-loadmore class=\"PageListStandardG\" data-module=\"\" data-show-loadmore=\"true\" data-list-title-size=\"3\" data-list-description-size=\"3\"><\/p>\n<p>    <a class=\"AnchorLink\" title=\"leia-tambem\" name=\"leia-tambem\"\/><\/p>\n<p><\/bsp-list-loadmore><\/p><\/div>\n<p><script>\n  window.fbAsyncInit = function() {\n      FB.init({\n              appId : '1447052969554341',\n          xfbml : true,\n          version : 'v2.9'\n      });\n  };\n  (function(d, s, id){\n     var js, fjs = d.getElementsByTagName(s)[0];\n     if (d.getElementById(id)) {return;}\n     js = d.createElement(s); js.id = id;\n     js.src = \"https:\/\/connect.facebook.net\/en_US\/sdk.js\";\n     fjs.parentNode.insertBefore(js, fjs);\n   }(document, 'script', 'facebook-jssdk'));\n<\/script><\/p>\n","protected":false},"excerpt":{"rendered":"<p>As segundas-feiras j\u00e1 s\u00e3o tidas como um dia desagrad\u00e1vel pelo conceito popular. Mas, uma teoria elege a pior entre elas. Conhecida como \u2018Blue Monday\u2019, a terceira segunda-feira de janeiro \u00e9 eleita o dia mais triste do ano. Em 2026, a data caiu no 19\u00b0 dia do primeiro m\u00eas do ano. Mas, o que estaria por&#8230;<\/p>\n","protected":false},"author":2,"featured_media":30022,"comment_status":"open","ping_status":"open","sticky":false,"template":"","format":"standard","meta":{"footnotes":""},"categories":[1],"tags":[],"class_list":["post-30021","post","type-post","status-publish","format-standard","has-post-thumbnail","hentry","category-sem-categoria"],"yoast_head":"<!-- This site is optimized with the Yoast SEO plugin v27.3 - https:\/\/yoast.com\/product\/yoast-seo-wordpress\/ -->\n<title>Dia mais triste do ano? Entenda como 19 de janeiro recebeu esse t\u00edtulo -<\/title>\n<meta name=\"robots\" content=\"index, follow, max-snippet:-1, max-image-preview:large, max-video-preview:-1\" \/>\n<link rel=\"canonical\" href=\"https:\/\/oficialnoticias.com\/?p=30021\" \/>\n<meta property=\"og:locale\" content=\"pt_BR\" \/>\n<meta property=\"og:type\" content=\"article\" \/>\n<meta property=\"og:title\" content=\"Dia mais triste do ano? Entenda como 19 de janeiro recebeu esse t\u00edtulo -\" \/>\n<meta property=\"og:description\" content=\"As segundas-feiras j\u00e1 s\u00e3o tidas como um dia desagrad\u00e1vel pelo conceito popular. Mas, uma teoria elege a pior entre elas. Conhecida como \u2018Blue Monday\u2019, a terceira segunda-feira de janeiro \u00e9 eleita o dia mais triste do ano. Em 2026, a data caiu no 19\u00b0 dia do primeiro m\u00eas do ano. Mas, o que estaria por...\" \/>\n<meta property=\"og:url\" content=\"https:\/\/oficialnoticias.com\/?p=30021\" \/>\n<meta property=\"article:published_time\" content=\"2026-01-19T21:54:12+00:00\" \/>\n<meta property=\"og:image\" content=\"https:\/\/oficialnoticias.com\/wp-content\/uploads\/2026\/01\/urlhttps3A2F2Fk2-prod-radio-itatiaia.s3.us-east-1.amazonaws.com2Fbrightspot2F4e2Fcc2F34d786.webp\" \/>\n\t<meta property=\"og:image:width\" content=\"1200\" \/>\n\t<meta property=\"og:image:height\" content=\"630\" \/>\n\t<meta property=\"og:image:type\" content=\"image\/webp\" \/>\n<meta name=\"author\" content=\"Luana Gon\u00e7alves\" \/>\n<meta name=\"twitter:card\" content=\"summary_large_image\" \/>\n<meta name=\"twitter:label1\" content=\"Escrito por\" \/>\n\t<meta name=\"twitter:data1\" content=\"Luana Gon\u00e7alves\" \/>\n\t<meta name=\"twitter:label2\" content=\"Est. tempo de leitura\" \/>\n\t<meta name=\"twitter:data2\" content=\"4 minutos\" \/>\n<script type=\"application\/ld+json\" class=\"yoast-schema-graph\">{\"@context\":\"https:\\\/\\\/schema.org\",\"@graph\":[{\"@type\":\"Article\",\"@id\":\"https:\\\/\\\/oficialnoticias.com\\\/?p=30021#article\",\"isPartOf\":{\"@id\":\"https:\\\/\\\/oficialnoticias.com\\\/?p=30021\"},\"author\":{\"name\":\"Luana Gon\u00e7alves\",\"@id\":\"https:\\\/\\\/oficialnoticias.com\\\/#\\\/schema\\\/person\\\/2d1dcbb6bfbc28d68171b4dc04723d4a\"},\"headline\":\"Dia mais triste do ano? Entenda como 19 de janeiro recebeu esse t\u00edtulo\",\"datePublished\":\"2026-01-19T21:54:12+00:00\",\"mainEntityOfPage\":{\"@id\":\"https:\\\/\\\/oficialnoticias.com\\\/?p=30021\"},\"wordCount\":734,\"commentCount\":0,\"publisher\":{\"@id\":\"https:\\\/\\\/oficialnoticias.com\\\/#organization\"},\"image\":{\"@id\":\"https:\\\/\\\/oficialnoticias.com\\\/?p=30021#primaryimage\"},\"thumbnailUrl\":\"https:\\\/\\\/oficialnoticias.com\\\/wp-content\\\/uploads\\\/2026\\\/01\\\/urlhttps3A2F2Fk2-prod-radio-itatiaia.s3.us-east-1.amazonaws.com2Fbrightspot2F4e2Fcc2F34d786.webp\",\"articleSection\":[\"Sa\u00fade\"],\"inLanguage\":\"pt-BR\",\"potentialAction\":[{\"@type\":\"CommentAction\",\"name\":\"Comment\",\"target\":[\"https:\\\/\\\/oficialnoticias.com\\\/?p=30021#respond\"]}]},{\"@type\":\"WebPage\",\"@id\":\"https:\\\/\\\/oficialnoticias.com\\\/?p=30021\",\"url\":\"https:\\\/\\\/oficialnoticias.com\\\/?p=30021\",\"name\":\"Dia mais triste do ano? Entenda como 19 de janeiro recebeu esse t\u00edtulo -\",\"isPartOf\":{\"@id\":\"https:\\\/\\\/oficialnoticias.com\\\/#website\"},\"primaryImageOfPage\":{\"@id\":\"https:\\\/\\\/oficialnoticias.com\\\/?p=30021#primaryimage\"},\"image\":{\"@id\":\"https:\\\/\\\/oficialnoticias.com\\\/?p=30021#primaryimage\"},\"thumbnailUrl\":\"https:\\\/\\\/oficialnoticias.com\\\/wp-content\\\/uploads\\\/2026\\\/01\\\/urlhttps3A2F2Fk2-prod-radio-itatiaia.s3.us-east-1.amazonaws.com2Fbrightspot2F4e2Fcc2F34d786.webp\",\"datePublished\":\"2026-01-19T21:54:12+00:00\",\"breadcrumb\":{\"@id\":\"https:\\\/\\\/oficialnoticias.com\\\/?p=30021#breadcrumb\"},\"inLanguage\":\"pt-BR\",\"potentialAction\":[{\"@type\":\"ReadAction\",\"target\":[\"https:\\\/\\\/oficialnoticias.com\\\/?p=30021\"]}]},{\"@type\":\"ImageObject\",\"inLanguage\":\"pt-BR\",\"@id\":\"https:\\\/\\\/oficialnoticias.com\\\/?p=30021#primaryimage\",\"url\":\"https:\\\/\\\/oficialnoticias.com\\\/wp-content\\\/uploads\\\/2026\\\/01\\\/urlhttps3A2F2Fk2-prod-radio-itatiaia.s3.us-east-1.amazonaws.com2Fbrightspot2F4e2Fcc2F34d786.webp\",\"contentUrl\":\"https:\\\/\\\/oficialnoticias.com\\\/wp-content\\\/uploads\\\/2026\\\/01\\\/urlhttps3A2F2Fk2-prod-radio-itatiaia.s3.us-east-1.amazonaws.com2Fbrightspot2F4e2Fcc2F34d786.webp\",\"width\":1200,\"height\":630},{\"@type\":\"BreadcrumbList\",\"@id\":\"https:\\\/\\\/oficialnoticias.com\\\/?p=30021#breadcrumb\",\"itemListElement\":[{\"@type\":\"ListItem\",\"position\":1,\"name\":\"In\u00edcio\",\"item\":\"https:\\\/\\\/oficialnoticias.com\\\/\"},{\"@type\":\"ListItem\",\"position\":2,\"name\":\"Dia mais triste do ano? Entenda como 19 de janeiro recebeu esse t\u00edtulo\"}]},{\"@type\":\"WebSite\",\"@id\":\"https:\\\/\\\/oficialnoticias.com\\\/#website\",\"url\":\"https:\\\/\\\/oficialnoticias.com\\\/\",\"name\":\"oficial Noticias\",\"description\":\"\",\"publisher\":{\"@id\":\"https:\\\/\\\/oficialnoticias.com\\\/#organization\"},\"potentialAction\":[{\"@type\":\"SearchAction\",\"target\":{\"@type\":\"EntryPoint\",\"urlTemplate\":\"https:\\\/\\\/oficialnoticias.com\\\/?s={search_term_string}\"},\"query-input\":{\"@type\":\"PropertyValueSpecification\",\"valueRequired\":true,\"valueName\":\"search_term_string\"}}],\"inLanguage\":\"pt-BR\"},{\"@type\":\"Organization\",\"@id\":\"https:\\\/\\\/oficialnoticias.com\\\/#organization\",\"name\":\"oficial noticias\",\"url\":\"https:\\\/\\\/oficialnoticias.com\\\/\",\"logo\":{\"@type\":\"ImageObject\",\"inLanguage\":\"pt-BR\",\"@id\":\"https:\\\/\\\/oficialnoticias.com\\\/#\\\/schema\\\/logo\\\/image\\\/\",\"url\":\"https:\\\/\\\/oficialnoticias.com\\\/wp-content\\\/uploads\\\/2025\\\/08\\\/cropped-cropped-cropped-Logo-Noticias-e1753639739829.png\",\"contentUrl\":\"https:\\\/\\\/oficialnoticias.com\\\/wp-content\\\/uploads\\\/2025\\\/08\\\/cropped-cropped-cropped-Logo-Noticias-e1753639739829.png\",\"width\":119,\"height\":86,\"caption\":\"oficial noticias\"},\"image\":{\"@id\":\"https:\\\/\\\/oficialnoticias.com\\\/#\\\/schema\\\/logo\\\/image\\\/\"}},{\"@type\":\"Person\",\"@id\":\"https:\\\/\\\/oficialnoticias.com\\\/#\\\/schema\\\/person\\\/2d1dcbb6bfbc28d68171b4dc04723d4a\",\"name\":\"Luana Gon\u00e7alves\",\"image\":{\"@type\":\"ImageObject\",\"inLanguage\":\"pt-BR\",\"@id\":\"https:\\\/\\\/secure.gravatar.com\\\/avatar\\\/7aa6afdef873224c1a0265951f3fdfc0679f65dfbd15f018612595d323c52521?s=96&d=mm&r=g\",\"url\":\"https:\\\/\\\/secure.gravatar.com\\\/avatar\\\/7aa6afdef873224c1a0265951f3fdfc0679f65dfbd15f018612595d323c52521?s=96&d=mm&r=g\",\"contentUrl\":\"https:\\\/\\\/secure.gravatar.com\\\/avatar\\\/7aa6afdef873224c1a0265951f3fdfc0679f65dfbd15f018612595d323c52521?s=96&d=mm&r=g\",\"caption\":\"Luana Gon\u00e7alves\"},\"sameAs\":[\"https:\\\/\\\/oficialnoticias.com\\\/\"],\"url\":\"https:\\\/\\\/oficialnoticias.com\\\/?author=2\"}]}<\/script>\n<!-- \/ Yoast SEO plugin. -->","yoast_head_json":{"title":"Dia mais triste do ano? Entenda como 19 de janeiro recebeu esse t\u00edtulo -","robots":{"index":"index","follow":"follow","max-snippet":"max-snippet:-1","max-image-preview":"max-image-preview:large","max-video-preview":"max-video-preview:-1"},"canonical":"https:\/\/oficialnoticias.com\/?p=30021","og_locale":"pt_BR","og_type":"article","og_title":"Dia mais triste do ano? Entenda como 19 de janeiro recebeu esse t\u00edtulo -","og_description":"As segundas-feiras j\u00e1 s\u00e3o tidas como um dia desagrad\u00e1vel pelo conceito popular. Mas, uma teoria elege a pior entre elas. Conhecida como \u2018Blue Monday\u2019, a terceira segunda-feira de janeiro \u00e9 eleita o dia mais triste do ano. Em 2026, a data caiu no 19\u00b0 dia do primeiro m\u00eas do ano. Mas, o que estaria por...","og_url":"https:\/\/oficialnoticias.com\/?p=30021","article_published_time":"2026-01-19T21:54:12+00:00","og_image":[{"width":1200,"height":630,"url":"https:\/\/oficialnoticias.com\/wp-content\/uploads\/2026\/01\/urlhttps3A2F2Fk2-prod-radio-itatiaia.s3.us-east-1.amazonaws.com2Fbrightspot2F4e2Fcc2F34d786.webp","type":"image\/webp"}],"author":"Luana Gon\u00e7alves","twitter_card":"summary_large_image","twitter_misc":{"Escrito por":"Luana Gon\u00e7alves","Est. tempo de leitura":"4 minutos"},"schema":{"@context":"https:\/\/schema.org","@graph":[{"@type":"Article","@id":"https:\/\/oficialnoticias.com\/?p=30021#article","isPartOf":{"@id":"https:\/\/oficialnoticias.com\/?p=30021"},"author":{"name":"Luana Gon\u00e7alves","@id":"https:\/\/oficialnoticias.com\/#\/schema\/person\/2d1dcbb6bfbc28d68171b4dc04723d4a"},"headline":"Dia mais triste do ano? Entenda como 19 de janeiro recebeu esse t\u00edtulo","datePublished":"2026-01-19T21:54:12+00:00","mainEntityOfPage":{"@id":"https:\/\/oficialnoticias.com\/?p=30021"},"wordCount":734,"commentCount":0,"publisher":{"@id":"https:\/\/oficialnoticias.com\/#organization"},"image":{"@id":"https:\/\/oficialnoticias.com\/?p=30021#primaryimage"},"thumbnailUrl":"https:\/\/oficialnoticias.com\/wp-content\/uploads\/2026\/01\/urlhttps3A2F2Fk2-prod-radio-itatiaia.s3.us-east-1.amazonaws.com2Fbrightspot2F4e2Fcc2F34d786.webp","articleSection":["Sa\u00fade"],"inLanguage":"pt-BR","potentialAction":[{"@type":"CommentAction","name":"Comment","target":["https:\/\/oficialnoticias.com\/?p=30021#respond"]}]},{"@type":"WebPage","@id":"https:\/\/oficialnoticias.com\/?p=30021","url":"https:\/\/oficialnoticias.com\/?p=30021","name":"Dia mais triste do ano? Entenda como 19 de janeiro recebeu esse t\u00edtulo -","isPartOf":{"@id":"https:\/\/oficialnoticias.com\/#website"},"primaryImageOfPage":{"@id":"https:\/\/oficialnoticias.com\/?p=30021#primaryimage"},"image":{"@id":"https:\/\/oficialnoticias.com\/?p=30021#primaryimage"},"thumbnailUrl":"https:\/\/oficialnoticias.com\/wp-content\/uploads\/2026\/01\/urlhttps3A2F2Fk2-prod-radio-itatiaia.s3.us-east-1.amazonaws.com2Fbrightspot2F4e2Fcc2F34d786.webp","datePublished":"2026-01-19T21:54:12+00:00","breadcrumb":{"@id":"https:\/\/oficialnoticias.com\/?p=30021#breadcrumb"},"inLanguage":"pt-BR","potentialAction":[{"@type":"ReadAction","target":["https:\/\/oficialnoticias.com\/?p=30021"]}]},{"@type":"ImageObject","inLanguage":"pt-BR","@id":"https:\/\/oficialnoticias.com\/?p=30021#primaryimage","url":"https:\/\/oficialnoticias.com\/wp-content\/uploads\/2026\/01\/urlhttps3A2F2Fk2-prod-radio-itatiaia.s3.us-east-1.amazonaws.com2Fbrightspot2F4e2Fcc2F34d786.webp","contentUrl":"https:\/\/oficialnoticias.com\/wp-content\/uploads\/2026\/01\/urlhttps3A2F2Fk2-prod-radio-itatiaia.s3.us-east-1.amazonaws.com2Fbrightspot2F4e2Fcc2F34d786.webp","width":1200,"height":630},{"@type":"BreadcrumbList","@id":"https:\/\/oficialnoticias.com\/?p=30021#breadcrumb","itemListElement":[{"@type":"ListItem","position":1,"name":"In\u00edcio","item":"https:\/\/oficialnoticias.com\/"},{"@type":"ListItem","position":2,"name":"Dia mais triste do ano? Entenda como 19 de janeiro recebeu esse t\u00edtulo"}]},{"@type":"WebSite","@id":"https:\/\/oficialnoticias.com\/#website","url":"https:\/\/oficialnoticias.com\/","name":"oficial Noticias","description":"","publisher":{"@id":"https:\/\/oficialnoticias.com\/#organization"},"potentialAction":[{"@type":"SearchAction","target":{"@type":"EntryPoint","urlTemplate":"https:\/\/oficialnoticias.com\/?s={search_term_string}"},"query-input":{"@type":"PropertyValueSpecification","valueRequired":true,"valueName":"search_term_string"}}],"inLanguage":"pt-BR"},{"@type":"Organization","@id":"https:\/\/oficialnoticias.com\/#organization","name":"oficial noticias","url":"https:\/\/oficialnoticias.com\/","logo":{"@type":"ImageObject","inLanguage":"pt-BR","@id":"https:\/\/oficialnoticias.com\/#\/schema\/logo\/image\/","url":"https:\/\/oficialnoticias.com\/wp-content\/uploads\/2025\/08\/cropped-cropped-cropped-Logo-Noticias-e1753639739829.png","contentUrl":"https:\/\/oficialnoticias.com\/wp-content\/uploads\/2025\/08\/cropped-cropped-cropped-Logo-Noticias-e1753639739829.png","width":119,"height":86,"caption":"oficial noticias"},"image":{"@id":"https:\/\/oficialnoticias.com\/#\/schema\/logo\/image\/"}},{"@type":"Person","@id":"https:\/\/oficialnoticias.com\/#\/schema\/person\/2d1dcbb6bfbc28d68171b4dc04723d4a","name":"Luana Gon\u00e7alves","image":{"@type":"ImageObject","inLanguage":"pt-BR","@id":"https:\/\/secure.gravatar.com\/avatar\/7aa6afdef873224c1a0265951f3fdfc0679f65dfbd15f018612595d323c52521?s=96&d=mm&r=g","url":"https:\/\/secure.gravatar.com\/avatar\/7aa6afdef873224c1a0265951f3fdfc0679f65dfbd15f018612595d323c52521?s=96&d=mm&r=g","contentUrl":"https:\/\/secure.gravatar.com\/avatar\/7aa6afdef873224c1a0265951f3fdfc0679f65dfbd15f018612595d323c52521?s=96&d=mm&r=g","caption":"Luana Gon\u00e7alves"},"sameAs":["https:\/\/oficialnoticias.com\/"],"url":"https:\/\/oficialnoticias.com\/?author=2"}]}},"_links":{"self":[{"href":"https:\/\/oficialnoticias.com\/index.php?rest_route=\/wp\/v2\/posts\/30021","targetHints":{"allow":["GET"]}}],"collection":[{"href":"https:\/\/oficialnoticias.com\/index.php?rest_route=\/wp\/v2\/posts"}],"about":[{"href":"https:\/\/oficialnoticias.com\/index.php?rest_route=\/wp\/v2\/types\/post"}],"author":[{"embeddable":true,"href":"https:\/\/oficialnoticias.com\/index.php?rest_route=\/wp\/v2\/users\/2"}],"replies":[{"embeddable":true,"href":"https:\/\/oficialnoticias.com\/index.php?rest_route=%2Fwp%2Fv2%2Fcomments&post=30021"}],"version-history":[{"count":1,"href":"https:\/\/oficialnoticias.com\/index.php?rest_route=\/wp\/v2\/posts\/30021\/revisions"}],"predecessor-version":[{"id":30023,"href":"https:\/\/oficialnoticias.com\/index.php?rest_route=\/wp\/v2\/posts\/30021\/revisions\/30023"}],"wp:featuredmedia":[{"embeddable":true,"href":"https:\/\/oficialnoticias.com\/index.php?rest_route=\/wp\/v2\/media\/30022"}],"wp:attachment":[{"href":"https:\/\/oficialnoticias.com\/index.php?rest_route=%2Fwp%2Fv2%2Fmedia&parent=30021"}],"wp:term":[{"taxonomy":"category","embeddable":true,"href":"https:\/\/oficialnoticias.com\/index.php?rest_route=%2Fwp%2Fv2%2Fcategories&post=30021"},{"taxonomy":"post_tag","embeddable":true,"href":"https:\/\/oficialnoticias.com\/index.php?rest_route=%2Fwp%2Fv2%2Ftags&post=30021"}],"curies":[{"name":"wp","href":"https:\/\/api.w.org\/{rel}","templated":true}]}}