{"id":2984,"date":"2025-08-17T20:09:27","date_gmt":"2025-08-17T23:09:27","guid":{"rendered":"https:\/\/oficialnoticias.com\/?p=2984"},"modified":"2025-08-17T20:09:32","modified_gmt":"2025-08-17T23:09:32","slug":"filha-de-fotografo-desabafa-apos-pai-ser-demitido","status":"publish","type":"post","link":"https:\/\/oficialnoticias.com\/?p=2984","title":{"rendered":"filha de fot\u00f3grafo desabafa ap\u00f3s pai ser demitido"},"content":{"rendered":"<p><\/p>\n<div>\n<p>A demiss\u00e3o do fot\u00f3grafo Alex Silva, dispensado do jornal \u2018O Estado de S. Paulo\u2019, empresa do Grupo Estado, no \u00faltimo dia 7, cerca de uma semana ap\u00f3s capturar o momento em que o ministro do Supremo Tribunal Federal (STF), Alexandre de Moraes, fazia um gesto obsceno na <bsp-link-enhancement><br \/>\n    <span class=\"LinkEnhancement\"><a class=\"Link\" href=\"https:\/\/www.itatiaia.com.br\/esportes\/futebol\/futebol-nacional\/futebol-paulista\/corinthians\/corinthians-x-palmeiras-alexandre-de-moraes-marca-presenca-na-neo-quimica-arena\" title=\"partida entre Corinthians e Palmeiras, na Neo Qu\u00edmica Arena\">partida entre Corinthians e Palmeiras, na Neo Qu\u00edmica Arena<\/a><\/span><\/bsp-link-enhancement>, no dia 30 de julho, pelas oitavas de final da Copa do Brasil, segue dando o que falar.<\/p>\n<p>Ap\u00f3s cr\u00edticas que relacionam a foto com a demiss\u00e3o \u2014 o \u2018Estad\u00e3o\u2019 negou correla\u00e7\u00e3o \u2014, foi a vez da filha do fot\u00f3grafo demitido, Lara Prado, postar um desabafo em seu Instagram pessoal.<\/p>\n<p>No v\u00eddeo, a jovem, que est\u00e1 dentro de um carro, afirma que ir\u00e1 \u201cexplicar toda a hist\u00f3ria\u201d. Ap\u00f3s contextualizar o dia, relata que Alex Silva foi escalado especificamente para buscar uma foto de Moraes, que sabidamente estaria em um dos camarotes do est\u00e1dio.<\/p>\n<p><bsp-list-loadmore class=\"PageListStandardG\" data-module=\"\" data-show-loadmore=\"true\" data-list-title-size=\"3\" data-list-description-size=\"3\"><\/p>\n<p>    <a class=\"AnchorLink\" title=\"leia-tambem\" name=\"leia-tambem\"\/><\/p>\n<p><\/bsp-list-loadmore><\/p>\n<p>\u201cDepois de muito procurar, meu pai achou o ministro. Em seguida, n\u00e3o sei de fato o que algu\u00e9m da torcida, ou a em si torcida, fez para o ministro, e essa foi a rea\u00e7\u00e3o dele. Foram tr\u00eas fotogramas que ele conseguiu tirar e, em seguida, ele enviou para o Estad\u00e3o\u201d, come\u00e7ou ela.<\/p>\n<p>Prado conta que o Estad\u00e3o vendeu a foto para outros ve\u00edculos de comunica\u00e7\u00e3o, apesar de ter deixado a foto apenas na home de seu site, no dia 31 de julho, e n\u00e3o na capa do jornal.<\/p>\n<p>\u201cA Folha que deu capa. N\u00e3o foi o Estad\u00e3o\u201d, lembrou.<\/p>\n<p>Por fim, Lara deu detalhes do dia da demiss\u00e3o e fez um questionamento.<\/p>\n<p>\u201cAp\u00f3s uma semana da foto, meu pai foi chamado na sede do Estad\u00e3o e informado que seria desligado por motivos administrativos, sem mais justificativas. Meu pai tem mais de 35 anos de experi\u00eancia como fot\u00f3grafo e 23 anos dedicados ao Estad\u00e3o. Eu n\u00e3o sei se esse v\u00eddeo vai alcan\u00e7ar muitas pessoas, mas eu quero perguntar para voc\u00ea que est\u00e1 assistindo esse v\u00eddeo: voc\u00ea acredita nessa justificativa ou n\u00e3o?\u201d, finalizou a jovem.<\/p>\n<h2>Estad\u00e3o negou que demiss\u00e3o teve rela\u00e7\u00e3o com foto de Moraes<\/h2>\n<p>Ap\u00f3s a repercuss\u00e3o da demiss\u00e3o, o jornal O Estado de S. Paulo negou, em nota, que houve correla\u00e7\u00e3o entre a dispensa e a fotografia de Alexandre de Moraes. Confira a nota, divulgada pela CNN:<\/p>\n<p><i>\u201cO encerramento do v\u00ednculo profissional com o fot\u00f3grafo j\u00e1 estava planejado com anteced\u00eancia e faz parte de uma redu\u00e7\u00e3o de quadros da editoria de Fotografia, seguindo crit\u00e9rios exclusivamente administrativos.<\/i><\/p>\n<p><i>N\u00e3o h\u00e1 l\u00f3gica em associar tal decis\u00e3o \u00e0 foto do ministro Alexandre de Moraes feita pelo profissional durante uma partida do Corinthians. A imagem em quest\u00e3o foi considerada de relevante valor jornal\u00edstico pelo Estad\u00e3o. N\u00e3o \u00e0 toa, foi publicada como principal destaque na home do jornal ainda na noite da quarta-feira, dia do jogo. Permaneceu na home durante todo o dia seguinte e tamb\u00e9m foi publicada em espa\u00e7o importante na edi\u00e7\u00e3o impressa. O jornal ainda pautou uma reportagem para informar ao p\u00fablico o contexto em que a imagem tinha sido obtida. Colunistas do jornal repercutiram a fotografia do ministro em textos e v\u00eddeos. Por meio do Estad\u00e3o Conte\u00fado, a imagem foi vendida para in\u00fameros ve\u00edculos, inclusive para a CNN.<\/i><\/p>\n<p><i>O Estad\u00e3o jamais abrir\u00e1 m\u00e3o de seu compromisso hist\u00f3rico com a liberdade de express\u00e3o e os mais altos padr\u00f5es de independ\u00eancia editorial.\u201d<\/i><\/p>\n<\/p><\/div>\n<p><script>\n  window.fbAsyncInit = function() {\n      FB.init({\n              appId : '1447052969554341',\n          xfbml : true,\n          version : 'v2.9'\n      });\n  };\n  (function(d, s, id){\n     var js, fjs = d.getElementsByTagName(s)[0];\n     if (d.getElementById(id)) {return;}\n     js = d.createElement(s); js.id = id;\n     js.src = \"https:\/\/connect.facebook.net\/en_US\/sdk.js\";\n     fjs.parentNode.insertBefore(js, fjs);\n   }(document, 'script', 'facebook-jssdk'));\n<\/script><br \/>\n  <\/a><\/p>\n","protected":false},"excerpt":{"rendered":"<p>A demiss\u00e3o do fot\u00f3grafo Alex Silva, dispensado do jornal \u2018O Estado de S. Paulo\u2019, empresa do Grupo Estado, no \u00faltimo dia 7, cerca de uma semana ap\u00f3s capturar o momento em que o ministro do Supremo Tribunal Federal (STF), Alexandre de Moraes, fazia um gesto obsceno na partida entre Corinthians e Palmeiras, na Neo Qu\u00edmica&#8230;<\/p>\n","protected":false},"author":2,"featured_media":2985,"comment_status":"open","ping_status":"open","sticky":false,"template":"","format":"standard","meta":{"footnotes":""},"categories":[3],"tags":[],"class_list":["post-2984","post","type-post","status-publish","format-standard","has-post-thumbnail","hentry","category-fashion"],"yoast_head":"<!-- This site is optimized with the Yoast SEO plugin v27.3 - https:\/\/yoast.com\/product\/yoast-seo-wordpress\/ -->\n<title>filha de fot\u00f3grafo desabafa ap\u00f3s pai ser demitido -<\/title>\n<meta name=\"robots\" content=\"index, follow, max-snippet:-1, max-image-preview:large, max-video-preview:-1\" \/>\n<link rel=\"canonical\" href=\"https:\/\/oficialnoticias.com\/?p=2984\" \/>\n<meta property=\"og:locale\" content=\"pt_BR\" \/>\n<meta property=\"og:type\" content=\"article\" \/>\n<meta property=\"og:title\" content=\"filha de fot\u00f3grafo desabafa ap\u00f3s pai ser demitido -\" \/>\n<meta property=\"og:description\" content=\"A demiss\u00e3o do fot\u00f3grafo Alex Silva, dispensado do jornal \u2018O Estado de S. Paulo\u2019, empresa do Grupo Estado, no \u00faltimo dia 7, cerca de uma semana ap\u00f3s capturar o momento em que o ministro do Supremo Tribunal Federal (STF), Alexandre de Moraes, fazia um gesto obsceno na partida entre Corinthians e Palmeiras, na Neo Qu\u00edmica...\" \/>\n<meta property=\"og:url\" content=\"https:\/\/oficialnoticias.com\/?p=2984\" \/>\n<meta property=\"article:published_time\" content=\"2025-08-17T23:09:27+00:00\" \/>\n<meta property=\"article:modified_time\" content=\"2025-08-17T23:09:32+00:00\" \/>\n<meta property=\"og:image\" content=\"https:\/\/oficialnoticias.com\/wp-content\/uploads\/2025\/08\/urlhttps3A2F2Fk2-prod-radio-itatiaia.s3.us-east-1.amazonaws.com2Fbrightspot2F822Fb32F0afd49.webp\" \/>\n\t<meta property=\"og:image:width\" content=\"1200\" \/>\n\t<meta property=\"og:image:height\" content=\"630\" \/>\n\t<meta property=\"og:image:type\" content=\"image\/webp\" \/>\n<meta name=\"author\" content=\"Luana Gon\u00e7alves\" \/>\n<meta name=\"twitter:card\" content=\"summary_large_image\" \/>\n<meta name=\"twitter:label1\" content=\"Escrito por\" \/>\n\t<meta name=\"twitter:data1\" content=\"Luana Gon\u00e7alves\" \/>\n\t<meta name=\"twitter:label2\" content=\"Est. tempo de leitura\" \/>\n\t<meta name=\"twitter:data2\" content=\"3 minutos\" \/>\n<script type=\"application\/ld+json\" class=\"yoast-schema-graph\">{\"@context\":\"https:\\\/\\\/schema.org\",\"@graph\":[{\"@type\":\"Article\",\"@id\":\"https:\\\/\\\/oficialnoticias.com\\\/?p=2984#article\",\"isPartOf\":{\"@id\":\"https:\\\/\\\/oficialnoticias.com\\\/?p=2984\"},\"author\":{\"name\":\"Luana Gon\u00e7alves\",\"@id\":\"https:\\\/\\\/oficialnoticias.com\\\/#\\\/schema\\\/person\\\/2d1dcbb6bfbc28d68171b4dc04723d4a\"},\"headline\":\"filha de fot\u00f3grafo desabafa ap\u00f3s pai ser demitido\",\"datePublished\":\"2025-08-17T23:09:27+00:00\",\"dateModified\":\"2025-08-17T23:09:32+00:00\",\"mainEntityOfPage\":{\"@id\":\"https:\\\/\\\/oficialnoticias.com\\\/?p=2984\"},\"wordCount\":617,\"commentCount\":0,\"publisher\":{\"@id\":\"https:\\\/\\\/oficialnoticias.com\\\/#organization\"},\"image\":{\"@id\":\"https:\\\/\\\/oficialnoticias.com\\\/?p=2984#primaryimage\"},\"thumbnailUrl\":\"https:\\\/\\\/oficialnoticias.com\\\/wp-content\\\/uploads\\\/2025\\\/08\\\/urlhttps3A2F2Fk2-prod-radio-itatiaia.s3.us-east-1.amazonaws.com2Fbrightspot2F822Fb32F0afd49.webp\",\"articleSection\":[\"Brasil\"],\"inLanguage\":\"pt-BR\",\"potentialAction\":[{\"@type\":\"CommentAction\",\"name\":\"Comment\",\"target\":[\"https:\\\/\\\/oficialnoticias.com\\\/?p=2984#respond\"]}]},{\"@type\":\"WebPage\",\"@id\":\"https:\\\/\\\/oficialnoticias.com\\\/?p=2984\",\"url\":\"https:\\\/\\\/oficialnoticias.com\\\/?p=2984\",\"name\":\"filha de fot\u00f3grafo desabafa ap\u00f3s pai ser demitido -\",\"isPartOf\":{\"@id\":\"https:\\\/\\\/oficialnoticias.com\\\/#website\"},\"primaryImageOfPage\":{\"@id\":\"https:\\\/\\\/oficialnoticias.com\\\/?p=2984#primaryimage\"},\"image\":{\"@id\":\"https:\\\/\\\/oficialnoticias.com\\\/?p=2984#primaryimage\"},\"thumbnailUrl\":\"https:\\\/\\\/oficialnoticias.com\\\/wp-content\\\/uploads\\\/2025\\\/08\\\/urlhttps3A2F2Fk2-prod-radio-itatiaia.s3.us-east-1.amazonaws.com2Fbrightspot2F822Fb32F0afd49.webp\",\"datePublished\":\"2025-08-17T23:09:27+00:00\",\"dateModified\":\"2025-08-17T23:09:32+00:00\",\"breadcrumb\":{\"@id\":\"https:\\\/\\\/oficialnoticias.com\\\/?p=2984#breadcrumb\"},\"inLanguage\":\"pt-BR\",\"potentialAction\":[{\"@type\":\"ReadAction\",\"target\":[\"https:\\\/\\\/oficialnoticias.com\\\/?p=2984\"]}]},{\"@type\":\"ImageObject\",\"inLanguage\":\"pt-BR\",\"@id\":\"https:\\\/\\\/oficialnoticias.com\\\/?p=2984#primaryimage\",\"url\":\"https:\\\/\\\/oficialnoticias.com\\\/wp-content\\\/uploads\\\/2025\\\/08\\\/urlhttps3A2F2Fk2-prod-radio-itatiaia.s3.us-east-1.amazonaws.com2Fbrightspot2F822Fb32F0afd49.webp\",\"contentUrl\":\"https:\\\/\\\/oficialnoticias.com\\\/wp-content\\\/uploads\\\/2025\\\/08\\\/urlhttps3A2F2Fk2-prod-radio-itatiaia.s3.us-east-1.amazonaws.com2Fbrightspot2F822Fb32F0afd49.webp\",\"width\":1200,\"height\":630},{\"@type\":\"BreadcrumbList\",\"@id\":\"https:\\\/\\\/oficialnoticias.com\\\/?p=2984#breadcrumb\",\"itemListElement\":[{\"@type\":\"ListItem\",\"position\":1,\"name\":\"In\u00edcio\",\"item\":\"https:\\\/\\\/oficialnoticias.com\\\/\"},{\"@type\":\"ListItem\",\"position\":2,\"name\":\"filha de fot\u00f3grafo desabafa ap\u00f3s pai ser demitido\"}]},{\"@type\":\"WebSite\",\"@id\":\"https:\\\/\\\/oficialnoticias.com\\\/#website\",\"url\":\"https:\\\/\\\/oficialnoticias.com\\\/\",\"name\":\"oficial Noticias\",\"description\":\"\",\"publisher\":{\"@id\":\"https:\\\/\\\/oficialnoticias.com\\\/#organization\"},\"potentialAction\":[{\"@type\":\"SearchAction\",\"target\":{\"@type\":\"EntryPoint\",\"urlTemplate\":\"https:\\\/\\\/oficialnoticias.com\\\/?s={search_term_string}\"},\"query-input\":{\"@type\":\"PropertyValueSpecification\",\"valueRequired\":true,\"valueName\":\"search_term_string\"}}],\"inLanguage\":\"pt-BR\"},{\"@type\":\"Organization\",\"@id\":\"https:\\\/\\\/oficialnoticias.com\\\/#organization\",\"name\":\"oficial noticias\",\"url\":\"https:\\\/\\\/oficialnoticias.com\\\/\",\"logo\":{\"@type\":\"ImageObject\",\"inLanguage\":\"pt-BR\",\"@id\":\"https:\\\/\\\/oficialnoticias.com\\\/#\\\/schema\\\/logo\\\/image\\\/\",\"url\":\"https:\\\/\\\/oficialnoticias.com\\\/wp-content\\\/uploads\\\/2025\\\/08\\\/cropped-cropped-cropped-Logo-Noticias-e1753639739829.png\",\"contentUrl\":\"https:\\\/\\\/oficialnoticias.com\\\/wp-content\\\/uploads\\\/2025\\\/08\\\/cropped-cropped-cropped-Logo-Noticias-e1753639739829.png\",\"width\":119,\"height\":86,\"caption\":\"oficial noticias\"},\"image\":{\"@id\":\"https:\\\/\\\/oficialnoticias.com\\\/#\\\/schema\\\/logo\\\/image\\\/\"}},{\"@type\":\"Person\",\"@id\":\"https:\\\/\\\/oficialnoticias.com\\\/#\\\/schema\\\/person\\\/2d1dcbb6bfbc28d68171b4dc04723d4a\",\"name\":\"Luana Gon\u00e7alves\",\"image\":{\"@type\":\"ImageObject\",\"inLanguage\":\"pt-BR\",\"@id\":\"https:\\\/\\\/secure.gravatar.com\\\/avatar\\\/7aa6afdef873224c1a0265951f3fdfc0679f65dfbd15f018612595d323c52521?s=96&d=mm&r=g\",\"url\":\"https:\\\/\\\/secure.gravatar.com\\\/avatar\\\/7aa6afdef873224c1a0265951f3fdfc0679f65dfbd15f018612595d323c52521?s=96&d=mm&r=g\",\"contentUrl\":\"https:\\\/\\\/secure.gravatar.com\\\/avatar\\\/7aa6afdef873224c1a0265951f3fdfc0679f65dfbd15f018612595d323c52521?s=96&d=mm&r=g\",\"caption\":\"Luana Gon\u00e7alves\"},\"sameAs\":[\"https:\\\/\\\/oficialnoticias.com\\\/\"],\"url\":\"https:\\\/\\\/oficialnoticias.com\\\/?author=2\"}]}<\/script>\n<!-- \/ Yoast SEO plugin. -->","yoast_head_json":{"title":"filha de fot\u00f3grafo desabafa ap\u00f3s pai ser demitido -","robots":{"index":"index","follow":"follow","max-snippet":"max-snippet:-1","max-image-preview":"max-image-preview:large","max-video-preview":"max-video-preview:-1"},"canonical":"https:\/\/oficialnoticias.com\/?p=2984","og_locale":"pt_BR","og_type":"article","og_title":"filha de fot\u00f3grafo desabafa ap\u00f3s pai ser demitido -","og_description":"A demiss\u00e3o do fot\u00f3grafo Alex Silva, dispensado do jornal \u2018O Estado de S. Paulo\u2019, empresa do Grupo Estado, no \u00faltimo dia 7, cerca de uma semana ap\u00f3s capturar o momento em que o ministro do Supremo Tribunal Federal (STF), Alexandre de Moraes, fazia um gesto obsceno na partida entre Corinthians e Palmeiras, na Neo Qu\u00edmica...","og_url":"https:\/\/oficialnoticias.com\/?p=2984","article_published_time":"2025-08-17T23:09:27+00:00","article_modified_time":"2025-08-17T23:09:32+00:00","og_image":[{"width":1200,"height":630,"url":"https:\/\/oficialnoticias.com\/wp-content\/uploads\/2025\/08\/urlhttps3A2F2Fk2-prod-radio-itatiaia.s3.us-east-1.amazonaws.com2Fbrightspot2F822Fb32F0afd49.webp","type":"image\/webp"}],"author":"Luana Gon\u00e7alves","twitter_card":"summary_large_image","twitter_misc":{"Escrito por":"Luana Gon\u00e7alves","Est. tempo de leitura":"3 minutos"},"schema":{"@context":"https:\/\/schema.org","@graph":[{"@type":"Article","@id":"https:\/\/oficialnoticias.com\/?p=2984#article","isPartOf":{"@id":"https:\/\/oficialnoticias.com\/?p=2984"},"author":{"name":"Luana Gon\u00e7alves","@id":"https:\/\/oficialnoticias.com\/#\/schema\/person\/2d1dcbb6bfbc28d68171b4dc04723d4a"},"headline":"filha de fot\u00f3grafo desabafa ap\u00f3s pai ser demitido","datePublished":"2025-08-17T23:09:27+00:00","dateModified":"2025-08-17T23:09:32+00:00","mainEntityOfPage":{"@id":"https:\/\/oficialnoticias.com\/?p=2984"},"wordCount":617,"commentCount":0,"publisher":{"@id":"https:\/\/oficialnoticias.com\/#organization"},"image":{"@id":"https:\/\/oficialnoticias.com\/?p=2984#primaryimage"},"thumbnailUrl":"https:\/\/oficialnoticias.com\/wp-content\/uploads\/2025\/08\/urlhttps3A2F2Fk2-prod-radio-itatiaia.s3.us-east-1.amazonaws.com2Fbrightspot2F822Fb32F0afd49.webp","articleSection":["Brasil"],"inLanguage":"pt-BR","potentialAction":[{"@type":"CommentAction","name":"Comment","target":["https:\/\/oficialnoticias.com\/?p=2984#respond"]}]},{"@type":"WebPage","@id":"https:\/\/oficialnoticias.com\/?p=2984","url":"https:\/\/oficialnoticias.com\/?p=2984","name":"filha de fot\u00f3grafo desabafa ap\u00f3s pai ser demitido -","isPartOf":{"@id":"https:\/\/oficialnoticias.com\/#website"},"primaryImageOfPage":{"@id":"https:\/\/oficialnoticias.com\/?p=2984#primaryimage"},"image":{"@id":"https:\/\/oficialnoticias.com\/?p=2984#primaryimage"},"thumbnailUrl":"https:\/\/oficialnoticias.com\/wp-content\/uploads\/2025\/08\/urlhttps3A2F2Fk2-prod-radio-itatiaia.s3.us-east-1.amazonaws.com2Fbrightspot2F822Fb32F0afd49.webp","datePublished":"2025-08-17T23:09:27+00:00","dateModified":"2025-08-17T23:09:32+00:00","breadcrumb":{"@id":"https:\/\/oficialnoticias.com\/?p=2984#breadcrumb"},"inLanguage":"pt-BR","potentialAction":[{"@type":"ReadAction","target":["https:\/\/oficialnoticias.com\/?p=2984"]}]},{"@type":"ImageObject","inLanguage":"pt-BR","@id":"https:\/\/oficialnoticias.com\/?p=2984#primaryimage","url":"https:\/\/oficialnoticias.com\/wp-content\/uploads\/2025\/08\/urlhttps3A2F2Fk2-prod-radio-itatiaia.s3.us-east-1.amazonaws.com2Fbrightspot2F822Fb32F0afd49.webp","contentUrl":"https:\/\/oficialnoticias.com\/wp-content\/uploads\/2025\/08\/urlhttps3A2F2Fk2-prod-radio-itatiaia.s3.us-east-1.amazonaws.com2Fbrightspot2F822Fb32F0afd49.webp","width":1200,"height":630},{"@type":"BreadcrumbList","@id":"https:\/\/oficialnoticias.com\/?p=2984#breadcrumb","itemListElement":[{"@type":"ListItem","position":1,"name":"In\u00edcio","item":"https:\/\/oficialnoticias.com\/"},{"@type":"ListItem","position":2,"name":"filha de fot\u00f3grafo desabafa ap\u00f3s pai ser demitido"}]},{"@type":"WebSite","@id":"https:\/\/oficialnoticias.com\/#website","url":"https:\/\/oficialnoticias.com\/","name":"oficial Noticias","description":"","publisher":{"@id":"https:\/\/oficialnoticias.com\/#organization"},"potentialAction":[{"@type":"SearchAction","target":{"@type":"EntryPoint","urlTemplate":"https:\/\/oficialnoticias.com\/?s={search_term_string}"},"query-input":{"@type":"PropertyValueSpecification","valueRequired":true,"valueName":"search_term_string"}}],"inLanguage":"pt-BR"},{"@type":"Organization","@id":"https:\/\/oficialnoticias.com\/#organization","name":"oficial noticias","url":"https:\/\/oficialnoticias.com\/","logo":{"@type":"ImageObject","inLanguage":"pt-BR","@id":"https:\/\/oficialnoticias.com\/#\/schema\/logo\/image\/","url":"https:\/\/oficialnoticias.com\/wp-content\/uploads\/2025\/08\/cropped-cropped-cropped-Logo-Noticias-e1753639739829.png","contentUrl":"https:\/\/oficialnoticias.com\/wp-content\/uploads\/2025\/08\/cropped-cropped-cropped-Logo-Noticias-e1753639739829.png","width":119,"height":86,"caption":"oficial noticias"},"image":{"@id":"https:\/\/oficialnoticias.com\/#\/schema\/logo\/image\/"}},{"@type":"Person","@id":"https:\/\/oficialnoticias.com\/#\/schema\/person\/2d1dcbb6bfbc28d68171b4dc04723d4a","name":"Luana Gon\u00e7alves","image":{"@type":"ImageObject","inLanguage":"pt-BR","@id":"https:\/\/secure.gravatar.com\/avatar\/7aa6afdef873224c1a0265951f3fdfc0679f65dfbd15f018612595d323c52521?s=96&d=mm&r=g","url":"https:\/\/secure.gravatar.com\/avatar\/7aa6afdef873224c1a0265951f3fdfc0679f65dfbd15f018612595d323c52521?s=96&d=mm&r=g","contentUrl":"https:\/\/secure.gravatar.com\/avatar\/7aa6afdef873224c1a0265951f3fdfc0679f65dfbd15f018612595d323c52521?s=96&d=mm&r=g","caption":"Luana Gon\u00e7alves"},"sameAs":["https:\/\/oficialnoticias.com\/"],"url":"https:\/\/oficialnoticias.com\/?author=2"}]}},"_links":{"self":[{"href":"https:\/\/oficialnoticias.com\/index.php?rest_route=\/wp\/v2\/posts\/2984","targetHints":{"allow":["GET"]}}],"collection":[{"href":"https:\/\/oficialnoticias.com\/index.php?rest_route=\/wp\/v2\/posts"}],"about":[{"href":"https:\/\/oficialnoticias.com\/index.php?rest_route=\/wp\/v2\/types\/post"}],"author":[{"embeddable":true,"href":"https:\/\/oficialnoticias.com\/index.php?rest_route=\/wp\/v2\/users\/2"}],"replies":[{"embeddable":true,"href":"https:\/\/oficialnoticias.com\/index.php?rest_route=%2Fwp%2Fv2%2Fcomments&post=2984"}],"version-history":[{"count":1,"href":"https:\/\/oficialnoticias.com\/index.php?rest_route=\/wp\/v2\/posts\/2984\/revisions"}],"predecessor-version":[{"id":2986,"href":"https:\/\/oficialnoticias.com\/index.php?rest_route=\/wp\/v2\/posts\/2984\/revisions\/2986"}],"wp:featuredmedia":[{"embeddable":true,"href":"https:\/\/oficialnoticias.com\/index.php?rest_route=\/wp\/v2\/media\/2985"}],"wp:attachment":[{"href":"https:\/\/oficialnoticias.com\/index.php?rest_route=%2Fwp%2Fv2%2Fmedia&parent=2984"}],"wp:term":[{"taxonomy":"category","embeddable":true,"href":"https:\/\/oficialnoticias.com\/index.php?rest_route=%2Fwp%2Fv2%2Fcategories&post=2984"},{"taxonomy":"post_tag","embeddable":true,"href":"https:\/\/oficialnoticias.com\/index.php?rest_route=%2Fwp%2Fv2%2Ftags&post=2984"}],"curies":[{"name":"wp","href":"https:\/\/api.w.org\/{rel}","templated":true}]}}