{"id":2933,"date":"2025-08-17T07:50:20","date_gmt":"2025-08-17T10:50:20","guid":{"rendered":"https:\/\/oficialnoticias.com\/?p=2933"},"modified":"2025-08-17T07:50:24","modified_gmt":"2025-08-17T10:50:24","slug":"sob-olhares-de-ancelotti-atletico-encara-gremio-para-colar-no-g6-do-brasileiro","status":"publish","type":"post","link":"https:\/\/oficialnoticias.com\/?p=2933","title":{"rendered":"Sob olhares de Ancelotti, Atl\u00e9tico encara Gr\u00eamio para colar no G6 do Brasileiro"},"content":{"rendered":"<p><\/p>\n<div>\n<p>O <bsp-link-enhancement><br \/>\n    <span class=\"LinkEnhancement\"><a class=\"Link\" href=\"https:\/\/www.itatiaia.com.br\/esportes\/futebol\/futebol-nacional\/futebol-mineiro\/atletico\" title=\"Atl\u00e9tico\">Atl\u00e9tico<\/a><\/span><\/bsp-link-enhancement> volta a campo neste domingo (17) e encara o <bsp-link-enhancement><br \/>\n    <span class=\"LinkEnhancement\"><a class=\"Link\" href=\"https:\/\/www.itatiaia.com.br\/esportes\/futebol\/futebol-nacional\/futebol-do-sul\/gremio\" title=\"Gr\u00eamio\">Gr\u00eamio<\/a><\/span><\/bsp-link-enhancement> na rodada que marca a abertura do returno do <bsp-link-enhancement><br \/>\n    <span class=\"LinkEnhancement\"><a class=\"Link\" href=\"https:\/\/www.itatiaia.com.br\/esportes\/futebol\/futebol-nacional\/brasileirao-serie-a\" title=\"Campeonato Brasileiro\">Campeonato Brasileiro<\/a><\/span><\/bsp-link-enhancement>. A bola rola a partir das 16h (de Bras\u00edlia) na Arena MRV, em Belo Horizonte, pela 20\u00aa rodada do torneio nacional. A grande atra\u00e7\u00e3o no est\u00e1dio ser\u00e1 <bsp-link-enhancement><br \/>\n    <span class=\"LinkEnhancement\"><a class=\"Link\" href=\"https:\/\/www.itatiaia.com.br\/esportes\/futebol\/futebol-nacional\/futebol-mineiro\/atletico\/tecnico-da-selecao-brasileira-ancelotti-estara-em-jogo-do-atletico-na-arena-mrv\" title=\"a presen\u00e7a de Carlo Ancelotti\">a presen\u00e7a de Carlo Ancelotti<\/a><\/span><\/bsp-link-enhancement>, t\u00e9cnico da <bsp-link-enhancement><br \/>\n    <span class=\"LinkEnhancement\"><a class=\"Link\" href=\"https:\/\/www.itatiaia.com.br\/esportes\/futebol\/selecao-brasileira\" title=\"Sele\u00e7\u00e3o Brasileira\">Sele\u00e7\u00e3o Brasileira<\/a><\/span><\/bsp-link-enhancement>, que estar\u00e1 na capital mineira pela primeira vez.<\/p>\n<p>Em campo, os comandados por Cuca e Mano Menezes t\u00eam miss\u00e3o semelhante: os dois times precisam melhorar as posi\u00e7\u00f5es na tabela. Mandante, o Galo inicia a rodada com 24 pontos, na d\u00e9cima coloca\u00e7\u00e3o, e com meta de se aproximar do G6; j\u00e1 a equipe ga\u00facha, com quatro a menos, est\u00e1 em 15\u00ba e, neste momento, precisa se distanciar de quem briga contra o rebaixamento.<\/p>\n<p><i class=\"rte2-style-italic\">A <\/i><b class=\"rte2-style-bold\"><i class=\"rte2-style-italic\">Itatiaia<\/i><\/b><i class=\"rte2-style-italic\"> transmite o confronto pelo 95,7 FM, 610 AM e pelos canais no Youtube (@itatiaiaoficial e @itatiaiaesporte)<\/i>\n<\/p>\n<p><bsp-list-loadmore class=\"PageListStandardG\" data-module=\"\" data-show-loadmore=\"true\" data-list-title-size=\"3\" data-list-description-size=\"3\"><\/p>\n<p>    <a class=\"AnchorLink\" title=\"leia-tambem\" name=\"leia-tambem\"\/><\/p>\n<p><\/bsp-list-loadmore><\/p>\n<h2>Desfalque de \u00faltima hora?<\/h2>\n<p>O Galo pode ter o desfalque do zagueiro Lyanco. O jogador n\u00e3o participou efetivamente do treinamento realizado neste s\u00e1bado (16), passou por exames de imagem e pode ser poupado do confronto contra o Gr\u00eamio.<\/p>\n<h2>Dudu fora<\/h2>\n<p>Ainda suspenso pelo Superior Tribunal de Justi\u00e7a Desportiva (STJD), por misoginia contra Leila Pereira, presidente do Palmeiras, o atacante Dudu n\u00e3o ser\u00e1 op\u00e7\u00e3o para Cuca. Ele precisa cumprir mais tr\u00eas partidas do Brasileir\u00e3o. <\/p>\n<h3>Saravia e Fausto Vera <\/h3>\n<p>Cortados da partida contra o Godoy Cruz, primeira das oitavas de final da Copa Sul-Americana, o lateral-direito Renzo Saravia e o volante Fausto Vera seguem como d\u00favidas no Galo. Ambos t\u00eam problemas musculares e seguem sob cuidados do departamento m\u00e9dico.<\/p>\n<h3>Invencibilidade no duelo<\/h3>\n<p>Dos \u00faltimos cinco jogos entre Atl\u00e9tico e Gr\u00eamio, tendo o Galo como mandante, foram quatro vit\u00f3rias dos mineiros e uma dos ga\u00fachos. O \u00faltimo triunfo do Tricolor em Minas Gerais foi na goleada por 4 a 1, em 2019.<\/p>\n<p>Na primeira rodada da atual edi\u00e7\u00e3o, o Gr\u00eamio fez o dever de casa em Porto Alegre e venceu por 2 a 1.<\/p>\n<h2>Mano escala experientes<\/h2>\n<p>Pressionado no cargo, Mano Menezes deve escalar jogadores mais experientes. J\u00e1 Edenilson, que foi titular contra o Sport, pode permanecer na equipe e ficar no lugar Riquelme. Cu\u00e9llar tamb\u00e9m pode aparecer no meio-campo. Na defesa, Jemerson e Ronald disputam vaga na lateral direita com a aus\u00eancia de Camilo.<\/p>\n<h3>Braithwaite suspenso e Kannemann retorna<\/h3>\n<p>Braithwaite est\u00e1 suspenso pelo terceiro amarelo sofrido na rodada anterior. Carlos Vinicius, rec\u00e9m-contratado, deve ser o substituto.<\/p>\n<p>Kannemann, por sua vez, \u00e9 novidade ap\u00f3s cumprir suspens\u00e3o. O argentino deve entrar no lugar de Balbuena.<\/p>\n<h2>Atl\u00e9tico x Gr\u00eamio<\/h2>\n<h3>Atl\u00e9tico<\/h3>\n<p>Everson; Natanael (Renzo Saravia), Igor Rabello (Lyanco), Junior Alonso; Guilherme Arana; Alan Franco, Gabriel Menino (Alexsander); Gustavo Scarpa; Tom\u00e1s Cuello, Rony e Hulk. <b>T\u00e9cnico:<\/b> Cuca<\/p>\n<h3>Gr\u00eamio<\/h3>\n<p>Tiago Volpi; Edenilson (Ronald ou Jemerson), Kannemann (Balbuena), Wagner Leonardo e Marlon; Dodi, Villasanti (Cu\u00e9llar), Edenilson, Alysson Edward e Olivera; Carlos Vin\u00edcius. <b>T\u00e9cnico:<\/b> Mano Menezes<\/p>\n<p><b>Motivo: <\/b>20\u00aa rodada do Campeonato Brasileiro<br \/><b>Data:<\/b> 17 de agosto de 2025 (domingo)<br \/><b>Hor\u00e1rio:<\/b> 16h (de Bras\u00edlia)<br \/><b>Local:<\/b> Arena MRV, em Belo Horizonte<\/p>\n<p><b>Arbitragem:<\/b> Alex Gomes Stefano (RJ), auxiliado por Rodrigo Figueiredo Corr\u00eaa (RJ) e Carlos Henrique de Lima Filho (RJ)<br \/><b>VAR: <\/b>Caio Max Augusto Vieira (GO)<\/p>\n<p><b>Transmiss\u00e3o: <\/b>Globo e Premiere. <\/p>\n<\/p><\/div>\n<p><script>\n  window.fbAsyncInit = function() {\n      FB.init({\n              appId : '1447052969554341',\n          xfbml : true,\n          version : 'v2.9'\n      });\n  };\n  (function(d, s, id){\n     var js, fjs = d.getElementsByTagName(s)[0];\n     if (d.getElementById(id)) {return;}\n     js = d.createElement(s); js.id = id;\n     js.src = \"https:\/\/connect.facebook.net\/en_US\/sdk.js\";\n     fjs.parentNode.insertBefore(js, fjs);\n   }(document, 'script', 'facebook-jssdk'));\n<\/script><\/p>\n","protected":false},"excerpt":{"rendered":"<p>O Atl\u00e9tico volta a campo neste domingo (17) e encara o Gr\u00eamio na rodada que marca a abertura do returno do Campeonato Brasileiro. A bola rola a partir das 16h (de Bras\u00edlia) na Arena MRV, em Belo Horizonte, pela 20\u00aa rodada do torneio nacional. A grande atra\u00e7\u00e3o no est\u00e1dio ser\u00e1 a presen\u00e7a de Carlo Ancelotti,&#8230;<\/p>\n","protected":false},"author":2,"featured_media":2934,"comment_status":"open","ping_status":"open","sticky":false,"template":"","format":"standard","meta":{"footnotes":""},"categories":[4],"tags":[],"class_list":["post-2933","post","type-post","status-publish","format-standard","has-post-thumbnail","hentry","category-sports"],"yoast_head":"<!-- This site is optimized with the Yoast SEO plugin v28.1 - https:\/\/yoast.com\/product\/yoast-seo-wordpress\/ -->\n<title>Sob olhares de Ancelotti, Atl\u00e9tico encara Gr\u00eamio para colar no G6 do Brasileiro -<\/title>\n<meta name=\"robots\" content=\"index, follow, max-snippet:-1, max-image-preview:large, max-video-preview:-1\" \/>\n<link rel=\"canonical\" href=\"https:\/\/oficialnoticias.com\/?p=2933\" \/>\n<meta property=\"og:locale\" content=\"pt_BR\" \/>\n<meta property=\"og:type\" content=\"article\" \/>\n<meta property=\"og:title\" content=\"Sob olhares de Ancelotti, Atl\u00e9tico encara Gr\u00eamio para colar no G6 do Brasileiro -\" \/>\n<meta property=\"og:description\" content=\"O Atl\u00e9tico volta a campo neste domingo (17) e encara o Gr\u00eamio na rodada que marca a abertura do returno do Campeonato Brasileiro. A bola rola a partir das 16h (de Bras\u00edlia) na Arena MRV, em Belo Horizonte, pela 20\u00aa rodada do torneio nacional. A grande atra\u00e7\u00e3o no est\u00e1dio ser\u00e1 a presen\u00e7a de Carlo Ancelotti,...\" \/>\n<meta property=\"og:url\" content=\"https:\/\/oficialnoticias.com\/?p=2933\" \/>\n<meta property=\"article:published_time\" content=\"2025-08-17T10:50:20+00:00\" \/>\n<meta property=\"article:modified_time\" content=\"2025-08-17T10:50:24+00:00\" \/>\n<meta property=\"og:image\" content=\"https:\/\/oficialnoticias.com\/wp-content\/uploads\/2025\/08\/urlhttps3A2F2Fk2-prod-radio-itatiaia.s3.us-east-1.amazonaws.com2Fbrightspot2F022Fc32F1054b3.webp\" \/>\n\t<meta property=\"og:image:width\" content=\"1200\" \/>\n\t<meta property=\"og:image:height\" content=\"630\" \/>\n\t<meta property=\"og:image:type\" content=\"image\/webp\" \/>\n<meta name=\"author\" content=\"Luana Gon\u00e7alves\" \/>\n<meta name=\"twitter:card\" content=\"summary_large_image\" \/>\n<meta name=\"twitter:label1\" content=\"Escrito por\" \/>\n\t<meta name=\"twitter:data1\" content=\"Luana Gon\u00e7alves\" \/>\n\t<meta name=\"twitter:label2\" content=\"Est. tempo de leitura\" \/>\n\t<meta name=\"twitter:data2\" content=\"3 minutos\" \/>\n<script type=\"application\/ld+json\" class=\"yoast-schema-graph\">{\"@context\":\"https:\\\/\\\/schema.org\",\"@graph\":[{\"@type\":\"Article\",\"@id\":\"https:\\\/\\\/oficialnoticias.com\\\/?p=2933#article\",\"isPartOf\":{\"@id\":\"https:\\\/\\\/oficialnoticias.com\\\/?p=2933\"},\"author\":{\"name\":\"Luana Gon\u00e7alves\",\"@id\":\"https:\\\/\\\/oficialnoticias.com\\\/#\\\/schema\\\/person\\\/2d1dcbb6bfbc28d68171b4dc04723d4a\"},\"headline\":\"Sob olhares de Ancelotti, Atl\u00e9tico encara Gr\u00eamio para colar no G6 do Brasileiro\",\"datePublished\":\"2025-08-17T10:50:20+00:00\",\"dateModified\":\"2025-08-17T10:50:24+00:00\",\"mainEntityOfPage\":{\"@id\":\"https:\\\/\\\/oficialnoticias.com\\\/?p=2933\"},\"wordCount\":575,\"commentCount\":0,\"publisher\":{\"@id\":\"https:\\\/\\\/oficialnoticias.com\\\/#organization\"},\"image\":{\"@id\":\"https:\\\/\\\/oficialnoticias.com\\\/?p=2933#primaryimage\"},\"thumbnailUrl\":\"https:\\\/\\\/oficialnoticias.com\\\/wp-content\\\/uploads\\\/2025\\\/08\\\/urlhttps3A2F2Fk2-prod-radio-itatiaia.s3.us-east-1.amazonaws.com2Fbrightspot2F022Fc32F1054b3.webp\",\"articleSection\":[\"Esporte\"],\"inLanguage\":\"pt-BR\",\"potentialAction\":[{\"@type\":\"CommentAction\",\"name\":\"Comment\",\"target\":[\"https:\\\/\\\/oficialnoticias.com\\\/?p=2933#respond\"]}]},{\"@type\":\"WebPage\",\"@id\":\"https:\\\/\\\/oficialnoticias.com\\\/?p=2933\",\"url\":\"https:\\\/\\\/oficialnoticias.com\\\/?p=2933\",\"name\":\"Sob olhares de Ancelotti, Atl\u00e9tico encara Gr\u00eamio para colar no G6 do Brasileiro -\",\"isPartOf\":{\"@id\":\"https:\\\/\\\/oficialnoticias.com\\\/#website\"},\"primaryImageOfPage\":{\"@id\":\"https:\\\/\\\/oficialnoticias.com\\\/?p=2933#primaryimage\"},\"image\":{\"@id\":\"https:\\\/\\\/oficialnoticias.com\\\/?p=2933#primaryimage\"},\"thumbnailUrl\":\"https:\\\/\\\/oficialnoticias.com\\\/wp-content\\\/uploads\\\/2025\\\/08\\\/urlhttps3A2F2Fk2-prod-radio-itatiaia.s3.us-east-1.amazonaws.com2Fbrightspot2F022Fc32F1054b3.webp\",\"datePublished\":\"2025-08-17T10:50:20+00:00\",\"dateModified\":\"2025-08-17T10:50:24+00:00\",\"breadcrumb\":{\"@id\":\"https:\\\/\\\/oficialnoticias.com\\\/?p=2933#breadcrumb\"},\"inLanguage\":\"pt-BR\",\"potentialAction\":[{\"@type\":\"ReadAction\",\"target\":[\"https:\\\/\\\/oficialnoticias.com\\\/?p=2933\"]}]},{\"@type\":\"ImageObject\",\"inLanguage\":\"pt-BR\",\"@id\":\"https:\\\/\\\/oficialnoticias.com\\\/?p=2933#primaryimage\",\"url\":\"https:\\\/\\\/oficialnoticias.com\\\/wp-content\\\/uploads\\\/2025\\\/08\\\/urlhttps3A2F2Fk2-prod-radio-itatiaia.s3.us-east-1.amazonaws.com2Fbrightspot2F022Fc32F1054b3.webp\",\"contentUrl\":\"https:\\\/\\\/oficialnoticias.com\\\/wp-content\\\/uploads\\\/2025\\\/08\\\/urlhttps3A2F2Fk2-prod-radio-itatiaia.s3.us-east-1.amazonaws.com2Fbrightspot2F022Fc32F1054b3.webp\",\"width\":1200,\"height\":630},{\"@type\":\"BreadcrumbList\",\"@id\":\"https:\\\/\\\/oficialnoticias.com\\\/?p=2933#breadcrumb\",\"itemListElement\":[{\"@type\":\"ListItem\",\"position\":1,\"name\":\"In\u00edcio\",\"item\":\"https:\\\/\\\/oficialnoticias.com\\\/\"},{\"@type\":\"ListItem\",\"position\":2,\"name\":\"Sob olhares de Ancelotti, Atl\u00e9tico encara Gr\u00eamio para colar no G6 do Brasileiro\"}]},{\"@type\":\"WebSite\",\"@id\":\"https:\\\/\\\/oficialnoticias.com\\\/#website\",\"url\":\"https:\\\/\\\/oficialnoticias.com\\\/\",\"name\":\"oficial Noticias\",\"description\":\"\",\"publisher\":{\"@id\":\"https:\\\/\\\/oficialnoticias.com\\\/#organization\"},\"potentialAction\":[{\"@type\":\"SearchAction\",\"target\":{\"@type\":\"EntryPoint\",\"urlTemplate\":\"https:\\\/\\\/oficialnoticias.com\\\/?s={search_term_string}\"},\"query-input\":{\"@type\":\"PropertyValueSpecification\",\"valueRequired\":true,\"valueName\":\"search_term_string\"}}],\"inLanguage\":\"pt-BR\"},{\"@type\":\"Organization\",\"@id\":\"https:\\\/\\\/oficialnoticias.com\\\/#organization\",\"name\":\"oficial noticias\",\"url\":\"https:\\\/\\\/oficialnoticias.com\\\/\",\"logo\":{\"@type\":\"ImageObject\",\"inLanguage\":\"pt-BR\",\"@id\":\"https:\\\/\\\/oficialnoticias.com\\\/#\\\/schema\\\/logo\\\/image\\\/\",\"url\":\"https:\\\/\\\/oficialnoticias.com\\\/wp-content\\\/uploads\\\/2025\\\/08\\\/cropped-cropped-cropped-Logo-Noticias-e1753639739829.png\",\"contentUrl\":\"https:\\\/\\\/oficialnoticias.com\\\/wp-content\\\/uploads\\\/2025\\\/08\\\/cropped-cropped-cropped-Logo-Noticias-e1753639739829.png\",\"width\":119,\"height\":86,\"caption\":\"oficial noticias\"},\"image\":{\"@id\":\"https:\\\/\\\/oficialnoticias.com\\\/#\\\/schema\\\/logo\\\/image\\\/\"}},{\"@type\":\"Person\",\"@id\":\"https:\\\/\\\/oficialnoticias.com\\\/#\\\/schema\\\/person\\\/2d1dcbb6bfbc28d68171b4dc04723d4a\",\"name\":\"Luana Gon\u00e7alves\",\"image\":{\"@type\":\"ImageObject\",\"inLanguage\":\"pt-BR\",\"@id\":\"https:\\\/\\\/secure.gravatar.com\\\/avatar\\\/7aa6afdef873224c1a0265951f3fdfc0679f65dfbd15f018612595d323c52521?s=96&d=mm&r=g\",\"url\":\"https:\\\/\\\/secure.gravatar.com\\\/avatar\\\/7aa6afdef873224c1a0265951f3fdfc0679f65dfbd15f018612595d323c52521?s=96&d=mm&r=g\",\"contentUrl\":\"https:\\\/\\\/secure.gravatar.com\\\/avatar\\\/7aa6afdef873224c1a0265951f3fdfc0679f65dfbd15f018612595d323c52521?s=96&d=mm&r=g\",\"caption\":\"Luana Gon\u00e7alves\"},\"sameAs\":[\"https:\\\/\\\/oficialnoticias.com\\\/\"],\"url\":\"https:\\\/\\\/oficialnoticias.com\\\/?author=2\"}]}<\/script>\n<!-- \/ Yoast SEO plugin. -->","yoast_head_json":{"title":"Sob olhares de Ancelotti, Atl\u00e9tico encara Gr\u00eamio para colar no G6 do Brasileiro -","robots":{"index":"index","follow":"follow","max-snippet":"max-snippet:-1","max-image-preview":"max-image-preview:large","max-video-preview":"max-video-preview:-1"},"canonical":"https:\/\/oficialnoticias.com\/?p=2933","og_locale":"pt_BR","og_type":"article","og_title":"Sob olhares de Ancelotti, Atl\u00e9tico encara Gr\u00eamio para colar no G6 do Brasileiro -","og_description":"O Atl\u00e9tico volta a campo neste domingo (17) e encara o Gr\u00eamio na rodada que marca a abertura do returno do Campeonato Brasileiro. A bola rola a partir das 16h (de Bras\u00edlia) na Arena MRV, em Belo Horizonte, pela 20\u00aa rodada do torneio nacional. A grande atra\u00e7\u00e3o no est\u00e1dio ser\u00e1 a presen\u00e7a de Carlo Ancelotti,...","og_url":"https:\/\/oficialnoticias.com\/?p=2933","article_published_time":"2025-08-17T10:50:20+00:00","article_modified_time":"2025-08-17T10:50:24+00:00","og_image":[{"width":1200,"height":630,"url":"https:\/\/oficialnoticias.com\/wp-content\/uploads\/2025\/08\/urlhttps3A2F2Fk2-prod-radio-itatiaia.s3.us-east-1.amazonaws.com2Fbrightspot2F022Fc32F1054b3.webp","type":"image\/webp"}],"author":"Luana Gon\u00e7alves","twitter_card":"summary_large_image","twitter_misc":{"Escrito por":"Luana Gon\u00e7alves","Est. tempo de leitura":"3 minutos"},"schema":{"@context":"https:\/\/schema.org","@graph":[{"@type":"Article","@id":"https:\/\/oficialnoticias.com\/?p=2933#article","isPartOf":{"@id":"https:\/\/oficialnoticias.com\/?p=2933"},"author":{"name":"Luana Gon\u00e7alves","@id":"https:\/\/oficialnoticias.com\/#\/schema\/person\/2d1dcbb6bfbc28d68171b4dc04723d4a"},"headline":"Sob olhares de Ancelotti, Atl\u00e9tico encara Gr\u00eamio para colar no G6 do Brasileiro","datePublished":"2025-08-17T10:50:20+00:00","dateModified":"2025-08-17T10:50:24+00:00","mainEntityOfPage":{"@id":"https:\/\/oficialnoticias.com\/?p=2933"},"wordCount":575,"commentCount":0,"publisher":{"@id":"https:\/\/oficialnoticias.com\/#organization"},"image":{"@id":"https:\/\/oficialnoticias.com\/?p=2933#primaryimage"},"thumbnailUrl":"https:\/\/oficialnoticias.com\/wp-content\/uploads\/2025\/08\/urlhttps3A2F2Fk2-prod-radio-itatiaia.s3.us-east-1.amazonaws.com2Fbrightspot2F022Fc32F1054b3.webp","articleSection":["Esporte"],"inLanguage":"pt-BR","potentialAction":[{"@type":"CommentAction","name":"Comment","target":["https:\/\/oficialnoticias.com\/?p=2933#respond"]}]},{"@type":"WebPage","@id":"https:\/\/oficialnoticias.com\/?p=2933","url":"https:\/\/oficialnoticias.com\/?p=2933","name":"Sob olhares de Ancelotti, Atl\u00e9tico encara Gr\u00eamio para colar no G6 do Brasileiro -","isPartOf":{"@id":"https:\/\/oficialnoticias.com\/#website"},"primaryImageOfPage":{"@id":"https:\/\/oficialnoticias.com\/?p=2933#primaryimage"},"image":{"@id":"https:\/\/oficialnoticias.com\/?p=2933#primaryimage"},"thumbnailUrl":"https:\/\/oficialnoticias.com\/wp-content\/uploads\/2025\/08\/urlhttps3A2F2Fk2-prod-radio-itatiaia.s3.us-east-1.amazonaws.com2Fbrightspot2F022Fc32F1054b3.webp","datePublished":"2025-08-17T10:50:20+00:00","dateModified":"2025-08-17T10:50:24+00:00","breadcrumb":{"@id":"https:\/\/oficialnoticias.com\/?p=2933#breadcrumb"},"inLanguage":"pt-BR","potentialAction":[{"@type":"ReadAction","target":["https:\/\/oficialnoticias.com\/?p=2933"]}]},{"@type":"ImageObject","inLanguage":"pt-BR","@id":"https:\/\/oficialnoticias.com\/?p=2933#primaryimage","url":"https:\/\/oficialnoticias.com\/wp-content\/uploads\/2025\/08\/urlhttps3A2F2Fk2-prod-radio-itatiaia.s3.us-east-1.amazonaws.com2Fbrightspot2F022Fc32F1054b3.webp","contentUrl":"https:\/\/oficialnoticias.com\/wp-content\/uploads\/2025\/08\/urlhttps3A2F2Fk2-prod-radio-itatiaia.s3.us-east-1.amazonaws.com2Fbrightspot2F022Fc32F1054b3.webp","width":1200,"height":630},{"@type":"BreadcrumbList","@id":"https:\/\/oficialnoticias.com\/?p=2933#breadcrumb","itemListElement":[{"@type":"ListItem","position":1,"name":"In\u00edcio","item":"https:\/\/oficialnoticias.com\/"},{"@type":"ListItem","position":2,"name":"Sob olhares de Ancelotti, Atl\u00e9tico encara Gr\u00eamio para colar no G6 do Brasileiro"}]},{"@type":"WebSite","@id":"https:\/\/oficialnoticias.com\/#website","url":"https:\/\/oficialnoticias.com\/","name":"oficial Noticias","description":"","publisher":{"@id":"https:\/\/oficialnoticias.com\/#organization"},"potentialAction":[{"@type":"SearchAction","target":{"@type":"EntryPoint","urlTemplate":"https:\/\/oficialnoticias.com\/?s={search_term_string}"},"query-input":{"@type":"PropertyValueSpecification","valueRequired":true,"valueName":"search_term_string"}}],"inLanguage":"pt-BR"},{"@type":"Organization","@id":"https:\/\/oficialnoticias.com\/#organization","name":"oficial noticias","url":"https:\/\/oficialnoticias.com\/","logo":{"@type":"ImageObject","inLanguage":"pt-BR","@id":"https:\/\/oficialnoticias.com\/#\/schema\/logo\/image\/","url":"https:\/\/oficialnoticias.com\/wp-content\/uploads\/2025\/08\/cropped-cropped-cropped-Logo-Noticias-e1753639739829.png","contentUrl":"https:\/\/oficialnoticias.com\/wp-content\/uploads\/2025\/08\/cropped-cropped-cropped-Logo-Noticias-e1753639739829.png","width":119,"height":86,"caption":"oficial noticias"},"image":{"@id":"https:\/\/oficialnoticias.com\/#\/schema\/logo\/image\/"}},{"@type":"Person","@id":"https:\/\/oficialnoticias.com\/#\/schema\/person\/2d1dcbb6bfbc28d68171b4dc04723d4a","name":"Luana Gon\u00e7alves","image":{"@type":"ImageObject","inLanguage":"pt-BR","@id":"https:\/\/secure.gravatar.com\/avatar\/7aa6afdef873224c1a0265951f3fdfc0679f65dfbd15f018612595d323c52521?s=96&d=mm&r=g","url":"https:\/\/secure.gravatar.com\/avatar\/7aa6afdef873224c1a0265951f3fdfc0679f65dfbd15f018612595d323c52521?s=96&d=mm&r=g","contentUrl":"https:\/\/secure.gravatar.com\/avatar\/7aa6afdef873224c1a0265951f3fdfc0679f65dfbd15f018612595d323c52521?s=96&d=mm&r=g","caption":"Luana Gon\u00e7alves"},"sameAs":["https:\/\/oficialnoticias.com\/"],"url":"https:\/\/oficialnoticias.com\/?author=2"}]}},"_links":{"self":[{"href":"https:\/\/oficialnoticias.com\/index.php?rest_route=\/wp\/v2\/posts\/2933","targetHints":{"allow":["GET"]}}],"collection":[{"href":"https:\/\/oficialnoticias.com\/index.php?rest_route=\/wp\/v2\/posts"}],"about":[{"href":"https:\/\/oficialnoticias.com\/index.php?rest_route=\/wp\/v2\/types\/post"}],"author":[{"embeddable":true,"href":"https:\/\/oficialnoticias.com\/index.php?rest_route=\/wp\/v2\/users\/2"}],"replies":[{"embeddable":true,"href":"https:\/\/oficialnoticias.com\/index.php?rest_route=%2Fwp%2Fv2%2Fcomments&post=2933"}],"version-history":[{"count":1,"href":"https:\/\/oficialnoticias.com\/index.php?rest_route=\/wp\/v2\/posts\/2933\/revisions"}],"predecessor-version":[{"id":2935,"href":"https:\/\/oficialnoticias.com\/index.php?rest_route=\/wp\/v2\/posts\/2933\/revisions\/2935"}],"wp:featuredmedia":[{"embeddable":true,"href":"https:\/\/oficialnoticias.com\/index.php?rest_route=\/wp\/v2\/media\/2934"}],"wp:attachment":[{"href":"https:\/\/oficialnoticias.com\/index.php?rest_route=%2Fwp%2Fv2%2Fmedia&parent=2933"}],"wp:term":[{"taxonomy":"category","embeddable":true,"href":"https:\/\/oficialnoticias.com\/index.php?rest_route=%2Fwp%2Fv2%2Fcategories&post=2933"},{"taxonomy":"post_tag","embeddable":true,"href":"https:\/\/oficialnoticias.com\/index.php?rest_route=%2Fwp%2Fv2%2Ftags&post=2933"}],"curies":[{"name":"wp","href":"https:\/\/api.w.org\/{rel}","templated":true}]}}