{"id":28858,"date":"2026-01-05T12:11:46","date_gmt":"2026-01-05T15:11:46","guid":{"rendered":"https:\/\/oficialnoticias.com\/?p=28858"},"modified":"2026-01-05T12:11:47","modified_gmt":"2026-01-05T15:11:47","slug":"especialista-revela-possivel-posicao-do-brasil-em-evento-da-onu","status":"publish","type":"post","link":"https:\/\/oficialnoticias.com\/?p=28858","title":{"rendered":"especialista revela poss\u00edvel posi\u00e7\u00e3o do Brasil em evento da ONU"},"content":{"rendered":"<p>\n<\/p>\n<div>\n<p>O Conselho de Seguran\u00e7a da Organiza\u00e7\u00e3o das Na\u00e7\u00f5es Unidas (ONU) realizar\u00e1 nesta segunda-feira (5) uma reuni\u00e3o extraordin\u00e1ria para debater a opera\u00e7\u00e3o militar realizada pelos Estados Unidos na Venezuela na madrugada desse s\u00e1bado (3).<\/p>\n<p>Segundo o Analista Internacional da CNN, Am\u00e9rico Martins, o Brasil deve ser um dos pa\u00edses a discursar durante o encontro, embora n\u00e3o tenha cadeira na comiss\u00e3o e por isso n\u00e3o v\u00e1 fazer parte da vota\u00e7\u00e3o.<\/p>\n<p>Em sua fala, <bsp-link-enhancement><br \/>\n    <span class=\"LinkEnhancement\"><a class=\"Link\" href=\"https:\/\/www.itatiaia.com.br\/politica\/lula-diz-que-eua-ultrapassaram-uma-linha-inaceitavel-com-ataque-a-venezuela\" title=\"o representante do Brasil na ONU deve ser muito cr\u00edtico \u00e0s a\u00e7\u00f5es americanas\">o representante do Brasil na ONU deve ser muito cr\u00edtico \u00e0s a\u00e7\u00f5es americanas<\/a><\/span><\/bsp-link-enhancement>, que \u201cn\u00e3o tem nenhuma base no direito internacional e n\u00e3o teve autoriza\u00e7\u00e3o da ONU ou sequer do congresso americano\u201d.<\/p>\n<p>O pa\u00eds deve defender tamb\u00e9m a soberania de todos os pa\u00edses e o direito \u00e0 autodetermina\u00e7\u00e3o, sem a tutela de outros estados sobre seu dom\u00ednio, que \u00e9 o entendimento sobre a postura dos EUA em rela\u00e7\u00e3o \u00e0 Venezuela ao tentar definir os rumos do pa\u00eds e o uso das reservas de petr\u00f3leo e min\u00e9rios presentes no territ\u00f3rio.<\/p>\n<p>Embora a expectativa seja de uma anula\u00e7\u00e3o do resultado da reuni\u00e3o por parte dos Estados Unidos, Membro Permanente do Conselho, o Brasil entende que \u00e9 fundamental a participa\u00e7\u00e3o na reuni\u00e3o do \u00f3rg\u00e3o que \u00e9 considerado o mais importante do direito internacional, principalmente na defesa do multilateralismo promovida pelo presidente Lula.<\/p>\n<h2>Tens\u00e3o global<\/h2>\n<p>No s\u00e1bado (3), em meio os ataques \u00e0 Caracas, Katie Miller, esposa do chefe de gabinete da Casa Branca, Stephen Miller, realizou uma publica\u00e7\u00e3o no X, antigo Twitter, com tom de provoca\u00e7\u00e3o \u00e0 Dinamarca. Na imagem publicada, o mapa da Groenl\u00e2ndia est\u00e1 com as cores dos EUA e a legenda \u201cem breve\u201d.<\/p>\n<p>Como resposta, o embaixador dinamarqu\u00eas em Washington, Jesper M\u00f8ller S\u00f8rensen, pediu \u201crespeito total\u201d ao pa\u00eds, ressaltou a alian\u00e7a entre os pa\u00edses e disse esperar \u201cnaturalmente, o pleno respeito \u00e0 soberania dinamarquesa\u201d.<\/p>\n<p>Durante o \u00faltimo domingo (4), o presidente dos EUA, Donald Trump realizou amea\u00e7as ao presidente colombiano, Gustavo Petro, a quem chamou de \u201chomem doente\u201d e falou que uma interven\u00e7\u00e3o militar na Col\u00f4mbia \u201csoa bem\u201d.<\/p>\n<p>Por meio de publica\u00e7\u00e3o feita no X, Petro pediu para Trump parar de o caluniar e completou: \u201cn\u00e3o \u00e9 assim que se amea\u00e7a um presidente latino-americano que surgiu da luta armada e, depois, da luta pela paz do povo da Col\u00f4mbia\u201d.<\/p>\n<h2>Opera\u00e7\u00f5es na Venezuela<\/h2>\n<p>O presidente Donald Trump confirmou a realiza\u00e7\u00e3o de uma opera\u00e7\u00e3o que capturou o ent\u00e3o presidente da Venezuela, Nicol\u00e1s Maduro, e sua esposa, a deputada federal Cilia Flores, ap\u00f3s ataque \u00e0 capital do pa\u00eds, Caracas, na madrugada do \u00faltimo s\u00e1bado.<\/p>\n<p>Foram registrados bombardeios em Caracas, al\u00e9m de ofensivas \u00e0 base militar de Forte Tiuna, onde estava Maduro, a base a\u00e9rea de La Carloto, o porto de La Guaira e o aeroporto de Higuerote.<\/p>\n<p>O casal foi levado aos Estados Unidos para julgamento sobre uma poss\u00edvel \u201cconspira\u00e7\u00e3o narcoterrorista\u201d, al\u00e9m do transporte ilegal de coca\u00edna e posse de metralhadoras e dispositivos destrutivos.<\/p>\n<p><i>*Sob supervis\u00e3o de Aline Campolina<\/i><\/p>\n<p><bsp-list-loadmore class=\"PageListStandardG\" data-module=\"\" data-show-loadmore=\"true\" data-list-title-size=\"3\" data-list-description-size=\"3\"><\/p>\n<p>    <a class=\"AnchorLink\" title=\"leia-tambem\" name=\"leia-tambem\"\/><\/p>\n<p><\/bsp-list-loadmore><\/p><\/div>\n<p><script>\n  window.fbAsyncInit = function() {\n      FB.init({\n              appId : '1447052969554341',\n          xfbml : true,\n          version : 'v2.9'\n      });\n  };\n  (function(d, s, id){\n     var js, fjs = d.getElementsByTagName(s)[0];\n     if (d.getElementById(id)) {return;}\n     js = d.createElement(s); js.id = id;\n     js.src = \"https:\/\/connect.facebook.net\/en_US\/sdk.js\";\n     fjs.parentNode.insertBefore(js, fjs);\n   }(document, 'script', 'facebook-jssdk'));\n<\/script><br \/>\n  <\/a><\/p>\n","protected":false},"excerpt":{"rendered":"<p>O Conselho de Seguran\u00e7a da Organiza\u00e7\u00e3o das Na\u00e7\u00f5es Unidas (ONU) realizar\u00e1 nesta segunda-feira (5) uma reuni\u00e3o extraordin\u00e1ria para debater a opera\u00e7\u00e3o militar realizada pelos Estados Unidos na Venezuela na madrugada desse s\u00e1bado (3). Segundo o Analista Internacional da CNN, Am\u00e9rico Martins, o Brasil deve ser um dos pa\u00edses a discursar durante o encontro, embora n\u00e3o&#8230;<\/p>\n","protected":false},"author":2,"featured_media":28859,"comment_status":"open","ping_status":"open","sticky":false,"template":"","format":"standard","meta":{"footnotes":""},"categories":[2],"tags":[],"class_list":["post-28858","post","type-post","status-publish","format-standard","has-post-thumbnail","hentry","category-decor"],"yoast_head":"<!-- This site is optimized with the Yoast SEO plugin v27.3 - https:\/\/yoast.com\/product\/yoast-seo-wordpress\/ -->\n<title>especialista revela poss\u00edvel posi\u00e7\u00e3o do Brasil em evento da ONU -<\/title>\n<meta name=\"robots\" content=\"index, follow, max-snippet:-1, max-image-preview:large, max-video-preview:-1\" \/>\n<link rel=\"canonical\" href=\"https:\/\/oficialnoticias.com\/?p=28858\" \/>\n<meta property=\"og:locale\" content=\"pt_BR\" \/>\n<meta property=\"og:type\" content=\"article\" \/>\n<meta property=\"og:title\" content=\"especialista revela poss\u00edvel posi\u00e7\u00e3o do Brasil em evento da ONU -\" \/>\n<meta property=\"og:description\" content=\"O Conselho de Seguran\u00e7a da Organiza\u00e7\u00e3o das Na\u00e7\u00f5es Unidas (ONU) realizar\u00e1 nesta segunda-feira (5) uma reuni\u00e3o extraordin\u00e1ria para debater a opera\u00e7\u00e3o militar realizada pelos Estados Unidos na Venezuela na madrugada desse s\u00e1bado (3). Segundo o Analista Internacional da CNN, Am\u00e9rico Martins, o Brasil deve ser um dos pa\u00edses a discursar durante o encontro, embora n\u00e3o...\" \/>\n<meta property=\"og:url\" content=\"https:\/\/oficialnoticias.com\/?p=28858\" \/>\n<meta property=\"article:published_time\" content=\"2026-01-05T15:11:46+00:00\" \/>\n<meta property=\"article:modified_time\" content=\"2026-01-05T15:11:47+00:00\" \/>\n<meta property=\"og:image\" content=\"https:\/\/oficialnoticias.com\/wp-content\/uploads\/2026\/01\/urlhttps3A2F2Fk2-prod-radio-itatiaia.s3.us-east-1.amazonaws.com2Fbrightspot2F5a2F852Fff9aed.webp\" \/>\n\t<meta property=\"og:image:width\" content=\"1200\" \/>\n\t<meta property=\"og:image:height\" content=\"630\" \/>\n\t<meta property=\"og:image:type\" content=\"image\/webp\" \/>\n<meta name=\"author\" content=\"Luana Gon\u00e7alves\" \/>\n<meta name=\"twitter:card\" content=\"summary_large_image\" \/>\n<meta name=\"twitter:label1\" content=\"Escrito por\" \/>\n\t<meta name=\"twitter:data1\" content=\"Luana Gon\u00e7alves\" \/>\n\t<meta name=\"twitter:label2\" content=\"Est. tempo de leitura\" \/>\n\t<meta name=\"twitter:data2\" content=\"3 minutos\" \/>\n<script type=\"application\/ld+json\" class=\"yoast-schema-graph\">{\"@context\":\"https:\\\/\\\/schema.org\",\"@graph\":[{\"@type\":\"Article\",\"@id\":\"https:\\\/\\\/oficialnoticias.com\\\/?p=28858#article\",\"isPartOf\":{\"@id\":\"https:\\\/\\\/oficialnoticias.com\\\/?p=28858\"},\"author\":{\"name\":\"Luana Gon\u00e7alves\",\"@id\":\"https:\\\/\\\/oficialnoticias.com\\\/#\\\/schema\\\/person\\\/2d1dcbb6bfbc28d68171b4dc04723d4a\"},\"headline\":\"especialista revela poss\u00edvel posi\u00e7\u00e3o do Brasil em evento da ONU\",\"datePublished\":\"2026-01-05T15:11:46+00:00\",\"dateModified\":\"2026-01-05T15:11:47+00:00\",\"mainEntityOfPage\":{\"@id\":\"https:\\\/\\\/oficialnoticias.com\\\/?p=28858\"},\"wordCount\":540,\"commentCount\":0,\"publisher\":{\"@id\":\"https:\\\/\\\/oficialnoticias.com\\\/#organization\"},\"image\":{\"@id\":\"https:\\\/\\\/oficialnoticias.com\\\/?p=28858#primaryimage\"},\"thumbnailUrl\":\"https:\\\/\\\/oficialnoticias.com\\\/wp-content\\\/uploads\\\/2026\\\/01\\\/urlhttps3A2F2Fk2-prod-radio-itatiaia.s3.us-east-1.amazonaws.com2Fbrightspot2F5a2F852Fff9aed.webp\",\"articleSection\":[\"Mundo\"],\"inLanguage\":\"pt-BR\",\"potentialAction\":[{\"@type\":\"CommentAction\",\"name\":\"Comment\",\"target\":[\"https:\\\/\\\/oficialnoticias.com\\\/?p=28858#respond\"]}]},{\"@type\":\"WebPage\",\"@id\":\"https:\\\/\\\/oficialnoticias.com\\\/?p=28858\",\"url\":\"https:\\\/\\\/oficialnoticias.com\\\/?p=28858\",\"name\":\"especialista revela poss\u00edvel posi\u00e7\u00e3o do Brasil em evento da ONU -\",\"isPartOf\":{\"@id\":\"https:\\\/\\\/oficialnoticias.com\\\/#website\"},\"primaryImageOfPage\":{\"@id\":\"https:\\\/\\\/oficialnoticias.com\\\/?p=28858#primaryimage\"},\"image\":{\"@id\":\"https:\\\/\\\/oficialnoticias.com\\\/?p=28858#primaryimage\"},\"thumbnailUrl\":\"https:\\\/\\\/oficialnoticias.com\\\/wp-content\\\/uploads\\\/2026\\\/01\\\/urlhttps3A2F2Fk2-prod-radio-itatiaia.s3.us-east-1.amazonaws.com2Fbrightspot2F5a2F852Fff9aed.webp\",\"datePublished\":\"2026-01-05T15:11:46+00:00\",\"dateModified\":\"2026-01-05T15:11:47+00:00\",\"breadcrumb\":{\"@id\":\"https:\\\/\\\/oficialnoticias.com\\\/?p=28858#breadcrumb\"},\"inLanguage\":\"pt-BR\",\"potentialAction\":[{\"@type\":\"ReadAction\",\"target\":[\"https:\\\/\\\/oficialnoticias.com\\\/?p=28858\"]}]},{\"@type\":\"ImageObject\",\"inLanguage\":\"pt-BR\",\"@id\":\"https:\\\/\\\/oficialnoticias.com\\\/?p=28858#primaryimage\",\"url\":\"https:\\\/\\\/oficialnoticias.com\\\/wp-content\\\/uploads\\\/2026\\\/01\\\/urlhttps3A2F2Fk2-prod-radio-itatiaia.s3.us-east-1.amazonaws.com2Fbrightspot2F5a2F852Fff9aed.webp\",\"contentUrl\":\"https:\\\/\\\/oficialnoticias.com\\\/wp-content\\\/uploads\\\/2026\\\/01\\\/urlhttps3A2F2Fk2-prod-radio-itatiaia.s3.us-east-1.amazonaws.com2Fbrightspot2F5a2F852Fff9aed.webp\",\"width\":1200,\"height\":630},{\"@type\":\"BreadcrumbList\",\"@id\":\"https:\\\/\\\/oficialnoticias.com\\\/?p=28858#breadcrumb\",\"itemListElement\":[{\"@type\":\"ListItem\",\"position\":1,\"name\":\"In\u00edcio\",\"item\":\"https:\\\/\\\/oficialnoticias.com\\\/\"},{\"@type\":\"ListItem\",\"position\":2,\"name\":\"especialista revela poss\u00edvel posi\u00e7\u00e3o do Brasil em evento da ONU\"}]},{\"@type\":\"WebSite\",\"@id\":\"https:\\\/\\\/oficialnoticias.com\\\/#website\",\"url\":\"https:\\\/\\\/oficialnoticias.com\\\/\",\"name\":\"oficial Noticias\",\"description\":\"\",\"publisher\":{\"@id\":\"https:\\\/\\\/oficialnoticias.com\\\/#organization\"},\"potentialAction\":[{\"@type\":\"SearchAction\",\"target\":{\"@type\":\"EntryPoint\",\"urlTemplate\":\"https:\\\/\\\/oficialnoticias.com\\\/?s={search_term_string}\"},\"query-input\":{\"@type\":\"PropertyValueSpecification\",\"valueRequired\":true,\"valueName\":\"search_term_string\"}}],\"inLanguage\":\"pt-BR\"},{\"@type\":\"Organization\",\"@id\":\"https:\\\/\\\/oficialnoticias.com\\\/#organization\",\"name\":\"oficial noticias\",\"url\":\"https:\\\/\\\/oficialnoticias.com\\\/\",\"logo\":{\"@type\":\"ImageObject\",\"inLanguage\":\"pt-BR\",\"@id\":\"https:\\\/\\\/oficialnoticias.com\\\/#\\\/schema\\\/logo\\\/image\\\/\",\"url\":\"https:\\\/\\\/oficialnoticias.com\\\/wp-content\\\/uploads\\\/2025\\\/08\\\/cropped-cropped-cropped-Logo-Noticias-e1753639739829.png\",\"contentUrl\":\"https:\\\/\\\/oficialnoticias.com\\\/wp-content\\\/uploads\\\/2025\\\/08\\\/cropped-cropped-cropped-Logo-Noticias-e1753639739829.png\",\"width\":119,\"height\":86,\"caption\":\"oficial noticias\"},\"image\":{\"@id\":\"https:\\\/\\\/oficialnoticias.com\\\/#\\\/schema\\\/logo\\\/image\\\/\"}},{\"@type\":\"Person\",\"@id\":\"https:\\\/\\\/oficialnoticias.com\\\/#\\\/schema\\\/person\\\/2d1dcbb6bfbc28d68171b4dc04723d4a\",\"name\":\"Luana Gon\u00e7alves\",\"image\":{\"@type\":\"ImageObject\",\"inLanguage\":\"pt-BR\",\"@id\":\"https:\\\/\\\/secure.gravatar.com\\\/avatar\\\/7aa6afdef873224c1a0265951f3fdfc0679f65dfbd15f018612595d323c52521?s=96&d=mm&r=g\",\"url\":\"https:\\\/\\\/secure.gravatar.com\\\/avatar\\\/7aa6afdef873224c1a0265951f3fdfc0679f65dfbd15f018612595d323c52521?s=96&d=mm&r=g\",\"contentUrl\":\"https:\\\/\\\/secure.gravatar.com\\\/avatar\\\/7aa6afdef873224c1a0265951f3fdfc0679f65dfbd15f018612595d323c52521?s=96&d=mm&r=g\",\"caption\":\"Luana Gon\u00e7alves\"},\"sameAs\":[\"https:\\\/\\\/oficialnoticias.com\\\/\"],\"url\":\"https:\\\/\\\/oficialnoticias.com\\\/?author=2\"}]}<\/script>\n<!-- \/ Yoast SEO plugin. -->","yoast_head_json":{"title":"especialista revela poss\u00edvel posi\u00e7\u00e3o do Brasil em evento da ONU -","robots":{"index":"index","follow":"follow","max-snippet":"max-snippet:-1","max-image-preview":"max-image-preview:large","max-video-preview":"max-video-preview:-1"},"canonical":"https:\/\/oficialnoticias.com\/?p=28858","og_locale":"pt_BR","og_type":"article","og_title":"especialista revela poss\u00edvel posi\u00e7\u00e3o do Brasil em evento da ONU -","og_description":"O Conselho de Seguran\u00e7a da Organiza\u00e7\u00e3o das Na\u00e7\u00f5es Unidas (ONU) realizar\u00e1 nesta segunda-feira (5) uma reuni\u00e3o extraordin\u00e1ria para debater a opera\u00e7\u00e3o militar realizada pelos Estados Unidos na Venezuela na madrugada desse s\u00e1bado (3). Segundo o Analista Internacional da CNN, Am\u00e9rico Martins, o Brasil deve ser um dos pa\u00edses a discursar durante o encontro, embora n\u00e3o...","og_url":"https:\/\/oficialnoticias.com\/?p=28858","article_published_time":"2026-01-05T15:11:46+00:00","article_modified_time":"2026-01-05T15:11:47+00:00","og_image":[{"width":1200,"height":630,"url":"https:\/\/oficialnoticias.com\/wp-content\/uploads\/2026\/01\/urlhttps3A2F2Fk2-prod-radio-itatiaia.s3.us-east-1.amazonaws.com2Fbrightspot2F5a2F852Fff9aed.webp","type":"image\/webp"}],"author":"Luana Gon\u00e7alves","twitter_card":"summary_large_image","twitter_misc":{"Escrito por":"Luana Gon\u00e7alves","Est. tempo de leitura":"3 minutos"},"schema":{"@context":"https:\/\/schema.org","@graph":[{"@type":"Article","@id":"https:\/\/oficialnoticias.com\/?p=28858#article","isPartOf":{"@id":"https:\/\/oficialnoticias.com\/?p=28858"},"author":{"name":"Luana Gon\u00e7alves","@id":"https:\/\/oficialnoticias.com\/#\/schema\/person\/2d1dcbb6bfbc28d68171b4dc04723d4a"},"headline":"especialista revela poss\u00edvel posi\u00e7\u00e3o do Brasil em evento da ONU","datePublished":"2026-01-05T15:11:46+00:00","dateModified":"2026-01-05T15:11:47+00:00","mainEntityOfPage":{"@id":"https:\/\/oficialnoticias.com\/?p=28858"},"wordCount":540,"commentCount":0,"publisher":{"@id":"https:\/\/oficialnoticias.com\/#organization"},"image":{"@id":"https:\/\/oficialnoticias.com\/?p=28858#primaryimage"},"thumbnailUrl":"https:\/\/oficialnoticias.com\/wp-content\/uploads\/2026\/01\/urlhttps3A2F2Fk2-prod-radio-itatiaia.s3.us-east-1.amazonaws.com2Fbrightspot2F5a2F852Fff9aed.webp","articleSection":["Mundo"],"inLanguage":"pt-BR","potentialAction":[{"@type":"CommentAction","name":"Comment","target":["https:\/\/oficialnoticias.com\/?p=28858#respond"]}]},{"@type":"WebPage","@id":"https:\/\/oficialnoticias.com\/?p=28858","url":"https:\/\/oficialnoticias.com\/?p=28858","name":"especialista revela poss\u00edvel posi\u00e7\u00e3o do Brasil em evento da ONU -","isPartOf":{"@id":"https:\/\/oficialnoticias.com\/#website"},"primaryImageOfPage":{"@id":"https:\/\/oficialnoticias.com\/?p=28858#primaryimage"},"image":{"@id":"https:\/\/oficialnoticias.com\/?p=28858#primaryimage"},"thumbnailUrl":"https:\/\/oficialnoticias.com\/wp-content\/uploads\/2026\/01\/urlhttps3A2F2Fk2-prod-radio-itatiaia.s3.us-east-1.amazonaws.com2Fbrightspot2F5a2F852Fff9aed.webp","datePublished":"2026-01-05T15:11:46+00:00","dateModified":"2026-01-05T15:11:47+00:00","breadcrumb":{"@id":"https:\/\/oficialnoticias.com\/?p=28858#breadcrumb"},"inLanguage":"pt-BR","potentialAction":[{"@type":"ReadAction","target":["https:\/\/oficialnoticias.com\/?p=28858"]}]},{"@type":"ImageObject","inLanguage":"pt-BR","@id":"https:\/\/oficialnoticias.com\/?p=28858#primaryimage","url":"https:\/\/oficialnoticias.com\/wp-content\/uploads\/2026\/01\/urlhttps3A2F2Fk2-prod-radio-itatiaia.s3.us-east-1.amazonaws.com2Fbrightspot2F5a2F852Fff9aed.webp","contentUrl":"https:\/\/oficialnoticias.com\/wp-content\/uploads\/2026\/01\/urlhttps3A2F2Fk2-prod-radio-itatiaia.s3.us-east-1.amazonaws.com2Fbrightspot2F5a2F852Fff9aed.webp","width":1200,"height":630},{"@type":"BreadcrumbList","@id":"https:\/\/oficialnoticias.com\/?p=28858#breadcrumb","itemListElement":[{"@type":"ListItem","position":1,"name":"In\u00edcio","item":"https:\/\/oficialnoticias.com\/"},{"@type":"ListItem","position":2,"name":"especialista revela poss\u00edvel posi\u00e7\u00e3o do Brasil em evento da ONU"}]},{"@type":"WebSite","@id":"https:\/\/oficialnoticias.com\/#website","url":"https:\/\/oficialnoticias.com\/","name":"oficial Noticias","description":"","publisher":{"@id":"https:\/\/oficialnoticias.com\/#organization"},"potentialAction":[{"@type":"SearchAction","target":{"@type":"EntryPoint","urlTemplate":"https:\/\/oficialnoticias.com\/?s={search_term_string}"},"query-input":{"@type":"PropertyValueSpecification","valueRequired":true,"valueName":"search_term_string"}}],"inLanguage":"pt-BR"},{"@type":"Organization","@id":"https:\/\/oficialnoticias.com\/#organization","name":"oficial noticias","url":"https:\/\/oficialnoticias.com\/","logo":{"@type":"ImageObject","inLanguage":"pt-BR","@id":"https:\/\/oficialnoticias.com\/#\/schema\/logo\/image\/","url":"https:\/\/oficialnoticias.com\/wp-content\/uploads\/2025\/08\/cropped-cropped-cropped-Logo-Noticias-e1753639739829.png","contentUrl":"https:\/\/oficialnoticias.com\/wp-content\/uploads\/2025\/08\/cropped-cropped-cropped-Logo-Noticias-e1753639739829.png","width":119,"height":86,"caption":"oficial noticias"},"image":{"@id":"https:\/\/oficialnoticias.com\/#\/schema\/logo\/image\/"}},{"@type":"Person","@id":"https:\/\/oficialnoticias.com\/#\/schema\/person\/2d1dcbb6bfbc28d68171b4dc04723d4a","name":"Luana Gon\u00e7alves","image":{"@type":"ImageObject","inLanguage":"pt-BR","@id":"https:\/\/secure.gravatar.com\/avatar\/7aa6afdef873224c1a0265951f3fdfc0679f65dfbd15f018612595d323c52521?s=96&d=mm&r=g","url":"https:\/\/secure.gravatar.com\/avatar\/7aa6afdef873224c1a0265951f3fdfc0679f65dfbd15f018612595d323c52521?s=96&d=mm&r=g","contentUrl":"https:\/\/secure.gravatar.com\/avatar\/7aa6afdef873224c1a0265951f3fdfc0679f65dfbd15f018612595d323c52521?s=96&d=mm&r=g","caption":"Luana Gon\u00e7alves"},"sameAs":["https:\/\/oficialnoticias.com\/"],"url":"https:\/\/oficialnoticias.com\/?author=2"}]}},"_links":{"self":[{"href":"https:\/\/oficialnoticias.com\/index.php?rest_route=\/wp\/v2\/posts\/28858","targetHints":{"allow":["GET"]}}],"collection":[{"href":"https:\/\/oficialnoticias.com\/index.php?rest_route=\/wp\/v2\/posts"}],"about":[{"href":"https:\/\/oficialnoticias.com\/index.php?rest_route=\/wp\/v2\/types\/post"}],"author":[{"embeddable":true,"href":"https:\/\/oficialnoticias.com\/index.php?rest_route=\/wp\/v2\/users\/2"}],"replies":[{"embeddable":true,"href":"https:\/\/oficialnoticias.com\/index.php?rest_route=%2Fwp%2Fv2%2Fcomments&post=28858"}],"version-history":[{"count":1,"href":"https:\/\/oficialnoticias.com\/index.php?rest_route=\/wp\/v2\/posts\/28858\/revisions"}],"predecessor-version":[{"id":28860,"href":"https:\/\/oficialnoticias.com\/index.php?rest_route=\/wp\/v2\/posts\/28858\/revisions\/28860"}],"wp:featuredmedia":[{"embeddable":true,"href":"https:\/\/oficialnoticias.com\/index.php?rest_route=\/wp\/v2\/media\/28859"}],"wp:attachment":[{"href":"https:\/\/oficialnoticias.com\/index.php?rest_route=%2Fwp%2Fv2%2Fmedia&parent=28858"}],"wp:term":[{"taxonomy":"category","embeddable":true,"href":"https:\/\/oficialnoticias.com\/index.php?rest_route=%2Fwp%2Fv2%2Fcategories&post=28858"},{"taxonomy":"post_tag","embeddable":true,"href":"https:\/\/oficialnoticias.com\/index.php?rest_route=%2Fwp%2Fv2%2Ftags&post=28858"}],"curies":[{"name":"wp","href":"https:\/\/api.w.org\/{rel}","templated":true}]}}