{"id":27753,"date":"2025-12-19T15:38:24","date_gmt":"2025-12-19T18:38:24","guid":{"rendered":"https:\/\/oficialnoticias.com\/?p=27753"},"modified":"2025-12-19T15:38:25","modified_gmt":"2025-12-19T18:38:25","slug":"putin-diz-que-fim-da-guerra-depende-da-ucrania-e-que-russia-nao-e-responsavel-por-mortes","status":"publish","type":"post","link":"https:\/\/oficialnoticias.com\/?p=27753","title":{"rendered":"Putin diz que fim da guerra depende da Ucr\u00e2nia e que R\u00fassia n\u00e3o \u00e9 respons\u00e1vel por mortes"},"content":{"rendered":"<p>\n<\/p>\n<div>\n<p>O fim da guerra depende da Ucr\u00e2nia e de pa\u00edses ocidentais, afirmou o presidente da R\u00fassia, Vladimir Putin, nesta sexta-feira (19).<\/p>\n<p>Putin afirmou, ainda, que n\u00e3o se considera \u201crespons\u00e1vel\u201d pelas mortes causadas pelo conflito, que j\u00e1 dura quase quatro anos.<\/p>\n<p>\u201cA bola est\u00e1 totalmente no campo do chefe do regime de Kiev e de seus apoiadores europeus\u201d, declarou Putin durante sua tradicional coletiva de imprensa de fim de ano.<\/p>\n<p>\u201cN\u00e3o nos consideramos respons\u00e1veis pelas mortes, porque n\u00e3o fomos n\u00f3s que come\u00e7amos esta guerra\u201d, acrescentou o l\u00edder russo na coletiva de imprensa televisionada.<\/p>\n<p><bsp-list-loadmore class=\"PageListStandardG\" data-module=\"\" data-show-loadmore=\"true\" data-list-title-size=\"3\" data-list-description-size=\"3\"><\/p>\n<p>    <a class=\"AnchorLink\" title=\"leia-tambem\" name=\"leia-tambem\"\/><\/p>\n<p><\/bsp-list-loadmore><\/p>\n<h2>Reuni\u00f5es no fim de semana<\/h2>\n<p>Neste fim de semana, <bsp-link-enhancement><br \/>\n    <span class=\"LinkEnhancement\"><a class=\"Link\" href=\"https:\/\/www.itatiaia.com.br\/mundo\/reunioes-com-delegacoes-russas-e-ucranianas-movimentam-os-eua-neste-fim-de-semana\" title=\"&lt;b&gt;tanto representantes ucranianos quanto russos se re\u00fanem com a delega\u00e7\u00e3o dos Estados Unidos para debater o conflito na Ucr\u00e2nia&lt;\/b&gt;\"><b>tanto representantes ucranianos quanto russos se re\u00fanem com a delega\u00e7\u00e3o dos Estados Unidos para debater o conflito na Ucr\u00e2nia<\/b><\/a><\/span><\/bsp-link-enhancement>.<\/p>\n<p>Zelensky e Putin n\u00e3o estar\u00e3o presentes, mas mandar\u00e3o seus representantes. Steve Witkoff, enviado especial dos EUA, e Jared Kushner, genro de Trump, devem participar das conversas. Do lado russo, estar\u00e1 o enviado econ\u00f4mico de Putin, Kiril Dmitriev.<\/p>\n<p>*Com AFP<\/p>\n<\/p><\/div>\n<p><script>\n  window.fbAsyncInit = function() {\n      FB.init({\n              appId : '1447052969554341',\n          xfbml : true,\n          version : 'v2.9'\n      });\n  };\n  (function(d, s, id){\n     var js, fjs = d.getElementsByTagName(s)[0];\n     if (d.getElementById(id)) {return;}\n     js = d.createElement(s); js.id = id;\n     js.src = \"https:\/\/connect.facebook.net\/en_US\/sdk.js\";\n     fjs.parentNode.insertBefore(js, fjs);\n   }(document, 'script', 'facebook-jssdk'));\n<\/script><br \/>\n  <\/a><\/p>\n","protected":false},"excerpt":{"rendered":"<p>O fim da guerra depende da Ucr\u00e2nia e de pa\u00edses ocidentais, afirmou o presidente da R\u00fassia, Vladimir Putin, nesta sexta-feira (19). Putin afirmou, ainda, que n\u00e3o se considera \u201crespons\u00e1vel\u201d pelas mortes causadas pelo conflito, que j\u00e1 dura quase quatro anos. \u201cA bola est\u00e1 totalmente no campo do chefe do regime de Kiev e de seus&#8230;<\/p>\n","protected":false},"author":2,"featured_media":27754,"comment_status":"open","ping_status":"open","sticky":false,"template":"","format":"standard","meta":{"footnotes":""},"categories":[2],"tags":[],"class_list":["post-27753","post","type-post","status-publish","format-standard","has-post-thumbnail","hentry","category-decor"],"yoast_head":"<!-- This site is optimized with the Yoast SEO plugin v27.3 - https:\/\/yoast.com\/product\/yoast-seo-wordpress\/ -->\n<title>Putin diz que fim da guerra depende da Ucr\u00e2nia e que R\u00fassia n\u00e3o \u00e9 respons\u00e1vel por mortes -<\/title>\n<meta name=\"robots\" content=\"index, follow, max-snippet:-1, max-image-preview:large, max-video-preview:-1\" \/>\n<link rel=\"canonical\" href=\"https:\/\/oficialnoticias.com\/?p=27753\" \/>\n<meta property=\"og:locale\" content=\"pt_BR\" \/>\n<meta property=\"og:type\" content=\"article\" \/>\n<meta property=\"og:title\" content=\"Putin diz que fim da guerra depende da Ucr\u00e2nia e que R\u00fassia n\u00e3o \u00e9 respons\u00e1vel por mortes -\" \/>\n<meta property=\"og:description\" content=\"O fim da guerra depende da Ucr\u00e2nia e de pa\u00edses ocidentais, afirmou o presidente da R\u00fassia, Vladimir Putin, nesta sexta-feira (19). Putin afirmou, ainda, que n\u00e3o se considera \u201crespons\u00e1vel\u201d pelas mortes causadas pelo conflito, que j\u00e1 dura quase quatro anos. \u201cA bola est\u00e1 totalmente no campo do chefe do regime de Kiev e de seus...\" \/>\n<meta property=\"og:url\" content=\"https:\/\/oficialnoticias.com\/?p=27753\" \/>\n<meta property=\"article:published_time\" content=\"2025-12-19T18:38:24+00:00\" \/>\n<meta property=\"article:modified_time\" content=\"2025-12-19T18:38:25+00:00\" \/>\n<meta property=\"og:image\" content=\"https:\/\/oficialnoticias.com\/wp-content\/uploads\/2025\/12\/1766169505_urlhttps3A2F2Fk2-prod-radio-itatiaia.s3.us-east-1.amazonaws.com2Fbrightspot2F772F422F6bb6ac.webp\" \/>\n\t<meta property=\"og:image:width\" content=\"1200\" \/>\n\t<meta property=\"og:image:height\" content=\"630\" \/>\n\t<meta property=\"og:image:type\" content=\"image\/webp\" \/>\n<meta name=\"author\" content=\"Luana Gon\u00e7alves\" \/>\n<meta name=\"twitter:card\" content=\"summary_large_image\" \/>\n<meta name=\"twitter:label1\" content=\"Escrito por\" \/>\n\t<meta name=\"twitter:data1\" content=\"Luana Gon\u00e7alves\" \/>\n\t<meta name=\"twitter:label2\" content=\"Est. tempo de leitura\" \/>\n\t<meta name=\"twitter:data2\" content=\"1 minuto\" \/>\n<script type=\"application\/ld+json\" class=\"yoast-schema-graph\">{\"@context\":\"https:\\\/\\\/schema.org\",\"@graph\":[{\"@type\":\"Article\",\"@id\":\"https:\\\/\\\/oficialnoticias.com\\\/?p=27753#article\",\"isPartOf\":{\"@id\":\"https:\\\/\\\/oficialnoticias.com\\\/?p=27753\"},\"author\":{\"name\":\"Luana Gon\u00e7alves\",\"@id\":\"https:\\\/\\\/oficialnoticias.com\\\/#\\\/schema\\\/person\\\/2d1dcbb6bfbc28d68171b4dc04723d4a\"},\"headline\":\"Putin diz que fim da guerra depende da Ucr\u00e2nia e que R\u00fassia n\u00e3o \u00e9 respons\u00e1vel por mortes\",\"datePublished\":\"2025-12-19T18:38:24+00:00\",\"dateModified\":\"2025-12-19T18:38:25+00:00\",\"mainEntityOfPage\":{\"@id\":\"https:\\\/\\\/oficialnoticias.com\\\/?p=27753\"},\"wordCount\":197,\"commentCount\":0,\"publisher\":{\"@id\":\"https:\\\/\\\/oficialnoticias.com\\\/#organization\"},\"image\":{\"@id\":\"https:\\\/\\\/oficialnoticias.com\\\/?p=27753#primaryimage\"},\"thumbnailUrl\":\"https:\\\/\\\/oficialnoticias.com\\\/wp-content\\\/uploads\\\/2025\\\/12\\\/1766169505_urlhttps3A2F2Fk2-prod-radio-itatiaia.s3.us-east-1.amazonaws.com2Fbrightspot2F772F422F6bb6ac.webp\",\"articleSection\":[\"Mundo\"],\"inLanguage\":\"pt-BR\",\"potentialAction\":[{\"@type\":\"CommentAction\",\"name\":\"Comment\",\"target\":[\"https:\\\/\\\/oficialnoticias.com\\\/?p=27753#respond\"]}]},{\"@type\":\"WebPage\",\"@id\":\"https:\\\/\\\/oficialnoticias.com\\\/?p=27753\",\"url\":\"https:\\\/\\\/oficialnoticias.com\\\/?p=27753\",\"name\":\"Putin diz que fim da guerra depende da Ucr\u00e2nia e que R\u00fassia n\u00e3o \u00e9 respons\u00e1vel por mortes -\",\"isPartOf\":{\"@id\":\"https:\\\/\\\/oficialnoticias.com\\\/#website\"},\"primaryImageOfPage\":{\"@id\":\"https:\\\/\\\/oficialnoticias.com\\\/?p=27753#primaryimage\"},\"image\":{\"@id\":\"https:\\\/\\\/oficialnoticias.com\\\/?p=27753#primaryimage\"},\"thumbnailUrl\":\"https:\\\/\\\/oficialnoticias.com\\\/wp-content\\\/uploads\\\/2025\\\/12\\\/1766169505_urlhttps3A2F2Fk2-prod-radio-itatiaia.s3.us-east-1.amazonaws.com2Fbrightspot2F772F422F6bb6ac.webp\",\"datePublished\":\"2025-12-19T18:38:24+00:00\",\"dateModified\":\"2025-12-19T18:38:25+00:00\",\"breadcrumb\":{\"@id\":\"https:\\\/\\\/oficialnoticias.com\\\/?p=27753#breadcrumb\"},\"inLanguage\":\"pt-BR\",\"potentialAction\":[{\"@type\":\"ReadAction\",\"target\":[\"https:\\\/\\\/oficialnoticias.com\\\/?p=27753\"]}]},{\"@type\":\"ImageObject\",\"inLanguage\":\"pt-BR\",\"@id\":\"https:\\\/\\\/oficialnoticias.com\\\/?p=27753#primaryimage\",\"url\":\"https:\\\/\\\/oficialnoticias.com\\\/wp-content\\\/uploads\\\/2025\\\/12\\\/1766169505_urlhttps3A2F2Fk2-prod-radio-itatiaia.s3.us-east-1.amazonaws.com2Fbrightspot2F772F422F6bb6ac.webp\",\"contentUrl\":\"https:\\\/\\\/oficialnoticias.com\\\/wp-content\\\/uploads\\\/2025\\\/12\\\/1766169505_urlhttps3A2F2Fk2-prod-radio-itatiaia.s3.us-east-1.amazonaws.com2Fbrightspot2F772F422F6bb6ac.webp\",\"width\":1200,\"height\":630},{\"@type\":\"BreadcrumbList\",\"@id\":\"https:\\\/\\\/oficialnoticias.com\\\/?p=27753#breadcrumb\",\"itemListElement\":[{\"@type\":\"ListItem\",\"position\":1,\"name\":\"In\u00edcio\",\"item\":\"https:\\\/\\\/oficialnoticias.com\\\/\"},{\"@type\":\"ListItem\",\"position\":2,\"name\":\"Putin diz que fim da guerra depende da Ucr\u00e2nia e que R\u00fassia n\u00e3o \u00e9 respons\u00e1vel por mortes\"}]},{\"@type\":\"WebSite\",\"@id\":\"https:\\\/\\\/oficialnoticias.com\\\/#website\",\"url\":\"https:\\\/\\\/oficialnoticias.com\\\/\",\"name\":\"oficial Noticias\",\"description\":\"\",\"publisher\":{\"@id\":\"https:\\\/\\\/oficialnoticias.com\\\/#organization\"},\"potentialAction\":[{\"@type\":\"SearchAction\",\"target\":{\"@type\":\"EntryPoint\",\"urlTemplate\":\"https:\\\/\\\/oficialnoticias.com\\\/?s={search_term_string}\"},\"query-input\":{\"@type\":\"PropertyValueSpecification\",\"valueRequired\":true,\"valueName\":\"search_term_string\"}}],\"inLanguage\":\"pt-BR\"},{\"@type\":\"Organization\",\"@id\":\"https:\\\/\\\/oficialnoticias.com\\\/#organization\",\"name\":\"oficial noticias\",\"url\":\"https:\\\/\\\/oficialnoticias.com\\\/\",\"logo\":{\"@type\":\"ImageObject\",\"inLanguage\":\"pt-BR\",\"@id\":\"https:\\\/\\\/oficialnoticias.com\\\/#\\\/schema\\\/logo\\\/image\\\/\",\"url\":\"https:\\\/\\\/oficialnoticias.com\\\/wp-content\\\/uploads\\\/2025\\\/08\\\/cropped-cropped-cropped-Logo-Noticias-e1753639739829.png\",\"contentUrl\":\"https:\\\/\\\/oficialnoticias.com\\\/wp-content\\\/uploads\\\/2025\\\/08\\\/cropped-cropped-cropped-Logo-Noticias-e1753639739829.png\",\"width\":119,\"height\":86,\"caption\":\"oficial noticias\"},\"image\":{\"@id\":\"https:\\\/\\\/oficialnoticias.com\\\/#\\\/schema\\\/logo\\\/image\\\/\"}},{\"@type\":\"Person\",\"@id\":\"https:\\\/\\\/oficialnoticias.com\\\/#\\\/schema\\\/person\\\/2d1dcbb6bfbc28d68171b4dc04723d4a\",\"name\":\"Luana Gon\u00e7alves\",\"image\":{\"@type\":\"ImageObject\",\"inLanguage\":\"pt-BR\",\"@id\":\"https:\\\/\\\/secure.gravatar.com\\\/avatar\\\/7aa6afdef873224c1a0265951f3fdfc0679f65dfbd15f018612595d323c52521?s=96&d=mm&r=g\",\"url\":\"https:\\\/\\\/secure.gravatar.com\\\/avatar\\\/7aa6afdef873224c1a0265951f3fdfc0679f65dfbd15f018612595d323c52521?s=96&d=mm&r=g\",\"contentUrl\":\"https:\\\/\\\/secure.gravatar.com\\\/avatar\\\/7aa6afdef873224c1a0265951f3fdfc0679f65dfbd15f018612595d323c52521?s=96&d=mm&r=g\",\"caption\":\"Luana Gon\u00e7alves\"},\"sameAs\":[\"https:\\\/\\\/oficialnoticias.com\\\/\"],\"url\":\"https:\\\/\\\/oficialnoticias.com\\\/?author=2\"}]}<\/script>\n<!-- \/ Yoast SEO plugin. -->","yoast_head_json":{"title":"Putin diz que fim da guerra depende da Ucr\u00e2nia e que R\u00fassia n\u00e3o \u00e9 respons\u00e1vel por mortes -","robots":{"index":"index","follow":"follow","max-snippet":"max-snippet:-1","max-image-preview":"max-image-preview:large","max-video-preview":"max-video-preview:-1"},"canonical":"https:\/\/oficialnoticias.com\/?p=27753","og_locale":"pt_BR","og_type":"article","og_title":"Putin diz que fim da guerra depende da Ucr\u00e2nia e que R\u00fassia n\u00e3o \u00e9 respons\u00e1vel por mortes -","og_description":"O fim da guerra depende da Ucr\u00e2nia e de pa\u00edses ocidentais, afirmou o presidente da R\u00fassia, Vladimir Putin, nesta sexta-feira (19). Putin afirmou, ainda, que n\u00e3o se considera \u201crespons\u00e1vel\u201d pelas mortes causadas pelo conflito, que j\u00e1 dura quase quatro anos. \u201cA bola est\u00e1 totalmente no campo do chefe do regime de Kiev e de seus...","og_url":"https:\/\/oficialnoticias.com\/?p=27753","article_published_time":"2025-12-19T18:38:24+00:00","article_modified_time":"2025-12-19T18:38:25+00:00","og_image":[{"width":1200,"height":630,"url":"https:\/\/oficialnoticias.com\/wp-content\/uploads\/2025\/12\/1766169505_urlhttps3A2F2Fk2-prod-radio-itatiaia.s3.us-east-1.amazonaws.com2Fbrightspot2F772F422F6bb6ac.webp","type":"image\/webp"}],"author":"Luana Gon\u00e7alves","twitter_card":"summary_large_image","twitter_misc":{"Escrito por":"Luana Gon\u00e7alves","Est. tempo de leitura":"1 minuto"},"schema":{"@context":"https:\/\/schema.org","@graph":[{"@type":"Article","@id":"https:\/\/oficialnoticias.com\/?p=27753#article","isPartOf":{"@id":"https:\/\/oficialnoticias.com\/?p=27753"},"author":{"name":"Luana Gon\u00e7alves","@id":"https:\/\/oficialnoticias.com\/#\/schema\/person\/2d1dcbb6bfbc28d68171b4dc04723d4a"},"headline":"Putin diz que fim da guerra depende da Ucr\u00e2nia e que R\u00fassia n\u00e3o \u00e9 respons\u00e1vel por mortes","datePublished":"2025-12-19T18:38:24+00:00","dateModified":"2025-12-19T18:38:25+00:00","mainEntityOfPage":{"@id":"https:\/\/oficialnoticias.com\/?p=27753"},"wordCount":197,"commentCount":0,"publisher":{"@id":"https:\/\/oficialnoticias.com\/#organization"},"image":{"@id":"https:\/\/oficialnoticias.com\/?p=27753#primaryimage"},"thumbnailUrl":"https:\/\/oficialnoticias.com\/wp-content\/uploads\/2025\/12\/1766169505_urlhttps3A2F2Fk2-prod-radio-itatiaia.s3.us-east-1.amazonaws.com2Fbrightspot2F772F422F6bb6ac.webp","articleSection":["Mundo"],"inLanguage":"pt-BR","potentialAction":[{"@type":"CommentAction","name":"Comment","target":["https:\/\/oficialnoticias.com\/?p=27753#respond"]}]},{"@type":"WebPage","@id":"https:\/\/oficialnoticias.com\/?p=27753","url":"https:\/\/oficialnoticias.com\/?p=27753","name":"Putin diz que fim da guerra depende da Ucr\u00e2nia e que R\u00fassia n\u00e3o \u00e9 respons\u00e1vel por mortes -","isPartOf":{"@id":"https:\/\/oficialnoticias.com\/#website"},"primaryImageOfPage":{"@id":"https:\/\/oficialnoticias.com\/?p=27753#primaryimage"},"image":{"@id":"https:\/\/oficialnoticias.com\/?p=27753#primaryimage"},"thumbnailUrl":"https:\/\/oficialnoticias.com\/wp-content\/uploads\/2025\/12\/1766169505_urlhttps3A2F2Fk2-prod-radio-itatiaia.s3.us-east-1.amazonaws.com2Fbrightspot2F772F422F6bb6ac.webp","datePublished":"2025-12-19T18:38:24+00:00","dateModified":"2025-12-19T18:38:25+00:00","breadcrumb":{"@id":"https:\/\/oficialnoticias.com\/?p=27753#breadcrumb"},"inLanguage":"pt-BR","potentialAction":[{"@type":"ReadAction","target":["https:\/\/oficialnoticias.com\/?p=27753"]}]},{"@type":"ImageObject","inLanguage":"pt-BR","@id":"https:\/\/oficialnoticias.com\/?p=27753#primaryimage","url":"https:\/\/oficialnoticias.com\/wp-content\/uploads\/2025\/12\/1766169505_urlhttps3A2F2Fk2-prod-radio-itatiaia.s3.us-east-1.amazonaws.com2Fbrightspot2F772F422F6bb6ac.webp","contentUrl":"https:\/\/oficialnoticias.com\/wp-content\/uploads\/2025\/12\/1766169505_urlhttps3A2F2Fk2-prod-radio-itatiaia.s3.us-east-1.amazonaws.com2Fbrightspot2F772F422F6bb6ac.webp","width":1200,"height":630},{"@type":"BreadcrumbList","@id":"https:\/\/oficialnoticias.com\/?p=27753#breadcrumb","itemListElement":[{"@type":"ListItem","position":1,"name":"In\u00edcio","item":"https:\/\/oficialnoticias.com\/"},{"@type":"ListItem","position":2,"name":"Putin diz que fim da guerra depende da Ucr\u00e2nia e que R\u00fassia n\u00e3o \u00e9 respons\u00e1vel por mortes"}]},{"@type":"WebSite","@id":"https:\/\/oficialnoticias.com\/#website","url":"https:\/\/oficialnoticias.com\/","name":"oficial Noticias","description":"","publisher":{"@id":"https:\/\/oficialnoticias.com\/#organization"},"potentialAction":[{"@type":"SearchAction","target":{"@type":"EntryPoint","urlTemplate":"https:\/\/oficialnoticias.com\/?s={search_term_string}"},"query-input":{"@type":"PropertyValueSpecification","valueRequired":true,"valueName":"search_term_string"}}],"inLanguage":"pt-BR"},{"@type":"Organization","@id":"https:\/\/oficialnoticias.com\/#organization","name":"oficial noticias","url":"https:\/\/oficialnoticias.com\/","logo":{"@type":"ImageObject","inLanguage":"pt-BR","@id":"https:\/\/oficialnoticias.com\/#\/schema\/logo\/image\/","url":"https:\/\/oficialnoticias.com\/wp-content\/uploads\/2025\/08\/cropped-cropped-cropped-Logo-Noticias-e1753639739829.png","contentUrl":"https:\/\/oficialnoticias.com\/wp-content\/uploads\/2025\/08\/cropped-cropped-cropped-Logo-Noticias-e1753639739829.png","width":119,"height":86,"caption":"oficial noticias"},"image":{"@id":"https:\/\/oficialnoticias.com\/#\/schema\/logo\/image\/"}},{"@type":"Person","@id":"https:\/\/oficialnoticias.com\/#\/schema\/person\/2d1dcbb6bfbc28d68171b4dc04723d4a","name":"Luana Gon\u00e7alves","image":{"@type":"ImageObject","inLanguage":"pt-BR","@id":"https:\/\/secure.gravatar.com\/avatar\/7aa6afdef873224c1a0265951f3fdfc0679f65dfbd15f018612595d323c52521?s=96&d=mm&r=g","url":"https:\/\/secure.gravatar.com\/avatar\/7aa6afdef873224c1a0265951f3fdfc0679f65dfbd15f018612595d323c52521?s=96&d=mm&r=g","contentUrl":"https:\/\/secure.gravatar.com\/avatar\/7aa6afdef873224c1a0265951f3fdfc0679f65dfbd15f018612595d323c52521?s=96&d=mm&r=g","caption":"Luana Gon\u00e7alves"},"sameAs":["https:\/\/oficialnoticias.com\/"],"url":"https:\/\/oficialnoticias.com\/?author=2"}]}},"_links":{"self":[{"href":"https:\/\/oficialnoticias.com\/index.php?rest_route=\/wp\/v2\/posts\/27753","targetHints":{"allow":["GET"]}}],"collection":[{"href":"https:\/\/oficialnoticias.com\/index.php?rest_route=\/wp\/v2\/posts"}],"about":[{"href":"https:\/\/oficialnoticias.com\/index.php?rest_route=\/wp\/v2\/types\/post"}],"author":[{"embeddable":true,"href":"https:\/\/oficialnoticias.com\/index.php?rest_route=\/wp\/v2\/users\/2"}],"replies":[{"embeddable":true,"href":"https:\/\/oficialnoticias.com\/index.php?rest_route=%2Fwp%2Fv2%2Fcomments&post=27753"}],"version-history":[{"count":1,"href":"https:\/\/oficialnoticias.com\/index.php?rest_route=\/wp\/v2\/posts\/27753\/revisions"}],"predecessor-version":[{"id":27755,"href":"https:\/\/oficialnoticias.com\/index.php?rest_route=\/wp\/v2\/posts\/27753\/revisions\/27755"}],"wp:featuredmedia":[{"embeddable":true,"href":"https:\/\/oficialnoticias.com\/index.php?rest_route=\/wp\/v2\/media\/27754"}],"wp:attachment":[{"href":"https:\/\/oficialnoticias.com\/index.php?rest_route=%2Fwp%2Fv2%2Fmedia&parent=27753"}],"wp:term":[{"taxonomy":"category","embeddable":true,"href":"https:\/\/oficialnoticias.com\/index.php?rest_route=%2Fwp%2Fv2%2Fcategories&post=27753"},{"taxonomy":"post_tag","embeddable":true,"href":"https:\/\/oficialnoticias.com\/index.php?rest_route=%2Fwp%2Fv2%2Ftags&post=27753"}],"curies":[{"name":"wp","href":"https:\/\/api.w.org\/{rel}","templated":true}]}}